{"id":114513,"date":"2022-01-31T08:58:09","date_gmt":"2022-01-31T12:58:09","guid":{"rendered":"https:\/\/potenciaradiofonicadominicana.com\/portal\/?p=114513"},"modified":"2022-01-31T08:58:09","modified_gmt":"2022-01-31T12:58:09","slug":"grupo-puntacana-elogia-a-abinader-por-promover-el-pais-y-atraer-nuevas-inversiones","status":"publish","type":"post","link":"https:\/\/potenciaradiofonicadominicana.com\/portal\/grupo-puntacana-elogia-a-abinader-por-promover-el-pais-y-atraer-nuevas-inversiones\/","title":{"rendered":"Grupo Puntacana elogia a Abinader por promover el pa\u00eds y atraer nuevas inversiones"},"content":{"rendered":"<p><a href=\"https:\/\/potenciaradiofonicadominicana.com\/portal\/wp-content\/uploads\/2022\/01\/frank-el\u00edas-rainieri-presidente-grupo-puntacana-1280x853-8f3851f1-focus-0.14-0.12-895-573.jpg\"><img loading=\"lazy\" decoding=\"async\" class=\"alignnone size-full wp-image-114515\" src=\"https:\/\/potenciaradiofonicadominicana.com\/portal\/wp-content\/uploads\/2022\/01\/frank-el\u00edas-rainieri-presidente-grupo-puntacana-1280x853-8f3851f1-focus-0.14-0.12-895-573.jpg\" alt=\"\" width=\"895\" height=\"573\" srcset=\"https:\/\/potenciaradiofonicadominicana.com\/portal\/wp-content\/uploads\/2022\/01\/frank-el\u00edas-rainieri-presidente-grupo-puntacana-1280x853-8f3851f1-focus-0.14-0.12-895-573.jpg 895w, https:\/\/potenciaradiofonicadominicana.com\/portal\/wp-content\/uploads\/2022\/01\/frank-el\u00edas-rainieri-presidente-grupo-puntacana-1280x853-8f3851f1-focus-0.14-0.12-895-573-300x192.jpg 300w, https:\/\/potenciaradiofonicadominicana.com\/portal\/wp-content\/uploads\/2022\/01\/frank-el\u00edas-rainieri-presidente-grupo-puntacana-1280x853-8f3851f1-focus-0.14-0.12-895-573-768x492.jpg 768w\" sizes=\"auto, (max-width: 895px) 100vw, 895px\" \/><\/a><\/p>\n<p>El presidente del\u00a0Grupo Puntacana,\u00a0Frank El\u00edas Rainieri, afirm\u00f3 que la participaci\u00f3n de la Rep\u00fablica Dominicana en la Feria Internacional de\u00a0Turismo\u00a0de Madrid (Fitur 2022)\u00a0\u201cha sido una oportunidad \u00fanica\u201d\u00a0para promover el\u00a0turismo\u00a0y conectar a la gente con lo mejor del pa\u00eds.<\/p>\n<p>De acuerdo a una nota de prensa, dijo que esto \u00abha permitido mostrar al mundo, como pa\u00eds y destino tur\u00edstico, de d\u00f3nde venimos, la ruta de desarrollo que queremos seguir, lo que se ha logrado para superar la pandemia y el desarrollo futuro que queremos compartir con inversionistas y visitantes\u00bb.<\/p>\n<p>Destac\u00f3 la\u00a0presencia del presidente\u00a0Luis Abinader\u00a0y la activa gesti\u00f3n del ministro de\u00a0Turismo,\u00a0David Collado, en\u00a0Fitur 2022.<\/p>\n<p>\u00abNuestro presidente no hizo un paseo por la feria, lo que ocurre por primera vez en FITUR, dedic\u00f3 cuatro d\u00edas a atender en el stand dominicano a los empresarios tur\u00edsticos de Espa\u00f1a, Alemania, Francia y otros mercados de Europa, interesados en ampliar sus negocios e invertir\u00bb, manifest\u00f3.<\/p>\n<p>Adem\u00e1s, Rainieri resalt\u00f3 que el mandatario contact\u00f3 importantes grupos de empresarios tur\u00edsticos en diversos escenarios y explic\u00f3 la visi\u00f3n y compromiso de su Gobierno con el desarrollo del\u00a0turismo\u00a0y la acogida y seguridad que ofrece a la inversi\u00f3n privada extranjera.<\/p>\n<div id=\"detalle-parrafo\"><\/div>\n<p>Tambi\u00e9n dijo que comparte la afirmaci\u00f3n de Abinader de que lo mejor del\u00a0turismo\u00a0en el pa\u00eds est\u00e1 por venir, \u201cpor los logros obtenidos en 2021 en la recuperaci\u00f3n del\u00a0turismo, la respuesta y reconocimiento mundial y el s\u00f3lido compromiso del Gobierno con la consolidaci\u00f3n y expansi\u00f3n de nuestra industria\u201d.<\/p>\n<p>Rainieri expres\u00f3 que muchas de las acciones realizadas en Madrid refuerzan el\u00a0turismo\u00a0dominicano y cit\u00f3 como ejemplo el lanzamiento de la primera gu\u00eda de inversi\u00f3n tur\u00edstica de la Organizaci\u00f3n Mundial del\u00a0Turismo\u00a0(OMT) dedicada al pa\u00eds, el reconocimiento de este organismo mundial al presidente Abinader y el ministro\u00a0David Collado\u00a0por sus logros en la recuperaci\u00f3n del\u00a0turismo\u00a0en la pandemia, los importantes acuerdos firmados con aerol\u00edneas y turoperadores, y los compromisos de nuevas inversiones de empresas europeas y dominicanas.<\/p>\n<p>Adem\u00e1s de\u00a0Frank El\u00edas Rainieri, estuvieron presentes en Fitur altos ejecutivos del\u00a0Grupo Puntacana, entre ellos Paola Rainieri, Chief Marketing Officer; Francesca Rainieri, Chief Financial Officer; Frank Rainieri, Chairman of the Board; Hayd\u00e9e Rainieri, miembro del Consejo; Carmen Rosa Aquino de Torres, directora de Hospitalidad de Puntacana Resort &amp; Club, entre otras personalidades.<\/p>\n","protected":false},"excerpt":{"rendered":"<p>El presidente del\u00a0Grupo Puntacana,\u00a0Frank El\u00edas Rainieri, afirm\u00f3 que la participaci\u00f3n de la Rep\u00fablica Dominicana en la Feria Internacional de\u00a0Turismo\u00a0de Madrid &#8230;<\/p>\n","protected":false},"author":2,"featured_media":114515,"comment_status":"open","ping_status":"open","sticky":false,"template":"","format":"standard","meta":{"footnotes":""},"categories":[26],"tags":[],"class_list":["post-114513","post","type-post","status-publish","format-standard","has-post-thumbnail","hentry","category-economia"],"yoast_head":"<!-- This site is optimized with the Yoast SEO plugin v24.8.1 - https:\/\/yoast.com\/wordpress\/plugins\/seo\/ -->\n<title>Grupo Puntacana elogia a Abinader por promover el pa\u00eds y atraer nuevas inversiones - PotenciaRadiofonicaDominicana.com<\/title>\n<meta name=\"robots\" content=\"index, follow, max-snippet:-1, max-image-preview:large, max-video-preview:-1\" \/>\n<link rel=\"canonical\" href=\"https:\/\/potenciaradiofonicadominicana.com\/portal\/grupo-puntacana-elogia-a-abinader-por-promover-el-pais-y-atraer-nuevas-inversiones\/\" \/>\n<meta property=\"og:locale\" content=\"es_ES\" \/>\n<meta property=\"og:type\" content=\"article\" \/>\n<meta property=\"og:title\" content=\"Grupo Puntacana elogia a Abinader por promover el pa\u00eds y atraer nuevas inversiones - PotenciaRadiofonicaDominicana.com\" \/>\n<meta property=\"og:description\" content=\"El presidente del\u00a0Grupo Puntacana,\u00a0Frank El\u00edas Rainieri, afirm\u00f3 que la participaci\u00f3n de la Rep\u00fablica Dominicana en la Feria Internacional de\u00a0Turismo\u00a0de Madrid ...\" \/>\n<meta property=\"og:url\" content=\"https:\/\/potenciaradiofonicadominicana.com\/portal\/grupo-puntacana-elogia-a-abinader-por-promover-el-pais-y-atraer-nuevas-inversiones\/\" \/>\n<meta property=\"og:site_name\" content=\"PotenciaRadiofonicaDominicana.com\" \/>\n<meta property=\"article:publisher\" content=\"https:\/\/web.facebook.com\/PotenciaRadiofonicaD\" \/>\n<meta property=\"article:published_time\" content=\"2022-01-31T12:58:09+00:00\" \/>\n<meta property=\"og:image\" content=\"https:\/\/potenciaradiofonicadominicana.com\/portal\/wp-content\/uploads\/2022\/01\/frank-el\u00edas-rainieri-presidente-grupo-puntacana-1280x853-8f3851f1-focus-0.14-0.12-895-573.jpg\" \/>\n\t<meta property=\"og:image:width\" content=\"895\" \/>\n\t<meta property=\"og:image:height\" content=\"573\" \/>\n\t<meta property=\"og:image:type\" content=\"image\/jpeg\" \/>\n<meta name=\"author\" content=\"Potencia Radiof\u00f3nica Dominicana\" \/>\n<meta name=\"twitter:card\" content=\"summary_large_image\" \/>\n<meta name=\"twitter:label1\" content=\"Escrito por\" \/>\n\t<meta name=\"twitter:data1\" content=\"Potencia Radiof\u00f3nica Dominicana\" \/>\n\t<meta name=\"twitter:label2\" content=\"Tiempo de lectura\" \/>\n\t<meta name=\"twitter:data2\" content=\"2 minutos\" \/>\n<script type=\"application\/ld+json\" class=\"yoast-schema-graph\">{\"@context\":\"https:\/\/schema.org\",\"@graph\":[{\"@type\":\"Article\",\"@id\":\"https:\/\/potenciaradiofonicadominicana.com\/portal\/grupo-puntacana-elogia-a-abinader-por-promover-el-pais-y-atraer-nuevas-inversiones\/#article\",\"isPartOf\":{\"@id\":\"https:\/\/potenciaradiofonicadominicana.com\/portal\/grupo-puntacana-elogia-a-abinader-por-promover-el-pais-y-atraer-nuevas-inversiones\/\"},\"author\":{\"name\":\"Potencia Radiof\u00f3nica Dominicana\",\"@id\":\"https:\/\/potenciaradiofonicadominicana.com\/portal\/#\/schema\/person\/a5cf1fea13877803ee0573ac18b03490\"},\"headline\":\"Grupo Puntacana elogia a Abinader por promover el pa\u00eds y atraer nuevas inversiones\",\"datePublished\":\"2022-01-31T12:58:09+00:00\",\"mainEntityOfPage\":{\"@id\":\"https:\/\/potenciaradiofonicadominicana.com\/portal\/grupo-puntacana-elogia-a-abinader-por-promover-el-pais-y-atraer-nuevas-inversiones\/\"},\"wordCount\":430,\"commentCount\":0,\"publisher\":{\"@id\":\"https:\/\/potenciaradiofonicadominicana.com\/portal\/#organization\"},\"image\":{\"@id\":\"https:\/\/potenciaradiofonicadominicana.com\/portal\/grupo-puntacana-elogia-a-abinader-por-promover-el-pais-y-atraer-nuevas-inversiones\/#primaryimage\"},\"thumbnailUrl\":\"https:\/\/potenciaradiofonicadominicana.com\/portal\/wp-content\/uploads\/2022\/01\/frank-el\u00edas-rainieri-presidente-grupo-puntacana-1280x853-8f3851f1-focus-0.14-0.12-895-573.jpg\",\"articleSection\":[\"Econom\u00eda\"],\"inLanguage\":\"es\",\"potentialAction\":[{\"@type\":\"CommentAction\",\"name\":\"Comment\",\"target\":[\"https:\/\/potenciaradiofonicadominicana.com\/portal\/grupo-puntacana-elogia-a-abinader-por-promover-el-pais-y-atraer-nuevas-inversiones\/#respond\"]}]},{\"@type\":\"WebPage\",\"@id\":\"https:\/\/potenciaradiofonicadominicana.com\/portal\/grupo-puntacana-elogia-a-abinader-por-promover-el-pais-y-atraer-nuevas-inversiones\/\",\"url\":\"https:\/\/potenciaradiofonicadominicana.com\/portal\/grupo-puntacana-elogia-a-abinader-por-promover-el-pais-y-atraer-nuevas-inversiones\/\",\"name\":\"Grupo Puntacana elogia a Abinader por promover el pa\u00eds y atraer nuevas inversiones - PotenciaRadiofonicaDominicana.com\",\"isPartOf\":{\"@id\":\"https:\/\/potenciaradiofonicadominicana.com\/portal\/#website\"},\"primaryImageOfPage\":{\"@id\":\"https:\/\/potenciaradiofonicadominicana.com\/portal\/grupo-puntacana-elogia-a-abinader-por-promover-el-pais-y-atraer-nuevas-inversiones\/#primaryimage\"},\"image\":{\"@id\":\"https:\/\/potenciaradiofonicadominicana.com\/portal\/grupo-puntacana-elogia-a-abinader-por-promover-el-pais-y-atraer-nuevas-inversiones\/#primaryimage\"},\"thumbnailUrl\":\"https:\/\/potenciaradiofonicadominicana.com\/portal\/wp-content\/uploads\/2022\/01\/frank-el\u00edas-rainieri-presidente-grupo-puntacana-1280x853-8f3851f1-focus-0.14-0.12-895-573.jpg\",\"datePublished\":\"2022-01-31T12:58:09+00:00\",\"breadcrumb\":{\"@id\":\"https:\/\/potenciaradiofonicadominicana.com\/portal\/grupo-puntacana-elogia-a-abinader-por-promover-el-pais-y-atraer-nuevas-inversiones\/#breadcrumb\"},\"inLanguage\":\"es\",\"potentialAction\":[{\"@type\":\"ReadAction\",\"target\":[\"https:\/\/potenciaradiofonicadominicana.com\/portal\/grupo-puntacana-elogia-a-abinader-por-promover-el-pais-y-atraer-nuevas-inversiones\/\"]}]},{\"@type\":\"ImageObject\",\"inLanguage\":\"es\",\"@id\":\"https:\/\/potenciaradiofonicadominicana.com\/portal\/grupo-puntacana-elogia-a-abinader-por-promover-el-pais-y-atraer-nuevas-inversiones\/#primaryimage\",\"url\":\"https:\/\/potenciaradiofonicadominicana.com\/portal\/wp-content\/uploads\/2022\/01\/frank-el\u00edas-rainieri-presidente-grupo-puntacana-1280x853-8f3851f1-focus-0.14-0.12-895-573.jpg\",\"contentUrl\":\"https:\/\/potenciaradiofonicadominicana.com\/portal\/wp-content\/uploads\/2022\/01\/frank-el\u00edas-rainieri-presidente-grupo-puntacana-1280x853-8f3851f1-focus-0.14-0.12-895-573.jpg\",\"width\":895,\"height\":573},{\"@type\":\"BreadcrumbList\",\"@id\":\"https:\/\/potenciaradiofonicadominicana.com\/portal\/grupo-puntacana-elogia-a-abinader-por-promover-el-pais-y-atraer-nuevas-inversiones\/#breadcrumb\",\"itemListElement\":[{\"@type\":\"ListItem\",\"position\":1,\"name\":\"Portada\",\"item\":\"https:\/\/potenciaradiofonicadominicana.com\/portal\/\"},{\"@type\":\"ListItem\",\"position\":2,\"name\":\"Grupo Puntacana elogia a Abinader por promover el pa\u00eds y atraer nuevas inversiones\"}]},{\"@type\":\"WebSite\",\"@id\":\"https:\/\/potenciaradiofonicadominicana.com\/portal\/#website\",\"url\":\"https:\/\/potenciaradiofonicadominicana.com\/portal\/\",\"name\":\"PotenciaRadiofonicaDominicana.com\",\"description\":\"Peri\u00f3dico Digital\",\"publisher\":{\"@id\":\"https:\/\/potenciaradiofonicadominicana.com\/portal\/#organization\"},\"potentialAction\":[{\"@type\":\"SearchAction\",\"target\":{\"@type\":\"EntryPoint\",\"urlTemplate\":\"https:\/\/potenciaradiofonicadominicana.com\/portal\/?s={search_term_string}\"},\"query-input\":{\"@type\":\"PropertyValueSpecification\",\"valueRequired\":true,\"valueName\":\"search_term_string\"}}],\"inLanguage\":\"es\"},{\"@type\":\"Organization\",\"@id\":\"https:\/\/potenciaradiofonicadominicana.com\/portal\/#organization\",\"name\":\"PotenciaRadiofonicaDominicana.com\",\"url\":\"https:\/\/potenciaradiofonicadominicana.com\/portal\/\",\"logo\":{\"@type\":\"ImageObject\",\"inLanguage\":\"es\",\"@id\":\"https:\/\/potenciaradiofonicadominicana.com\/portal\/#\/schema\/logo\/image\/\",\"url\":\"https:\/\/potenciaradiofonicadominicana.com\/portal\/wp-content\/uploads\/2022\/01\/descarga.png\",\"contentUrl\":\"https:\/\/potenciaradiofonicadominicana.com\/portal\/wp-content\/uploads\/2022\/01\/descarga.png\",\"width\":300,\"height\":100,\"caption\":\"PotenciaRadiofonicaDominicana.com\"},\"image\":{\"@id\":\"https:\/\/potenciaradiofonicadominicana.com\/portal\/#\/schema\/logo\/image\/\"},\"sameAs\":[\"https:\/\/web.facebook.com\/PotenciaRadiofonicaD\"]},{\"@type\":\"Person\",\"@id\":\"https:\/\/potenciaradiofonicadominicana.com\/portal\/#\/schema\/person\/a5cf1fea13877803ee0573ac18b03490\",\"name\":\"Potencia Radiof\u00f3nica Dominicana\",\"image\":{\"@type\":\"ImageObject\",\"inLanguage\":\"es\",\"@id\":\"https:\/\/potenciaradiofonicadominicana.com\/portal\/#\/schema\/person\/image\/\",\"url\":\"https:\/\/secure.gravatar.com\/avatar\/42a55ab9e8ccc656ba34cd791990602a?s=96&d=mm&r=g\",\"contentUrl\":\"https:\/\/secure.gravatar.com\/avatar\/42a55ab9e8ccc656ba34cd791990602a?s=96&d=mm&r=g\",\"caption\":\"Potencia Radiof\u00f3nica Dominicana\"},\"url\":\"https:\/\/potenciaradiofonicadominicana.com\/portal\/author\/johannyalmanzar\/\"}]}<\/script>\n<!-- \/ Yoast SEO plugin. -->","yoast_head_json":{"title":"Grupo Puntacana elogia a Abinader por promover el pa\u00eds y atraer nuevas inversiones - PotenciaRadiofonicaDominicana.com","robots":{"index":"index","follow":"follow","max-snippet":"max-snippet:-1","max-image-preview":"max-image-preview:large","max-video-preview":"max-video-preview:-1"},"canonical":"https:\/\/potenciaradiofonicadominicana.com\/portal\/grupo-puntacana-elogia-a-abinader-por-promover-el-pais-y-atraer-nuevas-inversiones\/","og_locale":"es_ES","og_type":"article","og_title":"Grupo Puntacana elogia a Abinader por promover el pa\u00eds y atraer nuevas inversiones - PotenciaRadiofonicaDominicana.com","og_description":"El presidente del\u00a0Grupo Puntacana,\u00a0Frank El\u00edas Rainieri, afirm\u00f3 que la participaci\u00f3n de la Rep\u00fablica Dominicana en la Feria Internacional de\u00a0Turismo\u00a0de Madrid ...","og_url":"https:\/\/potenciaradiofonicadominicana.com\/portal\/grupo-puntacana-elogia-a-abinader-por-promover-el-pais-y-atraer-nuevas-inversiones\/","og_site_name":"PotenciaRadiofonicaDominicana.com","article_publisher":"https:\/\/web.facebook.com\/PotenciaRadiofonicaD","article_published_time":"2022-01-31T12:58:09+00:00","og_image":[{"width":895,"height":573,"url":"https:\/\/potenciaradiofonicadominicana.com\/portal\/wp-content\/uploads\/2022\/01\/frank-el\u00edas-rainieri-presidente-grupo-puntacana-1280x853-8f3851f1-focus-0.14-0.12-895-573.jpg","type":"image\/jpeg"}],"author":"Potencia Radiof\u00f3nica Dominicana","twitter_card":"summary_large_image","twitter_misc":{"Escrito por":"Potencia Radiof\u00f3nica Dominicana","Tiempo de lectura":"2 minutos"},"schema":{"@context":"https:\/\/schema.org","@graph":[{"@type":"Article","@id":"https:\/\/potenciaradiofonicadominicana.com\/portal\/grupo-puntacana-elogia-a-abinader-por-promover-el-pais-y-atraer-nuevas-inversiones\/#article","isPartOf":{"@id":"https:\/\/potenciaradiofonicadominicana.com\/portal\/grupo-puntacana-elogia-a-abinader-por-promover-el-pais-y-atraer-nuevas-inversiones\/"},"author":{"name":"Potencia Radiof\u00f3nica Dominicana","@id":"https:\/\/potenciaradiofonicadominicana.com\/portal\/#\/schema\/person\/a5cf1fea13877803ee0573ac18b03490"},"headline":"Grupo Puntacana elogia a Abinader por promover el pa\u00eds y atraer nuevas inversiones","datePublished":"2022-01-31T12:58:09+00:00","mainEntityOfPage":{"@id":"https:\/\/potenciaradiofonicadominicana.com\/portal\/grupo-puntacana-elogia-a-abinader-por-promover-el-pais-y-atraer-nuevas-inversiones\/"},"wordCount":430,"commentCount":0,"publisher":{"@id":"https:\/\/potenciaradiofonicadominicana.com\/portal\/#organization"},"image":{"@id":"https:\/\/potenciaradiofonicadominicana.com\/portal\/grupo-puntacana-elogia-a-abinader-por-promover-el-pais-y-atraer-nuevas-inversiones\/#primaryimage"},"thumbnailUrl":"https:\/\/potenciaradiofonicadominicana.com\/portal\/wp-content\/uploads\/2022\/01\/frank-el\u00edas-rainieri-presidente-grupo-puntacana-1280x853-8f3851f1-focus-0.14-0.12-895-573.jpg","articleSection":["Econom\u00eda"],"inLanguage":"es","potentialAction":[{"@type":"CommentAction","name":"Comment","target":["https:\/\/potenciaradiofonicadominicana.com\/portal\/grupo-puntacana-elogia-a-abinader-por-promover-el-pais-y-atraer-nuevas-inversiones\/#respond"]}]},{"@type":"WebPage","@id":"https:\/\/potenciaradiofonicadominicana.com\/portal\/grupo-puntacana-elogia-a-abinader-por-promover-el-pais-y-atraer-nuevas-inversiones\/","url":"https:\/\/potenciaradiofonicadominicana.com\/portal\/grupo-puntacana-elogia-a-abinader-por-promover-el-pais-y-atraer-nuevas-inversiones\/","name":"Grupo Puntacana elogia a Abinader por promover el pa\u00eds y atraer nuevas inversiones - PotenciaRadiofonicaDominicana.com","isPartOf":{"@id":"https:\/\/potenciaradiofonicadominicana.com\/portal\/#website"},"primaryImageOfPage":{"@id":"https:\/\/potenciaradiofonicadominicana.com\/portal\/grupo-puntacana-elogia-a-abinader-por-promover-el-pais-y-atraer-nuevas-inversiones\/#primaryimage"},"image":{"@id":"https:\/\/potenciaradiofonicadominicana.com\/portal\/grupo-puntacana-elogia-a-abinader-por-promover-el-pais-y-atraer-nuevas-inversiones\/#primaryimage"},"thumbnailUrl":"https:\/\/potenciaradiofonicadominicana.com\/portal\/wp-content\/uploads\/2022\/01\/frank-el\u00edas-rainieri-presidente-grupo-puntacana-1280x853-8f3851f1-focus-0.14-0.12-895-573.jpg","datePublished":"2022-01-31T12:58:09+00:00","breadcrumb":{"@id":"https:\/\/potenciaradiofonicadominicana.com\/portal\/grupo-puntacana-elogia-a-abinader-por-promover-el-pais-y-atraer-nuevas-inversiones\/#breadcrumb"},"inLanguage":"es","potentialAction":[{"@type":"ReadAction","target":["https:\/\/potenciaradiofonicadominicana.com\/portal\/grupo-puntacana-elogia-a-abinader-por-promover-el-pais-y-atraer-nuevas-inversiones\/"]}]},{"@type":"ImageObject","inLanguage":"es","@id":"https:\/\/potenciaradiofonicadominicana.com\/portal\/grupo-puntacana-elogia-a-abinader-por-promover-el-pais-y-atraer-nuevas-inversiones\/#primaryimage","url":"https:\/\/potenciaradiofonicadominicana.com\/portal\/wp-content\/uploads\/2022\/01\/frank-el\u00edas-rainieri-presidente-grupo-puntacana-1280x853-8f3851f1-focus-0.14-0.12-895-573.jpg","contentUrl":"https:\/\/potenciaradiofonicadominicana.com\/portal\/wp-content\/uploads\/2022\/01\/frank-el\u00edas-rainieri-presidente-grupo-puntacana-1280x853-8f3851f1-focus-0.14-0.12-895-573.jpg","width":895,"height":573},{"@type":"BreadcrumbList","@id":"https:\/\/potenciaradiofonicadominicana.com\/portal\/grupo-puntacana-elogia-a-abinader-por-promover-el-pais-y-atraer-nuevas-inversiones\/#breadcrumb","itemListElement":[{"@type":"ListItem","position":1,"name":"Portada","item":"https:\/\/potenciaradiofonicadominicana.com\/portal\/"},{"@type":"ListItem","position":2,"name":"Grupo Puntacana elogia a Abinader por promover el pa\u00eds y atraer nuevas inversiones"}]},{"@type":"WebSite","@id":"https:\/\/potenciaradiofonicadominicana.com\/portal\/#website","url":"https:\/\/potenciaradiofonicadominicana.com\/portal\/","name":"PotenciaRadiofonicaDominicana.com","description":"Peri\u00f3dico Digital","publisher":{"@id":"https:\/\/potenciaradiofonicadominicana.com\/portal\/#organization"},"potentialAction":[{"@type":"SearchAction","target":{"@type":"EntryPoint","urlTemplate":"https:\/\/potenciaradiofonicadominicana.com\/portal\/?s={search_term_string}"},"query-input":{"@type":"PropertyValueSpecification","valueRequired":true,"valueName":"search_term_string"}}],"inLanguage":"es"},{"@type":"Organization","@id":"https:\/\/potenciaradiofonicadominicana.com\/portal\/#organization","name":"PotenciaRadiofonicaDominicana.com","url":"https:\/\/potenciaradiofonicadominicana.com\/portal\/","logo":{"@type":"ImageObject","inLanguage":"es","@id":"https:\/\/potenciaradiofonicadominicana.com\/portal\/#\/schema\/logo\/image\/","url":"https:\/\/potenciaradiofonicadominicana.com\/portal\/wp-content\/uploads\/2022\/01\/descarga.png","contentUrl":"https:\/\/potenciaradiofonicadominicana.com\/portal\/wp-content\/uploads\/2022\/01\/descarga.png","width":300,"height":100,"caption":"PotenciaRadiofonicaDominicana.com"},"image":{"@id":"https:\/\/potenciaradiofonicadominicana.com\/portal\/#\/schema\/logo\/image\/"},"sameAs":["https:\/\/web.facebook.com\/PotenciaRadiofonicaD"]},{"@type":"Person","@id":"https:\/\/potenciaradiofonicadominicana.com\/portal\/#\/schema\/person\/a5cf1fea13877803ee0573ac18b03490","name":"Potencia Radiof\u00f3nica Dominicana","image":{"@type":"ImageObject","inLanguage":"es","@id":"https:\/\/potenciaradiofonicadominicana.com\/portal\/#\/schema\/person\/image\/","url":"https:\/\/secure.gravatar.com\/avatar\/42a55ab9e8ccc656ba34cd791990602a?s=96&d=mm&r=g","contentUrl":"https:\/\/secure.gravatar.com\/avatar\/42a55ab9e8ccc656ba34cd791990602a?s=96&d=mm&r=g","caption":"Potencia Radiof\u00f3nica Dominicana"},"url":"https:\/\/potenciaradiofonicadominicana.com\/portal\/author\/johannyalmanzar\/"}]}},"_links":{"self":[{"href":"https:\/\/potenciaradiofonicadominicana.com\/portal\/wp-json\/wp\/v2\/posts\/114513","targetHints":{"allow":["GET"]}}],"collection":[{"href":"https:\/\/potenciaradiofonicadominicana.com\/portal\/wp-json\/wp\/v2\/posts"}],"about":[{"href":"https:\/\/potenciaradiofonicadominicana.com\/portal\/wp-json\/wp\/v2\/types\/post"}],"author":[{"embeddable":true,"href":"https:\/\/potenciaradiofonicadominicana.com\/portal\/wp-json\/wp\/v2\/users\/2"}],"replies":[{"embeddable":true,"href":"https:\/\/potenciaradiofonicadominicana.com\/portal\/wp-json\/wp\/v2\/comments?post=114513"}],"version-history":[{"count":1,"href":"https:\/\/potenciaradiofonicadominicana.com\/portal\/wp-json\/wp\/v2\/posts\/114513\/revisions"}],"predecessor-version":[{"id":114516,"href":"https:\/\/potenciaradiofonicadominicana.com\/portal\/wp-json\/wp\/v2\/posts\/114513\/revisions\/114516"}],"wp:featuredmedia":[{"embeddable":true,"href":"https:\/\/potenciaradiofonicadominicana.com\/portal\/wp-json\/wp\/v2\/media\/114515"}],"wp:attachment":[{"href":"https:\/\/potenciaradiofonicadominicana.com\/portal\/wp-json\/wp\/v2\/media?parent=114513"}],"wp:term":[{"taxonomy":"category","embeddable":true,"href":"https:\/\/potenciaradiofonicadominicana.com\/portal\/wp-json\/wp\/v2\/categories?post=114513"},{"taxonomy":"post_tag","embeddable":true,"href":"https:\/\/potenciaradiofonicadominicana.com\/portal\/wp-json\/wp\/v2\/tags?post=114513"}],"curies":[{"name":"wp","href":"https:\/\/api.w.org\/{rel}","templated":true}]}}