{"id":114509,"date":"2022-01-31T08:56:17","date_gmt":"2022-01-31T12:56:17","guid":{"rendered":"https:\/\/potenciaradiofonicadominicana.com\/portal\/?p=114509"},"modified":"2022-01-31T08:56:17","modified_gmt":"2022-01-31T12:56:17","slug":"indotel-adopta-agenda-regulatoria-para-el-2022","status":"publish","type":"post","link":"https:\/\/potenciaradiofonicadominicana.com\/portal\/indotel-adopta-agenda-regulatoria-para-el-2022\/","title":{"rendered":"Indotel adopta agenda regulatoria para el 2022"},"content":{"rendered":"<p><a href=\"https:\/\/potenciaradiofonicadominicana.com\/portal\/wp-content\/uploads\/2022\/01\/fachada-indotel-8a1f67fb-focus-min0.08-min0.4-895-573.jpg\"><img loading=\"lazy\" decoding=\"async\" class=\"alignnone size-full wp-image-114510\" src=\"https:\/\/potenciaradiofonicadominicana.com\/portal\/wp-content\/uploads\/2022\/01\/fachada-indotel-8a1f67fb-focus-min0.08-min0.4-895-573.jpg\" alt=\"\" width=\"750\" height=\"422\" srcset=\"https:\/\/potenciaradiofonicadominicana.com\/portal\/wp-content\/uploads\/2022\/01\/fachada-indotel-8a1f67fb-focus-min0.08-min0.4-895-573.jpg 750w, https:\/\/potenciaradiofonicadominicana.com\/portal\/wp-content\/uploads\/2022\/01\/fachada-indotel-8a1f67fb-focus-min0.08-min0.4-895-573-300x169.jpg 300w\" sizes=\"auto, (max-width: 750px) 100vw, 750px\" \/><\/a><\/p>\n<p>El Consejo Directivo del Instituto Dominicano de las Telecomunicaciones (Indotel) aprob\u00f3 su agenda regulatoria para 2022, dejando incorporados 12 proyectos para posibles regulaciones.<\/p>\n<p>Dentro de estos se encuentran: la Norma sobre itinerancia (<em>roaming<\/em>) nacional, modificaciones a los reglamentos del servicio de televisi\u00f3n por cable, para la celebraci\u00f3n de audiencias, de reventa de servicios, del procedimiento sancionador administrativo y de autorizaciones. Asimismo, se contempla la actualizaci\u00f3n del Plan Nacional de Atribuci\u00f3n de Frecuencias y la\u00a0regulaci\u00f3n\u00a0sobre topes de tenencia de espectro.<\/p>\n<p>Igualmente, se acogi\u00f3 incluir la revisi\u00f3n de la norma de calidad de los servicios de telefon\u00eda e internet, la norma sobre activaci\u00f3n y contrataci\u00f3n de servicios, as\u00ed como los procesos de compensaci\u00f3n a\u00a0usuarios\u00a0en casos de aver\u00edas.<\/p>\n<p>Finalmente,\u00a0Indotel, junto con la Uni\u00f3n Internacional de Telecomunicaciones (UIT), evaluar\u00e1 implementar la estrategia de un programa de innovaci\u00f3n regulatoria como forma de identificar mejores pr\u00e1cticas que puedan dinamizar al sector.<\/p>\n<p>El \u00f3rgano regulador hab\u00eda puesto en consulta su propuesta de agenda regulatoria en diciembre de 2021 y recibi\u00f3 observaciones por parte de la\u00a0Asociaci\u00f3n Dominicana de Radiodifusoras\u00a0(Adora), Altice Dominicana, la Asociaci\u00f3n Dominicana de Proveedores de Internet (Asodopi), la Compa\u00f1\u00eda Dominicana de Tel\u00e9fonos (Claro) y la Asociaci\u00f3n de Empresas de Comunicaci\u00f3n y Tecnolog\u00eda, Inc. (Comtec).<\/p>\n<p>Por otro lado, el Consejo Directivo posterg\u00f3 por 60 d\u00edas calendario la entrada en vigencia de la resoluci\u00f3n 102-2020, que aprueba las modificaciones del \u201cReglamento general de servicio telef\u00f3nico, la norma de calidad del servicio de telefon\u00eda y acceso a internet y el reglamento sobre los derechos y obligaciones de los\u00a0usuarios\u00a0y prestadoras de servicios p\u00fablicos de telecomunicaciones\u201d.<\/p>\n<p>La medida que aplaza la entrada en vigor la citada resoluci\u00f3n fue aprobada el pasado 27 de enero mediante la resoluci\u00f3n 21-2022 que emiti\u00f3 el consejo en ejercicio de sus facultades legales y reglamentarias.<\/p>\n<p>El documento se\u00f1ala que el plazo otorgado por esta resoluci\u00f3n podr\u00e1 ser revisado por el Consejo Directivo en cuanto conozca de los recursos de reconsideraci\u00f3n que se encuentra apoderado contra la resoluci\u00f3n 102-2020.<\/p>\n<p>Orden\u00f3, asimismo, notificar mediante una copia certificada de esta resoluci\u00f3n a Comtec, y a las concesionarias Claro, Altice y Trilogy Dominicana.<\/p>\n","protected":false},"excerpt":{"rendered":"<p>El Consejo Directivo del Instituto Dominicano de las Telecomunicaciones (Indotel) aprob\u00f3 su agenda regulatoria para 2022, dejando incorporados 12 proyectos &#8230;<\/p>\n","protected":false},"author":2,"featured_media":114510,"comment_status":"open","ping_status":"open","sticky":false,"template":"","format":"standard","meta":{"footnotes":""},"categories":[26],"tags":[],"class_list":["post-114509","post","type-post","status-publish","format-standard","has-post-thumbnail","hentry","category-economia"],"yoast_head":"<!-- This site is optimized with the Yoast SEO plugin v24.8.1 - https:\/\/yoast.com\/wordpress\/plugins\/seo\/ -->\n<title>Indotel adopta agenda regulatoria para el 2022 - PotenciaRadiofonicaDominicana.com<\/title>\n<meta name=\"robots\" content=\"index, follow, max-snippet:-1, max-image-preview:large, max-video-preview:-1\" \/>\n<link rel=\"canonical\" href=\"https:\/\/potenciaradiofonicadominicana.com\/portal\/indotel-adopta-agenda-regulatoria-para-el-2022\/\" \/>\n<meta property=\"og:locale\" content=\"es_ES\" \/>\n<meta property=\"og:type\" content=\"article\" \/>\n<meta property=\"og:title\" content=\"Indotel adopta agenda regulatoria para el 2022 - PotenciaRadiofonicaDominicana.com\" \/>\n<meta property=\"og:description\" content=\"El Consejo Directivo del Instituto Dominicano de las Telecomunicaciones (Indotel) aprob\u00f3 su agenda regulatoria para 2022, dejando incorporados 12 proyectos ...\" \/>\n<meta property=\"og:url\" content=\"https:\/\/potenciaradiofonicadominicana.com\/portal\/indotel-adopta-agenda-regulatoria-para-el-2022\/\" \/>\n<meta property=\"og:site_name\" content=\"PotenciaRadiofonicaDominicana.com\" \/>\n<meta property=\"article:publisher\" content=\"https:\/\/web.facebook.com\/PotenciaRadiofonicaD\" \/>\n<meta property=\"article:published_time\" content=\"2022-01-31T12:56:17+00:00\" \/>\n<meta property=\"og:image\" content=\"https:\/\/potenciaradiofonicadominicana.com\/portal\/wp-content\/uploads\/2022\/01\/fachada-indotel-8a1f67fb-focus-min0.08-min0.4-895-573.jpg\" \/>\n\t<meta property=\"og:image:width\" content=\"750\" \/>\n\t<meta property=\"og:image:height\" content=\"422\" \/>\n\t<meta property=\"og:image:type\" content=\"image\/jpeg\" \/>\n<meta name=\"author\" content=\"Potencia Radiof\u00f3nica Dominicana\" \/>\n<meta name=\"twitter:card\" content=\"summary_large_image\" \/>\n<meta name=\"twitter:label1\" content=\"Escrito por\" \/>\n\t<meta name=\"twitter:data1\" content=\"Potencia Radiof\u00f3nica Dominicana\" \/>\n\t<meta name=\"twitter:label2\" content=\"Tiempo de lectura\" \/>\n\t<meta name=\"twitter:data2\" content=\"2 minutos\" \/>\n<script type=\"application\/ld+json\" class=\"yoast-schema-graph\">{\"@context\":\"https:\/\/schema.org\",\"@graph\":[{\"@type\":\"Article\",\"@id\":\"https:\/\/potenciaradiofonicadominicana.com\/portal\/indotel-adopta-agenda-regulatoria-para-el-2022\/#article\",\"isPartOf\":{\"@id\":\"https:\/\/potenciaradiofonicadominicana.com\/portal\/indotel-adopta-agenda-regulatoria-para-el-2022\/\"},\"author\":{\"name\":\"Potencia Radiof\u00f3nica Dominicana\",\"@id\":\"https:\/\/potenciaradiofonicadominicana.com\/portal\/#\/schema\/person\/a5cf1fea13877803ee0573ac18b03490\"},\"headline\":\"Indotel adopta agenda regulatoria para el 2022\",\"datePublished\":\"2022-01-31T12:56:17+00:00\",\"mainEntityOfPage\":{\"@id\":\"https:\/\/potenciaradiofonicadominicana.com\/portal\/indotel-adopta-agenda-regulatoria-para-el-2022\/\"},\"wordCount\":387,\"commentCount\":0,\"publisher\":{\"@id\":\"https:\/\/potenciaradiofonicadominicana.com\/portal\/#organization\"},\"image\":{\"@id\":\"https:\/\/potenciaradiofonicadominicana.com\/portal\/indotel-adopta-agenda-regulatoria-para-el-2022\/#primaryimage\"},\"thumbnailUrl\":\"https:\/\/potenciaradiofonicadominicana.com\/portal\/wp-content\/uploads\/2022\/01\/fachada-indotel-8a1f67fb-focus-min0.08-min0.4-895-573.jpg\",\"articleSection\":[\"Econom\u00eda\"],\"inLanguage\":\"es\",\"potentialAction\":[{\"@type\":\"CommentAction\",\"name\":\"Comment\",\"target\":[\"https:\/\/potenciaradiofonicadominicana.com\/portal\/indotel-adopta-agenda-regulatoria-para-el-2022\/#respond\"]}]},{\"@type\":\"WebPage\",\"@id\":\"https:\/\/potenciaradiofonicadominicana.com\/portal\/indotel-adopta-agenda-regulatoria-para-el-2022\/\",\"url\":\"https:\/\/potenciaradiofonicadominicana.com\/portal\/indotel-adopta-agenda-regulatoria-para-el-2022\/\",\"name\":\"Indotel adopta agenda regulatoria para el 2022 - PotenciaRadiofonicaDominicana.com\",\"isPartOf\":{\"@id\":\"https:\/\/potenciaradiofonicadominicana.com\/portal\/#website\"},\"primaryImageOfPage\":{\"@id\":\"https:\/\/potenciaradiofonicadominicana.com\/portal\/indotel-adopta-agenda-regulatoria-para-el-2022\/#primaryimage\"},\"image\":{\"@id\":\"https:\/\/potenciaradiofonicadominicana.com\/portal\/indotel-adopta-agenda-regulatoria-para-el-2022\/#primaryimage\"},\"thumbnailUrl\":\"https:\/\/potenciaradiofonicadominicana.com\/portal\/wp-content\/uploads\/2022\/01\/fachada-indotel-8a1f67fb-focus-min0.08-min0.4-895-573.jpg\",\"datePublished\":\"2022-01-31T12:56:17+00:00\",\"breadcrumb\":{\"@id\":\"https:\/\/potenciaradiofonicadominicana.com\/portal\/indotel-adopta-agenda-regulatoria-para-el-2022\/#breadcrumb\"},\"inLanguage\":\"es\",\"potentialAction\":[{\"@type\":\"ReadAction\",\"target\":[\"https:\/\/potenciaradiofonicadominicana.com\/portal\/indotel-adopta-agenda-regulatoria-para-el-2022\/\"]}]},{\"@type\":\"ImageObject\",\"inLanguage\":\"es\",\"@id\":\"https:\/\/potenciaradiofonicadominicana.com\/portal\/indotel-adopta-agenda-regulatoria-para-el-2022\/#primaryimage\",\"url\":\"https:\/\/potenciaradiofonicadominicana.com\/portal\/wp-content\/uploads\/2022\/01\/fachada-indotel-8a1f67fb-focus-min0.08-min0.4-895-573.jpg\",\"contentUrl\":\"https:\/\/potenciaradiofonicadominicana.com\/portal\/wp-content\/uploads\/2022\/01\/fachada-indotel-8a1f67fb-focus-min0.08-min0.4-895-573.jpg\",\"width\":750,\"height\":422},{\"@type\":\"BreadcrumbList\",\"@id\":\"https:\/\/potenciaradiofonicadominicana.com\/portal\/indotel-adopta-agenda-regulatoria-para-el-2022\/#breadcrumb\",\"itemListElement\":[{\"@type\":\"ListItem\",\"position\":1,\"name\":\"Portada\",\"item\":\"https:\/\/potenciaradiofonicadominicana.com\/portal\/\"},{\"@type\":\"ListItem\",\"position\":2,\"name\":\"Indotel adopta agenda regulatoria para el 2022\"}]},{\"@type\":\"WebSite\",\"@id\":\"https:\/\/potenciaradiofonicadominicana.com\/portal\/#website\",\"url\":\"https:\/\/potenciaradiofonicadominicana.com\/portal\/\",\"name\":\"PotenciaRadiofonicaDominicana.com\",\"description\":\"Peri\u00f3dico Digital\",\"publisher\":{\"@id\":\"https:\/\/potenciaradiofonicadominicana.com\/portal\/#organization\"},\"potentialAction\":[{\"@type\":\"SearchAction\",\"target\":{\"@type\":\"EntryPoint\",\"urlTemplate\":\"https:\/\/potenciaradiofonicadominicana.com\/portal\/?s={search_term_string}\"},\"query-input\":{\"@type\":\"PropertyValueSpecification\",\"valueRequired\":true,\"valueName\":\"search_term_string\"}}],\"inLanguage\":\"es\"},{\"@type\":\"Organization\",\"@id\":\"https:\/\/potenciaradiofonicadominicana.com\/portal\/#organization\",\"name\":\"PotenciaRadiofonicaDominicana.com\",\"url\":\"https:\/\/potenciaradiofonicadominicana.com\/portal\/\",\"logo\":{\"@type\":\"ImageObject\",\"inLanguage\":\"es\",\"@id\":\"https:\/\/potenciaradiofonicadominicana.com\/portal\/#\/schema\/logo\/image\/\",\"url\":\"https:\/\/potenciaradiofonicadominicana.com\/portal\/wp-content\/uploads\/2022\/01\/descarga.png\",\"contentUrl\":\"https:\/\/potenciaradiofonicadominicana.com\/portal\/wp-content\/uploads\/2022\/01\/descarga.png\",\"width\":300,\"height\":100,\"caption\":\"PotenciaRadiofonicaDominicana.com\"},\"image\":{\"@id\":\"https:\/\/potenciaradiofonicadominicana.com\/portal\/#\/schema\/logo\/image\/\"},\"sameAs\":[\"https:\/\/web.facebook.com\/PotenciaRadiofonicaD\"]},{\"@type\":\"Person\",\"@id\":\"https:\/\/potenciaradiofonicadominicana.com\/portal\/#\/schema\/person\/a5cf1fea13877803ee0573ac18b03490\",\"name\":\"Potencia Radiof\u00f3nica Dominicana\",\"image\":{\"@type\":\"ImageObject\",\"inLanguage\":\"es\",\"@id\":\"https:\/\/potenciaradiofonicadominicana.com\/portal\/#\/schema\/person\/image\/\",\"url\":\"https:\/\/secure.gravatar.com\/avatar\/42a55ab9e8ccc656ba34cd791990602a?s=96&d=mm&r=g\",\"contentUrl\":\"https:\/\/secure.gravatar.com\/avatar\/42a55ab9e8ccc656ba34cd791990602a?s=96&d=mm&r=g\",\"caption\":\"Potencia Radiof\u00f3nica Dominicana\"},\"url\":\"https:\/\/potenciaradiofonicadominicana.com\/portal\/author\/johannyalmanzar\/\"}]}<\/script>\n<!-- \/ Yoast SEO plugin. -->","yoast_head_json":{"title":"Indotel adopta agenda regulatoria para el 2022 - PotenciaRadiofonicaDominicana.com","robots":{"index":"index","follow":"follow","max-snippet":"max-snippet:-1","max-image-preview":"max-image-preview:large","max-video-preview":"max-video-preview:-1"},"canonical":"https:\/\/potenciaradiofonicadominicana.com\/portal\/indotel-adopta-agenda-regulatoria-para-el-2022\/","og_locale":"es_ES","og_type":"article","og_title":"Indotel adopta agenda regulatoria para el 2022 - PotenciaRadiofonicaDominicana.com","og_description":"El Consejo Directivo del Instituto Dominicano de las Telecomunicaciones (Indotel) aprob\u00f3 su agenda regulatoria para 2022, dejando incorporados 12 proyectos ...","og_url":"https:\/\/potenciaradiofonicadominicana.com\/portal\/indotel-adopta-agenda-regulatoria-para-el-2022\/","og_site_name":"PotenciaRadiofonicaDominicana.com","article_publisher":"https:\/\/web.facebook.com\/PotenciaRadiofonicaD","article_published_time":"2022-01-31T12:56:17+00:00","og_image":[{"width":750,"height":422,"url":"https:\/\/potenciaradiofonicadominicana.com\/portal\/wp-content\/uploads\/2022\/01\/fachada-indotel-8a1f67fb-focus-min0.08-min0.4-895-573.jpg","type":"image\/jpeg"}],"author":"Potencia Radiof\u00f3nica Dominicana","twitter_card":"summary_large_image","twitter_misc":{"Escrito por":"Potencia Radiof\u00f3nica Dominicana","Tiempo de lectura":"2 minutos"},"schema":{"@context":"https:\/\/schema.org","@graph":[{"@type":"Article","@id":"https:\/\/potenciaradiofonicadominicana.com\/portal\/indotel-adopta-agenda-regulatoria-para-el-2022\/#article","isPartOf":{"@id":"https:\/\/potenciaradiofonicadominicana.com\/portal\/indotel-adopta-agenda-regulatoria-para-el-2022\/"},"author":{"name":"Potencia Radiof\u00f3nica Dominicana","@id":"https:\/\/potenciaradiofonicadominicana.com\/portal\/#\/schema\/person\/a5cf1fea13877803ee0573ac18b03490"},"headline":"Indotel adopta agenda regulatoria para el 2022","datePublished":"2022-01-31T12:56:17+00:00","mainEntityOfPage":{"@id":"https:\/\/potenciaradiofonicadominicana.com\/portal\/indotel-adopta-agenda-regulatoria-para-el-2022\/"},"wordCount":387,"commentCount":0,"publisher":{"@id":"https:\/\/potenciaradiofonicadominicana.com\/portal\/#organization"},"image":{"@id":"https:\/\/potenciaradiofonicadominicana.com\/portal\/indotel-adopta-agenda-regulatoria-para-el-2022\/#primaryimage"},"thumbnailUrl":"https:\/\/potenciaradiofonicadominicana.com\/portal\/wp-content\/uploads\/2022\/01\/fachada-indotel-8a1f67fb-focus-min0.08-min0.4-895-573.jpg","articleSection":["Econom\u00eda"],"inLanguage":"es","potentialAction":[{"@type":"CommentAction","name":"Comment","target":["https:\/\/potenciaradiofonicadominicana.com\/portal\/indotel-adopta-agenda-regulatoria-para-el-2022\/#respond"]}]},{"@type":"WebPage","@id":"https:\/\/potenciaradiofonicadominicana.com\/portal\/indotel-adopta-agenda-regulatoria-para-el-2022\/","url":"https:\/\/potenciaradiofonicadominicana.com\/portal\/indotel-adopta-agenda-regulatoria-para-el-2022\/","name":"Indotel adopta agenda regulatoria para el 2022 - PotenciaRadiofonicaDominicana.com","isPartOf":{"@id":"https:\/\/potenciaradiofonicadominicana.com\/portal\/#website"},"primaryImageOfPage":{"@id":"https:\/\/potenciaradiofonicadominicana.com\/portal\/indotel-adopta-agenda-regulatoria-para-el-2022\/#primaryimage"},"image":{"@id":"https:\/\/potenciaradiofonicadominicana.com\/portal\/indotel-adopta-agenda-regulatoria-para-el-2022\/#primaryimage"},"thumbnailUrl":"https:\/\/potenciaradiofonicadominicana.com\/portal\/wp-content\/uploads\/2022\/01\/fachada-indotel-8a1f67fb-focus-min0.08-min0.4-895-573.jpg","datePublished":"2022-01-31T12:56:17+00:00","breadcrumb":{"@id":"https:\/\/potenciaradiofonicadominicana.com\/portal\/indotel-adopta-agenda-regulatoria-para-el-2022\/#breadcrumb"},"inLanguage":"es","potentialAction":[{"@type":"ReadAction","target":["https:\/\/potenciaradiofonicadominicana.com\/portal\/indotel-adopta-agenda-regulatoria-para-el-2022\/"]}]},{"@type":"ImageObject","inLanguage":"es","@id":"https:\/\/potenciaradiofonicadominicana.com\/portal\/indotel-adopta-agenda-regulatoria-para-el-2022\/#primaryimage","url":"https:\/\/potenciaradiofonicadominicana.com\/portal\/wp-content\/uploads\/2022\/01\/fachada-indotel-8a1f67fb-focus-min0.08-min0.4-895-573.jpg","contentUrl":"https:\/\/potenciaradiofonicadominicana.com\/portal\/wp-content\/uploads\/2022\/01\/fachada-indotel-8a1f67fb-focus-min0.08-min0.4-895-573.jpg","width":750,"height":422},{"@type":"BreadcrumbList","@id":"https:\/\/potenciaradiofonicadominicana.com\/portal\/indotel-adopta-agenda-regulatoria-para-el-2022\/#breadcrumb","itemListElement":[{"@type":"ListItem","position":1,"name":"Portada","item":"https:\/\/potenciaradiofonicadominicana.com\/portal\/"},{"@type":"ListItem","position":2,"name":"Indotel adopta agenda regulatoria para el 2022"}]},{"@type":"WebSite","@id":"https:\/\/potenciaradiofonicadominicana.com\/portal\/#website","url":"https:\/\/potenciaradiofonicadominicana.com\/portal\/","name":"PotenciaRadiofonicaDominicana.com","description":"Peri\u00f3dico Digital","publisher":{"@id":"https:\/\/potenciaradiofonicadominicana.com\/portal\/#organization"},"potentialAction":[{"@type":"SearchAction","target":{"@type":"EntryPoint","urlTemplate":"https:\/\/potenciaradiofonicadominicana.com\/portal\/?s={search_term_string}"},"query-input":{"@type":"PropertyValueSpecification","valueRequired":true,"valueName":"search_term_string"}}],"inLanguage":"es"},{"@type":"Organization","@id":"https:\/\/potenciaradiofonicadominicana.com\/portal\/#organization","name":"PotenciaRadiofonicaDominicana.com","url":"https:\/\/potenciaradiofonicadominicana.com\/portal\/","logo":{"@type":"ImageObject","inLanguage":"es","@id":"https:\/\/potenciaradiofonicadominicana.com\/portal\/#\/schema\/logo\/image\/","url":"https:\/\/potenciaradiofonicadominicana.com\/portal\/wp-content\/uploads\/2022\/01\/descarga.png","contentUrl":"https:\/\/potenciaradiofonicadominicana.com\/portal\/wp-content\/uploads\/2022\/01\/descarga.png","width":300,"height":100,"caption":"PotenciaRadiofonicaDominicana.com"},"image":{"@id":"https:\/\/potenciaradiofonicadominicana.com\/portal\/#\/schema\/logo\/image\/"},"sameAs":["https:\/\/web.facebook.com\/PotenciaRadiofonicaD"]},{"@type":"Person","@id":"https:\/\/potenciaradiofonicadominicana.com\/portal\/#\/schema\/person\/a5cf1fea13877803ee0573ac18b03490","name":"Potencia Radiof\u00f3nica Dominicana","image":{"@type":"ImageObject","inLanguage":"es","@id":"https:\/\/potenciaradiofonicadominicana.com\/portal\/#\/schema\/person\/image\/","url":"https:\/\/secure.gravatar.com\/avatar\/42a55ab9e8ccc656ba34cd791990602a?s=96&d=mm&r=g","contentUrl":"https:\/\/secure.gravatar.com\/avatar\/42a55ab9e8ccc656ba34cd791990602a?s=96&d=mm&r=g","caption":"Potencia Radiof\u00f3nica Dominicana"},"url":"https:\/\/potenciaradiofonicadominicana.com\/portal\/author\/johannyalmanzar\/"}]}},"_links":{"self":[{"href":"https:\/\/potenciaradiofonicadominicana.com\/portal\/wp-json\/wp\/v2\/posts\/114509","targetHints":{"allow":["GET"]}}],"collection":[{"href":"https:\/\/potenciaradiofonicadominicana.com\/portal\/wp-json\/wp\/v2\/posts"}],"about":[{"href":"https:\/\/potenciaradiofonicadominicana.com\/portal\/wp-json\/wp\/v2\/types\/post"}],"author":[{"embeddable":true,"href":"https:\/\/potenciaradiofonicadominicana.com\/portal\/wp-json\/wp\/v2\/users\/2"}],"replies":[{"embeddable":true,"href":"https:\/\/potenciaradiofonicadominicana.com\/portal\/wp-json\/wp\/v2\/comments?post=114509"}],"version-history":[{"count":1,"href":"https:\/\/potenciaradiofonicadominicana.com\/portal\/wp-json\/wp\/v2\/posts\/114509\/revisions"}],"predecessor-version":[{"id":114512,"href":"https:\/\/potenciaradiofonicadominicana.com\/portal\/wp-json\/wp\/v2\/posts\/114509\/revisions\/114512"}],"wp:featuredmedia":[{"embeddable":true,"href":"https:\/\/potenciaradiofonicadominicana.com\/portal\/wp-json\/wp\/v2\/media\/114510"}],"wp:attachment":[{"href":"https:\/\/potenciaradiofonicadominicana.com\/portal\/wp-json\/wp\/v2\/media?parent=114509"}],"wp:term":[{"taxonomy":"category","embeddable":true,"href":"https:\/\/potenciaradiofonicadominicana.com\/portal\/wp-json\/wp\/v2\/categories?post=114509"},{"taxonomy":"post_tag","embeddable":true,"href":"https:\/\/potenciaradiofonicadominicana.com\/portal\/wp-json\/wp\/v2\/tags?post=114509"}],"curies":[{"name":"wp","href":"https:\/\/api.w.org\/{rel}","templated":true}]}}