{"id":114504,"date":"2022-01-31T08:53:18","date_gmt":"2022-01-31T12:53:18","guid":{"rendered":"https:\/\/potenciaradiofonicadominicana.com\/portal\/?p=114504"},"modified":"2022-01-31T08:53:18","modified_gmt":"2022-01-31T12:53:18","slug":"antonio-marte-reitera-no-habra-aumento-de-pasajes","status":"publish","type":"post","link":"https:\/\/potenciaradiofonicadominicana.com\/portal\/antonio-marte-reitera-no-habra-aumento-de-pasajes\/","title":{"rendered":"Antonio Marte reitera no habr\u00e1 aumento de pasajes"},"content":{"rendered":"<p><a href=\"https:\/\/potenciaradiofonicadominicana.com\/portal\/wp-content\/uploads\/2022\/01\/parque-vehicular-diario-libre-marvin-del-cid-c95ef7ab-focus-0-0-546-350.jpg\"><img loading=\"lazy\" decoding=\"async\" class=\"alignnone size-full wp-image-114506\" src=\"https:\/\/potenciaradiofonicadominicana.com\/portal\/wp-content\/uploads\/2022\/01\/parque-vehicular-diario-libre-marvin-del-cid-c95ef7ab-focus-0-0-546-350.jpg\" alt=\"\" width=\"524\" height=\"350\" srcset=\"https:\/\/potenciaradiofonicadominicana.com\/portal\/wp-content\/uploads\/2022\/01\/parque-vehicular-diario-libre-marvin-del-cid-c95ef7ab-focus-0-0-546-350.jpg 524w, https:\/\/potenciaradiofonicadominicana.com\/portal\/wp-content\/uploads\/2022\/01\/parque-vehicular-diario-libre-marvin-del-cid-c95ef7ab-focus-0-0-546-350-300x200.jpg 300w\" sizes=\"auto, (max-width: 524px) 100vw, 524px\" \/><\/a><\/p>\n<p>El senador y presidente de la\u00a0Central Nacional de Organizaciones del Transporte\u00a0(Conatra),\u00a0Antonio Marte, reiter\u00f3 este s\u00e1bado que el sector que representa no aumentar\u00e1 los precios de los\u00a0pasajes\u00a0a pesar de tener razones suficientes para hacerlo.<\/p>\n<div class=\"mb-5 component cita\">\u00abNo va haber aumento de precios del pasaje. Nosotros como instituci\u00f3n mayoritaria de transporte de la Rep\u00fablica Dominicana, no vamos a anunciar aumento de precios de pasajes\u00bb<\/div>\n<div>Se\u00f1al\u00f3 que el pueblo puede estar tranquilo, pero que lamentablemente por la crisis que se est\u00e1 viviendo han estado haciendo esfuerzos por mantener el sector. \u00abPero, yo te soy honesto, el sector transporte fracas\u00f3 por completo\u201d,<\/div>\n<div>\n<p>Explic\u00f3 que el precio del pasaje de hoy con el gal\u00f3n de gasoil a RD$212.60 es el mismo que ten\u00eda cuando el gal\u00f3n costaba RD$134.00.<\/p>\n<p>\u201cTen\u00edamos un pasaje con gas a RD$65.00 el gal\u00f3n y hoy tenemos un gas a RD$147.00, entonces, expl\u00edcame, qu\u00e9 hacemos. Pero tambi\u00e9n, un tanque de aceite lo compr\u00e1bamos a RD$33,000 hace dos meses y hoy lo tenemos en RD$52,000\u201d, indic\u00f3 el tambi\u00e9n legislador.<\/p>\n<p>A\u00f1adi\u00f3 que una goma la compraban en RD$17,000, la misma goma cuesta hoy RD$33,000.<\/p>\n<p>Dijo que en esa misma situaci\u00f3n est\u00e1n los repuestos y todo lo que involucra el sector transporte.<\/p>\n<p>\u201cNo hay c\u00f3mo vivir y por eso es que te puede decir que la situaci\u00f3n del sector es dif\u00edcil\u201d, expres\u00f3 el presidente de\u00a0Conatra.<\/p>\n<p>Al conversar con Diario Libre dijo que los miembros de\u00a0Conatra\u00a0ronda por los 156,000 registrados, de acuerdo al \u00faltimo censo.<\/p>\n<p>Dijo que hay metas que se les han ca\u00eddo al sector por los altos costos de los combustibles y los repuestos. Entre esas metas est\u00e1 cambiar varias de sus unidades.<\/p>\n<\/div>\n","protected":false},"excerpt":{"rendered":"<p>El senador y presidente de la\u00a0Central Nacional de Organizaciones del Transporte\u00a0(Conatra),\u00a0Antonio Marte, reiter\u00f3 este s\u00e1bado que el sector que representa &#8230;<\/p>\n","protected":false},"author":2,"featured_media":114506,"comment_status":"open","ping_status":"open","sticky":false,"template":"","format":"standard","meta":{"footnotes":""},"categories":[26],"tags":[],"class_list":["post-114504","post","type-post","status-publish","format-standard","has-post-thumbnail","hentry","category-economia"],"yoast_head":"<!-- This site is optimized with the Yoast SEO plugin v24.8.1 - https:\/\/yoast.com\/wordpress\/plugins\/seo\/ -->\n<title>Antonio Marte reitera no habr\u00e1 aumento de pasajes - PotenciaRadiofonicaDominicana.com<\/title>\n<meta name=\"robots\" content=\"index, follow, max-snippet:-1, max-image-preview:large, max-video-preview:-1\" \/>\n<link rel=\"canonical\" href=\"https:\/\/potenciaradiofonicadominicana.com\/portal\/antonio-marte-reitera-no-habra-aumento-de-pasajes\/\" \/>\n<meta property=\"og:locale\" content=\"es_ES\" \/>\n<meta property=\"og:type\" content=\"article\" \/>\n<meta property=\"og:title\" content=\"Antonio Marte reitera no habr\u00e1 aumento de pasajes - PotenciaRadiofonicaDominicana.com\" \/>\n<meta property=\"og:description\" content=\"El senador y presidente de la\u00a0Central Nacional de Organizaciones del Transporte\u00a0(Conatra),\u00a0Antonio Marte, reiter\u00f3 este s\u00e1bado que el sector que representa ...\" \/>\n<meta property=\"og:url\" content=\"https:\/\/potenciaradiofonicadominicana.com\/portal\/antonio-marte-reitera-no-habra-aumento-de-pasajes\/\" \/>\n<meta property=\"og:site_name\" content=\"PotenciaRadiofonicaDominicana.com\" \/>\n<meta property=\"article:publisher\" content=\"https:\/\/web.facebook.com\/PotenciaRadiofonicaD\" \/>\n<meta property=\"article:published_time\" content=\"2022-01-31T12:53:18+00:00\" \/>\n<meta property=\"og:image\" content=\"https:\/\/potenciaradiofonicadominicana.com\/portal\/wp-content\/uploads\/2022\/01\/parque-vehicular-diario-libre-marvin-del-cid-c95ef7ab-focus-0-0-546-350.jpg\" \/>\n\t<meta property=\"og:image:width\" content=\"524\" \/>\n\t<meta property=\"og:image:height\" content=\"350\" \/>\n\t<meta property=\"og:image:type\" content=\"image\/jpeg\" \/>\n<meta name=\"author\" content=\"Potencia Radiof\u00f3nica Dominicana\" \/>\n<meta name=\"twitter:card\" content=\"summary_large_image\" \/>\n<meta name=\"twitter:label1\" content=\"Escrito por\" \/>\n\t<meta name=\"twitter:data1\" content=\"Potencia Radiof\u00f3nica Dominicana\" \/>\n\t<meta name=\"twitter:label2\" content=\"Tiempo de lectura\" \/>\n\t<meta name=\"twitter:data2\" content=\"1 minuto\" \/>\n<script type=\"application\/ld+json\" class=\"yoast-schema-graph\">{\"@context\":\"https:\/\/schema.org\",\"@graph\":[{\"@type\":\"Article\",\"@id\":\"https:\/\/potenciaradiofonicadominicana.com\/portal\/antonio-marte-reitera-no-habra-aumento-de-pasajes\/#article\",\"isPartOf\":{\"@id\":\"https:\/\/potenciaradiofonicadominicana.com\/portal\/antonio-marte-reitera-no-habra-aumento-de-pasajes\/\"},\"author\":{\"name\":\"Potencia Radiof\u00f3nica Dominicana\",\"@id\":\"https:\/\/potenciaradiofonicadominicana.com\/portal\/#\/schema\/person\/a5cf1fea13877803ee0573ac18b03490\"},\"headline\":\"Antonio Marte reitera no habr\u00e1 aumento de pasajes\",\"datePublished\":\"2022-01-31T12:53:18+00:00\",\"mainEntityOfPage\":{\"@id\":\"https:\/\/potenciaradiofonicadominicana.com\/portal\/antonio-marte-reitera-no-habra-aumento-de-pasajes\/\"},\"wordCount\":302,\"commentCount\":0,\"publisher\":{\"@id\":\"https:\/\/potenciaradiofonicadominicana.com\/portal\/#organization\"},\"image\":{\"@id\":\"https:\/\/potenciaradiofonicadominicana.com\/portal\/antonio-marte-reitera-no-habra-aumento-de-pasajes\/#primaryimage\"},\"thumbnailUrl\":\"https:\/\/potenciaradiofonicadominicana.com\/portal\/wp-content\/uploads\/2022\/01\/parque-vehicular-diario-libre-marvin-del-cid-c95ef7ab-focus-0-0-546-350.jpg\",\"articleSection\":[\"Econom\u00eda\"],\"inLanguage\":\"es\",\"potentialAction\":[{\"@type\":\"CommentAction\",\"name\":\"Comment\",\"target\":[\"https:\/\/potenciaradiofonicadominicana.com\/portal\/antonio-marte-reitera-no-habra-aumento-de-pasajes\/#respond\"]}]},{\"@type\":\"WebPage\",\"@id\":\"https:\/\/potenciaradiofonicadominicana.com\/portal\/antonio-marte-reitera-no-habra-aumento-de-pasajes\/\",\"url\":\"https:\/\/potenciaradiofonicadominicana.com\/portal\/antonio-marte-reitera-no-habra-aumento-de-pasajes\/\",\"name\":\"Antonio Marte reitera no habr\u00e1 aumento de pasajes - PotenciaRadiofonicaDominicana.com\",\"isPartOf\":{\"@id\":\"https:\/\/potenciaradiofonicadominicana.com\/portal\/#website\"},\"primaryImageOfPage\":{\"@id\":\"https:\/\/potenciaradiofonicadominicana.com\/portal\/antonio-marte-reitera-no-habra-aumento-de-pasajes\/#primaryimage\"},\"image\":{\"@id\":\"https:\/\/potenciaradiofonicadominicana.com\/portal\/antonio-marte-reitera-no-habra-aumento-de-pasajes\/#primaryimage\"},\"thumbnailUrl\":\"https:\/\/potenciaradiofonicadominicana.com\/portal\/wp-content\/uploads\/2022\/01\/parque-vehicular-diario-libre-marvin-del-cid-c95ef7ab-focus-0-0-546-350.jpg\",\"datePublished\":\"2022-01-31T12:53:18+00:00\",\"breadcrumb\":{\"@id\":\"https:\/\/potenciaradiofonicadominicana.com\/portal\/antonio-marte-reitera-no-habra-aumento-de-pasajes\/#breadcrumb\"},\"inLanguage\":\"es\",\"potentialAction\":[{\"@type\":\"ReadAction\",\"target\":[\"https:\/\/potenciaradiofonicadominicana.com\/portal\/antonio-marte-reitera-no-habra-aumento-de-pasajes\/\"]}]},{\"@type\":\"ImageObject\",\"inLanguage\":\"es\",\"@id\":\"https:\/\/potenciaradiofonicadominicana.com\/portal\/antonio-marte-reitera-no-habra-aumento-de-pasajes\/#primaryimage\",\"url\":\"https:\/\/potenciaradiofonicadominicana.com\/portal\/wp-content\/uploads\/2022\/01\/parque-vehicular-diario-libre-marvin-del-cid-c95ef7ab-focus-0-0-546-350.jpg\",\"contentUrl\":\"https:\/\/potenciaradiofonicadominicana.com\/portal\/wp-content\/uploads\/2022\/01\/parque-vehicular-diario-libre-marvin-del-cid-c95ef7ab-focus-0-0-546-350.jpg\",\"width\":524,\"height\":350},{\"@type\":\"BreadcrumbList\",\"@id\":\"https:\/\/potenciaradiofonicadominicana.com\/portal\/antonio-marte-reitera-no-habra-aumento-de-pasajes\/#breadcrumb\",\"itemListElement\":[{\"@type\":\"ListItem\",\"position\":1,\"name\":\"Portada\",\"item\":\"https:\/\/potenciaradiofonicadominicana.com\/portal\/\"},{\"@type\":\"ListItem\",\"position\":2,\"name\":\"Antonio Marte reitera no habr\u00e1 aumento de pasajes\"}]},{\"@type\":\"WebSite\",\"@id\":\"https:\/\/potenciaradiofonicadominicana.com\/portal\/#website\",\"url\":\"https:\/\/potenciaradiofonicadominicana.com\/portal\/\",\"name\":\"PotenciaRadiofonicaDominicana.com\",\"description\":\"Peri\u00f3dico Digital\",\"publisher\":{\"@id\":\"https:\/\/potenciaradiofonicadominicana.com\/portal\/#organization\"},\"potentialAction\":[{\"@type\":\"SearchAction\",\"target\":{\"@type\":\"EntryPoint\",\"urlTemplate\":\"https:\/\/potenciaradiofonicadominicana.com\/portal\/?s={search_term_string}\"},\"query-input\":{\"@type\":\"PropertyValueSpecification\",\"valueRequired\":true,\"valueName\":\"search_term_string\"}}],\"inLanguage\":\"es\"},{\"@type\":\"Organization\",\"@id\":\"https:\/\/potenciaradiofonicadominicana.com\/portal\/#organization\",\"name\":\"PotenciaRadiofonicaDominicana.com\",\"url\":\"https:\/\/potenciaradiofonicadominicana.com\/portal\/\",\"logo\":{\"@type\":\"ImageObject\",\"inLanguage\":\"es\",\"@id\":\"https:\/\/potenciaradiofonicadominicana.com\/portal\/#\/schema\/logo\/image\/\",\"url\":\"https:\/\/potenciaradiofonicadominicana.com\/portal\/wp-content\/uploads\/2022\/01\/descarga.png\",\"contentUrl\":\"https:\/\/potenciaradiofonicadominicana.com\/portal\/wp-content\/uploads\/2022\/01\/descarga.png\",\"width\":300,\"height\":100,\"caption\":\"PotenciaRadiofonicaDominicana.com\"},\"image\":{\"@id\":\"https:\/\/potenciaradiofonicadominicana.com\/portal\/#\/schema\/logo\/image\/\"},\"sameAs\":[\"https:\/\/web.facebook.com\/PotenciaRadiofonicaD\"]},{\"@type\":\"Person\",\"@id\":\"https:\/\/potenciaradiofonicadominicana.com\/portal\/#\/schema\/person\/a5cf1fea13877803ee0573ac18b03490\",\"name\":\"Potencia Radiof\u00f3nica Dominicana\",\"image\":{\"@type\":\"ImageObject\",\"inLanguage\":\"es\",\"@id\":\"https:\/\/potenciaradiofonicadominicana.com\/portal\/#\/schema\/person\/image\/\",\"url\":\"https:\/\/secure.gravatar.com\/avatar\/42a55ab9e8ccc656ba34cd791990602a?s=96&d=mm&r=g\",\"contentUrl\":\"https:\/\/secure.gravatar.com\/avatar\/42a55ab9e8ccc656ba34cd791990602a?s=96&d=mm&r=g\",\"caption\":\"Potencia Radiof\u00f3nica Dominicana\"},\"url\":\"https:\/\/potenciaradiofonicadominicana.com\/portal\/author\/johannyalmanzar\/\"}]}<\/script>\n<!-- \/ Yoast SEO plugin. -->","yoast_head_json":{"title":"Antonio Marte reitera no habr\u00e1 aumento de pasajes - PotenciaRadiofonicaDominicana.com","robots":{"index":"index","follow":"follow","max-snippet":"max-snippet:-1","max-image-preview":"max-image-preview:large","max-video-preview":"max-video-preview:-1"},"canonical":"https:\/\/potenciaradiofonicadominicana.com\/portal\/antonio-marte-reitera-no-habra-aumento-de-pasajes\/","og_locale":"es_ES","og_type":"article","og_title":"Antonio Marte reitera no habr\u00e1 aumento de pasajes - PotenciaRadiofonicaDominicana.com","og_description":"El senador y presidente de la\u00a0Central Nacional de Organizaciones del Transporte\u00a0(Conatra),\u00a0Antonio Marte, reiter\u00f3 este s\u00e1bado que el sector que representa ...","og_url":"https:\/\/potenciaradiofonicadominicana.com\/portal\/antonio-marte-reitera-no-habra-aumento-de-pasajes\/","og_site_name":"PotenciaRadiofonicaDominicana.com","article_publisher":"https:\/\/web.facebook.com\/PotenciaRadiofonicaD","article_published_time":"2022-01-31T12:53:18+00:00","og_image":[{"width":524,"height":350,"url":"https:\/\/potenciaradiofonicadominicana.com\/portal\/wp-content\/uploads\/2022\/01\/parque-vehicular-diario-libre-marvin-del-cid-c95ef7ab-focus-0-0-546-350.jpg","type":"image\/jpeg"}],"author":"Potencia Radiof\u00f3nica Dominicana","twitter_card":"summary_large_image","twitter_misc":{"Escrito por":"Potencia Radiof\u00f3nica Dominicana","Tiempo de lectura":"1 minuto"},"schema":{"@context":"https:\/\/schema.org","@graph":[{"@type":"Article","@id":"https:\/\/potenciaradiofonicadominicana.com\/portal\/antonio-marte-reitera-no-habra-aumento-de-pasajes\/#article","isPartOf":{"@id":"https:\/\/potenciaradiofonicadominicana.com\/portal\/antonio-marte-reitera-no-habra-aumento-de-pasajes\/"},"author":{"name":"Potencia Radiof\u00f3nica Dominicana","@id":"https:\/\/potenciaradiofonicadominicana.com\/portal\/#\/schema\/person\/a5cf1fea13877803ee0573ac18b03490"},"headline":"Antonio Marte reitera no habr\u00e1 aumento de pasajes","datePublished":"2022-01-31T12:53:18+00:00","mainEntityOfPage":{"@id":"https:\/\/potenciaradiofonicadominicana.com\/portal\/antonio-marte-reitera-no-habra-aumento-de-pasajes\/"},"wordCount":302,"commentCount":0,"publisher":{"@id":"https:\/\/potenciaradiofonicadominicana.com\/portal\/#organization"},"image":{"@id":"https:\/\/potenciaradiofonicadominicana.com\/portal\/antonio-marte-reitera-no-habra-aumento-de-pasajes\/#primaryimage"},"thumbnailUrl":"https:\/\/potenciaradiofonicadominicana.com\/portal\/wp-content\/uploads\/2022\/01\/parque-vehicular-diario-libre-marvin-del-cid-c95ef7ab-focus-0-0-546-350.jpg","articleSection":["Econom\u00eda"],"inLanguage":"es","potentialAction":[{"@type":"CommentAction","name":"Comment","target":["https:\/\/potenciaradiofonicadominicana.com\/portal\/antonio-marte-reitera-no-habra-aumento-de-pasajes\/#respond"]}]},{"@type":"WebPage","@id":"https:\/\/potenciaradiofonicadominicana.com\/portal\/antonio-marte-reitera-no-habra-aumento-de-pasajes\/","url":"https:\/\/potenciaradiofonicadominicana.com\/portal\/antonio-marte-reitera-no-habra-aumento-de-pasajes\/","name":"Antonio Marte reitera no habr\u00e1 aumento de pasajes - PotenciaRadiofonicaDominicana.com","isPartOf":{"@id":"https:\/\/potenciaradiofonicadominicana.com\/portal\/#website"},"primaryImageOfPage":{"@id":"https:\/\/potenciaradiofonicadominicana.com\/portal\/antonio-marte-reitera-no-habra-aumento-de-pasajes\/#primaryimage"},"image":{"@id":"https:\/\/potenciaradiofonicadominicana.com\/portal\/antonio-marte-reitera-no-habra-aumento-de-pasajes\/#primaryimage"},"thumbnailUrl":"https:\/\/potenciaradiofonicadominicana.com\/portal\/wp-content\/uploads\/2022\/01\/parque-vehicular-diario-libre-marvin-del-cid-c95ef7ab-focus-0-0-546-350.jpg","datePublished":"2022-01-31T12:53:18+00:00","breadcrumb":{"@id":"https:\/\/potenciaradiofonicadominicana.com\/portal\/antonio-marte-reitera-no-habra-aumento-de-pasajes\/#breadcrumb"},"inLanguage":"es","potentialAction":[{"@type":"ReadAction","target":["https:\/\/potenciaradiofonicadominicana.com\/portal\/antonio-marte-reitera-no-habra-aumento-de-pasajes\/"]}]},{"@type":"ImageObject","inLanguage":"es","@id":"https:\/\/potenciaradiofonicadominicana.com\/portal\/antonio-marte-reitera-no-habra-aumento-de-pasajes\/#primaryimage","url":"https:\/\/potenciaradiofonicadominicana.com\/portal\/wp-content\/uploads\/2022\/01\/parque-vehicular-diario-libre-marvin-del-cid-c95ef7ab-focus-0-0-546-350.jpg","contentUrl":"https:\/\/potenciaradiofonicadominicana.com\/portal\/wp-content\/uploads\/2022\/01\/parque-vehicular-diario-libre-marvin-del-cid-c95ef7ab-focus-0-0-546-350.jpg","width":524,"height":350},{"@type":"BreadcrumbList","@id":"https:\/\/potenciaradiofonicadominicana.com\/portal\/antonio-marte-reitera-no-habra-aumento-de-pasajes\/#breadcrumb","itemListElement":[{"@type":"ListItem","position":1,"name":"Portada","item":"https:\/\/potenciaradiofonicadominicana.com\/portal\/"},{"@type":"ListItem","position":2,"name":"Antonio Marte reitera no habr\u00e1 aumento de pasajes"}]},{"@type":"WebSite","@id":"https:\/\/potenciaradiofonicadominicana.com\/portal\/#website","url":"https:\/\/potenciaradiofonicadominicana.com\/portal\/","name":"PotenciaRadiofonicaDominicana.com","description":"Peri\u00f3dico Digital","publisher":{"@id":"https:\/\/potenciaradiofonicadominicana.com\/portal\/#organization"},"potentialAction":[{"@type":"SearchAction","target":{"@type":"EntryPoint","urlTemplate":"https:\/\/potenciaradiofonicadominicana.com\/portal\/?s={search_term_string}"},"query-input":{"@type":"PropertyValueSpecification","valueRequired":true,"valueName":"search_term_string"}}],"inLanguage":"es"},{"@type":"Organization","@id":"https:\/\/potenciaradiofonicadominicana.com\/portal\/#organization","name":"PotenciaRadiofonicaDominicana.com","url":"https:\/\/potenciaradiofonicadominicana.com\/portal\/","logo":{"@type":"ImageObject","inLanguage":"es","@id":"https:\/\/potenciaradiofonicadominicana.com\/portal\/#\/schema\/logo\/image\/","url":"https:\/\/potenciaradiofonicadominicana.com\/portal\/wp-content\/uploads\/2022\/01\/descarga.png","contentUrl":"https:\/\/potenciaradiofonicadominicana.com\/portal\/wp-content\/uploads\/2022\/01\/descarga.png","width":300,"height":100,"caption":"PotenciaRadiofonicaDominicana.com"},"image":{"@id":"https:\/\/potenciaradiofonicadominicana.com\/portal\/#\/schema\/logo\/image\/"},"sameAs":["https:\/\/web.facebook.com\/PotenciaRadiofonicaD"]},{"@type":"Person","@id":"https:\/\/potenciaradiofonicadominicana.com\/portal\/#\/schema\/person\/a5cf1fea13877803ee0573ac18b03490","name":"Potencia Radiof\u00f3nica Dominicana","image":{"@type":"ImageObject","inLanguage":"es","@id":"https:\/\/potenciaradiofonicadominicana.com\/portal\/#\/schema\/person\/image\/","url":"https:\/\/secure.gravatar.com\/avatar\/42a55ab9e8ccc656ba34cd791990602a?s=96&d=mm&r=g","contentUrl":"https:\/\/secure.gravatar.com\/avatar\/42a55ab9e8ccc656ba34cd791990602a?s=96&d=mm&r=g","caption":"Potencia Radiof\u00f3nica Dominicana"},"url":"https:\/\/potenciaradiofonicadominicana.com\/portal\/author\/johannyalmanzar\/"}]}},"_links":{"self":[{"href":"https:\/\/potenciaradiofonicadominicana.com\/portal\/wp-json\/wp\/v2\/posts\/114504","targetHints":{"allow":["GET"]}}],"collection":[{"href":"https:\/\/potenciaradiofonicadominicana.com\/portal\/wp-json\/wp\/v2\/posts"}],"about":[{"href":"https:\/\/potenciaradiofonicadominicana.com\/portal\/wp-json\/wp\/v2\/types\/post"}],"author":[{"embeddable":true,"href":"https:\/\/potenciaradiofonicadominicana.com\/portal\/wp-json\/wp\/v2\/users\/2"}],"replies":[{"embeddable":true,"href":"https:\/\/potenciaradiofonicadominicana.com\/portal\/wp-json\/wp\/v2\/comments?post=114504"}],"version-history":[{"count":1,"href":"https:\/\/potenciaradiofonicadominicana.com\/portal\/wp-json\/wp\/v2\/posts\/114504\/revisions"}],"predecessor-version":[{"id":114508,"href":"https:\/\/potenciaradiofonicadominicana.com\/portal\/wp-json\/wp\/v2\/posts\/114504\/revisions\/114508"}],"wp:featuredmedia":[{"embeddable":true,"href":"https:\/\/potenciaradiofonicadominicana.com\/portal\/wp-json\/wp\/v2\/media\/114506"}],"wp:attachment":[{"href":"https:\/\/potenciaradiofonicadominicana.com\/portal\/wp-json\/wp\/v2\/media?parent=114504"}],"wp:term":[{"taxonomy":"category","embeddable":true,"href":"https:\/\/potenciaradiofonicadominicana.com\/portal\/wp-json\/wp\/v2\/categories?post=114504"},{"taxonomy":"post_tag","embeddable":true,"href":"https:\/\/potenciaradiofonicadominicana.com\/portal\/wp-json\/wp\/v2\/tags?post=114504"}],"curies":[{"name":"wp","href":"https:\/\/api.w.org\/{rel}","templated":true}]}}