{"id":114499,"date":"2022-01-31T08:49:40","date_gmt":"2022-01-31T12:49:40","guid":{"rendered":"https:\/\/potenciaradiofonicadominicana.com\/portal\/?p=114499"},"modified":"2022-01-31T08:49:40","modified_gmt":"2022-01-31T12:49:40","slug":"aumentan-rd5-y-rd10-en-el-precio-de-los-botellones-de-agua","status":"publish","type":"post","link":"https:\/\/potenciaradiofonicadominicana.com\/portal\/aumentan-rd5-y-rd10-en-el-precio-de-los-botellones-de-agua\/","title":{"rendered":"Aumentan RD$5 y RD$10 en el precio de los botellones de agua"},"content":{"rendered":"<p><a href=\"https:\/\/potenciaradiofonicadominicana.com\/portal\/wp-content\/uploads\/2022\/01\/botellones-de-agua-990x640.jpg\"><img loading=\"lazy\" decoding=\"async\" class=\"alignnone size-full wp-image-114501\" src=\"https:\/\/potenciaradiofonicadominicana.com\/portal\/wp-content\/uploads\/2022\/01\/botellones-de-agua-990x640.jpg\" alt=\"\" width=\"990\" height=\"640\" srcset=\"https:\/\/potenciaradiofonicadominicana.com\/portal\/wp-content\/uploads\/2022\/01\/botellones-de-agua-990x640.jpg 990w, https:\/\/potenciaradiofonicadominicana.com\/portal\/wp-content\/uploads\/2022\/01\/botellones-de-agua-990x640-300x194.jpg 300w, https:\/\/potenciaradiofonicadominicana.com\/portal\/wp-content\/uploads\/2022\/01\/botellones-de-agua-990x640-768x496.jpg 768w\" sizes=\"auto, (max-width: 990px) 100vw, 990px\" \/><\/a><\/p>\n<p>A menos de seis d\u00edas de que la directora ejecutiva de la\u00a0Asociaci\u00f3n de Industrias Purificadoras de agua de la Regi\u00f3n del Cibao (Aiparc),\u00a0Paloma Rodr\u00edguez, advirti\u00f3 que contemplan\u00a0aumentar el precio del botell\u00f3n de agua, ya muchos establecimientos comerciales de Santiago y la regi\u00f3n, dispusieron alzas entre RD$5 y RD$10, lo que ha generado descontentos entre consumidores, que plantean acciones concretas para detener la inflaci\u00f3n.<\/p>\n<p>Rodr\u00edguez agreg\u00f3 que\u00a0los costos de producci\u00f3n se han disparado\u00a0y que tambi\u00e9n se ven afectados por la decisi\u00f3n de la Direcci\u00f3n General de Impuestos Internos de retirar la autorizaci\u00f3n de los comprobantes fiscales para reg\u00edmenes especiales que pose\u00edan las envasadoras desde el 2007.<\/p>\n<p>Indic\u00f3 que esa autorizaci\u00f3n era la \u00faltima l\u00ednea de respaldo que contaba el sector, lo que permit\u00eda mantenerse a flote a pesar de los constantes incrementos de la producci\u00f3n en los \u00faltimos 15 a\u00f1os.<\/p>\n<p>Personas que compraban una botella de agua a RD$10, ahora tienen que disponer de RD$15.\u00a0Igualmente, expresaron que en comedores y otros centros de expendio de comidas cocidas, venden la botella de agua de 16 onzas a RD$20, RD$10 por encima de su precio establecido. Mientras que el botell\u00f3n muchos negocios los venden entre RD$55 y RD$60, por lo que la gente no sabe a como subir\u00eda cuando oficialmente los procesadores del l\u00edquido acuerden el aumento.<\/p>\n<p>Asimismo, se quejaron de que\u00a0hay establecimientos comerciales como super colmados, peque\u00f1os super mercados que est\u00e1n vendiendo la funda de hielos a 60 pesos.\u00a0Sin embargo, hay otros negocios que venden la funda de hielo a 50, igual que el botell\u00f3n de agua.<\/p>\n<p>Tambi\u00e9n comerciantes manifestaron que otros productos como la leche encartonada, los jugos, el arroz, las pastas alimenticias, las sardinas, los arenques, el bacalao, los enlatados, los v\u00edveres y otros art\u00edculos esenciales, aumentaron.<\/p>\n<p>Muchos colmados expend\u00edan la libra de arroz a 30 pesos, pero ahora cuesta 35 y 39. \u201cNos echan la culpa a nosotros, pero es que esos productos est\u00e1n aumentando\u00a0y es l\u00f3gico que tenemos que vender de acuerdo a como nos despachen los art\u00edculos\u201d, explic\u00f3 un comerciante del centro hist\u00f3rico de Santiago<\/p>\n","protected":false},"excerpt":{"rendered":"<p>A menos de seis d\u00edas de que la directora ejecutiva de la\u00a0Asociaci\u00f3n de Industrias Purificadoras de agua de la Regi\u00f3n &#8230;<\/p>\n","protected":false},"author":2,"featured_media":114501,"comment_status":"open","ping_status":"open","sticky":false,"template":"","format":"standard","meta":{"footnotes":""},"categories":[26],"tags":[],"class_list":["post-114499","post","type-post","status-publish","format-standard","has-post-thumbnail","hentry","category-economia"],"yoast_head":"<!-- This site is optimized with the Yoast SEO plugin v24.8.1 - https:\/\/yoast.com\/wordpress\/plugins\/seo\/ -->\n<title>Aumentan RD$5 y RD$10 en el precio de los botellones de agua - PotenciaRadiofonicaDominicana.com<\/title>\n<meta name=\"robots\" content=\"index, follow, max-snippet:-1, max-image-preview:large, max-video-preview:-1\" \/>\n<link rel=\"canonical\" href=\"https:\/\/potenciaradiofonicadominicana.com\/portal\/aumentan-rd5-y-rd10-en-el-precio-de-los-botellones-de-agua\/\" \/>\n<meta property=\"og:locale\" content=\"es_ES\" \/>\n<meta property=\"og:type\" content=\"article\" \/>\n<meta property=\"og:title\" content=\"Aumentan RD$5 y RD$10 en el precio de los botellones de agua - PotenciaRadiofonicaDominicana.com\" \/>\n<meta property=\"og:description\" content=\"A menos de seis d\u00edas de que la directora ejecutiva de la\u00a0Asociaci\u00f3n de Industrias Purificadoras de agua de la Regi\u00f3n ...\" \/>\n<meta property=\"og:url\" content=\"https:\/\/potenciaradiofonicadominicana.com\/portal\/aumentan-rd5-y-rd10-en-el-precio-de-los-botellones-de-agua\/\" \/>\n<meta property=\"og:site_name\" content=\"PotenciaRadiofonicaDominicana.com\" \/>\n<meta property=\"article:publisher\" content=\"https:\/\/web.facebook.com\/PotenciaRadiofonicaD\" \/>\n<meta property=\"article:published_time\" content=\"2022-01-31T12:49:40+00:00\" \/>\n<meta property=\"og:image\" content=\"https:\/\/potenciaradiofonicadominicana.com\/portal\/wp-content\/uploads\/2022\/01\/botellones-de-agua-990x640.jpg\" \/>\n\t<meta property=\"og:image:width\" content=\"990\" \/>\n\t<meta property=\"og:image:height\" content=\"640\" \/>\n\t<meta property=\"og:image:type\" content=\"image\/jpeg\" \/>\n<meta name=\"author\" content=\"Potencia Radiof\u00f3nica Dominicana\" \/>\n<meta name=\"twitter:card\" content=\"summary_large_image\" \/>\n<meta name=\"twitter:label1\" content=\"Escrito por\" \/>\n\t<meta name=\"twitter:data1\" content=\"Potencia Radiof\u00f3nica Dominicana\" \/>\n\t<meta name=\"twitter:label2\" content=\"Tiempo de lectura\" \/>\n\t<meta name=\"twitter:data2\" content=\"2 minutos\" \/>\n<script type=\"application\/ld+json\" class=\"yoast-schema-graph\">{\"@context\":\"https:\/\/schema.org\",\"@graph\":[{\"@type\":\"Article\",\"@id\":\"https:\/\/potenciaradiofonicadominicana.com\/portal\/aumentan-rd5-y-rd10-en-el-precio-de-los-botellones-de-agua\/#article\",\"isPartOf\":{\"@id\":\"https:\/\/potenciaradiofonicadominicana.com\/portal\/aumentan-rd5-y-rd10-en-el-precio-de-los-botellones-de-agua\/\"},\"author\":{\"name\":\"Potencia Radiof\u00f3nica Dominicana\",\"@id\":\"https:\/\/potenciaradiofonicadominicana.com\/portal\/#\/schema\/person\/a5cf1fea13877803ee0573ac18b03490\"},\"headline\":\"Aumentan RD$5 y RD$10 en el precio de los botellones de agua\",\"datePublished\":\"2022-01-31T12:49:40+00:00\",\"mainEntityOfPage\":{\"@id\":\"https:\/\/potenciaradiofonicadominicana.com\/portal\/aumentan-rd5-y-rd10-en-el-precio-de-los-botellones-de-agua\/\"},\"wordCount\":385,\"commentCount\":0,\"publisher\":{\"@id\":\"https:\/\/potenciaradiofonicadominicana.com\/portal\/#organization\"},\"image\":{\"@id\":\"https:\/\/potenciaradiofonicadominicana.com\/portal\/aumentan-rd5-y-rd10-en-el-precio-de-los-botellones-de-agua\/#primaryimage\"},\"thumbnailUrl\":\"https:\/\/potenciaradiofonicadominicana.com\/portal\/wp-content\/uploads\/2022\/01\/botellones-de-agua-990x640.jpg\",\"articleSection\":[\"Econom\u00eda\"],\"inLanguage\":\"es\",\"potentialAction\":[{\"@type\":\"CommentAction\",\"name\":\"Comment\",\"target\":[\"https:\/\/potenciaradiofonicadominicana.com\/portal\/aumentan-rd5-y-rd10-en-el-precio-de-los-botellones-de-agua\/#respond\"]}]},{\"@type\":\"WebPage\",\"@id\":\"https:\/\/potenciaradiofonicadominicana.com\/portal\/aumentan-rd5-y-rd10-en-el-precio-de-los-botellones-de-agua\/\",\"url\":\"https:\/\/potenciaradiofonicadominicana.com\/portal\/aumentan-rd5-y-rd10-en-el-precio-de-los-botellones-de-agua\/\",\"name\":\"Aumentan RD$5 y RD$10 en el precio de los botellones de agua - PotenciaRadiofonicaDominicana.com\",\"isPartOf\":{\"@id\":\"https:\/\/potenciaradiofonicadominicana.com\/portal\/#website\"},\"primaryImageOfPage\":{\"@id\":\"https:\/\/potenciaradiofonicadominicana.com\/portal\/aumentan-rd5-y-rd10-en-el-precio-de-los-botellones-de-agua\/#primaryimage\"},\"image\":{\"@id\":\"https:\/\/potenciaradiofonicadominicana.com\/portal\/aumentan-rd5-y-rd10-en-el-precio-de-los-botellones-de-agua\/#primaryimage\"},\"thumbnailUrl\":\"https:\/\/potenciaradiofonicadominicana.com\/portal\/wp-content\/uploads\/2022\/01\/botellones-de-agua-990x640.jpg\",\"datePublished\":\"2022-01-31T12:49:40+00:00\",\"breadcrumb\":{\"@id\":\"https:\/\/potenciaradiofonicadominicana.com\/portal\/aumentan-rd5-y-rd10-en-el-precio-de-los-botellones-de-agua\/#breadcrumb\"},\"inLanguage\":\"es\",\"potentialAction\":[{\"@type\":\"ReadAction\",\"target\":[\"https:\/\/potenciaradiofonicadominicana.com\/portal\/aumentan-rd5-y-rd10-en-el-precio-de-los-botellones-de-agua\/\"]}]},{\"@type\":\"ImageObject\",\"inLanguage\":\"es\",\"@id\":\"https:\/\/potenciaradiofonicadominicana.com\/portal\/aumentan-rd5-y-rd10-en-el-precio-de-los-botellones-de-agua\/#primaryimage\",\"url\":\"https:\/\/potenciaradiofonicadominicana.com\/portal\/wp-content\/uploads\/2022\/01\/botellones-de-agua-990x640.jpg\",\"contentUrl\":\"https:\/\/potenciaradiofonicadominicana.com\/portal\/wp-content\/uploads\/2022\/01\/botellones-de-agua-990x640.jpg\",\"width\":990,\"height\":640},{\"@type\":\"BreadcrumbList\",\"@id\":\"https:\/\/potenciaradiofonicadominicana.com\/portal\/aumentan-rd5-y-rd10-en-el-precio-de-los-botellones-de-agua\/#breadcrumb\",\"itemListElement\":[{\"@type\":\"ListItem\",\"position\":1,\"name\":\"Portada\",\"item\":\"https:\/\/potenciaradiofonicadominicana.com\/portal\/\"},{\"@type\":\"ListItem\",\"position\":2,\"name\":\"Aumentan RD$5 y RD$10 en el precio de los botellones de agua\"}]},{\"@type\":\"WebSite\",\"@id\":\"https:\/\/potenciaradiofonicadominicana.com\/portal\/#website\",\"url\":\"https:\/\/potenciaradiofonicadominicana.com\/portal\/\",\"name\":\"PotenciaRadiofonicaDominicana.com\",\"description\":\"Peri\u00f3dico Digital\",\"publisher\":{\"@id\":\"https:\/\/potenciaradiofonicadominicana.com\/portal\/#organization\"},\"potentialAction\":[{\"@type\":\"SearchAction\",\"target\":{\"@type\":\"EntryPoint\",\"urlTemplate\":\"https:\/\/potenciaradiofonicadominicana.com\/portal\/?s={search_term_string}\"},\"query-input\":{\"@type\":\"PropertyValueSpecification\",\"valueRequired\":true,\"valueName\":\"search_term_string\"}}],\"inLanguage\":\"es\"},{\"@type\":\"Organization\",\"@id\":\"https:\/\/potenciaradiofonicadominicana.com\/portal\/#organization\",\"name\":\"PotenciaRadiofonicaDominicana.com\",\"url\":\"https:\/\/potenciaradiofonicadominicana.com\/portal\/\",\"logo\":{\"@type\":\"ImageObject\",\"inLanguage\":\"es\",\"@id\":\"https:\/\/potenciaradiofonicadominicana.com\/portal\/#\/schema\/logo\/image\/\",\"url\":\"https:\/\/potenciaradiofonicadominicana.com\/portal\/wp-content\/uploads\/2022\/01\/descarga.png\",\"contentUrl\":\"https:\/\/potenciaradiofonicadominicana.com\/portal\/wp-content\/uploads\/2022\/01\/descarga.png\",\"width\":300,\"height\":100,\"caption\":\"PotenciaRadiofonicaDominicana.com\"},\"image\":{\"@id\":\"https:\/\/potenciaradiofonicadominicana.com\/portal\/#\/schema\/logo\/image\/\"},\"sameAs\":[\"https:\/\/web.facebook.com\/PotenciaRadiofonicaD\"]},{\"@type\":\"Person\",\"@id\":\"https:\/\/potenciaradiofonicadominicana.com\/portal\/#\/schema\/person\/a5cf1fea13877803ee0573ac18b03490\",\"name\":\"Potencia Radiof\u00f3nica Dominicana\",\"image\":{\"@type\":\"ImageObject\",\"inLanguage\":\"es\",\"@id\":\"https:\/\/potenciaradiofonicadominicana.com\/portal\/#\/schema\/person\/image\/\",\"url\":\"https:\/\/secure.gravatar.com\/avatar\/42a55ab9e8ccc656ba34cd791990602a?s=96&d=mm&r=g\",\"contentUrl\":\"https:\/\/secure.gravatar.com\/avatar\/42a55ab9e8ccc656ba34cd791990602a?s=96&d=mm&r=g\",\"caption\":\"Potencia Radiof\u00f3nica Dominicana\"},\"url\":\"https:\/\/potenciaradiofonicadominicana.com\/portal\/author\/johannyalmanzar\/\"}]}<\/script>\n<!-- \/ Yoast SEO plugin. -->","yoast_head_json":{"title":"Aumentan RD$5 y RD$10 en el precio de los botellones de agua - PotenciaRadiofonicaDominicana.com","robots":{"index":"index","follow":"follow","max-snippet":"max-snippet:-1","max-image-preview":"max-image-preview:large","max-video-preview":"max-video-preview:-1"},"canonical":"https:\/\/potenciaradiofonicadominicana.com\/portal\/aumentan-rd5-y-rd10-en-el-precio-de-los-botellones-de-agua\/","og_locale":"es_ES","og_type":"article","og_title":"Aumentan RD$5 y RD$10 en el precio de los botellones de agua - PotenciaRadiofonicaDominicana.com","og_description":"A menos de seis d\u00edas de que la directora ejecutiva de la\u00a0Asociaci\u00f3n de Industrias Purificadoras de agua de la Regi\u00f3n ...","og_url":"https:\/\/potenciaradiofonicadominicana.com\/portal\/aumentan-rd5-y-rd10-en-el-precio-de-los-botellones-de-agua\/","og_site_name":"PotenciaRadiofonicaDominicana.com","article_publisher":"https:\/\/web.facebook.com\/PotenciaRadiofonicaD","article_published_time":"2022-01-31T12:49:40+00:00","og_image":[{"width":990,"height":640,"url":"https:\/\/potenciaradiofonicadominicana.com\/portal\/wp-content\/uploads\/2022\/01\/botellones-de-agua-990x640.jpg","type":"image\/jpeg"}],"author":"Potencia Radiof\u00f3nica Dominicana","twitter_card":"summary_large_image","twitter_misc":{"Escrito por":"Potencia Radiof\u00f3nica Dominicana","Tiempo de lectura":"2 minutos"},"schema":{"@context":"https:\/\/schema.org","@graph":[{"@type":"Article","@id":"https:\/\/potenciaradiofonicadominicana.com\/portal\/aumentan-rd5-y-rd10-en-el-precio-de-los-botellones-de-agua\/#article","isPartOf":{"@id":"https:\/\/potenciaradiofonicadominicana.com\/portal\/aumentan-rd5-y-rd10-en-el-precio-de-los-botellones-de-agua\/"},"author":{"name":"Potencia Radiof\u00f3nica Dominicana","@id":"https:\/\/potenciaradiofonicadominicana.com\/portal\/#\/schema\/person\/a5cf1fea13877803ee0573ac18b03490"},"headline":"Aumentan RD$5 y RD$10 en el precio de los botellones de agua","datePublished":"2022-01-31T12:49:40+00:00","mainEntityOfPage":{"@id":"https:\/\/potenciaradiofonicadominicana.com\/portal\/aumentan-rd5-y-rd10-en-el-precio-de-los-botellones-de-agua\/"},"wordCount":385,"commentCount":0,"publisher":{"@id":"https:\/\/potenciaradiofonicadominicana.com\/portal\/#organization"},"image":{"@id":"https:\/\/potenciaradiofonicadominicana.com\/portal\/aumentan-rd5-y-rd10-en-el-precio-de-los-botellones-de-agua\/#primaryimage"},"thumbnailUrl":"https:\/\/potenciaradiofonicadominicana.com\/portal\/wp-content\/uploads\/2022\/01\/botellones-de-agua-990x640.jpg","articleSection":["Econom\u00eda"],"inLanguage":"es","potentialAction":[{"@type":"CommentAction","name":"Comment","target":["https:\/\/potenciaradiofonicadominicana.com\/portal\/aumentan-rd5-y-rd10-en-el-precio-de-los-botellones-de-agua\/#respond"]}]},{"@type":"WebPage","@id":"https:\/\/potenciaradiofonicadominicana.com\/portal\/aumentan-rd5-y-rd10-en-el-precio-de-los-botellones-de-agua\/","url":"https:\/\/potenciaradiofonicadominicana.com\/portal\/aumentan-rd5-y-rd10-en-el-precio-de-los-botellones-de-agua\/","name":"Aumentan RD$5 y RD$10 en el precio de los botellones de agua - PotenciaRadiofonicaDominicana.com","isPartOf":{"@id":"https:\/\/potenciaradiofonicadominicana.com\/portal\/#website"},"primaryImageOfPage":{"@id":"https:\/\/potenciaradiofonicadominicana.com\/portal\/aumentan-rd5-y-rd10-en-el-precio-de-los-botellones-de-agua\/#primaryimage"},"image":{"@id":"https:\/\/potenciaradiofonicadominicana.com\/portal\/aumentan-rd5-y-rd10-en-el-precio-de-los-botellones-de-agua\/#primaryimage"},"thumbnailUrl":"https:\/\/potenciaradiofonicadominicana.com\/portal\/wp-content\/uploads\/2022\/01\/botellones-de-agua-990x640.jpg","datePublished":"2022-01-31T12:49:40+00:00","breadcrumb":{"@id":"https:\/\/potenciaradiofonicadominicana.com\/portal\/aumentan-rd5-y-rd10-en-el-precio-de-los-botellones-de-agua\/#breadcrumb"},"inLanguage":"es","potentialAction":[{"@type":"ReadAction","target":["https:\/\/potenciaradiofonicadominicana.com\/portal\/aumentan-rd5-y-rd10-en-el-precio-de-los-botellones-de-agua\/"]}]},{"@type":"ImageObject","inLanguage":"es","@id":"https:\/\/potenciaradiofonicadominicana.com\/portal\/aumentan-rd5-y-rd10-en-el-precio-de-los-botellones-de-agua\/#primaryimage","url":"https:\/\/potenciaradiofonicadominicana.com\/portal\/wp-content\/uploads\/2022\/01\/botellones-de-agua-990x640.jpg","contentUrl":"https:\/\/potenciaradiofonicadominicana.com\/portal\/wp-content\/uploads\/2022\/01\/botellones-de-agua-990x640.jpg","width":990,"height":640},{"@type":"BreadcrumbList","@id":"https:\/\/potenciaradiofonicadominicana.com\/portal\/aumentan-rd5-y-rd10-en-el-precio-de-los-botellones-de-agua\/#breadcrumb","itemListElement":[{"@type":"ListItem","position":1,"name":"Portada","item":"https:\/\/potenciaradiofonicadominicana.com\/portal\/"},{"@type":"ListItem","position":2,"name":"Aumentan RD$5 y RD$10 en el precio de los botellones de agua"}]},{"@type":"WebSite","@id":"https:\/\/potenciaradiofonicadominicana.com\/portal\/#website","url":"https:\/\/potenciaradiofonicadominicana.com\/portal\/","name":"PotenciaRadiofonicaDominicana.com","description":"Peri\u00f3dico Digital","publisher":{"@id":"https:\/\/potenciaradiofonicadominicana.com\/portal\/#organization"},"potentialAction":[{"@type":"SearchAction","target":{"@type":"EntryPoint","urlTemplate":"https:\/\/potenciaradiofonicadominicana.com\/portal\/?s={search_term_string}"},"query-input":{"@type":"PropertyValueSpecification","valueRequired":true,"valueName":"search_term_string"}}],"inLanguage":"es"},{"@type":"Organization","@id":"https:\/\/potenciaradiofonicadominicana.com\/portal\/#organization","name":"PotenciaRadiofonicaDominicana.com","url":"https:\/\/potenciaradiofonicadominicana.com\/portal\/","logo":{"@type":"ImageObject","inLanguage":"es","@id":"https:\/\/potenciaradiofonicadominicana.com\/portal\/#\/schema\/logo\/image\/","url":"https:\/\/potenciaradiofonicadominicana.com\/portal\/wp-content\/uploads\/2022\/01\/descarga.png","contentUrl":"https:\/\/potenciaradiofonicadominicana.com\/portal\/wp-content\/uploads\/2022\/01\/descarga.png","width":300,"height":100,"caption":"PotenciaRadiofonicaDominicana.com"},"image":{"@id":"https:\/\/potenciaradiofonicadominicana.com\/portal\/#\/schema\/logo\/image\/"},"sameAs":["https:\/\/web.facebook.com\/PotenciaRadiofonicaD"]},{"@type":"Person","@id":"https:\/\/potenciaradiofonicadominicana.com\/portal\/#\/schema\/person\/a5cf1fea13877803ee0573ac18b03490","name":"Potencia Radiof\u00f3nica Dominicana","image":{"@type":"ImageObject","inLanguage":"es","@id":"https:\/\/potenciaradiofonicadominicana.com\/portal\/#\/schema\/person\/image\/","url":"https:\/\/secure.gravatar.com\/avatar\/42a55ab9e8ccc656ba34cd791990602a?s=96&d=mm&r=g","contentUrl":"https:\/\/secure.gravatar.com\/avatar\/42a55ab9e8ccc656ba34cd791990602a?s=96&d=mm&r=g","caption":"Potencia Radiof\u00f3nica Dominicana"},"url":"https:\/\/potenciaradiofonicadominicana.com\/portal\/author\/johannyalmanzar\/"}]}},"_links":{"self":[{"href":"https:\/\/potenciaradiofonicadominicana.com\/portal\/wp-json\/wp\/v2\/posts\/114499","targetHints":{"allow":["GET"]}}],"collection":[{"href":"https:\/\/potenciaradiofonicadominicana.com\/portal\/wp-json\/wp\/v2\/posts"}],"about":[{"href":"https:\/\/potenciaradiofonicadominicana.com\/portal\/wp-json\/wp\/v2\/types\/post"}],"author":[{"embeddable":true,"href":"https:\/\/potenciaradiofonicadominicana.com\/portal\/wp-json\/wp\/v2\/users\/2"}],"replies":[{"embeddable":true,"href":"https:\/\/potenciaradiofonicadominicana.com\/portal\/wp-json\/wp\/v2\/comments?post=114499"}],"version-history":[{"count":1,"href":"https:\/\/potenciaradiofonicadominicana.com\/portal\/wp-json\/wp\/v2\/posts\/114499\/revisions"}],"predecessor-version":[{"id":114503,"href":"https:\/\/potenciaradiofonicadominicana.com\/portal\/wp-json\/wp\/v2\/posts\/114499\/revisions\/114503"}],"wp:featuredmedia":[{"embeddable":true,"href":"https:\/\/potenciaradiofonicadominicana.com\/portal\/wp-json\/wp\/v2\/media\/114501"}],"wp:attachment":[{"href":"https:\/\/potenciaradiofonicadominicana.com\/portal\/wp-json\/wp\/v2\/media?parent=114499"}],"wp:term":[{"taxonomy":"category","embeddable":true,"href":"https:\/\/potenciaradiofonicadominicana.com\/portal\/wp-json\/wp\/v2\/categories?post=114499"},{"taxonomy":"post_tag","embeddable":true,"href":"https:\/\/potenciaradiofonicadominicana.com\/portal\/wp-json\/wp\/v2\/tags?post=114499"}],"curies":[{"name":"wp","href":"https:\/\/api.w.org\/{rel}","templated":true}]}}