{"id":114489,"date":"2022-01-31T08:47:13","date_gmt":"2022-01-31T12:47:13","guid":{"rendered":"https:\/\/potenciaradiofonicadominicana.com\/portal\/?p=114489"},"modified":"2022-01-31T08:47:13","modified_gmt":"2022-01-31T12:47:13","slug":"la-industria-manufacturera-china-se-ralentiza-en-enero-segun-el-gobierno","status":"publish","type":"post","link":"https:\/\/potenciaradiofonicadominicana.com\/portal\/la-industria-manufacturera-china-se-ralentiza-en-enero-segun-el-gobierno\/","title":{"rendered":"La industria manufacturera china se ralentiza en enero, seg\u00fan el Gobierno"},"content":{"rendered":"<p><a href=\"https:\/\/potenciaradiofonicadominicana.com\/portal\/wp-content\/uploads\/2022\/01\/barrio_chino_cdmx_2.jpg\"><img loading=\"lazy\" decoding=\"async\" class=\"alignnone size-full wp-image-114494\" src=\"https:\/\/potenciaradiofonicadominicana.com\/portal\/wp-content\/uploads\/2022\/01\/barrio_chino_cdmx_2.jpg\" alt=\"\" width=\"1201\" height=\"740\" srcset=\"https:\/\/potenciaradiofonicadominicana.com\/portal\/wp-content\/uploads\/2022\/01\/barrio_chino_cdmx_2.jpg 1201w, https:\/\/potenciaradiofonicadominicana.com\/portal\/wp-content\/uploads\/2022\/01\/barrio_chino_cdmx_2-300x185.jpg 300w, https:\/\/potenciaradiofonicadominicana.com\/portal\/wp-content\/uploads\/2022\/01\/barrio_chino_cdmx_2-768x473.jpg 768w, https:\/\/potenciaradiofonicadominicana.com\/portal\/wp-content\/uploads\/2022\/01\/barrio_chino_cdmx_2-1024x631.jpg 1024w\" sizes=\"auto, (max-width: 1201px) 100vw, 1201px\" \/><\/a><\/p>\n<p>La\u00a0industria manufacturera de China\u00a0sufri\u00f3 una\u00a0ralentizaci\u00f3n\u00a0en el primer mes del a\u00f1o, seg\u00fan los datos del Gobierno chino, mientras que la estad\u00edstica extraoficial divulgada por el diario digital privado Caixin -de referencia para inversores- muestra incluso una contracci\u00f3n.<\/p>\n<p>Habitualmente, los datos oficiales de la Oficina Nacional de Estad\u00edstica (ONE) y los de Caixin, elaborados por la consultora brit\u00e1nica IHS Markit, se divulgan mensualmente en d\u00edas consecutivos, pero la cercan\u00eda de los festivos por el A\u00f1o Nuevo lunar ha hecho que coincidan, mostrando dos im\u00e1genes diferentes sobre el sector.<\/p>\n<p>El \u00edndice gerente de compras (PMI, indicador que mide la evoluci\u00f3n del sector manufacturero) de la ONE cay\u00f3 a los 50,1 puntos frente a los 50,3 del pasado diciembre.<\/p>\n<p>En este indicador, un\u00a0dato por encima del umbral de los 50 puntos supone crecimiento, y por debajo, contracci\u00f3n.<\/p>\n<p>La cifra es algo superior a la anticipada por los analistas, que hab\u00edan estimado que la ca\u00edda llegar\u00eda hasta los 50,0 puntos.<\/p>\n<p>La\u00a0econom\u00eda china hubo de enfrentarse en enero a \u00abm\u00faltiples desaf\u00edos\u00bb\u00a0como la \u00abpropagaci\u00f3n de la pandemia\u00bb y un \u00abentorno econ\u00f3mico complejo\u00bb, asegur\u00f3 el estad\u00edstico de la ONE Zhao Qinghe.<\/p>\n<p>La econom\u00eda del pa\u00eds asi\u00e1tico \u00abcontinu\u00f3 recuper\u00e1ndose y desarroll\u00e1ndose\u00bb, explic\u00f3 Zhao, que tambi\u00e9n apunt\u00f3 que \u00abel nivel de prosperidad disminuy\u00f3\u00bb en enero.<\/p>\n<p>En enero,\u00a0China sufri\u00f3 sus primeros brotes de \u00f3micron en lugares como la ciudad costera de Tianjin\u00a0(noreste) y la provincia central de Henan, lugares en los que se aplicaron confinamientos generales o selectivos.<\/p>\n<p>La ralentizaci\u00f3n de la actividad, expuso Zhao, tambi\u00e9n se debe a \u00abla temporada baja\u00bb en la que entran diversos sectores en esta \u00e9poca, cercana ya a las festividades de A\u00f1o Nuevo chino, las m\u00e1s importantes del a\u00f1o en el pa\u00eds asi\u00e1tico.<\/p>\n<p>Entre los cinco sub\u00edndices con los que la ONE compone su PMI -producci\u00f3n, nuevos pedidos, inventario de materias primas, empleo y tiempo de entrega de los distribuidores-, \u00fanicamente el de producci\u00f3n (50,9) logr\u00f3 escapar de la contracci\u00f3n.<\/p>\n<p>El peor parado fue el de tiempo de entrega de los distribuidores (47,6), que cay\u00f3 0,7 puntos con respecto a diciembre, lo que significa que los proveedores de materias primas tardaron m\u00e1s en hacer entrega de sus mercanc\u00edas este mes.<\/p>\n<p>Aparte del PMI manufacturero, la ONE tambi\u00e9n public\u00f3\u00a0el indicador que elabora para medir los negocios no relacionados con la manufactura, que cay\u00f3 desde los 52,7 puntos en diciembre hasta los 51,1\u00a0y destac\u00f3 el mal desempe\u00f1o del sector hotelero y de transporte por los rebrotes de covid, aunque otros como el financiero mostraron una buena salud.<\/p>\n<p>Caixin alerta del efecto de las restricciones<br \/>\nPor su parte, Caixin e IHS Markit afirman que la industria manufacturera cay\u00f3 desde los 50,9 puntos del pasado diciembre hasta los 49,1 en enero.<\/p>\n<p>Es una ca\u00edda m\u00e1s pronunciada que la esperada por los analistas, que predec\u00edan 50,0 puntos.<\/p>\n<p>Caixin achaca principalmente la ca\u00edda a \u00abla expansi\u00f3n de la pandemia en China y las consiguientes restricciones\u00bb.<\/p>\n<p>Seg\u00fan Wang Zhe, economista del Caixin Insight Group, es cada vez \u00abm\u00e1s evidente\u00bb que la econom\u00eda china est\u00e1 sufriendo debido a \u00abtres presiones: una demanda menguante, disrupciones del suministro y expectativas pesimistas\u00bb.<\/p>\n<p>Al igual que la ONE, Caixin subray\u00f3 los \u00abcrecientes retrasos\u00bb en las entregas por parte de proveedores.<\/p>\n<p>Sin embargo, el medio tambi\u00e9n se\u00f1al\u00f3 tendencias positivas para la segunda econom\u00eda del mundo como \u00abla estabilizaci\u00f3n de las presiones inflacionarias\u00bb.<\/p>\n<p>Adem\u00e1s, las perspectivas de los profesionales de la manufactura \u00abson positivas\u00bb y las empresas consultadas\u00a0por Caixin mostraron \u00abconfianza\u00bb en que China pueda \u00abmantener bajo control la pandemia\u00bb, haciendo que \u00abla demanda y la log\u00edstica se recuperen\u00bb.<\/p>\n<p>Seg\u00fan Wang, \u00abla estabilidad\u00bb deber\u00eda ser \u00abla prioridad\u00bb de las autoridades chinas durante este a\u00f1o, que deber\u00edan asimismo \u00abincrementar su apoyo a las pymes\u00bb y hacer sus pol\u00edticas \u00abm\u00e1s predecibles\u00bb.<\/p>\n","protected":false},"excerpt":{"rendered":"<p>La\u00a0industria manufacturera de China\u00a0sufri\u00f3 una\u00a0ralentizaci\u00f3n\u00a0en el primer mes del a\u00f1o, seg\u00fan los datos del Gobierno chino, mientras que la estad\u00edstica &#8230;<\/p>\n","protected":false},"author":2,"featured_media":114494,"comment_status":"open","ping_status":"open","sticky":false,"template":"","format":"standard","meta":{"footnotes":""},"categories":[26],"tags":[],"class_list":["post-114489","post","type-post","status-publish","format-standard","has-post-thumbnail","hentry","category-economia"],"yoast_head":"<!-- This site is optimized with the Yoast SEO plugin v24.8.1 - https:\/\/yoast.com\/wordpress\/plugins\/seo\/ -->\n<title>La industria manufacturera china se ralentiza en enero, seg\u00fan el Gobierno - PotenciaRadiofonicaDominicana.com<\/title>\n<meta name=\"robots\" content=\"index, follow, max-snippet:-1, max-image-preview:large, max-video-preview:-1\" \/>\n<link rel=\"canonical\" href=\"https:\/\/potenciaradiofonicadominicana.com\/portal\/la-industria-manufacturera-china-se-ralentiza-en-enero-segun-el-gobierno\/\" \/>\n<meta property=\"og:locale\" content=\"es_ES\" \/>\n<meta property=\"og:type\" content=\"article\" \/>\n<meta property=\"og:title\" content=\"La industria manufacturera china se ralentiza en enero, seg\u00fan el Gobierno - PotenciaRadiofonicaDominicana.com\" \/>\n<meta property=\"og:description\" content=\"La\u00a0industria manufacturera de China\u00a0sufri\u00f3 una\u00a0ralentizaci\u00f3n\u00a0en el primer mes del a\u00f1o, seg\u00fan los datos del Gobierno chino, mientras que la estad\u00edstica ...\" \/>\n<meta property=\"og:url\" content=\"https:\/\/potenciaradiofonicadominicana.com\/portal\/la-industria-manufacturera-china-se-ralentiza-en-enero-segun-el-gobierno\/\" \/>\n<meta property=\"og:site_name\" content=\"PotenciaRadiofonicaDominicana.com\" \/>\n<meta property=\"article:publisher\" content=\"https:\/\/web.facebook.com\/PotenciaRadiofonicaD\" \/>\n<meta property=\"article:published_time\" content=\"2022-01-31T12:47:13+00:00\" \/>\n<meta property=\"og:image\" content=\"https:\/\/potenciaradiofonicadominicana.com\/portal\/wp-content\/uploads\/2022\/01\/barrio_chino_cdmx_2.jpg\" \/>\n\t<meta property=\"og:image:width\" content=\"1201\" \/>\n\t<meta property=\"og:image:height\" content=\"740\" \/>\n\t<meta property=\"og:image:type\" content=\"image\/jpeg\" \/>\n<meta name=\"author\" content=\"Potencia Radiof\u00f3nica Dominicana\" \/>\n<meta name=\"twitter:card\" content=\"summary_large_image\" \/>\n<meta name=\"twitter:label1\" content=\"Escrito por\" \/>\n\t<meta name=\"twitter:data1\" content=\"Potencia Radiof\u00f3nica Dominicana\" \/>\n\t<meta name=\"twitter:label2\" content=\"Tiempo de lectura\" \/>\n\t<meta name=\"twitter:data2\" content=\"3 minutos\" \/>\n<script type=\"application\/ld+json\" class=\"yoast-schema-graph\">{\"@context\":\"https:\/\/schema.org\",\"@graph\":[{\"@type\":\"Article\",\"@id\":\"https:\/\/potenciaradiofonicadominicana.com\/portal\/la-industria-manufacturera-china-se-ralentiza-en-enero-segun-el-gobierno\/#article\",\"isPartOf\":{\"@id\":\"https:\/\/potenciaradiofonicadominicana.com\/portal\/la-industria-manufacturera-china-se-ralentiza-en-enero-segun-el-gobierno\/\"},\"author\":{\"name\":\"Potencia Radiof\u00f3nica Dominicana\",\"@id\":\"https:\/\/potenciaradiofonicadominicana.com\/portal\/#\/schema\/person\/a5cf1fea13877803ee0573ac18b03490\"},\"headline\":\"La industria manufacturera china se ralentiza en enero, seg\u00fan el Gobierno\",\"datePublished\":\"2022-01-31T12:47:13+00:00\",\"mainEntityOfPage\":{\"@id\":\"https:\/\/potenciaradiofonicadominicana.com\/portal\/la-industria-manufacturera-china-se-ralentiza-en-enero-segun-el-gobierno\/\"},\"wordCount\":685,\"commentCount\":0,\"publisher\":{\"@id\":\"https:\/\/potenciaradiofonicadominicana.com\/portal\/#organization\"},\"image\":{\"@id\":\"https:\/\/potenciaradiofonicadominicana.com\/portal\/la-industria-manufacturera-china-se-ralentiza-en-enero-segun-el-gobierno\/#primaryimage\"},\"thumbnailUrl\":\"https:\/\/potenciaradiofonicadominicana.com\/portal\/wp-content\/uploads\/2022\/01\/barrio_chino_cdmx_2.jpg\",\"articleSection\":[\"Econom\u00eda\"],\"inLanguage\":\"es\",\"potentialAction\":[{\"@type\":\"CommentAction\",\"name\":\"Comment\",\"target\":[\"https:\/\/potenciaradiofonicadominicana.com\/portal\/la-industria-manufacturera-china-se-ralentiza-en-enero-segun-el-gobierno\/#respond\"]}]},{\"@type\":\"WebPage\",\"@id\":\"https:\/\/potenciaradiofonicadominicana.com\/portal\/la-industria-manufacturera-china-se-ralentiza-en-enero-segun-el-gobierno\/\",\"url\":\"https:\/\/potenciaradiofonicadominicana.com\/portal\/la-industria-manufacturera-china-se-ralentiza-en-enero-segun-el-gobierno\/\",\"name\":\"La industria manufacturera china se ralentiza en enero, seg\u00fan el Gobierno - PotenciaRadiofonicaDominicana.com\",\"isPartOf\":{\"@id\":\"https:\/\/potenciaradiofonicadominicana.com\/portal\/#website\"},\"primaryImageOfPage\":{\"@id\":\"https:\/\/potenciaradiofonicadominicana.com\/portal\/la-industria-manufacturera-china-se-ralentiza-en-enero-segun-el-gobierno\/#primaryimage\"},\"image\":{\"@id\":\"https:\/\/potenciaradiofonicadominicana.com\/portal\/la-industria-manufacturera-china-se-ralentiza-en-enero-segun-el-gobierno\/#primaryimage\"},\"thumbnailUrl\":\"https:\/\/potenciaradiofonicadominicana.com\/portal\/wp-content\/uploads\/2022\/01\/barrio_chino_cdmx_2.jpg\",\"datePublished\":\"2022-01-31T12:47:13+00:00\",\"breadcrumb\":{\"@id\":\"https:\/\/potenciaradiofonicadominicana.com\/portal\/la-industria-manufacturera-china-se-ralentiza-en-enero-segun-el-gobierno\/#breadcrumb\"},\"inLanguage\":\"es\",\"potentialAction\":[{\"@type\":\"ReadAction\",\"target\":[\"https:\/\/potenciaradiofonicadominicana.com\/portal\/la-industria-manufacturera-china-se-ralentiza-en-enero-segun-el-gobierno\/\"]}]},{\"@type\":\"ImageObject\",\"inLanguage\":\"es\",\"@id\":\"https:\/\/potenciaradiofonicadominicana.com\/portal\/la-industria-manufacturera-china-se-ralentiza-en-enero-segun-el-gobierno\/#primaryimage\",\"url\":\"https:\/\/potenciaradiofonicadominicana.com\/portal\/wp-content\/uploads\/2022\/01\/barrio_chino_cdmx_2.jpg\",\"contentUrl\":\"https:\/\/potenciaradiofonicadominicana.com\/portal\/wp-content\/uploads\/2022\/01\/barrio_chino_cdmx_2.jpg\",\"width\":1201,\"height\":740},{\"@type\":\"BreadcrumbList\",\"@id\":\"https:\/\/potenciaradiofonicadominicana.com\/portal\/la-industria-manufacturera-china-se-ralentiza-en-enero-segun-el-gobierno\/#breadcrumb\",\"itemListElement\":[{\"@type\":\"ListItem\",\"position\":1,\"name\":\"Portada\",\"item\":\"https:\/\/potenciaradiofonicadominicana.com\/portal\/\"},{\"@type\":\"ListItem\",\"position\":2,\"name\":\"La industria manufacturera china se ralentiza en enero, seg\u00fan el Gobierno\"}]},{\"@type\":\"WebSite\",\"@id\":\"https:\/\/potenciaradiofonicadominicana.com\/portal\/#website\",\"url\":\"https:\/\/potenciaradiofonicadominicana.com\/portal\/\",\"name\":\"PotenciaRadiofonicaDominicana.com\",\"description\":\"Peri\u00f3dico Digital\",\"publisher\":{\"@id\":\"https:\/\/potenciaradiofonicadominicana.com\/portal\/#organization\"},\"potentialAction\":[{\"@type\":\"SearchAction\",\"target\":{\"@type\":\"EntryPoint\",\"urlTemplate\":\"https:\/\/potenciaradiofonicadominicana.com\/portal\/?s={search_term_string}\"},\"query-input\":{\"@type\":\"PropertyValueSpecification\",\"valueRequired\":true,\"valueName\":\"search_term_string\"}}],\"inLanguage\":\"es\"},{\"@type\":\"Organization\",\"@id\":\"https:\/\/potenciaradiofonicadominicana.com\/portal\/#organization\",\"name\":\"PotenciaRadiofonicaDominicana.com\",\"url\":\"https:\/\/potenciaradiofonicadominicana.com\/portal\/\",\"logo\":{\"@type\":\"ImageObject\",\"inLanguage\":\"es\",\"@id\":\"https:\/\/potenciaradiofonicadominicana.com\/portal\/#\/schema\/logo\/image\/\",\"url\":\"https:\/\/potenciaradiofonicadominicana.com\/portal\/wp-content\/uploads\/2022\/01\/descarga.png\",\"contentUrl\":\"https:\/\/potenciaradiofonicadominicana.com\/portal\/wp-content\/uploads\/2022\/01\/descarga.png\",\"width\":300,\"height\":100,\"caption\":\"PotenciaRadiofonicaDominicana.com\"},\"image\":{\"@id\":\"https:\/\/potenciaradiofonicadominicana.com\/portal\/#\/schema\/logo\/image\/\"},\"sameAs\":[\"https:\/\/web.facebook.com\/PotenciaRadiofonicaD\"]},{\"@type\":\"Person\",\"@id\":\"https:\/\/potenciaradiofonicadominicana.com\/portal\/#\/schema\/person\/a5cf1fea13877803ee0573ac18b03490\",\"name\":\"Potencia Radiof\u00f3nica Dominicana\",\"image\":{\"@type\":\"ImageObject\",\"inLanguage\":\"es\",\"@id\":\"https:\/\/potenciaradiofonicadominicana.com\/portal\/#\/schema\/person\/image\/\",\"url\":\"https:\/\/secure.gravatar.com\/avatar\/42a55ab9e8ccc656ba34cd791990602a?s=96&d=mm&r=g\",\"contentUrl\":\"https:\/\/secure.gravatar.com\/avatar\/42a55ab9e8ccc656ba34cd791990602a?s=96&d=mm&r=g\",\"caption\":\"Potencia Radiof\u00f3nica Dominicana\"},\"url\":\"https:\/\/potenciaradiofonicadominicana.com\/portal\/author\/johannyalmanzar\/\"}]}<\/script>\n<!-- \/ Yoast SEO plugin. -->","yoast_head_json":{"title":"La industria manufacturera china se ralentiza en enero, seg\u00fan el Gobierno - PotenciaRadiofonicaDominicana.com","robots":{"index":"index","follow":"follow","max-snippet":"max-snippet:-1","max-image-preview":"max-image-preview:large","max-video-preview":"max-video-preview:-1"},"canonical":"https:\/\/potenciaradiofonicadominicana.com\/portal\/la-industria-manufacturera-china-se-ralentiza-en-enero-segun-el-gobierno\/","og_locale":"es_ES","og_type":"article","og_title":"La industria manufacturera china se ralentiza en enero, seg\u00fan el Gobierno - PotenciaRadiofonicaDominicana.com","og_description":"La\u00a0industria manufacturera de China\u00a0sufri\u00f3 una\u00a0ralentizaci\u00f3n\u00a0en el primer mes del a\u00f1o, seg\u00fan los datos del Gobierno chino, mientras que la estad\u00edstica ...","og_url":"https:\/\/potenciaradiofonicadominicana.com\/portal\/la-industria-manufacturera-china-se-ralentiza-en-enero-segun-el-gobierno\/","og_site_name":"PotenciaRadiofonicaDominicana.com","article_publisher":"https:\/\/web.facebook.com\/PotenciaRadiofonicaD","article_published_time":"2022-01-31T12:47:13+00:00","og_image":[{"width":1201,"height":740,"url":"https:\/\/potenciaradiofonicadominicana.com\/portal\/wp-content\/uploads\/2022\/01\/barrio_chino_cdmx_2.jpg","type":"image\/jpeg"}],"author":"Potencia Radiof\u00f3nica Dominicana","twitter_card":"summary_large_image","twitter_misc":{"Escrito por":"Potencia Radiof\u00f3nica Dominicana","Tiempo de lectura":"3 minutos"},"schema":{"@context":"https:\/\/schema.org","@graph":[{"@type":"Article","@id":"https:\/\/potenciaradiofonicadominicana.com\/portal\/la-industria-manufacturera-china-se-ralentiza-en-enero-segun-el-gobierno\/#article","isPartOf":{"@id":"https:\/\/potenciaradiofonicadominicana.com\/portal\/la-industria-manufacturera-china-se-ralentiza-en-enero-segun-el-gobierno\/"},"author":{"name":"Potencia Radiof\u00f3nica Dominicana","@id":"https:\/\/potenciaradiofonicadominicana.com\/portal\/#\/schema\/person\/a5cf1fea13877803ee0573ac18b03490"},"headline":"La industria manufacturera china se ralentiza en enero, seg\u00fan el Gobierno","datePublished":"2022-01-31T12:47:13+00:00","mainEntityOfPage":{"@id":"https:\/\/potenciaradiofonicadominicana.com\/portal\/la-industria-manufacturera-china-se-ralentiza-en-enero-segun-el-gobierno\/"},"wordCount":685,"commentCount":0,"publisher":{"@id":"https:\/\/potenciaradiofonicadominicana.com\/portal\/#organization"},"image":{"@id":"https:\/\/potenciaradiofonicadominicana.com\/portal\/la-industria-manufacturera-china-se-ralentiza-en-enero-segun-el-gobierno\/#primaryimage"},"thumbnailUrl":"https:\/\/potenciaradiofonicadominicana.com\/portal\/wp-content\/uploads\/2022\/01\/barrio_chino_cdmx_2.jpg","articleSection":["Econom\u00eda"],"inLanguage":"es","potentialAction":[{"@type":"CommentAction","name":"Comment","target":["https:\/\/potenciaradiofonicadominicana.com\/portal\/la-industria-manufacturera-china-se-ralentiza-en-enero-segun-el-gobierno\/#respond"]}]},{"@type":"WebPage","@id":"https:\/\/potenciaradiofonicadominicana.com\/portal\/la-industria-manufacturera-china-se-ralentiza-en-enero-segun-el-gobierno\/","url":"https:\/\/potenciaradiofonicadominicana.com\/portal\/la-industria-manufacturera-china-se-ralentiza-en-enero-segun-el-gobierno\/","name":"La industria manufacturera china se ralentiza en enero, seg\u00fan el Gobierno - PotenciaRadiofonicaDominicana.com","isPartOf":{"@id":"https:\/\/potenciaradiofonicadominicana.com\/portal\/#website"},"primaryImageOfPage":{"@id":"https:\/\/potenciaradiofonicadominicana.com\/portal\/la-industria-manufacturera-china-se-ralentiza-en-enero-segun-el-gobierno\/#primaryimage"},"image":{"@id":"https:\/\/potenciaradiofonicadominicana.com\/portal\/la-industria-manufacturera-china-se-ralentiza-en-enero-segun-el-gobierno\/#primaryimage"},"thumbnailUrl":"https:\/\/potenciaradiofonicadominicana.com\/portal\/wp-content\/uploads\/2022\/01\/barrio_chino_cdmx_2.jpg","datePublished":"2022-01-31T12:47:13+00:00","breadcrumb":{"@id":"https:\/\/potenciaradiofonicadominicana.com\/portal\/la-industria-manufacturera-china-se-ralentiza-en-enero-segun-el-gobierno\/#breadcrumb"},"inLanguage":"es","potentialAction":[{"@type":"ReadAction","target":["https:\/\/potenciaradiofonicadominicana.com\/portal\/la-industria-manufacturera-china-se-ralentiza-en-enero-segun-el-gobierno\/"]}]},{"@type":"ImageObject","inLanguage":"es","@id":"https:\/\/potenciaradiofonicadominicana.com\/portal\/la-industria-manufacturera-china-se-ralentiza-en-enero-segun-el-gobierno\/#primaryimage","url":"https:\/\/potenciaradiofonicadominicana.com\/portal\/wp-content\/uploads\/2022\/01\/barrio_chino_cdmx_2.jpg","contentUrl":"https:\/\/potenciaradiofonicadominicana.com\/portal\/wp-content\/uploads\/2022\/01\/barrio_chino_cdmx_2.jpg","width":1201,"height":740},{"@type":"BreadcrumbList","@id":"https:\/\/potenciaradiofonicadominicana.com\/portal\/la-industria-manufacturera-china-se-ralentiza-en-enero-segun-el-gobierno\/#breadcrumb","itemListElement":[{"@type":"ListItem","position":1,"name":"Portada","item":"https:\/\/potenciaradiofonicadominicana.com\/portal\/"},{"@type":"ListItem","position":2,"name":"La industria manufacturera china se ralentiza en enero, seg\u00fan el Gobierno"}]},{"@type":"WebSite","@id":"https:\/\/potenciaradiofonicadominicana.com\/portal\/#website","url":"https:\/\/potenciaradiofonicadominicana.com\/portal\/","name":"PotenciaRadiofonicaDominicana.com","description":"Peri\u00f3dico Digital","publisher":{"@id":"https:\/\/potenciaradiofonicadominicana.com\/portal\/#organization"},"potentialAction":[{"@type":"SearchAction","target":{"@type":"EntryPoint","urlTemplate":"https:\/\/potenciaradiofonicadominicana.com\/portal\/?s={search_term_string}"},"query-input":{"@type":"PropertyValueSpecification","valueRequired":true,"valueName":"search_term_string"}}],"inLanguage":"es"},{"@type":"Organization","@id":"https:\/\/potenciaradiofonicadominicana.com\/portal\/#organization","name":"PotenciaRadiofonicaDominicana.com","url":"https:\/\/potenciaradiofonicadominicana.com\/portal\/","logo":{"@type":"ImageObject","inLanguage":"es","@id":"https:\/\/potenciaradiofonicadominicana.com\/portal\/#\/schema\/logo\/image\/","url":"https:\/\/potenciaradiofonicadominicana.com\/portal\/wp-content\/uploads\/2022\/01\/descarga.png","contentUrl":"https:\/\/potenciaradiofonicadominicana.com\/portal\/wp-content\/uploads\/2022\/01\/descarga.png","width":300,"height":100,"caption":"PotenciaRadiofonicaDominicana.com"},"image":{"@id":"https:\/\/potenciaradiofonicadominicana.com\/portal\/#\/schema\/logo\/image\/"},"sameAs":["https:\/\/web.facebook.com\/PotenciaRadiofonicaD"]},{"@type":"Person","@id":"https:\/\/potenciaradiofonicadominicana.com\/portal\/#\/schema\/person\/a5cf1fea13877803ee0573ac18b03490","name":"Potencia Radiof\u00f3nica Dominicana","image":{"@type":"ImageObject","inLanguage":"es","@id":"https:\/\/potenciaradiofonicadominicana.com\/portal\/#\/schema\/person\/image\/","url":"https:\/\/secure.gravatar.com\/avatar\/42a55ab9e8ccc656ba34cd791990602a?s=96&d=mm&r=g","contentUrl":"https:\/\/secure.gravatar.com\/avatar\/42a55ab9e8ccc656ba34cd791990602a?s=96&d=mm&r=g","caption":"Potencia Radiof\u00f3nica Dominicana"},"url":"https:\/\/potenciaradiofonicadominicana.com\/portal\/author\/johannyalmanzar\/"}]}},"_links":{"self":[{"href":"https:\/\/potenciaradiofonicadominicana.com\/portal\/wp-json\/wp\/v2\/posts\/114489","targetHints":{"allow":["GET"]}}],"collection":[{"href":"https:\/\/potenciaradiofonicadominicana.com\/portal\/wp-json\/wp\/v2\/posts"}],"about":[{"href":"https:\/\/potenciaradiofonicadominicana.com\/portal\/wp-json\/wp\/v2\/types\/post"}],"author":[{"embeddable":true,"href":"https:\/\/potenciaradiofonicadominicana.com\/portal\/wp-json\/wp\/v2\/users\/2"}],"replies":[{"embeddable":true,"href":"https:\/\/potenciaradiofonicadominicana.com\/portal\/wp-json\/wp\/v2\/comments?post=114489"}],"version-history":[{"count":1,"href":"https:\/\/potenciaradiofonicadominicana.com\/portal\/wp-json\/wp\/v2\/posts\/114489\/revisions"}],"predecessor-version":[{"id":114497,"href":"https:\/\/potenciaradiofonicadominicana.com\/portal\/wp-json\/wp\/v2\/posts\/114489\/revisions\/114497"}],"wp:featuredmedia":[{"embeddable":true,"href":"https:\/\/potenciaradiofonicadominicana.com\/portal\/wp-json\/wp\/v2\/media\/114494"}],"wp:attachment":[{"href":"https:\/\/potenciaradiofonicadominicana.com\/portal\/wp-json\/wp\/v2\/media?parent=114489"}],"wp:term":[{"taxonomy":"category","embeddable":true,"href":"https:\/\/potenciaradiofonicadominicana.com\/portal\/wp-json\/wp\/v2\/categories?post=114489"},{"taxonomy":"post_tag","embeddable":true,"href":"https:\/\/potenciaradiofonicadominicana.com\/portal\/wp-json\/wp\/v2\/tags?post=114489"}],"curies":[{"name":"wp","href":"https:\/\/api.w.org\/{rel}","templated":true}]}}