{"id":114476,"date":"2022-01-31T08:42:22","date_gmt":"2022-01-31T12:42:22","guid":{"rendered":"https:\/\/potenciaradiofonicadominicana.com\/portal\/?p=114476"},"modified":"2022-01-31T08:42:22","modified_gmt":"2022-01-31T12:42:22","slug":"convierten-en-tendencia-en-twitter-anuncio-de-que-el-gobierno-asumio-alzas-de-los-combustibles","status":"publish","type":"post","link":"https:\/\/potenciaradiofonicadominicana.com\/portal\/convierten-en-tendencia-en-twitter-anuncio-de-que-el-gobierno-asumio-alzas-de-los-combustibles\/","title":{"rendered":"Convierten en tendencia en Twitter anuncio de que el Gobierno asumi\u00f3 alzas de los combustibles"},"content":{"rendered":"<p><a href=\"https:\/\/potenciaradiofonicadominicana.com\/portal\/wp-content\/uploads\/2022\/01\/twitter-07bad3d3-focus-0-0-895-573-1.jpg\"><img loading=\"lazy\" decoding=\"async\" class=\"alignnone size-full wp-image-114485\" src=\"https:\/\/potenciaradiofonicadominicana.com\/portal\/wp-content\/uploads\/2022\/01\/twitter-07bad3d3-focus-0-0-895-573-1.jpg\" alt=\"\" width=\"680\" height=\"573\" srcset=\"https:\/\/potenciaradiofonicadominicana.com\/portal\/wp-content\/uploads\/2022\/01\/twitter-07bad3d3-focus-0-0-895-573-1.jpg 680w, https:\/\/potenciaradiofonicadominicana.com\/portal\/wp-content\/uploads\/2022\/01\/twitter-07bad3d3-focus-0-0-895-573-1-300x253.jpg 300w\" sizes=\"auto, (max-width: 680px) 100vw, 680px\" \/><\/a><\/p>\n<p>La etiqueta\u00a0#GobiernoAsumeAlzas\u00a0es una de las que ha sido tendencia este s\u00e1bado, acompa\u00f1ada de distintas im\u00e1genes que hacen referencia a subidas de precio de los\u00a0combustibles\u00a0en el mercado internacional.<\/p>\n<p>\u201cEn RD Gobierno asume 100 % todas las alzas\u201d, Gobierno asume 100 % de todas las alzas de los\u00a0combustibles. Pa\u00edses como EE.UU presentan su m\u00e1ximo precio en 7 a\u00f1os\u201d y \u201c El alza de los precios de los\u00a0combustibles\u00a0no es solo en RD, sin embargo el Gobierno asume el 100 % de todas las alzas\u201d, son algunos de los mensajes que tienen las im\u00e1genes que acompa\u00f1an el hastag.<\/p>\n<p>Esto ocurre luego que el\u00a0Ministerio de Industria,\u00a0Comercio y Mipymes\u00a0(MICM) anunciara este viernes que para la semana del 29 de enero al 4 de febrero, los precios de todos los\u00a0combustibles\u00a0se mantendr\u00e1n sin variaci\u00f3n porque el Gobierno asumir\u00eda el 100 por ciento de las alzas registradas por el crudo, que dice ronda los RD$400 millones y a pocas horas para que el presidente de la Rep\u00fablica, Luis Abinader, se dirija a la naci\u00f3n.<\/p>\n<p>La alocuci\u00f3n del mandatario est\u00e1 prevista para las 7:00 de la noche de este domingo desde el Palacio Nacional y ser\u00e1 transmitida por una cadena de televisi\u00f3n, radio y medios digitales.<\/p>\n<p>Consultado sobre los temas que podr\u00eda tocar el jefe de estado, el vocero del Gobierno, Homero Figueroa, dijo a Diario Libre que Abinader abordar\u00e1 \u00abun tema de importancia\u00bb.<\/p>\n<p>Para la semana que va \u00a0del 29 de enero al 4 de febrero los\u00a0combustibles\u00a0mantendr\u00e1n los mismos precios de la semana anterior, vendi\u00e9ndose la gasolina premium a RD$283.60 por gal\u00f3n y la regulara RD$266.50 el gal\u00f3n.<\/p>\n<p>El gasoil \u00f3ptimo se comercializar\u00e1 a RD$233.10 el gal\u00f3n y el di\u00e9sel regular se ofertar\u00e1 al consumidor a RD$212.60 por gal\u00f3n, seg\u00fan la resoluci\u00f3n del MICM.<\/p>\n<p>En tanto que el gas licuado de\u00a0petr\u00f3leo\u00a0(GLP) se expender\u00e1 a RD$146.60 el gal\u00f3n y el gas natural a RD$28.97 el metro c\u00fabico.<\/p>\n","protected":false},"excerpt":{"rendered":"<p>La etiqueta\u00a0#GobiernoAsumeAlzas\u00a0es una de las que ha sido tendencia este s\u00e1bado, acompa\u00f1ada de distintas im\u00e1genes que hacen referencia a subidas &#8230;<\/p>\n","protected":false},"author":2,"featured_media":114485,"comment_status":"open","ping_status":"open","sticky":false,"template":"","format":"standard","meta":{"footnotes":""},"categories":[26],"tags":[],"class_list":["post-114476","post","type-post","status-publish","format-standard","has-post-thumbnail","hentry","category-economia"],"yoast_head":"<!-- This site is optimized with the Yoast SEO plugin v24.8.1 - https:\/\/yoast.com\/wordpress\/plugins\/seo\/ -->\n<title>Convierten en tendencia en Twitter anuncio de que el Gobierno asumi\u00f3 alzas de los combustibles - PotenciaRadiofonicaDominicana.com<\/title>\n<meta name=\"robots\" content=\"index, follow, max-snippet:-1, max-image-preview:large, max-video-preview:-1\" \/>\n<link rel=\"canonical\" href=\"https:\/\/potenciaradiofonicadominicana.com\/portal\/convierten-en-tendencia-en-twitter-anuncio-de-que-el-gobierno-asumio-alzas-de-los-combustibles\/\" \/>\n<meta property=\"og:locale\" content=\"es_ES\" \/>\n<meta property=\"og:type\" content=\"article\" \/>\n<meta property=\"og:title\" content=\"Convierten en tendencia en Twitter anuncio de que el Gobierno asumi\u00f3 alzas de los combustibles - PotenciaRadiofonicaDominicana.com\" \/>\n<meta property=\"og:description\" content=\"La etiqueta\u00a0#GobiernoAsumeAlzas\u00a0es una de las que ha sido tendencia este s\u00e1bado, acompa\u00f1ada de distintas im\u00e1genes que hacen referencia a subidas ...\" \/>\n<meta property=\"og:url\" content=\"https:\/\/potenciaradiofonicadominicana.com\/portal\/convierten-en-tendencia-en-twitter-anuncio-de-que-el-gobierno-asumio-alzas-de-los-combustibles\/\" \/>\n<meta property=\"og:site_name\" content=\"PotenciaRadiofonicaDominicana.com\" \/>\n<meta property=\"article:publisher\" content=\"https:\/\/web.facebook.com\/PotenciaRadiofonicaD\" \/>\n<meta property=\"article:published_time\" content=\"2022-01-31T12:42:22+00:00\" \/>\n<meta property=\"og:image\" content=\"https:\/\/potenciaradiofonicadominicana.com\/portal\/wp-content\/uploads\/2022\/01\/twitter-07bad3d3-focus-0-0-895-573-1.jpg\" \/>\n\t<meta property=\"og:image:width\" content=\"680\" \/>\n\t<meta property=\"og:image:height\" content=\"573\" \/>\n\t<meta property=\"og:image:type\" content=\"image\/jpeg\" \/>\n<meta name=\"author\" content=\"Potencia Radiof\u00f3nica Dominicana\" \/>\n<meta name=\"twitter:card\" content=\"summary_large_image\" \/>\n<meta name=\"twitter:label1\" content=\"Escrito por\" \/>\n\t<meta name=\"twitter:data1\" content=\"Potencia Radiof\u00f3nica Dominicana\" \/>\n\t<meta name=\"twitter:label2\" content=\"Tiempo de lectura\" \/>\n\t<meta name=\"twitter:data2\" content=\"2 minutos\" \/>\n<script type=\"application\/ld+json\" class=\"yoast-schema-graph\">{\"@context\":\"https:\/\/schema.org\",\"@graph\":[{\"@type\":\"Article\",\"@id\":\"https:\/\/potenciaradiofonicadominicana.com\/portal\/convierten-en-tendencia-en-twitter-anuncio-de-que-el-gobierno-asumio-alzas-de-los-combustibles\/#article\",\"isPartOf\":{\"@id\":\"https:\/\/potenciaradiofonicadominicana.com\/portal\/convierten-en-tendencia-en-twitter-anuncio-de-que-el-gobierno-asumio-alzas-de-los-combustibles\/\"},\"author\":{\"name\":\"Potencia Radiof\u00f3nica Dominicana\",\"@id\":\"https:\/\/potenciaradiofonicadominicana.com\/portal\/#\/schema\/person\/a5cf1fea13877803ee0573ac18b03490\"},\"headline\":\"Convierten en tendencia en Twitter anuncio de que el Gobierno asumi\u00f3 alzas de los combustibles\",\"datePublished\":\"2022-01-31T12:42:22+00:00\",\"mainEntityOfPage\":{\"@id\":\"https:\/\/potenciaradiofonicadominicana.com\/portal\/convierten-en-tendencia-en-twitter-anuncio-de-que-el-gobierno-asumio-alzas-de-los-combustibles\/\"},\"wordCount\":353,\"commentCount\":0,\"publisher\":{\"@id\":\"https:\/\/potenciaradiofonicadominicana.com\/portal\/#organization\"},\"image\":{\"@id\":\"https:\/\/potenciaradiofonicadominicana.com\/portal\/convierten-en-tendencia-en-twitter-anuncio-de-que-el-gobierno-asumio-alzas-de-los-combustibles\/#primaryimage\"},\"thumbnailUrl\":\"https:\/\/potenciaradiofonicadominicana.com\/portal\/wp-content\/uploads\/2022\/01\/twitter-07bad3d3-focus-0-0-895-573-1.jpg\",\"articleSection\":[\"Econom\u00eda\"],\"inLanguage\":\"es\",\"potentialAction\":[{\"@type\":\"CommentAction\",\"name\":\"Comment\",\"target\":[\"https:\/\/potenciaradiofonicadominicana.com\/portal\/convierten-en-tendencia-en-twitter-anuncio-de-que-el-gobierno-asumio-alzas-de-los-combustibles\/#respond\"]}]},{\"@type\":\"WebPage\",\"@id\":\"https:\/\/potenciaradiofonicadominicana.com\/portal\/convierten-en-tendencia-en-twitter-anuncio-de-que-el-gobierno-asumio-alzas-de-los-combustibles\/\",\"url\":\"https:\/\/potenciaradiofonicadominicana.com\/portal\/convierten-en-tendencia-en-twitter-anuncio-de-que-el-gobierno-asumio-alzas-de-los-combustibles\/\",\"name\":\"Convierten en tendencia en Twitter anuncio de que el Gobierno asumi\u00f3 alzas de los combustibles - PotenciaRadiofonicaDominicana.com\",\"isPartOf\":{\"@id\":\"https:\/\/potenciaradiofonicadominicana.com\/portal\/#website\"},\"primaryImageOfPage\":{\"@id\":\"https:\/\/potenciaradiofonicadominicana.com\/portal\/convierten-en-tendencia-en-twitter-anuncio-de-que-el-gobierno-asumio-alzas-de-los-combustibles\/#primaryimage\"},\"image\":{\"@id\":\"https:\/\/potenciaradiofonicadominicana.com\/portal\/convierten-en-tendencia-en-twitter-anuncio-de-que-el-gobierno-asumio-alzas-de-los-combustibles\/#primaryimage\"},\"thumbnailUrl\":\"https:\/\/potenciaradiofonicadominicana.com\/portal\/wp-content\/uploads\/2022\/01\/twitter-07bad3d3-focus-0-0-895-573-1.jpg\",\"datePublished\":\"2022-01-31T12:42:22+00:00\",\"breadcrumb\":{\"@id\":\"https:\/\/potenciaradiofonicadominicana.com\/portal\/convierten-en-tendencia-en-twitter-anuncio-de-que-el-gobierno-asumio-alzas-de-los-combustibles\/#breadcrumb\"},\"inLanguage\":\"es\",\"potentialAction\":[{\"@type\":\"ReadAction\",\"target\":[\"https:\/\/potenciaradiofonicadominicana.com\/portal\/convierten-en-tendencia-en-twitter-anuncio-de-que-el-gobierno-asumio-alzas-de-los-combustibles\/\"]}]},{\"@type\":\"ImageObject\",\"inLanguage\":\"es\",\"@id\":\"https:\/\/potenciaradiofonicadominicana.com\/portal\/convierten-en-tendencia-en-twitter-anuncio-de-que-el-gobierno-asumio-alzas-de-los-combustibles\/#primaryimage\",\"url\":\"https:\/\/potenciaradiofonicadominicana.com\/portal\/wp-content\/uploads\/2022\/01\/twitter-07bad3d3-focus-0-0-895-573-1.jpg\",\"contentUrl\":\"https:\/\/potenciaradiofonicadominicana.com\/portal\/wp-content\/uploads\/2022\/01\/twitter-07bad3d3-focus-0-0-895-573-1.jpg\",\"width\":680,\"height\":573},{\"@type\":\"BreadcrumbList\",\"@id\":\"https:\/\/potenciaradiofonicadominicana.com\/portal\/convierten-en-tendencia-en-twitter-anuncio-de-que-el-gobierno-asumio-alzas-de-los-combustibles\/#breadcrumb\",\"itemListElement\":[{\"@type\":\"ListItem\",\"position\":1,\"name\":\"Portada\",\"item\":\"https:\/\/potenciaradiofonicadominicana.com\/portal\/\"},{\"@type\":\"ListItem\",\"position\":2,\"name\":\"Convierten en tendencia en Twitter anuncio de que el Gobierno asumi\u00f3 alzas de los combustibles\"}]},{\"@type\":\"WebSite\",\"@id\":\"https:\/\/potenciaradiofonicadominicana.com\/portal\/#website\",\"url\":\"https:\/\/potenciaradiofonicadominicana.com\/portal\/\",\"name\":\"PotenciaRadiofonicaDominicana.com\",\"description\":\"Peri\u00f3dico Digital\",\"publisher\":{\"@id\":\"https:\/\/potenciaradiofonicadominicana.com\/portal\/#organization\"},\"potentialAction\":[{\"@type\":\"SearchAction\",\"target\":{\"@type\":\"EntryPoint\",\"urlTemplate\":\"https:\/\/potenciaradiofonicadominicana.com\/portal\/?s={search_term_string}\"},\"query-input\":{\"@type\":\"PropertyValueSpecification\",\"valueRequired\":true,\"valueName\":\"search_term_string\"}}],\"inLanguage\":\"es\"},{\"@type\":\"Organization\",\"@id\":\"https:\/\/potenciaradiofonicadominicana.com\/portal\/#organization\",\"name\":\"PotenciaRadiofonicaDominicana.com\",\"url\":\"https:\/\/potenciaradiofonicadominicana.com\/portal\/\",\"logo\":{\"@type\":\"ImageObject\",\"inLanguage\":\"es\",\"@id\":\"https:\/\/potenciaradiofonicadominicana.com\/portal\/#\/schema\/logo\/image\/\",\"url\":\"https:\/\/potenciaradiofonicadominicana.com\/portal\/wp-content\/uploads\/2022\/01\/descarga.png\",\"contentUrl\":\"https:\/\/potenciaradiofonicadominicana.com\/portal\/wp-content\/uploads\/2022\/01\/descarga.png\",\"width\":300,\"height\":100,\"caption\":\"PotenciaRadiofonicaDominicana.com\"},\"image\":{\"@id\":\"https:\/\/potenciaradiofonicadominicana.com\/portal\/#\/schema\/logo\/image\/\"},\"sameAs\":[\"https:\/\/web.facebook.com\/PotenciaRadiofonicaD\"]},{\"@type\":\"Person\",\"@id\":\"https:\/\/potenciaradiofonicadominicana.com\/portal\/#\/schema\/person\/a5cf1fea13877803ee0573ac18b03490\",\"name\":\"Potencia Radiof\u00f3nica Dominicana\",\"image\":{\"@type\":\"ImageObject\",\"inLanguage\":\"es\",\"@id\":\"https:\/\/potenciaradiofonicadominicana.com\/portal\/#\/schema\/person\/image\/\",\"url\":\"https:\/\/secure.gravatar.com\/avatar\/42a55ab9e8ccc656ba34cd791990602a?s=96&d=mm&r=g\",\"contentUrl\":\"https:\/\/secure.gravatar.com\/avatar\/42a55ab9e8ccc656ba34cd791990602a?s=96&d=mm&r=g\",\"caption\":\"Potencia Radiof\u00f3nica Dominicana\"},\"url\":\"https:\/\/potenciaradiofonicadominicana.com\/portal\/author\/johannyalmanzar\/\"}]}<\/script>\n<!-- \/ Yoast SEO plugin. -->","yoast_head_json":{"title":"Convierten en tendencia en Twitter anuncio de que el Gobierno asumi\u00f3 alzas de los combustibles - PotenciaRadiofonicaDominicana.com","robots":{"index":"index","follow":"follow","max-snippet":"max-snippet:-1","max-image-preview":"max-image-preview:large","max-video-preview":"max-video-preview:-1"},"canonical":"https:\/\/potenciaradiofonicadominicana.com\/portal\/convierten-en-tendencia-en-twitter-anuncio-de-que-el-gobierno-asumio-alzas-de-los-combustibles\/","og_locale":"es_ES","og_type":"article","og_title":"Convierten en tendencia en Twitter anuncio de que el Gobierno asumi\u00f3 alzas de los combustibles - PotenciaRadiofonicaDominicana.com","og_description":"La etiqueta\u00a0#GobiernoAsumeAlzas\u00a0es una de las que ha sido tendencia este s\u00e1bado, acompa\u00f1ada de distintas im\u00e1genes que hacen referencia a subidas ...","og_url":"https:\/\/potenciaradiofonicadominicana.com\/portal\/convierten-en-tendencia-en-twitter-anuncio-de-que-el-gobierno-asumio-alzas-de-los-combustibles\/","og_site_name":"PotenciaRadiofonicaDominicana.com","article_publisher":"https:\/\/web.facebook.com\/PotenciaRadiofonicaD","article_published_time":"2022-01-31T12:42:22+00:00","og_image":[{"width":680,"height":573,"url":"https:\/\/potenciaradiofonicadominicana.com\/portal\/wp-content\/uploads\/2022\/01\/twitter-07bad3d3-focus-0-0-895-573-1.jpg","type":"image\/jpeg"}],"author":"Potencia Radiof\u00f3nica Dominicana","twitter_card":"summary_large_image","twitter_misc":{"Escrito por":"Potencia Radiof\u00f3nica Dominicana","Tiempo de lectura":"2 minutos"},"schema":{"@context":"https:\/\/schema.org","@graph":[{"@type":"Article","@id":"https:\/\/potenciaradiofonicadominicana.com\/portal\/convierten-en-tendencia-en-twitter-anuncio-de-que-el-gobierno-asumio-alzas-de-los-combustibles\/#article","isPartOf":{"@id":"https:\/\/potenciaradiofonicadominicana.com\/portal\/convierten-en-tendencia-en-twitter-anuncio-de-que-el-gobierno-asumio-alzas-de-los-combustibles\/"},"author":{"name":"Potencia Radiof\u00f3nica Dominicana","@id":"https:\/\/potenciaradiofonicadominicana.com\/portal\/#\/schema\/person\/a5cf1fea13877803ee0573ac18b03490"},"headline":"Convierten en tendencia en Twitter anuncio de que el Gobierno asumi\u00f3 alzas de los combustibles","datePublished":"2022-01-31T12:42:22+00:00","mainEntityOfPage":{"@id":"https:\/\/potenciaradiofonicadominicana.com\/portal\/convierten-en-tendencia-en-twitter-anuncio-de-que-el-gobierno-asumio-alzas-de-los-combustibles\/"},"wordCount":353,"commentCount":0,"publisher":{"@id":"https:\/\/potenciaradiofonicadominicana.com\/portal\/#organization"},"image":{"@id":"https:\/\/potenciaradiofonicadominicana.com\/portal\/convierten-en-tendencia-en-twitter-anuncio-de-que-el-gobierno-asumio-alzas-de-los-combustibles\/#primaryimage"},"thumbnailUrl":"https:\/\/potenciaradiofonicadominicana.com\/portal\/wp-content\/uploads\/2022\/01\/twitter-07bad3d3-focus-0-0-895-573-1.jpg","articleSection":["Econom\u00eda"],"inLanguage":"es","potentialAction":[{"@type":"CommentAction","name":"Comment","target":["https:\/\/potenciaradiofonicadominicana.com\/portal\/convierten-en-tendencia-en-twitter-anuncio-de-que-el-gobierno-asumio-alzas-de-los-combustibles\/#respond"]}]},{"@type":"WebPage","@id":"https:\/\/potenciaradiofonicadominicana.com\/portal\/convierten-en-tendencia-en-twitter-anuncio-de-que-el-gobierno-asumio-alzas-de-los-combustibles\/","url":"https:\/\/potenciaradiofonicadominicana.com\/portal\/convierten-en-tendencia-en-twitter-anuncio-de-que-el-gobierno-asumio-alzas-de-los-combustibles\/","name":"Convierten en tendencia en Twitter anuncio de que el Gobierno asumi\u00f3 alzas de los combustibles - PotenciaRadiofonicaDominicana.com","isPartOf":{"@id":"https:\/\/potenciaradiofonicadominicana.com\/portal\/#website"},"primaryImageOfPage":{"@id":"https:\/\/potenciaradiofonicadominicana.com\/portal\/convierten-en-tendencia-en-twitter-anuncio-de-que-el-gobierno-asumio-alzas-de-los-combustibles\/#primaryimage"},"image":{"@id":"https:\/\/potenciaradiofonicadominicana.com\/portal\/convierten-en-tendencia-en-twitter-anuncio-de-que-el-gobierno-asumio-alzas-de-los-combustibles\/#primaryimage"},"thumbnailUrl":"https:\/\/potenciaradiofonicadominicana.com\/portal\/wp-content\/uploads\/2022\/01\/twitter-07bad3d3-focus-0-0-895-573-1.jpg","datePublished":"2022-01-31T12:42:22+00:00","breadcrumb":{"@id":"https:\/\/potenciaradiofonicadominicana.com\/portal\/convierten-en-tendencia-en-twitter-anuncio-de-que-el-gobierno-asumio-alzas-de-los-combustibles\/#breadcrumb"},"inLanguage":"es","potentialAction":[{"@type":"ReadAction","target":["https:\/\/potenciaradiofonicadominicana.com\/portal\/convierten-en-tendencia-en-twitter-anuncio-de-que-el-gobierno-asumio-alzas-de-los-combustibles\/"]}]},{"@type":"ImageObject","inLanguage":"es","@id":"https:\/\/potenciaradiofonicadominicana.com\/portal\/convierten-en-tendencia-en-twitter-anuncio-de-que-el-gobierno-asumio-alzas-de-los-combustibles\/#primaryimage","url":"https:\/\/potenciaradiofonicadominicana.com\/portal\/wp-content\/uploads\/2022\/01\/twitter-07bad3d3-focus-0-0-895-573-1.jpg","contentUrl":"https:\/\/potenciaradiofonicadominicana.com\/portal\/wp-content\/uploads\/2022\/01\/twitter-07bad3d3-focus-0-0-895-573-1.jpg","width":680,"height":573},{"@type":"BreadcrumbList","@id":"https:\/\/potenciaradiofonicadominicana.com\/portal\/convierten-en-tendencia-en-twitter-anuncio-de-que-el-gobierno-asumio-alzas-de-los-combustibles\/#breadcrumb","itemListElement":[{"@type":"ListItem","position":1,"name":"Portada","item":"https:\/\/potenciaradiofonicadominicana.com\/portal\/"},{"@type":"ListItem","position":2,"name":"Convierten en tendencia en Twitter anuncio de que el Gobierno asumi\u00f3 alzas de los combustibles"}]},{"@type":"WebSite","@id":"https:\/\/potenciaradiofonicadominicana.com\/portal\/#website","url":"https:\/\/potenciaradiofonicadominicana.com\/portal\/","name":"PotenciaRadiofonicaDominicana.com","description":"Peri\u00f3dico Digital","publisher":{"@id":"https:\/\/potenciaradiofonicadominicana.com\/portal\/#organization"},"potentialAction":[{"@type":"SearchAction","target":{"@type":"EntryPoint","urlTemplate":"https:\/\/potenciaradiofonicadominicana.com\/portal\/?s={search_term_string}"},"query-input":{"@type":"PropertyValueSpecification","valueRequired":true,"valueName":"search_term_string"}}],"inLanguage":"es"},{"@type":"Organization","@id":"https:\/\/potenciaradiofonicadominicana.com\/portal\/#organization","name":"PotenciaRadiofonicaDominicana.com","url":"https:\/\/potenciaradiofonicadominicana.com\/portal\/","logo":{"@type":"ImageObject","inLanguage":"es","@id":"https:\/\/potenciaradiofonicadominicana.com\/portal\/#\/schema\/logo\/image\/","url":"https:\/\/potenciaradiofonicadominicana.com\/portal\/wp-content\/uploads\/2022\/01\/descarga.png","contentUrl":"https:\/\/potenciaradiofonicadominicana.com\/portal\/wp-content\/uploads\/2022\/01\/descarga.png","width":300,"height":100,"caption":"PotenciaRadiofonicaDominicana.com"},"image":{"@id":"https:\/\/potenciaradiofonicadominicana.com\/portal\/#\/schema\/logo\/image\/"},"sameAs":["https:\/\/web.facebook.com\/PotenciaRadiofonicaD"]},{"@type":"Person","@id":"https:\/\/potenciaradiofonicadominicana.com\/portal\/#\/schema\/person\/a5cf1fea13877803ee0573ac18b03490","name":"Potencia Radiof\u00f3nica Dominicana","image":{"@type":"ImageObject","inLanguage":"es","@id":"https:\/\/potenciaradiofonicadominicana.com\/portal\/#\/schema\/person\/image\/","url":"https:\/\/secure.gravatar.com\/avatar\/42a55ab9e8ccc656ba34cd791990602a?s=96&d=mm&r=g","contentUrl":"https:\/\/secure.gravatar.com\/avatar\/42a55ab9e8ccc656ba34cd791990602a?s=96&d=mm&r=g","caption":"Potencia Radiof\u00f3nica Dominicana"},"url":"https:\/\/potenciaradiofonicadominicana.com\/portal\/author\/johannyalmanzar\/"}]}},"_links":{"self":[{"href":"https:\/\/potenciaradiofonicadominicana.com\/portal\/wp-json\/wp\/v2\/posts\/114476","targetHints":{"allow":["GET"]}}],"collection":[{"href":"https:\/\/potenciaradiofonicadominicana.com\/portal\/wp-json\/wp\/v2\/posts"}],"about":[{"href":"https:\/\/potenciaradiofonicadominicana.com\/portal\/wp-json\/wp\/v2\/types\/post"}],"author":[{"embeddable":true,"href":"https:\/\/potenciaradiofonicadominicana.com\/portal\/wp-json\/wp\/v2\/users\/2"}],"replies":[{"embeddable":true,"href":"https:\/\/potenciaradiofonicadominicana.com\/portal\/wp-json\/wp\/v2\/comments?post=114476"}],"version-history":[{"count":1,"href":"https:\/\/potenciaradiofonicadominicana.com\/portal\/wp-json\/wp\/v2\/posts\/114476\/revisions"}],"predecessor-version":[{"id":114487,"href":"https:\/\/potenciaradiofonicadominicana.com\/portal\/wp-json\/wp\/v2\/posts\/114476\/revisions\/114487"}],"wp:featuredmedia":[{"embeddable":true,"href":"https:\/\/potenciaradiofonicadominicana.com\/portal\/wp-json\/wp\/v2\/media\/114485"}],"wp:attachment":[{"href":"https:\/\/potenciaradiofonicadominicana.com\/portal\/wp-json\/wp\/v2\/media?parent=114476"}],"wp:term":[{"taxonomy":"category","embeddable":true,"href":"https:\/\/potenciaradiofonicadominicana.com\/portal\/wp-json\/wp\/v2\/categories?post=114476"},{"taxonomy":"post_tag","embeddable":true,"href":"https:\/\/potenciaradiofonicadominicana.com\/portal\/wp-json\/wp\/v2\/tags?post=114476"}],"curies":[{"name":"wp","href":"https:\/\/api.w.org\/{rel}","templated":true}]}}