{"id":114403,"date":"2022-01-28T13:42:41","date_gmt":"2022-01-28T17:42:41","guid":{"rendered":"https:\/\/potenciaradiofonicadominicana.com\/portal\/?p=114403"},"modified":"2022-01-28T13:42:41","modified_gmt":"2022-01-28T17:42:41","slug":"entregan-desembolso-para-la-construccion-de-un-parque-infantil-en-santiago","status":"publish","type":"post","link":"https:\/\/potenciaradiofonicadominicana.com\/portal\/entregan-desembolso-para-la-construccion-de-un-parque-infantil-en-santiago\/","title":{"rendered":"Entregan desembolso para la construcci\u00f3n de un parque infantil en Santiago"},"content":{"rendered":"<p><a href=\"https:\/\/potenciaradiofonicadominicana.com\/portal\/wp-content\/uploads\/2022\/01\/36cfb698-b00e239a-71fc-434d-a3f0-fe8315cd392e-61f4240947bf7-640x426.jpg\"><img loading=\"lazy\" decoding=\"async\" class=\"alignnone size-full wp-image-114407\" src=\"https:\/\/potenciaradiofonicadominicana.com\/portal\/wp-content\/uploads\/2022\/01\/36cfb698-b00e239a-71fc-434d-a3f0-fe8315cd392e-61f4240947bf7-640x426.jpg\" alt=\"\" width=\"640\" height=\"426\" srcset=\"https:\/\/potenciaradiofonicadominicana.com\/portal\/wp-content\/uploads\/2022\/01\/36cfb698-b00e239a-71fc-434d-a3f0-fe8315cd392e-61f4240947bf7-640x426.jpg 640w, https:\/\/potenciaradiofonicadominicana.com\/portal\/wp-content\/uploads\/2022\/01\/36cfb698-b00e239a-71fc-434d-a3f0-fe8315cd392e-61f4240947bf7-640x426-300x200.jpg 300w\" sizes=\"auto, (max-width: 640px) 100vw, 640px\" \/><\/a><\/p>\n<div class=\"td-post-content td-pb-padding-side\">\n<p>Como parte de los esfuerzos del gobierno para apoyar el desarrollo comunitario y promover la recreaci\u00f3n sana de las futuras generaciones, el ministro Administrativo de la Presidencia,\u00a0Jos\u00e9 Ignacio Paliza\u00a0entreg\u00f3 libramientos ascendentes a m\u00e1s de RD$6 millones de un total comprometido de RD$30 millones para la construcci\u00f3n de un parque Infantil y un sal\u00f3n multiuso en el Jard\u00edn Bot\u00e1nico en\u00a0Santiago<\/p>\n<p>Al valorar la importancia de las obras que ser\u00e1n construidas por instrucciones del presidente Luis Abinader, el ministro Paliza dijo que el Jard\u00edn Bot\u00e1nico de Santiago cuenta con m\u00e1s de 650,000 metros cuadrados de los cuales m\u00e1s de 12km son de senderos para caminata y ciclov\u00edas, protegidos por un per\u00edmetro cerrado y vigilancia permanente.<\/p>\n<p>\u201cEstamos comprometidos con el desarrollo integral de nuestras familias y de nuestra juventud y ni\u00f1ez\u201d, afirm\u00f3 Paliza.<\/p>\n<p>Organizaciones comunitarias solicitaron dichas construcciones, las cuales fueron acogidas luego de una evaluaci\u00f3n por parte del departamento de Ingenier\u00eda del Ministerio Administrativo de la Presidencia (MAPRE).<\/p>\n<p>De los fondos mencionados, RD$12,549,263.00 ser\u00e1n para la construcci\u00f3n del parque infantil y otros RD$R17,869,601.65 para el multiuso del Jard\u00edn Bot\u00e1nico.<\/p>\n<p>Tanto el senador de la provincia, Eduardo Estrella como la gobernadora civil, Rosa Santos valoraron los esfuerzos que viene realizando el presidente Luis Abinader, haciendo un uso muy eficiente de los recursos que hoy se manejan desde el gobierno.<\/p>\n<p>Paliza expres\u00f3 su satisfacci\u00f3n y regocijo por servir de canal para la ejecuci\u00f3n de una obra que impactar\u00e1 positivamente el desarrollo social de las comunidades. Adem\u00e1s, resalt\u00f3 que con esos aportes, el presidente Luis Abinader demuestra su inter\u00e9s y al desarrollo de los municipios.<\/p>\n<p>Estuvieron presentes el presidente del Senado, Eduardo Estrella junto a la gobernadora Rosa Santos; Nelson Bautista, Secretario General del Consejo Administrativo del Jard\u00edn Bot\u00e1nico. Francisco Castellanos y Miguel Ferreras, miembros de dicho Consejo.<\/p>\n<p>Tambi\u00e9n, Jos\u00e9 Dolores, Director Operativo, Ysidra Garc\u00eda, presidente de la Sociedad Ecol\u00f3gica del Cibao (SOEC).<\/p>\n<\/div>\n<footer>\n<div class=\"td-block-row td-post-next-prev\"><\/div>\n<\/footer>\n","protected":false},"excerpt":{"rendered":"<p>Como parte de los esfuerzos del gobierno para apoyar el desarrollo comunitario y promover la recreaci\u00f3n sana de las futuras &#8230;<\/p>\n","protected":false},"author":2,"featured_media":114407,"comment_status":"open","ping_status":"open","sticky":false,"template":"","format":"standard","meta":{"footnotes":""},"categories":[26],"tags":[],"class_list":["post-114403","post","type-post","status-publish","format-standard","has-post-thumbnail","hentry","category-economia"],"yoast_head":"<!-- This site is optimized with the Yoast SEO plugin v24.8.1 - https:\/\/yoast.com\/wordpress\/plugins\/seo\/ -->\n<title>Entregan desembolso para la construcci\u00f3n de un parque infantil en Santiago - PotenciaRadiofonicaDominicana.com<\/title>\n<meta name=\"robots\" content=\"index, follow, max-snippet:-1, max-image-preview:large, max-video-preview:-1\" \/>\n<link rel=\"canonical\" href=\"https:\/\/potenciaradiofonicadominicana.com\/portal\/entregan-desembolso-para-la-construccion-de-un-parque-infantil-en-santiago\/\" \/>\n<meta property=\"og:locale\" content=\"es_ES\" \/>\n<meta property=\"og:type\" content=\"article\" \/>\n<meta property=\"og:title\" content=\"Entregan desembolso para la construcci\u00f3n de un parque infantil en Santiago - PotenciaRadiofonicaDominicana.com\" \/>\n<meta property=\"og:description\" content=\"Como parte de los esfuerzos del gobierno para apoyar el desarrollo comunitario y promover la recreaci\u00f3n sana de las futuras ...\" \/>\n<meta property=\"og:url\" content=\"https:\/\/potenciaradiofonicadominicana.com\/portal\/entregan-desembolso-para-la-construccion-de-un-parque-infantil-en-santiago\/\" \/>\n<meta property=\"og:site_name\" content=\"PotenciaRadiofonicaDominicana.com\" \/>\n<meta property=\"article:publisher\" content=\"https:\/\/web.facebook.com\/PotenciaRadiofonicaD\" \/>\n<meta property=\"article:published_time\" content=\"2022-01-28T17:42:41+00:00\" \/>\n<meta property=\"og:image\" content=\"https:\/\/potenciaradiofonicadominicana.com\/portal\/wp-content\/uploads\/2022\/01\/36cfb698-b00e239a-71fc-434d-a3f0-fe8315cd392e-61f4240947bf7-640x426.jpg\" \/>\n\t<meta property=\"og:image:width\" content=\"640\" \/>\n\t<meta property=\"og:image:height\" content=\"426\" \/>\n\t<meta property=\"og:image:type\" content=\"image\/jpeg\" \/>\n<meta name=\"author\" content=\"Potencia Radiof\u00f3nica Dominicana\" \/>\n<meta name=\"twitter:card\" content=\"summary_large_image\" \/>\n<meta name=\"twitter:label1\" content=\"Escrito por\" \/>\n\t<meta name=\"twitter:data1\" content=\"Potencia Radiof\u00f3nica Dominicana\" \/>\n\t<meta name=\"twitter:label2\" content=\"Tiempo de lectura\" \/>\n\t<meta name=\"twitter:data2\" content=\"2 minutos\" \/>\n<script type=\"application\/ld+json\" class=\"yoast-schema-graph\">{\"@context\":\"https:\/\/schema.org\",\"@graph\":[{\"@type\":\"Article\",\"@id\":\"https:\/\/potenciaradiofonicadominicana.com\/portal\/entregan-desembolso-para-la-construccion-de-un-parque-infantil-en-santiago\/#article\",\"isPartOf\":{\"@id\":\"https:\/\/potenciaradiofonicadominicana.com\/portal\/entregan-desembolso-para-la-construccion-de-un-parque-infantil-en-santiago\/\"},\"author\":{\"name\":\"Potencia Radiof\u00f3nica Dominicana\",\"@id\":\"https:\/\/potenciaradiofonicadominicana.com\/portal\/#\/schema\/person\/a5cf1fea13877803ee0573ac18b03490\"},\"headline\":\"Entregan desembolso para la construcci\u00f3n de un parque infantil en Santiago\",\"datePublished\":\"2022-01-28T17:42:41+00:00\",\"mainEntityOfPage\":{\"@id\":\"https:\/\/potenciaradiofonicadominicana.com\/portal\/entregan-desembolso-para-la-construccion-de-un-parque-infantil-en-santiago\/\"},\"wordCount\":352,\"commentCount\":0,\"publisher\":{\"@id\":\"https:\/\/potenciaradiofonicadominicana.com\/portal\/#organization\"},\"image\":{\"@id\":\"https:\/\/potenciaradiofonicadominicana.com\/portal\/entregan-desembolso-para-la-construccion-de-un-parque-infantil-en-santiago\/#primaryimage\"},\"thumbnailUrl\":\"https:\/\/potenciaradiofonicadominicana.com\/portal\/wp-content\/uploads\/2022\/01\/36cfb698-b00e239a-71fc-434d-a3f0-fe8315cd392e-61f4240947bf7-640x426.jpg\",\"articleSection\":[\"Econom\u00eda\"],\"inLanguage\":\"es\",\"potentialAction\":[{\"@type\":\"CommentAction\",\"name\":\"Comment\",\"target\":[\"https:\/\/potenciaradiofonicadominicana.com\/portal\/entregan-desembolso-para-la-construccion-de-un-parque-infantil-en-santiago\/#respond\"]}]},{\"@type\":\"WebPage\",\"@id\":\"https:\/\/potenciaradiofonicadominicana.com\/portal\/entregan-desembolso-para-la-construccion-de-un-parque-infantil-en-santiago\/\",\"url\":\"https:\/\/potenciaradiofonicadominicana.com\/portal\/entregan-desembolso-para-la-construccion-de-un-parque-infantil-en-santiago\/\",\"name\":\"Entregan desembolso para la construcci\u00f3n de un parque infantil en Santiago - PotenciaRadiofonicaDominicana.com\",\"isPartOf\":{\"@id\":\"https:\/\/potenciaradiofonicadominicana.com\/portal\/#website\"},\"primaryImageOfPage\":{\"@id\":\"https:\/\/potenciaradiofonicadominicana.com\/portal\/entregan-desembolso-para-la-construccion-de-un-parque-infantil-en-santiago\/#primaryimage\"},\"image\":{\"@id\":\"https:\/\/potenciaradiofonicadominicana.com\/portal\/entregan-desembolso-para-la-construccion-de-un-parque-infantil-en-santiago\/#primaryimage\"},\"thumbnailUrl\":\"https:\/\/potenciaradiofonicadominicana.com\/portal\/wp-content\/uploads\/2022\/01\/36cfb698-b00e239a-71fc-434d-a3f0-fe8315cd392e-61f4240947bf7-640x426.jpg\",\"datePublished\":\"2022-01-28T17:42:41+00:00\",\"breadcrumb\":{\"@id\":\"https:\/\/potenciaradiofonicadominicana.com\/portal\/entregan-desembolso-para-la-construccion-de-un-parque-infantil-en-santiago\/#breadcrumb\"},\"inLanguage\":\"es\",\"potentialAction\":[{\"@type\":\"ReadAction\",\"target\":[\"https:\/\/potenciaradiofonicadominicana.com\/portal\/entregan-desembolso-para-la-construccion-de-un-parque-infantil-en-santiago\/\"]}]},{\"@type\":\"ImageObject\",\"inLanguage\":\"es\",\"@id\":\"https:\/\/potenciaradiofonicadominicana.com\/portal\/entregan-desembolso-para-la-construccion-de-un-parque-infantil-en-santiago\/#primaryimage\",\"url\":\"https:\/\/potenciaradiofonicadominicana.com\/portal\/wp-content\/uploads\/2022\/01\/36cfb698-b00e239a-71fc-434d-a3f0-fe8315cd392e-61f4240947bf7-640x426.jpg\",\"contentUrl\":\"https:\/\/potenciaradiofonicadominicana.com\/portal\/wp-content\/uploads\/2022\/01\/36cfb698-b00e239a-71fc-434d-a3f0-fe8315cd392e-61f4240947bf7-640x426.jpg\",\"width\":640,\"height\":426},{\"@type\":\"BreadcrumbList\",\"@id\":\"https:\/\/potenciaradiofonicadominicana.com\/portal\/entregan-desembolso-para-la-construccion-de-un-parque-infantil-en-santiago\/#breadcrumb\",\"itemListElement\":[{\"@type\":\"ListItem\",\"position\":1,\"name\":\"Portada\",\"item\":\"https:\/\/potenciaradiofonicadominicana.com\/portal\/\"},{\"@type\":\"ListItem\",\"position\":2,\"name\":\"Entregan desembolso para la construcci\u00f3n de un parque infantil en Santiago\"}]},{\"@type\":\"WebSite\",\"@id\":\"https:\/\/potenciaradiofonicadominicana.com\/portal\/#website\",\"url\":\"https:\/\/potenciaradiofonicadominicana.com\/portal\/\",\"name\":\"PotenciaRadiofonicaDominicana.com\",\"description\":\"Peri\u00f3dico Digital\",\"publisher\":{\"@id\":\"https:\/\/potenciaradiofonicadominicana.com\/portal\/#organization\"},\"potentialAction\":[{\"@type\":\"SearchAction\",\"target\":{\"@type\":\"EntryPoint\",\"urlTemplate\":\"https:\/\/potenciaradiofonicadominicana.com\/portal\/?s={search_term_string}\"},\"query-input\":{\"@type\":\"PropertyValueSpecification\",\"valueRequired\":true,\"valueName\":\"search_term_string\"}}],\"inLanguage\":\"es\"},{\"@type\":\"Organization\",\"@id\":\"https:\/\/potenciaradiofonicadominicana.com\/portal\/#organization\",\"name\":\"PotenciaRadiofonicaDominicana.com\",\"url\":\"https:\/\/potenciaradiofonicadominicana.com\/portal\/\",\"logo\":{\"@type\":\"ImageObject\",\"inLanguage\":\"es\",\"@id\":\"https:\/\/potenciaradiofonicadominicana.com\/portal\/#\/schema\/logo\/image\/\",\"url\":\"https:\/\/potenciaradiofonicadominicana.com\/portal\/wp-content\/uploads\/2022\/01\/descarga.png\",\"contentUrl\":\"https:\/\/potenciaradiofonicadominicana.com\/portal\/wp-content\/uploads\/2022\/01\/descarga.png\",\"width\":300,\"height\":100,\"caption\":\"PotenciaRadiofonicaDominicana.com\"},\"image\":{\"@id\":\"https:\/\/potenciaradiofonicadominicana.com\/portal\/#\/schema\/logo\/image\/\"},\"sameAs\":[\"https:\/\/web.facebook.com\/PotenciaRadiofonicaD\"]},{\"@type\":\"Person\",\"@id\":\"https:\/\/potenciaradiofonicadominicana.com\/portal\/#\/schema\/person\/a5cf1fea13877803ee0573ac18b03490\",\"name\":\"Potencia Radiof\u00f3nica Dominicana\",\"image\":{\"@type\":\"ImageObject\",\"inLanguage\":\"es\",\"@id\":\"https:\/\/potenciaradiofonicadominicana.com\/portal\/#\/schema\/person\/image\/\",\"url\":\"https:\/\/secure.gravatar.com\/avatar\/42a55ab9e8ccc656ba34cd791990602a?s=96&d=mm&r=g\",\"contentUrl\":\"https:\/\/secure.gravatar.com\/avatar\/42a55ab9e8ccc656ba34cd791990602a?s=96&d=mm&r=g\",\"caption\":\"Potencia Radiof\u00f3nica Dominicana\"},\"url\":\"https:\/\/potenciaradiofonicadominicana.com\/portal\/author\/johannyalmanzar\/\"}]}<\/script>\n<!-- \/ Yoast SEO plugin. -->","yoast_head_json":{"title":"Entregan desembolso para la construcci\u00f3n de un parque infantil en Santiago - PotenciaRadiofonicaDominicana.com","robots":{"index":"index","follow":"follow","max-snippet":"max-snippet:-1","max-image-preview":"max-image-preview:large","max-video-preview":"max-video-preview:-1"},"canonical":"https:\/\/potenciaradiofonicadominicana.com\/portal\/entregan-desembolso-para-la-construccion-de-un-parque-infantil-en-santiago\/","og_locale":"es_ES","og_type":"article","og_title":"Entregan desembolso para la construcci\u00f3n de un parque infantil en Santiago - PotenciaRadiofonicaDominicana.com","og_description":"Como parte de los esfuerzos del gobierno para apoyar el desarrollo comunitario y promover la recreaci\u00f3n sana de las futuras ...","og_url":"https:\/\/potenciaradiofonicadominicana.com\/portal\/entregan-desembolso-para-la-construccion-de-un-parque-infantil-en-santiago\/","og_site_name":"PotenciaRadiofonicaDominicana.com","article_publisher":"https:\/\/web.facebook.com\/PotenciaRadiofonicaD","article_published_time":"2022-01-28T17:42:41+00:00","og_image":[{"width":640,"height":426,"url":"https:\/\/potenciaradiofonicadominicana.com\/portal\/wp-content\/uploads\/2022\/01\/36cfb698-b00e239a-71fc-434d-a3f0-fe8315cd392e-61f4240947bf7-640x426.jpg","type":"image\/jpeg"}],"author":"Potencia Radiof\u00f3nica Dominicana","twitter_card":"summary_large_image","twitter_misc":{"Escrito por":"Potencia Radiof\u00f3nica Dominicana","Tiempo de lectura":"2 minutos"},"schema":{"@context":"https:\/\/schema.org","@graph":[{"@type":"Article","@id":"https:\/\/potenciaradiofonicadominicana.com\/portal\/entregan-desembolso-para-la-construccion-de-un-parque-infantil-en-santiago\/#article","isPartOf":{"@id":"https:\/\/potenciaradiofonicadominicana.com\/portal\/entregan-desembolso-para-la-construccion-de-un-parque-infantil-en-santiago\/"},"author":{"name":"Potencia Radiof\u00f3nica Dominicana","@id":"https:\/\/potenciaradiofonicadominicana.com\/portal\/#\/schema\/person\/a5cf1fea13877803ee0573ac18b03490"},"headline":"Entregan desembolso para la construcci\u00f3n de un parque infantil en Santiago","datePublished":"2022-01-28T17:42:41+00:00","mainEntityOfPage":{"@id":"https:\/\/potenciaradiofonicadominicana.com\/portal\/entregan-desembolso-para-la-construccion-de-un-parque-infantil-en-santiago\/"},"wordCount":352,"commentCount":0,"publisher":{"@id":"https:\/\/potenciaradiofonicadominicana.com\/portal\/#organization"},"image":{"@id":"https:\/\/potenciaradiofonicadominicana.com\/portal\/entregan-desembolso-para-la-construccion-de-un-parque-infantil-en-santiago\/#primaryimage"},"thumbnailUrl":"https:\/\/potenciaradiofonicadominicana.com\/portal\/wp-content\/uploads\/2022\/01\/36cfb698-b00e239a-71fc-434d-a3f0-fe8315cd392e-61f4240947bf7-640x426.jpg","articleSection":["Econom\u00eda"],"inLanguage":"es","potentialAction":[{"@type":"CommentAction","name":"Comment","target":["https:\/\/potenciaradiofonicadominicana.com\/portal\/entregan-desembolso-para-la-construccion-de-un-parque-infantil-en-santiago\/#respond"]}]},{"@type":"WebPage","@id":"https:\/\/potenciaradiofonicadominicana.com\/portal\/entregan-desembolso-para-la-construccion-de-un-parque-infantil-en-santiago\/","url":"https:\/\/potenciaradiofonicadominicana.com\/portal\/entregan-desembolso-para-la-construccion-de-un-parque-infantil-en-santiago\/","name":"Entregan desembolso para la construcci\u00f3n de un parque infantil en Santiago - PotenciaRadiofonicaDominicana.com","isPartOf":{"@id":"https:\/\/potenciaradiofonicadominicana.com\/portal\/#website"},"primaryImageOfPage":{"@id":"https:\/\/potenciaradiofonicadominicana.com\/portal\/entregan-desembolso-para-la-construccion-de-un-parque-infantil-en-santiago\/#primaryimage"},"image":{"@id":"https:\/\/potenciaradiofonicadominicana.com\/portal\/entregan-desembolso-para-la-construccion-de-un-parque-infantil-en-santiago\/#primaryimage"},"thumbnailUrl":"https:\/\/potenciaradiofonicadominicana.com\/portal\/wp-content\/uploads\/2022\/01\/36cfb698-b00e239a-71fc-434d-a3f0-fe8315cd392e-61f4240947bf7-640x426.jpg","datePublished":"2022-01-28T17:42:41+00:00","breadcrumb":{"@id":"https:\/\/potenciaradiofonicadominicana.com\/portal\/entregan-desembolso-para-la-construccion-de-un-parque-infantil-en-santiago\/#breadcrumb"},"inLanguage":"es","potentialAction":[{"@type":"ReadAction","target":["https:\/\/potenciaradiofonicadominicana.com\/portal\/entregan-desembolso-para-la-construccion-de-un-parque-infantil-en-santiago\/"]}]},{"@type":"ImageObject","inLanguage":"es","@id":"https:\/\/potenciaradiofonicadominicana.com\/portal\/entregan-desembolso-para-la-construccion-de-un-parque-infantil-en-santiago\/#primaryimage","url":"https:\/\/potenciaradiofonicadominicana.com\/portal\/wp-content\/uploads\/2022\/01\/36cfb698-b00e239a-71fc-434d-a3f0-fe8315cd392e-61f4240947bf7-640x426.jpg","contentUrl":"https:\/\/potenciaradiofonicadominicana.com\/portal\/wp-content\/uploads\/2022\/01\/36cfb698-b00e239a-71fc-434d-a3f0-fe8315cd392e-61f4240947bf7-640x426.jpg","width":640,"height":426},{"@type":"BreadcrumbList","@id":"https:\/\/potenciaradiofonicadominicana.com\/portal\/entregan-desembolso-para-la-construccion-de-un-parque-infantil-en-santiago\/#breadcrumb","itemListElement":[{"@type":"ListItem","position":1,"name":"Portada","item":"https:\/\/potenciaradiofonicadominicana.com\/portal\/"},{"@type":"ListItem","position":2,"name":"Entregan desembolso para la construcci\u00f3n de un parque infantil en Santiago"}]},{"@type":"WebSite","@id":"https:\/\/potenciaradiofonicadominicana.com\/portal\/#website","url":"https:\/\/potenciaradiofonicadominicana.com\/portal\/","name":"PotenciaRadiofonicaDominicana.com","description":"Peri\u00f3dico Digital","publisher":{"@id":"https:\/\/potenciaradiofonicadominicana.com\/portal\/#organization"},"potentialAction":[{"@type":"SearchAction","target":{"@type":"EntryPoint","urlTemplate":"https:\/\/potenciaradiofonicadominicana.com\/portal\/?s={search_term_string}"},"query-input":{"@type":"PropertyValueSpecification","valueRequired":true,"valueName":"search_term_string"}}],"inLanguage":"es"},{"@type":"Organization","@id":"https:\/\/potenciaradiofonicadominicana.com\/portal\/#organization","name":"PotenciaRadiofonicaDominicana.com","url":"https:\/\/potenciaradiofonicadominicana.com\/portal\/","logo":{"@type":"ImageObject","inLanguage":"es","@id":"https:\/\/potenciaradiofonicadominicana.com\/portal\/#\/schema\/logo\/image\/","url":"https:\/\/potenciaradiofonicadominicana.com\/portal\/wp-content\/uploads\/2022\/01\/descarga.png","contentUrl":"https:\/\/potenciaradiofonicadominicana.com\/portal\/wp-content\/uploads\/2022\/01\/descarga.png","width":300,"height":100,"caption":"PotenciaRadiofonicaDominicana.com"},"image":{"@id":"https:\/\/potenciaradiofonicadominicana.com\/portal\/#\/schema\/logo\/image\/"},"sameAs":["https:\/\/web.facebook.com\/PotenciaRadiofonicaD"]},{"@type":"Person","@id":"https:\/\/potenciaradiofonicadominicana.com\/portal\/#\/schema\/person\/a5cf1fea13877803ee0573ac18b03490","name":"Potencia Radiof\u00f3nica Dominicana","image":{"@type":"ImageObject","inLanguage":"es","@id":"https:\/\/potenciaradiofonicadominicana.com\/portal\/#\/schema\/person\/image\/","url":"https:\/\/secure.gravatar.com\/avatar\/42a55ab9e8ccc656ba34cd791990602a?s=96&d=mm&r=g","contentUrl":"https:\/\/secure.gravatar.com\/avatar\/42a55ab9e8ccc656ba34cd791990602a?s=96&d=mm&r=g","caption":"Potencia Radiof\u00f3nica Dominicana"},"url":"https:\/\/potenciaradiofonicadominicana.com\/portal\/author\/johannyalmanzar\/"}]}},"_links":{"self":[{"href":"https:\/\/potenciaradiofonicadominicana.com\/portal\/wp-json\/wp\/v2\/posts\/114403","targetHints":{"allow":["GET"]}}],"collection":[{"href":"https:\/\/potenciaradiofonicadominicana.com\/portal\/wp-json\/wp\/v2\/posts"}],"about":[{"href":"https:\/\/potenciaradiofonicadominicana.com\/portal\/wp-json\/wp\/v2\/types\/post"}],"author":[{"embeddable":true,"href":"https:\/\/potenciaradiofonicadominicana.com\/portal\/wp-json\/wp\/v2\/users\/2"}],"replies":[{"embeddable":true,"href":"https:\/\/potenciaradiofonicadominicana.com\/portal\/wp-json\/wp\/v2\/comments?post=114403"}],"version-history":[{"count":1,"href":"https:\/\/potenciaradiofonicadominicana.com\/portal\/wp-json\/wp\/v2\/posts\/114403\/revisions"}],"predecessor-version":[{"id":114408,"href":"https:\/\/potenciaradiofonicadominicana.com\/portal\/wp-json\/wp\/v2\/posts\/114403\/revisions\/114408"}],"wp:featuredmedia":[{"embeddable":true,"href":"https:\/\/potenciaradiofonicadominicana.com\/portal\/wp-json\/wp\/v2\/media\/114407"}],"wp:attachment":[{"href":"https:\/\/potenciaradiofonicadominicana.com\/portal\/wp-json\/wp\/v2\/media?parent=114403"}],"wp:term":[{"taxonomy":"category","embeddable":true,"href":"https:\/\/potenciaradiofonicadominicana.com\/portal\/wp-json\/wp\/v2\/categories?post=114403"},{"taxonomy":"post_tag","embeddable":true,"href":"https:\/\/potenciaradiofonicadominicana.com\/portal\/wp-json\/wp\/v2\/tags?post=114403"}],"curies":[{"name":"wp","href":"https:\/\/api.w.org\/{rel}","templated":true}]}}