{"id":114394,"date":"2022-01-28T13:38:59","date_gmt":"2022-01-28T17:38:59","guid":{"rendered":"https:\/\/potenciaradiofonicadominicana.com\/portal\/?p=114394"},"modified":"2022-01-28T13:38:59","modified_gmt":"2022-01-28T17:38:59","slug":"aduanas-reconoce-instituciones-y-empresas-destacadas","status":"publish","type":"post","link":"https:\/\/potenciaradiofonicadominicana.com\/portal\/aduanas-reconoce-instituciones-y-empresas-destacadas\/","title":{"rendered":"Aduanas reconoce instituciones y empresas destacadas"},"content":{"rendered":"<p><a href=\"https:\/\/potenciaradiofonicadominicana.com\/portal\/wp-content\/uploads\/2022\/01\/aduanas.jpg\"><img loading=\"lazy\" decoding=\"async\" class=\"alignnone size-full wp-image-114398\" src=\"https:\/\/potenciaradiofonicadominicana.com\/portal\/wp-content\/uploads\/2022\/01\/aduanas.jpg\" alt=\"\" width=\"480\" height=\"361\" srcset=\"https:\/\/potenciaradiofonicadominicana.com\/portal\/wp-content\/uploads\/2022\/01\/aduanas.jpg 480w, https:\/\/potenciaradiofonicadominicana.com\/portal\/wp-content\/uploads\/2022\/01\/aduanas-300x226.jpg 300w\" sizes=\"auto, (max-width: 480px) 100vw, 480px\" \/><\/a><\/p>\n<p>La Direcci\u00f3n General de Aduanas (DGA), celebr\u00f3 el D\u00eda Internacional de la Aduana bajo el lema \u201cAmpliar la transformaci\u00f3n digital de la Aduana mediante una cultura de datos y la creaci\u00f3n de un ecosistema de datos\u201d.<\/p>\n<p>En este marco se realiz\u00f3 la entrega de certificados, de la Organizaci\u00f3n Mundial de Aduanas (OMA), a las instituciones y empresas con destacado desempe\u00f1o en el a\u00f1o.<\/p>\n<p>De acuerdo con lo anunciado por la OMA, la comunidad aduanera har\u00e1 eje en la manera de trabajar en un entorno totalmente digital y crear un modelo de funcionamiento que se apropie y aproveche los datos de todo el ecosistema comercial.<\/p>\n<p>El director general de Aduanas, Eduardo Sanz Lovat\u00f3n, afirm\u00f3 que contar con una Aduana competitiva, moderna y eficiente es una prioridad de su gesti\u00f3n. Agreg\u00f3 que este ha sido un a\u00f1o de logros y avances para la DGA, que ahora cuenta con una nueva ley ajustada a la actualidad, y que tambi\u00e9n ofrece el servicio de Despacho en 24 Horas de manera exitosa.<\/p>\n<p>\u201cNos enorgullece celebrar el D\u00eda Internacional de las Aduanas. la Rep\u00fablica Dominicana se honra de participar en todos los escenarios que nos ha dado cabida la OMA, y este a\u00f1o nos llenamos de much\u00edsima alegr\u00eda al saber que la administraci\u00f3n que presidimos ha puesto como meta central la utilizaci\u00f3n de data\u201d.<\/p>\n<p>\u201cLa meta al final del d\u00eda en la DGA, bajo las directrices del gabinete econ\u00f3mico del Gobierno que encabeza el presidente, Luis Abinader, es, que cada vez m\u00e1s lo discrecional de nuestros agentes aduaneros, lo que pasa en los puertos y aeropuertos, pase a una revisi\u00f3n mucho m\u00e1s automatizada, m\u00e1s verificable, que respete el debido proceso del contribuyente\u201d, indic\u00f3 el titular.<\/p>\n<p>Mediante un comunicado de prensa, el secretario general de la OMA, Kunio Mikuriya, asegur\u00f3 que esa organizaci\u00f3n mantiene el concepto de tener una cultura y un ecosistema de datos con el objetivo de impulsar a que las aduanas hagan un mejor uso de toda la informaci\u00f3n que tienen disponible.<\/p>\n<p>\u201cA lo largo de los a\u00f1os, la tecnolog\u00eda digital ha evolucionado r\u00e1pidamente y la Aduana puede ahora aprovechar los datos de otros organismos p\u00fablicos, las bases de datos disponibles en el mercado y las plataformas de informaci\u00f3n de c\u00f3digo abierto, como los registros p\u00fablicos mundiales digitalizados y las fuentes de noticias multiling\u00fces\u201d, expres\u00f3.<\/p>\n<p>Mikuriya tambi\u00e9n exhort\u00f3 a las administraciones aduaneras a considerar la posibilidad de aprovechar los antecedentes en sus relaciones con otros agentes a lo largo de la cadena de suministro, as\u00ed como a poner los datos a disposici\u00f3n del p\u00fablico y de los c\u00edrculos acad\u00e9micos como medio para mejorar la transparencia, estimular la producci\u00f3n de conocimientos y permitir el di\u00e1logo con la sociedad civil.<\/p>\n<p>Reconocimiento a instituciones y empresas<\/p>\n<p>Se realiz\u00f3 la entrega de certificados al m\u00e9rito de la OMA a cargo del director general de Aduanas, Eduardo Sanz Lovat\u00f3n. En el acto comparti\u00f3 unas palabras el se\u00f1or, Alan Michael Fortuna Rodr\u00edguez, en representaci\u00f3n de los colaboradores homenajeados.<\/p>\n<p>\u201cLa DGA a trav\u00e9s de los a\u00f1os ha venido sufriendo grandes transformaciones, y los \u00faltimos tiempos hemos visto los frutos de estos cambios, donde la hemos llevado, a niveles de toma de decisiones basadas en datos. Se ha convertido en un recurso importante\u201d, expres\u00f3 Fortuna, encargado secci\u00f3n ETL.<\/p>\n<p>Por parte de las empresas privadas reconocidas habl\u00f3, Celso Juan Marranzini, presidente de la Asociaci\u00f3n de Industrias de la Rep\u00fablica Dominicana (AIRD), quien expres\u00f3 que es honor recibir el reconocimiento por parte de la OMA a trav\u00e9s de la DGA, \u201ces una muestra del trabajo en conjunto y de esa alianza p\u00fablico-privada que existe buscando siempre los mejores objetivos para el pa\u00eds, en este caso: eficiencia, competitividad, pero tambi\u00e9n eficiencia en la administraci\u00f3n tributaria\u201d, expres\u00f3.<\/p>\n","protected":false},"excerpt":{"rendered":"<p>La Direcci\u00f3n General de Aduanas (DGA), celebr\u00f3 el D\u00eda Internacional de la Aduana bajo el lema \u201cAmpliar la transformaci\u00f3n digital &#8230;<\/p>\n","protected":false},"author":2,"featured_media":114398,"comment_status":"open","ping_status":"open","sticky":false,"template":"","format":"standard","meta":{"footnotes":""},"categories":[26],"tags":[],"class_list":["post-114394","post","type-post","status-publish","format-standard","has-post-thumbnail","hentry","category-economia"],"yoast_head":"<!-- This site is optimized with the Yoast SEO plugin v24.8.1 - https:\/\/yoast.com\/wordpress\/plugins\/seo\/ -->\n<title>Aduanas reconoce instituciones y empresas destacadas - PotenciaRadiofonicaDominicana.com<\/title>\n<meta name=\"robots\" content=\"index, follow, max-snippet:-1, max-image-preview:large, max-video-preview:-1\" \/>\n<link rel=\"canonical\" href=\"https:\/\/potenciaradiofonicadominicana.com\/portal\/aduanas-reconoce-instituciones-y-empresas-destacadas\/\" \/>\n<meta property=\"og:locale\" content=\"es_ES\" \/>\n<meta property=\"og:type\" content=\"article\" \/>\n<meta property=\"og:title\" content=\"Aduanas reconoce instituciones y empresas destacadas - PotenciaRadiofonicaDominicana.com\" \/>\n<meta property=\"og:description\" content=\"La Direcci\u00f3n General de Aduanas (DGA), celebr\u00f3 el D\u00eda Internacional de la Aduana bajo el lema \u201cAmpliar la transformaci\u00f3n digital ...\" \/>\n<meta property=\"og:url\" content=\"https:\/\/potenciaradiofonicadominicana.com\/portal\/aduanas-reconoce-instituciones-y-empresas-destacadas\/\" \/>\n<meta property=\"og:site_name\" content=\"PotenciaRadiofonicaDominicana.com\" \/>\n<meta property=\"article:publisher\" content=\"https:\/\/web.facebook.com\/PotenciaRadiofonicaD\" \/>\n<meta property=\"article:published_time\" content=\"2022-01-28T17:38:59+00:00\" \/>\n<meta property=\"og:image\" content=\"https:\/\/potenciaradiofonicadominicana.com\/portal\/wp-content\/uploads\/2022\/01\/aduanas.jpg\" \/>\n\t<meta property=\"og:image:width\" content=\"480\" \/>\n\t<meta property=\"og:image:height\" content=\"361\" \/>\n\t<meta property=\"og:image:type\" content=\"image\/jpeg\" \/>\n<meta name=\"author\" content=\"Potencia Radiof\u00f3nica Dominicana\" \/>\n<meta name=\"twitter:card\" content=\"summary_large_image\" \/>\n<meta name=\"twitter:label1\" content=\"Escrito por\" \/>\n\t<meta name=\"twitter:data1\" content=\"Potencia Radiof\u00f3nica Dominicana\" \/>\n\t<meta name=\"twitter:label2\" content=\"Tiempo de lectura\" \/>\n\t<meta name=\"twitter:data2\" content=\"3 minutos\" \/>\n<script type=\"application\/ld+json\" class=\"yoast-schema-graph\">{\"@context\":\"https:\/\/schema.org\",\"@graph\":[{\"@type\":\"Article\",\"@id\":\"https:\/\/potenciaradiofonicadominicana.com\/portal\/aduanas-reconoce-instituciones-y-empresas-destacadas\/#article\",\"isPartOf\":{\"@id\":\"https:\/\/potenciaradiofonicadominicana.com\/portal\/aduanas-reconoce-instituciones-y-empresas-destacadas\/\"},\"author\":{\"name\":\"Potencia Radiof\u00f3nica Dominicana\",\"@id\":\"https:\/\/potenciaradiofonicadominicana.com\/portal\/#\/schema\/person\/a5cf1fea13877803ee0573ac18b03490\"},\"headline\":\"Aduanas reconoce instituciones y empresas destacadas\",\"datePublished\":\"2022-01-28T17:38:59+00:00\",\"mainEntityOfPage\":{\"@id\":\"https:\/\/potenciaradiofonicadominicana.com\/portal\/aduanas-reconoce-instituciones-y-empresas-destacadas\/\"},\"wordCount\":672,\"commentCount\":0,\"publisher\":{\"@id\":\"https:\/\/potenciaradiofonicadominicana.com\/portal\/#organization\"},\"image\":{\"@id\":\"https:\/\/potenciaradiofonicadominicana.com\/portal\/aduanas-reconoce-instituciones-y-empresas-destacadas\/#primaryimage\"},\"thumbnailUrl\":\"https:\/\/potenciaradiofonicadominicana.com\/portal\/wp-content\/uploads\/2022\/01\/aduanas.jpg\",\"articleSection\":[\"Econom\u00eda\"],\"inLanguage\":\"es\",\"potentialAction\":[{\"@type\":\"CommentAction\",\"name\":\"Comment\",\"target\":[\"https:\/\/potenciaradiofonicadominicana.com\/portal\/aduanas-reconoce-instituciones-y-empresas-destacadas\/#respond\"]}]},{\"@type\":\"WebPage\",\"@id\":\"https:\/\/potenciaradiofonicadominicana.com\/portal\/aduanas-reconoce-instituciones-y-empresas-destacadas\/\",\"url\":\"https:\/\/potenciaradiofonicadominicana.com\/portal\/aduanas-reconoce-instituciones-y-empresas-destacadas\/\",\"name\":\"Aduanas reconoce instituciones y empresas destacadas - PotenciaRadiofonicaDominicana.com\",\"isPartOf\":{\"@id\":\"https:\/\/potenciaradiofonicadominicana.com\/portal\/#website\"},\"primaryImageOfPage\":{\"@id\":\"https:\/\/potenciaradiofonicadominicana.com\/portal\/aduanas-reconoce-instituciones-y-empresas-destacadas\/#primaryimage\"},\"image\":{\"@id\":\"https:\/\/potenciaradiofonicadominicana.com\/portal\/aduanas-reconoce-instituciones-y-empresas-destacadas\/#primaryimage\"},\"thumbnailUrl\":\"https:\/\/potenciaradiofonicadominicana.com\/portal\/wp-content\/uploads\/2022\/01\/aduanas.jpg\",\"datePublished\":\"2022-01-28T17:38:59+00:00\",\"breadcrumb\":{\"@id\":\"https:\/\/potenciaradiofonicadominicana.com\/portal\/aduanas-reconoce-instituciones-y-empresas-destacadas\/#breadcrumb\"},\"inLanguage\":\"es\",\"potentialAction\":[{\"@type\":\"ReadAction\",\"target\":[\"https:\/\/potenciaradiofonicadominicana.com\/portal\/aduanas-reconoce-instituciones-y-empresas-destacadas\/\"]}]},{\"@type\":\"ImageObject\",\"inLanguage\":\"es\",\"@id\":\"https:\/\/potenciaradiofonicadominicana.com\/portal\/aduanas-reconoce-instituciones-y-empresas-destacadas\/#primaryimage\",\"url\":\"https:\/\/potenciaradiofonicadominicana.com\/portal\/wp-content\/uploads\/2022\/01\/aduanas.jpg\",\"contentUrl\":\"https:\/\/potenciaradiofonicadominicana.com\/portal\/wp-content\/uploads\/2022\/01\/aduanas.jpg\",\"width\":480,\"height\":361},{\"@type\":\"BreadcrumbList\",\"@id\":\"https:\/\/potenciaradiofonicadominicana.com\/portal\/aduanas-reconoce-instituciones-y-empresas-destacadas\/#breadcrumb\",\"itemListElement\":[{\"@type\":\"ListItem\",\"position\":1,\"name\":\"Portada\",\"item\":\"https:\/\/potenciaradiofonicadominicana.com\/portal\/\"},{\"@type\":\"ListItem\",\"position\":2,\"name\":\"Aduanas reconoce instituciones y empresas destacadas\"}]},{\"@type\":\"WebSite\",\"@id\":\"https:\/\/potenciaradiofonicadominicana.com\/portal\/#website\",\"url\":\"https:\/\/potenciaradiofonicadominicana.com\/portal\/\",\"name\":\"PotenciaRadiofonicaDominicana.com\",\"description\":\"Peri\u00f3dico Digital\",\"publisher\":{\"@id\":\"https:\/\/potenciaradiofonicadominicana.com\/portal\/#organization\"},\"potentialAction\":[{\"@type\":\"SearchAction\",\"target\":{\"@type\":\"EntryPoint\",\"urlTemplate\":\"https:\/\/potenciaradiofonicadominicana.com\/portal\/?s={search_term_string}\"},\"query-input\":{\"@type\":\"PropertyValueSpecification\",\"valueRequired\":true,\"valueName\":\"search_term_string\"}}],\"inLanguage\":\"es\"},{\"@type\":\"Organization\",\"@id\":\"https:\/\/potenciaradiofonicadominicana.com\/portal\/#organization\",\"name\":\"PotenciaRadiofonicaDominicana.com\",\"url\":\"https:\/\/potenciaradiofonicadominicana.com\/portal\/\",\"logo\":{\"@type\":\"ImageObject\",\"inLanguage\":\"es\",\"@id\":\"https:\/\/potenciaradiofonicadominicana.com\/portal\/#\/schema\/logo\/image\/\",\"url\":\"https:\/\/potenciaradiofonicadominicana.com\/portal\/wp-content\/uploads\/2022\/01\/descarga.png\",\"contentUrl\":\"https:\/\/potenciaradiofonicadominicana.com\/portal\/wp-content\/uploads\/2022\/01\/descarga.png\",\"width\":300,\"height\":100,\"caption\":\"PotenciaRadiofonicaDominicana.com\"},\"image\":{\"@id\":\"https:\/\/potenciaradiofonicadominicana.com\/portal\/#\/schema\/logo\/image\/\"},\"sameAs\":[\"https:\/\/web.facebook.com\/PotenciaRadiofonicaD\"]},{\"@type\":\"Person\",\"@id\":\"https:\/\/potenciaradiofonicadominicana.com\/portal\/#\/schema\/person\/a5cf1fea13877803ee0573ac18b03490\",\"name\":\"Potencia Radiof\u00f3nica Dominicana\",\"image\":{\"@type\":\"ImageObject\",\"inLanguage\":\"es\",\"@id\":\"https:\/\/potenciaradiofonicadominicana.com\/portal\/#\/schema\/person\/image\/\",\"url\":\"https:\/\/secure.gravatar.com\/avatar\/42a55ab9e8ccc656ba34cd791990602a?s=96&d=mm&r=g\",\"contentUrl\":\"https:\/\/secure.gravatar.com\/avatar\/42a55ab9e8ccc656ba34cd791990602a?s=96&d=mm&r=g\",\"caption\":\"Potencia Radiof\u00f3nica Dominicana\"},\"url\":\"https:\/\/potenciaradiofonicadominicana.com\/portal\/author\/johannyalmanzar\/\"}]}<\/script>\n<!-- \/ Yoast SEO plugin. -->","yoast_head_json":{"title":"Aduanas reconoce instituciones y empresas destacadas - PotenciaRadiofonicaDominicana.com","robots":{"index":"index","follow":"follow","max-snippet":"max-snippet:-1","max-image-preview":"max-image-preview:large","max-video-preview":"max-video-preview:-1"},"canonical":"https:\/\/potenciaradiofonicadominicana.com\/portal\/aduanas-reconoce-instituciones-y-empresas-destacadas\/","og_locale":"es_ES","og_type":"article","og_title":"Aduanas reconoce instituciones y empresas destacadas - PotenciaRadiofonicaDominicana.com","og_description":"La Direcci\u00f3n General de Aduanas (DGA), celebr\u00f3 el D\u00eda Internacional de la Aduana bajo el lema \u201cAmpliar la transformaci\u00f3n digital ...","og_url":"https:\/\/potenciaradiofonicadominicana.com\/portal\/aduanas-reconoce-instituciones-y-empresas-destacadas\/","og_site_name":"PotenciaRadiofonicaDominicana.com","article_publisher":"https:\/\/web.facebook.com\/PotenciaRadiofonicaD","article_published_time":"2022-01-28T17:38:59+00:00","og_image":[{"width":480,"height":361,"url":"https:\/\/potenciaradiofonicadominicana.com\/portal\/wp-content\/uploads\/2022\/01\/aduanas.jpg","type":"image\/jpeg"}],"author":"Potencia Radiof\u00f3nica Dominicana","twitter_card":"summary_large_image","twitter_misc":{"Escrito por":"Potencia Radiof\u00f3nica Dominicana","Tiempo de lectura":"3 minutos"},"schema":{"@context":"https:\/\/schema.org","@graph":[{"@type":"Article","@id":"https:\/\/potenciaradiofonicadominicana.com\/portal\/aduanas-reconoce-instituciones-y-empresas-destacadas\/#article","isPartOf":{"@id":"https:\/\/potenciaradiofonicadominicana.com\/portal\/aduanas-reconoce-instituciones-y-empresas-destacadas\/"},"author":{"name":"Potencia Radiof\u00f3nica Dominicana","@id":"https:\/\/potenciaradiofonicadominicana.com\/portal\/#\/schema\/person\/a5cf1fea13877803ee0573ac18b03490"},"headline":"Aduanas reconoce instituciones y empresas destacadas","datePublished":"2022-01-28T17:38:59+00:00","mainEntityOfPage":{"@id":"https:\/\/potenciaradiofonicadominicana.com\/portal\/aduanas-reconoce-instituciones-y-empresas-destacadas\/"},"wordCount":672,"commentCount":0,"publisher":{"@id":"https:\/\/potenciaradiofonicadominicana.com\/portal\/#organization"},"image":{"@id":"https:\/\/potenciaradiofonicadominicana.com\/portal\/aduanas-reconoce-instituciones-y-empresas-destacadas\/#primaryimage"},"thumbnailUrl":"https:\/\/potenciaradiofonicadominicana.com\/portal\/wp-content\/uploads\/2022\/01\/aduanas.jpg","articleSection":["Econom\u00eda"],"inLanguage":"es","potentialAction":[{"@type":"CommentAction","name":"Comment","target":["https:\/\/potenciaradiofonicadominicana.com\/portal\/aduanas-reconoce-instituciones-y-empresas-destacadas\/#respond"]}]},{"@type":"WebPage","@id":"https:\/\/potenciaradiofonicadominicana.com\/portal\/aduanas-reconoce-instituciones-y-empresas-destacadas\/","url":"https:\/\/potenciaradiofonicadominicana.com\/portal\/aduanas-reconoce-instituciones-y-empresas-destacadas\/","name":"Aduanas reconoce instituciones y empresas destacadas - PotenciaRadiofonicaDominicana.com","isPartOf":{"@id":"https:\/\/potenciaradiofonicadominicana.com\/portal\/#website"},"primaryImageOfPage":{"@id":"https:\/\/potenciaradiofonicadominicana.com\/portal\/aduanas-reconoce-instituciones-y-empresas-destacadas\/#primaryimage"},"image":{"@id":"https:\/\/potenciaradiofonicadominicana.com\/portal\/aduanas-reconoce-instituciones-y-empresas-destacadas\/#primaryimage"},"thumbnailUrl":"https:\/\/potenciaradiofonicadominicana.com\/portal\/wp-content\/uploads\/2022\/01\/aduanas.jpg","datePublished":"2022-01-28T17:38:59+00:00","breadcrumb":{"@id":"https:\/\/potenciaradiofonicadominicana.com\/portal\/aduanas-reconoce-instituciones-y-empresas-destacadas\/#breadcrumb"},"inLanguage":"es","potentialAction":[{"@type":"ReadAction","target":["https:\/\/potenciaradiofonicadominicana.com\/portal\/aduanas-reconoce-instituciones-y-empresas-destacadas\/"]}]},{"@type":"ImageObject","inLanguage":"es","@id":"https:\/\/potenciaradiofonicadominicana.com\/portal\/aduanas-reconoce-instituciones-y-empresas-destacadas\/#primaryimage","url":"https:\/\/potenciaradiofonicadominicana.com\/portal\/wp-content\/uploads\/2022\/01\/aduanas.jpg","contentUrl":"https:\/\/potenciaradiofonicadominicana.com\/portal\/wp-content\/uploads\/2022\/01\/aduanas.jpg","width":480,"height":361},{"@type":"BreadcrumbList","@id":"https:\/\/potenciaradiofonicadominicana.com\/portal\/aduanas-reconoce-instituciones-y-empresas-destacadas\/#breadcrumb","itemListElement":[{"@type":"ListItem","position":1,"name":"Portada","item":"https:\/\/potenciaradiofonicadominicana.com\/portal\/"},{"@type":"ListItem","position":2,"name":"Aduanas reconoce instituciones y empresas destacadas"}]},{"@type":"WebSite","@id":"https:\/\/potenciaradiofonicadominicana.com\/portal\/#website","url":"https:\/\/potenciaradiofonicadominicana.com\/portal\/","name":"PotenciaRadiofonicaDominicana.com","description":"Peri\u00f3dico Digital","publisher":{"@id":"https:\/\/potenciaradiofonicadominicana.com\/portal\/#organization"},"potentialAction":[{"@type":"SearchAction","target":{"@type":"EntryPoint","urlTemplate":"https:\/\/potenciaradiofonicadominicana.com\/portal\/?s={search_term_string}"},"query-input":{"@type":"PropertyValueSpecification","valueRequired":true,"valueName":"search_term_string"}}],"inLanguage":"es"},{"@type":"Organization","@id":"https:\/\/potenciaradiofonicadominicana.com\/portal\/#organization","name":"PotenciaRadiofonicaDominicana.com","url":"https:\/\/potenciaradiofonicadominicana.com\/portal\/","logo":{"@type":"ImageObject","inLanguage":"es","@id":"https:\/\/potenciaradiofonicadominicana.com\/portal\/#\/schema\/logo\/image\/","url":"https:\/\/potenciaradiofonicadominicana.com\/portal\/wp-content\/uploads\/2022\/01\/descarga.png","contentUrl":"https:\/\/potenciaradiofonicadominicana.com\/portal\/wp-content\/uploads\/2022\/01\/descarga.png","width":300,"height":100,"caption":"PotenciaRadiofonicaDominicana.com"},"image":{"@id":"https:\/\/potenciaradiofonicadominicana.com\/portal\/#\/schema\/logo\/image\/"},"sameAs":["https:\/\/web.facebook.com\/PotenciaRadiofonicaD"]},{"@type":"Person","@id":"https:\/\/potenciaradiofonicadominicana.com\/portal\/#\/schema\/person\/a5cf1fea13877803ee0573ac18b03490","name":"Potencia Radiof\u00f3nica Dominicana","image":{"@type":"ImageObject","inLanguage":"es","@id":"https:\/\/potenciaradiofonicadominicana.com\/portal\/#\/schema\/person\/image\/","url":"https:\/\/secure.gravatar.com\/avatar\/42a55ab9e8ccc656ba34cd791990602a?s=96&d=mm&r=g","contentUrl":"https:\/\/secure.gravatar.com\/avatar\/42a55ab9e8ccc656ba34cd791990602a?s=96&d=mm&r=g","caption":"Potencia Radiof\u00f3nica Dominicana"},"url":"https:\/\/potenciaradiofonicadominicana.com\/portal\/author\/johannyalmanzar\/"}]}},"_links":{"self":[{"href":"https:\/\/potenciaradiofonicadominicana.com\/portal\/wp-json\/wp\/v2\/posts\/114394","targetHints":{"allow":["GET"]}}],"collection":[{"href":"https:\/\/potenciaradiofonicadominicana.com\/portal\/wp-json\/wp\/v2\/posts"}],"about":[{"href":"https:\/\/potenciaradiofonicadominicana.com\/portal\/wp-json\/wp\/v2\/types\/post"}],"author":[{"embeddable":true,"href":"https:\/\/potenciaradiofonicadominicana.com\/portal\/wp-json\/wp\/v2\/users\/2"}],"replies":[{"embeddable":true,"href":"https:\/\/potenciaradiofonicadominicana.com\/portal\/wp-json\/wp\/v2\/comments?post=114394"}],"version-history":[{"count":1,"href":"https:\/\/potenciaradiofonicadominicana.com\/portal\/wp-json\/wp\/v2\/posts\/114394\/revisions"}],"predecessor-version":[{"id":114399,"href":"https:\/\/potenciaradiofonicadominicana.com\/portal\/wp-json\/wp\/v2\/posts\/114394\/revisions\/114399"}],"wp:featuredmedia":[{"embeddable":true,"href":"https:\/\/potenciaradiofonicadominicana.com\/portal\/wp-json\/wp\/v2\/media\/114398"}],"wp:attachment":[{"href":"https:\/\/potenciaradiofonicadominicana.com\/portal\/wp-json\/wp\/v2\/media?parent=114394"}],"wp:term":[{"taxonomy":"category","embeddable":true,"href":"https:\/\/potenciaradiofonicadominicana.com\/portal\/wp-json\/wp\/v2\/categories?post=114394"},{"taxonomy":"post_tag","embeddable":true,"href":"https:\/\/potenciaradiofonicadominicana.com\/portal\/wp-json\/wp\/v2\/tags?post=114394"}],"curies":[{"name":"wp","href":"https:\/\/api.w.org\/{rel}","templated":true}]}}