{"id":114378,"date":"2022-01-28T13:24:39","date_gmt":"2022-01-28T17:24:39","guid":{"rendered":"https:\/\/potenciaradiofonicadominicana.com\/portal\/?p=114378"},"modified":"2022-01-28T13:24:39","modified_gmt":"2022-01-28T17:24:39","slug":"pobreza-extrema-crecio-dos-puntos-en-rd-pese-a-ayudas-sociales-segun-cepal","status":"publish","type":"post","link":"https:\/\/potenciaradiofonicadominicana.com\/portal\/pobreza-extrema-crecio-dos-puntos-en-rd-pese-a-ayudas-sociales-segun-cepal\/","title":{"rendered":"Pobreza extrema creci\u00f3 dos puntos en RD pese a ayudas sociales, seg\u00fan Cepal"},"content":{"rendered":"<p><a href=\"https:\/\/potenciaradiofonicadominicana.com\/portal\/wp-content\/uploads\/2022\/01\/el-rio-ozama-el-mayor-problema-ambiental-del-gran-santo-domingo-585x343.jpeg\"><img loading=\"lazy\" decoding=\"async\" class=\"alignnone size-full wp-image-114379\" src=\"https:\/\/potenciaradiofonicadominicana.com\/portal\/wp-content\/uploads\/2022\/01\/el-rio-ozama-el-mayor-problema-ambiental-del-gran-santo-domingo-585x343.jpeg\" alt=\"\" width=\"585\" height=\"343\" srcset=\"https:\/\/potenciaradiofonicadominicana.com\/portal\/wp-content\/uploads\/2022\/01\/el-rio-ozama-el-mayor-problema-ambiental-del-gran-santo-domingo-585x343.jpeg 585w, https:\/\/potenciaradiofonicadominicana.com\/portal\/wp-content\/uploads\/2022\/01\/el-rio-ozama-el-mayor-problema-ambiental-del-gran-santo-domingo-585x343-300x176.jpeg 300w\" sizes=\"auto, (max-width: 585px) 100vw, 585px\" \/><\/a><\/p>\n<p>La pobreza extrema en Latinoam\u00e9rica volvi\u00f3 a crecer el a\u00f1o pasado hasta alcanzar a 86 millones de personas, lo que implica un retroceso de 27 a\u00f1os, pese a las ayudas sociales para afrontar la pandemia, revel\u00f3 este jueves la Comisi\u00f3n Econ\u00f3mica para Am\u00e9rica Latina y el Caribe (Cepal).<\/p>\n<p>El organismo dependiente de la ONU estim\u00f3 que la tasa de pobreza extrema aument\u00f3 del 13,1 % en 2020 al 13,8 % -5 millones de personas m\u00e1s-, mientras que el \u00edndice de pobreza disminuy\u00f3 del 33 % al 32,1 %, afectando a 201 millones de latinoamericanos.<\/p>\n<p>\u201cPese a la recuperaci\u00f3n econ\u00f3mica experimentada en 2021, los niveles de pobreza y pobreza extrema se han mantenido por encima de los registrados en 2019, lo que refleja la continuaci\u00f3n de la crisis social\u201d, apunt\u00f3 el informe \u201cPanorama Social de Am\u00e9rica Latina\u201d, presentado por la Cepal, con sede en Santiago de Chile.<\/p>\n<p>Latinoam\u00e9rica fue una de las regiones m\u00e1s afectadas en t\u00e9rminos sanitarios y econ\u00f3micos por la covid-19, que provoc\u00f3 en 2020 una contracci\u00f3n del producto interior bruto (PIB) del 6,8 %, la mayor recesi\u00f3n en 120 a\u00f1os.<\/p>\n<p>Las ayudas sociales para los sectores vulnerables -que superaron los 45.200 millones de d\u00f3lares el a\u00f1o pasado-, sumadas al avance de los procesos de vacunaci\u00f3n permitieron una \u201clenta recuperaci\u00f3n de los principales indicadores de empleo\u201d y un alza del PIB del 6,2 % en 2021, seg\u00fan la instituci\u00f3n.<\/p>\n<p>Sin embargo, la tasa de desocupaci\u00f3n el a\u00f1o pasado se mantuvo en un 11,8 % para las mujeres y un 8,1 % para los hombres, lo que implica que \u201ctodav\u00eda no se alcanzan los niveles previos a la crisis\u201d.<\/p>\n<p>El incremento de la pobreza extrema fue \u201cconsecuencia de una reducci\u00f3n de las transferencias de ingresos de emergencia que no se compensan con el incremento de ingresos de empleo\u201d, explic\u00f3 la Cepal.<\/p>\n<p>Las mayores alzas en ambos \u00edndices tuvieron lugar en Argentina, Colombia y Per\u00fa, donde alcanzaron o excedieron los 7 puntos porcentuales.<\/p>\n<p>En Chile, Costa Rica, Ecuador y Paraguay aument\u00f3 entre 3 y 5 puntos y en Bolivia, M\u00e9xico y Rep\u00fablica Dominicana, creci\u00f3 menos de 2 puntos porcentuales.<\/p>\n<p>En El Salvador, la tasa de pobreza pr\u00e1cticamente no vari\u00f3 -aunque s\u00ed lo hizo la pobreza extrema en dos puntos porcentuales- y el \u00fanico pa\u00eds que experiment\u00f3 una disminuci\u00f3n en ambos \u00edndices fue Brasil, con una ca\u00edda de del 1,8 % y 0,7 % respectivamente.<\/p>\n<p>Un factor crucial para la recuperaci\u00f3n ser\u00e1 el avance de la vacunaci\u00f3n, que en 2021 alcanz\u00f3 al 59,4 % de la poblaci\u00f3n de Am\u00e9rica Latina (389,4 millones de personas) con dos dosis.<\/p>\n<p>\u201cSi bien destacan los casos de Chile, Cuba, Uruguay, Argentina y el Ecuador, donde ya se vacun\u00f3 el 70 % de la poblaci\u00f3n con el esquema completo, m\u00e1s de la mitad de los pa\u00edses no alcanza el 50 %\u201d, lament\u00f3 la instituci\u00f3n.<\/p>\n<p>La pandemia, que ha dejado 55,7 millones de casos y cerca de 1,5 millones de muertes en dos a\u00f1o en la regi\u00f3n, est\u00e1 viviendo una escalada por la variante \u00f3micron en varios pa\u00edses como M\u00e9xico, Argentina, Per\u00fa y Chile.<\/p>\n","protected":false},"excerpt":{"rendered":"<p>La pobreza extrema en Latinoam\u00e9rica volvi\u00f3 a crecer el a\u00f1o pasado hasta alcanzar a 86 millones de personas, lo que &#8230;<\/p>\n","protected":false},"author":2,"featured_media":114379,"comment_status":"open","ping_status":"open","sticky":false,"template":"","format":"standard","meta":{"footnotes":""},"categories":[26],"tags":[],"class_list":["post-114378","post","type-post","status-publish","format-standard","has-post-thumbnail","hentry","category-economia"],"yoast_head":"<!-- This site is optimized with the Yoast SEO plugin v24.8.1 - https:\/\/yoast.com\/wordpress\/plugins\/seo\/ -->\n<title>Pobreza extrema creci\u00f3 dos puntos en RD pese a ayudas sociales, seg\u00fan Cepal - PotenciaRadiofonicaDominicana.com<\/title>\n<meta name=\"robots\" content=\"index, follow, max-snippet:-1, max-image-preview:large, max-video-preview:-1\" \/>\n<link rel=\"canonical\" href=\"https:\/\/potenciaradiofonicadominicana.com\/portal\/pobreza-extrema-crecio-dos-puntos-en-rd-pese-a-ayudas-sociales-segun-cepal\/\" \/>\n<meta property=\"og:locale\" content=\"es_ES\" \/>\n<meta property=\"og:type\" content=\"article\" \/>\n<meta property=\"og:title\" content=\"Pobreza extrema creci\u00f3 dos puntos en RD pese a ayudas sociales, seg\u00fan Cepal - PotenciaRadiofonicaDominicana.com\" \/>\n<meta property=\"og:description\" content=\"La pobreza extrema en Latinoam\u00e9rica volvi\u00f3 a crecer el a\u00f1o pasado hasta alcanzar a 86 millones de personas, lo que ...\" \/>\n<meta property=\"og:url\" content=\"https:\/\/potenciaradiofonicadominicana.com\/portal\/pobreza-extrema-crecio-dos-puntos-en-rd-pese-a-ayudas-sociales-segun-cepal\/\" \/>\n<meta property=\"og:site_name\" content=\"PotenciaRadiofonicaDominicana.com\" \/>\n<meta property=\"article:publisher\" content=\"https:\/\/web.facebook.com\/PotenciaRadiofonicaD\" \/>\n<meta property=\"article:published_time\" content=\"2022-01-28T17:24:39+00:00\" \/>\n<meta property=\"og:image\" content=\"https:\/\/potenciaradiofonicadominicana.com\/portal\/wp-content\/uploads\/2022\/01\/el-rio-ozama-el-mayor-problema-ambiental-del-gran-santo-domingo-585x343.jpeg\" \/>\n\t<meta property=\"og:image:width\" content=\"585\" \/>\n\t<meta property=\"og:image:height\" content=\"343\" \/>\n\t<meta property=\"og:image:type\" content=\"image\/jpeg\" \/>\n<meta name=\"author\" content=\"Potencia Radiof\u00f3nica Dominicana\" \/>\n<meta name=\"twitter:card\" content=\"summary_large_image\" \/>\n<meta name=\"twitter:label1\" content=\"Escrito por\" \/>\n\t<meta name=\"twitter:data1\" content=\"Potencia Radiof\u00f3nica Dominicana\" \/>\n\t<meta name=\"twitter:label2\" content=\"Tiempo de lectura\" \/>\n\t<meta name=\"twitter:data2\" content=\"3 minutos\" \/>\n<script type=\"application\/ld+json\" class=\"yoast-schema-graph\">{\"@context\":\"https:\/\/schema.org\",\"@graph\":[{\"@type\":\"Article\",\"@id\":\"https:\/\/potenciaradiofonicadominicana.com\/portal\/pobreza-extrema-crecio-dos-puntos-en-rd-pese-a-ayudas-sociales-segun-cepal\/#article\",\"isPartOf\":{\"@id\":\"https:\/\/potenciaradiofonicadominicana.com\/portal\/pobreza-extrema-crecio-dos-puntos-en-rd-pese-a-ayudas-sociales-segun-cepal\/\"},\"author\":{\"name\":\"Potencia Radiof\u00f3nica Dominicana\",\"@id\":\"https:\/\/potenciaradiofonicadominicana.com\/portal\/#\/schema\/person\/a5cf1fea13877803ee0573ac18b03490\"},\"headline\":\"Pobreza extrema creci\u00f3 dos puntos en RD pese a ayudas sociales, seg\u00fan Cepal\",\"datePublished\":\"2022-01-28T17:24:39+00:00\",\"mainEntityOfPage\":{\"@id\":\"https:\/\/potenciaradiofonicadominicana.com\/portal\/pobreza-extrema-crecio-dos-puntos-en-rd-pese-a-ayudas-sociales-segun-cepal\/\"},\"wordCount\":522,\"commentCount\":0,\"publisher\":{\"@id\":\"https:\/\/potenciaradiofonicadominicana.com\/portal\/#organization\"},\"image\":{\"@id\":\"https:\/\/potenciaradiofonicadominicana.com\/portal\/pobreza-extrema-crecio-dos-puntos-en-rd-pese-a-ayudas-sociales-segun-cepal\/#primaryimage\"},\"thumbnailUrl\":\"https:\/\/potenciaradiofonicadominicana.com\/portal\/wp-content\/uploads\/2022\/01\/el-rio-ozama-el-mayor-problema-ambiental-del-gran-santo-domingo-585x343.jpeg\",\"articleSection\":[\"Econom\u00eda\"],\"inLanguage\":\"es\",\"potentialAction\":[{\"@type\":\"CommentAction\",\"name\":\"Comment\",\"target\":[\"https:\/\/potenciaradiofonicadominicana.com\/portal\/pobreza-extrema-crecio-dos-puntos-en-rd-pese-a-ayudas-sociales-segun-cepal\/#respond\"]}]},{\"@type\":\"WebPage\",\"@id\":\"https:\/\/potenciaradiofonicadominicana.com\/portal\/pobreza-extrema-crecio-dos-puntos-en-rd-pese-a-ayudas-sociales-segun-cepal\/\",\"url\":\"https:\/\/potenciaradiofonicadominicana.com\/portal\/pobreza-extrema-crecio-dos-puntos-en-rd-pese-a-ayudas-sociales-segun-cepal\/\",\"name\":\"Pobreza extrema creci\u00f3 dos puntos en RD pese a ayudas sociales, seg\u00fan Cepal - PotenciaRadiofonicaDominicana.com\",\"isPartOf\":{\"@id\":\"https:\/\/potenciaradiofonicadominicana.com\/portal\/#website\"},\"primaryImageOfPage\":{\"@id\":\"https:\/\/potenciaradiofonicadominicana.com\/portal\/pobreza-extrema-crecio-dos-puntos-en-rd-pese-a-ayudas-sociales-segun-cepal\/#primaryimage\"},\"image\":{\"@id\":\"https:\/\/potenciaradiofonicadominicana.com\/portal\/pobreza-extrema-crecio-dos-puntos-en-rd-pese-a-ayudas-sociales-segun-cepal\/#primaryimage\"},\"thumbnailUrl\":\"https:\/\/potenciaradiofonicadominicana.com\/portal\/wp-content\/uploads\/2022\/01\/el-rio-ozama-el-mayor-problema-ambiental-del-gran-santo-domingo-585x343.jpeg\",\"datePublished\":\"2022-01-28T17:24:39+00:00\",\"breadcrumb\":{\"@id\":\"https:\/\/potenciaradiofonicadominicana.com\/portal\/pobreza-extrema-crecio-dos-puntos-en-rd-pese-a-ayudas-sociales-segun-cepal\/#breadcrumb\"},\"inLanguage\":\"es\",\"potentialAction\":[{\"@type\":\"ReadAction\",\"target\":[\"https:\/\/potenciaradiofonicadominicana.com\/portal\/pobreza-extrema-crecio-dos-puntos-en-rd-pese-a-ayudas-sociales-segun-cepal\/\"]}]},{\"@type\":\"ImageObject\",\"inLanguage\":\"es\",\"@id\":\"https:\/\/potenciaradiofonicadominicana.com\/portal\/pobreza-extrema-crecio-dos-puntos-en-rd-pese-a-ayudas-sociales-segun-cepal\/#primaryimage\",\"url\":\"https:\/\/potenciaradiofonicadominicana.com\/portal\/wp-content\/uploads\/2022\/01\/el-rio-ozama-el-mayor-problema-ambiental-del-gran-santo-domingo-585x343.jpeg\",\"contentUrl\":\"https:\/\/potenciaradiofonicadominicana.com\/portal\/wp-content\/uploads\/2022\/01\/el-rio-ozama-el-mayor-problema-ambiental-del-gran-santo-domingo-585x343.jpeg\",\"width\":585,\"height\":343},{\"@type\":\"BreadcrumbList\",\"@id\":\"https:\/\/potenciaradiofonicadominicana.com\/portal\/pobreza-extrema-crecio-dos-puntos-en-rd-pese-a-ayudas-sociales-segun-cepal\/#breadcrumb\",\"itemListElement\":[{\"@type\":\"ListItem\",\"position\":1,\"name\":\"Portada\",\"item\":\"https:\/\/potenciaradiofonicadominicana.com\/portal\/\"},{\"@type\":\"ListItem\",\"position\":2,\"name\":\"Pobreza extrema creci\u00f3 dos puntos en RD pese a ayudas sociales, seg\u00fan Cepal\"}]},{\"@type\":\"WebSite\",\"@id\":\"https:\/\/potenciaradiofonicadominicana.com\/portal\/#website\",\"url\":\"https:\/\/potenciaradiofonicadominicana.com\/portal\/\",\"name\":\"PotenciaRadiofonicaDominicana.com\",\"description\":\"Peri\u00f3dico Digital\",\"publisher\":{\"@id\":\"https:\/\/potenciaradiofonicadominicana.com\/portal\/#organization\"},\"potentialAction\":[{\"@type\":\"SearchAction\",\"target\":{\"@type\":\"EntryPoint\",\"urlTemplate\":\"https:\/\/potenciaradiofonicadominicana.com\/portal\/?s={search_term_string}\"},\"query-input\":{\"@type\":\"PropertyValueSpecification\",\"valueRequired\":true,\"valueName\":\"search_term_string\"}}],\"inLanguage\":\"es\"},{\"@type\":\"Organization\",\"@id\":\"https:\/\/potenciaradiofonicadominicana.com\/portal\/#organization\",\"name\":\"PotenciaRadiofonicaDominicana.com\",\"url\":\"https:\/\/potenciaradiofonicadominicana.com\/portal\/\",\"logo\":{\"@type\":\"ImageObject\",\"inLanguage\":\"es\",\"@id\":\"https:\/\/potenciaradiofonicadominicana.com\/portal\/#\/schema\/logo\/image\/\",\"url\":\"https:\/\/potenciaradiofonicadominicana.com\/portal\/wp-content\/uploads\/2022\/01\/descarga.png\",\"contentUrl\":\"https:\/\/potenciaradiofonicadominicana.com\/portal\/wp-content\/uploads\/2022\/01\/descarga.png\",\"width\":300,\"height\":100,\"caption\":\"PotenciaRadiofonicaDominicana.com\"},\"image\":{\"@id\":\"https:\/\/potenciaradiofonicadominicana.com\/portal\/#\/schema\/logo\/image\/\"},\"sameAs\":[\"https:\/\/web.facebook.com\/PotenciaRadiofonicaD\"]},{\"@type\":\"Person\",\"@id\":\"https:\/\/potenciaradiofonicadominicana.com\/portal\/#\/schema\/person\/a5cf1fea13877803ee0573ac18b03490\",\"name\":\"Potencia Radiof\u00f3nica Dominicana\",\"image\":{\"@type\":\"ImageObject\",\"inLanguage\":\"es\",\"@id\":\"https:\/\/potenciaradiofonicadominicana.com\/portal\/#\/schema\/person\/image\/\",\"url\":\"https:\/\/secure.gravatar.com\/avatar\/42a55ab9e8ccc656ba34cd791990602a?s=96&d=mm&r=g\",\"contentUrl\":\"https:\/\/secure.gravatar.com\/avatar\/42a55ab9e8ccc656ba34cd791990602a?s=96&d=mm&r=g\",\"caption\":\"Potencia Radiof\u00f3nica Dominicana\"},\"url\":\"https:\/\/potenciaradiofonicadominicana.com\/portal\/author\/johannyalmanzar\/\"}]}<\/script>\n<!-- \/ Yoast SEO plugin. -->","yoast_head_json":{"title":"Pobreza extrema creci\u00f3 dos puntos en RD pese a ayudas sociales, seg\u00fan Cepal - PotenciaRadiofonicaDominicana.com","robots":{"index":"index","follow":"follow","max-snippet":"max-snippet:-1","max-image-preview":"max-image-preview:large","max-video-preview":"max-video-preview:-1"},"canonical":"https:\/\/potenciaradiofonicadominicana.com\/portal\/pobreza-extrema-crecio-dos-puntos-en-rd-pese-a-ayudas-sociales-segun-cepal\/","og_locale":"es_ES","og_type":"article","og_title":"Pobreza extrema creci\u00f3 dos puntos en RD pese a ayudas sociales, seg\u00fan Cepal - PotenciaRadiofonicaDominicana.com","og_description":"La pobreza extrema en Latinoam\u00e9rica volvi\u00f3 a crecer el a\u00f1o pasado hasta alcanzar a 86 millones de personas, lo que ...","og_url":"https:\/\/potenciaradiofonicadominicana.com\/portal\/pobreza-extrema-crecio-dos-puntos-en-rd-pese-a-ayudas-sociales-segun-cepal\/","og_site_name":"PotenciaRadiofonicaDominicana.com","article_publisher":"https:\/\/web.facebook.com\/PotenciaRadiofonicaD","article_published_time":"2022-01-28T17:24:39+00:00","og_image":[{"width":585,"height":343,"url":"https:\/\/potenciaradiofonicadominicana.com\/portal\/wp-content\/uploads\/2022\/01\/el-rio-ozama-el-mayor-problema-ambiental-del-gran-santo-domingo-585x343.jpeg","type":"image\/jpeg"}],"author":"Potencia Radiof\u00f3nica Dominicana","twitter_card":"summary_large_image","twitter_misc":{"Escrito por":"Potencia Radiof\u00f3nica Dominicana","Tiempo de lectura":"3 minutos"},"schema":{"@context":"https:\/\/schema.org","@graph":[{"@type":"Article","@id":"https:\/\/potenciaradiofonicadominicana.com\/portal\/pobreza-extrema-crecio-dos-puntos-en-rd-pese-a-ayudas-sociales-segun-cepal\/#article","isPartOf":{"@id":"https:\/\/potenciaradiofonicadominicana.com\/portal\/pobreza-extrema-crecio-dos-puntos-en-rd-pese-a-ayudas-sociales-segun-cepal\/"},"author":{"name":"Potencia Radiof\u00f3nica Dominicana","@id":"https:\/\/potenciaradiofonicadominicana.com\/portal\/#\/schema\/person\/a5cf1fea13877803ee0573ac18b03490"},"headline":"Pobreza extrema creci\u00f3 dos puntos en RD pese a ayudas sociales, seg\u00fan Cepal","datePublished":"2022-01-28T17:24:39+00:00","mainEntityOfPage":{"@id":"https:\/\/potenciaradiofonicadominicana.com\/portal\/pobreza-extrema-crecio-dos-puntos-en-rd-pese-a-ayudas-sociales-segun-cepal\/"},"wordCount":522,"commentCount":0,"publisher":{"@id":"https:\/\/potenciaradiofonicadominicana.com\/portal\/#organization"},"image":{"@id":"https:\/\/potenciaradiofonicadominicana.com\/portal\/pobreza-extrema-crecio-dos-puntos-en-rd-pese-a-ayudas-sociales-segun-cepal\/#primaryimage"},"thumbnailUrl":"https:\/\/potenciaradiofonicadominicana.com\/portal\/wp-content\/uploads\/2022\/01\/el-rio-ozama-el-mayor-problema-ambiental-del-gran-santo-domingo-585x343.jpeg","articleSection":["Econom\u00eda"],"inLanguage":"es","potentialAction":[{"@type":"CommentAction","name":"Comment","target":["https:\/\/potenciaradiofonicadominicana.com\/portal\/pobreza-extrema-crecio-dos-puntos-en-rd-pese-a-ayudas-sociales-segun-cepal\/#respond"]}]},{"@type":"WebPage","@id":"https:\/\/potenciaradiofonicadominicana.com\/portal\/pobreza-extrema-crecio-dos-puntos-en-rd-pese-a-ayudas-sociales-segun-cepal\/","url":"https:\/\/potenciaradiofonicadominicana.com\/portal\/pobreza-extrema-crecio-dos-puntos-en-rd-pese-a-ayudas-sociales-segun-cepal\/","name":"Pobreza extrema creci\u00f3 dos puntos en RD pese a ayudas sociales, seg\u00fan Cepal - PotenciaRadiofonicaDominicana.com","isPartOf":{"@id":"https:\/\/potenciaradiofonicadominicana.com\/portal\/#website"},"primaryImageOfPage":{"@id":"https:\/\/potenciaradiofonicadominicana.com\/portal\/pobreza-extrema-crecio-dos-puntos-en-rd-pese-a-ayudas-sociales-segun-cepal\/#primaryimage"},"image":{"@id":"https:\/\/potenciaradiofonicadominicana.com\/portal\/pobreza-extrema-crecio-dos-puntos-en-rd-pese-a-ayudas-sociales-segun-cepal\/#primaryimage"},"thumbnailUrl":"https:\/\/potenciaradiofonicadominicana.com\/portal\/wp-content\/uploads\/2022\/01\/el-rio-ozama-el-mayor-problema-ambiental-del-gran-santo-domingo-585x343.jpeg","datePublished":"2022-01-28T17:24:39+00:00","breadcrumb":{"@id":"https:\/\/potenciaradiofonicadominicana.com\/portal\/pobreza-extrema-crecio-dos-puntos-en-rd-pese-a-ayudas-sociales-segun-cepal\/#breadcrumb"},"inLanguage":"es","potentialAction":[{"@type":"ReadAction","target":["https:\/\/potenciaradiofonicadominicana.com\/portal\/pobreza-extrema-crecio-dos-puntos-en-rd-pese-a-ayudas-sociales-segun-cepal\/"]}]},{"@type":"ImageObject","inLanguage":"es","@id":"https:\/\/potenciaradiofonicadominicana.com\/portal\/pobreza-extrema-crecio-dos-puntos-en-rd-pese-a-ayudas-sociales-segun-cepal\/#primaryimage","url":"https:\/\/potenciaradiofonicadominicana.com\/portal\/wp-content\/uploads\/2022\/01\/el-rio-ozama-el-mayor-problema-ambiental-del-gran-santo-domingo-585x343.jpeg","contentUrl":"https:\/\/potenciaradiofonicadominicana.com\/portal\/wp-content\/uploads\/2022\/01\/el-rio-ozama-el-mayor-problema-ambiental-del-gran-santo-domingo-585x343.jpeg","width":585,"height":343},{"@type":"BreadcrumbList","@id":"https:\/\/potenciaradiofonicadominicana.com\/portal\/pobreza-extrema-crecio-dos-puntos-en-rd-pese-a-ayudas-sociales-segun-cepal\/#breadcrumb","itemListElement":[{"@type":"ListItem","position":1,"name":"Portada","item":"https:\/\/potenciaradiofonicadominicana.com\/portal\/"},{"@type":"ListItem","position":2,"name":"Pobreza extrema creci\u00f3 dos puntos en RD pese a ayudas sociales, seg\u00fan Cepal"}]},{"@type":"WebSite","@id":"https:\/\/potenciaradiofonicadominicana.com\/portal\/#website","url":"https:\/\/potenciaradiofonicadominicana.com\/portal\/","name":"PotenciaRadiofonicaDominicana.com","description":"Peri\u00f3dico Digital","publisher":{"@id":"https:\/\/potenciaradiofonicadominicana.com\/portal\/#organization"},"potentialAction":[{"@type":"SearchAction","target":{"@type":"EntryPoint","urlTemplate":"https:\/\/potenciaradiofonicadominicana.com\/portal\/?s={search_term_string}"},"query-input":{"@type":"PropertyValueSpecification","valueRequired":true,"valueName":"search_term_string"}}],"inLanguage":"es"},{"@type":"Organization","@id":"https:\/\/potenciaradiofonicadominicana.com\/portal\/#organization","name":"PotenciaRadiofonicaDominicana.com","url":"https:\/\/potenciaradiofonicadominicana.com\/portal\/","logo":{"@type":"ImageObject","inLanguage":"es","@id":"https:\/\/potenciaradiofonicadominicana.com\/portal\/#\/schema\/logo\/image\/","url":"https:\/\/potenciaradiofonicadominicana.com\/portal\/wp-content\/uploads\/2022\/01\/descarga.png","contentUrl":"https:\/\/potenciaradiofonicadominicana.com\/portal\/wp-content\/uploads\/2022\/01\/descarga.png","width":300,"height":100,"caption":"PotenciaRadiofonicaDominicana.com"},"image":{"@id":"https:\/\/potenciaradiofonicadominicana.com\/portal\/#\/schema\/logo\/image\/"},"sameAs":["https:\/\/web.facebook.com\/PotenciaRadiofonicaD"]},{"@type":"Person","@id":"https:\/\/potenciaradiofonicadominicana.com\/portal\/#\/schema\/person\/a5cf1fea13877803ee0573ac18b03490","name":"Potencia Radiof\u00f3nica Dominicana","image":{"@type":"ImageObject","inLanguage":"es","@id":"https:\/\/potenciaradiofonicadominicana.com\/portal\/#\/schema\/person\/image\/","url":"https:\/\/secure.gravatar.com\/avatar\/42a55ab9e8ccc656ba34cd791990602a?s=96&d=mm&r=g","contentUrl":"https:\/\/secure.gravatar.com\/avatar\/42a55ab9e8ccc656ba34cd791990602a?s=96&d=mm&r=g","caption":"Potencia Radiof\u00f3nica Dominicana"},"url":"https:\/\/potenciaradiofonicadominicana.com\/portal\/author\/johannyalmanzar\/"}]}},"_links":{"self":[{"href":"https:\/\/potenciaradiofonicadominicana.com\/portal\/wp-json\/wp\/v2\/posts\/114378","targetHints":{"allow":["GET"]}}],"collection":[{"href":"https:\/\/potenciaradiofonicadominicana.com\/portal\/wp-json\/wp\/v2\/posts"}],"about":[{"href":"https:\/\/potenciaradiofonicadominicana.com\/portal\/wp-json\/wp\/v2\/types\/post"}],"author":[{"embeddable":true,"href":"https:\/\/potenciaradiofonicadominicana.com\/portal\/wp-json\/wp\/v2\/users\/2"}],"replies":[{"embeddable":true,"href":"https:\/\/potenciaradiofonicadominicana.com\/portal\/wp-json\/wp\/v2\/comments?post=114378"}],"version-history":[{"count":1,"href":"https:\/\/potenciaradiofonicadominicana.com\/portal\/wp-json\/wp\/v2\/posts\/114378\/revisions"}],"predecessor-version":[{"id":114380,"href":"https:\/\/potenciaradiofonicadominicana.com\/portal\/wp-json\/wp\/v2\/posts\/114378\/revisions\/114380"}],"wp:featuredmedia":[{"embeddable":true,"href":"https:\/\/potenciaradiofonicadominicana.com\/portal\/wp-json\/wp\/v2\/media\/114379"}],"wp:attachment":[{"href":"https:\/\/potenciaradiofonicadominicana.com\/portal\/wp-json\/wp\/v2\/media?parent=114378"}],"wp:term":[{"taxonomy":"category","embeddable":true,"href":"https:\/\/potenciaradiofonicadominicana.com\/portal\/wp-json\/wp\/v2\/categories?post=114378"},{"taxonomy":"post_tag","embeddable":true,"href":"https:\/\/potenciaradiofonicadominicana.com\/portal\/wp-json\/wp\/v2\/tags?post=114378"}],"curies":[{"name":"wp","href":"https:\/\/api.w.org\/{rel}","templated":true}]}}