{"id":114368,"date":"2022-01-28T12:59:04","date_gmt":"2022-01-28T16:59:04","guid":{"rendered":"https:\/\/potenciaradiofonicadominicana.com\/portal\/?p=114368"},"modified":"2022-01-28T12:59:04","modified_gmt":"2022-01-28T16:59:04","slug":"cepal-la-pobreza-en-la-region-sumo-5-millones-de-personas","status":"publish","type":"post","link":"https:\/\/potenciaradiofonicadominicana.com\/portal\/cepal-la-pobreza-en-la-region-sumo-5-millones-de-personas\/","title":{"rendered":"CEPAL: la pobreza en la regi\u00f3n sum\u00f3 5 millones de personas"},"content":{"rendered":"<p><a href=\"https:\/\/potenciaradiofonicadominicana.com\/portal\/wp-content\/uploads\/2022\/01\/44af3efc-pobresa-61f331a447217-640x384.jpg\"><img loading=\"lazy\" decoding=\"async\" class=\"alignnone size-full wp-image-114370\" src=\"https:\/\/potenciaradiofonicadominicana.com\/portal\/wp-content\/uploads\/2022\/01\/44af3efc-pobresa-61f331a447217-640x384.jpg\" alt=\"\" width=\"640\" height=\"384\" srcset=\"https:\/\/potenciaradiofonicadominicana.com\/portal\/wp-content\/uploads\/2022\/01\/44af3efc-pobresa-61f331a447217-640x384.jpg 640w, https:\/\/potenciaradiofonicadominicana.com\/portal\/wp-content\/uploads\/2022\/01\/44af3efc-pobresa-61f331a447217-640x384-300x180.jpg 300w, https:\/\/potenciaradiofonicadominicana.com\/portal\/wp-content\/uploads\/2022\/01\/44af3efc-pobresa-61f331a447217-640x384-165x100.jpg 165w, https:\/\/potenciaradiofonicadominicana.com\/portal\/wp-content\/uploads\/2022\/01\/44af3efc-pobresa-61f331a447217-640x384-400x240.jpg 400w\" sizes=\"auto, (max-width: 640px) 100vw, 640px\" \/><\/a><\/p>\n<p>La Comisi\u00f3n Econ\u00f3mica para Am\u00e9rica Latina y el Caribe (CEPAL) estima que entre 2020 y 2021 las personas en situaci\u00f3n de pobreza extrema se incrementaron en cerca de cinco millones.<\/p>\n<p>En su informe anual Panorama Social de Am\u00e9rica Latina, el organismo de las Naciones Unidas llama a avanzar hacia sistemas de protecci\u00f3n social universales, integrales, sostenibles y resilientes. La crisis sanitaria permanece vigente y Am\u00e9rica Latina y el Caribe es la regi\u00f3n m\u00e1s vulnerable del mundo en esta pandemia.<\/p>\n<p><strong>Retroceso<\/strong><\/p>\n<p>La CEPAL dice que como consecuencia de la crisis sanitaria y social prolongada de la pandemia de COVID-19, la tasa de pobreza extrema en Am\u00e9rica Latina habr\u00eda aumentado del 13,1% de la poblaci\u00f3n en 2020 al 13,8% en 2021, un retroceso de 27 a\u00f1os, mientras que se estima que la tasa de pobreza general habr\u00eda disminuido levemente, del 33,0% al 32,1% de la poblaci\u00f3n. Esto significa que la cantidad de personas en pobreza extrema pasar\u00eda de 81 a 86 millones, y el n\u00famero total de personas en situaci\u00f3n de pobreza bajar\u00eda ligeramente de 204 a 201 millones.<\/p>\n<p>\u201cPese a la recuperaci\u00f3n econ\u00f3mica experimentada en 2021, los niveles relativos y absolutos estimados de pobreza y de pobreza extrema se han mantenido por encima de los registrados en 2019, lo que refleja la continuaci\u00f3n de la crisis social. La crisis tambi\u00e9n ha puesto en evidencia la vulnerabilidad en que vive buena parte de la poblaci\u00f3n en los estratos de ingresos medios, caracterizados por bajos niveles de cotizaci\u00f3n a la protecci\u00f3n social contributiva y muy baja cobertura de la protecci\u00f3n social no contributiva\u201d, se\u00f1ala el informe anual Panorama Social de Am\u00e9rica Latina 2021 lanzado en conferencia de prensa virtual por la Secretaria Ejecutiva de la CEPAL, Alicia B\u00e1rcena.<\/p>\n<p>Seg\u00fan el informe, la regi\u00f3n experiment\u00f3 un notorio retroceso en su lucha contra la pobreza en 2020 por causa de la pandemia. Tanto la pobreza como la pobreza extrema aumentaron por sexto a\u00f1o consecutivo. En 2020 la pobreza extrema se elev\u00f3 a niveles registrados 27 a\u00f1os atr\u00e1s, mientras que la tasa de pobreza general se ubic\u00f3 en un nivel similar al de finales de la d\u00e9cada de 2000.<\/p>\n<p>En el estudio, la CEPAL indica que en 2020 aument\u00f3 la proporci\u00f3n de mujeres que no recibe ingresos propios y se mantuvieron las brechas de pobreza en \u00e1reas rurales, pueblos ind\u00edgenas y la ni\u00f1ez. Asimismo, al examinar distintos \u00edndices, entre ellos el coeficiente de Gini, se constat\u00f3 un aumento de la desigualdad.<\/p>\n<p><strong>Transferencias evitaron mayor pobreza en 2020<\/strong><\/p>\n<p>De acuerdo con el organismo de las Naciones Unidas, la pobreza habr\u00eda sido mayor en 2020 si los pa\u00edses de la regi\u00f3n no hubieran adoptado medidas como las transferencias de ingresos de emergencia. La pobreza extrema habr\u00eda sido alrededor de 1,8 puntos porcentuales m\u00e1s alta, y la pobreza general habr\u00eda sido 2.9 puntos porcentuales m\u00e1s elevados en promedio en siete pa\u00edses<\/p>\n","protected":false},"excerpt":{"rendered":"<p>La Comisi\u00f3n Econ\u00f3mica para Am\u00e9rica Latina y el Caribe (CEPAL) estima que entre 2020 y 2021 las personas en situaci\u00f3n &#8230;<\/p>\n","protected":false},"author":2,"featured_media":114370,"comment_status":"open","ping_status":"open","sticky":false,"template":"","format":"standard","meta":{"footnotes":""},"categories":[26],"tags":[],"class_list":["post-114368","post","type-post","status-publish","format-standard","has-post-thumbnail","hentry","category-economia"],"yoast_head":"<!-- This site is optimized with the Yoast SEO plugin v24.8.1 - https:\/\/yoast.com\/wordpress\/plugins\/seo\/ -->\n<title>CEPAL: la pobreza en la regi\u00f3n sum\u00f3 5 millones de personas - PotenciaRadiofonicaDominicana.com<\/title>\n<meta name=\"robots\" content=\"index, follow, max-snippet:-1, max-image-preview:large, max-video-preview:-1\" \/>\n<link rel=\"canonical\" href=\"https:\/\/potenciaradiofonicadominicana.com\/portal\/cepal-la-pobreza-en-la-region-sumo-5-millones-de-personas\/\" \/>\n<meta property=\"og:locale\" content=\"es_ES\" \/>\n<meta property=\"og:type\" content=\"article\" \/>\n<meta property=\"og:title\" content=\"CEPAL: la pobreza en la regi\u00f3n sum\u00f3 5 millones de personas - PotenciaRadiofonicaDominicana.com\" \/>\n<meta property=\"og:description\" content=\"La Comisi\u00f3n Econ\u00f3mica para Am\u00e9rica Latina y el Caribe (CEPAL) estima que entre 2020 y 2021 las personas en situaci\u00f3n ...\" \/>\n<meta property=\"og:url\" content=\"https:\/\/potenciaradiofonicadominicana.com\/portal\/cepal-la-pobreza-en-la-region-sumo-5-millones-de-personas\/\" \/>\n<meta property=\"og:site_name\" content=\"PotenciaRadiofonicaDominicana.com\" \/>\n<meta property=\"article:publisher\" content=\"https:\/\/web.facebook.com\/PotenciaRadiofonicaD\" \/>\n<meta property=\"article:published_time\" content=\"2022-01-28T16:59:04+00:00\" \/>\n<meta property=\"og:image\" content=\"https:\/\/potenciaradiofonicadominicana.com\/portal\/wp-content\/uploads\/2022\/01\/44af3efc-pobresa-61f331a447217-640x384.jpg\" \/>\n\t<meta property=\"og:image:width\" content=\"640\" \/>\n\t<meta property=\"og:image:height\" content=\"384\" \/>\n\t<meta property=\"og:image:type\" content=\"image\/jpeg\" \/>\n<meta name=\"author\" content=\"Potencia Radiof\u00f3nica Dominicana\" \/>\n<meta name=\"twitter:card\" content=\"summary_large_image\" \/>\n<meta name=\"twitter:label1\" content=\"Escrito por\" \/>\n\t<meta name=\"twitter:data1\" content=\"Potencia Radiof\u00f3nica Dominicana\" \/>\n\t<meta name=\"twitter:label2\" content=\"Tiempo de lectura\" \/>\n\t<meta name=\"twitter:data2\" content=\"2 minutos\" \/>\n<script type=\"application\/ld+json\" class=\"yoast-schema-graph\">{\"@context\":\"https:\/\/schema.org\",\"@graph\":[{\"@type\":\"Article\",\"@id\":\"https:\/\/potenciaradiofonicadominicana.com\/portal\/cepal-la-pobreza-en-la-region-sumo-5-millones-de-personas\/#article\",\"isPartOf\":{\"@id\":\"https:\/\/potenciaradiofonicadominicana.com\/portal\/cepal-la-pobreza-en-la-region-sumo-5-millones-de-personas\/\"},\"author\":{\"name\":\"Potencia Radiof\u00f3nica Dominicana\",\"@id\":\"https:\/\/potenciaradiofonicadominicana.com\/portal\/#\/schema\/person\/a5cf1fea13877803ee0573ac18b03490\"},\"headline\":\"CEPAL: la pobreza en la regi\u00f3n sum\u00f3 5 millones de personas\",\"datePublished\":\"2022-01-28T16:59:04+00:00\",\"mainEntityOfPage\":{\"@id\":\"https:\/\/potenciaradiofonicadominicana.com\/portal\/cepal-la-pobreza-en-la-region-sumo-5-millones-de-personas\/\"},\"wordCount\":505,\"commentCount\":0,\"publisher\":{\"@id\":\"https:\/\/potenciaradiofonicadominicana.com\/portal\/#organization\"},\"image\":{\"@id\":\"https:\/\/potenciaradiofonicadominicana.com\/portal\/cepal-la-pobreza-en-la-region-sumo-5-millones-de-personas\/#primaryimage\"},\"thumbnailUrl\":\"https:\/\/potenciaradiofonicadominicana.com\/portal\/wp-content\/uploads\/2022\/01\/44af3efc-pobresa-61f331a447217-640x384.jpg\",\"articleSection\":[\"Econom\u00eda\"],\"inLanguage\":\"es\",\"potentialAction\":[{\"@type\":\"CommentAction\",\"name\":\"Comment\",\"target\":[\"https:\/\/potenciaradiofonicadominicana.com\/portal\/cepal-la-pobreza-en-la-region-sumo-5-millones-de-personas\/#respond\"]}]},{\"@type\":\"WebPage\",\"@id\":\"https:\/\/potenciaradiofonicadominicana.com\/portal\/cepal-la-pobreza-en-la-region-sumo-5-millones-de-personas\/\",\"url\":\"https:\/\/potenciaradiofonicadominicana.com\/portal\/cepal-la-pobreza-en-la-region-sumo-5-millones-de-personas\/\",\"name\":\"CEPAL: la pobreza en la regi\u00f3n sum\u00f3 5 millones de personas - PotenciaRadiofonicaDominicana.com\",\"isPartOf\":{\"@id\":\"https:\/\/potenciaradiofonicadominicana.com\/portal\/#website\"},\"primaryImageOfPage\":{\"@id\":\"https:\/\/potenciaradiofonicadominicana.com\/portal\/cepal-la-pobreza-en-la-region-sumo-5-millones-de-personas\/#primaryimage\"},\"image\":{\"@id\":\"https:\/\/potenciaradiofonicadominicana.com\/portal\/cepal-la-pobreza-en-la-region-sumo-5-millones-de-personas\/#primaryimage\"},\"thumbnailUrl\":\"https:\/\/potenciaradiofonicadominicana.com\/portal\/wp-content\/uploads\/2022\/01\/44af3efc-pobresa-61f331a447217-640x384.jpg\",\"datePublished\":\"2022-01-28T16:59:04+00:00\",\"breadcrumb\":{\"@id\":\"https:\/\/potenciaradiofonicadominicana.com\/portal\/cepal-la-pobreza-en-la-region-sumo-5-millones-de-personas\/#breadcrumb\"},\"inLanguage\":\"es\",\"potentialAction\":[{\"@type\":\"ReadAction\",\"target\":[\"https:\/\/potenciaradiofonicadominicana.com\/portal\/cepal-la-pobreza-en-la-region-sumo-5-millones-de-personas\/\"]}]},{\"@type\":\"ImageObject\",\"inLanguage\":\"es\",\"@id\":\"https:\/\/potenciaradiofonicadominicana.com\/portal\/cepal-la-pobreza-en-la-region-sumo-5-millones-de-personas\/#primaryimage\",\"url\":\"https:\/\/potenciaradiofonicadominicana.com\/portal\/wp-content\/uploads\/2022\/01\/44af3efc-pobresa-61f331a447217-640x384.jpg\",\"contentUrl\":\"https:\/\/potenciaradiofonicadominicana.com\/portal\/wp-content\/uploads\/2022\/01\/44af3efc-pobresa-61f331a447217-640x384.jpg\",\"width\":640,\"height\":384},{\"@type\":\"BreadcrumbList\",\"@id\":\"https:\/\/potenciaradiofonicadominicana.com\/portal\/cepal-la-pobreza-en-la-region-sumo-5-millones-de-personas\/#breadcrumb\",\"itemListElement\":[{\"@type\":\"ListItem\",\"position\":1,\"name\":\"Portada\",\"item\":\"https:\/\/potenciaradiofonicadominicana.com\/portal\/\"},{\"@type\":\"ListItem\",\"position\":2,\"name\":\"CEPAL: la pobreza en la regi\u00f3n sum\u00f3 5 millones de personas\"}]},{\"@type\":\"WebSite\",\"@id\":\"https:\/\/potenciaradiofonicadominicana.com\/portal\/#website\",\"url\":\"https:\/\/potenciaradiofonicadominicana.com\/portal\/\",\"name\":\"PotenciaRadiofonicaDominicana.com\",\"description\":\"Peri\u00f3dico Digital\",\"publisher\":{\"@id\":\"https:\/\/potenciaradiofonicadominicana.com\/portal\/#organization\"},\"potentialAction\":[{\"@type\":\"SearchAction\",\"target\":{\"@type\":\"EntryPoint\",\"urlTemplate\":\"https:\/\/potenciaradiofonicadominicana.com\/portal\/?s={search_term_string}\"},\"query-input\":{\"@type\":\"PropertyValueSpecification\",\"valueRequired\":true,\"valueName\":\"search_term_string\"}}],\"inLanguage\":\"es\"},{\"@type\":\"Organization\",\"@id\":\"https:\/\/potenciaradiofonicadominicana.com\/portal\/#organization\",\"name\":\"PotenciaRadiofonicaDominicana.com\",\"url\":\"https:\/\/potenciaradiofonicadominicana.com\/portal\/\",\"logo\":{\"@type\":\"ImageObject\",\"inLanguage\":\"es\",\"@id\":\"https:\/\/potenciaradiofonicadominicana.com\/portal\/#\/schema\/logo\/image\/\",\"url\":\"https:\/\/potenciaradiofonicadominicana.com\/portal\/wp-content\/uploads\/2022\/01\/descarga.png\",\"contentUrl\":\"https:\/\/potenciaradiofonicadominicana.com\/portal\/wp-content\/uploads\/2022\/01\/descarga.png\",\"width\":300,\"height\":100,\"caption\":\"PotenciaRadiofonicaDominicana.com\"},\"image\":{\"@id\":\"https:\/\/potenciaradiofonicadominicana.com\/portal\/#\/schema\/logo\/image\/\"},\"sameAs\":[\"https:\/\/web.facebook.com\/PotenciaRadiofonicaD\"]},{\"@type\":\"Person\",\"@id\":\"https:\/\/potenciaradiofonicadominicana.com\/portal\/#\/schema\/person\/a5cf1fea13877803ee0573ac18b03490\",\"name\":\"Potencia Radiof\u00f3nica Dominicana\",\"image\":{\"@type\":\"ImageObject\",\"inLanguage\":\"es\",\"@id\":\"https:\/\/potenciaradiofonicadominicana.com\/portal\/#\/schema\/person\/image\/\",\"url\":\"https:\/\/secure.gravatar.com\/avatar\/42a55ab9e8ccc656ba34cd791990602a?s=96&d=mm&r=g\",\"contentUrl\":\"https:\/\/secure.gravatar.com\/avatar\/42a55ab9e8ccc656ba34cd791990602a?s=96&d=mm&r=g\",\"caption\":\"Potencia Radiof\u00f3nica Dominicana\"},\"url\":\"https:\/\/potenciaradiofonicadominicana.com\/portal\/author\/johannyalmanzar\/\"}]}<\/script>\n<!-- \/ Yoast SEO plugin. -->","yoast_head_json":{"title":"CEPAL: la pobreza en la regi\u00f3n sum\u00f3 5 millones de personas - PotenciaRadiofonicaDominicana.com","robots":{"index":"index","follow":"follow","max-snippet":"max-snippet:-1","max-image-preview":"max-image-preview:large","max-video-preview":"max-video-preview:-1"},"canonical":"https:\/\/potenciaradiofonicadominicana.com\/portal\/cepal-la-pobreza-en-la-region-sumo-5-millones-de-personas\/","og_locale":"es_ES","og_type":"article","og_title":"CEPAL: la pobreza en la regi\u00f3n sum\u00f3 5 millones de personas - PotenciaRadiofonicaDominicana.com","og_description":"La Comisi\u00f3n Econ\u00f3mica para Am\u00e9rica Latina y el Caribe (CEPAL) estima que entre 2020 y 2021 las personas en situaci\u00f3n ...","og_url":"https:\/\/potenciaradiofonicadominicana.com\/portal\/cepal-la-pobreza-en-la-region-sumo-5-millones-de-personas\/","og_site_name":"PotenciaRadiofonicaDominicana.com","article_publisher":"https:\/\/web.facebook.com\/PotenciaRadiofonicaD","article_published_time":"2022-01-28T16:59:04+00:00","og_image":[{"width":640,"height":384,"url":"https:\/\/potenciaradiofonicadominicana.com\/portal\/wp-content\/uploads\/2022\/01\/44af3efc-pobresa-61f331a447217-640x384.jpg","type":"image\/jpeg"}],"author":"Potencia Radiof\u00f3nica Dominicana","twitter_card":"summary_large_image","twitter_misc":{"Escrito por":"Potencia Radiof\u00f3nica Dominicana","Tiempo de lectura":"2 minutos"},"schema":{"@context":"https:\/\/schema.org","@graph":[{"@type":"Article","@id":"https:\/\/potenciaradiofonicadominicana.com\/portal\/cepal-la-pobreza-en-la-region-sumo-5-millones-de-personas\/#article","isPartOf":{"@id":"https:\/\/potenciaradiofonicadominicana.com\/portal\/cepal-la-pobreza-en-la-region-sumo-5-millones-de-personas\/"},"author":{"name":"Potencia Radiof\u00f3nica Dominicana","@id":"https:\/\/potenciaradiofonicadominicana.com\/portal\/#\/schema\/person\/a5cf1fea13877803ee0573ac18b03490"},"headline":"CEPAL: la pobreza en la regi\u00f3n sum\u00f3 5 millones de personas","datePublished":"2022-01-28T16:59:04+00:00","mainEntityOfPage":{"@id":"https:\/\/potenciaradiofonicadominicana.com\/portal\/cepal-la-pobreza-en-la-region-sumo-5-millones-de-personas\/"},"wordCount":505,"commentCount":0,"publisher":{"@id":"https:\/\/potenciaradiofonicadominicana.com\/portal\/#organization"},"image":{"@id":"https:\/\/potenciaradiofonicadominicana.com\/portal\/cepal-la-pobreza-en-la-region-sumo-5-millones-de-personas\/#primaryimage"},"thumbnailUrl":"https:\/\/potenciaradiofonicadominicana.com\/portal\/wp-content\/uploads\/2022\/01\/44af3efc-pobresa-61f331a447217-640x384.jpg","articleSection":["Econom\u00eda"],"inLanguage":"es","potentialAction":[{"@type":"CommentAction","name":"Comment","target":["https:\/\/potenciaradiofonicadominicana.com\/portal\/cepal-la-pobreza-en-la-region-sumo-5-millones-de-personas\/#respond"]}]},{"@type":"WebPage","@id":"https:\/\/potenciaradiofonicadominicana.com\/portal\/cepal-la-pobreza-en-la-region-sumo-5-millones-de-personas\/","url":"https:\/\/potenciaradiofonicadominicana.com\/portal\/cepal-la-pobreza-en-la-region-sumo-5-millones-de-personas\/","name":"CEPAL: la pobreza en la regi\u00f3n sum\u00f3 5 millones de personas - PotenciaRadiofonicaDominicana.com","isPartOf":{"@id":"https:\/\/potenciaradiofonicadominicana.com\/portal\/#website"},"primaryImageOfPage":{"@id":"https:\/\/potenciaradiofonicadominicana.com\/portal\/cepal-la-pobreza-en-la-region-sumo-5-millones-de-personas\/#primaryimage"},"image":{"@id":"https:\/\/potenciaradiofonicadominicana.com\/portal\/cepal-la-pobreza-en-la-region-sumo-5-millones-de-personas\/#primaryimage"},"thumbnailUrl":"https:\/\/potenciaradiofonicadominicana.com\/portal\/wp-content\/uploads\/2022\/01\/44af3efc-pobresa-61f331a447217-640x384.jpg","datePublished":"2022-01-28T16:59:04+00:00","breadcrumb":{"@id":"https:\/\/potenciaradiofonicadominicana.com\/portal\/cepal-la-pobreza-en-la-region-sumo-5-millones-de-personas\/#breadcrumb"},"inLanguage":"es","potentialAction":[{"@type":"ReadAction","target":["https:\/\/potenciaradiofonicadominicana.com\/portal\/cepal-la-pobreza-en-la-region-sumo-5-millones-de-personas\/"]}]},{"@type":"ImageObject","inLanguage":"es","@id":"https:\/\/potenciaradiofonicadominicana.com\/portal\/cepal-la-pobreza-en-la-region-sumo-5-millones-de-personas\/#primaryimage","url":"https:\/\/potenciaradiofonicadominicana.com\/portal\/wp-content\/uploads\/2022\/01\/44af3efc-pobresa-61f331a447217-640x384.jpg","contentUrl":"https:\/\/potenciaradiofonicadominicana.com\/portal\/wp-content\/uploads\/2022\/01\/44af3efc-pobresa-61f331a447217-640x384.jpg","width":640,"height":384},{"@type":"BreadcrumbList","@id":"https:\/\/potenciaradiofonicadominicana.com\/portal\/cepal-la-pobreza-en-la-region-sumo-5-millones-de-personas\/#breadcrumb","itemListElement":[{"@type":"ListItem","position":1,"name":"Portada","item":"https:\/\/potenciaradiofonicadominicana.com\/portal\/"},{"@type":"ListItem","position":2,"name":"CEPAL: la pobreza en la regi\u00f3n sum\u00f3 5 millones de personas"}]},{"@type":"WebSite","@id":"https:\/\/potenciaradiofonicadominicana.com\/portal\/#website","url":"https:\/\/potenciaradiofonicadominicana.com\/portal\/","name":"PotenciaRadiofonicaDominicana.com","description":"Peri\u00f3dico Digital","publisher":{"@id":"https:\/\/potenciaradiofonicadominicana.com\/portal\/#organization"},"potentialAction":[{"@type":"SearchAction","target":{"@type":"EntryPoint","urlTemplate":"https:\/\/potenciaradiofonicadominicana.com\/portal\/?s={search_term_string}"},"query-input":{"@type":"PropertyValueSpecification","valueRequired":true,"valueName":"search_term_string"}}],"inLanguage":"es"},{"@type":"Organization","@id":"https:\/\/potenciaradiofonicadominicana.com\/portal\/#organization","name":"PotenciaRadiofonicaDominicana.com","url":"https:\/\/potenciaradiofonicadominicana.com\/portal\/","logo":{"@type":"ImageObject","inLanguage":"es","@id":"https:\/\/potenciaradiofonicadominicana.com\/portal\/#\/schema\/logo\/image\/","url":"https:\/\/potenciaradiofonicadominicana.com\/portal\/wp-content\/uploads\/2022\/01\/descarga.png","contentUrl":"https:\/\/potenciaradiofonicadominicana.com\/portal\/wp-content\/uploads\/2022\/01\/descarga.png","width":300,"height":100,"caption":"PotenciaRadiofonicaDominicana.com"},"image":{"@id":"https:\/\/potenciaradiofonicadominicana.com\/portal\/#\/schema\/logo\/image\/"},"sameAs":["https:\/\/web.facebook.com\/PotenciaRadiofonicaD"]},{"@type":"Person","@id":"https:\/\/potenciaradiofonicadominicana.com\/portal\/#\/schema\/person\/a5cf1fea13877803ee0573ac18b03490","name":"Potencia Radiof\u00f3nica Dominicana","image":{"@type":"ImageObject","inLanguage":"es","@id":"https:\/\/potenciaradiofonicadominicana.com\/portal\/#\/schema\/person\/image\/","url":"https:\/\/secure.gravatar.com\/avatar\/42a55ab9e8ccc656ba34cd791990602a?s=96&d=mm&r=g","contentUrl":"https:\/\/secure.gravatar.com\/avatar\/42a55ab9e8ccc656ba34cd791990602a?s=96&d=mm&r=g","caption":"Potencia Radiof\u00f3nica Dominicana"},"url":"https:\/\/potenciaradiofonicadominicana.com\/portal\/author\/johannyalmanzar\/"}]}},"_links":{"self":[{"href":"https:\/\/potenciaradiofonicadominicana.com\/portal\/wp-json\/wp\/v2\/posts\/114368","targetHints":{"allow":["GET"]}}],"collection":[{"href":"https:\/\/potenciaradiofonicadominicana.com\/portal\/wp-json\/wp\/v2\/posts"}],"about":[{"href":"https:\/\/potenciaradiofonicadominicana.com\/portal\/wp-json\/wp\/v2\/types\/post"}],"author":[{"embeddable":true,"href":"https:\/\/potenciaradiofonicadominicana.com\/portal\/wp-json\/wp\/v2\/users\/2"}],"replies":[{"embeddable":true,"href":"https:\/\/potenciaradiofonicadominicana.com\/portal\/wp-json\/wp\/v2\/comments?post=114368"}],"version-history":[{"count":1,"href":"https:\/\/potenciaradiofonicadominicana.com\/portal\/wp-json\/wp\/v2\/posts\/114368\/revisions"}],"predecessor-version":[{"id":114371,"href":"https:\/\/potenciaradiofonicadominicana.com\/portal\/wp-json\/wp\/v2\/posts\/114368\/revisions\/114371"}],"wp:featuredmedia":[{"embeddable":true,"href":"https:\/\/potenciaradiofonicadominicana.com\/portal\/wp-json\/wp\/v2\/media\/114370"}],"wp:attachment":[{"href":"https:\/\/potenciaradiofonicadominicana.com\/portal\/wp-json\/wp\/v2\/media?parent=114368"}],"wp:term":[{"taxonomy":"category","embeddable":true,"href":"https:\/\/potenciaradiofonicadominicana.com\/portal\/wp-json\/wp\/v2\/categories?post=114368"},{"taxonomy":"post_tag","embeddable":true,"href":"https:\/\/potenciaradiofonicadominicana.com\/portal\/wp-json\/wp\/v2\/tags?post=114368"}],"curies":[{"name":"wp","href":"https:\/\/api.w.org\/{rel}","templated":true}]}}