{"id":114350,"date":"2022-01-28T09:27:56","date_gmt":"2022-01-28T13:27:56","guid":{"rendered":"https:\/\/potenciaradiofonicadominicana.com\/portal\/?p=114350"},"modified":"2022-01-28T09:27:56","modified_gmt":"2022-01-28T13:27:56","slug":"abinader-afirma-que-trabaja-para-mitigar-alzas-de-precios","status":"publish","type":"post","link":"https:\/\/potenciaradiofonicadominicana.com\/portal\/abinader-afirma-que-trabaja-para-mitigar-alzas-de-precios\/","title":{"rendered":"Abinader afirma que trabaja para mitigar alzas de precios"},"content":{"rendered":"<p><a href=\"https:\/\/potenciaradiofonicadominicana.com\/portal\/wp-content\/uploads\/2022\/01\/WhatsApp-Image-2021-02-13-at-12.23.55-PM-1-1_0.jpeg\"><img loading=\"lazy\" decoding=\"async\" class=\"alignnone size-full wp-image-114351\" src=\"https:\/\/potenciaradiofonicadominicana.com\/portal\/wp-content\/uploads\/2022\/01\/WhatsApp-Image-2021-02-13-at-12.23.55-PM-1-1_0.jpeg\" alt=\"\" width=\"1300\" height=\"864\" srcset=\"https:\/\/potenciaradiofonicadominicana.com\/portal\/wp-content\/uploads\/2022\/01\/WhatsApp-Image-2021-02-13-at-12.23.55-PM-1-1_0.jpeg 1300w, https:\/\/potenciaradiofonicadominicana.com\/portal\/wp-content\/uploads\/2022\/01\/WhatsApp-Image-2021-02-13-at-12.23.55-PM-1-1_0-300x199.jpeg 300w, https:\/\/potenciaradiofonicadominicana.com\/portal\/wp-content\/uploads\/2022\/01\/WhatsApp-Image-2021-02-13-at-12.23.55-PM-1-1_0-768x510.jpeg 768w, https:\/\/potenciaradiofonicadominicana.com\/portal\/wp-content\/uploads\/2022\/01\/WhatsApp-Image-2021-02-13-at-12.23.55-PM-1-1_0-1024x681.jpeg 1024w\" sizes=\"auto, (max-width: 1300px) 100vw, 1300px\" \/><\/a><\/p>\n<p>El presidente Luis Abinader reconoci\u00f3 ayer que la\u00a0inflaci\u00f3n global ha afectado los precios\u00a0de los productos de la canasta b\u00e1sica de alimentos en el pa\u00eds.<\/p>\n<p>Sin embargo, el mandatario afirm\u00f3 que el\u00a0Poder Ejecutivo se encuentra trabajando para mitigar esos efectos\u00a0e incluso manifest\u00f3 que si no se hubiese registrado un aumento en la producci\u00f3n de esos art\u00edculos de la canasta b\u00e1sica en el pa\u00eds, los precios ser\u00edan a\u00fan m\u00e1s elevados.<\/p>\n<p>\u201cAhora, el precio de un art\u00edculo depende de los costos y la otra parte es la oferta y la demanda, lo importante es que si no hubiera existido este aumento en la producci\u00f3n, los precios fueran m\u00e1s altos y hubiera habido desabastecimiento\u201d, expres\u00f3 el jefe de Estado al responder una pregunta durante una rueda de prensa celebrada en el Palacio Nacional, d\u00f3nde se inform\u00f3 del aumento de la producci\u00f3n de varios art\u00edculos que componen la canasta b\u00e1sica.<\/p>\n<p>Abinader manifest\u00f3 que est\u00e1n trabajando en mitigar esa inflaci\u00f3n y enfocarse en\u00a0garantizar la seguridad alimenticia del pa\u00eds, y de paso agreg\u00f3 las medidas que se han adoptado hasta el momento.<\/p>\n<p>\u201cPrecisamente en el LIST\u00cdN DIARIO sali\u00f3 la noticia de que solamente en el mes de enero hemos subsidiado aproximadamente RD$1,700 millones por el aumento en la orea que presiona tambi\u00e9n los precios&#8230;estamos haciendo todo lo posible dentro de nuestras posibilidades para mitigar, claro no podemos tampoco mitigar todos los efectos\u201d, asegur\u00f3 el presidente.<\/p>\n<p>El gobernante agreg\u00f3 que sostiene\u00a0reuniones tres veces al mes con el gabinete agr\u00edcola, en busca de garantizar la seguridad alimentaria.<\/p>\n<p>\u201cEn las condiciones m\u00e1s dif\u00edciles que hemos tenido, hemos logrado que no haya desabastecimiento y aun cuando la inflaci\u00f3n nos ha impactado, pero eso es un problema global, por eso estamos trabajando cada d\u00eda para mitigar esos efectos\u201d, a\u00f1adi\u00f3.<\/p>\n<p>El presidente resalt\u00f3 que la\u00a0Rep\u00fablica Dominicana ha sido uno de los pocos\u00a0 pa\u00edses donde no ha habido desabastecimiento de productos en medio de la pandemia, debido a un conjunto de acciones para garantizar la seguridad alimentaria.<\/p>\n<p>Al encabezar la rueda de prensa acompa\u00f1ado de los l\u00edderes del Gabinete Agropecuario, se\u00f1al\u00f3 como el Gobierno se ha enfocado en incentivar la producci\u00f3n de alimentos para combatir la crisisecon\u00f3mica muy particular y derivada de la coyuntura.<\/p>\n<p>\u201cAqu\u00ed nos hemos concentrado en el tema de la seguridad alimentaria y por eso hemos mostrado estos productos, sin embargo del sector agropecuario tambi\u00e9n, podemos mostrar una producci\u00f3n ascendente que lo demuestra el aumento en las exportaciones en el cacao, ascendente tambi\u00e9n en el caf\u00e9 que estamos en pleno proceso de recuperaci\u00f3n del sector cafetalero del pa\u00eds\u201d, expuso el mandatario.<\/p>\n<p>Logros de agricultura<br \/>\nMientras el ministro de Agricultura, Limber Cruz, manifest\u00f3 que en el pa\u00eds se han alcanzado importantes logros en el aumento de la producci\u00f3n nacional, a pesar del desabastecimiento que existe en el mundo.<\/p>\n<p>\u201cHoy hemos querido presentarle al pa\u00eds los logros del sector agropecuario, aun cuando todos saben que en muchos pa\u00edses existe una inflaci\u00f3n considerable y tambi\u00e9n en muchos pa\u00edses existe desabasto, que quiz\u00e1s es la peor de las situaciones que se pueden presentar cuando usted va a un supermercado, a un colmado y no encuentra lo que usted quiere aun cuando tiene el dinero\u201d, agreg\u00f3 Cruz.<\/p>\n<p>El ministro present\u00f3 los 15 productos m\u00e1s importantes de la canasta familiar, haciendo una comparaci\u00f3n del aumento de su producci\u00f3n del a\u00f1o 2020-2021, con los cinco a\u00f1os anteriores.<\/p>\n<p>Explic\u00f3 que en los \u00faltimos cinco a\u00f1os\u00a0la producci\u00f3n de arroz en Rep\u00fablica Dominicana ha sido de\u00a012.9 millones de quintales anual y su consumo es de 13 millones de quintales, equivalente a un mill\u00f3n 100 mil quintales mensual.<\/p>\n<p>\u201cEse producto, en el Gobierno del Cambio, en el 2021 nosotros aumentamos la producci\u00f3n a 14.42 millones de quintales, lo que quiere decir que restando los 13 millones que consume el pa\u00eds, nos sobran aun un mill\u00f3n 420 quintales de arroz para el consumo nacional y tambi\u00e9n para abastecer cualquier otra comunidad internacional\u201d, comunic\u00f3.<\/p>\n<p>El ministro de Agricultura expuso que s\u00f3lo dos productos han disminuido su producci\u00f3n, como es el caso del ajo, que en los \u00faltimos cinco a\u00f1os ven\u00eda en ca\u00edda y que a la llegada de esta gesti\u00f3n de gobierno se encontraba en el peor momento.<\/p>\n<p>Cit\u00f3 tambi\u00e9n el cerdo que disminuy\u00f3 en un 10% producto de la fiebre porcina africana y a\u00f1adi\u00f3 que para 2023 proyectan que la producci\u00f3n de ajo aumentar\u00e1 considerablemente, porque se ha financiado su producci\u00f3n a tasa cero en Constanza y otros puntos del pa\u00eds.<\/p>\n<p>Argument\u00f3 tambi\u00e9n que se ha ayudado significativamente a preparar m\u00e1s tierras para su siembra y con una variedad que tiene unos rendimientos de 3 a 4 veces por encima del promedio de la productividad.<\/p>\n<p>Sobre el pollo, afirm\u00f3 que nunca antes en Rep\u00fablica Dominicana se hab\u00edan inyectado tres millones de unidades adicionales que lo que circulan en diciembre, lo que provoc\u00f3 que en vez de subir de precio se logr\u00f3 una baja y que la gente pudiera comerlo a un precio razonable.<\/p>\n<p>\u201cLa conciencia nuestra es mantener el consumo de los dominicanos y las dominicanas a precio razonable, pero tambi\u00e9n cuidar la rentabilidad del productor\u201d, asegur\u00f3 Cruz.<\/p>\n<p>Solo ajo y cerdo en baja<br \/>\nEl ministro de Agricultura expuso que s\u00f3lo dos productos han disminuido su producci\u00f3n, el ajo, que en los \u00faltimos cinco a\u00f1os ven\u00eda en ca\u00edda y que a la llegada de esta gesti\u00f3n de gobierno se encontraba en el peor momento.<\/p>\n<p>Cit\u00f3 tambi\u00e9n el cerdo que disminuy\u00f3 en un 10% producto de la fiebre porcina africana.<\/p>\n","protected":false},"excerpt":{"rendered":"<p>El presidente Luis Abinader reconoci\u00f3 ayer que la\u00a0inflaci\u00f3n global ha afectado los precios\u00a0de los productos de la canasta b\u00e1sica de &#8230;<\/p>\n","protected":false},"author":2,"featured_media":114351,"comment_status":"open","ping_status":"open","sticky":false,"template":"","format":"standard","meta":{"footnotes":""},"categories":[26,25],"tags":[],"class_list":["post-114350","post","type-post","status-publish","format-standard","has-post-thumbnail","hentry","category-economia","category-noticias"],"yoast_head":"<!-- This site is optimized with the Yoast SEO plugin v24.8.1 - https:\/\/yoast.com\/wordpress\/plugins\/seo\/ -->\n<title>Abinader afirma que trabaja para mitigar alzas de precios - PotenciaRadiofonicaDominicana.com<\/title>\n<meta name=\"robots\" content=\"index, follow, max-snippet:-1, max-image-preview:large, max-video-preview:-1\" \/>\n<link rel=\"canonical\" href=\"https:\/\/potenciaradiofonicadominicana.com\/portal\/abinader-afirma-que-trabaja-para-mitigar-alzas-de-precios\/\" \/>\n<meta property=\"og:locale\" content=\"es_ES\" \/>\n<meta property=\"og:type\" content=\"article\" \/>\n<meta property=\"og:title\" content=\"Abinader afirma que trabaja para mitigar alzas de precios - PotenciaRadiofonicaDominicana.com\" \/>\n<meta property=\"og:description\" content=\"El presidente Luis Abinader reconoci\u00f3 ayer que la\u00a0inflaci\u00f3n global ha afectado los precios\u00a0de los productos de la canasta b\u00e1sica de ...\" \/>\n<meta property=\"og:url\" content=\"https:\/\/potenciaradiofonicadominicana.com\/portal\/abinader-afirma-que-trabaja-para-mitigar-alzas-de-precios\/\" \/>\n<meta property=\"og:site_name\" content=\"PotenciaRadiofonicaDominicana.com\" \/>\n<meta property=\"article:publisher\" content=\"https:\/\/web.facebook.com\/PotenciaRadiofonicaD\" \/>\n<meta property=\"article:published_time\" content=\"2022-01-28T13:27:56+00:00\" \/>\n<meta property=\"og:image\" content=\"https:\/\/potenciaradiofonicadominicana.com\/portal\/wp-content\/uploads\/2022\/01\/WhatsApp-Image-2021-02-13-at-12.23.55-PM-1-1_0.jpeg\" \/>\n\t<meta property=\"og:image:width\" content=\"1300\" \/>\n\t<meta property=\"og:image:height\" content=\"864\" \/>\n\t<meta property=\"og:image:type\" content=\"image\/jpeg\" \/>\n<meta name=\"author\" content=\"Potencia Radiof\u00f3nica Dominicana\" \/>\n<meta name=\"twitter:card\" content=\"summary_large_image\" \/>\n<meta name=\"twitter:label1\" content=\"Escrito por\" \/>\n\t<meta name=\"twitter:data1\" content=\"Potencia Radiof\u00f3nica Dominicana\" \/>\n\t<meta name=\"twitter:label2\" content=\"Tiempo de lectura\" \/>\n\t<meta name=\"twitter:data2\" content=\"5 minutos\" \/>\n<script type=\"application\/ld+json\" class=\"yoast-schema-graph\">{\"@context\":\"https:\/\/schema.org\",\"@graph\":[{\"@type\":\"Article\",\"@id\":\"https:\/\/potenciaradiofonicadominicana.com\/portal\/abinader-afirma-que-trabaja-para-mitigar-alzas-de-precios\/#article\",\"isPartOf\":{\"@id\":\"https:\/\/potenciaradiofonicadominicana.com\/portal\/abinader-afirma-que-trabaja-para-mitigar-alzas-de-precios\/\"},\"author\":{\"name\":\"Potencia Radiof\u00f3nica Dominicana\",\"@id\":\"https:\/\/potenciaradiofonicadominicana.com\/portal\/#\/schema\/person\/a5cf1fea13877803ee0573ac18b03490\"},\"headline\":\"Abinader afirma que trabaja para mitigar alzas de precios\",\"datePublished\":\"2022-01-28T13:27:56+00:00\",\"mainEntityOfPage\":{\"@id\":\"https:\/\/potenciaradiofonicadominicana.com\/portal\/abinader-afirma-que-trabaja-para-mitigar-alzas-de-precios\/\"},\"wordCount\":986,\"commentCount\":0,\"publisher\":{\"@id\":\"https:\/\/potenciaradiofonicadominicana.com\/portal\/#organization\"},\"image\":{\"@id\":\"https:\/\/potenciaradiofonicadominicana.com\/portal\/abinader-afirma-que-trabaja-para-mitigar-alzas-de-precios\/#primaryimage\"},\"thumbnailUrl\":\"https:\/\/potenciaradiofonicadominicana.com\/portal\/wp-content\/uploads\/2022\/01\/WhatsApp-Image-2021-02-13-at-12.23.55-PM-1-1_0.jpeg\",\"articleSection\":[\"Econom\u00eda\",\"Noticias\"],\"inLanguage\":\"es\",\"potentialAction\":[{\"@type\":\"CommentAction\",\"name\":\"Comment\",\"target\":[\"https:\/\/potenciaradiofonicadominicana.com\/portal\/abinader-afirma-que-trabaja-para-mitigar-alzas-de-precios\/#respond\"]}]},{\"@type\":\"WebPage\",\"@id\":\"https:\/\/potenciaradiofonicadominicana.com\/portal\/abinader-afirma-que-trabaja-para-mitigar-alzas-de-precios\/\",\"url\":\"https:\/\/potenciaradiofonicadominicana.com\/portal\/abinader-afirma-que-trabaja-para-mitigar-alzas-de-precios\/\",\"name\":\"Abinader afirma que trabaja para mitigar alzas de precios - PotenciaRadiofonicaDominicana.com\",\"isPartOf\":{\"@id\":\"https:\/\/potenciaradiofonicadominicana.com\/portal\/#website\"},\"primaryImageOfPage\":{\"@id\":\"https:\/\/potenciaradiofonicadominicana.com\/portal\/abinader-afirma-que-trabaja-para-mitigar-alzas-de-precios\/#primaryimage\"},\"image\":{\"@id\":\"https:\/\/potenciaradiofonicadominicana.com\/portal\/abinader-afirma-que-trabaja-para-mitigar-alzas-de-precios\/#primaryimage\"},\"thumbnailUrl\":\"https:\/\/potenciaradiofonicadominicana.com\/portal\/wp-content\/uploads\/2022\/01\/WhatsApp-Image-2021-02-13-at-12.23.55-PM-1-1_0.jpeg\",\"datePublished\":\"2022-01-28T13:27:56+00:00\",\"breadcrumb\":{\"@id\":\"https:\/\/potenciaradiofonicadominicana.com\/portal\/abinader-afirma-que-trabaja-para-mitigar-alzas-de-precios\/#breadcrumb\"},\"inLanguage\":\"es\",\"potentialAction\":[{\"@type\":\"ReadAction\",\"target\":[\"https:\/\/potenciaradiofonicadominicana.com\/portal\/abinader-afirma-que-trabaja-para-mitigar-alzas-de-precios\/\"]}]},{\"@type\":\"ImageObject\",\"inLanguage\":\"es\",\"@id\":\"https:\/\/potenciaradiofonicadominicana.com\/portal\/abinader-afirma-que-trabaja-para-mitigar-alzas-de-precios\/#primaryimage\",\"url\":\"https:\/\/potenciaradiofonicadominicana.com\/portal\/wp-content\/uploads\/2022\/01\/WhatsApp-Image-2021-02-13-at-12.23.55-PM-1-1_0.jpeg\",\"contentUrl\":\"https:\/\/potenciaradiofonicadominicana.com\/portal\/wp-content\/uploads\/2022\/01\/WhatsApp-Image-2021-02-13-at-12.23.55-PM-1-1_0.jpeg\",\"width\":1300,\"height\":864},{\"@type\":\"BreadcrumbList\",\"@id\":\"https:\/\/potenciaradiofonicadominicana.com\/portal\/abinader-afirma-que-trabaja-para-mitigar-alzas-de-precios\/#breadcrumb\",\"itemListElement\":[{\"@type\":\"ListItem\",\"position\":1,\"name\":\"Portada\",\"item\":\"https:\/\/potenciaradiofonicadominicana.com\/portal\/\"},{\"@type\":\"ListItem\",\"position\":2,\"name\":\"Abinader afirma que trabaja para mitigar alzas de precios\"}]},{\"@type\":\"WebSite\",\"@id\":\"https:\/\/potenciaradiofonicadominicana.com\/portal\/#website\",\"url\":\"https:\/\/potenciaradiofonicadominicana.com\/portal\/\",\"name\":\"PotenciaRadiofonicaDominicana.com\",\"description\":\"Peri\u00f3dico Digital\",\"publisher\":{\"@id\":\"https:\/\/potenciaradiofonicadominicana.com\/portal\/#organization\"},\"potentialAction\":[{\"@type\":\"SearchAction\",\"target\":{\"@type\":\"EntryPoint\",\"urlTemplate\":\"https:\/\/potenciaradiofonicadominicana.com\/portal\/?s={search_term_string}\"},\"query-input\":{\"@type\":\"PropertyValueSpecification\",\"valueRequired\":true,\"valueName\":\"search_term_string\"}}],\"inLanguage\":\"es\"},{\"@type\":\"Organization\",\"@id\":\"https:\/\/potenciaradiofonicadominicana.com\/portal\/#organization\",\"name\":\"PotenciaRadiofonicaDominicana.com\",\"url\":\"https:\/\/potenciaradiofonicadominicana.com\/portal\/\",\"logo\":{\"@type\":\"ImageObject\",\"inLanguage\":\"es\",\"@id\":\"https:\/\/potenciaradiofonicadominicana.com\/portal\/#\/schema\/logo\/image\/\",\"url\":\"https:\/\/potenciaradiofonicadominicana.com\/portal\/wp-content\/uploads\/2022\/01\/descarga.png\",\"contentUrl\":\"https:\/\/potenciaradiofonicadominicana.com\/portal\/wp-content\/uploads\/2022\/01\/descarga.png\",\"width\":300,\"height\":100,\"caption\":\"PotenciaRadiofonicaDominicana.com\"},\"image\":{\"@id\":\"https:\/\/potenciaradiofonicadominicana.com\/portal\/#\/schema\/logo\/image\/\"},\"sameAs\":[\"https:\/\/web.facebook.com\/PotenciaRadiofonicaD\"]},{\"@type\":\"Person\",\"@id\":\"https:\/\/potenciaradiofonicadominicana.com\/portal\/#\/schema\/person\/a5cf1fea13877803ee0573ac18b03490\",\"name\":\"Potencia Radiof\u00f3nica Dominicana\",\"image\":{\"@type\":\"ImageObject\",\"inLanguage\":\"es\",\"@id\":\"https:\/\/potenciaradiofonicadominicana.com\/portal\/#\/schema\/person\/image\/\",\"url\":\"https:\/\/secure.gravatar.com\/avatar\/42a55ab9e8ccc656ba34cd791990602a?s=96&d=mm&r=g\",\"contentUrl\":\"https:\/\/secure.gravatar.com\/avatar\/42a55ab9e8ccc656ba34cd791990602a?s=96&d=mm&r=g\",\"caption\":\"Potencia Radiof\u00f3nica Dominicana\"},\"url\":\"https:\/\/potenciaradiofonicadominicana.com\/portal\/author\/johannyalmanzar\/\"}]}<\/script>\n<!-- \/ Yoast SEO plugin. -->","yoast_head_json":{"title":"Abinader afirma que trabaja para mitigar alzas de precios - PotenciaRadiofonicaDominicana.com","robots":{"index":"index","follow":"follow","max-snippet":"max-snippet:-1","max-image-preview":"max-image-preview:large","max-video-preview":"max-video-preview:-1"},"canonical":"https:\/\/potenciaradiofonicadominicana.com\/portal\/abinader-afirma-que-trabaja-para-mitigar-alzas-de-precios\/","og_locale":"es_ES","og_type":"article","og_title":"Abinader afirma que trabaja para mitigar alzas de precios - PotenciaRadiofonicaDominicana.com","og_description":"El presidente Luis Abinader reconoci\u00f3 ayer que la\u00a0inflaci\u00f3n global ha afectado los precios\u00a0de los productos de la canasta b\u00e1sica de ...","og_url":"https:\/\/potenciaradiofonicadominicana.com\/portal\/abinader-afirma-que-trabaja-para-mitigar-alzas-de-precios\/","og_site_name":"PotenciaRadiofonicaDominicana.com","article_publisher":"https:\/\/web.facebook.com\/PotenciaRadiofonicaD","article_published_time":"2022-01-28T13:27:56+00:00","og_image":[{"width":1300,"height":864,"url":"https:\/\/potenciaradiofonicadominicana.com\/portal\/wp-content\/uploads\/2022\/01\/WhatsApp-Image-2021-02-13-at-12.23.55-PM-1-1_0.jpeg","type":"image\/jpeg"}],"author":"Potencia Radiof\u00f3nica Dominicana","twitter_card":"summary_large_image","twitter_misc":{"Escrito por":"Potencia Radiof\u00f3nica Dominicana","Tiempo de lectura":"5 minutos"},"schema":{"@context":"https:\/\/schema.org","@graph":[{"@type":"Article","@id":"https:\/\/potenciaradiofonicadominicana.com\/portal\/abinader-afirma-que-trabaja-para-mitigar-alzas-de-precios\/#article","isPartOf":{"@id":"https:\/\/potenciaradiofonicadominicana.com\/portal\/abinader-afirma-que-trabaja-para-mitigar-alzas-de-precios\/"},"author":{"name":"Potencia Radiof\u00f3nica Dominicana","@id":"https:\/\/potenciaradiofonicadominicana.com\/portal\/#\/schema\/person\/a5cf1fea13877803ee0573ac18b03490"},"headline":"Abinader afirma que trabaja para mitigar alzas de precios","datePublished":"2022-01-28T13:27:56+00:00","mainEntityOfPage":{"@id":"https:\/\/potenciaradiofonicadominicana.com\/portal\/abinader-afirma-que-trabaja-para-mitigar-alzas-de-precios\/"},"wordCount":986,"commentCount":0,"publisher":{"@id":"https:\/\/potenciaradiofonicadominicana.com\/portal\/#organization"},"image":{"@id":"https:\/\/potenciaradiofonicadominicana.com\/portal\/abinader-afirma-que-trabaja-para-mitigar-alzas-de-precios\/#primaryimage"},"thumbnailUrl":"https:\/\/potenciaradiofonicadominicana.com\/portal\/wp-content\/uploads\/2022\/01\/WhatsApp-Image-2021-02-13-at-12.23.55-PM-1-1_0.jpeg","articleSection":["Econom\u00eda","Noticias"],"inLanguage":"es","potentialAction":[{"@type":"CommentAction","name":"Comment","target":["https:\/\/potenciaradiofonicadominicana.com\/portal\/abinader-afirma-que-trabaja-para-mitigar-alzas-de-precios\/#respond"]}]},{"@type":"WebPage","@id":"https:\/\/potenciaradiofonicadominicana.com\/portal\/abinader-afirma-que-trabaja-para-mitigar-alzas-de-precios\/","url":"https:\/\/potenciaradiofonicadominicana.com\/portal\/abinader-afirma-que-trabaja-para-mitigar-alzas-de-precios\/","name":"Abinader afirma que trabaja para mitigar alzas de precios - PotenciaRadiofonicaDominicana.com","isPartOf":{"@id":"https:\/\/potenciaradiofonicadominicana.com\/portal\/#website"},"primaryImageOfPage":{"@id":"https:\/\/potenciaradiofonicadominicana.com\/portal\/abinader-afirma-que-trabaja-para-mitigar-alzas-de-precios\/#primaryimage"},"image":{"@id":"https:\/\/potenciaradiofonicadominicana.com\/portal\/abinader-afirma-que-trabaja-para-mitigar-alzas-de-precios\/#primaryimage"},"thumbnailUrl":"https:\/\/potenciaradiofonicadominicana.com\/portal\/wp-content\/uploads\/2022\/01\/WhatsApp-Image-2021-02-13-at-12.23.55-PM-1-1_0.jpeg","datePublished":"2022-01-28T13:27:56+00:00","breadcrumb":{"@id":"https:\/\/potenciaradiofonicadominicana.com\/portal\/abinader-afirma-que-trabaja-para-mitigar-alzas-de-precios\/#breadcrumb"},"inLanguage":"es","potentialAction":[{"@type":"ReadAction","target":["https:\/\/potenciaradiofonicadominicana.com\/portal\/abinader-afirma-que-trabaja-para-mitigar-alzas-de-precios\/"]}]},{"@type":"ImageObject","inLanguage":"es","@id":"https:\/\/potenciaradiofonicadominicana.com\/portal\/abinader-afirma-que-trabaja-para-mitigar-alzas-de-precios\/#primaryimage","url":"https:\/\/potenciaradiofonicadominicana.com\/portal\/wp-content\/uploads\/2022\/01\/WhatsApp-Image-2021-02-13-at-12.23.55-PM-1-1_0.jpeg","contentUrl":"https:\/\/potenciaradiofonicadominicana.com\/portal\/wp-content\/uploads\/2022\/01\/WhatsApp-Image-2021-02-13-at-12.23.55-PM-1-1_0.jpeg","width":1300,"height":864},{"@type":"BreadcrumbList","@id":"https:\/\/potenciaradiofonicadominicana.com\/portal\/abinader-afirma-que-trabaja-para-mitigar-alzas-de-precios\/#breadcrumb","itemListElement":[{"@type":"ListItem","position":1,"name":"Portada","item":"https:\/\/potenciaradiofonicadominicana.com\/portal\/"},{"@type":"ListItem","position":2,"name":"Abinader afirma que trabaja para mitigar alzas de precios"}]},{"@type":"WebSite","@id":"https:\/\/potenciaradiofonicadominicana.com\/portal\/#website","url":"https:\/\/potenciaradiofonicadominicana.com\/portal\/","name":"PotenciaRadiofonicaDominicana.com","description":"Peri\u00f3dico Digital","publisher":{"@id":"https:\/\/potenciaradiofonicadominicana.com\/portal\/#organization"},"potentialAction":[{"@type":"SearchAction","target":{"@type":"EntryPoint","urlTemplate":"https:\/\/potenciaradiofonicadominicana.com\/portal\/?s={search_term_string}"},"query-input":{"@type":"PropertyValueSpecification","valueRequired":true,"valueName":"search_term_string"}}],"inLanguage":"es"},{"@type":"Organization","@id":"https:\/\/potenciaradiofonicadominicana.com\/portal\/#organization","name":"PotenciaRadiofonicaDominicana.com","url":"https:\/\/potenciaradiofonicadominicana.com\/portal\/","logo":{"@type":"ImageObject","inLanguage":"es","@id":"https:\/\/potenciaradiofonicadominicana.com\/portal\/#\/schema\/logo\/image\/","url":"https:\/\/potenciaradiofonicadominicana.com\/portal\/wp-content\/uploads\/2022\/01\/descarga.png","contentUrl":"https:\/\/potenciaradiofonicadominicana.com\/portal\/wp-content\/uploads\/2022\/01\/descarga.png","width":300,"height":100,"caption":"PotenciaRadiofonicaDominicana.com"},"image":{"@id":"https:\/\/potenciaradiofonicadominicana.com\/portal\/#\/schema\/logo\/image\/"},"sameAs":["https:\/\/web.facebook.com\/PotenciaRadiofonicaD"]},{"@type":"Person","@id":"https:\/\/potenciaradiofonicadominicana.com\/portal\/#\/schema\/person\/a5cf1fea13877803ee0573ac18b03490","name":"Potencia Radiof\u00f3nica Dominicana","image":{"@type":"ImageObject","inLanguage":"es","@id":"https:\/\/potenciaradiofonicadominicana.com\/portal\/#\/schema\/person\/image\/","url":"https:\/\/secure.gravatar.com\/avatar\/42a55ab9e8ccc656ba34cd791990602a?s=96&d=mm&r=g","contentUrl":"https:\/\/secure.gravatar.com\/avatar\/42a55ab9e8ccc656ba34cd791990602a?s=96&d=mm&r=g","caption":"Potencia Radiof\u00f3nica Dominicana"},"url":"https:\/\/potenciaradiofonicadominicana.com\/portal\/author\/johannyalmanzar\/"}]}},"_links":{"self":[{"href":"https:\/\/potenciaradiofonicadominicana.com\/portal\/wp-json\/wp\/v2\/posts\/114350","targetHints":{"allow":["GET"]}}],"collection":[{"href":"https:\/\/potenciaradiofonicadominicana.com\/portal\/wp-json\/wp\/v2\/posts"}],"about":[{"href":"https:\/\/potenciaradiofonicadominicana.com\/portal\/wp-json\/wp\/v2\/types\/post"}],"author":[{"embeddable":true,"href":"https:\/\/potenciaradiofonicadominicana.com\/portal\/wp-json\/wp\/v2\/users\/2"}],"replies":[{"embeddable":true,"href":"https:\/\/potenciaradiofonicadominicana.com\/portal\/wp-json\/wp\/v2\/comments?post=114350"}],"version-history":[{"count":1,"href":"https:\/\/potenciaradiofonicadominicana.com\/portal\/wp-json\/wp\/v2\/posts\/114350\/revisions"}],"predecessor-version":[{"id":114352,"href":"https:\/\/potenciaradiofonicadominicana.com\/portal\/wp-json\/wp\/v2\/posts\/114350\/revisions\/114352"}],"wp:featuredmedia":[{"embeddable":true,"href":"https:\/\/potenciaradiofonicadominicana.com\/portal\/wp-json\/wp\/v2\/media\/114351"}],"wp:attachment":[{"href":"https:\/\/potenciaradiofonicadominicana.com\/portal\/wp-json\/wp\/v2\/media?parent=114350"}],"wp:term":[{"taxonomy":"category","embeddable":true,"href":"https:\/\/potenciaradiofonicadominicana.com\/portal\/wp-json\/wp\/v2\/categories?post=114350"},{"taxonomy":"post_tag","embeddable":true,"href":"https:\/\/potenciaradiofonicadominicana.com\/portal\/wp-json\/wp\/v2\/tags?post=114350"}],"curies":[{"name":"wp","href":"https:\/\/api.w.org\/{rel}","templated":true}]}}