{"id":114253,"date":"2022-01-27T10:09:19","date_gmt":"2022-01-27T14:09:19","guid":{"rendered":"https:\/\/potenciaradiofonicadominicana.com\/portal\/?p=114253"},"modified":"2022-01-27T10:09:19","modified_gmt":"2022-01-27T14:09:19","slug":"empresas-inician-en-sfm-construccion-de-planta-de-reciclaje-y-valorizacion-de-residuos-solidos","status":"publish","type":"post","link":"https:\/\/potenciaradiofonicadominicana.com\/portal\/empresas-inician-en-sfm-construccion-de-planta-de-reciclaje-y-valorizacion-de-residuos-solidos\/","title":{"rendered":"Empresas inician en SFM construcci\u00f3n de planta de reciclaje y valorizaci\u00f3n de residuos s\u00f3lidos"},"content":{"rendered":"<p><a href=\"https:\/\/potenciaradiofonicadominicana.com\/portal\/wp-content\/uploads\/2022\/01\/un-par-de-hombres-sentados-en-una-mesa-8bb60c80.jpg\"><img loading=\"lazy\" decoding=\"async\" class=\"alignnone size-full wp-image-114254\" src=\"https:\/\/potenciaradiofonicadominicana.com\/portal\/wp-content\/uploads\/2022\/01\/un-par-de-hombres-sentados-en-una-mesa-8bb60c80.jpg\" alt=\"\" width=\"2048\" height=\"1596\" srcset=\"https:\/\/potenciaradiofonicadominicana.com\/portal\/wp-content\/uploads\/2022\/01\/un-par-de-hombres-sentados-en-una-mesa-8bb60c80.jpg 2048w, https:\/\/potenciaradiofonicadominicana.com\/portal\/wp-content\/uploads\/2022\/01\/un-par-de-hombres-sentados-en-una-mesa-8bb60c80-300x234.jpg 300w, https:\/\/potenciaradiofonicadominicana.com\/portal\/wp-content\/uploads\/2022\/01\/un-par-de-hombres-sentados-en-una-mesa-8bb60c80-768x599.jpg 768w, https:\/\/potenciaradiofonicadominicana.com\/portal\/wp-content\/uploads\/2022\/01\/un-par-de-hombres-sentados-en-una-mesa-8bb60c80-1024x798.jpg 1024w\" sizes=\"auto, (max-width: 2048px) 100vw, 2048px\" \/><\/a><\/p>\n<p>Durante un acto encabezado por el presidente\u00a0Luis Abinader, los grupos\u00a0Viamar\u00a0y\u00a0Rizek\u00a0dejaron iniciado en el paraje\u00a0La Nasa de\u00a0San Francisco de Macor\u00eds, provincia\u00a0Duarte, los trabajos de construcci\u00f3n de una planta de reciclaje y valorizaci\u00f3n de residuos s\u00f3lidos.<\/p>\n<p>La obra, que ser\u00e1 construida con una inversi\u00f3n de\u00a0180 millones de d\u00f3lares, tendr\u00e1 la capacidad de producir 450 toneladas de basura por d\u00eda. Tambi\u00e9n generar energ\u00eda a partir del uso de los desechos.<\/p>\n<p>\u00d3scar Villanueva, de la empresa\u00a0Viamar, destac\u00f3 que la iniciativa representar\u00e1 un gran paso de avance para el pa\u00eds, como aporte para la soluci\u00f3n del problema ambiental que crea el manejo inadecuado de la basura.<\/p>\n<p>\u201cHoy abrimos las puertas de un proyecto que transformar\u00e1 la manera de tratar esa materia y convertirla en una oportunidad de desarrollo nacional\u201d, expres\u00f3 Villanueva.<\/p>\n<p>Asegur\u00f3 que la planta generar\u00e1 500 empleos directos, mejorando un sector de alta pobreza e inseguridad.<\/p>\n<p>Cuando la planta entre en operaci\u00f3n, contemplan percibir m\u00e1s de 65 millones de d\u00f3lares al a\u00f1o en exportaci\u00f3n. Adem\u00e1s, de reducir los gases de efecto invernadero y ahorro en combustibles f\u00f3siles.<\/p>\n<p>Villanueva explic\u00f3 que la planta es una primera etapa de un proyecto que contempla la instalaci\u00f3n de otras tres en distintos puntos.<\/p>\n<p>Orlando Jorge Mera, ministro de Medio Ambiente y Recursos Naturales, inform\u00f3 que la obra se construir\u00e1 al tiempo que se cumpla el plazo del cierre t\u00e9cnico del actual vertedero de\u00a0San Francisco de Macor\u00eds, programado para un a\u00f1o.<\/p>\n<p>Jorge Mera\u00a0destac\u00f3 que a trav\u00e9s de la recicladora, las empresas fomentar\u00e1n la reducci\u00f3n, reutilizaci\u00f3n y aprovechamiento de los residuos s\u00f3lidos.<\/p>\n<p>Armando Pa\u00edno Henr\u00edquez, director ejecutivo del Consejo Directivo del Fideicomiso P\u00fablico-Privado para la Gesti\u00f3n Integral de Residuos S\u00f3lidos, dijo que el primer picazo de esa obra marc\u00f3 el inicio de una gran industria en el pa\u00eds.<\/p>\n<p>Sostuvo que iniciativas de esa magnitud tienen como objetivo erradicar los da\u00f1os ambientales que hist\u00f3ricamente han generado los botaderos de basura que funcionan a cielo abierto.<\/p>\n<p>El acto fue bendecido por monse\u00f1or\u00a0Alfredo de la Cruz Baldera, obispo de la\u00a0Di\u00f3cesis de San Francisco de Macor\u00eds.<\/p>\n","protected":false},"excerpt":{"rendered":"<p>Durante un acto encabezado por el presidente\u00a0Luis Abinader, los grupos\u00a0Viamar\u00a0y\u00a0Rizek\u00a0dejaron iniciado en el paraje\u00a0La Nasa de\u00a0San Francisco de Macor\u00eds, provincia\u00a0Duarte, &#8230;<\/p>\n","protected":false},"author":2,"featured_media":114254,"comment_status":"open","ping_status":"open","sticky":false,"template":"","format":"standard","meta":{"footnotes":""},"categories":[26],"tags":[],"class_list":["post-114253","post","type-post","status-publish","format-standard","has-post-thumbnail","hentry","category-economia"],"yoast_head":"<!-- This site is optimized with the Yoast SEO plugin v24.8.1 - https:\/\/yoast.com\/wordpress\/plugins\/seo\/ -->\n<title>Empresas inician en SFM construcci\u00f3n de planta de reciclaje y valorizaci\u00f3n de residuos s\u00f3lidos - PotenciaRadiofonicaDominicana.com<\/title>\n<meta name=\"robots\" content=\"index, follow, max-snippet:-1, max-image-preview:large, max-video-preview:-1\" \/>\n<link rel=\"canonical\" href=\"https:\/\/potenciaradiofonicadominicana.com\/portal\/empresas-inician-en-sfm-construccion-de-planta-de-reciclaje-y-valorizacion-de-residuos-solidos\/\" \/>\n<meta property=\"og:locale\" content=\"es_ES\" \/>\n<meta property=\"og:type\" content=\"article\" \/>\n<meta property=\"og:title\" content=\"Empresas inician en SFM construcci\u00f3n de planta de reciclaje y valorizaci\u00f3n de residuos s\u00f3lidos - PotenciaRadiofonicaDominicana.com\" \/>\n<meta property=\"og:description\" content=\"Durante un acto encabezado por el presidente\u00a0Luis Abinader, los grupos\u00a0Viamar\u00a0y\u00a0Rizek\u00a0dejaron iniciado en el paraje\u00a0La Nasa de\u00a0San Francisco de Macor\u00eds, provincia\u00a0Duarte, ...\" \/>\n<meta property=\"og:url\" content=\"https:\/\/potenciaradiofonicadominicana.com\/portal\/empresas-inician-en-sfm-construccion-de-planta-de-reciclaje-y-valorizacion-de-residuos-solidos\/\" \/>\n<meta property=\"og:site_name\" content=\"PotenciaRadiofonicaDominicana.com\" \/>\n<meta property=\"article:publisher\" content=\"https:\/\/web.facebook.com\/PotenciaRadiofonicaD\" \/>\n<meta property=\"article:published_time\" content=\"2022-01-27T14:09:19+00:00\" \/>\n<meta property=\"og:image\" content=\"https:\/\/potenciaradiofonicadominicana.com\/portal\/wp-content\/uploads\/2022\/01\/un-par-de-hombres-sentados-en-una-mesa-8bb60c80.jpg\" \/>\n\t<meta property=\"og:image:width\" content=\"2048\" \/>\n\t<meta property=\"og:image:height\" content=\"1596\" \/>\n\t<meta property=\"og:image:type\" content=\"image\/jpeg\" \/>\n<meta name=\"author\" content=\"Potencia Radiof\u00f3nica Dominicana\" \/>\n<meta name=\"twitter:card\" content=\"summary_large_image\" \/>\n<meta name=\"twitter:label1\" content=\"Escrito por\" \/>\n\t<meta name=\"twitter:data1\" content=\"Potencia Radiof\u00f3nica Dominicana\" \/>\n\t<meta name=\"twitter:label2\" content=\"Tiempo de lectura\" \/>\n\t<meta name=\"twitter:data2\" content=\"2 minutos\" \/>\n<script type=\"application\/ld+json\" class=\"yoast-schema-graph\">{\"@context\":\"https:\/\/schema.org\",\"@graph\":[{\"@type\":\"Article\",\"@id\":\"https:\/\/potenciaradiofonicadominicana.com\/portal\/empresas-inician-en-sfm-construccion-de-planta-de-reciclaje-y-valorizacion-de-residuos-solidos\/#article\",\"isPartOf\":{\"@id\":\"https:\/\/potenciaradiofonicadominicana.com\/portal\/empresas-inician-en-sfm-construccion-de-planta-de-reciclaje-y-valorizacion-de-residuos-solidos\/\"},\"author\":{\"name\":\"Potencia Radiof\u00f3nica Dominicana\",\"@id\":\"https:\/\/potenciaradiofonicadominicana.com\/portal\/#\/schema\/person\/a5cf1fea13877803ee0573ac18b03490\"},\"headline\":\"Empresas inician en SFM construcci\u00f3n de planta de reciclaje y valorizaci\u00f3n de residuos s\u00f3lidos\",\"datePublished\":\"2022-01-27T14:09:19+00:00\",\"mainEntityOfPage\":{\"@id\":\"https:\/\/potenciaradiofonicadominicana.com\/portal\/empresas-inician-en-sfm-construccion-de-planta-de-reciclaje-y-valorizacion-de-residuos-solidos\/\"},\"wordCount\":397,\"commentCount\":0,\"publisher\":{\"@id\":\"https:\/\/potenciaradiofonicadominicana.com\/portal\/#organization\"},\"image\":{\"@id\":\"https:\/\/potenciaradiofonicadominicana.com\/portal\/empresas-inician-en-sfm-construccion-de-planta-de-reciclaje-y-valorizacion-de-residuos-solidos\/#primaryimage\"},\"thumbnailUrl\":\"https:\/\/potenciaradiofonicadominicana.com\/portal\/wp-content\/uploads\/2022\/01\/un-par-de-hombres-sentados-en-una-mesa-8bb60c80.jpg\",\"articleSection\":[\"Econom\u00eda\"],\"inLanguage\":\"es\",\"potentialAction\":[{\"@type\":\"CommentAction\",\"name\":\"Comment\",\"target\":[\"https:\/\/potenciaradiofonicadominicana.com\/portal\/empresas-inician-en-sfm-construccion-de-planta-de-reciclaje-y-valorizacion-de-residuos-solidos\/#respond\"]}]},{\"@type\":\"WebPage\",\"@id\":\"https:\/\/potenciaradiofonicadominicana.com\/portal\/empresas-inician-en-sfm-construccion-de-planta-de-reciclaje-y-valorizacion-de-residuos-solidos\/\",\"url\":\"https:\/\/potenciaradiofonicadominicana.com\/portal\/empresas-inician-en-sfm-construccion-de-planta-de-reciclaje-y-valorizacion-de-residuos-solidos\/\",\"name\":\"Empresas inician en SFM construcci\u00f3n de planta de reciclaje y valorizaci\u00f3n de residuos s\u00f3lidos - PotenciaRadiofonicaDominicana.com\",\"isPartOf\":{\"@id\":\"https:\/\/potenciaradiofonicadominicana.com\/portal\/#website\"},\"primaryImageOfPage\":{\"@id\":\"https:\/\/potenciaradiofonicadominicana.com\/portal\/empresas-inician-en-sfm-construccion-de-planta-de-reciclaje-y-valorizacion-de-residuos-solidos\/#primaryimage\"},\"image\":{\"@id\":\"https:\/\/potenciaradiofonicadominicana.com\/portal\/empresas-inician-en-sfm-construccion-de-planta-de-reciclaje-y-valorizacion-de-residuos-solidos\/#primaryimage\"},\"thumbnailUrl\":\"https:\/\/potenciaradiofonicadominicana.com\/portal\/wp-content\/uploads\/2022\/01\/un-par-de-hombres-sentados-en-una-mesa-8bb60c80.jpg\",\"datePublished\":\"2022-01-27T14:09:19+00:00\",\"breadcrumb\":{\"@id\":\"https:\/\/potenciaradiofonicadominicana.com\/portal\/empresas-inician-en-sfm-construccion-de-planta-de-reciclaje-y-valorizacion-de-residuos-solidos\/#breadcrumb\"},\"inLanguage\":\"es\",\"potentialAction\":[{\"@type\":\"ReadAction\",\"target\":[\"https:\/\/potenciaradiofonicadominicana.com\/portal\/empresas-inician-en-sfm-construccion-de-planta-de-reciclaje-y-valorizacion-de-residuos-solidos\/\"]}]},{\"@type\":\"ImageObject\",\"inLanguage\":\"es\",\"@id\":\"https:\/\/potenciaradiofonicadominicana.com\/portal\/empresas-inician-en-sfm-construccion-de-planta-de-reciclaje-y-valorizacion-de-residuos-solidos\/#primaryimage\",\"url\":\"https:\/\/potenciaradiofonicadominicana.com\/portal\/wp-content\/uploads\/2022\/01\/un-par-de-hombres-sentados-en-una-mesa-8bb60c80.jpg\",\"contentUrl\":\"https:\/\/potenciaradiofonicadominicana.com\/portal\/wp-content\/uploads\/2022\/01\/un-par-de-hombres-sentados-en-una-mesa-8bb60c80.jpg\",\"width\":2048,\"height\":1596},{\"@type\":\"BreadcrumbList\",\"@id\":\"https:\/\/potenciaradiofonicadominicana.com\/portal\/empresas-inician-en-sfm-construccion-de-planta-de-reciclaje-y-valorizacion-de-residuos-solidos\/#breadcrumb\",\"itemListElement\":[{\"@type\":\"ListItem\",\"position\":1,\"name\":\"Portada\",\"item\":\"https:\/\/potenciaradiofonicadominicana.com\/portal\/\"},{\"@type\":\"ListItem\",\"position\":2,\"name\":\"Empresas inician en SFM construcci\u00f3n de planta de reciclaje y valorizaci\u00f3n de residuos s\u00f3lidos\"}]},{\"@type\":\"WebSite\",\"@id\":\"https:\/\/potenciaradiofonicadominicana.com\/portal\/#website\",\"url\":\"https:\/\/potenciaradiofonicadominicana.com\/portal\/\",\"name\":\"PotenciaRadiofonicaDominicana.com\",\"description\":\"Peri\u00f3dico Digital\",\"publisher\":{\"@id\":\"https:\/\/potenciaradiofonicadominicana.com\/portal\/#organization\"},\"potentialAction\":[{\"@type\":\"SearchAction\",\"target\":{\"@type\":\"EntryPoint\",\"urlTemplate\":\"https:\/\/potenciaradiofonicadominicana.com\/portal\/?s={search_term_string}\"},\"query-input\":{\"@type\":\"PropertyValueSpecification\",\"valueRequired\":true,\"valueName\":\"search_term_string\"}}],\"inLanguage\":\"es\"},{\"@type\":\"Organization\",\"@id\":\"https:\/\/potenciaradiofonicadominicana.com\/portal\/#organization\",\"name\":\"PotenciaRadiofonicaDominicana.com\",\"url\":\"https:\/\/potenciaradiofonicadominicana.com\/portal\/\",\"logo\":{\"@type\":\"ImageObject\",\"inLanguage\":\"es\",\"@id\":\"https:\/\/potenciaradiofonicadominicana.com\/portal\/#\/schema\/logo\/image\/\",\"url\":\"https:\/\/potenciaradiofonicadominicana.com\/portal\/wp-content\/uploads\/2022\/01\/descarga.png\",\"contentUrl\":\"https:\/\/potenciaradiofonicadominicana.com\/portal\/wp-content\/uploads\/2022\/01\/descarga.png\",\"width\":300,\"height\":100,\"caption\":\"PotenciaRadiofonicaDominicana.com\"},\"image\":{\"@id\":\"https:\/\/potenciaradiofonicadominicana.com\/portal\/#\/schema\/logo\/image\/\"},\"sameAs\":[\"https:\/\/web.facebook.com\/PotenciaRadiofonicaD\"]},{\"@type\":\"Person\",\"@id\":\"https:\/\/potenciaradiofonicadominicana.com\/portal\/#\/schema\/person\/a5cf1fea13877803ee0573ac18b03490\",\"name\":\"Potencia Radiof\u00f3nica Dominicana\",\"image\":{\"@type\":\"ImageObject\",\"inLanguage\":\"es\",\"@id\":\"https:\/\/potenciaradiofonicadominicana.com\/portal\/#\/schema\/person\/image\/\",\"url\":\"https:\/\/secure.gravatar.com\/avatar\/42a55ab9e8ccc656ba34cd791990602a?s=96&d=mm&r=g\",\"contentUrl\":\"https:\/\/secure.gravatar.com\/avatar\/42a55ab9e8ccc656ba34cd791990602a?s=96&d=mm&r=g\",\"caption\":\"Potencia Radiof\u00f3nica Dominicana\"},\"url\":\"https:\/\/potenciaradiofonicadominicana.com\/portal\/author\/johannyalmanzar\/\"}]}<\/script>\n<!-- \/ Yoast SEO plugin. -->","yoast_head_json":{"title":"Empresas inician en SFM construcci\u00f3n de planta de reciclaje y valorizaci\u00f3n de residuos s\u00f3lidos - PotenciaRadiofonicaDominicana.com","robots":{"index":"index","follow":"follow","max-snippet":"max-snippet:-1","max-image-preview":"max-image-preview:large","max-video-preview":"max-video-preview:-1"},"canonical":"https:\/\/potenciaradiofonicadominicana.com\/portal\/empresas-inician-en-sfm-construccion-de-planta-de-reciclaje-y-valorizacion-de-residuos-solidos\/","og_locale":"es_ES","og_type":"article","og_title":"Empresas inician en SFM construcci\u00f3n de planta de reciclaje y valorizaci\u00f3n de residuos s\u00f3lidos - PotenciaRadiofonicaDominicana.com","og_description":"Durante un acto encabezado por el presidente\u00a0Luis Abinader, los grupos\u00a0Viamar\u00a0y\u00a0Rizek\u00a0dejaron iniciado en el paraje\u00a0La Nasa de\u00a0San Francisco de Macor\u00eds, provincia\u00a0Duarte, ...","og_url":"https:\/\/potenciaradiofonicadominicana.com\/portal\/empresas-inician-en-sfm-construccion-de-planta-de-reciclaje-y-valorizacion-de-residuos-solidos\/","og_site_name":"PotenciaRadiofonicaDominicana.com","article_publisher":"https:\/\/web.facebook.com\/PotenciaRadiofonicaD","article_published_time":"2022-01-27T14:09:19+00:00","og_image":[{"width":2048,"height":1596,"url":"https:\/\/potenciaradiofonicadominicana.com\/portal\/wp-content\/uploads\/2022\/01\/un-par-de-hombres-sentados-en-una-mesa-8bb60c80.jpg","type":"image\/jpeg"}],"author":"Potencia Radiof\u00f3nica Dominicana","twitter_card":"summary_large_image","twitter_misc":{"Escrito por":"Potencia Radiof\u00f3nica Dominicana","Tiempo de lectura":"2 minutos"},"schema":{"@context":"https:\/\/schema.org","@graph":[{"@type":"Article","@id":"https:\/\/potenciaradiofonicadominicana.com\/portal\/empresas-inician-en-sfm-construccion-de-planta-de-reciclaje-y-valorizacion-de-residuos-solidos\/#article","isPartOf":{"@id":"https:\/\/potenciaradiofonicadominicana.com\/portal\/empresas-inician-en-sfm-construccion-de-planta-de-reciclaje-y-valorizacion-de-residuos-solidos\/"},"author":{"name":"Potencia Radiof\u00f3nica Dominicana","@id":"https:\/\/potenciaradiofonicadominicana.com\/portal\/#\/schema\/person\/a5cf1fea13877803ee0573ac18b03490"},"headline":"Empresas inician en SFM construcci\u00f3n de planta de reciclaje y valorizaci\u00f3n de residuos s\u00f3lidos","datePublished":"2022-01-27T14:09:19+00:00","mainEntityOfPage":{"@id":"https:\/\/potenciaradiofonicadominicana.com\/portal\/empresas-inician-en-sfm-construccion-de-planta-de-reciclaje-y-valorizacion-de-residuos-solidos\/"},"wordCount":397,"commentCount":0,"publisher":{"@id":"https:\/\/potenciaradiofonicadominicana.com\/portal\/#organization"},"image":{"@id":"https:\/\/potenciaradiofonicadominicana.com\/portal\/empresas-inician-en-sfm-construccion-de-planta-de-reciclaje-y-valorizacion-de-residuos-solidos\/#primaryimage"},"thumbnailUrl":"https:\/\/potenciaradiofonicadominicana.com\/portal\/wp-content\/uploads\/2022\/01\/un-par-de-hombres-sentados-en-una-mesa-8bb60c80.jpg","articleSection":["Econom\u00eda"],"inLanguage":"es","potentialAction":[{"@type":"CommentAction","name":"Comment","target":["https:\/\/potenciaradiofonicadominicana.com\/portal\/empresas-inician-en-sfm-construccion-de-planta-de-reciclaje-y-valorizacion-de-residuos-solidos\/#respond"]}]},{"@type":"WebPage","@id":"https:\/\/potenciaradiofonicadominicana.com\/portal\/empresas-inician-en-sfm-construccion-de-planta-de-reciclaje-y-valorizacion-de-residuos-solidos\/","url":"https:\/\/potenciaradiofonicadominicana.com\/portal\/empresas-inician-en-sfm-construccion-de-planta-de-reciclaje-y-valorizacion-de-residuos-solidos\/","name":"Empresas inician en SFM construcci\u00f3n de planta de reciclaje y valorizaci\u00f3n de residuos s\u00f3lidos - PotenciaRadiofonicaDominicana.com","isPartOf":{"@id":"https:\/\/potenciaradiofonicadominicana.com\/portal\/#website"},"primaryImageOfPage":{"@id":"https:\/\/potenciaradiofonicadominicana.com\/portal\/empresas-inician-en-sfm-construccion-de-planta-de-reciclaje-y-valorizacion-de-residuos-solidos\/#primaryimage"},"image":{"@id":"https:\/\/potenciaradiofonicadominicana.com\/portal\/empresas-inician-en-sfm-construccion-de-planta-de-reciclaje-y-valorizacion-de-residuos-solidos\/#primaryimage"},"thumbnailUrl":"https:\/\/potenciaradiofonicadominicana.com\/portal\/wp-content\/uploads\/2022\/01\/un-par-de-hombres-sentados-en-una-mesa-8bb60c80.jpg","datePublished":"2022-01-27T14:09:19+00:00","breadcrumb":{"@id":"https:\/\/potenciaradiofonicadominicana.com\/portal\/empresas-inician-en-sfm-construccion-de-planta-de-reciclaje-y-valorizacion-de-residuos-solidos\/#breadcrumb"},"inLanguage":"es","potentialAction":[{"@type":"ReadAction","target":["https:\/\/potenciaradiofonicadominicana.com\/portal\/empresas-inician-en-sfm-construccion-de-planta-de-reciclaje-y-valorizacion-de-residuos-solidos\/"]}]},{"@type":"ImageObject","inLanguage":"es","@id":"https:\/\/potenciaradiofonicadominicana.com\/portal\/empresas-inician-en-sfm-construccion-de-planta-de-reciclaje-y-valorizacion-de-residuos-solidos\/#primaryimage","url":"https:\/\/potenciaradiofonicadominicana.com\/portal\/wp-content\/uploads\/2022\/01\/un-par-de-hombres-sentados-en-una-mesa-8bb60c80.jpg","contentUrl":"https:\/\/potenciaradiofonicadominicana.com\/portal\/wp-content\/uploads\/2022\/01\/un-par-de-hombres-sentados-en-una-mesa-8bb60c80.jpg","width":2048,"height":1596},{"@type":"BreadcrumbList","@id":"https:\/\/potenciaradiofonicadominicana.com\/portal\/empresas-inician-en-sfm-construccion-de-planta-de-reciclaje-y-valorizacion-de-residuos-solidos\/#breadcrumb","itemListElement":[{"@type":"ListItem","position":1,"name":"Portada","item":"https:\/\/potenciaradiofonicadominicana.com\/portal\/"},{"@type":"ListItem","position":2,"name":"Empresas inician en SFM construcci\u00f3n de planta de reciclaje y valorizaci\u00f3n de residuos s\u00f3lidos"}]},{"@type":"WebSite","@id":"https:\/\/potenciaradiofonicadominicana.com\/portal\/#website","url":"https:\/\/potenciaradiofonicadominicana.com\/portal\/","name":"PotenciaRadiofonicaDominicana.com","description":"Peri\u00f3dico Digital","publisher":{"@id":"https:\/\/potenciaradiofonicadominicana.com\/portal\/#organization"},"potentialAction":[{"@type":"SearchAction","target":{"@type":"EntryPoint","urlTemplate":"https:\/\/potenciaradiofonicadominicana.com\/portal\/?s={search_term_string}"},"query-input":{"@type":"PropertyValueSpecification","valueRequired":true,"valueName":"search_term_string"}}],"inLanguage":"es"},{"@type":"Organization","@id":"https:\/\/potenciaradiofonicadominicana.com\/portal\/#organization","name":"PotenciaRadiofonicaDominicana.com","url":"https:\/\/potenciaradiofonicadominicana.com\/portal\/","logo":{"@type":"ImageObject","inLanguage":"es","@id":"https:\/\/potenciaradiofonicadominicana.com\/portal\/#\/schema\/logo\/image\/","url":"https:\/\/potenciaradiofonicadominicana.com\/portal\/wp-content\/uploads\/2022\/01\/descarga.png","contentUrl":"https:\/\/potenciaradiofonicadominicana.com\/portal\/wp-content\/uploads\/2022\/01\/descarga.png","width":300,"height":100,"caption":"PotenciaRadiofonicaDominicana.com"},"image":{"@id":"https:\/\/potenciaradiofonicadominicana.com\/portal\/#\/schema\/logo\/image\/"},"sameAs":["https:\/\/web.facebook.com\/PotenciaRadiofonicaD"]},{"@type":"Person","@id":"https:\/\/potenciaradiofonicadominicana.com\/portal\/#\/schema\/person\/a5cf1fea13877803ee0573ac18b03490","name":"Potencia Radiof\u00f3nica Dominicana","image":{"@type":"ImageObject","inLanguage":"es","@id":"https:\/\/potenciaradiofonicadominicana.com\/portal\/#\/schema\/person\/image\/","url":"https:\/\/secure.gravatar.com\/avatar\/42a55ab9e8ccc656ba34cd791990602a?s=96&d=mm&r=g","contentUrl":"https:\/\/secure.gravatar.com\/avatar\/42a55ab9e8ccc656ba34cd791990602a?s=96&d=mm&r=g","caption":"Potencia Radiof\u00f3nica Dominicana"},"url":"https:\/\/potenciaradiofonicadominicana.com\/portal\/author\/johannyalmanzar\/"}]}},"_links":{"self":[{"href":"https:\/\/potenciaradiofonicadominicana.com\/portal\/wp-json\/wp\/v2\/posts\/114253","targetHints":{"allow":["GET"]}}],"collection":[{"href":"https:\/\/potenciaradiofonicadominicana.com\/portal\/wp-json\/wp\/v2\/posts"}],"about":[{"href":"https:\/\/potenciaradiofonicadominicana.com\/portal\/wp-json\/wp\/v2\/types\/post"}],"author":[{"embeddable":true,"href":"https:\/\/potenciaradiofonicadominicana.com\/portal\/wp-json\/wp\/v2\/users\/2"}],"replies":[{"embeddable":true,"href":"https:\/\/potenciaradiofonicadominicana.com\/portal\/wp-json\/wp\/v2\/comments?post=114253"}],"version-history":[{"count":1,"href":"https:\/\/potenciaradiofonicadominicana.com\/portal\/wp-json\/wp\/v2\/posts\/114253\/revisions"}],"predecessor-version":[{"id":114255,"href":"https:\/\/potenciaradiofonicadominicana.com\/portal\/wp-json\/wp\/v2\/posts\/114253\/revisions\/114255"}],"wp:featuredmedia":[{"embeddable":true,"href":"https:\/\/potenciaradiofonicadominicana.com\/portal\/wp-json\/wp\/v2\/media\/114254"}],"wp:attachment":[{"href":"https:\/\/potenciaradiofonicadominicana.com\/portal\/wp-json\/wp\/v2\/media?parent=114253"}],"wp:term":[{"taxonomy":"category","embeddable":true,"href":"https:\/\/potenciaradiofonicadominicana.com\/portal\/wp-json\/wp\/v2\/categories?post=114253"},{"taxonomy":"post_tag","embeddable":true,"href":"https:\/\/potenciaradiofonicadominicana.com\/portal\/wp-json\/wp\/v2\/tags?post=114253"}],"curies":[{"name":"wp","href":"https:\/\/api.w.org\/{rel}","templated":true}]}}