{"id":114239,"date":"2022-01-27T09:53:49","date_gmt":"2022-01-27T13:53:49","guid":{"rendered":"https:\/\/potenciaradiofonicadominicana.com\/portal\/?p=114239"},"modified":"2022-01-27T09:53:49","modified_gmt":"2022-01-27T13:53:49","slug":"apresan-hombre-que-utilizaba-biblia-para-transportar-y-vender-marbetes-falsos","status":"publish","type":"post","link":"https:\/\/potenciaradiofonicadominicana.com\/portal\/apresan-hombre-que-utilizaba-biblia-para-transportar-y-vender-marbetes-falsos\/","title":{"rendered":"Apresan hombre que utilizaba Biblia para transportar y vender marbetes falsos"},"content":{"rendered":"<p><a href=\"https:\/\/potenciaradiofonicadominicana.com\/portal\/wp-content\/uploads\/2022\/01\/marbete_12834759_20191216090657-focus-0-0-895-573.jpg\"><img loading=\"lazy\" decoding=\"async\" class=\"alignnone size-full wp-image-114241\" src=\"https:\/\/potenciaradiofonicadominicana.com\/portal\/wp-content\/uploads\/2022\/01\/marbete_12834759_20191216090657-focus-0-0-895-573.jpg\" alt=\"\" width=\"546\" height=\"292\" srcset=\"https:\/\/potenciaradiofonicadominicana.com\/portal\/wp-content\/uploads\/2022\/01\/marbete_12834759_20191216090657-focus-0-0-895-573.jpg 546w, https:\/\/potenciaradiofonicadominicana.com\/portal\/wp-content\/uploads\/2022\/01\/marbete_12834759_20191216090657-focus-0-0-895-573-300x160.jpg 300w\" sizes=\"auto, (max-width: 546px) 100vw, 546px\" \/><\/a><\/p>\n<p>La Direcci\u00f3n General de\u00a0Impuestos\u00a0Internos (DGII) inform\u00f3 el apresamiento de un hombre encontrado en flagrante delito mientras comercializaba\u00a0marbetes falsos\u00a0en la provincia de\u00a0San Crist\u00f3bal.<\/p>\n<p>El organismo detall\u00f3 que, en una labor conjunta con los organismos de inteligencia del Estado, se allan\u00f3 la residencia del individuo y se le ocup\u00f3 67 marbetes falsificados,\u00a0<em>\u201cmuchos de estos con numeraci\u00f3n repetida m\u00faltiples veces\u201d.<\/em><\/p>\n<p>El individuo, cuya identidad omite la\u00a0DGII\u00a0por razones legales, \u201cportaba los\u00a0marbetes falsos\u00a0en una Biblia para despistar a las autoridades y los vend\u00eda a un precio de 900 pesos\u201d.<\/p>\n<p>La\u00a0DGII\u00a0indic\u00f3 en una nota de prensa que el prevenido ser\u00e1 sometido a la justicia este jueves y asegur\u00f3 que se profundizan las investigaciones para determinar otros posibles implicados en la\u00a0falsificaci\u00f3n\u00a0de la etiqueta\u00a0que avala el pago del impuesto al permiso de circulaci\u00f3n vehicular.<\/p>\n<p>La entidad llam\u00f3 a los contribuyentes a usar las entidades autorizadas para renovar sus marbetes y evitar ser\u00a0v\u00edctimas de delitos.<\/p>\n<p>Para esta temporada est\u00e1n disponibles 30 entidades financieras con 720 sucursales distribuidas en toda la geograf\u00eda nacional; as\u00ed como en las colectur\u00edas de la\u00a0DGII\u00a0de Villa V\u00e1squez, provincia Montecristi y de S\u00e1nchez, provincia Saman\u00e1, hasta el lunes 31 de enero de 2022. En tanto que hay 1,550,776 veh\u00edculos h\u00e1biles y una recaudaci\u00f3n estimada de RD$2,381,773,600.<\/p>\n<p>Al cierre de este martes hab\u00edan renovado 1,190,018 unidades con un ingreso de RD$1,970,673,000. El costo del Impuesto de Circulaci\u00f3n Vehicular es de\u00a0RD$1,500\u00a0para\u00a0los veh\u00edculos fabricados hasta el a\u00f1o 2016 y\u00a0RD$3,000\u00a0para los fabricados del a\u00f1o 2017, inclusive, en adelante.<\/p>\n<p>La\u00a0DGII\u00a0reiter\u00f3 que, para realizar el proceso en cualquiera de las entidades disponibles, as\u00ed como para la recepci\u00f3n de las \u00f3rdenes realizadas v\u00eda web, es indispensable poseer la fotocopia de la matr\u00edcula del veh\u00edculo a renovar legible y en buen estado.<\/p>\n","protected":false},"excerpt":{"rendered":"<p>La Direcci\u00f3n General de\u00a0Impuestos\u00a0Internos (DGII) inform\u00f3 el apresamiento de un hombre encontrado en flagrante delito mientras comercializaba\u00a0marbetes falsos\u00a0en la provincia &#8230;<\/p>\n","protected":false},"author":2,"featured_media":114241,"comment_status":"open","ping_status":"open","sticky":false,"template":"","format":"standard","meta":{"footnotes":""},"categories":[26],"tags":[],"class_list":["post-114239","post","type-post","status-publish","format-standard","has-post-thumbnail","hentry","category-economia"],"yoast_head":"<!-- This site is optimized with the Yoast SEO plugin v24.8.1 - https:\/\/yoast.com\/wordpress\/plugins\/seo\/ -->\n<title>Apresan hombre que utilizaba Biblia para transportar y vender marbetes falsos - PotenciaRadiofonicaDominicana.com<\/title>\n<meta name=\"robots\" content=\"index, follow, max-snippet:-1, max-image-preview:large, max-video-preview:-1\" \/>\n<link rel=\"canonical\" href=\"https:\/\/potenciaradiofonicadominicana.com\/portal\/apresan-hombre-que-utilizaba-biblia-para-transportar-y-vender-marbetes-falsos\/\" \/>\n<meta property=\"og:locale\" content=\"es_ES\" \/>\n<meta property=\"og:type\" content=\"article\" \/>\n<meta property=\"og:title\" content=\"Apresan hombre que utilizaba Biblia para transportar y vender marbetes falsos - PotenciaRadiofonicaDominicana.com\" \/>\n<meta property=\"og:description\" content=\"La Direcci\u00f3n General de\u00a0Impuestos\u00a0Internos (DGII) inform\u00f3 el apresamiento de un hombre encontrado en flagrante delito mientras comercializaba\u00a0marbetes falsos\u00a0en la provincia ...\" \/>\n<meta property=\"og:url\" content=\"https:\/\/potenciaradiofonicadominicana.com\/portal\/apresan-hombre-que-utilizaba-biblia-para-transportar-y-vender-marbetes-falsos\/\" \/>\n<meta property=\"og:site_name\" content=\"PotenciaRadiofonicaDominicana.com\" \/>\n<meta property=\"article:publisher\" content=\"https:\/\/web.facebook.com\/PotenciaRadiofonicaD\" \/>\n<meta property=\"article:published_time\" content=\"2022-01-27T13:53:49+00:00\" \/>\n<meta property=\"og:image\" content=\"https:\/\/potenciaradiofonicadominicana.com\/portal\/wp-content\/uploads\/2022\/01\/marbete_12834759_20191216090657-focus-0-0-895-573.jpg\" \/>\n\t<meta property=\"og:image:width\" content=\"546\" \/>\n\t<meta property=\"og:image:height\" content=\"292\" \/>\n\t<meta property=\"og:image:type\" content=\"image\/jpeg\" \/>\n<meta name=\"author\" content=\"Potencia Radiof\u00f3nica Dominicana\" \/>\n<meta name=\"twitter:card\" content=\"summary_large_image\" \/>\n<meta name=\"twitter:label1\" content=\"Escrito por\" \/>\n\t<meta name=\"twitter:data1\" content=\"Potencia Radiof\u00f3nica Dominicana\" \/>\n\t<meta name=\"twitter:label2\" content=\"Tiempo de lectura\" \/>\n\t<meta name=\"twitter:data2\" content=\"2 minutos\" \/>\n<script type=\"application\/ld+json\" class=\"yoast-schema-graph\">{\"@context\":\"https:\/\/schema.org\",\"@graph\":[{\"@type\":\"Article\",\"@id\":\"https:\/\/potenciaradiofonicadominicana.com\/portal\/apresan-hombre-que-utilizaba-biblia-para-transportar-y-vender-marbetes-falsos\/#article\",\"isPartOf\":{\"@id\":\"https:\/\/potenciaradiofonicadominicana.com\/portal\/apresan-hombre-que-utilizaba-biblia-para-transportar-y-vender-marbetes-falsos\/\"},\"author\":{\"name\":\"Potencia Radiof\u00f3nica Dominicana\",\"@id\":\"https:\/\/potenciaradiofonicadominicana.com\/portal\/#\/schema\/person\/a5cf1fea13877803ee0573ac18b03490\"},\"headline\":\"Apresan hombre que utilizaba Biblia para transportar y vender marbetes falsos\",\"datePublished\":\"2022-01-27T13:53:49+00:00\",\"mainEntityOfPage\":{\"@id\":\"https:\/\/potenciaradiofonicadominicana.com\/portal\/apresan-hombre-que-utilizaba-biblia-para-transportar-y-vender-marbetes-falsos\/\"},\"wordCount\":329,\"commentCount\":0,\"publisher\":{\"@id\":\"https:\/\/potenciaradiofonicadominicana.com\/portal\/#organization\"},\"image\":{\"@id\":\"https:\/\/potenciaradiofonicadominicana.com\/portal\/apresan-hombre-que-utilizaba-biblia-para-transportar-y-vender-marbetes-falsos\/#primaryimage\"},\"thumbnailUrl\":\"https:\/\/potenciaradiofonicadominicana.com\/portal\/wp-content\/uploads\/2022\/01\/marbete_12834759_20191216090657-focus-0-0-895-573.jpg\",\"articleSection\":[\"Econom\u00eda\"],\"inLanguage\":\"es\",\"potentialAction\":[{\"@type\":\"CommentAction\",\"name\":\"Comment\",\"target\":[\"https:\/\/potenciaradiofonicadominicana.com\/portal\/apresan-hombre-que-utilizaba-biblia-para-transportar-y-vender-marbetes-falsos\/#respond\"]}]},{\"@type\":\"WebPage\",\"@id\":\"https:\/\/potenciaradiofonicadominicana.com\/portal\/apresan-hombre-que-utilizaba-biblia-para-transportar-y-vender-marbetes-falsos\/\",\"url\":\"https:\/\/potenciaradiofonicadominicana.com\/portal\/apresan-hombre-que-utilizaba-biblia-para-transportar-y-vender-marbetes-falsos\/\",\"name\":\"Apresan hombre que utilizaba Biblia para transportar y vender marbetes falsos - PotenciaRadiofonicaDominicana.com\",\"isPartOf\":{\"@id\":\"https:\/\/potenciaradiofonicadominicana.com\/portal\/#website\"},\"primaryImageOfPage\":{\"@id\":\"https:\/\/potenciaradiofonicadominicana.com\/portal\/apresan-hombre-que-utilizaba-biblia-para-transportar-y-vender-marbetes-falsos\/#primaryimage\"},\"image\":{\"@id\":\"https:\/\/potenciaradiofonicadominicana.com\/portal\/apresan-hombre-que-utilizaba-biblia-para-transportar-y-vender-marbetes-falsos\/#primaryimage\"},\"thumbnailUrl\":\"https:\/\/potenciaradiofonicadominicana.com\/portal\/wp-content\/uploads\/2022\/01\/marbete_12834759_20191216090657-focus-0-0-895-573.jpg\",\"datePublished\":\"2022-01-27T13:53:49+00:00\",\"breadcrumb\":{\"@id\":\"https:\/\/potenciaradiofonicadominicana.com\/portal\/apresan-hombre-que-utilizaba-biblia-para-transportar-y-vender-marbetes-falsos\/#breadcrumb\"},\"inLanguage\":\"es\",\"potentialAction\":[{\"@type\":\"ReadAction\",\"target\":[\"https:\/\/potenciaradiofonicadominicana.com\/portal\/apresan-hombre-que-utilizaba-biblia-para-transportar-y-vender-marbetes-falsos\/\"]}]},{\"@type\":\"ImageObject\",\"inLanguage\":\"es\",\"@id\":\"https:\/\/potenciaradiofonicadominicana.com\/portal\/apresan-hombre-que-utilizaba-biblia-para-transportar-y-vender-marbetes-falsos\/#primaryimage\",\"url\":\"https:\/\/potenciaradiofonicadominicana.com\/portal\/wp-content\/uploads\/2022\/01\/marbete_12834759_20191216090657-focus-0-0-895-573.jpg\",\"contentUrl\":\"https:\/\/potenciaradiofonicadominicana.com\/portal\/wp-content\/uploads\/2022\/01\/marbete_12834759_20191216090657-focus-0-0-895-573.jpg\",\"width\":546,\"height\":292},{\"@type\":\"BreadcrumbList\",\"@id\":\"https:\/\/potenciaradiofonicadominicana.com\/portal\/apresan-hombre-que-utilizaba-biblia-para-transportar-y-vender-marbetes-falsos\/#breadcrumb\",\"itemListElement\":[{\"@type\":\"ListItem\",\"position\":1,\"name\":\"Portada\",\"item\":\"https:\/\/potenciaradiofonicadominicana.com\/portal\/\"},{\"@type\":\"ListItem\",\"position\":2,\"name\":\"Apresan hombre que utilizaba Biblia para transportar y vender marbetes falsos\"}]},{\"@type\":\"WebSite\",\"@id\":\"https:\/\/potenciaradiofonicadominicana.com\/portal\/#website\",\"url\":\"https:\/\/potenciaradiofonicadominicana.com\/portal\/\",\"name\":\"PotenciaRadiofonicaDominicana.com\",\"description\":\"Peri\u00f3dico Digital\",\"publisher\":{\"@id\":\"https:\/\/potenciaradiofonicadominicana.com\/portal\/#organization\"},\"potentialAction\":[{\"@type\":\"SearchAction\",\"target\":{\"@type\":\"EntryPoint\",\"urlTemplate\":\"https:\/\/potenciaradiofonicadominicana.com\/portal\/?s={search_term_string}\"},\"query-input\":{\"@type\":\"PropertyValueSpecification\",\"valueRequired\":true,\"valueName\":\"search_term_string\"}}],\"inLanguage\":\"es\"},{\"@type\":\"Organization\",\"@id\":\"https:\/\/potenciaradiofonicadominicana.com\/portal\/#organization\",\"name\":\"PotenciaRadiofonicaDominicana.com\",\"url\":\"https:\/\/potenciaradiofonicadominicana.com\/portal\/\",\"logo\":{\"@type\":\"ImageObject\",\"inLanguage\":\"es\",\"@id\":\"https:\/\/potenciaradiofonicadominicana.com\/portal\/#\/schema\/logo\/image\/\",\"url\":\"https:\/\/potenciaradiofonicadominicana.com\/portal\/wp-content\/uploads\/2022\/01\/descarga.png\",\"contentUrl\":\"https:\/\/potenciaradiofonicadominicana.com\/portal\/wp-content\/uploads\/2022\/01\/descarga.png\",\"width\":300,\"height\":100,\"caption\":\"PotenciaRadiofonicaDominicana.com\"},\"image\":{\"@id\":\"https:\/\/potenciaradiofonicadominicana.com\/portal\/#\/schema\/logo\/image\/\"},\"sameAs\":[\"https:\/\/web.facebook.com\/PotenciaRadiofonicaD\"]},{\"@type\":\"Person\",\"@id\":\"https:\/\/potenciaradiofonicadominicana.com\/portal\/#\/schema\/person\/a5cf1fea13877803ee0573ac18b03490\",\"name\":\"Potencia Radiof\u00f3nica Dominicana\",\"image\":{\"@type\":\"ImageObject\",\"inLanguage\":\"es\",\"@id\":\"https:\/\/potenciaradiofonicadominicana.com\/portal\/#\/schema\/person\/image\/\",\"url\":\"https:\/\/secure.gravatar.com\/avatar\/42a55ab9e8ccc656ba34cd791990602a?s=96&d=mm&r=g\",\"contentUrl\":\"https:\/\/secure.gravatar.com\/avatar\/42a55ab9e8ccc656ba34cd791990602a?s=96&d=mm&r=g\",\"caption\":\"Potencia Radiof\u00f3nica Dominicana\"},\"url\":\"https:\/\/potenciaradiofonicadominicana.com\/portal\/author\/johannyalmanzar\/\"}]}<\/script>\n<!-- \/ Yoast SEO plugin. -->","yoast_head_json":{"title":"Apresan hombre que utilizaba Biblia para transportar y vender marbetes falsos - PotenciaRadiofonicaDominicana.com","robots":{"index":"index","follow":"follow","max-snippet":"max-snippet:-1","max-image-preview":"max-image-preview:large","max-video-preview":"max-video-preview:-1"},"canonical":"https:\/\/potenciaradiofonicadominicana.com\/portal\/apresan-hombre-que-utilizaba-biblia-para-transportar-y-vender-marbetes-falsos\/","og_locale":"es_ES","og_type":"article","og_title":"Apresan hombre que utilizaba Biblia para transportar y vender marbetes falsos - PotenciaRadiofonicaDominicana.com","og_description":"La Direcci\u00f3n General de\u00a0Impuestos\u00a0Internos (DGII) inform\u00f3 el apresamiento de un hombre encontrado en flagrante delito mientras comercializaba\u00a0marbetes falsos\u00a0en la provincia ...","og_url":"https:\/\/potenciaradiofonicadominicana.com\/portal\/apresan-hombre-que-utilizaba-biblia-para-transportar-y-vender-marbetes-falsos\/","og_site_name":"PotenciaRadiofonicaDominicana.com","article_publisher":"https:\/\/web.facebook.com\/PotenciaRadiofonicaD","article_published_time":"2022-01-27T13:53:49+00:00","og_image":[{"width":546,"height":292,"url":"https:\/\/potenciaradiofonicadominicana.com\/portal\/wp-content\/uploads\/2022\/01\/marbete_12834759_20191216090657-focus-0-0-895-573.jpg","type":"image\/jpeg"}],"author":"Potencia Radiof\u00f3nica Dominicana","twitter_card":"summary_large_image","twitter_misc":{"Escrito por":"Potencia Radiof\u00f3nica Dominicana","Tiempo de lectura":"2 minutos"},"schema":{"@context":"https:\/\/schema.org","@graph":[{"@type":"Article","@id":"https:\/\/potenciaradiofonicadominicana.com\/portal\/apresan-hombre-que-utilizaba-biblia-para-transportar-y-vender-marbetes-falsos\/#article","isPartOf":{"@id":"https:\/\/potenciaradiofonicadominicana.com\/portal\/apresan-hombre-que-utilizaba-biblia-para-transportar-y-vender-marbetes-falsos\/"},"author":{"name":"Potencia Radiof\u00f3nica Dominicana","@id":"https:\/\/potenciaradiofonicadominicana.com\/portal\/#\/schema\/person\/a5cf1fea13877803ee0573ac18b03490"},"headline":"Apresan hombre que utilizaba Biblia para transportar y vender marbetes falsos","datePublished":"2022-01-27T13:53:49+00:00","mainEntityOfPage":{"@id":"https:\/\/potenciaradiofonicadominicana.com\/portal\/apresan-hombre-que-utilizaba-biblia-para-transportar-y-vender-marbetes-falsos\/"},"wordCount":329,"commentCount":0,"publisher":{"@id":"https:\/\/potenciaradiofonicadominicana.com\/portal\/#organization"},"image":{"@id":"https:\/\/potenciaradiofonicadominicana.com\/portal\/apresan-hombre-que-utilizaba-biblia-para-transportar-y-vender-marbetes-falsos\/#primaryimage"},"thumbnailUrl":"https:\/\/potenciaradiofonicadominicana.com\/portal\/wp-content\/uploads\/2022\/01\/marbete_12834759_20191216090657-focus-0-0-895-573.jpg","articleSection":["Econom\u00eda"],"inLanguage":"es","potentialAction":[{"@type":"CommentAction","name":"Comment","target":["https:\/\/potenciaradiofonicadominicana.com\/portal\/apresan-hombre-que-utilizaba-biblia-para-transportar-y-vender-marbetes-falsos\/#respond"]}]},{"@type":"WebPage","@id":"https:\/\/potenciaradiofonicadominicana.com\/portal\/apresan-hombre-que-utilizaba-biblia-para-transportar-y-vender-marbetes-falsos\/","url":"https:\/\/potenciaradiofonicadominicana.com\/portal\/apresan-hombre-que-utilizaba-biblia-para-transportar-y-vender-marbetes-falsos\/","name":"Apresan hombre que utilizaba Biblia para transportar y vender marbetes falsos - PotenciaRadiofonicaDominicana.com","isPartOf":{"@id":"https:\/\/potenciaradiofonicadominicana.com\/portal\/#website"},"primaryImageOfPage":{"@id":"https:\/\/potenciaradiofonicadominicana.com\/portal\/apresan-hombre-que-utilizaba-biblia-para-transportar-y-vender-marbetes-falsos\/#primaryimage"},"image":{"@id":"https:\/\/potenciaradiofonicadominicana.com\/portal\/apresan-hombre-que-utilizaba-biblia-para-transportar-y-vender-marbetes-falsos\/#primaryimage"},"thumbnailUrl":"https:\/\/potenciaradiofonicadominicana.com\/portal\/wp-content\/uploads\/2022\/01\/marbete_12834759_20191216090657-focus-0-0-895-573.jpg","datePublished":"2022-01-27T13:53:49+00:00","breadcrumb":{"@id":"https:\/\/potenciaradiofonicadominicana.com\/portal\/apresan-hombre-que-utilizaba-biblia-para-transportar-y-vender-marbetes-falsos\/#breadcrumb"},"inLanguage":"es","potentialAction":[{"@type":"ReadAction","target":["https:\/\/potenciaradiofonicadominicana.com\/portal\/apresan-hombre-que-utilizaba-biblia-para-transportar-y-vender-marbetes-falsos\/"]}]},{"@type":"ImageObject","inLanguage":"es","@id":"https:\/\/potenciaradiofonicadominicana.com\/portal\/apresan-hombre-que-utilizaba-biblia-para-transportar-y-vender-marbetes-falsos\/#primaryimage","url":"https:\/\/potenciaradiofonicadominicana.com\/portal\/wp-content\/uploads\/2022\/01\/marbete_12834759_20191216090657-focus-0-0-895-573.jpg","contentUrl":"https:\/\/potenciaradiofonicadominicana.com\/portal\/wp-content\/uploads\/2022\/01\/marbete_12834759_20191216090657-focus-0-0-895-573.jpg","width":546,"height":292},{"@type":"BreadcrumbList","@id":"https:\/\/potenciaradiofonicadominicana.com\/portal\/apresan-hombre-que-utilizaba-biblia-para-transportar-y-vender-marbetes-falsos\/#breadcrumb","itemListElement":[{"@type":"ListItem","position":1,"name":"Portada","item":"https:\/\/potenciaradiofonicadominicana.com\/portal\/"},{"@type":"ListItem","position":2,"name":"Apresan hombre que utilizaba Biblia para transportar y vender marbetes falsos"}]},{"@type":"WebSite","@id":"https:\/\/potenciaradiofonicadominicana.com\/portal\/#website","url":"https:\/\/potenciaradiofonicadominicana.com\/portal\/","name":"PotenciaRadiofonicaDominicana.com","description":"Peri\u00f3dico Digital","publisher":{"@id":"https:\/\/potenciaradiofonicadominicana.com\/portal\/#organization"},"potentialAction":[{"@type":"SearchAction","target":{"@type":"EntryPoint","urlTemplate":"https:\/\/potenciaradiofonicadominicana.com\/portal\/?s={search_term_string}"},"query-input":{"@type":"PropertyValueSpecification","valueRequired":true,"valueName":"search_term_string"}}],"inLanguage":"es"},{"@type":"Organization","@id":"https:\/\/potenciaradiofonicadominicana.com\/portal\/#organization","name":"PotenciaRadiofonicaDominicana.com","url":"https:\/\/potenciaradiofonicadominicana.com\/portal\/","logo":{"@type":"ImageObject","inLanguage":"es","@id":"https:\/\/potenciaradiofonicadominicana.com\/portal\/#\/schema\/logo\/image\/","url":"https:\/\/potenciaradiofonicadominicana.com\/portal\/wp-content\/uploads\/2022\/01\/descarga.png","contentUrl":"https:\/\/potenciaradiofonicadominicana.com\/portal\/wp-content\/uploads\/2022\/01\/descarga.png","width":300,"height":100,"caption":"PotenciaRadiofonicaDominicana.com"},"image":{"@id":"https:\/\/potenciaradiofonicadominicana.com\/portal\/#\/schema\/logo\/image\/"},"sameAs":["https:\/\/web.facebook.com\/PotenciaRadiofonicaD"]},{"@type":"Person","@id":"https:\/\/potenciaradiofonicadominicana.com\/portal\/#\/schema\/person\/a5cf1fea13877803ee0573ac18b03490","name":"Potencia Radiof\u00f3nica Dominicana","image":{"@type":"ImageObject","inLanguage":"es","@id":"https:\/\/potenciaradiofonicadominicana.com\/portal\/#\/schema\/person\/image\/","url":"https:\/\/secure.gravatar.com\/avatar\/42a55ab9e8ccc656ba34cd791990602a?s=96&d=mm&r=g","contentUrl":"https:\/\/secure.gravatar.com\/avatar\/42a55ab9e8ccc656ba34cd791990602a?s=96&d=mm&r=g","caption":"Potencia Radiof\u00f3nica Dominicana"},"url":"https:\/\/potenciaradiofonicadominicana.com\/portal\/author\/johannyalmanzar\/"}]}},"_links":{"self":[{"href":"https:\/\/potenciaradiofonicadominicana.com\/portal\/wp-json\/wp\/v2\/posts\/114239","targetHints":{"allow":["GET"]}}],"collection":[{"href":"https:\/\/potenciaradiofonicadominicana.com\/portal\/wp-json\/wp\/v2\/posts"}],"about":[{"href":"https:\/\/potenciaradiofonicadominicana.com\/portal\/wp-json\/wp\/v2\/types\/post"}],"author":[{"embeddable":true,"href":"https:\/\/potenciaradiofonicadominicana.com\/portal\/wp-json\/wp\/v2\/users\/2"}],"replies":[{"embeddable":true,"href":"https:\/\/potenciaradiofonicadominicana.com\/portal\/wp-json\/wp\/v2\/comments?post=114239"}],"version-history":[{"count":1,"href":"https:\/\/potenciaradiofonicadominicana.com\/portal\/wp-json\/wp\/v2\/posts\/114239\/revisions"}],"predecessor-version":[{"id":114242,"href":"https:\/\/potenciaradiofonicadominicana.com\/portal\/wp-json\/wp\/v2\/posts\/114239\/revisions\/114242"}],"wp:featuredmedia":[{"embeddable":true,"href":"https:\/\/potenciaradiofonicadominicana.com\/portal\/wp-json\/wp\/v2\/media\/114241"}],"wp:attachment":[{"href":"https:\/\/potenciaradiofonicadominicana.com\/portal\/wp-json\/wp\/v2\/media?parent=114239"}],"wp:term":[{"taxonomy":"category","embeddable":true,"href":"https:\/\/potenciaradiofonicadominicana.com\/portal\/wp-json\/wp\/v2\/categories?post=114239"},{"taxonomy":"post_tag","embeddable":true,"href":"https:\/\/potenciaradiofonicadominicana.com\/portal\/wp-json\/wp\/v2\/tags?post=114239"}],"curies":[{"name":"wp","href":"https:\/\/api.w.org\/{rel}","templated":true}]}}