{"id":114234,"date":"2022-01-27T09:51:07","date_gmt":"2022-01-27T13:51:07","guid":{"rendered":"https:\/\/potenciaradiofonicadominicana.com\/portal\/?p=114234"},"modified":"2022-01-27T09:51:07","modified_gmt":"2022-01-27T13:51:07","slug":"bid-realizara-su-reunion-anual-en-formato-virtual-por-pandemia","status":"publish","type":"post","link":"https:\/\/potenciaradiofonicadominicana.com\/portal\/bid-realizara-su-reunion-anual-en-formato-virtual-por-pandemia\/","title":{"rendered":"BID realizar\u00e1 su reuni\u00f3n anual en formato virtual por pandemia"},"content":{"rendered":"<p><a href=\"https:\/\/potenciaradiofonicadominicana.com\/portal\/wp-content\/uploads\/2022\/01\/1300-ny-ave-idb-dca-07-2018-9880_16016452_20210319221551-focus-0-0-895-573.jpg\"><img loading=\"lazy\" decoding=\"async\" class=\"alignnone size-full wp-image-114235\" src=\"https:\/\/potenciaradiofonicadominicana.com\/portal\/wp-content\/uploads\/2022\/01\/1300-ny-ave-idb-dca-07-2018-9880_16016452_20210319221551-focus-0-0-895-573.jpg\" alt=\"\" width=\"895\" height=\"573\" srcset=\"https:\/\/potenciaradiofonicadominicana.com\/portal\/wp-content\/uploads\/2022\/01\/1300-ny-ave-idb-dca-07-2018-9880_16016452_20210319221551-focus-0-0-895-573.jpg 895w, https:\/\/potenciaradiofonicadominicana.com\/portal\/wp-content\/uploads\/2022\/01\/1300-ny-ave-idb-dca-07-2018-9880_16016452_20210319221551-focus-0-0-895-573-300x192.jpg 300w, https:\/\/potenciaradiofonicadominicana.com\/portal\/wp-content\/uploads\/2022\/01\/1300-ny-ave-idb-dca-07-2018-9880_16016452_20210319221551-focus-0-0-895-573-768x492.jpg 768w\" sizes=\"auto, (max-width: 895px) 100vw, 895px\" \/><\/a><\/p>\n<p>El\u00a0Banco Interamericano de Desarrollo\u00a0(BID) inform\u00f3 el mi\u00e9rcoles que debido a la situaci\u00f3n actual de la\u00a0pandemia\u00a0de covid-19, su\u00a0reuni\u00f3n\u00a0anual\u00a0se har\u00e1 por\u00a0videoconferencia\u00a0y no de manera presencial en Uruguay como estaba previsto.<\/p>\n<p>El encuentro\u00a0anual\u00a0de las Asambleas de Gobernadores del\u00a0BID\u00a0y la Corporaci\u00f3n Interamericana de Inversiones (BID\u00a0Invest) se\u00a0realizar\u00e1\u00a0en\u00a0formato\u00a0virtual\u00a0entre el 28 de marzo y el 1 de abril, dijo la instituci\u00f3n con sede en Washington en un comunicado.<\/p>\n<p>Las Asambleas de Gobernadores son los \u00f3rganos de formulaci\u00f3n de pol\u00edticas de m\u00e1s alto nivel del\u00a0BID\u00a0y\u00a0BID\u00a0Invest. La mayor\u00eda de los gobernadores se desempe\u00f1an como ministros de Finanzas, ministros de Econom\u00eda o presidentes del banco central de su pa\u00eds.<\/p>\n<p>La cita estaba programada originalmente del 17 al 20 de marzo en el balneario uruguayo de Punta del Este, en un\u00a0formato\u00a0h\u00edbrido (virtual\u00a0y con un n\u00famero limitado de participantes presenciales), seg\u00fan inform\u00f3 el\u00a0BID\u00a0en octubre.<\/p>\n<p>La \u00faltima\u00a0reuni\u00f3n\u00a0anual\u00a0del\u00a0BID\u00a0fue en marzo de 2021 en Barranquilla, en el norte de Colombia. Estaba inicialmente prevista en marzo de 2020, pero se pospuso dos veces por la emergencia sanitaria.<\/p>\n<p>El\u00a0BID\u00a0indic\u00f3 que durante el evento\u00a0virtual, l\u00edderes econ\u00f3micos y financieros de los 48 pa\u00edses miembros de la instituci\u00f3n discutir\u00e1n los desaf\u00edos y oportunidades de desarrollo en Am\u00e9rica Latina y el Caribe.<\/p>\n<p>Fundado en 1959, el\u00a0BID\u00a0es una de las principales fuentes de financiamiento a largo plazo para el desarrollo econ\u00f3mico, social e institucional de los pa\u00edses latinoamericanos y caribe\u00f1os.<\/p>\n<p>Al iniciarse el tercer a\u00f1o de la\u00a0pandemia\u00a0de covid-19, varios pa\u00edses, incluido Estados Unidos, han comenzado a ver un descenso de los casos asociados a la ola de contagios provocada por \u00f3micron, la variante m\u00e1s transmisible detectada hasta ahora, pero el n\u00famero de contagios a nivel mundial sigue aumentando.<\/p>\n","protected":false},"excerpt":{"rendered":"<p>El\u00a0Banco Interamericano de Desarrollo\u00a0(BID) inform\u00f3 el mi\u00e9rcoles que debido a la situaci\u00f3n actual de la\u00a0pandemia\u00a0de covid-19, su\u00a0reuni\u00f3n\u00a0anual\u00a0se har\u00e1 por\u00a0videoconferencia\u00a0y no &#8230;<\/p>\n","protected":false},"author":2,"featured_media":114235,"comment_status":"open","ping_status":"open","sticky":false,"template":"","format":"standard","meta":{"footnotes":""},"categories":[26],"tags":[],"class_list":["post-114234","post","type-post","status-publish","format-standard","has-post-thumbnail","hentry","category-economia"],"yoast_head":"<!-- This site is optimized with the Yoast SEO plugin v24.8.1 - https:\/\/yoast.com\/wordpress\/plugins\/seo\/ -->\n<title>BID realizar\u00e1 su reuni\u00f3n anual en formato virtual por pandemia - PotenciaRadiofonicaDominicana.com<\/title>\n<meta name=\"robots\" content=\"index, follow, max-snippet:-1, max-image-preview:large, max-video-preview:-1\" \/>\n<link rel=\"canonical\" href=\"https:\/\/potenciaradiofonicadominicana.com\/portal\/bid-realizara-su-reunion-anual-en-formato-virtual-por-pandemia\/\" \/>\n<meta property=\"og:locale\" content=\"es_ES\" \/>\n<meta property=\"og:type\" content=\"article\" \/>\n<meta property=\"og:title\" content=\"BID realizar\u00e1 su reuni\u00f3n anual en formato virtual por pandemia - PotenciaRadiofonicaDominicana.com\" \/>\n<meta property=\"og:description\" content=\"El\u00a0Banco Interamericano de Desarrollo\u00a0(BID) inform\u00f3 el mi\u00e9rcoles que debido a la situaci\u00f3n actual de la\u00a0pandemia\u00a0de covid-19, su\u00a0reuni\u00f3n\u00a0anual\u00a0se har\u00e1 por\u00a0videoconferencia\u00a0y no ...\" \/>\n<meta property=\"og:url\" content=\"https:\/\/potenciaradiofonicadominicana.com\/portal\/bid-realizara-su-reunion-anual-en-formato-virtual-por-pandemia\/\" \/>\n<meta property=\"og:site_name\" content=\"PotenciaRadiofonicaDominicana.com\" \/>\n<meta property=\"article:publisher\" content=\"https:\/\/web.facebook.com\/PotenciaRadiofonicaD\" \/>\n<meta property=\"article:published_time\" content=\"2022-01-27T13:51:07+00:00\" \/>\n<meta property=\"og:image\" content=\"https:\/\/potenciaradiofonicadominicana.com\/portal\/wp-content\/uploads\/2022\/01\/1300-ny-ave-idb-dca-07-2018-9880_16016452_20210319221551-focus-0-0-895-573.jpg\" \/>\n\t<meta property=\"og:image:width\" content=\"895\" \/>\n\t<meta property=\"og:image:height\" content=\"573\" \/>\n\t<meta property=\"og:image:type\" content=\"image\/jpeg\" \/>\n<meta name=\"author\" content=\"Potencia Radiof\u00f3nica Dominicana\" \/>\n<meta name=\"twitter:card\" content=\"summary_large_image\" \/>\n<meta name=\"twitter:label1\" content=\"Escrito por\" \/>\n\t<meta name=\"twitter:data1\" content=\"Potencia Radiof\u00f3nica Dominicana\" \/>\n\t<meta name=\"twitter:label2\" content=\"Tiempo de lectura\" \/>\n\t<meta name=\"twitter:data2\" content=\"2 minutos\" \/>\n<script type=\"application\/ld+json\" class=\"yoast-schema-graph\">{\"@context\":\"https:\/\/schema.org\",\"@graph\":[{\"@type\":\"Article\",\"@id\":\"https:\/\/potenciaradiofonicadominicana.com\/portal\/bid-realizara-su-reunion-anual-en-formato-virtual-por-pandemia\/#article\",\"isPartOf\":{\"@id\":\"https:\/\/potenciaradiofonicadominicana.com\/portal\/bid-realizara-su-reunion-anual-en-formato-virtual-por-pandemia\/\"},\"author\":{\"name\":\"Potencia Radiof\u00f3nica Dominicana\",\"@id\":\"https:\/\/potenciaradiofonicadominicana.com\/portal\/#\/schema\/person\/a5cf1fea13877803ee0573ac18b03490\"},\"headline\":\"BID realizar\u00e1 su reuni\u00f3n anual en formato virtual por pandemia\",\"datePublished\":\"2022-01-27T13:51:07+00:00\",\"mainEntityOfPage\":{\"@id\":\"https:\/\/potenciaradiofonicadominicana.com\/portal\/bid-realizara-su-reunion-anual-en-formato-virtual-por-pandemia\/\"},\"wordCount\":339,\"commentCount\":0,\"publisher\":{\"@id\":\"https:\/\/potenciaradiofonicadominicana.com\/portal\/#organization\"},\"image\":{\"@id\":\"https:\/\/potenciaradiofonicadominicana.com\/portal\/bid-realizara-su-reunion-anual-en-formato-virtual-por-pandemia\/#primaryimage\"},\"thumbnailUrl\":\"https:\/\/potenciaradiofonicadominicana.com\/portal\/wp-content\/uploads\/2022\/01\/1300-ny-ave-idb-dca-07-2018-9880_16016452_20210319221551-focus-0-0-895-573.jpg\",\"articleSection\":[\"Econom\u00eda\"],\"inLanguage\":\"es\",\"potentialAction\":[{\"@type\":\"CommentAction\",\"name\":\"Comment\",\"target\":[\"https:\/\/potenciaradiofonicadominicana.com\/portal\/bid-realizara-su-reunion-anual-en-formato-virtual-por-pandemia\/#respond\"]}]},{\"@type\":\"WebPage\",\"@id\":\"https:\/\/potenciaradiofonicadominicana.com\/portal\/bid-realizara-su-reunion-anual-en-formato-virtual-por-pandemia\/\",\"url\":\"https:\/\/potenciaradiofonicadominicana.com\/portal\/bid-realizara-su-reunion-anual-en-formato-virtual-por-pandemia\/\",\"name\":\"BID realizar\u00e1 su reuni\u00f3n anual en formato virtual por pandemia - PotenciaRadiofonicaDominicana.com\",\"isPartOf\":{\"@id\":\"https:\/\/potenciaradiofonicadominicana.com\/portal\/#website\"},\"primaryImageOfPage\":{\"@id\":\"https:\/\/potenciaradiofonicadominicana.com\/portal\/bid-realizara-su-reunion-anual-en-formato-virtual-por-pandemia\/#primaryimage\"},\"image\":{\"@id\":\"https:\/\/potenciaradiofonicadominicana.com\/portal\/bid-realizara-su-reunion-anual-en-formato-virtual-por-pandemia\/#primaryimage\"},\"thumbnailUrl\":\"https:\/\/potenciaradiofonicadominicana.com\/portal\/wp-content\/uploads\/2022\/01\/1300-ny-ave-idb-dca-07-2018-9880_16016452_20210319221551-focus-0-0-895-573.jpg\",\"datePublished\":\"2022-01-27T13:51:07+00:00\",\"breadcrumb\":{\"@id\":\"https:\/\/potenciaradiofonicadominicana.com\/portal\/bid-realizara-su-reunion-anual-en-formato-virtual-por-pandemia\/#breadcrumb\"},\"inLanguage\":\"es\",\"potentialAction\":[{\"@type\":\"ReadAction\",\"target\":[\"https:\/\/potenciaradiofonicadominicana.com\/portal\/bid-realizara-su-reunion-anual-en-formato-virtual-por-pandemia\/\"]}]},{\"@type\":\"ImageObject\",\"inLanguage\":\"es\",\"@id\":\"https:\/\/potenciaradiofonicadominicana.com\/portal\/bid-realizara-su-reunion-anual-en-formato-virtual-por-pandemia\/#primaryimage\",\"url\":\"https:\/\/potenciaradiofonicadominicana.com\/portal\/wp-content\/uploads\/2022\/01\/1300-ny-ave-idb-dca-07-2018-9880_16016452_20210319221551-focus-0-0-895-573.jpg\",\"contentUrl\":\"https:\/\/potenciaradiofonicadominicana.com\/portal\/wp-content\/uploads\/2022\/01\/1300-ny-ave-idb-dca-07-2018-9880_16016452_20210319221551-focus-0-0-895-573.jpg\",\"width\":895,\"height\":573},{\"@type\":\"BreadcrumbList\",\"@id\":\"https:\/\/potenciaradiofonicadominicana.com\/portal\/bid-realizara-su-reunion-anual-en-formato-virtual-por-pandemia\/#breadcrumb\",\"itemListElement\":[{\"@type\":\"ListItem\",\"position\":1,\"name\":\"Portada\",\"item\":\"https:\/\/potenciaradiofonicadominicana.com\/portal\/\"},{\"@type\":\"ListItem\",\"position\":2,\"name\":\"BID realizar\u00e1 su reuni\u00f3n anual en formato virtual por pandemia\"}]},{\"@type\":\"WebSite\",\"@id\":\"https:\/\/potenciaradiofonicadominicana.com\/portal\/#website\",\"url\":\"https:\/\/potenciaradiofonicadominicana.com\/portal\/\",\"name\":\"PotenciaRadiofonicaDominicana.com\",\"description\":\"Peri\u00f3dico Digital\",\"publisher\":{\"@id\":\"https:\/\/potenciaradiofonicadominicana.com\/portal\/#organization\"},\"potentialAction\":[{\"@type\":\"SearchAction\",\"target\":{\"@type\":\"EntryPoint\",\"urlTemplate\":\"https:\/\/potenciaradiofonicadominicana.com\/portal\/?s={search_term_string}\"},\"query-input\":{\"@type\":\"PropertyValueSpecification\",\"valueRequired\":true,\"valueName\":\"search_term_string\"}}],\"inLanguage\":\"es\"},{\"@type\":\"Organization\",\"@id\":\"https:\/\/potenciaradiofonicadominicana.com\/portal\/#organization\",\"name\":\"PotenciaRadiofonicaDominicana.com\",\"url\":\"https:\/\/potenciaradiofonicadominicana.com\/portal\/\",\"logo\":{\"@type\":\"ImageObject\",\"inLanguage\":\"es\",\"@id\":\"https:\/\/potenciaradiofonicadominicana.com\/portal\/#\/schema\/logo\/image\/\",\"url\":\"https:\/\/potenciaradiofonicadominicana.com\/portal\/wp-content\/uploads\/2022\/01\/descarga.png\",\"contentUrl\":\"https:\/\/potenciaradiofonicadominicana.com\/portal\/wp-content\/uploads\/2022\/01\/descarga.png\",\"width\":300,\"height\":100,\"caption\":\"PotenciaRadiofonicaDominicana.com\"},\"image\":{\"@id\":\"https:\/\/potenciaradiofonicadominicana.com\/portal\/#\/schema\/logo\/image\/\"},\"sameAs\":[\"https:\/\/web.facebook.com\/PotenciaRadiofonicaD\"]},{\"@type\":\"Person\",\"@id\":\"https:\/\/potenciaradiofonicadominicana.com\/portal\/#\/schema\/person\/a5cf1fea13877803ee0573ac18b03490\",\"name\":\"Potencia Radiof\u00f3nica Dominicana\",\"image\":{\"@type\":\"ImageObject\",\"inLanguage\":\"es\",\"@id\":\"https:\/\/potenciaradiofonicadominicana.com\/portal\/#\/schema\/person\/image\/\",\"url\":\"https:\/\/secure.gravatar.com\/avatar\/42a55ab9e8ccc656ba34cd791990602a?s=96&d=mm&r=g\",\"contentUrl\":\"https:\/\/secure.gravatar.com\/avatar\/42a55ab9e8ccc656ba34cd791990602a?s=96&d=mm&r=g\",\"caption\":\"Potencia Radiof\u00f3nica Dominicana\"},\"url\":\"https:\/\/potenciaradiofonicadominicana.com\/portal\/author\/johannyalmanzar\/\"}]}<\/script>\n<!-- \/ Yoast SEO plugin. -->","yoast_head_json":{"title":"BID realizar\u00e1 su reuni\u00f3n anual en formato virtual por pandemia - PotenciaRadiofonicaDominicana.com","robots":{"index":"index","follow":"follow","max-snippet":"max-snippet:-1","max-image-preview":"max-image-preview:large","max-video-preview":"max-video-preview:-1"},"canonical":"https:\/\/potenciaradiofonicadominicana.com\/portal\/bid-realizara-su-reunion-anual-en-formato-virtual-por-pandemia\/","og_locale":"es_ES","og_type":"article","og_title":"BID realizar\u00e1 su reuni\u00f3n anual en formato virtual por pandemia - PotenciaRadiofonicaDominicana.com","og_description":"El\u00a0Banco Interamericano de Desarrollo\u00a0(BID) inform\u00f3 el mi\u00e9rcoles que debido a la situaci\u00f3n actual de la\u00a0pandemia\u00a0de covid-19, su\u00a0reuni\u00f3n\u00a0anual\u00a0se har\u00e1 por\u00a0videoconferencia\u00a0y no ...","og_url":"https:\/\/potenciaradiofonicadominicana.com\/portal\/bid-realizara-su-reunion-anual-en-formato-virtual-por-pandemia\/","og_site_name":"PotenciaRadiofonicaDominicana.com","article_publisher":"https:\/\/web.facebook.com\/PotenciaRadiofonicaD","article_published_time":"2022-01-27T13:51:07+00:00","og_image":[{"width":895,"height":573,"url":"https:\/\/potenciaradiofonicadominicana.com\/portal\/wp-content\/uploads\/2022\/01\/1300-ny-ave-idb-dca-07-2018-9880_16016452_20210319221551-focus-0-0-895-573.jpg","type":"image\/jpeg"}],"author":"Potencia Radiof\u00f3nica Dominicana","twitter_card":"summary_large_image","twitter_misc":{"Escrito por":"Potencia Radiof\u00f3nica Dominicana","Tiempo de lectura":"2 minutos"},"schema":{"@context":"https:\/\/schema.org","@graph":[{"@type":"Article","@id":"https:\/\/potenciaradiofonicadominicana.com\/portal\/bid-realizara-su-reunion-anual-en-formato-virtual-por-pandemia\/#article","isPartOf":{"@id":"https:\/\/potenciaradiofonicadominicana.com\/portal\/bid-realizara-su-reunion-anual-en-formato-virtual-por-pandemia\/"},"author":{"name":"Potencia Radiof\u00f3nica Dominicana","@id":"https:\/\/potenciaradiofonicadominicana.com\/portal\/#\/schema\/person\/a5cf1fea13877803ee0573ac18b03490"},"headline":"BID realizar\u00e1 su reuni\u00f3n anual en formato virtual por pandemia","datePublished":"2022-01-27T13:51:07+00:00","mainEntityOfPage":{"@id":"https:\/\/potenciaradiofonicadominicana.com\/portal\/bid-realizara-su-reunion-anual-en-formato-virtual-por-pandemia\/"},"wordCount":339,"commentCount":0,"publisher":{"@id":"https:\/\/potenciaradiofonicadominicana.com\/portal\/#organization"},"image":{"@id":"https:\/\/potenciaradiofonicadominicana.com\/portal\/bid-realizara-su-reunion-anual-en-formato-virtual-por-pandemia\/#primaryimage"},"thumbnailUrl":"https:\/\/potenciaradiofonicadominicana.com\/portal\/wp-content\/uploads\/2022\/01\/1300-ny-ave-idb-dca-07-2018-9880_16016452_20210319221551-focus-0-0-895-573.jpg","articleSection":["Econom\u00eda"],"inLanguage":"es","potentialAction":[{"@type":"CommentAction","name":"Comment","target":["https:\/\/potenciaradiofonicadominicana.com\/portal\/bid-realizara-su-reunion-anual-en-formato-virtual-por-pandemia\/#respond"]}]},{"@type":"WebPage","@id":"https:\/\/potenciaradiofonicadominicana.com\/portal\/bid-realizara-su-reunion-anual-en-formato-virtual-por-pandemia\/","url":"https:\/\/potenciaradiofonicadominicana.com\/portal\/bid-realizara-su-reunion-anual-en-formato-virtual-por-pandemia\/","name":"BID realizar\u00e1 su reuni\u00f3n anual en formato virtual por pandemia - PotenciaRadiofonicaDominicana.com","isPartOf":{"@id":"https:\/\/potenciaradiofonicadominicana.com\/portal\/#website"},"primaryImageOfPage":{"@id":"https:\/\/potenciaradiofonicadominicana.com\/portal\/bid-realizara-su-reunion-anual-en-formato-virtual-por-pandemia\/#primaryimage"},"image":{"@id":"https:\/\/potenciaradiofonicadominicana.com\/portal\/bid-realizara-su-reunion-anual-en-formato-virtual-por-pandemia\/#primaryimage"},"thumbnailUrl":"https:\/\/potenciaradiofonicadominicana.com\/portal\/wp-content\/uploads\/2022\/01\/1300-ny-ave-idb-dca-07-2018-9880_16016452_20210319221551-focus-0-0-895-573.jpg","datePublished":"2022-01-27T13:51:07+00:00","breadcrumb":{"@id":"https:\/\/potenciaradiofonicadominicana.com\/portal\/bid-realizara-su-reunion-anual-en-formato-virtual-por-pandemia\/#breadcrumb"},"inLanguage":"es","potentialAction":[{"@type":"ReadAction","target":["https:\/\/potenciaradiofonicadominicana.com\/portal\/bid-realizara-su-reunion-anual-en-formato-virtual-por-pandemia\/"]}]},{"@type":"ImageObject","inLanguage":"es","@id":"https:\/\/potenciaradiofonicadominicana.com\/portal\/bid-realizara-su-reunion-anual-en-formato-virtual-por-pandemia\/#primaryimage","url":"https:\/\/potenciaradiofonicadominicana.com\/portal\/wp-content\/uploads\/2022\/01\/1300-ny-ave-idb-dca-07-2018-9880_16016452_20210319221551-focus-0-0-895-573.jpg","contentUrl":"https:\/\/potenciaradiofonicadominicana.com\/portal\/wp-content\/uploads\/2022\/01\/1300-ny-ave-idb-dca-07-2018-9880_16016452_20210319221551-focus-0-0-895-573.jpg","width":895,"height":573},{"@type":"BreadcrumbList","@id":"https:\/\/potenciaradiofonicadominicana.com\/portal\/bid-realizara-su-reunion-anual-en-formato-virtual-por-pandemia\/#breadcrumb","itemListElement":[{"@type":"ListItem","position":1,"name":"Portada","item":"https:\/\/potenciaradiofonicadominicana.com\/portal\/"},{"@type":"ListItem","position":2,"name":"BID realizar\u00e1 su reuni\u00f3n anual en formato virtual por pandemia"}]},{"@type":"WebSite","@id":"https:\/\/potenciaradiofonicadominicana.com\/portal\/#website","url":"https:\/\/potenciaradiofonicadominicana.com\/portal\/","name":"PotenciaRadiofonicaDominicana.com","description":"Peri\u00f3dico Digital","publisher":{"@id":"https:\/\/potenciaradiofonicadominicana.com\/portal\/#organization"},"potentialAction":[{"@type":"SearchAction","target":{"@type":"EntryPoint","urlTemplate":"https:\/\/potenciaradiofonicadominicana.com\/portal\/?s={search_term_string}"},"query-input":{"@type":"PropertyValueSpecification","valueRequired":true,"valueName":"search_term_string"}}],"inLanguage":"es"},{"@type":"Organization","@id":"https:\/\/potenciaradiofonicadominicana.com\/portal\/#organization","name":"PotenciaRadiofonicaDominicana.com","url":"https:\/\/potenciaradiofonicadominicana.com\/portal\/","logo":{"@type":"ImageObject","inLanguage":"es","@id":"https:\/\/potenciaradiofonicadominicana.com\/portal\/#\/schema\/logo\/image\/","url":"https:\/\/potenciaradiofonicadominicana.com\/portal\/wp-content\/uploads\/2022\/01\/descarga.png","contentUrl":"https:\/\/potenciaradiofonicadominicana.com\/portal\/wp-content\/uploads\/2022\/01\/descarga.png","width":300,"height":100,"caption":"PotenciaRadiofonicaDominicana.com"},"image":{"@id":"https:\/\/potenciaradiofonicadominicana.com\/portal\/#\/schema\/logo\/image\/"},"sameAs":["https:\/\/web.facebook.com\/PotenciaRadiofonicaD"]},{"@type":"Person","@id":"https:\/\/potenciaradiofonicadominicana.com\/portal\/#\/schema\/person\/a5cf1fea13877803ee0573ac18b03490","name":"Potencia Radiof\u00f3nica Dominicana","image":{"@type":"ImageObject","inLanguage":"es","@id":"https:\/\/potenciaradiofonicadominicana.com\/portal\/#\/schema\/person\/image\/","url":"https:\/\/secure.gravatar.com\/avatar\/42a55ab9e8ccc656ba34cd791990602a?s=96&d=mm&r=g","contentUrl":"https:\/\/secure.gravatar.com\/avatar\/42a55ab9e8ccc656ba34cd791990602a?s=96&d=mm&r=g","caption":"Potencia Radiof\u00f3nica Dominicana"},"url":"https:\/\/potenciaradiofonicadominicana.com\/portal\/author\/johannyalmanzar\/"}]}},"_links":{"self":[{"href":"https:\/\/potenciaradiofonicadominicana.com\/portal\/wp-json\/wp\/v2\/posts\/114234","targetHints":{"allow":["GET"]}}],"collection":[{"href":"https:\/\/potenciaradiofonicadominicana.com\/portal\/wp-json\/wp\/v2\/posts"}],"about":[{"href":"https:\/\/potenciaradiofonicadominicana.com\/portal\/wp-json\/wp\/v2\/types\/post"}],"author":[{"embeddable":true,"href":"https:\/\/potenciaradiofonicadominicana.com\/portal\/wp-json\/wp\/v2\/users\/2"}],"replies":[{"embeddable":true,"href":"https:\/\/potenciaradiofonicadominicana.com\/portal\/wp-json\/wp\/v2\/comments?post=114234"}],"version-history":[{"count":1,"href":"https:\/\/potenciaradiofonicadominicana.com\/portal\/wp-json\/wp\/v2\/posts\/114234\/revisions"}],"predecessor-version":[{"id":114237,"href":"https:\/\/potenciaradiofonicadominicana.com\/portal\/wp-json\/wp\/v2\/posts\/114234\/revisions\/114237"}],"wp:featuredmedia":[{"embeddable":true,"href":"https:\/\/potenciaradiofonicadominicana.com\/portal\/wp-json\/wp\/v2\/media\/114235"}],"wp:attachment":[{"href":"https:\/\/potenciaradiofonicadominicana.com\/portal\/wp-json\/wp\/v2\/media?parent=114234"}],"wp:term":[{"taxonomy":"category","embeddable":true,"href":"https:\/\/potenciaradiofonicadominicana.com\/portal\/wp-json\/wp\/v2\/categories?post=114234"},{"taxonomy":"post_tag","embeddable":true,"href":"https:\/\/potenciaradiofonicadominicana.com\/portal\/wp-json\/wp\/v2\/tags?post=114234"}],"curies":[{"name":"wp","href":"https:\/\/api.w.org\/{rel}","templated":true}]}}