{"id":114229,"date":"2022-01-27T09:48:42","date_gmt":"2022-01-27T13:48:42","guid":{"rendered":"https:\/\/potenciaradiofonicadominicana.com\/portal\/?p=114229"},"modified":"2022-01-27T09:48:42","modified_gmt":"2022-01-27T13:48:42","slug":"edesur-entrega-nuevo-transformador-que-estabilizara-voltaje-en-villa-altagracia","status":"publish","type":"post","link":"https:\/\/potenciaradiofonicadominicana.com\/portal\/edesur-entrega-nuevo-transformador-que-estabilizara-voltaje-en-villa-altagracia\/","title":{"rendered":"Edesur entrega nuevo transformador que estabilizar\u00e1 voltaje en Villa Altagracia"},"content":{"rendered":"<p><a href=\"https:\/\/potenciaradiofonicadominicana.com\/portal\/wp-content\/uploads\/2022\/01\/whatsapp-image-2022-01-26-at-101036-pm-bcb1ad27-focus-0-0-546-350.jpg\"><img loading=\"lazy\" decoding=\"async\" class=\"alignnone size-full wp-image-114231\" src=\"https:\/\/potenciaradiofonicadominicana.com\/portal\/wp-content\/uploads\/2022\/01\/whatsapp-image-2022-01-26-at-101036-pm-bcb1ad27-focus-0-0-546-350.jpg\" alt=\"\" width=\"546\" height=\"350\" srcset=\"https:\/\/potenciaradiofonicadominicana.com\/portal\/wp-content\/uploads\/2022\/01\/whatsapp-image-2022-01-26-at-101036-pm-bcb1ad27-focus-0-0-546-350.jpg 546w, https:\/\/potenciaradiofonicadominicana.com\/portal\/wp-content\/uploads\/2022\/01\/whatsapp-image-2022-01-26-at-101036-pm-bcb1ad27-focus-0-0-546-350-300x192.jpg 300w\" sizes=\"auto, (max-width: 546px) 100vw, 546px\" \/><\/a><\/p>\n<p>La empresa distribuidora de\u00a0electricidad\u00a0Edesur Dominicana\u00a0puso en funcionamiento un nuevo\u00a0transformador\u00a0de alta potencia en la\u00a0Subestaci\u00f3n\u00a0Villa Altagracia, que estabilizar\u00e1 y elevar\u00e1 el voltaje en este importante municipio perteneciente a San Crist\u00f3bal.<\/p>\n<p>Al entregar la obra a la comunidad, el director general de Edesur,\u00a0Milton Morrison, dijo que la puesta en funcionamiento de este\u00a0transformador\u00a0potencializa los trabajos de rehabilitaci\u00f3n de redes que se ejecutan en\u00a0Villa Altagracia.<\/p>\n<p>Explic\u00f3 que la obra beneficiar\u00e1 a casi 22,000 familias y resolver\u00e1 un problema hist\u00f3rico de bajo voltaje de m\u00e1s de 23 a\u00f1os. Asegur\u00f3 que ahora la comunidad de\u00a0Villa Altagracia\u00a0contar\u00e1 con m\u00e1s horas de\u00a0electricidad, porque antes se deb\u00eda interrumpir el servicio por la\u00a0inestabilidad del voltaje.<\/p>\n<p>Dijo que los lugare\u00f1os podr\u00e1n usar sus electrodom\u00e9sticos de manera \u00f3ptima y dispondr\u00e1n de un servicio de calidad, sin la utilizaci\u00f3n de equipos el\u00e9ctricos adicionales reductores o elevadores que ponen en riesgo la vida de las personas y sus propiedades.<\/p>\n<p>\u00abUsted ve\u00eda una casa en\u00a0Villa Altagracia\u00a0por fuera y lo que visualizaba era un bombillito alumbrando casi como una vela. Eso es parte de la historia, porque precisamente en\u00a0Edesur Dominicana\u00a0estamos siguiendo los lineamientos que nuestro presidente Luis Abinader est\u00e1 imprimiendo en toda la administraci\u00f3n p\u00fablica. El presidente quiere gestiones eficientes y transparentes\u201d, dijo Morrison.<\/p>\n<div id=\"detalle-parrafo\"><\/div>\n<p>El nuevo\u00a0transformador\u00a0mejorar\u00e1 el servicio de\u00a0electricidad\u00a0en los circuitos VALT401 y VALT402 por el aumento de potencia, la regulaci\u00f3n del voltaje y correcci\u00f3n de fallas de sobrecarga, as\u00ed como por la colocaci\u00f3n de nuevas redes el\u00e9ctricas, explic\u00f3 el director de Distribuci\u00f3n de Energ\u00eda de\u00a0Edesur Dominicana, ingeniero Walther Parra.<\/p>\n<p>Este proyecto corresponde a la primera etapa ejecutada del proyecto de rehabilitaci\u00f3n de redes que desarrolla\u00a0Edesur Dominicana\u00a0en\u00a0Villa Altagracia, con una inversi\u00f3n superior a los 15 millones de d\u00f3lares, recursos financiados a trav\u00e9s de un pr\u00e9stamo.<\/p>\n<p>Villa Altagracia\u00a0ten\u00eda m\u00e1s de 10 a\u00f1os con un voltaje en tensi\u00f3n en baja de 75V. Con el nuevo\u00a0transformador, ahora los clientes de Edesur recibir\u00e1n desde ya 120 V y 240 V, lo que impactar\u00e1 de manera positiva en las viviendas y comercios, y se traducir\u00e1 en mejora de calidad de vida para los lugare\u00f1os, detalla una nota institucional.<\/p>\n<p>Los trabajos en\u00a0Villa Altagracia\u00a0impactar\u00e1n el Centro Ciudad (de manera parcial), la carretera Duarte Vieja, y las comunidades de Catarey, 10 Casitas, Duarte, Batey 43, El Silencio, Los Chaleses, La Plata, Invi, Colinas, Colinas 2, Pajarito, 80 Casitas y Villa Nueva.<\/p>\n<p>Acerca del nuevo\u00a0transformador<\/p>\n<p>El nuevo\u00a0transformador\u00a0se encuentra ubicado en la Subestaci\u00f3n de\u00a0Villa Altagracia\u00a0en la Calle Independencia No. 3B, Los Chalese, y fue dise\u00f1ado para lograr una vida \u00fatil de 20-35 a\u00f1os a temperaturas de funcionamiento comprendidas entre 65 \u00baC y 95 \u00baC trabajando a valores nominales.<\/p>\n<p>Importante proyecto que desarrolla Edesur<\/p>\n<p>La empresa\u00a0Edesur Dominicana\u00a0desarrolla un proyecto de rehabilitaci\u00f3n de redes en\u00a0Villa Altagracia\u00a0con una inversi\u00f3n superior a los 15 millones de d\u00f3lares, recursos financiados a trav\u00e9s de un pr\u00e9stamo con el Fondo de Inversi\u00f3n para el Desarrollo Internacional (OFID).<\/p>\n<p>El administrador general de Edesur,\u00a0Milton Morrison, inform\u00f3 que la finalidad del proyecto es mejorar el servicio el\u00e9ctrico y normalizar el voltaje en \u00e9sta y otras zonas de\u00a0Villa Altagracia.<\/p>\n<p>La obra abarca casi la rehabilitaci\u00f3n de 115 kil\u00f3metros de redes de media tensi\u00f3n, la instalaci\u00f3n de 4,110 postes, unas 2,800 luminarias y 791 transformadores, as\u00ed como la normalizaci\u00f3n de casi 22,000 suministros los cuales contar\u00e1n con la tecnolog\u00eda prepago y\/o postpago.<\/p>\n","protected":false},"excerpt":{"rendered":"<p>La empresa distribuidora de\u00a0electricidad\u00a0Edesur Dominicana\u00a0puso en funcionamiento un nuevo\u00a0transformador\u00a0de alta potencia en la\u00a0Subestaci\u00f3n\u00a0Villa Altagracia, que estabilizar\u00e1 y elevar\u00e1 el voltaje &#8230;<\/p>\n","protected":false},"author":2,"featured_media":114231,"comment_status":"open","ping_status":"open","sticky":false,"template":"","format":"standard","meta":{"footnotes":""},"categories":[26],"tags":[],"class_list":["post-114229","post","type-post","status-publish","format-standard","has-post-thumbnail","hentry","category-economia"],"yoast_head":"<!-- This site is optimized with the Yoast SEO plugin v24.8.1 - https:\/\/yoast.com\/wordpress\/plugins\/seo\/ -->\n<title>Edesur entrega nuevo transformador que estabilizar\u00e1 voltaje en Villa Altagracia - PotenciaRadiofonicaDominicana.com<\/title>\n<meta name=\"robots\" content=\"index, follow, max-snippet:-1, max-image-preview:large, max-video-preview:-1\" \/>\n<link rel=\"canonical\" href=\"https:\/\/potenciaradiofonicadominicana.com\/portal\/edesur-entrega-nuevo-transformador-que-estabilizara-voltaje-en-villa-altagracia\/\" \/>\n<meta property=\"og:locale\" content=\"es_ES\" \/>\n<meta property=\"og:type\" content=\"article\" \/>\n<meta property=\"og:title\" content=\"Edesur entrega nuevo transformador que estabilizar\u00e1 voltaje en Villa Altagracia - PotenciaRadiofonicaDominicana.com\" \/>\n<meta property=\"og:description\" content=\"La empresa distribuidora de\u00a0electricidad\u00a0Edesur Dominicana\u00a0puso en funcionamiento un nuevo\u00a0transformador\u00a0de alta potencia en la\u00a0Subestaci\u00f3n\u00a0Villa Altagracia, que estabilizar\u00e1 y elevar\u00e1 el voltaje ...\" \/>\n<meta property=\"og:url\" content=\"https:\/\/potenciaradiofonicadominicana.com\/portal\/edesur-entrega-nuevo-transformador-que-estabilizara-voltaje-en-villa-altagracia\/\" \/>\n<meta property=\"og:site_name\" content=\"PotenciaRadiofonicaDominicana.com\" \/>\n<meta property=\"article:publisher\" content=\"https:\/\/web.facebook.com\/PotenciaRadiofonicaD\" \/>\n<meta property=\"article:published_time\" content=\"2022-01-27T13:48:42+00:00\" \/>\n<meta property=\"og:image\" content=\"https:\/\/potenciaradiofonicadominicana.com\/portal\/wp-content\/uploads\/2022\/01\/whatsapp-image-2022-01-26-at-101036-pm-bcb1ad27-focus-0-0-546-350.jpg\" \/>\n\t<meta property=\"og:image:width\" content=\"546\" \/>\n\t<meta property=\"og:image:height\" content=\"350\" \/>\n\t<meta property=\"og:image:type\" content=\"image\/jpeg\" \/>\n<meta name=\"author\" content=\"Potencia Radiof\u00f3nica Dominicana\" \/>\n<meta name=\"twitter:card\" content=\"summary_large_image\" \/>\n<meta name=\"twitter:label1\" content=\"Escrito por\" \/>\n\t<meta name=\"twitter:data1\" content=\"Potencia Radiof\u00f3nica Dominicana\" \/>\n\t<meta name=\"twitter:label2\" content=\"Tiempo de lectura\" \/>\n\t<meta name=\"twitter:data2\" content=\"3 minutos\" \/>\n<script type=\"application\/ld+json\" class=\"yoast-schema-graph\">{\"@context\":\"https:\/\/schema.org\",\"@graph\":[{\"@type\":\"Article\",\"@id\":\"https:\/\/potenciaradiofonicadominicana.com\/portal\/edesur-entrega-nuevo-transformador-que-estabilizara-voltaje-en-villa-altagracia\/#article\",\"isPartOf\":{\"@id\":\"https:\/\/potenciaradiofonicadominicana.com\/portal\/edesur-entrega-nuevo-transformador-que-estabilizara-voltaje-en-villa-altagracia\/\"},\"author\":{\"name\":\"Potencia Radiof\u00f3nica Dominicana\",\"@id\":\"https:\/\/potenciaradiofonicadominicana.com\/portal\/#\/schema\/person\/a5cf1fea13877803ee0573ac18b03490\"},\"headline\":\"Edesur entrega nuevo transformador que estabilizar\u00e1 voltaje en Villa Altagracia\",\"datePublished\":\"2022-01-27T13:48:42+00:00\",\"mainEntityOfPage\":{\"@id\":\"https:\/\/potenciaradiofonicadominicana.com\/portal\/edesur-entrega-nuevo-transformador-que-estabilizara-voltaje-en-villa-altagracia\/\"},\"wordCount\":620,\"commentCount\":0,\"publisher\":{\"@id\":\"https:\/\/potenciaradiofonicadominicana.com\/portal\/#organization\"},\"image\":{\"@id\":\"https:\/\/potenciaradiofonicadominicana.com\/portal\/edesur-entrega-nuevo-transformador-que-estabilizara-voltaje-en-villa-altagracia\/#primaryimage\"},\"thumbnailUrl\":\"https:\/\/potenciaradiofonicadominicana.com\/portal\/wp-content\/uploads\/2022\/01\/whatsapp-image-2022-01-26-at-101036-pm-bcb1ad27-focus-0-0-546-350.jpg\",\"articleSection\":[\"Econom\u00eda\"],\"inLanguage\":\"es\",\"potentialAction\":[{\"@type\":\"CommentAction\",\"name\":\"Comment\",\"target\":[\"https:\/\/potenciaradiofonicadominicana.com\/portal\/edesur-entrega-nuevo-transformador-que-estabilizara-voltaje-en-villa-altagracia\/#respond\"]}]},{\"@type\":\"WebPage\",\"@id\":\"https:\/\/potenciaradiofonicadominicana.com\/portal\/edesur-entrega-nuevo-transformador-que-estabilizara-voltaje-en-villa-altagracia\/\",\"url\":\"https:\/\/potenciaradiofonicadominicana.com\/portal\/edesur-entrega-nuevo-transformador-que-estabilizara-voltaje-en-villa-altagracia\/\",\"name\":\"Edesur entrega nuevo transformador que estabilizar\u00e1 voltaje en Villa Altagracia - PotenciaRadiofonicaDominicana.com\",\"isPartOf\":{\"@id\":\"https:\/\/potenciaradiofonicadominicana.com\/portal\/#website\"},\"primaryImageOfPage\":{\"@id\":\"https:\/\/potenciaradiofonicadominicana.com\/portal\/edesur-entrega-nuevo-transformador-que-estabilizara-voltaje-en-villa-altagracia\/#primaryimage\"},\"image\":{\"@id\":\"https:\/\/potenciaradiofonicadominicana.com\/portal\/edesur-entrega-nuevo-transformador-que-estabilizara-voltaje-en-villa-altagracia\/#primaryimage\"},\"thumbnailUrl\":\"https:\/\/potenciaradiofonicadominicana.com\/portal\/wp-content\/uploads\/2022\/01\/whatsapp-image-2022-01-26-at-101036-pm-bcb1ad27-focus-0-0-546-350.jpg\",\"datePublished\":\"2022-01-27T13:48:42+00:00\",\"breadcrumb\":{\"@id\":\"https:\/\/potenciaradiofonicadominicana.com\/portal\/edesur-entrega-nuevo-transformador-que-estabilizara-voltaje-en-villa-altagracia\/#breadcrumb\"},\"inLanguage\":\"es\",\"potentialAction\":[{\"@type\":\"ReadAction\",\"target\":[\"https:\/\/potenciaradiofonicadominicana.com\/portal\/edesur-entrega-nuevo-transformador-que-estabilizara-voltaje-en-villa-altagracia\/\"]}]},{\"@type\":\"ImageObject\",\"inLanguage\":\"es\",\"@id\":\"https:\/\/potenciaradiofonicadominicana.com\/portal\/edesur-entrega-nuevo-transformador-que-estabilizara-voltaje-en-villa-altagracia\/#primaryimage\",\"url\":\"https:\/\/potenciaradiofonicadominicana.com\/portal\/wp-content\/uploads\/2022\/01\/whatsapp-image-2022-01-26-at-101036-pm-bcb1ad27-focus-0-0-546-350.jpg\",\"contentUrl\":\"https:\/\/potenciaradiofonicadominicana.com\/portal\/wp-content\/uploads\/2022\/01\/whatsapp-image-2022-01-26-at-101036-pm-bcb1ad27-focus-0-0-546-350.jpg\",\"width\":546,\"height\":350},{\"@type\":\"BreadcrumbList\",\"@id\":\"https:\/\/potenciaradiofonicadominicana.com\/portal\/edesur-entrega-nuevo-transformador-que-estabilizara-voltaje-en-villa-altagracia\/#breadcrumb\",\"itemListElement\":[{\"@type\":\"ListItem\",\"position\":1,\"name\":\"Portada\",\"item\":\"https:\/\/potenciaradiofonicadominicana.com\/portal\/\"},{\"@type\":\"ListItem\",\"position\":2,\"name\":\"Edesur entrega nuevo transformador que estabilizar\u00e1 voltaje en Villa Altagracia\"}]},{\"@type\":\"WebSite\",\"@id\":\"https:\/\/potenciaradiofonicadominicana.com\/portal\/#website\",\"url\":\"https:\/\/potenciaradiofonicadominicana.com\/portal\/\",\"name\":\"PotenciaRadiofonicaDominicana.com\",\"description\":\"Peri\u00f3dico Digital\",\"publisher\":{\"@id\":\"https:\/\/potenciaradiofonicadominicana.com\/portal\/#organization\"},\"potentialAction\":[{\"@type\":\"SearchAction\",\"target\":{\"@type\":\"EntryPoint\",\"urlTemplate\":\"https:\/\/potenciaradiofonicadominicana.com\/portal\/?s={search_term_string}\"},\"query-input\":{\"@type\":\"PropertyValueSpecification\",\"valueRequired\":true,\"valueName\":\"search_term_string\"}}],\"inLanguage\":\"es\"},{\"@type\":\"Organization\",\"@id\":\"https:\/\/potenciaradiofonicadominicana.com\/portal\/#organization\",\"name\":\"PotenciaRadiofonicaDominicana.com\",\"url\":\"https:\/\/potenciaradiofonicadominicana.com\/portal\/\",\"logo\":{\"@type\":\"ImageObject\",\"inLanguage\":\"es\",\"@id\":\"https:\/\/potenciaradiofonicadominicana.com\/portal\/#\/schema\/logo\/image\/\",\"url\":\"https:\/\/potenciaradiofonicadominicana.com\/portal\/wp-content\/uploads\/2022\/01\/descarga.png\",\"contentUrl\":\"https:\/\/potenciaradiofonicadominicana.com\/portal\/wp-content\/uploads\/2022\/01\/descarga.png\",\"width\":300,\"height\":100,\"caption\":\"PotenciaRadiofonicaDominicana.com\"},\"image\":{\"@id\":\"https:\/\/potenciaradiofonicadominicana.com\/portal\/#\/schema\/logo\/image\/\"},\"sameAs\":[\"https:\/\/web.facebook.com\/PotenciaRadiofonicaD\"]},{\"@type\":\"Person\",\"@id\":\"https:\/\/potenciaradiofonicadominicana.com\/portal\/#\/schema\/person\/a5cf1fea13877803ee0573ac18b03490\",\"name\":\"Potencia Radiof\u00f3nica Dominicana\",\"image\":{\"@type\":\"ImageObject\",\"inLanguage\":\"es\",\"@id\":\"https:\/\/potenciaradiofonicadominicana.com\/portal\/#\/schema\/person\/image\/\",\"url\":\"https:\/\/secure.gravatar.com\/avatar\/42a55ab9e8ccc656ba34cd791990602a?s=96&d=mm&r=g\",\"contentUrl\":\"https:\/\/secure.gravatar.com\/avatar\/42a55ab9e8ccc656ba34cd791990602a?s=96&d=mm&r=g\",\"caption\":\"Potencia Radiof\u00f3nica Dominicana\"},\"url\":\"https:\/\/potenciaradiofonicadominicana.com\/portal\/author\/johannyalmanzar\/\"}]}<\/script>\n<!-- \/ Yoast SEO plugin. -->","yoast_head_json":{"title":"Edesur entrega nuevo transformador que estabilizar\u00e1 voltaje en Villa Altagracia - PotenciaRadiofonicaDominicana.com","robots":{"index":"index","follow":"follow","max-snippet":"max-snippet:-1","max-image-preview":"max-image-preview:large","max-video-preview":"max-video-preview:-1"},"canonical":"https:\/\/potenciaradiofonicadominicana.com\/portal\/edesur-entrega-nuevo-transformador-que-estabilizara-voltaje-en-villa-altagracia\/","og_locale":"es_ES","og_type":"article","og_title":"Edesur entrega nuevo transformador que estabilizar\u00e1 voltaje en Villa Altagracia - PotenciaRadiofonicaDominicana.com","og_description":"La empresa distribuidora de\u00a0electricidad\u00a0Edesur Dominicana\u00a0puso en funcionamiento un nuevo\u00a0transformador\u00a0de alta potencia en la\u00a0Subestaci\u00f3n\u00a0Villa Altagracia, que estabilizar\u00e1 y elevar\u00e1 el voltaje ...","og_url":"https:\/\/potenciaradiofonicadominicana.com\/portal\/edesur-entrega-nuevo-transformador-que-estabilizara-voltaje-en-villa-altagracia\/","og_site_name":"PotenciaRadiofonicaDominicana.com","article_publisher":"https:\/\/web.facebook.com\/PotenciaRadiofonicaD","article_published_time":"2022-01-27T13:48:42+00:00","og_image":[{"width":546,"height":350,"url":"https:\/\/potenciaradiofonicadominicana.com\/portal\/wp-content\/uploads\/2022\/01\/whatsapp-image-2022-01-26-at-101036-pm-bcb1ad27-focus-0-0-546-350.jpg","type":"image\/jpeg"}],"author":"Potencia Radiof\u00f3nica Dominicana","twitter_card":"summary_large_image","twitter_misc":{"Escrito por":"Potencia Radiof\u00f3nica Dominicana","Tiempo de lectura":"3 minutos"},"schema":{"@context":"https:\/\/schema.org","@graph":[{"@type":"Article","@id":"https:\/\/potenciaradiofonicadominicana.com\/portal\/edesur-entrega-nuevo-transformador-que-estabilizara-voltaje-en-villa-altagracia\/#article","isPartOf":{"@id":"https:\/\/potenciaradiofonicadominicana.com\/portal\/edesur-entrega-nuevo-transformador-que-estabilizara-voltaje-en-villa-altagracia\/"},"author":{"name":"Potencia Radiof\u00f3nica Dominicana","@id":"https:\/\/potenciaradiofonicadominicana.com\/portal\/#\/schema\/person\/a5cf1fea13877803ee0573ac18b03490"},"headline":"Edesur entrega nuevo transformador que estabilizar\u00e1 voltaje en Villa Altagracia","datePublished":"2022-01-27T13:48:42+00:00","mainEntityOfPage":{"@id":"https:\/\/potenciaradiofonicadominicana.com\/portal\/edesur-entrega-nuevo-transformador-que-estabilizara-voltaje-en-villa-altagracia\/"},"wordCount":620,"commentCount":0,"publisher":{"@id":"https:\/\/potenciaradiofonicadominicana.com\/portal\/#organization"},"image":{"@id":"https:\/\/potenciaradiofonicadominicana.com\/portal\/edesur-entrega-nuevo-transformador-que-estabilizara-voltaje-en-villa-altagracia\/#primaryimage"},"thumbnailUrl":"https:\/\/potenciaradiofonicadominicana.com\/portal\/wp-content\/uploads\/2022\/01\/whatsapp-image-2022-01-26-at-101036-pm-bcb1ad27-focus-0-0-546-350.jpg","articleSection":["Econom\u00eda"],"inLanguage":"es","potentialAction":[{"@type":"CommentAction","name":"Comment","target":["https:\/\/potenciaradiofonicadominicana.com\/portal\/edesur-entrega-nuevo-transformador-que-estabilizara-voltaje-en-villa-altagracia\/#respond"]}]},{"@type":"WebPage","@id":"https:\/\/potenciaradiofonicadominicana.com\/portal\/edesur-entrega-nuevo-transformador-que-estabilizara-voltaje-en-villa-altagracia\/","url":"https:\/\/potenciaradiofonicadominicana.com\/portal\/edesur-entrega-nuevo-transformador-que-estabilizara-voltaje-en-villa-altagracia\/","name":"Edesur entrega nuevo transformador que estabilizar\u00e1 voltaje en Villa Altagracia - PotenciaRadiofonicaDominicana.com","isPartOf":{"@id":"https:\/\/potenciaradiofonicadominicana.com\/portal\/#website"},"primaryImageOfPage":{"@id":"https:\/\/potenciaradiofonicadominicana.com\/portal\/edesur-entrega-nuevo-transformador-que-estabilizara-voltaje-en-villa-altagracia\/#primaryimage"},"image":{"@id":"https:\/\/potenciaradiofonicadominicana.com\/portal\/edesur-entrega-nuevo-transformador-que-estabilizara-voltaje-en-villa-altagracia\/#primaryimage"},"thumbnailUrl":"https:\/\/potenciaradiofonicadominicana.com\/portal\/wp-content\/uploads\/2022\/01\/whatsapp-image-2022-01-26-at-101036-pm-bcb1ad27-focus-0-0-546-350.jpg","datePublished":"2022-01-27T13:48:42+00:00","breadcrumb":{"@id":"https:\/\/potenciaradiofonicadominicana.com\/portal\/edesur-entrega-nuevo-transformador-que-estabilizara-voltaje-en-villa-altagracia\/#breadcrumb"},"inLanguage":"es","potentialAction":[{"@type":"ReadAction","target":["https:\/\/potenciaradiofonicadominicana.com\/portal\/edesur-entrega-nuevo-transformador-que-estabilizara-voltaje-en-villa-altagracia\/"]}]},{"@type":"ImageObject","inLanguage":"es","@id":"https:\/\/potenciaradiofonicadominicana.com\/portal\/edesur-entrega-nuevo-transformador-que-estabilizara-voltaje-en-villa-altagracia\/#primaryimage","url":"https:\/\/potenciaradiofonicadominicana.com\/portal\/wp-content\/uploads\/2022\/01\/whatsapp-image-2022-01-26-at-101036-pm-bcb1ad27-focus-0-0-546-350.jpg","contentUrl":"https:\/\/potenciaradiofonicadominicana.com\/portal\/wp-content\/uploads\/2022\/01\/whatsapp-image-2022-01-26-at-101036-pm-bcb1ad27-focus-0-0-546-350.jpg","width":546,"height":350},{"@type":"BreadcrumbList","@id":"https:\/\/potenciaradiofonicadominicana.com\/portal\/edesur-entrega-nuevo-transformador-que-estabilizara-voltaje-en-villa-altagracia\/#breadcrumb","itemListElement":[{"@type":"ListItem","position":1,"name":"Portada","item":"https:\/\/potenciaradiofonicadominicana.com\/portal\/"},{"@type":"ListItem","position":2,"name":"Edesur entrega nuevo transformador que estabilizar\u00e1 voltaje en Villa Altagracia"}]},{"@type":"WebSite","@id":"https:\/\/potenciaradiofonicadominicana.com\/portal\/#website","url":"https:\/\/potenciaradiofonicadominicana.com\/portal\/","name":"PotenciaRadiofonicaDominicana.com","description":"Peri\u00f3dico Digital","publisher":{"@id":"https:\/\/potenciaradiofonicadominicana.com\/portal\/#organization"},"potentialAction":[{"@type":"SearchAction","target":{"@type":"EntryPoint","urlTemplate":"https:\/\/potenciaradiofonicadominicana.com\/portal\/?s={search_term_string}"},"query-input":{"@type":"PropertyValueSpecification","valueRequired":true,"valueName":"search_term_string"}}],"inLanguage":"es"},{"@type":"Organization","@id":"https:\/\/potenciaradiofonicadominicana.com\/portal\/#organization","name":"PotenciaRadiofonicaDominicana.com","url":"https:\/\/potenciaradiofonicadominicana.com\/portal\/","logo":{"@type":"ImageObject","inLanguage":"es","@id":"https:\/\/potenciaradiofonicadominicana.com\/portal\/#\/schema\/logo\/image\/","url":"https:\/\/potenciaradiofonicadominicana.com\/portal\/wp-content\/uploads\/2022\/01\/descarga.png","contentUrl":"https:\/\/potenciaradiofonicadominicana.com\/portal\/wp-content\/uploads\/2022\/01\/descarga.png","width":300,"height":100,"caption":"PotenciaRadiofonicaDominicana.com"},"image":{"@id":"https:\/\/potenciaradiofonicadominicana.com\/portal\/#\/schema\/logo\/image\/"},"sameAs":["https:\/\/web.facebook.com\/PotenciaRadiofonicaD"]},{"@type":"Person","@id":"https:\/\/potenciaradiofonicadominicana.com\/portal\/#\/schema\/person\/a5cf1fea13877803ee0573ac18b03490","name":"Potencia Radiof\u00f3nica Dominicana","image":{"@type":"ImageObject","inLanguage":"es","@id":"https:\/\/potenciaradiofonicadominicana.com\/portal\/#\/schema\/person\/image\/","url":"https:\/\/secure.gravatar.com\/avatar\/42a55ab9e8ccc656ba34cd791990602a?s=96&d=mm&r=g","contentUrl":"https:\/\/secure.gravatar.com\/avatar\/42a55ab9e8ccc656ba34cd791990602a?s=96&d=mm&r=g","caption":"Potencia Radiof\u00f3nica Dominicana"},"url":"https:\/\/potenciaradiofonicadominicana.com\/portal\/author\/johannyalmanzar\/"}]}},"_links":{"self":[{"href":"https:\/\/potenciaradiofonicadominicana.com\/portal\/wp-json\/wp\/v2\/posts\/114229","targetHints":{"allow":["GET"]}}],"collection":[{"href":"https:\/\/potenciaradiofonicadominicana.com\/portal\/wp-json\/wp\/v2\/posts"}],"about":[{"href":"https:\/\/potenciaradiofonicadominicana.com\/portal\/wp-json\/wp\/v2\/types\/post"}],"author":[{"embeddable":true,"href":"https:\/\/potenciaradiofonicadominicana.com\/portal\/wp-json\/wp\/v2\/users\/2"}],"replies":[{"embeddable":true,"href":"https:\/\/potenciaradiofonicadominicana.com\/portal\/wp-json\/wp\/v2\/comments?post=114229"}],"version-history":[{"count":1,"href":"https:\/\/potenciaradiofonicadominicana.com\/portal\/wp-json\/wp\/v2\/posts\/114229\/revisions"}],"predecessor-version":[{"id":114233,"href":"https:\/\/potenciaradiofonicadominicana.com\/portal\/wp-json\/wp\/v2\/posts\/114229\/revisions\/114233"}],"wp:featuredmedia":[{"embeddable":true,"href":"https:\/\/potenciaradiofonicadominicana.com\/portal\/wp-json\/wp\/v2\/media\/114231"}],"wp:attachment":[{"href":"https:\/\/potenciaradiofonicadominicana.com\/portal\/wp-json\/wp\/v2\/media?parent=114229"}],"wp:term":[{"taxonomy":"category","embeddable":true,"href":"https:\/\/potenciaradiofonicadominicana.com\/portal\/wp-json\/wp\/v2\/categories?post=114229"},{"taxonomy":"post_tag","embeddable":true,"href":"https:\/\/potenciaradiofonicadominicana.com\/portal\/wp-json\/wp\/v2\/tags?post=114229"}],"curies":[{"name":"wp","href":"https:\/\/api.w.org\/{rel}","templated":true}]}}