{"id":114226,"date":"2022-01-27T09:46:53","date_gmt":"2022-01-27T13:46:53","guid":{"rendered":"https:\/\/potenciaradiofonicadominicana.com\/portal\/?p=114226"},"modified":"2022-01-27T09:46:53","modified_gmt":"2022-01-27T13:46:53","slug":"feda-da-apertura-a-planta-procesadora-de-sustrato-de-coco-en-nagua","status":"publish","type":"post","link":"https:\/\/potenciaradiofonicadominicana.com\/portal\/feda-da-apertura-a-planta-procesadora-de-sustrato-de-coco-en-nagua\/","title":{"rendered":"Feda da apertura a planta procesadora de sustrato de coco en Nagua"},"content":{"rendered":"<p><a href=\"https:\/\/potenciaradiofonicadominicana.com\/portal\/wp-content\/uploads\/2022\/01\/whatsapp-image-2022-01-26-at-101102-pm-cdc31f5e-focus-0-0-895-573.jpg\"><img loading=\"lazy\" decoding=\"async\" class=\"alignnone size-full wp-image-114227\" src=\"https:\/\/potenciaradiofonicadominicana.com\/portal\/wp-content\/uploads\/2022\/01\/whatsapp-image-2022-01-26-at-101102-pm-cdc31f5e-focus-0-0-895-573.jpg\" alt=\"\" width=\"895\" height=\"573\" srcset=\"https:\/\/potenciaradiofonicadominicana.com\/portal\/wp-content\/uploads\/2022\/01\/whatsapp-image-2022-01-26-at-101102-pm-cdc31f5e-focus-0-0-895-573.jpg 895w, https:\/\/potenciaradiofonicadominicana.com\/portal\/wp-content\/uploads\/2022\/01\/whatsapp-image-2022-01-26-at-101102-pm-cdc31f5e-focus-0-0-895-573-300x192.jpg 300w, https:\/\/potenciaradiofonicadominicana.com\/portal\/wp-content\/uploads\/2022\/01\/whatsapp-image-2022-01-26-at-101102-pm-cdc31f5e-focus-0-0-895-573-768x492.jpg 768w\" sizes=\"auto, (max-width: 895px) 100vw, 895px\" \/><\/a><\/p>\n<p>El director ejecutivo del\u00a0Fondo Especial para el Desarrollo Agropecuario, Hecmilio Galv\u00e1n, dio apertura a la planta procesadora de sustrato de coco en Los Memisos de Nagua.<\/p>\n<p>Se prev\u00e9 que la planta genere m\u00e1s de cien empleos directos y que tenga una inversi\u00f3n en maquinarias de m\u00e1s de 60 millones de pesos para esta comunidad.<\/p>\n<p>El proyecto se inicia con la firma del convenio por parte de Hecmilio Galv\u00e1n, director del Feda; Santo Burgos presidente de La Asociaci\u00f3n de Or\u00e9gano de Los Memisos, y el empresario Daniel Dalet propietario de la finca Lavador.<\/p>\n<p>Plan de Desarrollo de la\u00a0Industria del Coco<\/p>\n<p>El funcionario anunci\u00f3 que se est\u00e1 elaborando un gran proyecto para promover la siembra, el consumo y la industrializaci\u00f3n del coco, lo que implicar\u00eda la siembra de unas 30 mil tareas de coco en todo el pa\u00eds, con financiamiento reembolsable y algunas donaciones para peque\u00f1os productores.<\/p>\n<p>Dijo que este\u00a0Plan Nacional para el Relanzamiento del Sector Coco\u00a0de la Rep\u00fablica Dominicana se propone promover el establecimiento de plantaciones cocotaleras, y renovar las agotadas e improductivas y aprovechar los troncos viejos para la obtenci\u00f3n de madera que se aprovechar\u00e1 econ\u00f3micamente en la fabricaci\u00f3n de muebles, as\u00ed como promover la industrializaci\u00f3n del coco.<\/p>\n<p>Tambi\u00e9n indic\u00f3 que durante el plan se prev\u00e9 realizar diferentes actividades para visibilizar y dar importancia a la producci\u00f3n de coco, especialmente a trav\u00e9s del Festival Nacional del Coco, a celebrarse en la ciudad de Nagua, provincia Mar\u00eda Trinidad S\u00e1nchez, as\u00ed como otras actividades de importancia para el sector.<\/p>\n<p>En el acto de la firma estuvieron presentes como testigos el alcalde de Nagua, Junior Peralta; la gobernadora provincial, Gregoria Correa; Efra\u00edn Toribio, presidente del consejo del Feda; Luis Freddy Guzm\u00e1n y Gabriel del Rosario, subdirector administrativo y consultor jur\u00eddico del Feda.<\/p>\n","protected":false},"excerpt":{"rendered":"<p>El director ejecutivo del\u00a0Fondo Especial para el Desarrollo Agropecuario, Hecmilio Galv\u00e1n, dio apertura a la planta procesadora de sustrato de &#8230;<\/p>\n","protected":false},"author":2,"featured_media":114227,"comment_status":"open","ping_status":"open","sticky":false,"template":"","format":"standard","meta":{"footnotes":""},"categories":[26],"tags":[],"class_list":["post-114226","post","type-post","status-publish","format-standard","has-post-thumbnail","hentry","category-economia"],"yoast_head":"<!-- This site is optimized with the Yoast SEO plugin v24.8.1 - https:\/\/yoast.com\/wordpress\/plugins\/seo\/ -->\n<title>Feda da apertura a planta procesadora de sustrato de coco en Nagua - PotenciaRadiofonicaDominicana.com<\/title>\n<meta name=\"robots\" content=\"index, follow, max-snippet:-1, max-image-preview:large, max-video-preview:-1\" \/>\n<link rel=\"canonical\" href=\"https:\/\/potenciaradiofonicadominicana.com\/portal\/feda-da-apertura-a-planta-procesadora-de-sustrato-de-coco-en-nagua\/\" \/>\n<meta property=\"og:locale\" content=\"es_ES\" \/>\n<meta property=\"og:type\" content=\"article\" \/>\n<meta property=\"og:title\" content=\"Feda da apertura a planta procesadora de sustrato de coco en Nagua - PotenciaRadiofonicaDominicana.com\" \/>\n<meta property=\"og:description\" content=\"El director ejecutivo del\u00a0Fondo Especial para el Desarrollo Agropecuario, Hecmilio Galv\u00e1n, dio apertura a la planta procesadora de sustrato de ...\" \/>\n<meta property=\"og:url\" content=\"https:\/\/potenciaradiofonicadominicana.com\/portal\/feda-da-apertura-a-planta-procesadora-de-sustrato-de-coco-en-nagua\/\" \/>\n<meta property=\"og:site_name\" content=\"PotenciaRadiofonicaDominicana.com\" \/>\n<meta property=\"article:publisher\" content=\"https:\/\/web.facebook.com\/PotenciaRadiofonicaD\" \/>\n<meta property=\"article:published_time\" content=\"2022-01-27T13:46:53+00:00\" \/>\n<meta property=\"og:image\" content=\"https:\/\/potenciaradiofonicadominicana.com\/portal\/wp-content\/uploads\/2022\/01\/whatsapp-image-2022-01-26-at-101102-pm-cdc31f5e-focus-0-0-895-573.jpg\" \/>\n\t<meta property=\"og:image:width\" content=\"895\" \/>\n\t<meta property=\"og:image:height\" content=\"573\" \/>\n\t<meta property=\"og:image:type\" content=\"image\/jpeg\" \/>\n<meta name=\"author\" content=\"Potencia Radiof\u00f3nica Dominicana\" \/>\n<meta name=\"twitter:card\" content=\"summary_large_image\" \/>\n<meta name=\"twitter:label1\" content=\"Escrito por\" \/>\n\t<meta name=\"twitter:data1\" content=\"Potencia Radiof\u00f3nica Dominicana\" \/>\n\t<meta name=\"twitter:label2\" content=\"Tiempo de lectura\" \/>\n\t<meta name=\"twitter:data2\" content=\"2 minutos\" \/>\n<script type=\"application\/ld+json\" class=\"yoast-schema-graph\">{\"@context\":\"https:\/\/schema.org\",\"@graph\":[{\"@type\":\"Article\",\"@id\":\"https:\/\/potenciaradiofonicadominicana.com\/portal\/feda-da-apertura-a-planta-procesadora-de-sustrato-de-coco-en-nagua\/#article\",\"isPartOf\":{\"@id\":\"https:\/\/potenciaradiofonicadominicana.com\/portal\/feda-da-apertura-a-planta-procesadora-de-sustrato-de-coco-en-nagua\/\"},\"author\":{\"name\":\"Potencia Radiof\u00f3nica Dominicana\",\"@id\":\"https:\/\/potenciaradiofonicadominicana.com\/portal\/#\/schema\/person\/a5cf1fea13877803ee0573ac18b03490\"},\"headline\":\"Feda da apertura a planta procesadora de sustrato de coco en Nagua\",\"datePublished\":\"2022-01-27T13:46:53+00:00\",\"mainEntityOfPage\":{\"@id\":\"https:\/\/potenciaradiofonicadominicana.com\/portal\/feda-da-apertura-a-planta-procesadora-de-sustrato-de-coco-en-nagua\/\"},\"wordCount\":327,\"commentCount\":0,\"publisher\":{\"@id\":\"https:\/\/potenciaradiofonicadominicana.com\/portal\/#organization\"},\"image\":{\"@id\":\"https:\/\/potenciaradiofonicadominicana.com\/portal\/feda-da-apertura-a-planta-procesadora-de-sustrato-de-coco-en-nagua\/#primaryimage\"},\"thumbnailUrl\":\"https:\/\/potenciaradiofonicadominicana.com\/portal\/wp-content\/uploads\/2022\/01\/whatsapp-image-2022-01-26-at-101102-pm-cdc31f5e-focus-0-0-895-573.jpg\",\"articleSection\":[\"Econom\u00eda\"],\"inLanguage\":\"es\",\"potentialAction\":[{\"@type\":\"CommentAction\",\"name\":\"Comment\",\"target\":[\"https:\/\/potenciaradiofonicadominicana.com\/portal\/feda-da-apertura-a-planta-procesadora-de-sustrato-de-coco-en-nagua\/#respond\"]}]},{\"@type\":\"WebPage\",\"@id\":\"https:\/\/potenciaradiofonicadominicana.com\/portal\/feda-da-apertura-a-planta-procesadora-de-sustrato-de-coco-en-nagua\/\",\"url\":\"https:\/\/potenciaradiofonicadominicana.com\/portal\/feda-da-apertura-a-planta-procesadora-de-sustrato-de-coco-en-nagua\/\",\"name\":\"Feda da apertura a planta procesadora de sustrato de coco en Nagua - PotenciaRadiofonicaDominicana.com\",\"isPartOf\":{\"@id\":\"https:\/\/potenciaradiofonicadominicana.com\/portal\/#website\"},\"primaryImageOfPage\":{\"@id\":\"https:\/\/potenciaradiofonicadominicana.com\/portal\/feda-da-apertura-a-planta-procesadora-de-sustrato-de-coco-en-nagua\/#primaryimage\"},\"image\":{\"@id\":\"https:\/\/potenciaradiofonicadominicana.com\/portal\/feda-da-apertura-a-planta-procesadora-de-sustrato-de-coco-en-nagua\/#primaryimage\"},\"thumbnailUrl\":\"https:\/\/potenciaradiofonicadominicana.com\/portal\/wp-content\/uploads\/2022\/01\/whatsapp-image-2022-01-26-at-101102-pm-cdc31f5e-focus-0-0-895-573.jpg\",\"datePublished\":\"2022-01-27T13:46:53+00:00\",\"breadcrumb\":{\"@id\":\"https:\/\/potenciaradiofonicadominicana.com\/portal\/feda-da-apertura-a-planta-procesadora-de-sustrato-de-coco-en-nagua\/#breadcrumb\"},\"inLanguage\":\"es\",\"potentialAction\":[{\"@type\":\"ReadAction\",\"target\":[\"https:\/\/potenciaradiofonicadominicana.com\/portal\/feda-da-apertura-a-planta-procesadora-de-sustrato-de-coco-en-nagua\/\"]}]},{\"@type\":\"ImageObject\",\"inLanguage\":\"es\",\"@id\":\"https:\/\/potenciaradiofonicadominicana.com\/portal\/feda-da-apertura-a-planta-procesadora-de-sustrato-de-coco-en-nagua\/#primaryimage\",\"url\":\"https:\/\/potenciaradiofonicadominicana.com\/portal\/wp-content\/uploads\/2022\/01\/whatsapp-image-2022-01-26-at-101102-pm-cdc31f5e-focus-0-0-895-573.jpg\",\"contentUrl\":\"https:\/\/potenciaradiofonicadominicana.com\/portal\/wp-content\/uploads\/2022\/01\/whatsapp-image-2022-01-26-at-101102-pm-cdc31f5e-focus-0-0-895-573.jpg\",\"width\":895,\"height\":573},{\"@type\":\"BreadcrumbList\",\"@id\":\"https:\/\/potenciaradiofonicadominicana.com\/portal\/feda-da-apertura-a-planta-procesadora-de-sustrato-de-coco-en-nagua\/#breadcrumb\",\"itemListElement\":[{\"@type\":\"ListItem\",\"position\":1,\"name\":\"Portada\",\"item\":\"https:\/\/potenciaradiofonicadominicana.com\/portal\/\"},{\"@type\":\"ListItem\",\"position\":2,\"name\":\"Feda da apertura a planta procesadora de sustrato de coco en Nagua\"}]},{\"@type\":\"WebSite\",\"@id\":\"https:\/\/potenciaradiofonicadominicana.com\/portal\/#website\",\"url\":\"https:\/\/potenciaradiofonicadominicana.com\/portal\/\",\"name\":\"PotenciaRadiofonicaDominicana.com\",\"description\":\"Peri\u00f3dico Digital\",\"publisher\":{\"@id\":\"https:\/\/potenciaradiofonicadominicana.com\/portal\/#organization\"},\"potentialAction\":[{\"@type\":\"SearchAction\",\"target\":{\"@type\":\"EntryPoint\",\"urlTemplate\":\"https:\/\/potenciaradiofonicadominicana.com\/portal\/?s={search_term_string}\"},\"query-input\":{\"@type\":\"PropertyValueSpecification\",\"valueRequired\":true,\"valueName\":\"search_term_string\"}}],\"inLanguage\":\"es\"},{\"@type\":\"Organization\",\"@id\":\"https:\/\/potenciaradiofonicadominicana.com\/portal\/#organization\",\"name\":\"PotenciaRadiofonicaDominicana.com\",\"url\":\"https:\/\/potenciaradiofonicadominicana.com\/portal\/\",\"logo\":{\"@type\":\"ImageObject\",\"inLanguage\":\"es\",\"@id\":\"https:\/\/potenciaradiofonicadominicana.com\/portal\/#\/schema\/logo\/image\/\",\"url\":\"https:\/\/potenciaradiofonicadominicana.com\/portal\/wp-content\/uploads\/2022\/01\/descarga.png\",\"contentUrl\":\"https:\/\/potenciaradiofonicadominicana.com\/portal\/wp-content\/uploads\/2022\/01\/descarga.png\",\"width\":300,\"height\":100,\"caption\":\"PotenciaRadiofonicaDominicana.com\"},\"image\":{\"@id\":\"https:\/\/potenciaradiofonicadominicana.com\/portal\/#\/schema\/logo\/image\/\"},\"sameAs\":[\"https:\/\/web.facebook.com\/PotenciaRadiofonicaD\"]},{\"@type\":\"Person\",\"@id\":\"https:\/\/potenciaradiofonicadominicana.com\/portal\/#\/schema\/person\/a5cf1fea13877803ee0573ac18b03490\",\"name\":\"Potencia Radiof\u00f3nica Dominicana\",\"image\":{\"@type\":\"ImageObject\",\"inLanguage\":\"es\",\"@id\":\"https:\/\/potenciaradiofonicadominicana.com\/portal\/#\/schema\/person\/image\/\",\"url\":\"https:\/\/secure.gravatar.com\/avatar\/42a55ab9e8ccc656ba34cd791990602a?s=96&d=mm&r=g\",\"contentUrl\":\"https:\/\/secure.gravatar.com\/avatar\/42a55ab9e8ccc656ba34cd791990602a?s=96&d=mm&r=g\",\"caption\":\"Potencia Radiof\u00f3nica Dominicana\"},\"url\":\"https:\/\/potenciaradiofonicadominicana.com\/portal\/author\/johannyalmanzar\/\"}]}<\/script>\n<!-- \/ Yoast SEO plugin. -->","yoast_head_json":{"title":"Feda da apertura a planta procesadora de sustrato de coco en Nagua - PotenciaRadiofonicaDominicana.com","robots":{"index":"index","follow":"follow","max-snippet":"max-snippet:-1","max-image-preview":"max-image-preview:large","max-video-preview":"max-video-preview:-1"},"canonical":"https:\/\/potenciaradiofonicadominicana.com\/portal\/feda-da-apertura-a-planta-procesadora-de-sustrato-de-coco-en-nagua\/","og_locale":"es_ES","og_type":"article","og_title":"Feda da apertura a planta procesadora de sustrato de coco en Nagua - PotenciaRadiofonicaDominicana.com","og_description":"El director ejecutivo del\u00a0Fondo Especial para el Desarrollo Agropecuario, Hecmilio Galv\u00e1n, dio apertura a la planta procesadora de sustrato de ...","og_url":"https:\/\/potenciaradiofonicadominicana.com\/portal\/feda-da-apertura-a-planta-procesadora-de-sustrato-de-coco-en-nagua\/","og_site_name":"PotenciaRadiofonicaDominicana.com","article_publisher":"https:\/\/web.facebook.com\/PotenciaRadiofonicaD","article_published_time":"2022-01-27T13:46:53+00:00","og_image":[{"width":895,"height":573,"url":"https:\/\/potenciaradiofonicadominicana.com\/portal\/wp-content\/uploads\/2022\/01\/whatsapp-image-2022-01-26-at-101102-pm-cdc31f5e-focus-0-0-895-573.jpg","type":"image\/jpeg"}],"author":"Potencia Radiof\u00f3nica Dominicana","twitter_card":"summary_large_image","twitter_misc":{"Escrito por":"Potencia Radiof\u00f3nica Dominicana","Tiempo de lectura":"2 minutos"},"schema":{"@context":"https:\/\/schema.org","@graph":[{"@type":"Article","@id":"https:\/\/potenciaradiofonicadominicana.com\/portal\/feda-da-apertura-a-planta-procesadora-de-sustrato-de-coco-en-nagua\/#article","isPartOf":{"@id":"https:\/\/potenciaradiofonicadominicana.com\/portal\/feda-da-apertura-a-planta-procesadora-de-sustrato-de-coco-en-nagua\/"},"author":{"name":"Potencia Radiof\u00f3nica Dominicana","@id":"https:\/\/potenciaradiofonicadominicana.com\/portal\/#\/schema\/person\/a5cf1fea13877803ee0573ac18b03490"},"headline":"Feda da apertura a planta procesadora de sustrato de coco en Nagua","datePublished":"2022-01-27T13:46:53+00:00","mainEntityOfPage":{"@id":"https:\/\/potenciaradiofonicadominicana.com\/portal\/feda-da-apertura-a-planta-procesadora-de-sustrato-de-coco-en-nagua\/"},"wordCount":327,"commentCount":0,"publisher":{"@id":"https:\/\/potenciaradiofonicadominicana.com\/portal\/#organization"},"image":{"@id":"https:\/\/potenciaradiofonicadominicana.com\/portal\/feda-da-apertura-a-planta-procesadora-de-sustrato-de-coco-en-nagua\/#primaryimage"},"thumbnailUrl":"https:\/\/potenciaradiofonicadominicana.com\/portal\/wp-content\/uploads\/2022\/01\/whatsapp-image-2022-01-26-at-101102-pm-cdc31f5e-focus-0-0-895-573.jpg","articleSection":["Econom\u00eda"],"inLanguage":"es","potentialAction":[{"@type":"CommentAction","name":"Comment","target":["https:\/\/potenciaradiofonicadominicana.com\/portal\/feda-da-apertura-a-planta-procesadora-de-sustrato-de-coco-en-nagua\/#respond"]}]},{"@type":"WebPage","@id":"https:\/\/potenciaradiofonicadominicana.com\/portal\/feda-da-apertura-a-planta-procesadora-de-sustrato-de-coco-en-nagua\/","url":"https:\/\/potenciaradiofonicadominicana.com\/portal\/feda-da-apertura-a-planta-procesadora-de-sustrato-de-coco-en-nagua\/","name":"Feda da apertura a planta procesadora de sustrato de coco en Nagua - PotenciaRadiofonicaDominicana.com","isPartOf":{"@id":"https:\/\/potenciaradiofonicadominicana.com\/portal\/#website"},"primaryImageOfPage":{"@id":"https:\/\/potenciaradiofonicadominicana.com\/portal\/feda-da-apertura-a-planta-procesadora-de-sustrato-de-coco-en-nagua\/#primaryimage"},"image":{"@id":"https:\/\/potenciaradiofonicadominicana.com\/portal\/feda-da-apertura-a-planta-procesadora-de-sustrato-de-coco-en-nagua\/#primaryimage"},"thumbnailUrl":"https:\/\/potenciaradiofonicadominicana.com\/portal\/wp-content\/uploads\/2022\/01\/whatsapp-image-2022-01-26-at-101102-pm-cdc31f5e-focus-0-0-895-573.jpg","datePublished":"2022-01-27T13:46:53+00:00","breadcrumb":{"@id":"https:\/\/potenciaradiofonicadominicana.com\/portal\/feda-da-apertura-a-planta-procesadora-de-sustrato-de-coco-en-nagua\/#breadcrumb"},"inLanguage":"es","potentialAction":[{"@type":"ReadAction","target":["https:\/\/potenciaradiofonicadominicana.com\/portal\/feda-da-apertura-a-planta-procesadora-de-sustrato-de-coco-en-nagua\/"]}]},{"@type":"ImageObject","inLanguage":"es","@id":"https:\/\/potenciaradiofonicadominicana.com\/portal\/feda-da-apertura-a-planta-procesadora-de-sustrato-de-coco-en-nagua\/#primaryimage","url":"https:\/\/potenciaradiofonicadominicana.com\/portal\/wp-content\/uploads\/2022\/01\/whatsapp-image-2022-01-26-at-101102-pm-cdc31f5e-focus-0-0-895-573.jpg","contentUrl":"https:\/\/potenciaradiofonicadominicana.com\/portal\/wp-content\/uploads\/2022\/01\/whatsapp-image-2022-01-26-at-101102-pm-cdc31f5e-focus-0-0-895-573.jpg","width":895,"height":573},{"@type":"BreadcrumbList","@id":"https:\/\/potenciaradiofonicadominicana.com\/portal\/feda-da-apertura-a-planta-procesadora-de-sustrato-de-coco-en-nagua\/#breadcrumb","itemListElement":[{"@type":"ListItem","position":1,"name":"Portada","item":"https:\/\/potenciaradiofonicadominicana.com\/portal\/"},{"@type":"ListItem","position":2,"name":"Feda da apertura a planta procesadora de sustrato de coco en Nagua"}]},{"@type":"WebSite","@id":"https:\/\/potenciaradiofonicadominicana.com\/portal\/#website","url":"https:\/\/potenciaradiofonicadominicana.com\/portal\/","name":"PotenciaRadiofonicaDominicana.com","description":"Peri\u00f3dico Digital","publisher":{"@id":"https:\/\/potenciaradiofonicadominicana.com\/portal\/#organization"},"potentialAction":[{"@type":"SearchAction","target":{"@type":"EntryPoint","urlTemplate":"https:\/\/potenciaradiofonicadominicana.com\/portal\/?s={search_term_string}"},"query-input":{"@type":"PropertyValueSpecification","valueRequired":true,"valueName":"search_term_string"}}],"inLanguage":"es"},{"@type":"Organization","@id":"https:\/\/potenciaradiofonicadominicana.com\/portal\/#organization","name":"PotenciaRadiofonicaDominicana.com","url":"https:\/\/potenciaradiofonicadominicana.com\/portal\/","logo":{"@type":"ImageObject","inLanguage":"es","@id":"https:\/\/potenciaradiofonicadominicana.com\/portal\/#\/schema\/logo\/image\/","url":"https:\/\/potenciaradiofonicadominicana.com\/portal\/wp-content\/uploads\/2022\/01\/descarga.png","contentUrl":"https:\/\/potenciaradiofonicadominicana.com\/portal\/wp-content\/uploads\/2022\/01\/descarga.png","width":300,"height":100,"caption":"PotenciaRadiofonicaDominicana.com"},"image":{"@id":"https:\/\/potenciaradiofonicadominicana.com\/portal\/#\/schema\/logo\/image\/"},"sameAs":["https:\/\/web.facebook.com\/PotenciaRadiofonicaD"]},{"@type":"Person","@id":"https:\/\/potenciaradiofonicadominicana.com\/portal\/#\/schema\/person\/a5cf1fea13877803ee0573ac18b03490","name":"Potencia Radiof\u00f3nica Dominicana","image":{"@type":"ImageObject","inLanguage":"es","@id":"https:\/\/potenciaradiofonicadominicana.com\/portal\/#\/schema\/person\/image\/","url":"https:\/\/secure.gravatar.com\/avatar\/42a55ab9e8ccc656ba34cd791990602a?s=96&d=mm&r=g","contentUrl":"https:\/\/secure.gravatar.com\/avatar\/42a55ab9e8ccc656ba34cd791990602a?s=96&d=mm&r=g","caption":"Potencia Radiof\u00f3nica Dominicana"},"url":"https:\/\/potenciaradiofonicadominicana.com\/portal\/author\/johannyalmanzar\/"}]}},"_links":{"self":[{"href":"https:\/\/potenciaradiofonicadominicana.com\/portal\/wp-json\/wp\/v2\/posts\/114226","targetHints":{"allow":["GET"]}}],"collection":[{"href":"https:\/\/potenciaradiofonicadominicana.com\/portal\/wp-json\/wp\/v2\/posts"}],"about":[{"href":"https:\/\/potenciaradiofonicadominicana.com\/portal\/wp-json\/wp\/v2\/types\/post"}],"author":[{"embeddable":true,"href":"https:\/\/potenciaradiofonicadominicana.com\/portal\/wp-json\/wp\/v2\/users\/2"}],"replies":[{"embeddable":true,"href":"https:\/\/potenciaradiofonicadominicana.com\/portal\/wp-json\/wp\/v2\/comments?post=114226"}],"version-history":[{"count":1,"href":"https:\/\/potenciaradiofonicadominicana.com\/portal\/wp-json\/wp\/v2\/posts\/114226\/revisions"}],"predecessor-version":[{"id":114228,"href":"https:\/\/potenciaradiofonicadominicana.com\/portal\/wp-json\/wp\/v2\/posts\/114226\/revisions\/114228"}],"wp:featuredmedia":[{"embeddable":true,"href":"https:\/\/potenciaradiofonicadominicana.com\/portal\/wp-json\/wp\/v2\/media\/114227"}],"wp:attachment":[{"href":"https:\/\/potenciaradiofonicadominicana.com\/portal\/wp-json\/wp\/v2\/media?parent=114226"}],"wp:term":[{"taxonomy":"category","embeddable":true,"href":"https:\/\/potenciaradiofonicadominicana.com\/portal\/wp-json\/wp\/v2\/categories?post=114226"},{"taxonomy":"post_tag","embeddable":true,"href":"https:\/\/potenciaradiofonicadominicana.com\/portal\/wp-json\/wp\/v2\/tags?post=114226"}],"curies":[{"name":"wp","href":"https:\/\/api.w.org\/{rel}","templated":true}]}}