{"id":114221,"date":"2022-01-27T09:44:38","date_gmt":"2022-01-27T13:44:38","guid":{"rendered":"https:\/\/potenciaradiofonicadominicana.com\/portal\/?p=114221"},"modified":"2022-01-27T09:44:38","modified_gmt":"2022-01-27T13:44:38","slug":"periodistas-de-turismo-consideran-alerta-de-ee-uu-sobre-republica-dominicana-como-desproporcionada-e-incongruente","status":"publish","type":"post","link":"https:\/\/potenciaradiofonicadominicana.com\/portal\/periodistas-de-turismo-consideran-alerta-de-ee-uu-sobre-republica-dominicana-como-desproporcionada-e-incongruente\/","title":{"rendered":"Periodistas de Turismo consideran alerta de EE.UU. sobre Rep\u00fablica Dominicana como desproporcionada e incongruente"},"content":{"rendered":"<p><a href=\"https:\/\/potenciaradiofonicadominicana.com\/portal\/wp-content\/uploads\/2022\/01\/aeropuerto-fd9bf0b9-focus-0-0-895-573.jpg\"><img loading=\"lazy\" decoding=\"async\" class=\"alignnone size-full wp-image-114222\" src=\"https:\/\/potenciaradiofonicadominicana.com\/portal\/wp-content\/uploads\/2022\/01\/aeropuerto-fd9bf0b9-focus-0-0-895-573.jpg\" alt=\"\" width=\"895\" height=\"573\" srcset=\"https:\/\/potenciaradiofonicadominicana.com\/portal\/wp-content\/uploads\/2022\/01\/aeropuerto-fd9bf0b9-focus-0-0-895-573.jpg 895w, https:\/\/potenciaradiofonicadominicana.com\/portal\/wp-content\/uploads\/2022\/01\/aeropuerto-fd9bf0b9-focus-0-0-895-573-300x192.jpg 300w, https:\/\/potenciaradiofonicadominicana.com\/portal\/wp-content\/uploads\/2022\/01\/aeropuerto-fd9bf0b9-focus-0-0-895-573-768x492.jpg 768w\" sizes=\"auto, (max-width: 895px) 100vw, 895px\" \/><\/a><\/p>\n<p>El F\u00f3rum Iberoamericano de Periodistas de\u00a0Turismo\u00a0(FIPETUR) felicit\u00f3 a la\u00a0Rep\u00fablica Dominicana\u00a0por convertirse en referente internacional\u00a0 en la contenci\u00f3n de la pandemia del\u00a0Covid-19\u00a0y en la\u00a0 r\u00e1pida recuperaci\u00f3n de la industria tur\u00edstica, tal como lo ha reconocido\u00a0 la Organizaci\u00f3n Mundial de\u00a0Turismo\u00a0(OMT)<\/p>\n<p>Afirma que\u00a0Rep\u00fablica Dominicana\u00a0no solo tiene el m\u00e9rito de haber logrado cifras hist\u00f3ricas en la llegada de turistas durante los \u00faltimos cuatro meses del 2021, sino tambi\u00e9n de mantener hasta la\u00a0 tercera semana del presente mes de enero una de las m\u00e1s bajas tasas de letalidad del mundo, a pesar de la incidencia de la nueva variante \u00d3micron.<\/p>\n<p>FIPETUR est\u00e1 integrada\u00a0 por la Asociaci\u00f3n Brasile\u00f1a de Periodistas de\u00a0Turismo\u00a0(ABRAJET);\u00a0 la Asociaci\u00f3n Colombiana de Periodistas y Escritores de\u00a0Turismo\u00a0(ACOPET);\u00a0 la Asociaci\u00f3n Dominicana de Prensa Tur\u00edstica (ADOMPRETUR);\u00a0 la Asociaci\u00f3n Paname\u00f1a de Periodistas de\u00a0Turismo\u00a0(APPTUR);\u00a0 la Asociaci\u00f3n de Periodistas de\u00a0Turismo\u00a0de Chile (APTUR-CHILE); el C\u00edrculo de Periodistas de\u00a0Turismo\u00a0de Uruguay (CIPETUR); el C\u00edrculo de Periodistas de\u00a0Turismo\u00a0de Bolivia (CIPTURBOL); la Federaci\u00f3n Espa\u00f1ola de Periodistas y Escritores de\u00a0Turismo\u00a0(FEPET) y la asociaci\u00f3n\u00a0 Prensa y\u00a0Turismo\u00a0de Per\u00fa (PRENSATUR).<\/p>\n<p>Citando al portal espa\u00f1ol Datosmacro.com, FIPETUR destaca que hasta el pasado 23 de enero el pa\u00eds caribe\u00f1o registraba una tasa de letalidad por\u00a0Covid-19\u00a0 de apenas 0,79%, muy por debajo de\u00a0Estados Unidos\u00a0 (1,23%); Alemania (1,33%); Rusia (2,93%); China (4,08%); y M\u00e9xico (6,05%).\u00a0 Ver\u00a0 https:\/\/datosmacro.expansion.com\/otros\/coronavirus.<\/p>\n<p>Al suscribir la declaraci\u00f3n, el periodista dominicano Luis Jos\u00e9 Ch\u00e1vez, presidente de FIPETUR, considera desproporcionada e incongruente la recomendaci\u00f3n del Departamento de Estado de\u00a0Estados Unidos\u00a0para que los ciudadanos de ese pa\u00eds se abstengan de visitar la\u00a0Rep\u00fablica Dominicana\u00a0por los niveles de contagio provocados por la variante \u00d3micron.<\/p>\n<p>Record\u00f3 que en la\u00a0 reci\u00e9n pasada Feria Internacional de\u00a0Turismo\u00a0(FITUR 2022) la OMT entreg\u00f3 un reconocimiento especial al presidente dominicano Luis Abinader\u00a0 por la exitosa recuperaci\u00f3n del\u00a0turismo\u00a0y el eficiente manejo de los protocolos sanitarios en los diferentes destinos tur\u00edsticos del pa\u00eds.<\/p>\n<p>El reconocimiento fue entregado por el secretario general de la OMT, Zurab Pololikashvili, al presidente Luis Abinader, acompa\u00f1ado del ministro de\u00a0Turismo, David Collado, durante un encuentro con m\u00e1s de 300 agentes de viajes, touroperadores y representantes\u00a0 de l\u00ednea a\u00e9reas en el marco de la celebraci\u00f3n de la versi\u00f3n 42 de FITUR.<\/p>\n<p>Entiende FIPETUR\u00a0 que con la\u00a0alerta\u00a0emitida sobre\u00a0Rep\u00fablica Dominicana\u00a0y otros pa\u00edses, a prop\u00f3sito de la incidencia del Omicron,\u00a0Estados Unidos, env\u00eda una se\u00f1al err\u00f3nea, ya que en la pr\u00e1ctica se ha demostrado que la nueva variante del Covid es menos letal que la epidemia gripal\u00a0 del a\u00f1o 2019 y otros virus anteriores, cuando no se dispusieron medidas de confinamiento ni se paraliz\u00f3 el intercambio tur\u00edstico a nivel internacional.<\/p>\n","protected":false},"excerpt":{"rendered":"<p>El F\u00f3rum Iberoamericano de Periodistas de\u00a0Turismo\u00a0(FIPETUR) felicit\u00f3 a la\u00a0Rep\u00fablica Dominicana\u00a0por convertirse en referente internacional\u00a0 en la contenci\u00f3n de la pandemia &#8230;<\/p>\n","protected":false},"author":2,"featured_media":114222,"comment_status":"open","ping_status":"open","sticky":false,"template":"","format":"standard","meta":{"footnotes":""},"categories":[26],"tags":[],"class_list":["post-114221","post","type-post","status-publish","format-standard","has-post-thumbnail","hentry","category-economia"],"yoast_head":"<!-- This site is optimized with the Yoast SEO plugin v24.8.1 - https:\/\/yoast.com\/wordpress\/plugins\/seo\/ -->\n<title>Periodistas de Turismo consideran alerta de EE.UU. sobre Rep\u00fablica Dominicana como desproporcionada e incongruente - PotenciaRadiofonicaDominicana.com<\/title>\n<meta name=\"robots\" content=\"index, follow, max-snippet:-1, max-image-preview:large, max-video-preview:-1\" \/>\n<link rel=\"canonical\" href=\"https:\/\/potenciaradiofonicadominicana.com\/portal\/periodistas-de-turismo-consideran-alerta-de-ee-uu-sobre-republica-dominicana-como-desproporcionada-e-incongruente\/\" \/>\n<meta property=\"og:locale\" content=\"es_ES\" \/>\n<meta property=\"og:type\" content=\"article\" \/>\n<meta property=\"og:title\" content=\"Periodistas de Turismo consideran alerta de EE.UU. sobre Rep\u00fablica Dominicana como desproporcionada e incongruente - PotenciaRadiofonicaDominicana.com\" \/>\n<meta property=\"og:description\" content=\"El F\u00f3rum Iberoamericano de Periodistas de\u00a0Turismo\u00a0(FIPETUR) felicit\u00f3 a la\u00a0Rep\u00fablica Dominicana\u00a0por convertirse en referente internacional\u00a0 en la contenci\u00f3n de la pandemia ...\" \/>\n<meta property=\"og:url\" content=\"https:\/\/potenciaradiofonicadominicana.com\/portal\/periodistas-de-turismo-consideran-alerta-de-ee-uu-sobre-republica-dominicana-como-desproporcionada-e-incongruente\/\" \/>\n<meta property=\"og:site_name\" content=\"PotenciaRadiofonicaDominicana.com\" \/>\n<meta property=\"article:publisher\" content=\"https:\/\/web.facebook.com\/PotenciaRadiofonicaD\" \/>\n<meta property=\"article:published_time\" content=\"2022-01-27T13:44:38+00:00\" \/>\n<meta property=\"og:image\" content=\"https:\/\/potenciaradiofonicadominicana.com\/portal\/wp-content\/uploads\/2022\/01\/aeropuerto-fd9bf0b9-focus-0-0-895-573.jpg\" \/>\n\t<meta property=\"og:image:width\" content=\"895\" \/>\n\t<meta property=\"og:image:height\" content=\"573\" \/>\n\t<meta property=\"og:image:type\" content=\"image\/jpeg\" \/>\n<meta name=\"author\" content=\"Potencia Radiof\u00f3nica Dominicana\" \/>\n<meta name=\"twitter:card\" content=\"summary_large_image\" \/>\n<meta name=\"twitter:label1\" content=\"Escrito por\" \/>\n\t<meta name=\"twitter:data1\" content=\"Potencia Radiof\u00f3nica Dominicana\" \/>\n\t<meta name=\"twitter:label2\" content=\"Tiempo de lectura\" \/>\n\t<meta name=\"twitter:data2\" content=\"2 minutos\" \/>\n<script type=\"application\/ld+json\" class=\"yoast-schema-graph\">{\"@context\":\"https:\/\/schema.org\",\"@graph\":[{\"@type\":\"Article\",\"@id\":\"https:\/\/potenciaradiofonicadominicana.com\/portal\/periodistas-de-turismo-consideran-alerta-de-ee-uu-sobre-republica-dominicana-como-desproporcionada-e-incongruente\/#article\",\"isPartOf\":{\"@id\":\"https:\/\/potenciaradiofonicadominicana.com\/portal\/periodistas-de-turismo-consideran-alerta-de-ee-uu-sobre-republica-dominicana-como-desproporcionada-e-incongruente\/\"},\"author\":{\"name\":\"Potencia Radiof\u00f3nica Dominicana\",\"@id\":\"https:\/\/potenciaradiofonicadominicana.com\/portal\/#\/schema\/person\/a5cf1fea13877803ee0573ac18b03490\"},\"headline\":\"Periodistas de Turismo consideran alerta de EE.UU. sobre Rep\u00fablica Dominicana como desproporcionada e incongruente\",\"datePublished\":\"2022-01-27T13:44:38+00:00\",\"mainEntityOfPage\":{\"@id\":\"https:\/\/potenciaradiofonicadominicana.com\/portal\/periodistas-de-turismo-consideran-alerta-de-ee-uu-sobre-republica-dominicana-como-desproporcionada-e-incongruente\/\"},\"wordCount\":512,\"commentCount\":0,\"publisher\":{\"@id\":\"https:\/\/potenciaradiofonicadominicana.com\/portal\/#organization\"},\"image\":{\"@id\":\"https:\/\/potenciaradiofonicadominicana.com\/portal\/periodistas-de-turismo-consideran-alerta-de-ee-uu-sobre-republica-dominicana-como-desproporcionada-e-incongruente\/#primaryimage\"},\"thumbnailUrl\":\"https:\/\/potenciaradiofonicadominicana.com\/portal\/wp-content\/uploads\/2022\/01\/aeropuerto-fd9bf0b9-focus-0-0-895-573.jpg\",\"articleSection\":[\"Econom\u00eda\"],\"inLanguage\":\"es\",\"potentialAction\":[{\"@type\":\"CommentAction\",\"name\":\"Comment\",\"target\":[\"https:\/\/potenciaradiofonicadominicana.com\/portal\/periodistas-de-turismo-consideran-alerta-de-ee-uu-sobre-republica-dominicana-como-desproporcionada-e-incongruente\/#respond\"]}]},{\"@type\":\"WebPage\",\"@id\":\"https:\/\/potenciaradiofonicadominicana.com\/portal\/periodistas-de-turismo-consideran-alerta-de-ee-uu-sobre-republica-dominicana-como-desproporcionada-e-incongruente\/\",\"url\":\"https:\/\/potenciaradiofonicadominicana.com\/portal\/periodistas-de-turismo-consideran-alerta-de-ee-uu-sobre-republica-dominicana-como-desproporcionada-e-incongruente\/\",\"name\":\"Periodistas de Turismo consideran alerta de EE.UU. sobre Rep\u00fablica Dominicana como desproporcionada e incongruente - PotenciaRadiofonicaDominicana.com\",\"isPartOf\":{\"@id\":\"https:\/\/potenciaradiofonicadominicana.com\/portal\/#website\"},\"primaryImageOfPage\":{\"@id\":\"https:\/\/potenciaradiofonicadominicana.com\/portal\/periodistas-de-turismo-consideran-alerta-de-ee-uu-sobre-republica-dominicana-como-desproporcionada-e-incongruente\/#primaryimage\"},\"image\":{\"@id\":\"https:\/\/potenciaradiofonicadominicana.com\/portal\/periodistas-de-turismo-consideran-alerta-de-ee-uu-sobre-republica-dominicana-como-desproporcionada-e-incongruente\/#primaryimage\"},\"thumbnailUrl\":\"https:\/\/potenciaradiofonicadominicana.com\/portal\/wp-content\/uploads\/2022\/01\/aeropuerto-fd9bf0b9-focus-0-0-895-573.jpg\",\"datePublished\":\"2022-01-27T13:44:38+00:00\",\"breadcrumb\":{\"@id\":\"https:\/\/potenciaradiofonicadominicana.com\/portal\/periodistas-de-turismo-consideran-alerta-de-ee-uu-sobre-republica-dominicana-como-desproporcionada-e-incongruente\/#breadcrumb\"},\"inLanguage\":\"es\",\"potentialAction\":[{\"@type\":\"ReadAction\",\"target\":[\"https:\/\/potenciaradiofonicadominicana.com\/portal\/periodistas-de-turismo-consideran-alerta-de-ee-uu-sobre-republica-dominicana-como-desproporcionada-e-incongruente\/\"]}]},{\"@type\":\"ImageObject\",\"inLanguage\":\"es\",\"@id\":\"https:\/\/potenciaradiofonicadominicana.com\/portal\/periodistas-de-turismo-consideran-alerta-de-ee-uu-sobre-republica-dominicana-como-desproporcionada-e-incongruente\/#primaryimage\",\"url\":\"https:\/\/potenciaradiofonicadominicana.com\/portal\/wp-content\/uploads\/2022\/01\/aeropuerto-fd9bf0b9-focus-0-0-895-573.jpg\",\"contentUrl\":\"https:\/\/potenciaradiofonicadominicana.com\/portal\/wp-content\/uploads\/2022\/01\/aeropuerto-fd9bf0b9-focus-0-0-895-573.jpg\",\"width\":895,\"height\":573},{\"@type\":\"BreadcrumbList\",\"@id\":\"https:\/\/potenciaradiofonicadominicana.com\/portal\/periodistas-de-turismo-consideran-alerta-de-ee-uu-sobre-republica-dominicana-como-desproporcionada-e-incongruente\/#breadcrumb\",\"itemListElement\":[{\"@type\":\"ListItem\",\"position\":1,\"name\":\"Portada\",\"item\":\"https:\/\/potenciaradiofonicadominicana.com\/portal\/\"},{\"@type\":\"ListItem\",\"position\":2,\"name\":\"Periodistas de Turismo consideran alerta de EE.UU. sobre Rep\u00fablica Dominicana como desproporcionada e incongruente\"}]},{\"@type\":\"WebSite\",\"@id\":\"https:\/\/potenciaradiofonicadominicana.com\/portal\/#website\",\"url\":\"https:\/\/potenciaradiofonicadominicana.com\/portal\/\",\"name\":\"PotenciaRadiofonicaDominicana.com\",\"description\":\"Peri\u00f3dico Digital\",\"publisher\":{\"@id\":\"https:\/\/potenciaradiofonicadominicana.com\/portal\/#organization\"},\"potentialAction\":[{\"@type\":\"SearchAction\",\"target\":{\"@type\":\"EntryPoint\",\"urlTemplate\":\"https:\/\/potenciaradiofonicadominicana.com\/portal\/?s={search_term_string}\"},\"query-input\":{\"@type\":\"PropertyValueSpecification\",\"valueRequired\":true,\"valueName\":\"search_term_string\"}}],\"inLanguage\":\"es\"},{\"@type\":\"Organization\",\"@id\":\"https:\/\/potenciaradiofonicadominicana.com\/portal\/#organization\",\"name\":\"PotenciaRadiofonicaDominicana.com\",\"url\":\"https:\/\/potenciaradiofonicadominicana.com\/portal\/\",\"logo\":{\"@type\":\"ImageObject\",\"inLanguage\":\"es\",\"@id\":\"https:\/\/potenciaradiofonicadominicana.com\/portal\/#\/schema\/logo\/image\/\",\"url\":\"https:\/\/potenciaradiofonicadominicana.com\/portal\/wp-content\/uploads\/2022\/01\/descarga.png\",\"contentUrl\":\"https:\/\/potenciaradiofonicadominicana.com\/portal\/wp-content\/uploads\/2022\/01\/descarga.png\",\"width\":300,\"height\":100,\"caption\":\"PotenciaRadiofonicaDominicana.com\"},\"image\":{\"@id\":\"https:\/\/potenciaradiofonicadominicana.com\/portal\/#\/schema\/logo\/image\/\"},\"sameAs\":[\"https:\/\/web.facebook.com\/PotenciaRadiofonicaD\"]},{\"@type\":\"Person\",\"@id\":\"https:\/\/potenciaradiofonicadominicana.com\/portal\/#\/schema\/person\/a5cf1fea13877803ee0573ac18b03490\",\"name\":\"Potencia Radiof\u00f3nica Dominicana\",\"image\":{\"@type\":\"ImageObject\",\"inLanguage\":\"es\",\"@id\":\"https:\/\/potenciaradiofonicadominicana.com\/portal\/#\/schema\/person\/image\/\",\"url\":\"https:\/\/secure.gravatar.com\/avatar\/42a55ab9e8ccc656ba34cd791990602a?s=96&d=mm&r=g\",\"contentUrl\":\"https:\/\/secure.gravatar.com\/avatar\/42a55ab9e8ccc656ba34cd791990602a?s=96&d=mm&r=g\",\"caption\":\"Potencia Radiof\u00f3nica Dominicana\"},\"url\":\"https:\/\/potenciaradiofonicadominicana.com\/portal\/author\/johannyalmanzar\/\"}]}<\/script>\n<!-- \/ Yoast SEO plugin. -->","yoast_head_json":{"title":"Periodistas de Turismo consideran alerta de EE.UU. sobre Rep\u00fablica Dominicana como desproporcionada e incongruente - PotenciaRadiofonicaDominicana.com","robots":{"index":"index","follow":"follow","max-snippet":"max-snippet:-1","max-image-preview":"max-image-preview:large","max-video-preview":"max-video-preview:-1"},"canonical":"https:\/\/potenciaradiofonicadominicana.com\/portal\/periodistas-de-turismo-consideran-alerta-de-ee-uu-sobre-republica-dominicana-como-desproporcionada-e-incongruente\/","og_locale":"es_ES","og_type":"article","og_title":"Periodistas de Turismo consideran alerta de EE.UU. sobre Rep\u00fablica Dominicana como desproporcionada e incongruente - PotenciaRadiofonicaDominicana.com","og_description":"El F\u00f3rum Iberoamericano de Periodistas de\u00a0Turismo\u00a0(FIPETUR) felicit\u00f3 a la\u00a0Rep\u00fablica Dominicana\u00a0por convertirse en referente internacional\u00a0 en la contenci\u00f3n de la pandemia ...","og_url":"https:\/\/potenciaradiofonicadominicana.com\/portal\/periodistas-de-turismo-consideran-alerta-de-ee-uu-sobre-republica-dominicana-como-desproporcionada-e-incongruente\/","og_site_name":"PotenciaRadiofonicaDominicana.com","article_publisher":"https:\/\/web.facebook.com\/PotenciaRadiofonicaD","article_published_time":"2022-01-27T13:44:38+00:00","og_image":[{"width":895,"height":573,"url":"https:\/\/potenciaradiofonicadominicana.com\/portal\/wp-content\/uploads\/2022\/01\/aeropuerto-fd9bf0b9-focus-0-0-895-573.jpg","type":"image\/jpeg"}],"author":"Potencia Radiof\u00f3nica Dominicana","twitter_card":"summary_large_image","twitter_misc":{"Escrito por":"Potencia Radiof\u00f3nica Dominicana","Tiempo de lectura":"2 minutos"},"schema":{"@context":"https:\/\/schema.org","@graph":[{"@type":"Article","@id":"https:\/\/potenciaradiofonicadominicana.com\/portal\/periodistas-de-turismo-consideran-alerta-de-ee-uu-sobre-republica-dominicana-como-desproporcionada-e-incongruente\/#article","isPartOf":{"@id":"https:\/\/potenciaradiofonicadominicana.com\/portal\/periodistas-de-turismo-consideran-alerta-de-ee-uu-sobre-republica-dominicana-como-desproporcionada-e-incongruente\/"},"author":{"name":"Potencia Radiof\u00f3nica Dominicana","@id":"https:\/\/potenciaradiofonicadominicana.com\/portal\/#\/schema\/person\/a5cf1fea13877803ee0573ac18b03490"},"headline":"Periodistas de Turismo consideran alerta de EE.UU. sobre Rep\u00fablica Dominicana como desproporcionada e incongruente","datePublished":"2022-01-27T13:44:38+00:00","mainEntityOfPage":{"@id":"https:\/\/potenciaradiofonicadominicana.com\/portal\/periodistas-de-turismo-consideran-alerta-de-ee-uu-sobre-republica-dominicana-como-desproporcionada-e-incongruente\/"},"wordCount":512,"commentCount":0,"publisher":{"@id":"https:\/\/potenciaradiofonicadominicana.com\/portal\/#organization"},"image":{"@id":"https:\/\/potenciaradiofonicadominicana.com\/portal\/periodistas-de-turismo-consideran-alerta-de-ee-uu-sobre-republica-dominicana-como-desproporcionada-e-incongruente\/#primaryimage"},"thumbnailUrl":"https:\/\/potenciaradiofonicadominicana.com\/portal\/wp-content\/uploads\/2022\/01\/aeropuerto-fd9bf0b9-focus-0-0-895-573.jpg","articleSection":["Econom\u00eda"],"inLanguage":"es","potentialAction":[{"@type":"CommentAction","name":"Comment","target":["https:\/\/potenciaradiofonicadominicana.com\/portal\/periodistas-de-turismo-consideran-alerta-de-ee-uu-sobre-republica-dominicana-como-desproporcionada-e-incongruente\/#respond"]}]},{"@type":"WebPage","@id":"https:\/\/potenciaradiofonicadominicana.com\/portal\/periodistas-de-turismo-consideran-alerta-de-ee-uu-sobre-republica-dominicana-como-desproporcionada-e-incongruente\/","url":"https:\/\/potenciaradiofonicadominicana.com\/portal\/periodistas-de-turismo-consideran-alerta-de-ee-uu-sobre-republica-dominicana-como-desproporcionada-e-incongruente\/","name":"Periodistas de Turismo consideran alerta de EE.UU. sobre Rep\u00fablica Dominicana como desproporcionada e incongruente - PotenciaRadiofonicaDominicana.com","isPartOf":{"@id":"https:\/\/potenciaradiofonicadominicana.com\/portal\/#website"},"primaryImageOfPage":{"@id":"https:\/\/potenciaradiofonicadominicana.com\/portal\/periodistas-de-turismo-consideran-alerta-de-ee-uu-sobre-republica-dominicana-como-desproporcionada-e-incongruente\/#primaryimage"},"image":{"@id":"https:\/\/potenciaradiofonicadominicana.com\/portal\/periodistas-de-turismo-consideran-alerta-de-ee-uu-sobre-republica-dominicana-como-desproporcionada-e-incongruente\/#primaryimage"},"thumbnailUrl":"https:\/\/potenciaradiofonicadominicana.com\/portal\/wp-content\/uploads\/2022\/01\/aeropuerto-fd9bf0b9-focus-0-0-895-573.jpg","datePublished":"2022-01-27T13:44:38+00:00","breadcrumb":{"@id":"https:\/\/potenciaradiofonicadominicana.com\/portal\/periodistas-de-turismo-consideran-alerta-de-ee-uu-sobre-republica-dominicana-como-desproporcionada-e-incongruente\/#breadcrumb"},"inLanguage":"es","potentialAction":[{"@type":"ReadAction","target":["https:\/\/potenciaradiofonicadominicana.com\/portal\/periodistas-de-turismo-consideran-alerta-de-ee-uu-sobre-republica-dominicana-como-desproporcionada-e-incongruente\/"]}]},{"@type":"ImageObject","inLanguage":"es","@id":"https:\/\/potenciaradiofonicadominicana.com\/portal\/periodistas-de-turismo-consideran-alerta-de-ee-uu-sobre-republica-dominicana-como-desproporcionada-e-incongruente\/#primaryimage","url":"https:\/\/potenciaradiofonicadominicana.com\/portal\/wp-content\/uploads\/2022\/01\/aeropuerto-fd9bf0b9-focus-0-0-895-573.jpg","contentUrl":"https:\/\/potenciaradiofonicadominicana.com\/portal\/wp-content\/uploads\/2022\/01\/aeropuerto-fd9bf0b9-focus-0-0-895-573.jpg","width":895,"height":573},{"@type":"BreadcrumbList","@id":"https:\/\/potenciaradiofonicadominicana.com\/portal\/periodistas-de-turismo-consideran-alerta-de-ee-uu-sobre-republica-dominicana-como-desproporcionada-e-incongruente\/#breadcrumb","itemListElement":[{"@type":"ListItem","position":1,"name":"Portada","item":"https:\/\/potenciaradiofonicadominicana.com\/portal\/"},{"@type":"ListItem","position":2,"name":"Periodistas de Turismo consideran alerta de EE.UU. sobre Rep\u00fablica Dominicana como desproporcionada e incongruente"}]},{"@type":"WebSite","@id":"https:\/\/potenciaradiofonicadominicana.com\/portal\/#website","url":"https:\/\/potenciaradiofonicadominicana.com\/portal\/","name":"PotenciaRadiofonicaDominicana.com","description":"Peri\u00f3dico Digital","publisher":{"@id":"https:\/\/potenciaradiofonicadominicana.com\/portal\/#organization"},"potentialAction":[{"@type":"SearchAction","target":{"@type":"EntryPoint","urlTemplate":"https:\/\/potenciaradiofonicadominicana.com\/portal\/?s={search_term_string}"},"query-input":{"@type":"PropertyValueSpecification","valueRequired":true,"valueName":"search_term_string"}}],"inLanguage":"es"},{"@type":"Organization","@id":"https:\/\/potenciaradiofonicadominicana.com\/portal\/#organization","name":"PotenciaRadiofonicaDominicana.com","url":"https:\/\/potenciaradiofonicadominicana.com\/portal\/","logo":{"@type":"ImageObject","inLanguage":"es","@id":"https:\/\/potenciaradiofonicadominicana.com\/portal\/#\/schema\/logo\/image\/","url":"https:\/\/potenciaradiofonicadominicana.com\/portal\/wp-content\/uploads\/2022\/01\/descarga.png","contentUrl":"https:\/\/potenciaradiofonicadominicana.com\/portal\/wp-content\/uploads\/2022\/01\/descarga.png","width":300,"height":100,"caption":"PotenciaRadiofonicaDominicana.com"},"image":{"@id":"https:\/\/potenciaradiofonicadominicana.com\/portal\/#\/schema\/logo\/image\/"},"sameAs":["https:\/\/web.facebook.com\/PotenciaRadiofonicaD"]},{"@type":"Person","@id":"https:\/\/potenciaradiofonicadominicana.com\/portal\/#\/schema\/person\/a5cf1fea13877803ee0573ac18b03490","name":"Potencia Radiof\u00f3nica Dominicana","image":{"@type":"ImageObject","inLanguage":"es","@id":"https:\/\/potenciaradiofonicadominicana.com\/portal\/#\/schema\/person\/image\/","url":"https:\/\/secure.gravatar.com\/avatar\/42a55ab9e8ccc656ba34cd791990602a?s=96&d=mm&r=g","contentUrl":"https:\/\/secure.gravatar.com\/avatar\/42a55ab9e8ccc656ba34cd791990602a?s=96&d=mm&r=g","caption":"Potencia Radiof\u00f3nica Dominicana"},"url":"https:\/\/potenciaradiofonicadominicana.com\/portal\/author\/johannyalmanzar\/"}]}},"_links":{"self":[{"href":"https:\/\/potenciaradiofonicadominicana.com\/portal\/wp-json\/wp\/v2\/posts\/114221","targetHints":{"allow":["GET"]}}],"collection":[{"href":"https:\/\/potenciaradiofonicadominicana.com\/portal\/wp-json\/wp\/v2\/posts"}],"about":[{"href":"https:\/\/potenciaradiofonicadominicana.com\/portal\/wp-json\/wp\/v2\/types\/post"}],"author":[{"embeddable":true,"href":"https:\/\/potenciaradiofonicadominicana.com\/portal\/wp-json\/wp\/v2\/users\/2"}],"replies":[{"embeddable":true,"href":"https:\/\/potenciaradiofonicadominicana.com\/portal\/wp-json\/wp\/v2\/comments?post=114221"}],"version-history":[{"count":1,"href":"https:\/\/potenciaradiofonicadominicana.com\/portal\/wp-json\/wp\/v2\/posts\/114221\/revisions"}],"predecessor-version":[{"id":114224,"href":"https:\/\/potenciaradiofonicadominicana.com\/portal\/wp-json\/wp\/v2\/posts\/114221\/revisions\/114224"}],"wp:featuredmedia":[{"embeddable":true,"href":"https:\/\/potenciaradiofonicadominicana.com\/portal\/wp-json\/wp\/v2\/media\/114222"}],"wp:attachment":[{"href":"https:\/\/potenciaradiofonicadominicana.com\/portal\/wp-json\/wp\/v2\/media?parent=114221"}],"wp:term":[{"taxonomy":"category","embeddable":true,"href":"https:\/\/potenciaradiofonicadominicana.com\/portal\/wp-json\/wp\/v2\/categories?post=114221"},{"taxonomy":"post_tag","embeddable":true,"href":"https:\/\/potenciaradiofonicadominicana.com\/portal\/wp-json\/wp\/v2\/tags?post=114221"}],"curies":[{"name":"wp","href":"https:\/\/api.w.org\/{rel}","templated":true}]}}