{"id":114176,"date":"2022-01-27T09:42:15","date_gmt":"2022-01-27T13:42:15","guid":{"rendered":"https:\/\/potenciaradiofonicadominicana.com\/portal\/?p=114176"},"modified":"2022-01-27T09:42:15","modified_gmt":"2022-01-27T13:42:15","slug":"el-petroleo-de-texas-abre-con-fuerte-subida-y-barril-se-coloca-a-us8683","status":"publish","type":"post","link":"https:\/\/potenciaradiofonicadominicana.com\/portal\/el-petroleo-de-texas-abre-con-fuerte-subida-y-barril-se-coloca-a-us8683\/","title":{"rendered":"El petr\u00f3leo de Texas abre con fuerte subida y barril se coloca a US$86,83"},"content":{"rendered":"<p><a href=\"https:\/\/potenciaradiofonicadominicana.com\/portal\/wp-content\/uploads\/2022\/01\/petroleo-trabajos-en-pozo-petrolero-west-texas-30e79e61-focus-0-0-895-573.jpg\"><img loading=\"lazy\" decoding=\"async\" class=\"alignnone size-full wp-image-114209\" src=\"https:\/\/potenciaradiofonicadominicana.com\/portal\/wp-content\/uploads\/2022\/01\/petroleo-trabajos-en-pozo-petrolero-west-texas-30e79e61-focus-0-0-895-573.jpg\" alt=\"\" width=\"813\" height=\"573\" srcset=\"https:\/\/potenciaradiofonicadominicana.com\/portal\/wp-content\/uploads\/2022\/01\/petroleo-trabajos-en-pozo-petrolero-west-texas-30e79e61-focus-0-0-895-573.jpg 813w, https:\/\/potenciaradiofonicadominicana.com\/portal\/wp-content\/uploads\/2022\/01\/petroleo-trabajos-en-pozo-petrolero-west-texas-30e79e61-focus-0-0-895-573-300x211.jpg 300w, https:\/\/potenciaradiofonicadominicana.com\/portal\/wp-content\/uploads\/2022\/01\/petroleo-trabajos-en-pozo-petrolero-west-texas-30e79e61-focus-0-0-895-573-768x541.jpg 768w\" sizes=\"auto, (max-width: 813px) 100vw, 813px\" \/><\/a><\/p>\n<p>El precio del\u00a0petr\u00f3leo\u00a0intermedio de Texas (WTI) abri\u00f3 este mi\u00e9rcoles con una subida del 1.44 %, y se coloca hasta los 86,83 d\u00f3lares el\u00a0barril, presionado por el conflicto entre\u00a0Rusia\u00a0y\u00a0Ucrania.<\/p>\n<p>A las 9.05 hora local (14.05 GMT) en la\u00a0Bolsa Mercantil de Nueva York\u00a0(Nymex), los contratos futuros del WTI para entrega en marzo sumaban 1.23 d\u00f3lares respecto al cierre anterior.<\/p>\n<p>El\u00a0petr\u00f3leo\u00a0de referencia en EE.UU. segu\u00eda en ascenso despu\u00e9s de que este martes el presidente de EE.UU., Joe Biden, dijera que considera imponer sanciones al presidente ruso, Vladimir Putin, si decide invadir\u00a0Ucrania.<\/p>\n<p>Seg\u00fan el analista Craig Erlam, de la firma Oanda, las din\u00e1micas entre la oferta y demanda de energ\u00eda siguen favoreciendo una subida en los precios, y el riesgo del conflicto en\u00a0Ucrania\u00a0suma puntos a esa tendencia.<\/p>\n<p>\u00abEs poco probable que el\u00a0petr\u00f3leo\u00a0y el gas se usen como arma pero si eso ocurriera, podr\u00eda llevar a un aumento serio de los precios dado el ajuste actual de los mercados\u00bb, agreg\u00f3.<\/p>\n<p>El mercado est\u00e1 tambi\u00e9n pendiente de los problemas geopol\u00edticos en Oriente Medio, ya que el pasado lunes los rebeldes hut\u00edes del Yemen lanzaron un ataque con misiles contra infraestructuras de los Emiratos \u00c1rabes Unidos.<\/p>\n<p>En el plano dom\u00e9stico de EE.UU., los inversores esperan hoy noticias sobre los tipos de inter\u00e9s por parte de la Reserva Federal, que concluye su reuni\u00f3n de dos d\u00edas sobre pol\u00edtica monetaria.<\/p>\n<p>El Gobierno divulgar\u00e1 esta tarde los \u00faltimos datos de los inventarios de crudo, que est\u00e1n en su nivel m\u00e1s bajo para esta \u00e9poca del a\u00f1o desde 2012, y la patronal del sector ha estimado otra ca\u00edda semanal.<\/p>\n","protected":false},"excerpt":{"rendered":"<p>El precio del\u00a0petr\u00f3leo\u00a0intermedio de Texas (WTI) abri\u00f3 este mi\u00e9rcoles con una subida del 1.44 %, y se coloca hasta los &#8230;<\/p>\n","protected":false},"author":2,"featured_media":114209,"comment_status":"open","ping_status":"open","sticky":false,"template":"","format":"standard","meta":{"footnotes":""},"categories":[26],"tags":[],"class_list":["post-114176","post","type-post","status-publish","format-standard","has-post-thumbnail","hentry","category-economia"],"yoast_head":"<!-- This site is optimized with the Yoast SEO plugin v24.8.1 - https:\/\/yoast.com\/wordpress\/plugins\/seo\/ -->\n<title>El petr\u00f3leo de Texas abre con fuerte subida y barril se coloca a US$86,83 - PotenciaRadiofonicaDominicana.com<\/title>\n<meta name=\"robots\" content=\"index, follow, max-snippet:-1, max-image-preview:large, max-video-preview:-1\" \/>\n<link rel=\"canonical\" href=\"https:\/\/potenciaradiofonicadominicana.com\/portal\/el-petroleo-de-texas-abre-con-fuerte-subida-y-barril-se-coloca-a-us8683\/\" \/>\n<meta property=\"og:locale\" content=\"es_ES\" \/>\n<meta property=\"og:type\" content=\"article\" \/>\n<meta property=\"og:title\" content=\"El petr\u00f3leo de Texas abre con fuerte subida y barril se coloca a US$86,83 - PotenciaRadiofonicaDominicana.com\" \/>\n<meta property=\"og:description\" content=\"El precio del\u00a0petr\u00f3leo\u00a0intermedio de Texas (WTI) abri\u00f3 este mi\u00e9rcoles con una subida del 1.44 %, y se coloca hasta los ...\" \/>\n<meta property=\"og:url\" content=\"https:\/\/potenciaradiofonicadominicana.com\/portal\/el-petroleo-de-texas-abre-con-fuerte-subida-y-barril-se-coloca-a-us8683\/\" \/>\n<meta property=\"og:site_name\" content=\"PotenciaRadiofonicaDominicana.com\" \/>\n<meta property=\"article:publisher\" content=\"https:\/\/web.facebook.com\/PotenciaRadiofonicaD\" \/>\n<meta property=\"article:published_time\" content=\"2022-01-27T13:42:15+00:00\" \/>\n<meta property=\"og:image\" content=\"https:\/\/potenciaradiofonicadominicana.com\/portal\/wp-content\/uploads\/2022\/01\/petroleo-trabajos-en-pozo-petrolero-west-texas-30e79e61-focus-0-0-895-573.jpg\" \/>\n\t<meta property=\"og:image:width\" content=\"813\" \/>\n\t<meta property=\"og:image:height\" content=\"573\" \/>\n\t<meta property=\"og:image:type\" content=\"image\/jpeg\" \/>\n<meta name=\"author\" content=\"Potencia Radiof\u00f3nica Dominicana\" \/>\n<meta name=\"twitter:card\" content=\"summary_large_image\" \/>\n<meta name=\"twitter:label1\" content=\"Escrito por\" \/>\n\t<meta name=\"twitter:data1\" content=\"Potencia Radiof\u00f3nica Dominicana\" \/>\n\t<meta name=\"twitter:label2\" content=\"Tiempo de lectura\" \/>\n\t<meta name=\"twitter:data2\" content=\"1 minuto\" \/>\n<script type=\"application\/ld+json\" class=\"yoast-schema-graph\">{\"@context\":\"https:\/\/schema.org\",\"@graph\":[{\"@type\":\"Article\",\"@id\":\"https:\/\/potenciaradiofonicadominicana.com\/portal\/el-petroleo-de-texas-abre-con-fuerte-subida-y-barril-se-coloca-a-us8683\/#article\",\"isPartOf\":{\"@id\":\"https:\/\/potenciaradiofonicadominicana.com\/portal\/el-petroleo-de-texas-abre-con-fuerte-subida-y-barril-se-coloca-a-us8683\/\"},\"author\":{\"name\":\"Potencia Radiof\u00f3nica Dominicana\",\"@id\":\"https:\/\/potenciaradiofonicadominicana.com\/portal\/#\/schema\/person\/a5cf1fea13877803ee0573ac18b03490\"},\"headline\":\"El petr\u00f3leo de Texas abre con fuerte subida y barril se coloca a US$86,83\",\"datePublished\":\"2022-01-27T13:42:15+00:00\",\"mainEntityOfPage\":{\"@id\":\"https:\/\/potenciaradiofonicadominicana.com\/portal\/el-petroleo-de-texas-abre-con-fuerte-subida-y-barril-se-coloca-a-us8683\/\"},\"wordCount\":308,\"commentCount\":0,\"publisher\":{\"@id\":\"https:\/\/potenciaradiofonicadominicana.com\/portal\/#organization\"},\"image\":{\"@id\":\"https:\/\/potenciaradiofonicadominicana.com\/portal\/el-petroleo-de-texas-abre-con-fuerte-subida-y-barril-se-coloca-a-us8683\/#primaryimage\"},\"thumbnailUrl\":\"https:\/\/potenciaradiofonicadominicana.com\/portal\/wp-content\/uploads\/2022\/01\/petroleo-trabajos-en-pozo-petrolero-west-texas-30e79e61-focus-0-0-895-573.jpg\",\"articleSection\":[\"Econom\u00eda\"],\"inLanguage\":\"es\",\"potentialAction\":[{\"@type\":\"CommentAction\",\"name\":\"Comment\",\"target\":[\"https:\/\/potenciaradiofonicadominicana.com\/portal\/el-petroleo-de-texas-abre-con-fuerte-subida-y-barril-se-coloca-a-us8683\/#respond\"]}]},{\"@type\":\"WebPage\",\"@id\":\"https:\/\/potenciaradiofonicadominicana.com\/portal\/el-petroleo-de-texas-abre-con-fuerte-subida-y-barril-se-coloca-a-us8683\/\",\"url\":\"https:\/\/potenciaradiofonicadominicana.com\/portal\/el-petroleo-de-texas-abre-con-fuerte-subida-y-barril-se-coloca-a-us8683\/\",\"name\":\"El petr\u00f3leo de Texas abre con fuerte subida y barril se coloca a US$86,83 - PotenciaRadiofonicaDominicana.com\",\"isPartOf\":{\"@id\":\"https:\/\/potenciaradiofonicadominicana.com\/portal\/#website\"},\"primaryImageOfPage\":{\"@id\":\"https:\/\/potenciaradiofonicadominicana.com\/portal\/el-petroleo-de-texas-abre-con-fuerte-subida-y-barril-se-coloca-a-us8683\/#primaryimage\"},\"image\":{\"@id\":\"https:\/\/potenciaradiofonicadominicana.com\/portal\/el-petroleo-de-texas-abre-con-fuerte-subida-y-barril-se-coloca-a-us8683\/#primaryimage\"},\"thumbnailUrl\":\"https:\/\/potenciaradiofonicadominicana.com\/portal\/wp-content\/uploads\/2022\/01\/petroleo-trabajos-en-pozo-petrolero-west-texas-30e79e61-focus-0-0-895-573.jpg\",\"datePublished\":\"2022-01-27T13:42:15+00:00\",\"breadcrumb\":{\"@id\":\"https:\/\/potenciaradiofonicadominicana.com\/portal\/el-petroleo-de-texas-abre-con-fuerte-subida-y-barril-se-coloca-a-us8683\/#breadcrumb\"},\"inLanguage\":\"es\",\"potentialAction\":[{\"@type\":\"ReadAction\",\"target\":[\"https:\/\/potenciaradiofonicadominicana.com\/portal\/el-petroleo-de-texas-abre-con-fuerte-subida-y-barril-se-coloca-a-us8683\/\"]}]},{\"@type\":\"ImageObject\",\"inLanguage\":\"es\",\"@id\":\"https:\/\/potenciaradiofonicadominicana.com\/portal\/el-petroleo-de-texas-abre-con-fuerte-subida-y-barril-se-coloca-a-us8683\/#primaryimage\",\"url\":\"https:\/\/potenciaradiofonicadominicana.com\/portal\/wp-content\/uploads\/2022\/01\/petroleo-trabajos-en-pozo-petrolero-west-texas-30e79e61-focus-0-0-895-573.jpg\",\"contentUrl\":\"https:\/\/potenciaradiofonicadominicana.com\/portal\/wp-content\/uploads\/2022\/01\/petroleo-trabajos-en-pozo-petrolero-west-texas-30e79e61-focus-0-0-895-573.jpg\",\"width\":813,\"height\":573},{\"@type\":\"BreadcrumbList\",\"@id\":\"https:\/\/potenciaradiofonicadominicana.com\/portal\/el-petroleo-de-texas-abre-con-fuerte-subida-y-barril-se-coloca-a-us8683\/#breadcrumb\",\"itemListElement\":[{\"@type\":\"ListItem\",\"position\":1,\"name\":\"Portada\",\"item\":\"https:\/\/potenciaradiofonicadominicana.com\/portal\/\"},{\"@type\":\"ListItem\",\"position\":2,\"name\":\"El petr\u00f3leo de Texas abre con fuerte subida y barril se coloca a US$86,83\"}]},{\"@type\":\"WebSite\",\"@id\":\"https:\/\/potenciaradiofonicadominicana.com\/portal\/#website\",\"url\":\"https:\/\/potenciaradiofonicadominicana.com\/portal\/\",\"name\":\"PotenciaRadiofonicaDominicana.com\",\"description\":\"Peri\u00f3dico Digital\",\"publisher\":{\"@id\":\"https:\/\/potenciaradiofonicadominicana.com\/portal\/#organization\"},\"potentialAction\":[{\"@type\":\"SearchAction\",\"target\":{\"@type\":\"EntryPoint\",\"urlTemplate\":\"https:\/\/potenciaradiofonicadominicana.com\/portal\/?s={search_term_string}\"},\"query-input\":{\"@type\":\"PropertyValueSpecification\",\"valueRequired\":true,\"valueName\":\"search_term_string\"}}],\"inLanguage\":\"es\"},{\"@type\":\"Organization\",\"@id\":\"https:\/\/potenciaradiofonicadominicana.com\/portal\/#organization\",\"name\":\"PotenciaRadiofonicaDominicana.com\",\"url\":\"https:\/\/potenciaradiofonicadominicana.com\/portal\/\",\"logo\":{\"@type\":\"ImageObject\",\"inLanguage\":\"es\",\"@id\":\"https:\/\/potenciaradiofonicadominicana.com\/portal\/#\/schema\/logo\/image\/\",\"url\":\"https:\/\/potenciaradiofonicadominicana.com\/portal\/wp-content\/uploads\/2022\/01\/descarga.png\",\"contentUrl\":\"https:\/\/potenciaradiofonicadominicana.com\/portal\/wp-content\/uploads\/2022\/01\/descarga.png\",\"width\":300,\"height\":100,\"caption\":\"PotenciaRadiofonicaDominicana.com\"},\"image\":{\"@id\":\"https:\/\/potenciaradiofonicadominicana.com\/portal\/#\/schema\/logo\/image\/\"},\"sameAs\":[\"https:\/\/web.facebook.com\/PotenciaRadiofonicaD\"]},{\"@type\":\"Person\",\"@id\":\"https:\/\/potenciaradiofonicadominicana.com\/portal\/#\/schema\/person\/a5cf1fea13877803ee0573ac18b03490\",\"name\":\"Potencia Radiof\u00f3nica Dominicana\",\"image\":{\"@type\":\"ImageObject\",\"inLanguage\":\"es\",\"@id\":\"https:\/\/potenciaradiofonicadominicana.com\/portal\/#\/schema\/person\/image\/\",\"url\":\"https:\/\/secure.gravatar.com\/avatar\/42a55ab9e8ccc656ba34cd791990602a?s=96&d=mm&r=g\",\"contentUrl\":\"https:\/\/secure.gravatar.com\/avatar\/42a55ab9e8ccc656ba34cd791990602a?s=96&d=mm&r=g\",\"caption\":\"Potencia Radiof\u00f3nica Dominicana\"},\"url\":\"https:\/\/potenciaradiofonicadominicana.com\/portal\/author\/johannyalmanzar\/\"}]}<\/script>\n<!-- \/ Yoast SEO plugin. -->","yoast_head_json":{"title":"El petr\u00f3leo de Texas abre con fuerte subida y barril se coloca a US$86,83 - PotenciaRadiofonicaDominicana.com","robots":{"index":"index","follow":"follow","max-snippet":"max-snippet:-1","max-image-preview":"max-image-preview:large","max-video-preview":"max-video-preview:-1"},"canonical":"https:\/\/potenciaradiofonicadominicana.com\/portal\/el-petroleo-de-texas-abre-con-fuerte-subida-y-barril-se-coloca-a-us8683\/","og_locale":"es_ES","og_type":"article","og_title":"El petr\u00f3leo de Texas abre con fuerte subida y barril se coloca a US$86,83 - PotenciaRadiofonicaDominicana.com","og_description":"El precio del\u00a0petr\u00f3leo\u00a0intermedio de Texas (WTI) abri\u00f3 este mi\u00e9rcoles con una subida del 1.44 %, y se coloca hasta los ...","og_url":"https:\/\/potenciaradiofonicadominicana.com\/portal\/el-petroleo-de-texas-abre-con-fuerte-subida-y-barril-se-coloca-a-us8683\/","og_site_name":"PotenciaRadiofonicaDominicana.com","article_publisher":"https:\/\/web.facebook.com\/PotenciaRadiofonicaD","article_published_time":"2022-01-27T13:42:15+00:00","og_image":[{"width":813,"height":573,"url":"https:\/\/potenciaradiofonicadominicana.com\/portal\/wp-content\/uploads\/2022\/01\/petroleo-trabajos-en-pozo-petrolero-west-texas-30e79e61-focus-0-0-895-573.jpg","type":"image\/jpeg"}],"author":"Potencia Radiof\u00f3nica Dominicana","twitter_card":"summary_large_image","twitter_misc":{"Escrito por":"Potencia Radiof\u00f3nica Dominicana","Tiempo de lectura":"1 minuto"},"schema":{"@context":"https:\/\/schema.org","@graph":[{"@type":"Article","@id":"https:\/\/potenciaradiofonicadominicana.com\/portal\/el-petroleo-de-texas-abre-con-fuerte-subida-y-barril-se-coloca-a-us8683\/#article","isPartOf":{"@id":"https:\/\/potenciaradiofonicadominicana.com\/portal\/el-petroleo-de-texas-abre-con-fuerte-subida-y-barril-se-coloca-a-us8683\/"},"author":{"name":"Potencia Radiof\u00f3nica Dominicana","@id":"https:\/\/potenciaradiofonicadominicana.com\/portal\/#\/schema\/person\/a5cf1fea13877803ee0573ac18b03490"},"headline":"El petr\u00f3leo de Texas abre con fuerte subida y barril se coloca a US$86,83","datePublished":"2022-01-27T13:42:15+00:00","mainEntityOfPage":{"@id":"https:\/\/potenciaradiofonicadominicana.com\/portal\/el-petroleo-de-texas-abre-con-fuerte-subida-y-barril-se-coloca-a-us8683\/"},"wordCount":308,"commentCount":0,"publisher":{"@id":"https:\/\/potenciaradiofonicadominicana.com\/portal\/#organization"},"image":{"@id":"https:\/\/potenciaradiofonicadominicana.com\/portal\/el-petroleo-de-texas-abre-con-fuerte-subida-y-barril-se-coloca-a-us8683\/#primaryimage"},"thumbnailUrl":"https:\/\/potenciaradiofonicadominicana.com\/portal\/wp-content\/uploads\/2022\/01\/petroleo-trabajos-en-pozo-petrolero-west-texas-30e79e61-focus-0-0-895-573.jpg","articleSection":["Econom\u00eda"],"inLanguage":"es","potentialAction":[{"@type":"CommentAction","name":"Comment","target":["https:\/\/potenciaradiofonicadominicana.com\/portal\/el-petroleo-de-texas-abre-con-fuerte-subida-y-barril-se-coloca-a-us8683\/#respond"]}]},{"@type":"WebPage","@id":"https:\/\/potenciaradiofonicadominicana.com\/portal\/el-petroleo-de-texas-abre-con-fuerte-subida-y-barril-se-coloca-a-us8683\/","url":"https:\/\/potenciaradiofonicadominicana.com\/portal\/el-petroleo-de-texas-abre-con-fuerte-subida-y-barril-se-coloca-a-us8683\/","name":"El petr\u00f3leo de Texas abre con fuerte subida y barril se coloca a US$86,83 - PotenciaRadiofonicaDominicana.com","isPartOf":{"@id":"https:\/\/potenciaradiofonicadominicana.com\/portal\/#website"},"primaryImageOfPage":{"@id":"https:\/\/potenciaradiofonicadominicana.com\/portal\/el-petroleo-de-texas-abre-con-fuerte-subida-y-barril-se-coloca-a-us8683\/#primaryimage"},"image":{"@id":"https:\/\/potenciaradiofonicadominicana.com\/portal\/el-petroleo-de-texas-abre-con-fuerte-subida-y-barril-se-coloca-a-us8683\/#primaryimage"},"thumbnailUrl":"https:\/\/potenciaradiofonicadominicana.com\/portal\/wp-content\/uploads\/2022\/01\/petroleo-trabajos-en-pozo-petrolero-west-texas-30e79e61-focus-0-0-895-573.jpg","datePublished":"2022-01-27T13:42:15+00:00","breadcrumb":{"@id":"https:\/\/potenciaradiofonicadominicana.com\/portal\/el-petroleo-de-texas-abre-con-fuerte-subida-y-barril-se-coloca-a-us8683\/#breadcrumb"},"inLanguage":"es","potentialAction":[{"@type":"ReadAction","target":["https:\/\/potenciaradiofonicadominicana.com\/portal\/el-petroleo-de-texas-abre-con-fuerte-subida-y-barril-se-coloca-a-us8683\/"]}]},{"@type":"ImageObject","inLanguage":"es","@id":"https:\/\/potenciaradiofonicadominicana.com\/portal\/el-petroleo-de-texas-abre-con-fuerte-subida-y-barril-se-coloca-a-us8683\/#primaryimage","url":"https:\/\/potenciaradiofonicadominicana.com\/portal\/wp-content\/uploads\/2022\/01\/petroleo-trabajos-en-pozo-petrolero-west-texas-30e79e61-focus-0-0-895-573.jpg","contentUrl":"https:\/\/potenciaradiofonicadominicana.com\/portal\/wp-content\/uploads\/2022\/01\/petroleo-trabajos-en-pozo-petrolero-west-texas-30e79e61-focus-0-0-895-573.jpg","width":813,"height":573},{"@type":"BreadcrumbList","@id":"https:\/\/potenciaradiofonicadominicana.com\/portal\/el-petroleo-de-texas-abre-con-fuerte-subida-y-barril-se-coloca-a-us8683\/#breadcrumb","itemListElement":[{"@type":"ListItem","position":1,"name":"Portada","item":"https:\/\/potenciaradiofonicadominicana.com\/portal\/"},{"@type":"ListItem","position":2,"name":"El petr\u00f3leo de Texas abre con fuerte subida y barril se coloca a US$86,83"}]},{"@type":"WebSite","@id":"https:\/\/potenciaradiofonicadominicana.com\/portal\/#website","url":"https:\/\/potenciaradiofonicadominicana.com\/portal\/","name":"PotenciaRadiofonicaDominicana.com","description":"Peri\u00f3dico Digital","publisher":{"@id":"https:\/\/potenciaradiofonicadominicana.com\/portal\/#organization"},"potentialAction":[{"@type":"SearchAction","target":{"@type":"EntryPoint","urlTemplate":"https:\/\/potenciaradiofonicadominicana.com\/portal\/?s={search_term_string}"},"query-input":{"@type":"PropertyValueSpecification","valueRequired":true,"valueName":"search_term_string"}}],"inLanguage":"es"},{"@type":"Organization","@id":"https:\/\/potenciaradiofonicadominicana.com\/portal\/#organization","name":"PotenciaRadiofonicaDominicana.com","url":"https:\/\/potenciaradiofonicadominicana.com\/portal\/","logo":{"@type":"ImageObject","inLanguage":"es","@id":"https:\/\/potenciaradiofonicadominicana.com\/portal\/#\/schema\/logo\/image\/","url":"https:\/\/potenciaradiofonicadominicana.com\/portal\/wp-content\/uploads\/2022\/01\/descarga.png","contentUrl":"https:\/\/potenciaradiofonicadominicana.com\/portal\/wp-content\/uploads\/2022\/01\/descarga.png","width":300,"height":100,"caption":"PotenciaRadiofonicaDominicana.com"},"image":{"@id":"https:\/\/potenciaradiofonicadominicana.com\/portal\/#\/schema\/logo\/image\/"},"sameAs":["https:\/\/web.facebook.com\/PotenciaRadiofonicaD"]},{"@type":"Person","@id":"https:\/\/potenciaradiofonicadominicana.com\/portal\/#\/schema\/person\/a5cf1fea13877803ee0573ac18b03490","name":"Potencia Radiof\u00f3nica Dominicana","image":{"@type":"ImageObject","inLanguage":"es","@id":"https:\/\/potenciaradiofonicadominicana.com\/portal\/#\/schema\/person\/image\/","url":"https:\/\/secure.gravatar.com\/avatar\/42a55ab9e8ccc656ba34cd791990602a?s=96&d=mm&r=g","contentUrl":"https:\/\/secure.gravatar.com\/avatar\/42a55ab9e8ccc656ba34cd791990602a?s=96&d=mm&r=g","caption":"Potencia Radiof\u00f3nica Dominicana"},"url":"https:\/\/potenciaradiofonicadominicana.com\/portal\/author\/johannyalmanzar\/"}]}},"_links":{"self":[{"href":"https:\/\/potenciaradiofonicadominicana.com\/portal\/wp-json\/wp\/v2\/posts\/114176","targetHints":{"allow":["GET"]}}],"collection":[{"href":"https:\/\/potenciaradiofonicadominicana.com\/portal\/wp-json\/wp\/v2\/posts"}],"about":[{"href":"https:\/\/potenciaradiofonicadominicana.com\/portal\/wp-json\/wp\/v2\/types\/post"}],"author":[{"embeddable":true,"href":"https:\/\/potenciaradiofonicadominicana.com\/portal\/wp-json\/wp\/v2\/users\/2"}],"replies":[{"embeddable":true,"href":"https:\/\/potenciaradiofonicadominicana.com\/portal\/wp-json\/wp\/v2\/comments?post=114176"}],"version-history":[{"count":1,"href":"https:\/\/potenciaradiofonicadominicana.com\/portal\/wp-json\/wp\/v2\/posts\/114176\/revisions"}],"predecessor-version":[{"id":114220,"href":"https:\/\/potenciaradiofonicadominicana.com\/portal\/wp-json\/wp\/v2\/posts\/114176\/revisions\/114220"}],"wp:featuredmedia":[{"embeddable":true,"href":"https:\/\/potenciaradiofonicadominicana.com\/portal\/wp-json\/wp\/v2\/media\/114209"}],"wp:attachment":[{"href":"https:\/\/potenciaradiofonicadominicana.com\/portal\/wp-json\/wp\/v2\/media?parent=114176"}],"wp:term":[{"taxonomy":"category","embeddable":true,"href":"https:\/\/potenciaradiofonicadominicana.com\/portal\/wp-json\/wp\/v2\/categories?post=114176"},{"taxonomy":"post_tag","embeddable":true,"href":"https:\/\/potenciaradiofonicadominicana.com\/portal\/wp-json\/wp\/v2\/tags?post=114176"}],"curies":[{"name":"wp","href":"https:\/\/api.w.org\/{rel}","templated":true}]}}