{"id":114090,"date":"2022-01-26T09:54:49","date_gmt":"2022-01-26T13:54:49","guid":{"rendered":"https:\/\/potenciaradiofonicadominicana.com\/portal\/?p=114090"},"modified":"2022-01-26T09:54:49","modified_gmt":"2022-01-26T13:54:49","slug":"memoria-visual-y-tamano-de-lo-observado","status":"publish","type":"post","link":"https:\/\/potenciaradiofonicadominicana.com\/portal\/memoria-visual-y-tamano-de-lo-observado\/","title":{"rendered":"Memoria visual y tama\u00f1o de lo observado"},"content":{"rendered":"<p><a href=\"https:\/\/potenciaradiofonicadominicana.com\/portal\/wp-content\/uploads\/2022\/01\/4599_memoria-visual-y-tamano-de-lo-observado.jpg\"><img loading=\"lazy\" decoding=\"async\" class=\"alignnone size-full wp-image-114091\" src=\"https:\/\/potenciaradiofonicadominicana.com\/portal\/wp-content\/uploads\/2022\/01\/4599_memoria-visual-y-tamano-de-lo-observado.jpg\" alt=\"\" width=\"665\" height=\"735\" srcset=\"https:\/\/potenciaradiofonicadominicana.com\/portal\/wp-content\/uploads\/2022\/01\/4599_memoria-visual-y-tamano-de-lo-observado.jpg 665w, https:\/\/potenciaradiofonicadominicana.com\/portal\/wp-content\/uploads\/2022\/01\/4599_memoria-visual-y-tamano-de-lo-observado-271x300.jpg 271w\" sizes=\"auto, (max-width: 665px) 100vw, 665px\" \/><\/a><\/p>\n<p>Es com\u00fan contemplar numerosas im\u00e1genes a lo largo del d\u00eda: por ejemplo en paredes, en peri\u00f3dicos, en libros y en pantallas electr\u00f3nicas. Algunas im\u00e1genes quedan grabadas en nuestra memoria y otras no. Todav\u00eda no se conocen las circunstancias exactas que influyen en que recordemos una imagen y no otra, pero se ha venido creyendo que el tama\u00f1o de la imagen no influye en su memorizaci\u00f3n, ya que normalmente deducimos el tama\u00f1o de las cosas que vemos en cada imagen, sin importar el tama\u00f1o de esta.<\/p>\n<p>&nbsp;<\/p>\n<p>Una investigaci\u00f3n ha explorado esta \u00faltima cuesti\u00f3n.<\/p>\n<p>&nbsp;<\/p>\n<p>El nuevo estudio, realizado por Sharon Gilaie-Dotan, Shaimaa Masarwa y Olga Kreichman, las tres de la Universidad Bar-Ilan en Israel, tuvo por objetivo determinar si en nuestra vida cotidiana recordamos mejor las im\u00e1genes grandes que las peque\u00f1as. Una pista de que esto podr\u00eda ser as\u00ed es el hecho de que las im\u00e1genes grandes requieren que nuestro sistema visual utilice mayores recursos para procesarlas.<\/p>\n<p>&nbsp;<\/p>\n<p>Los resultados del nuevo estudio muestran por primera vez que, en la visi\u00f3n natural, el recuerdo visual de una imagen se ve afectado por el tama\u00f1o de esta en la retina.<\/p>\n<p>&nbsp;<\/p>\n<p>Estos hallazgos pueden tener muchas aplicaciones pr\u00e1cticas. Una de las m\u00e1s obvias es el uso de diferentes tipos de pantallas electr\u00f3nicas seg\u00fan la importancia de la informaci\u00f3n mostrada en ellas. La calidad del procesamiento mental de la informaci\u00f3n puede depender de si la examinamos en una pantalla grande o en una peque\u00f1a.<\/p>\n<p>&nbsp;<\/p>\n<p><span class=\"RichTextAlignCenter citewrapper\"><img decoding=\"async\" class=\"RichTextAlignCenter\" src=\"https:\/\/noticiasdelaciencia.com\/upload\/images\/01_2022\/4599_memoria-visual-y-tamano-de-lo-observado.jpg\" alt=\"[Img #65602]\" \/><\/span><\/p>\n<div class=\"imagefooterprint\"><\/div>\n<p>Los resultados del estudio indican que en la visi\u00f3n natural, el recuerdo visual de una imagen se ve afectado por el tama\u00f1o de esta en la retina. (Imagen: Adar Winter (Vikki Academy))<\/p>\n<p>&nbsp;<\/p>\n<p>Gilaie-Dotan y sus colegas exponen con detalle los resultados de su investigaci\u00f3n en la revista acad\u00e9mica PNAS (Proceedings of the National Academy of Sciences), bajo el t\u00edtulo \u201cLarger images are better remembered during naturalistic encoding\u201d. (Fuente:\u00a0<a href=\"https:\/\/noticiasdelaciencia.com\/\">NCYT de Amazings<\/a>)<\/p>\n","protected":false},"excerpt":{"rendered":"<p>Es com\u00fan contemplar numerosas im\u00e1genes a lo largo del d\u00eda: por ejemplo en paredes, en peri\u00f3dicos, en libros y en &#8230;<\/p>\n","protected":false},"author":2,"featured_media":114091,"comment_status":"open","ping_status":"open","sticky":false,"template":"","format":"standard","meta":{"footnotes":""},"categories":[14],"tags":[],"class_list":["post-114090","post","type-post","status-publish","format-standard","has-post-thumbnail","hentry","category-ciencia-y-tecnologia"],"yoast_head":"<!-- This site is optimized with the Yoast SEO plugin v24.8.1 - https:\/\/yoast.com\/wordpress\/plugins\/seo\/ -->\n<title>Memoria visual y tama\u00f1o de lo observado - PotenciaRadiofonicaDominicana.com<\/title>\n<meta name=\"robots\" content=\"index, follow, max-snippet:-1, max-image-preview:large, max-video-preview:-1\" \/>\n<link rel=\"canonical\" href=\"https:\/\/potenciaradiofonicadominicana.com\/portal\/memoria-visual-y-tamano-de-lo-observado\/\" \/>\n<meta property=\"og:locale\" content=\"es_ES\" \/>\n<meta property=\"og:type\" content=\"article\" \/>\n<meta property=\"og:title\" content=\"Memoria visual y tama\u00f1o de lo observado - PotenciaRadiofonicaDominicana.com\" \/>\n<meta property=\"og:description\" content=\"Es com\u00fan contemplar numerosas im\u00e1genes a lo largo del d\u00eda: por ejemplo en paredes, en peri\u00f3dicos, en libros y en ...\" \/>\n<meta property=\"og:url\" content=\"https:\/\/potenciaradiofonicadominicana.com\/portal\/memoria-visual-y-tamano-de-lo-observado\/\" \/>\n<meta property=\"og:site_name\" content=\"PotenciaRadiofonicaDominicana.com\" \/>\n<meta property=\"article:publisher\" content=\"https:\/\/web.facebook.com\/PotenciaRadiofonicaD\" \/>\n<meta property=\"article:published_time\" content=\"2022-01-26T13:54:49+00:00\" \/>\n<meta property=\"og:image\" content=\"https:\/\/potenciaradiofonicadominicana.com\/portal\/wp-content\/uploads\/2022\/01\/4599_memoria-visual-y-tamano-de-lo-observado.jpg\" \/>\n\t<meta property=\"og:image:width\" content=\"665\" \/>\n\t<meta property=\"og:image:height\" content=\"735\" \/>\n\t<meta property=\"og:image:type\" content=\"image\/jpeg\" \/>\n<meta name=\"author\" content=\"Potencia Radiof\u00f3nica Dominicana\" \/>\n<meta name=\"twitter:card\" content=\"summary_large_image\" \/>\n<meta name=\"twitter:label1\" content=\"Escrito por\" \/>\n\t<meta name=\"twitter:data1\" content=\"Potencia Radiof\u00f3nica Dominicana\" \/>\n\t<meta name=\"twitter:label2\" content=\"Tiempo de lectura\" \/>\n\t<meta name=\"twitter:data2\" content=\"2 minutos\" \/>\n<script type=\"application\/ld+json\" class=\"yoast-schema-graph\">{\"@context\":\"https:\/\/schema.org\",\"@graph\":[{\"@type\":\"Article\",\"@id\":\"https:\/\/potenciaradiofonicadominicana.com\/portal\/memoria-visual-y-tamano-de-lo-observado\/#article\",\"isPartOf\":{\"@id\":\"https:\/\/potenciaradiofonicadominicana.com\/portal\/memoria-visual-y-tamano-de-lo-observado\/\"},\"author\":{\"name\":\"Potencia Radiof\u00f3nica Dominicana\",\"@id\":\"https:\/\/potenciaradiofonicadominicana.com\/portal\/#\/schema\/person\/a5cf1fea13877803ee0573ac18b03490\"},\"headline\":\"Memoria visual y tama\u00f1o de lo observado\",\"datePublished\":\"2022-01-26T13:54:49+00:00\",\"mainEntityOfPage\":{\"@id\":\"https:\/\/potenciaradiofonicadominicana.com\/portal\/memoria-visual-y-tamano-de-lo-observado\/\"},\"wordCount\":354,\"commentCount\":0,\"publisher\":{\"@id\":\"https:\/\/potenciaradiofonicadominicana.com\/portal\/#organization\"},\"image\":{\"@id\":\"https:\/\/potenciaradiofonicadominicana.com\/portal\/memoria-visual-y-tamano-de-lo-observado\/#primaryimage\"},\"thumbnailUrl\":\"https:\/\/potenciaradiofonicadominicana.com\/portal\/wp-content\/uploads\/2022\/01\/4599_memoria-visual-y-tamano-de-lo-observado.jpg\",\"articleSection\":[\"Ciencia y Tecnolog\u00eda\"],\"inLanguage\":\"es\",\"potentialAction\":[{\"@type\":\"CommentAction\",\"name\":\"Comment\",\"target\":[\"https:\/\/potenciaradiofonicadominicana.com\/portal\/memoria-visual-y-tamano-de-lo-observado\/#respond\"]}]},{\"@type\":\"WebPage\",\"@id\":\"https:\/\/potenciaradiofonicadominicana.com\/portal\/memoria-visual-y-tamano-de-lo-observado\/\",\"url\":\"https:\/\/potenciaradiofonicadominicana.com\/portal\/memoria-visual-y-tamano-de-lo-observado\/\",\"name\":\"Memoria visual y tama\u00f1o de lo observado - PotenciaRadiofonicaDominicana.com\",\"isPartOf\":{\"@id\":\"https:\/\/potenciaradiofonicadominicana.com\/portal\/#website\"},\"primaryImageOfPage\":{\"@id\":\"https:\/\/potenciaradiofonicadominicana.com\/portal\/memoria-visual-y-tamano-de-lo-observado\/#primaryimage\"},\"image\":{\"@id\":\"https:\/\/potenciaradiofonicadominicana.com\/portal\/memoria-visual-y-tamano-de-lo-observado\/#primaryimage\"},\"thumbnailUrl\":\"https:\/\/potenciaradiofonicadominicana.com\/portal\/wp-content\/uploads\/2022\/01\/4599_memoria-visual-y-tamano-de-lo-observado.jpg\",\"datePublished\":\"2022-01-26T13:54:49+00:00\",\"breadcrumb\":{\"@id\":\"https:\/\/potenciaradiofonicadominicana.com\/portal\/memoria-visual-y-tamano-de-lo-observado\/#breadcrumb\"},\"inLanguage\":\"es\",\"potentialAction\":[{\"@type\":\"ReadAction\",\"target\":[\"https:\/\/potenciaradiofonicadominicana.com\/portal\/memoria-visual-y-tamano-de-lo-observado\/\"]}]},{\"@type\":\"ImageObject\",\"inLanguage\":\"es\",\"@id\":\"https:\/\/potenciaradiofonicadominicana.com\/portal\/memoria-visual-y-tamano-de-lo-observado\/#primaryimage\",\"url\":\"https:\/\/potenciaradiofonicadominicana.com\/portal\/wp-content\/uploads\/2022\/01\/4599_memoria-visual-y-tamano-de-lo-observado.jpg\",\"contentUrl\":\"https:\/\/potenciaradiofonicadominicana.com\/portal\/wp-content\/uploads\/2022\/01\/4599_memoria-visual-y-tamano-de-lo-observado.jpg\",\"width\":665,\"height\":735},{\"@type\":\"BreadcrumbList\",\"@id\":\"https:\/\/potenciaradiofonicadominicana.com\/portal\/memoria-visual-y-tamano-de-lo-observado\/#breadcrumb\",\"itemListElement\":[{\"@type\":\"ListItem\",\"position\":1,\"name\":\"Portada\",\"item\":\"https:\/\/potenciaradiofonicadominicana.com\/portal\/\"},{\"@type\":\"ListItem\",\"position\":2,\"name\":\"Memoria visual y tama\u00f1o de lo observado\"}]},{\"@type\":\"WebSite\",\"@id\":\"https:\/\/potenciaradiofonicadominicana.com\/portal\/#website\",\"url\":\"https:\/\/potenciaradiofonicadominicana.com\/portal\/\",\"name\":\"PotenciaRadiofonicaDominicana.com\",\"description\":\"Peri\u00f3dico Digital\",\"publisher\":{\"@id\":\"https:\/\/potenciaradiofonicadominicana.com\/portal\/#organization\"},\"potentialAction\":[{\"@type\":\"SearchAction\",\"target\":{\"@type\":\"EntryPoint\",\"urlTemplate\":\"https:\/\/potenciaradiofonicadominicana.com\/portal\/?s={search_term_string}\"},\"query-input\":{\"@type\":\"PropertyValueSpecification\",\"valueRequired\":true,\"valueName\":\"search_term_string\"}}],\"inLanguage\":\"es\"},{\"@type\":\"Organization\",\"@id\":\"https:\/\/potenciaradiofonicadominicana.com\/portal\/#organization\",\"name\":\"PotenciaRadiofonicaDominicana.com\",\"url\":\"https:\/\/potenciaradiofonicadominicana.com\/portal\/\",\"logo\":{\"@type\":\"ImageObject\",\"inLanguage\":\"es\",\"@id\":\"https:\/\/potenciaradiofonicadominicana.com\/portal\/#\/schema\/logo\/image\/\",\"url\":\"https:\/\/potenciaradiofonicadominicana.com\/portal\/wp-content\/uploads\/2022\/01\/descarga.png\",\"contentUrl\":\"https:\/\/potenciaradiofonicadominicana.com\/portal\/wp-content\/uploads\/2022\/01\/descarga.png\",\"width\":300,\"height\":100,\"caption\":\"PotenciaRadiofonicaDominicana.com\"},\"image\":{\"@id\":\"https:\/\/potenciaradiofonicadominicana.com\/portal\/#\/schema\/logo\/image\/\"},\"sameAs\":[\"https:\/\/web.facebook.com\/PotenciaRadiofonicaD\"]},{\"@type\":\"Person\",\"@id\":\"https:\/\/potenciaradiofonicadominicana.com\/portal\/#\/schema\/person\/a5cf1fea13877803ee0573ac18b03490\",\"name\":\"Potencia Radiof\u00f3nica Dominicana\",\"image\":{\"@type\":\"ImageObject\",\"inLanguage\":\"es\",\"@id\":\"https:\/\/potenciaradiofonicadominicana.com\/portal\/#\/schema\/person\/image\/\",\"url\":\"https:\/\/secure.gravatar.com\/avatar\/42a55ab9e8ccc656ba34cd791990602a?s=96&d=mm&r=g\",\"contentUrl\":\"https:\/\/secure.gravatar.com\/avatar\/42a55ab9e8ccc656ba34cd791990602a?s=96&d=mm&r=g\",\"caption\":\"Potencia Radiof\u00f3nica Dominicana\"},\"url\":\"https:\/\/potenciaradiofonicadominicana.com\/portal\/author\/johannyalmanzar\/\"}]}<\/script>\n<!-- \/ Yoast SEO plugin. -->","yoast_head_json":{"title":"Memoria visual y tama\u00f1o de lo observado - PotenciaRadiofonicaDominicana.com","robots":{"index":"index","follow":"follow","max-snippet":"max-snippet:-1","max-image-preview":"max-image-preview:large","max-video-preview":"max-video-preview:-1"},"canonical":"https:\/\/potenciaradiofonicadominicana.com\/portal\/memoria-visual-y-tamano-de-lo-observado\/","og_locale":"es_ES","og_type":"article","og_title":"Memoria visual y tama\u00f1o de lo observado - PotenciaRadiofonicaDominicana.com","og_description":"Es com\u00fan contemplar numerosas im\u00e1genes a lo largo del d\u00eda: por ejemplo en paredes, en peri\u00f3dicos, en libros y en ...","og_url":"https:\/\/potenciaradiofonicadominicana.com\/portal\/memoria-visual-y-tamano-de-lo-observado\/","og_site_name":"PotenciaRadiofonicaDominicana.com","article_publisher":"https:\/\/web.facebook.com\/PotenciaRadiofonicaD","article_published_time":"2022-01-26T13:54:49+00:00","og_image":[{"width":665,"height":735,"url":"https:\/\/potenciaradiofonicadominicana.com\/portal\/wp-content\/uploads\/2022\/01\/4599_memoria-visual-y-tamano-de-lo-observado.jpg","type":"image\/jpeg"}],"author":"Potencia Radiof\u00f3nica Dominicana","twitter_card":"summary_large_image","twitter_misc":{"Escrito por":"Potencia Radiof\u00f3nica Dominicana","Tiempo de lectura":"2 minutos"},"schema":{"@context":"https:\/\/schema.org","@graph":[{"@type":"Article","@id":"https:\/\/potenciaradiofonicadominicana.com\/portal\/memoria-visual-y-tamano-de-lo-observado\/#article","isPartOf":{"@id":"https:\/\/potenciaradiofonicadominicana.com\/portal\/memoria-visual-y-tamano-de-lo-observado\/"},"author":{"name":"Potencia Radiof\u00f3nica Dominicana","@id":"https:\/\/potenciaradiofonicadominicana.com\/portal\/#\/schema\/person\/a5cf1fea13877803ee0573ac18b03490"},"headline":"Memoria visual y tama\u00f1o de lo observado","datePublished":"2022-01-26T13:54:49+00:00","mainEntityOfPage":{"@id":"https:\/\/potenciaradiofonicadominicana.com\/portal\/memoria-visual-y-tamano-de-lo-observado\/"},"wordCount":354,"commentCount":0,"publisher":{"@id":"https:\/\/potenciaradiofonicadominicana.com\/portal\/#organization"},"image":{"@id":"https:\/\/potenciaradiofonicadominicana.com\/portal\/memoria-visual-y-tamano-de-lo-observado\/#primaryimage"},"thumbnailUrl":"https:\/\/potenciaradiofonicadominicana.com\/portal\/wp-content\/uploads\/2022\/01\/4599_memoria-visual-y-tamano-de-lo-observado.jpg","articleSection":["Ciencia y Tecnolog\u00eda"],"inLanguage":"es","potentialAction":[{"@type":"CommentAction","name":"Comment","target":["https:\/\/potenciaradiofonicadominicana.com\/portal\/memoria-visual-y-tamano-de-lo-observado\/#respond"]}]},{"@type":"WebPage","@id":"https:\/\/potenciaradiofonicadominicana.com\/portal\/memoria-visual-y-tamano-de-lo-observado\/","url":"https:\/\/potenciaradiofonicadominicana.com\/portal\/memoria-visual-y-tamano-de-lo-observado\/","name":"Memoria visual y tama\u00f1o de lo observado - PotenciaRadiofonicaDominicana.com","isPartOf":{"@id":"https:\/\/potenciaradiofonicadominicana.com\/portal\/#website"},"primaryImageOfPage":{"@id":"https:\/\/potenciaradiofonicadominicana.com\/portal\/memoria-visual-y-tamano-de-lo-observado\/#primaryimage"},"image":{"@id":"https:\/\/potenciaradiofonicadominicana.com\/portal\/memoria-visual-y-tamano-de-lo-observado\/#primaryimage"},"thumbnailUrl":"https:\/\/potenciaradiofonicadominicana.com\/portal\/wp-content\/uploads\/2022\/01\/4599_memoria-visual-y-tamano-de-lo-observado.jpg","datePublished":"2022-01-26T13:54:49+00:00","breadcrumb":{"@id":"https:\/\/potenciaradiofonicadominicana.com\/portal\/memoria-visual-y-tamano-de-lo-observado\/#breadcrumb"},"inLanguage":"es","potentialAction":[{"@type":"ReadAction","target":["https:\/\/potenciaradiofonicadominicana.com\/portal\/memoria-visual-y-tamano-de-lo-observado\/"]}]},{"@type":"ImageObject","inLanguage":"es","@id":"https:\/\/potenciaradiofonicadominicana.com\/portal\/memoria-visual-y-tamano-de-lo-observado\/#primaryimage","url":"https:\/\/potenciaradiofonicadominicana.com\/portal\/wp-content\/uploads\/2022\/01\/4599_memoria-visual-y-tamano-de-lo-observado.jpg","contentUrl":"https:\/\/potenciaradiofonicadominicana.com\/portal\/wp-content\/uploads\/2022\/01\/4599_memoria-visual-y-tamano-de-lo-observado.jpg","width":665,"height":735},{"@type":"BreadcrumbList","@id":"https:\/\/potenciaradiofonicadominicana.com\/portal\/memoria-visual-y-tamano-de-lo-observado\/#breadcrumb","itemListElement":[{"@type":"ListItem","position":1,"name":"Portada","item":"https:\/\/potenciaradiofonicadominicana.com\/portal\/"},{"@type":"ListItem","position":2,"name":"Memoria visual y tama\u00f1o de lo observado"}]},{"@type":"WebSite","@id":"https:\/\/potenciaradiofonicadominicana.com\/portal\/#website","url":"https:\/\/potenciaradiofonicadominicana.com\/portal\/","name":"PotenciaRadiofonicaDominicana.com","description":"Peri\u00f3dico Digital","publisher":{"@id":"https:\/\/potenciaradiofonicadominicana.com\/portal\/#organization"},"potentialAction":[{"@type":"SearchAction","target":{"@type":"EntryPoint","urlTemplate":"https:\/\/potenciaradiofonicadominicana.com\/portal\/?s={search_term_string}"},"query-input":{"@type":"PropertyValueSpecification","valueRequired":true,"valueName":"search_term_string"}}],"inLanguage":"es"},{"@type":"Organization","@id":"https:\/\/potenciaradiofonicadominicana.com\/portal\/#organization","name":"PotenciaRadiofonicaDominicana.com","url":"https:\/\/potenciaradiofonicadominicana.com\/portal\/","logo":{"@type":"ImageObject","inLanguage":"es","@id":"https:\/\/potenciaradiofonicadominicana.com\/portal\/#\/schema\/logo\/image\/","url":"https:\/\/potenciaradiofonicadominicana.com\/portal\/wp-content\/uploads\/2022\/01\/descarga.png","contentUrl":"https:\/\/potenciaradiofonicadominicana.com\/portal\/wp-content\/uploads\/2022\/01\/descarga.png","width":300,"height":100,"caption":"PotenciaRadiofonicaDominicana.com"},"image":{"@id":"https:\/\/potenciaradiofonicadominicana.com\/portal\/#\/schema\/logo\/image\/"},"sameAs":["https:\/\/web.facebook.com\/PotenciaRadiofonicaD"]},{"@type":"Person","@id":"https:\/\/potenciaradiofonicadominicana.com\/portal\/#\/schema\/person\/a5cf1fea13877803ee0573ac18b03490","name":"Potencia Radiof\u00f3nica Dominicana","image":{"@type":"ImageObject","inLanguage":"es","@id":"https:\/\/potenciaradiofonicadominicana.com\/portal\/#\/schema\/person\/image\/","url":"https:\/\/secure.gravatar.com\/avatar\/42a55ab9e8ccc656ba34cd791990602a?s=96&d=mm&r=g","contentUrl":"https:\/\/secure.gravatar.com\/avatar\/42a55ab9e8ccc656ba34cd791990602a?s=96&d=mm&r=g","caption":"Potencia Radiof\u00f3nica Dominicana"},"url":"https:\/\/potenciaradiofonicadominicana.com\/portal\/author\/johannyalmanzar\/"}]}},"_links":{"self":[{"href":"https:\/\/potenciaradiofonicadominicana.com\/portal\/wp-json\/wp\/v2\/posts\/114090","targetHints":{"allow":["GET"]}}],"collection":[{"href":"https:\/\/potenciaradiofonicadominicana.com\/portal\/wp-json\/wp\/v2\/posts"}],"about":[{"href":"https:\/\/potenciaradiofonicadominicana.com\/portal\/wp-json\/wp\/v2\/types\/post"}],"author":[{"embeddable":true,"href":"https:\/\/potenciaradiofonicadominicana.com\/portal\/wp-json\/wp\/v2\/users\/2"}],"replies":[{"embeddable":true,"href":"https:\/\/potenciaradiofonicadominicana.com\/portal\/wp-json\/wp\/v2\/comments?post=114090"}],"version-history":[{"count":1,"href":"https:\/\/potenciaradiofonicadominicana.com\/portal\/wp-json\/wp\/v2\/posts\/114090\/revisions"}],"predecessor-version":[{"id":114092,"href":"https:\/\/potenciaradiofonicadominicana.com\/portal\/wp-json\/wp\/v2\/posts\/114090\/revisions\/114092"}],"wp:featuredmedia":[{"embeddable":true,"href":"https:\/\/potenciaradiofonicadominicana.com\/portal\/wp-json\/wp\/v2\/media\/114091"}],"wp:attachment":[{"href":"https:\/\/potenciaradiofonicadominicana.com\/portal\/wp-json\/wp\/v2\/media?parent=114090"}],"wp:term":[{"taxonomy":"category","embeddable":true,"href":"https:\/\/potenciaradiofonicadominicana.com\/portal\/wp-json\/wp\/v2\/categories?post=114090"},{"taxonomy":"post_tag","embeddable":true,"href":"https:\/\/potenciaradiofonicadominicana.com\/portal\/wp-json\/wp\/v2\/tags?post=114090"}],"curies":[{"name":"wp","href":"https:\/\/api.w.org\/{rel}","templated":true}]}}