{"id":114043,"date":"2022-01-26T09:31:18","date_gmt":"2022-01-26T13:31:18","guid":{"rendered":"https:\/\/potenciaradiofonicadominicana.com\/portal\/?p=114043"},"modified":"2022-01-26T09:31:18","modified_gmt":"2022-01-26T13:31:18","slug":"los-hilarantes-comentarios-que-dejo-el-anuncio-del-concierto-de-bad-bunny","status":"publish","type":"post","link":"https:\/\/potenciaradiofonicadominicana.com\/portal\/los-hilarantes-comentarios-que-dejo-el-anuncio-del-concierto-de-bad-bunny\/","title":{"rendered":"Los hilarantes comentarios que dej\u00f3 el anuncio del concierto de Bad Bunny"},"content":{"rendered":"<p><a href=\"https:\/\/potenciaradiofonicadominicana.com\/portal\/wp-content\/uploads\/2022\/01\/badbunnyboletos-a3295527-focus-min0.06-0.22-895-573.jpg\"><img loading=\"lazy\" decoding=\"async\" class=\"alignnone size-full wp-image-114044\" src=\"https:\/\/potenciaradiofonicadominicana.com\/portal\/wp-content\/uploads\/2022\/01\/badbunnyboletos-a3295527-focus-min0.06-0.22-895-573.jpg\" alt=\"\" width=\"895\" height=\"573\" srcset=\"https:\/\/potenciaradiofonicadominicana.com\/portal\/wp-content\/uploads\/2022\/01\/badbunnyboletos-a3295527-focus-min0.06-0.22-895-573.jpg 895w, https:\/\/potenciaradiofonicadominicana.com\/portal\/wp-content\/uploads\/2022\/01\/badbunnyboletos-a3295527-focus-min0.06-0.22-895-573-300x192.jpg 300w, https:\/\/potenciaradiofonicadominicana.com\/portal\/wp-content\/uploads\/2022\/01\/badbunnyboletos-a3295527-focus-min0.06-0.22-895-573-768x492.jpg 768w\" sizes=\"auto, (max-width: 895px) 100vw, 895px\" \/><\/a><\/p>\n<p>Este\u00a0lunes\u00a0Bad Bunny\u00a0protagoniz\u00f3 las noticias del mundo del espect\u00e1culo al anunciar su pr\u00f3xima gira de\u00a0conciertos\u00a0por estadios, donde est\u00e1 incluido el\u00a0Estadio Ol\u00edmpico F\u00e9lix S\u00e1nchez\u00a0de\u00a0Santo Domingo. Como era de esperarse el anuncio revolucion\u00f3 las redes sociales llenando de curiosos mensajes y memes.<\/p>\n<p>El anuncio fue abordado por el boricua como un nuevo hito importante para su carrera con su gira de estadios, \u201cWorld\u2019s Hottest Tour\u201d, donde se enfocar\u00e1 en presentarse en los estadios m\u00e1s importantes de Estados Unidos y Latinoam\u00e9rica.<\/p>\n<p>El empresario Gamal Hach\u00e9 confirm\u00f3 que el \u00abConejo Malo\u00bb se presentar\u00e1 en el pa\u00eds el 21 de octubre, en un espect\u00e1culo que promete ser el m\u00e1s impresionante de este 2022.<\/p>\n<p>El anuncio fue publicado por el propio artista en sus redes sociales, con un corto video en el que participan su novia Gabriela Berlingeri y el actor espa\u00f1ol Mario Casas.<\/p>\n<p>La gira comenzar\u00e1 el 5 de agosto en la ciudad de Orlando, FL, en el Camping World Stadium y continuar\u00e1 su recorrido por ciudades como Miami, Los \u00c1ngeles, Nueva York y muchas m\u00e1s, antes de dirigirse hacia Latinoam\u00e9rica en octubre. Las informaciones de las ventas de las boletas ser\u00e1n dadas a trav\u00e9s de\u00a0worldshottesttour.com., que ha informado la apertura de las ventas en varios pa\u00edses, mientras en la Rep\u00fablica Dominicana la apertura se dar\u00e1 pronto.<\/p>\n<p>A continuaci\u00f3n, algunos de los comentarios m\u00e1s hilarantes de dominicanos o residentes en el pa\u00eds tras el anuncio publicado por Diario Libre, donde dejan claro lo que estar\u00edan dispuestos a vender para lograr adquirir las boletas:<\/p>\n<p>\u00abComo que me estorba un ri\u00f1\u00f3n\u00bb.<\/p>\n<p>\u00abNo s\u00e9 para que la licuadora est\u00e1 en mi casa si no la uso, la vendo no negociable [sic] plis\u00bb.<\/p>\n<p>\u00abVendo nevera y lavadora negociable\u00bb.<\/p>\n<p>\u00abDos ri\u00f1ones como que son mucho\u00bb.<\/p>\n<p>\u00ab\u00bfA qui\u00e9n le interesa un ri\u00f1\u00f3n?\u00bb.<\/p>\n<p>\u00abOjal\u00e1 y me saque la loto antes de eso\u00bb.<\/p>\n<p>\u00abEs hora de vender mi h\u00edgado y ri\u00f1\u00f3n\u00bb.<\/p>\n<p>\u00abCreo que no necesito un ojo\u00bb.<\/p>\n<p>\u00abYa toy ahorrando\u00bb.<\/p>\n<p>\u00abVendo reloj, tenis, empe\u00f1o casa y vendo un ri\u00f1\u00f3n bastante saludable\u00bb.<\/p>\n<p>\u00abHahahahaha ya puedo ir dejando de comprarle las pastillas a mi abuela, da tiempo de aqu\u00ed al testamento\u00bb.<\/p>\n<p>\u00abEse no me lo pierdo yo aunque tenga que vender todo lo m\u00edo\u00bb.<\/p>\n","protected":false},"excerpt":{"rendered":"<p>Este\u00a0lunes\u00a0Bad Bunny\u00a0protagoniz\u00f3 las noticias del mundo del espect\u00e1culo al anunciar su pr\u00f3xima gira de\u00a0conciertos\u00a0por estadios, donde est\u00e1 incluido el\u00a0Estadio Ol\u00edmpico &#8230;<\/p>\n","protected":false},"author":2,"featured_media":114044,"comment_status":"open","ping_status":"open","sticky":false,"template":"","format":"standard","meta":{"footnotes":""},"categories":[31],"tags":[],"class_list":["post-114043","post","type-post","status-publish","format-standard","has-post-thumbnail","hentry","category-arte-y-espectaculo"],"yoast_head":"<!-- This site is optimized with the Yoast SEO plugin v24.8.1 - https:\/\/yoast.com\/wordpress\/plugins\/seo\/ -->\n<title>Los hilarantes comentarios que dej\u00f3 el anuncio del concierto de Bad Bunny - PotenciaRadiofonicaDominicana.com<\/title>\n<meta name=\"robots\" content=\"index, follow, max-snippet:-1, max-image-preview:large, max-video-preview:-1\" \/>\n<link rel=\"canonical\" href=\"https:\/\/potenciaradiofonicadominicana.com\/portal\/los-hilarantes-comentarios-que-dejo-el-anuncio-del-concierto-de-bad-bunny\/\" \/>\n<meta property=\"og:locale\" content=\"es_ES\" \/>\n<meta property=\"og:type\" content=\"article\" \/>\n<meta property=\"og:title\" content=\"Los hilarantes comentarios que dej\u00f3 el anuncio del concierto de Bad Bunny - PotenciaRadiofonicaDominicana.com\" \/>\n<meta property=\"og:description\" content=\"Este\u00a0lunes\u00a0Bad Bunny\u00a0protagoniz\u00f3 las noticias del mundo del espect\u00e1culo al anunciar su pr\u00f3xima gira de\u00a0conciertos\u00a0por estadios, donde est\u00e1 incluido el\u00a0Estadio Ol\u00edmpico ...\" \/>\n<meta property=\"og:url\" content=\"https:\/\/potenciaradiofonicadominicana.com\/portal\/los-hilarantes-comentarios-que-dejo-el-anuncio-del-concierto-de-bad-bunny\/\" \/>\n<meta property=\"og:site_name\" content=\"PotenciaRadiofonicaDominicana.com\" \/>\n<meta property=\"article:publisher\" content=\"https:\/\/web.facebook.com\/PotenciaRadiofonicaD\" \/>\n<meta property=\"article:published_time\" content=\"2022-01-26T13:31:18+00:00\" \/>\n<meta property=\"og:image\" content=\"https:\/\/potenciaradiofonicadominicana.com\/portal\/wp-content\/uploads\/2022\/01\/badbunnyboletos-a3295527-focus-min0.06-0.22-895-573.jpg\" \/>\n\t<meta property=\"og:image:width\" content=\"895\" \/>\n\t<meta property=\"og:image:height\" content=\"573\" \/>\n\t<meta property=\"og:image:type\" content=\"image\/jpeg\" \/>\n<meta name=\"author\" content=\"Potencia Radiof\u00f3nica Dominicana\" \/>\n<meta name=\"twitter:card\" content=\"summary_large_image\" \/>\n<meta name=\"twitter:label1\" content=\"Escrito por\" \/>\n\t<meta name=\"twitter:data1\" content=\"Potencia Radiof\u00f3nica Dominicana\" \/>\n\t<meta name=\"twitter:label2\" content=\"Tiempo de lectura\" \/>\n\t<meta name=\"twitter:data2\" content=\"2 minutos\" \/>\n<script type=\"application\/ld+json\" class=\"yoast-schema-graph\">{\"@context\":\"https:\/\/schema.org\",\"@graph\":[{\"@type\":\"Article\",\"@id\":\"https:\/\/potenciaradiofonicadominicana.com\/portal\/los-hilarantes-comentarios-que-dejo-el-anuncio-del-concierto-de-bad-bunny\/#article\",\"isPartOf\":{\"@id\":\"https:\/\/potenciaradiofonicadominicana.com\/portal\/los-hilarantes-comentarios-que-dejo-el-anuncio-del-concierto-de-bad-bunny\/\"},\"author\":{\"name\":\"Potencia Radiof\u00f3nica Dominicana\",\"@id\":\"https:\/\/potenciaradiofonicadominicana.com\/portal\/#\/schema\/person\/a5cf1fea13877803ee0573ac18b03490\"},\"headline\":\"Los hilarantes comentarios que dej\u00f3 el anuncio del concierto de Bad Bunny\",\"datePublished\":\"2022-01-26T13:31:18+00:00\",\"mainEntityOfPage\":{\"@id\":\"https:\/\/potenciaradiofonicadominicana.com\/portal\/los-hilarantes-comentarios-que-dejo-el-anuncio-del-concierto-de-bad-bunny\/\"},\"wordCount\":408,\"commentCount\":0,\"publisher\":{\"@id\":\"https:\/\/potenciaradiofonicadominicana.com\/portal\/#organization\"},\"image\":{\"@id\":\"https:\/\/potenciaradiofonicadominicana.com\/portal\/los-hilarantes-comentarios-que-dejo-el-anuncio-del-concierto-de-bad-bunny\/#primaryimage\"},\"thumbnailUrl\":\"https:\/\/potenciaradiofonicadominicana.com\/portal\/wp-content\/uploads\/2022\/01\/badbunnyboletos-a3295527-focus-min0.06-0.22-895-573.jpg\",\"articleSection\":[\"Arte y Espectaculo\"],\"inLanguage\":\"es\",\"potentialAction\":[{\"@type\":\"CommentAction\",\"name\":\"Comment\",\"target\":[\"https:\/\/potenciaradiofonicadominicana.com\/portal\/los-hilarantes-comentarios-que-dejo-el-anuncio-del-concierto-de-bad-bunny\/#respond\"]}]},{\"@type\":\"WebPage\",\"@id\":\"https:\/\/potenciaradiofonicadominicana.com\/portal\/los-hilarantes-comentarios-que-dejo-el-anuncio-del-concierto-de-bad-bunny\/\",\"url\":\"https:\/\/potenciaradiofonicadominicana.com\/portal\/los-hilarantes-comentarios-que-dejo-el-anuncio-del-concierto-de-bad-bunny\/\",\"name\":\"Los hilarantes comentarios que dej\u00f3 el anuncio del concierto de Bad Bunny - PotenciaRadiofonicaDominicana.com\",\"isPartOf\":{\"@id\":\"https:\/\/potenciaradiofonicadominicana.com\/portal\/#website\"},\"primaryImageOfPage\":{\"@id\":\"https:\/\/potenciaradiofonicadominicana.com\/portal\/los-hilarantes-comentarios-que-dejo-el-anuncio-del-concierto-de-bad-bunny\/#primaryimage\"},\"image\":{\"@id\":\"https:\/\/potenciaradiofonicadominicana.com\/portal\/los-hilarantes-comentarios-que-dejo-el-anuncio-del-concierto-de-bad-bunny\/#primaryimage\"},\"thumbnailUrl\":\"https:\/\/potenciaradiofonicadominicana.com\/portal\/wp-content\/uploads\/2022\/01\/badbunnyboletos-a3295527-focus-min0.06-0.22-895-573.jpg\",\"datePublished\":\"2022-01-26T13:31:18+00:00\",\"breadcrumb\":{\"@id\":\"https:\/\/potenciaradiofonicadominicana.com\/portal\/los-hilarantes-comentarios-que-dejo-el-anuncio-del-concierto-de-bad-bunny\/#breadcrumb\"},\"inLanguage\":\"es\",\"potentialAction\":[{\"@type\":\"ReadAction\",\"target\":[\"https:\/\/potenciaradiofonicadominicana.com\/portal\/los-hilarantes-comentarios-que-dejo-el-anuncio-del-concierto-de-bad-bunny\/\"]}]},{\"@type\":\"ImageObject\",\"inLanguage\":\"es\",\"@id\":\"https:\/\/potenciaradiofonicadominicana.com\/portal\/los-hilarantes-comentarios-que-dejo-el-anuncio-del-concierto-de-bad-bunny\/#primaryimage\",\"url\":\"https:\/\/potenciaradiofonicadominicana.com\/portal\/wp-content\/uploads\/2022\/01\/badbunnyboletos-a3295527-focus-min0.06-0.22-895-573.jpg\",\"contentUrl\":\"https:\/\/potenciaradiofonicadominicana.com\/portal\/wp-content\/uploads\/2022\/01\/badbunnyboletos-a3295527-focus-min0.06-0.22-895-573.jpg\",\"width\":895,\"height\":573},{\"@type\":\"BreadcrumbList\",\"@id\":\"https:\/\/potenciaradiofonicadominicana.com\/portal\/los-hilarantes-comentarios-que-dejo-el-anuncio-del-concierto-de-bad-bunny\/#breadcrumb\",\"itemListElement\":[{\"@type\":\"ListItem\",\"position\":1,\"name\":\"Portada\",\"item\":\"https:\/\/potenciaradiofonicadominicana.com\/portal\/\"},{\"@type\":\"ListItem\",\"position\":2,\"name\":\"Los hilarantes comentarios que dej\u00f3 el anuncio del concierto de Bad Bunny\"}]},{\"@type\":\"WebSite\",\"@id\":\"https:\/\/potenciaradiofonicadominicana.com\/portal\/#website\",\"url\":\"https:\/\/potenciaradiofonicadominicana.com\/portal\/\",\"name\":\"PotenciaRadiofonicaDominicana.com\",\"description\":\"Peri\u00f3dico Digital\",\"publisher\":{\"@id\":\"https:\/\/potenciaradiofonicadominicana.com\/portal\/#organization\"},\"potentialAction\":[{\"@type\":\"SearchAction\",\"target\":{\"@type\":\"EntryPoint\",\"urlTemplate\":\"https:\/\/potenciaradiofonicadominicana.com\/portal\/?s={search_term_string}\"},\"query-input\":{\"@type\":\"PropertyValueSpecification\",\"valueRequired\":true,\"valueName\":\"search_term_string\"}}],\"inLanguage\":\"es\"},{\"@type\":\"Organization\",\"@id\":\"https:\/\/potenciaradiofonicadominicana.com\/portal\/#organization\",\"name\":\"PotenciaRadiofonicaDominicana.com\",\"url\":\"https:\/\/potenciaradiofonicadominicana.com\/portal\/\",\"logo\":{\"@type\":\"ImageObject\",\"inLanguage\":\"es\",\"@id\":\"https:\/\/potenciaradiofonicadominicana.com\/portal\/#\/schema\/logo\/image\/\",\"url\":\"https:\/\/potenciaradiofonicadominicana.com\/portal\/wp-content\/uploads\/2022\/01\/descarga.png\",\"contentUrl\":\"https:\/\/potenciaradiofonicadominicana.com\/portal\/wp-content\/uploads\/2022\/01\/descarga.png\",\"width\":300,\"height\":100,\"caption\":\"PotenciaRadiofonicaDominicana.com\"},\"image\":{\"@id\":\"https:\/\/potenciaradiofonicadominicana.com\/portal\/#\/schema\/logo\/image\/\"},\"sameAs\":[\"https:\/\/web.facebook.com\/PotenciaRadiofonicaD\"]},{\"@type\":\"Person\",\"@id\":\"https:\/\/potenciaradiofonicadominicana.com\/portal\/#\/schema\/person\/a5cf1fea13877803ee0573ac18b03490\",\"name\":\"Potencia Radiof\u00f3nica Dominicana\",\"image\":{\"@type\":\"ImageObject\",\"inLanguage\":\"es\",\"@id\":\"https:\/\/potenciaradiofonicadominicana.com\/portal\/#\/schema\/person\/image\/\",\"url\":\"https:\/\/secure.gravatar.com\/avatar\/42a55ab9e8ccc656ba34cd791990602a?s=96&d=mm&r=g\",\"contentUrl\":\"https:\/\/secure.gravatar.com\/avatar\/42a55ab9e8ccc656ba34cd791990602a?s=96&d=mm&r=g\",\"caption\":\"Potencia Radiof\u00f3nica Dominicana\"},\"url\":\"https:\/\/potenciaradiofonicadominicana.com\/portal\/author\/johannyalmanzar\/\"}]}<\/script>\n<!-- \/ Yoast SEO plugin. -->","yoast_head_json":{"title":"Los hilarantes comentarios que dej\u00f3 el anuncio del concierto de Bad Bunny - PotenciaRadiofonicaDominicana.com","robots":{"index":"index","follow":"follow","max-snippet":"max-snippet:-1","max-image-preview":"max-image-preview:large","max-video-preview":"max-video-preview:-1"},"canonical":"https:\/\/potenciaradiofonicadominicana.com\/portal\/los-hilarantes-comentarios-que-dejo-el-anuncio-del-concierto-de-bad-bunny\/","og_locale":"es_ES","og_type":"article","og_title":"Los hilarantes comentarios que dej\u00f3 el anuncio del concierto de Bad Bunny - PotenciaRadiofonicaDominicana.com","og_description":"Este\u00a0lunes\u00a0Bad Bunny\u00a0protagoniz\u00f3 las noticias del mundo del espect\u00e1culo al anunciar su pr\u00f3xima gira de\u00a0conciertos\u00a0por estadios, donde est\u00e1 incluido el\u00a0Estadio Ol\u00edmpico ...","og_url":"https:\/\/potenciaradiofonicadominicana.com\/portal\/los-hilarantes-comentarios-que-dejo-el-anuncio-del-concierto-de-bad-bunny\/","og_site_name":"PotenciaRadiofonicaDominicana.com","article_publisher":"https:\/\/web.facebook.com\/PotenciaRadiofonicaD","article_published_time":"2022-01-26T13:31:18+00:00","og_image":[{"width":895,"height":573,"url":"https:\/\/potenciaradiofonicadominicana.com\/portal\/wp-content\/uploads\/2022\/01\/badbunnyboletos-a3295527-focus-min0.06-0.22-895-573.jpg","type":"image\/jpeg"}],"author":"Potencia Radiof\u00f3nica Dominicana","twitter_card":"summary_large_image","twitter_misc":{"Escrito por":"Potencia Radiof\u00f3nica Dominicana","Tiempo de lectura":"2 minutos"},"schema":{"@context":"https:\/\/schema.org","@graph":[{"@type":"Article","@id":"https:\/\/potenciaradiofonicadominicana.com\/portal\/los-hilarantes-comentarios-que-dejo-el-anuncio-del-concierto-de-bad-bunny\/#article","isPartOf":{"@id":"https:\/\/potenciaradiofonicadominicana.com\/portal\/los-hilarantes-comentarios-que-dejo-el-anuncio-del-concierto-de-bad-bunny\/"},"author":{"name":"Potencia Radiof\u00f3nica Dominicana","@id":"https:\/\/potenciaradiofonicadominicana.com\/portal\/#\/schema\/person\/a5cf1fea13877803ee0573ac18b03490"},"headline":"Los hilarantes comentarios que dej\u00f3 el anuncio del concierto de Bad Bunny","datePublished":"2022-01-26T13:31:18+00:00","mainEntityOfPage":{"@id":"https:\/\/potenciaradiofonicadominicana.com\/portal\/los-hilarantes-comentarios-que-dejo-el-anuncio-del-concierto-de-bad-bunny\/"},"wordCount":408,"commentCount":0,"publisher":{"@id":"https:\/\/potenciaradiofonicadominicana.com\/portal\/#organization"},"image":{"@id":"https:\/\/potenciaradiofonicadominicana.com\/portal\/los-hilarantes-comentarios-que-dejo-el-anuncio-del-concierto-de-bad-bunny\/#primaryimage"},"thumbnailUrl":"https:\/\/potenciaradiofonicadominicana.com\/portal\/wp-content\/uploads\/2022\/01\/badbunnyboletos-a3295527-focus-min0.06-0.22-895-573.jpg","articleSection":["Arte y Espectaculo"],"inLanguage":"es","potentialAction":[{"@type":"CommentAction","name":"Comment","target":["https:\/\/potenciaradiofonicadominicana.com\/portal\/los-hilarantes-comentarios-que-dejo-el-anuncio-del-concierto-de-bad-bunny\/#respond"]}]},{"@type":"WebPage","@id":"https:\/\/potenciaradiofonicadominicana.com\/portal\/los-hilarantes-comentarios-que-dejo-el-anuncio-del-concierto-de-bad-bunny\/","url":"https:\/\/potenciaradiofonicadominicana.com\/portal\/los-hilarantes-comentarios-que-dejo-el-anuncio-del-concierto-de-bad-bunny\/","name":"Los hilarantes comentarios que dej\u00f3 el anuncio del concierto de Bad Bunny - PotenciaRadiofonicaDominicana.com","isPartOf":{"@id":"https:\/\/potenciaradiofonicadominicana.com\/portal\/#website"},"primaryImageOfPage":{"@id":"https:\/\/potenciaradiofonicadominicana.com\/portal\/los-hilarantes-comentarios-que-dejo-el-anuncio-del-concierto-de-bad-bunny\/#primaryimage"},"image":{"@id":"https:\/\/potenciaradiofonicadominicana.com\/portal\/los-hilarantes-comentarios-que-dejo-el-anuncio-del-concierto-de-bad-bunny\/#primaryimage"},"thumbnailUrl":"https:\/\/potenciaradiofonicadominicana.com\/portal\/wp-content\/uploads\/2022\/01\/badbunnyboletos-a3295527-focus-min0.06-0.22-895-573.jpg","datePublished":"2022-01-26T13:31:18+00:00","breadcrumb":{"@id":"https:\/\/potenciaradiofonicadominicana.com\/portal\/los-hilarantes-comentarios-que-dejo-el-anuncio-del-concierto-de-bad-bunny\/#breadcrumb"},"inLanguage":"es","potentialAction":[{"@type":"ReadAction","target":["https:\/\/potenciaradiofonicadominicana.com\/portal\/los-hilarantes-comentarios-que-dejo-el-anuncio-del-concierto-de-bad-bunny\/"]}]},{"@type":"ImageObject","inLanguage":"es","@id":"https:\/\/potenciaradiofonicadominicana.com\/portal\/los-hilarantes-comentarios-que-dejo-el-anuncio-del-concierto-de-bad-bunny\/#primaryimage","url":"https:\/\/potenciaradiofonicadominicana.com\/portal\/wp-content\/uploads\/2022\/01\/badbunnyboletos-a3295527-focus-min0.06-0.22-895-573.jpg","contentUrl":"https:\/\/potenciaradiofonicadominicana.com\/portal\/wp-content\/uploads\/2022\/01\/badbunnyboletos-a3295527-focus-min0.06-0.22-895-573.jpg","width":895,"height":573},{"@type":"BreadcrumbList","@id":"https:\/\/potenciaradiofonicadominicana.com\/portal\/los-hilarantes-comentarios-que-dejo-el-anuncio-del-concierto-de-bad-bunny\/#breadcrumb","itemListElement":[{"@type":"ListItem","position":1,"name":"Portada","item":"https:\/\/potenciaradiofonicadominicana.com\/portal\/"},{"@type":"ListItem","position":2,"name":"Los hilarantes comentarios que dej\u00f3 el anuncio del concierto de Bad Bunny"}]},{"@type":"WebSite","@id":"https:\/\/potenciaradiofonicadominicana.com\/portal\/#website","url":"https:\/\/potenciaradiofonicadominicana.com\/portal\/","name":"PotenciaRadiofonicaDominicana.com","description":"Peri\u00f3dico Digital","publisher":{"@id":"https:\/\/potenciaradiofonicadominicana.com\/portal\/#organization"},"potentialAction":[{"@type":"SearchAction","target":{"@type":"EntryPoint","urlTemplate":"https:\/\/potenciaradiofonicadominicana.com\/portal\/?s={search_term_string}"},"query-input":{"@type":"PropertyValueSpecification","valueRequired":true,"valueName":"search_term_string"}}],"inLanguage":"es"},{"@type":"Organization","@id":"https:\/\/potenciaradiofonicadominicana.com\/portal\/#organization","name":"PotenciaRadiofonicaDominicana.com","url":"https:\/\/potenciaradiofonicadominicana.com\/portal\/","logo":{"@type":"ImageObject","inLanguage":"es","@id":"https:\/\/potenciaradiofonicadominicana.com\/portal\/#\/schema\/logo\/image\/","url":"https:\/\/potenciaradiofonicadominicana.com\/portal\/wp-content\/uploads\/2022\/01\/descarga.png","contentUrl":"https:\/\/potenciaradiofonicadominicana.com\/portal\/wp-content\/uploads\/2022\/01\/descarga.png","width":300,"height":100,"caption":"PotenciaRadiofonicaDominicana.com"},"image":{"@id":"https:\/\/potenciaradiofonicadominicana.com\/portal\/#\/schema\/logo\/image\/"},"sameAs":["https:\/\/web.facebook.com\/PotenciaRadiofonicaD"]},{"@type":"Person","@id":"https:\/\/potenciaradiofonicadominicana.com\/portal\/#\/schema\/person\/a5cf1fea13877803ee0573ac18b03490","name":"Potencia Radiof\u00f3nica Dominicana","image":{"@type":"ImageObject","inLanguage":"es","@id":"https:\/\/potenciaradiofonicadominicana.com\/portal\/#\/schema\/person\/image\/","url":"https:\/\/secure.gravatar.com\/avatar\/42a55ab9e8ccc656ba34cd791990602a?s=96&d=mm&r=g","contentUrl":"https:\/\/secure.gravatar.com\/avatar\/42a55ab9e8ccc656ba34cd791990602a?s=96&d=mm&r=g","caption":"Potencia Radiof\u00f3nica Dominicana"},"url":"https:\/\/potenciaradiofonicadominicana.com\/portal\/author\/johannyalmanzar\/"}]}},"_links":{"self":[{"href":"https:\/\/potenciaradiofonicadominicana.com\/portal\/wp-json\/wp\/v2\/posts\/114043","targetHints":{"allow":["GET"]}}],"collection":[{"href":"https:\/\/potenciaradiofonicadominicana.com\/portal\/wp-json\/wp\/v2\/posts"}],"about":[{"href":"https:\/\/potenciaradiofonicadominicana.com\/portal\/wp-json\/wp\/v2\/types\/post"}],"author":[{"embeddable":true,"href":"https:\/\/potenciaradiofonicadominicana.com\/portal\/wp-json\/wp\/v2\/users\/2"}],"replies":[{"embeddable":true,"href":"https:\/\/potenciaradiofonicadominicana.com\/portal\/wp-json\/wp\/v2\/comments?post=114043"}],"version-history":[{"count":1,"href":"https:\/\/potenciaradiofonicadominicana.com\/portal\/wp-json\/wp\/v2\/posts\/114043\/revisions"}],"predecessor-version":[{"id":114047,"href":"https:\/\/potenciaradiofonicadominicana.com\/portal\/wp-json\/wp\/v2\/posts\/114043\/revisions\/114047"}],"wp:featuredmedia":[{"embeddable":true,"href":"https:\/\/potenciaradiofonicadominicana.com\/portal\/wp-json\/wp\/v2\/media\/114044"}],"wp:attachment":[{"href":"https:\/\/potenciaradiofonicadominicana.com\/portal\/wp-json\/wp\/v2\/media?parent=114043"}],"wp:term":[{"taxonomy":"category","embeddable":true,"href":"https:\/\/potenciaradiofonicadominicana.com\/portal\/wp-json\/wp\/v2\/categories?post=114043"},{"taxonomy":"post_tag","embeddable":true,"href":"https:\/\/potenciaradiofonicadominicana.com\/portal\/wp-json\/wp\/v2\/tags?post=114043"}],"curies":[{"name":"wp","href":"https:\/\/api.w.org\/{rel}","templated":true}]}}