{"id":114039,"date":"2022-01-26T09:28:40","date_gmt":"2022-01-26T13:28:40","guid":{"rendered":"https:\/\/potenciaradiofonicadominicana.com\/portal\/?p=114039"},"modified":"2022-01-26T09:28:40","modified_gmt":"2022-01-26T13:28:40","slug":"suzuki-y-santo-domingo-motors-entregan-donativos-a-entidades-beneficas","status":"publish","type":"post","link":"https:\/\/potenciaradiofonicadominicana.com\/portal\/suzuki-y-santo-domingo-motors-entregan-donativos-a-entidades-beneficas\/","title":{"rendered":"Suzuki y Santo Domingo Motors entregan donativos a entidades ben\u00e9ficas"},"content":{"rendered":"<p><a href=\"https:\/\/potenciaradiofonicadominicana.com\/portal\/wp-content\/uploads\/2022\/01\/foto-1-ejecutivo-de-santo-domingo-motors-entregan-el-donativo-a-directivos-de-nido-de-\u00e1ngeles-e8d33f9b-focus-min0.1-0.06-895-573.jpg\"><img loading=\"lazy\" decoding=\"async\" class=\"alignnone size-full wp-image-114040\" src=\"https:\/\/potenciaradiofonicadominicana.com\/portal\/wp-content\/uploads\/2022\/01\/foto-1-ejecutivo-de-santo-domingo-motors-entregan-el-donativo-a-directivos-de-nido-de-\u00e1ngeles-e8d33f9b-focus-min0.1-0.06-895-573.jpg\" alt=\"\" width=\"895\" height=\"573\" srcset=\"https:\/\/potenciaradiofonicadominicana.com\/portal\/wp-content\/uploads\/2022\/01\/foto-1-ejecutivo-de-santo-domingo-motors-entregan-el-donativo-a-directivos-de-nido-de-\u00e1ngeles-e8d33f9b-focus-min0.1-0.06-895-573.jpg 895w, https:\/\/potenciaradiofonicadominicana.com\/portal\/wp-content\/uploads\/2022\/01\/foto-1-ejecutivo-de-santo-domingo-motors-entregan-el-donativo-a-directivos-de-nido-de-\u00e1ngeles-e8d33f9b-focus-min0.1-0.06-895-573-300x192.jpg 300w, https:\/\/potenciaradiofonicadominicana.com\/portal\/wp-content\/uploads\/2022\/01\/foto-1-ejecutivo-de-santo-domingo-motors-entregan-el-donativo-a-directivos-de-nido-de-\u00e1ngeles-e8d33f9b-focus-min0.1-0.06-895-573-768x492.jpg 768w\" sizes=\"auto, (max-width: 895px) 100vw, 895px\" \/><\/a><\/p>\n<p>El ejecutivo de la empresa automotriz indic\u00f3 que cada fundaci\u00f3n recibi\u00f3 la suma de cien mil pesos, y que en el caso del\u00a0Patronato Cibao de Rehabilitaci\u00f3n\u00a0de Santiago estos fondos servir\u00e1n para ampliar el Centro de Terapia Integral para Ni\u00f1os Autistas, que ser\u00e1 el primero del pa\u00eds dedicado exclusivamente para el tratamiento de esta condici\u00f3n y cuya demanda de estos servicios de salud se ha duplicado, por ser el \u00fanico en la regi\u00f3n del Cibao.<\/p>\n<p>En cuanto a la\u00a0Fundaci\u00f3n Nido para \u00c1ngeles, Chuan se\u00f1al\u00f3 que este aporte ser\u00e1 utilizado para apoyar el programa de transporte de ni\u00f1os que asisten a recibir sus terapias desde distintos puntos del interior del pa\u00eds.<\/p>\n<p>El\u00a0Patronato Cibao de Rehabilitaci\u00f3n\u00a0es una instituci\u00f3n sin fines de lucro, fundada el 7 de diciembre de 1967, con objetivo de prestar servicios de medicina f\u00edsica y rehabilitaci\u00f3n integral a ni\u00f1os y adultos con discapacidades f\u00edsicas cong\u00e9nitas o adquiridas, para su integraci\u00f3n socioecon\u00f3mica.<\/p>\n<figure class=\"inline-block\">\n<div class=\"expand-img-placeholder\"><img loading=\"lazy\" decoding=\"async\" src=\"https:\/\/diariolibre.blob.core.windows.net.optimalcdn.com\/images\/expand.svg\" alt=\"Expandir imagen\" width=\"20\" height=\"20\" \/><\/div>\n<picture><img decoding=\"async\" class=\"mx-auto lazy loaded\" src=\"https:\/\/diariolibre.blob.core.windows.net.optimalcdn.com\/images\/2022\/01\/25\/foto-2-directivos-del-patronato-cibao-de-rehabilitaci%C3%B3n-reciben-los-recursos-de-ejecutivos-de-suzuki-y-sdm-4ed0d517.jpg\" alt=\"Infograf\u00eda\" width=\"auto\" height=\"350\" data-src=\"https:\/\/diariolibre.blob.core.windows.net.optimalcdn.com\/images\/2022\/01\/25\/foto-2-directivos-del-patronato-cibao-de-rehabilitaci\u00f3n-reciben-los-recursos-de-ejecutivos-de-suzuki-y-sdm-4ed0d517.jpg\" data-was-processed=\"true\" \/><\/picture><figcaption>Directivos del Patronato Cibao de Rehabilitaci\u00f3n reciben los recursos de ejecutivos de Suzuki y SDM.\u00a0(FUENTE EXTERNA\u00a0)<\/figcaption><\/figure>\n<p>Mientras que Nido para \u00c1ngeles es una fundaci\u00f3n creada el 11 de diciembre de 2007, por iniciativa de un grupo de padres y madres de ni\u00f1os con par\u00e1lisis cerebral, con el fin de prestar un servicio terap\u00e9utico e integral a esta poblaci\u00f3n que vive con esta condici\u00f3n.<\/p>\n<p>Desde entonces la fundaci\u00f3n ha tenido como meta sensibilizar y educar a la poblaci\u00f3n sobre las caracter\u00edsticas y condiciones de estos menores ya que ellos constituyen un grupo poblacional particularmente vulnerable en el contexto de las comunidades de escasos recursos econ\u00f3micos de Rep\u00fablica Dominicana.<\/p>\n","protected":false},"excerpt":{"rendered":"<p>El ejecutivo de la empresa automotriz indic\u00f3 que cada fundaci\u00f3n recibi\u00f3 la suma de cien mil pesos, y que en &#8230;<\/p>\n","protected":false},"author":2,"featured_media":114040,"comment_status":"open","ping_status":"open","sticky":false,"template":"","format":"standard","meta":{"footnotes":""},"categories":[31],"tags":[],"class_list":["post-114039","post","type-post","status-publish","format-standard","has-post-thumbnail","hentry","category-arte-y-espectaculo"],"yoast_head":"<!-- This site is optimized with the Yoast SEO plugin v24.8.1 - https:\/\/yoast.com\/wordpress\/plugins\/seo\/ -->\n<title>Suzuki y Santo Domingo Motors entregan donativos a entidades ben\u00e9ficas - PotenciaRadiofonicaDominicana.com<\/title>\n<meta name=\"robots\" content=\"index, follow, max-snippet:-1, max-image-preview:large, max-video-preview:-1\" \/>\n<link rel=\"canonical\" href=\"https:\/\/potenciaradiofonicadominicana.com\/portal\/suzuki-y-santo-domingo-motors-entregan-donativos-a-entidades-beneficas\/\" \/>\n<meta property=\"og:locale\" content=\"es_ES\" \/>\n<meta property=\"og:type\" content=\"article\" \/>\n<meta property=\"og:title\" content=\"Suzuki y Santo Domingo Motors entregan donativos a entidades ben\u00e9ficas - PotenciaRadiofonicaDominicana.com\" \/>\n<meta property=\"og:description\" content=\"El ejecutivo de la empresa automotriz indic\u00f3 que cada fundaci\u00f3n recibi\u00f3 la suma de cien mil pesos, y que en ...\" \/>\n<meta property=\"og:url\" content=\"https:\/\/potenciaradiofonicadominicana.com\/portal\/suzuki-y-santo-domingo-motors-entregan-donativos-a-entidades-beneficas\/\" \/>\n<meta property=\"og:site_name\" content=\"PotenciaRadiofonicaDominicana.com\" \/>\n<meta property=\"article:publisher\" content=\"https:\/\/web.facebook.com\/PotenciaRadiofonicaD\" \/>\n<meta property=\"article:published_time\" content=\"2022-01-26T13:28:40+00:00\" \/>\n<meta property=\"og:image\" content=\"https:\/\/potenciaradiofonicadominicana.com\/portal\/wp-content\/uploads\/2022\/01\/foto-1-ejecutivo-de-santo-domingo-motors-entregan-el-donativo-a-directivos-de-nido-de-\u00e1ngeles-e8d33f9b-focus-min0.1-0.06-895-573.jpg\" \/>\n\t<meta property=\"og:image:width\" content=\"895\" \/>\n\t<meta property=\"og:image:height\" content=\"573\" \/>\n\t<meta property=\"og:image:type\" content=\"image\/jpeg\" \/>\n<meta name=\"author\" content=\"Potencia Radiof\u00f3nica Dominicana\" \/>\n<meta name=\"twitter:card\" content=\"summary_large_image\" \/>\n<meta name=\"twitter:label1\" content=\"Escrito por\" \/>\n\t<meta name=\"twitter:data1\" content=\"Potencia Radiof\u00f3nica Dominicana\" \/>\n\t<meta name=\"twitter:label2\" content=\"Tiempo de lectura\" \/>\n\t<meta name=\"twitter:data2\" content=\"1 minuto\" \/>\n<script type=\"application\/ld+json\" class=\"yoast-schema-graph\">{\"@context\":\"https:\/\/schema.org\",\"@graph\":[{\"@type\":\"Article\",\"@id\":\"https:\/\/potenciaradiofonicadominicana.com\/portal\/suzuki-y-santo-domingo-motors-entregan-donativos-a-entidades-beneficas\/#article\",\"isPartOf\":{\"@id\":\"https:\/\/potenciaradiofonicadominicana.com\/portal\/suzuki-y-santo-domingo-motors-entregan-donativos-a-entidades-beneficas\/\"},\"author\":{\"name\":\"Potencia Radiof\u00f3nica Dominicana\",\"@id\":\"https:\/\/potenciaradiofonicadominicana.com\/portal\/#\/schema\/person\/a5cf1fea13877803ee0573ac18b03490\"},\"headline\":\"Suzuki y Santo Domingo Motors entregan donativos a entidades ben\u00e9ficas\",\"datePublished\":\"2022-01-26T13:28:40+00:00\",\"mainEntityOfPage\":{\"@id\":\"https:\/\/potenciaradiofonicadominicana.com\/portal\/suzuki-y-santo-domingo-motors-entregan-donativos-a-entidades-beneficas\/\"},\"wordCount\":303,\"commentCount\":0,\"publisher\":{\"@id\":\"https:\/\/potenciaradiofonicadominicana.com\/portal\/#organization\"},\"image\":{\"@id\":\"https:\/\/potenciaradiofonicadominicana.com\/portal\/suzuki-y-santo-domingo-motors-entregan-donativos-a-entidades-beneficas\/#primaryimage\"},\"thumbnailUrl\":\"https:\/\/potenciaradiofonicadominicana.com\/portal\/wp-content\/uploads\/2022\/01\/foto-1-ejecutivo-de-santo-domingo-motors-entregan-el-donativo-a-directivos-de-nido-de-\u00e1ngeles-e8d33f9b-focus-min0.1-0.06-895-573.jpg\",\"articleSection\":[\"Arte y Espectaculo\"],\"inLanguage\":\"es\",\"potentialAction\":[{\"@type\":\"CommentAction\",\"name\":\"Comment\",\"target\":[\"https:\/\/potenciaradiofonicadominicana.com\/portal\/suzuki-y-santo-domingo-motors-entregan-donativos-a-entidades-beneficas\/#respond\"]}]},{\"@type\":\"WebPage\",\"@id\":\"https:\/\/potenciaradiofonicadominicana.com\/portal\/suzuki-y-santo-domingo-motors-entregan-donativos-a-entidades-beneficas\/\",\"url\":\"https:\/\/potenciaradiofonicadominicana.com\/portal\/suzuki-y-santo-domingo-motors-entregan-donativos-a-entidades-beneficas\/\",\"name\":\"Suzuki y Santo Domingo Motors entregan donativos a entidades ben\u00e9ficas - PotenciaRadiofonicaDominicana.com\",\"isPartOf\":{\"@id\":\"https:\/\/potenciaradiofonicadominicana.com\/portal\/#website\"},\"primaryImageOfPage\":{\"@id\":\"https:\/\/potenciaradiofonicadominicana.com\/portal\/suzuki-y-santo-domingo-motors-entregan-donativos-a-entidades-beneficas\/#primaryimage\"},\"image\":{\"@id\":\"https:\/\/potenciaradiofonicadominicana.com\/portal\/suzuki-y-santo-domingo-motors-entregan-donativos-a-entidades-beneficas\/#primaryimage\"},\"thumbnailUrl\":\"https:\/\/potenciaradiofonicadominicana.com\/portal\/wp-content\/uploads\/2022\/01\/foto-1-ejecutivo-de-santo-domingo-motors-entregan-el-donativo-a-directivos-de-nido-de-\u00e1ngeles-e8d33f9b-focus-min0.1-0.06-895-573.jpg\",\"datePublished\":\"2022-01-26T13:28:40+00:00\",\"breadcrumb\":{\"@id\":\"https:\/\/potenciaradiofonicadominicana.com\/portal\/suzuki-y-santo-domingo-motors-entregan-donativos-a-entidades-beneficas\/#breadcrumb\"},\"inLanguage\":\"es\",\"potentialAction\":[{\"@type\":\"ReadAction\",\"target\":[\"https:\/\/potenciaradiofonicadominicana.com\/portal\/suzuki-y-santo-domingo-motors-entregan-donativos-a-entidades-beneficas\/\"]}]},{\"@type\":\"ImageObject\",\"inLanguage\":\"es\",\"@id\":\"https:\/\/potenciaradiofonicadominicana.com\/portal\/suzuki-y-santo-domingo-motors-entregan-donativos-a-entidades-beneficas\/#primaryimage\",\"url\":\"https:\/\/potenciaradiofonicadominicana.com\/portal\/wp-content\/uploads\/2022\/01\/foto-1-ejecutivo-de-santo-domingo-motors-entregan-el-donativo-a-directivos-de-nido-de-\u00e1ngeles-e8d33f9b-focus-min0.1-0.06-895-573.jpg\",\"contentUrl\":\"https:\/\/potenciaradiofonicadominicana.com\/portal\/wp-content\/uploads\/2022\/01\/foto-1-ejecutivo-de-santo-domingo-motors-entregan-el-donativo-a-directivos-de-nido-de-\u00e1ngeles-e8d33f9b-focus-min0.1-0.06-895-573.jpg\",\"width\":895,\"height\":573},{\"@type\":\"BreadcrumbList\",\"@id\":\"https:\/\/potenciaradiofonicadominicana.com\/portal\/suzuki-y-santo-domingo-motors-entregan-donativos-a-entidades-beneficas\/#breadcrumb\",\"itemListElement\":[{\"@type\":\"ListItem\",\"position\":1,\"name\":\"Portada\",\"item\":\"https:\/\/potenciaradiofonicadominicana.com\/portal\/\"},{\"@type\":\"ListItem\",\"position\":2,\"name\":\"Suzuki y Santo Domingo Motors entregan donativos a entidades ben\u00e9ficas\"}]},{\"@type\":\"WebSite\",\"@id\":\"https:\/\/potenciaradiofonicadominicana.com\/portal\/#website\",\"url\":\"https:\/\/potenciaradiofonicadominicana.com\/portal\/\",\"name\":\"PotenciaRadiofonicaDominicana.com\",\"description\":\"Peri\u00f3dico Digital\",\"publisher\":{\"@id\":\"https:\/\/potenciaradiofonicadominicana.com\/portal\/#organization\"},\"potentialAction\":[{\"@type\":\"SearchAction\",\"target\":{\"@type\":\"EntryPoint\",\"urlTemplate\":\"https:\/\/potenciaradiofonicadominicana.com\/portal\/?s={search_term_string}\"},\"query-input\":{\"@type\":\"PropertyValueSpecification\",\"valueRequired\":true,\"valueName\":\"search_term_string\"}}],\"inLanguage\":\"es\"},{\"@type\":\"Organization\",\"@id\":\"https:\/\/potenciaradiofonicadominicana.com\/portal\/#organization\",\"name\":\"PotenciaRadiofonicaDominicana.com\",\"url\":\"https:\/\/potenciaradiofonicadominicana.com\/portal\/\",\"logo\":{\"@type\":\"ImageObject\",\"inLanguage\":\"es\",\"@id\":\"https:\/\/potenciaradiofonicadominicana.com\/portal\/#\/schema\/logo\/image\/\",\"url\":\"https:\/\/potenciaradiofonicadominicana.com\/portal\/wp-content\/uploads\/2022\/01\/descarga.png\",\"contentUrl\":\"https:\/\/potenciaradiofonicadominicana.com\/portal\/wp-content\/uploads\/2022\/01\/descarga.png\",\"width\":300,\"height\":100,\"caption\":\"PotenciaRadiofonicaDominicana.com\"},\"image\":{\"@id\":\"https:\/\/potenciaradiofonicadominicana.com\/portal\/#\/schema\/logo\/image\/\"},\"sameAs\":[\"https:\/\/web.facebook.com\/PotenciaRadiofonicaD\"]},{\"@type\":\"Person\",\"@id\":\"https:\/\/potenciaradiofonicadominicana.com\/portal\/#\/schema\/person\/a5cf1fea13877803ee0573ac18b03490\",\"name\":\"Potencia Radiof\u00f3nica Dominicana\",\"image\":{\"@type\":\"ImageObject\",\"inLanguage\":\"es\",\"@id\":\"https:\/\/potenciaradiofonicadominicana.com\/portal\/#\/schema\/person\/image\/\",\"url\":\"https:\/\/secure.gravatar.com\/avatar\/42a55ab9e8ccc656ba34cd791990602a?s=96&d=mm&r=g\",\"contentUrl\":\"https:\/\/secure.gravatar.com\/avatar\/42a55ab9e8ccc656ba34cd791990602a?s=96&d=mm&r=g\",\"caption\":\"Potencia Radiof\u00f3nica Dominicana\"},\"url\":\"https:\/\/potenciaradiofonicadominicana.com\/portal\/author\/johannyalmanzar\/\"}]}<\/script>\n<!-- \/ Yoast SEO plugin. -->","yoast_head_json":{"title":"Suzuki y Santo Domingo Motors entregan donativos a entidades ben\u00e9ficas - PotenciaRadiofonicaDominicana.com","robots":{"index":"index","follow":"follow","max-snippet":"max-snippet:-1","max-image-preview":"max-image-preview:large","max-video-preview":"max-video-preview:-1"},"canonical":"https:\/\/potenciaradiofonicadominicana.com\/portal\/suzuki-y-santo-domingo-motors-entregan-donativos-a-entidades-beneficas\/","og_locale":"es_ES","og_type":"article","og_title":"Suzuki y Santo Domingo Motors entregan donativos a entidades ben\u00e9ficas - PotenciaRadiofonicaDominicana.com","og_description":"El ejecutivo de la empresa automotriz indic\u00f3 que cada fundaci\u00f3n recibi\u00f3 la suma de cien mil pesos, y que en ...","og_url":"https:\/\/potenciaradiofonicadominicana.com\/portal\/suzuki-y-santo-domingo-motors-entregan-donativos-a-entidades-beneficas\/","og_site_name":"PotenciaRadiofonicaDominicana.com","article_publisher":"https:\/\/web.facebook.com\/PotenciaRadiofonicaD","article_published_time":"2022-01-26T13:28:40+00:00","og_image":[{"width":895,"height":573,"url":"https:\/\/potenciaradiofonicadominicana.com\/portal\/wp-content\/uploads\/2022\/01\/foto-1-ejecutivo-de-santo-domingo-motors-entregan-el-donativo-a-directivos-de-nido-de-\u00e1ngeles-e8d33f9b-focus-min0.1-0.06-895-573.jpg","type":"image\/jpeg"}],"author":"Potencia Radiof\u00f3nica Dominicana","twitter_card":"summary_large_image","twitter_misc":{"Escrito por":"Potencia Radiof\u00f3nica Dominicana","Tiempo de lectura":"1 minuto"},"schema":{"@context":"https:\/\/schema.org","@graph":[{"@type":"Article","@id":"https:\/\/potenciaradiofonicadominicana.com\/portal\/suzuki-y-santo-domingo-motors-entregan-donativos-a-entidades-beneficas\/#article","isPartOf":{"@id":"https:\/\/potenciaradiofonicadominicana.com\/portal\/suzuki-y-santo-domingo-motors-entregan-donativos-a-entidades-beneficas\/"},"author":{"name":"Potencia Radiof\u00f3nica Dominicana","@id":"https:\/\/potenciaradiofonicadominicana.com\/portal\/#\/schema\/person\/a5cf1fea13877803ee0573ac18b03490"},"headline":"Suzuki y Santo Domingo Motors entregan donativos a entidades ben\u00e9ficas","datePublished":"2022-01-26T13:28:40+00:00","mainEntityOfPage":{"@id":"https:\/\/potenciaradiofonicadominicana.com\/portal\/suzuki-y-santo-domingo-motors-entregan-donativos-a-entidades-beneficas\/"},"wordCount":303,"commentCount":0,"publisher":{"@id":"https:\/\/potenciaradiofonicadominicana.com\/portal\/#organization"},"image":{"@id":"https:\/\/potenciaradiofonicadominicana.com\/portal\/suzuki-y-santo-domingo-motors-entregan-donativos-a-entidades-beneficas\/#primaryimage"},"thumbnailUrl":"https:\/\/potenciaradiofonicadominicana.com\/portal\/wp-content\/uploads\/2022\/01\/foto-1-ejecutivo-de-santo-domingo-motors-entregan-el-donativo-a-directivos-de-nido-de-\u00e1ngeles-e8d33f9b-focus-min0.1-0.06-895-573.jpg","articleSection":["Arte y Espectaculo"],"inLanguage":"es","potentialAction":[{"@type":"CommentAction","name":"Comment","target":["https:\/\/potenciaradiofonicadominicana.com\/portal\/suzuki-y-santo-domingo-motors-entregan-donativos-a-entidades-beneficas\/#respond"]}]},{"@type":"WebPage","@id":"https:\/\/potenciaradiofonicadominicana.com\/portal\/suzuki-y-santo-domingo-motors-entregan-donativos-a-entidades-beneficas\/","url":"https:\/\/potenciaradiofonicadominicana.com\/portal\/suzuki-y-santo-domingo-motors-entregan-donativos-a-entidades-beneficas\/","name":"Suzuki y Santo Domingo Motors entregan donativos a entidades ben\u00e9ficas - PotenciaRadiofonicaDominicana.com","isPartOf":{"@id":"https:\/\/potenciaradiofonicadominicana.com\/portal\/#website"},"primaryImageOfPage":{"@id":"https:\/\/potenciaradiofonicadominicana.com\/portal\/suzuki-y-santo-domingo-motors-entregan-donativos-a-entidades-beneficas\/#primaryimage"},"image":{"@id":"https:\/\/potenciaradiofonicadominicana.com\/portal\/suzuki-y-santo-domingo-motors-entregan-donativos-a-entidades-beneficas\/#primaryimage"},"thumbnailUrl":"https:\/\/potenciaradiofonicadominicana.com\/portal\/wp-content\/uploads\/2022\/01\/foto-1-ejecutivo-de-santo-domingo-motors-entregan-el-donativo-a-directivos-de-nido-de-\u00e1ngeles-e8d33f9b-focus-min0.1-0.06-895-573.jpg","datePublished":"2022-01-26T13:28:40+00:00","breadcrumb":{"@id":"https:\/\/potenciaradiofonicadominicana.com\/portal\/suzuki-y-santo-domingo-motors-entregan-donativos-a-entidades-beneficas\/#breadcrumb"},"inLanguage":"es","potentialAction":[{"@type":"ReadAction","target":["https:\/\/potenciaradiofonicadominicana.com\/portal\/suzuki-y-santo-domingo-motors-entregan-donativos-a-entidades-beneficas\/"]}]},{"@type":"ImageObject","inLanguage":"es","@id":"https:\/\/potenciaradiofonicadominicana.com\/portal\/suzuki-y-santo-domingo-motors-entregan-donativos-a-entidades-beneficas\/#primaryimage","url":"https:\/\/potenciaradiofonicadominicana.com\/portal\/wp-content\/uploads\/2022\/01\/foto-1-ejecutivo-de-santo-domingo-motors-entregan-el-donativo-a-directivos-de-nido-de-\u00e1ngeles-e8d33f9b-focus-min0.1-0.06-895-573.jpg","contentUrl":"https:\/\/potenciaradiofonicadominicana.com\/portal\/wp-content\/uploads\/2022\/01\/foto-1-ejecutivo-de-santo-domingo-motors-entregan-el-donativo-a-directivos-de-nido-de-\u00e1ngeles-e8d33f9b-focus-min0.1-0.06-895-573.jpg","width":895,"height":573},{"@type":"BreadcrumbList","@id":"https:\/\/potenciaradiofonicadominicana.com\/portal\/suzuki-y-santo-domingo-motors-entregan-donativos-a-entidades-beneficas\/#breadcrumb","itemListElement":[{"@type":"ListItem","position":1,"name":"Portada","item":"https:\/\/potenciaradiofonicadominicana.com\/portal\/"},{"@type":"ListItem","position":2,"name":"Suzuki y Santo Domingo Motors entregan donativos a entidades ben\u00e9ficas"}]},{"@type":"WebSite","@id":"https:\/\/potenciaradiofonicadominicana.com\/portal\/#website","url":"https:\/\/potenciaradiofonicadominicana.com\/portal\/","name":"PotenciaRadiofonicaDominicana.com","description":"Peri\u00f3dico Digital","publisher":{"@id":"https:\/\/potenciaradiofonicadominicana.com\/portal\/#organization"},"potentialAction":[{"@type":"SearchAction","target":{"@type":"EntryPoint","urlTemplate":"https:\/\/potenciaradiofonicadominicana.com\/portal\/?s={search_term_string}"},"query-input":{"@type":"PropertyValueSpecification","valueRequired":true,"valueName":"search_term_string"}}],"inLanguage":"es"},{"@type":"Organization","@id":"https:\/\/potenciaradiofonicadominicana.com\/portal\/#organization","name":"PotenciaRadiofonicaDominicana.com","url":"https:\/\/potenciaradiofonicadominicana.com\/portal\/","logo":{"@type":"ImageObject","inLanguage":"es","@id":"https:\/\/potenciaradiofonicadominicana.com\/portal\/#\/schema\/logo\/image\/","url":"https:\/\/potenciaradiofonicadominicana.com\/portal\/wp-content\/uploads\/2022\/01\/descarga.png","contentUrl":"https:\/\/potenciaradiofonicadominicana.com\/portal\/wp-content\/uploads\/2022\/01\/descarga.png","width":300,"height":100,"caption":"PotenciaRadiofonicaDominicana.com"},"image":{"@id":"https:\/\/potenciaradiofonicadominicana.com\/portal\/#\/schema\/logo\/image\/"},"sameAs":["https:\/\/web.facebook.com\/PotenciaRadiofonicaD"]},{"@type":"Person","@id":"https:\/\/potenciaradiofonicadominicana.com\/portal\/#\/schema\/person\/a5cf1fea13877803ee0573ac18b03490","name":"Potencia Radiof\u00f3nica Dominicana","image":{"@type":"ImageObject","inLanguage":"es","@id":"https:\/\/potenciaradiofonicadominicana.com\/portal\/#\/schema\/person\/image\/","url":"https:\/\/secure.gravatar.com\/avatar\/42a55ab9e8ccc656ba34cd791990602a?s=96&d=mm&r=g","contentUrl":"https:\/\/secure.gravatar.com\/avatar\/42a55ab9e8ccc656ba34cd791990602a?s=96&d=mm&r=g","caption":"Potencia Radiof\u00f3nica Dominicana"},"url":"https:\/\/potenciaradiofonicadominicana.com\/portal\/author\/johannyalmanzar\/"}]}},"_links":{"self":[{"href":"https:\/\/potenciaradiofonicadominicana.com\/portal\/wp-json\/wp\/v2\/posts\/114039","targetHints":{"allow":["GET"]}}],"collection":[{"href":"https:\/\/potenciaradiofonicadominicana.com\/portal\/wp-json\/wp\/v2\/posts"}],"about":[{"href":"https:\/\/potenciaradiofonicadominicana.com\/portal\/wp-json\/wp\/v2\/types\/post"}],"author":[{"embeddable":true,"href":"https:\/\/potenciaradiofonicadominicana.com\/portal\/wp-json\/wp\/v2\/users\/2"}],"replies":[{"embeddable":true,"href":"https:\/\/potenciaradiofonicadominicana.com\/portal\/wp-json\/wp\/v2\/comments?post=114039"}],"version-history":[{"count":1,"href":"https:\/\/potenciaradiofonicadominicana.com\/portal\/wp-json\/wp\/v2\/posts\/114039\/revisions"}],"predecessor-version":[{"id":114042,"href":"https:\/\/potenciaradiofonicadominicana.com\/portal\/wp-json\/wp\/v2\/posts\/114039\/revisions\/114042"}],"wp:featuredmedia":[{"embeddable":true,"href":"https:\/\/potenciaradiofonicadominicana.com\/portal\/wp-json\/wp\/v2\/media\/114040"}],"wp:attachment":[{"href":"https:\/\/potenciaradiofonicadominicana.com\/portal\/wp-json\/wp\/v2\/media?parent=114039"}],"wp:term":[{"taxonomy":"category","embeddable":true,"href":"https:\/\/potenciaradiofonicadominicana.com\/portal\/wp-json\/wp\/v2\/categories?post=114039"},{"taxonomy":"post_tag","embeddable":true,"href":"https:\/\/potenciaradiofonicadominicana.com\/portal\/wp-json\/wp\/v2\/tags?post=114039"}],"curies":[{"name":"wp","href":"https:\/\/api.w.org\/{rel}","templated":true}]}}