{"id":113951,"date":"2022-01-25T16:06:12","date_gmt":"2022-01-25T20:06:12","guid":{"rendered":"https:\/\/potenciaradiofonicadominicana.com\/portal\/?p=113951"},"modified":"2022-01-25T16:06:12","modified_gmt":"2022-01-25T20:06:12","slug":"riccie-oriach-el-cantautor-dominicano-que-trasciende-en-la-musica-apegado-a-su-cultura","status":"publish","type":"post","link":"https:\/\/potenciaradiofonicadominicana.com\/portal\/riccie-oriach-el-cantautor-dominicano-que-trasciende-en-la-musica-apegado-a-su-cultura\/","title":{"rendered":"Riccie Oriach: el cantautor dominicano que trasciende en la m\u00fasica apegado a su cultura"},"content":{"rendered":"<p><a href=\"https:\/\/potenciaradiofonicadominicana.com\/portal\/wp-content\/uploads\/2022\/01\/riccie-oriach-271da0ed-focus-0.13-0.15-545-286.jpg\"><img loading=\"lazy\" decoding=\"async\" class=\"alignnone size-full wp-image-113952\" src=\"https:\/\/potenciaradiofonicadominicana.com\/portal\/wp-content\/uploads\/2022\/01\/riccie-oriach-271da0ed-focus-0.13-0.15-545-286.jpg\" alt=\"\" width=\"545\" height=\"286\" srcset=\"https:\/\/potenciaradiofonicadominicana.com\/portal\/wp-content\/uploads\/2022\/01\/riccie-oriach-271da0ed-focus-0.13-0.15-545-286.jpg 545w, https:\/\/potenciaradiofonicadominicana.com\/portal\/wp-content\/uploads\/2022\/01\/riccie-oriach-271da0ed-focus-0.13-0.15-545-286-300x157.jpg 300w\" sizes=\"auto, (max-width: 545px) 100vw, 545px\" \/><\/a><\/p>\n<p>Para definir de forma adecuada el estilo musical de\u00a0Riccie Oriach\u00a0debemos alejarnos de convencionalismos y dejarnos guiar por los sonidos, los colores y la letra. Su\u00a0m\u00fasica\u00a0cae en la categor\u00eda alternativa, pero es mucho m\u00e1s. Es cultura, autenticidad y tradici\u00f3n.<\/p>\n<p>\u201cYo hago\u00a0m\u00fasica\u00a0rock fusionada con folclor\u201d.<\/p>\n<p>As\u00ed lo dej\u00f3 claro en una\u00a0entrevista\u00a0para\u00a0<em>Diario Libre<\/em>, donde el\u00a0artista\u00a0habl\u00f3 de sus influencias musicales, sus pr\u00f3ximos proyectos y lo emocionado que se siente de reencontrarse de forma presencial con el p\u00fablico local que sigue su\u00a0m\u00fasica\u00a0tras un per\u00edodo complicado por la pandemia del coronavirus.<\/p>\n<p>\u201cEste\u00a0concierto\u00a0(del pr\u00f3ximo 6 de febrero en\u00a0Hard Rock Caf\u00e9\u00a0de\u00a0Santo Domingo) va a iniciar mi\u00a0gira\u00a0internacional; voy para\u00a0Estados Unidos,\u00a0Europa\u00a0y\u00a0Sudam\u00e9rica, y antes de irme quer\u00eda regalarme la oportunidad de compartir con mi p\u00fablico, mi gente que me quiere mucho aqu\u00ed\u201d, dijo emocionado.<\/p>\n<p>Y continu\u00f3: \u201cHay invitados especiales, hay sorpresas. Es el inicio del mes del amor, San Valent\u00edn y la primera semana del Carnaval. Hay una mezcla interesante y una din\u00e1mica que vamos a hacer bonita. La vamos a pasar s\u00faper bien\u201d, dijo alegre.<\/p>\n<p>Su alegr\u00eda est\u00e1 justificada. Riccie tiene muchas cosas que celebrar y quiere hacerlo junto a sus\u00a0fans, que han hecho que su\u00a0\u00e1lbum\u00a0\u201cMi Derriengue\u201d, ganador de cuatro\u00a0Premios Indie Dominicano, recibiera nominaciones a los\u00a0Premios Grammy, as\u00ed como tambi\u00e9n a los\u00a0Premios Soberano.<\/p>\n<p>\u201cLo que estoy buscando con esta\u00a0gira\u00a0es conectar lugares que no nos conocen ni saben lo que estamos haciendo. Es la tercera\u00a0gira\u00a0que voy a hacer\u201d, dijo sobre esta\u00a0gira\u00a0internacional el tambi\u00e9n autor de \u201cViaje al infinito\u201d, que se prepara para el lanzamiento del primer audiovisual de su tercera producci\u00f3n musical titulada \u201cYo Propongo\u201d, que refleja el amor al pr\u00f3jimo y a la naturaleza.<\/p>\n<p>Su \u00e9xito no es fortuito. Detr\u00e1s de este reconocimiento hay un equipo que apuesta por \u00e9l y a\u00f1os de sacrificios.<\/p>\n<p>\u201cPara m\u00ed hacer\u00a0m\u00fasica\u00a0es lo que me llena, lo vengo haciendo desde que tengo 12 a\u00f1os con una banda de\u00a0<em>rock<\/em>\u00a0y ahora estoy haciendo este proyecto que identifica m\u00e1s la cultura dominicana. El \u00e9xito se lo debo mucho, a mis\u00a0fans\u00a0y a todos los que me apoyan\u201d.<\/p>\n<p>Gracias a ellos su trabajo ha sido reconocido.<\/p>\n<div class=\"social-embed mb-4\">\n<div class=\"placeholderYoutube\"><iframe loading=\"lazy\" class=\"lazy loaded\" title=\"Embed contenido\" src=\"https:\/\/www.youtube.com\/embed\/z0hDLQtITcc\" width=\"560\" height=\"360\" frameborder=\"0\" allowfullscreen=\"allowfullscreen\" data-src=\"https:\/\/www.youtube.com\/embed\/z0hDLQtITcc\" data-was-processed=\"true\" data-mce-fragment=\"1\"><\/iframe><\/div>\n<\/div>\n<p>\u201cCualquier instituci\u00f3n que tome mi trabajo en cuenta para m\u00ed es algo importante porque es una se\u00f1al de que el trabajo que estamos haciendo tiene aceptaci\u00f3n\u201d, dijo al tiempo de reconocer que, aunque no hace trabajos para recibir premios, cuando llegan los recibe con humildad porque \u201ces un placer infinito que te nominen, porque la escena alternativa no es muy tomada en cuenta\u201d.<\/p>\n<p>\u201cYo, viniendo del rock, que dur\u00e9 mucho tiempo tocando\u00a0<em>punk rock,\u00a0<\/em>siempre me ha gustado estar en la escena alternativa, que para los que no la conocen no es una\u00a0m\u00fasica\u00a0desconocida, la hemos escuchado, lo que pasa es que no es tan comercial como el reguet\u00f3n o el merengue, puede ser una fusi\u00f3n entre reguet\u00f3n y merengue, eso ya har\u00eda una\u00a0m\u00fasica\u00a0alternativa\u201d, dijo el\u00a0cantautor.<\/p>\n<p>\u201cLa aceptaci\u00f3n del p\u00fablico ha sido s\u00faper buena, incluso fuera del pa\u00eds, me han dicho que no hab\u00edan escuchado nada similar en su pa\u00eds\u201d, reiter\u00f3.<\/p>\n<h5>La\u00a0m\u00fasica\u00a0alternativa y los procesos sociales<\/h5>\n<p>\u00c9l lo tiene claro. Los procesos sociales y la\u00a0m\u00fasica\u00a0siempre han estado vinculados y no necesariamente la alternativa.\u00a0 \u201cA trav\u00e9s de la\u00a0m\u00fasica\u00a0se pueden cambiar procesos y concienciar\u201d.<\/p>\n","protected":false},"excerpt":{"rendered":"<p>Para definir de forma adecuada el estilo musical de\u00a0Riccie Oriach\u00a0debemos alejarnos de convencionalismos y dejarnos guiar por los sonidos, los &#8230;<\/p>\n","protected":false},"author":2,"featured_media":113952,"comment_status":"open","ping_status":"open","sticky":false,"template":"","format":"standard","meta":{"footnotes":""},"categories":[31],"tags":[],"class_list":["post-113951","post","type-post","status-publish","format-standard","has-post-thumbnail","hentry","category-arte-y-espectaculo"],"yoast_head":"<!-- This site is optimized with the Yoast SEO plugin v24.8.1 - https:\/\/yoast.com\/wordpress\/plugins\/seo\/ -->\n<title>Riccie Oriach: el cantautor dominicano que trasciende en la m\u00fasica apegado a su cultura - PotenciaRadiofonicaDominicana.com<\/title>\n<meta name=\"robots\" content=\"index, follow, max-snippet:-1, max-image-preview:large, max-video-preview:-1\" \/>\n<link rel=\"canonical\" href=\"https:\/\/potenciaradiofonicadominicana.com\/portal\/riccie-oriach-el-cantautor-dominicano-que-trasciende-en-la-musica-apegado-a-su-cultura\/\" \/>\n<meta property=\"og:locale\" content=\"es_ES\" \/>\n<meta property=\"og:type\" content=\"article\" \/>\n<meta property=\"og:title\" content=\"Riccie Oriach: el cantautor dominicano que trasciende en la m\u00fasica apegado a su cultura - PotenciaRadiofonicaDominicana.com\" \/>\n<meta property=\"og:description\" content=\"Para definir de forma adecuada el estilo musical de\u00a0Riccie Oriach\u00a0debemos alejarnos de convencionalismos y dejarnos guiar por los sonidos, los ...\" \/>\n<meta property=\"og:url\" content=\"https:\/\/potenciaradiofonicadominicana.com\/portal\/riccie-oriach-el-cantautor-dominicano-que-trasciende-en-la-musica-apegado-a-su-cultura\/\" \/>\n<meta property=\"og:site_name\" content=\"PotenciaRadiofonicaDominicana.com\" \/>\n<meta property=\"article:publisher\" content=\"https:\/\/web.facebook.com\/PotenciaRadiofonicaD\" \/>\n<meta property=\"article:published_time\" content=\"2022-01-25T20:06:12+00:00\" \/>\n<meta property=\"og:image\" content=\"https:\/\/potenciaradiofonicadominicana.com\/portal\/wp-content\/uploads\/2022\/01\/riccie-oriach-271da0ed-focus-0.13-0.15-545-286.jpg\" \/>\n\t<meta property=\"og:image:width\" content=\"545\" \/>\n\t<meta property=\"og:image:height\" content=\"286\" \/>\n\t<meta property=\"og:image:type\" content=\"image\/jpeg\" \/>\n<meta name=\"author\" content=\"Potencia Radiof\u00f3nica Dominicana\" \/>\n<meta name=\"twitter:card\" content=\"summary_large_image\" \/>\n<meta name=\"twitter:label1\" content=\"Escrito por\" \/>\n\t<meta name=\"twitter:data1\" content=\"Potencia Radiof\u00f3nica Dominicana\" \/>\n\t<meta name=\"twitter:label2\" content=\"Tiempo de lectura\" \/>\n\t<meta name=\"twitter:data2\" content=\"3 minutos\" \/>\n<script type=\"application\/ld+json\" class=\"yoast-schema-graph\">{\"@context\":\"https:\/\/schema.org\",\"@graph\":[{\"@type\":\"Article\",\"@id\":\"https:\/\/potenciaradiofonicadominicana.com\/portal\/riccie-oriach-el-cantautor-dominicano-que-trasciende-en-la-musica-apegado-a-su-cultura\/#article\",\"isPartOf\":{\"@id\":\"https:\/\/potenciaradiofonicadominicana.com\/portal\/riccie-oriach-el-cantautor-dominicano-que-trasciende-en-la-musica-apegado-a-su-cultura\/\"},\"author\":{\"name\":\"Potencia Radiof\u00f3nica Dominicana\",\"@id\":\"https:\/\/potenciaradiofonicadominicana.com\/portal\/#\/schema\/person\/a5cf1fea13877803ee0573ac18b03490\"},\"headline\":\"Riccie Oriach: el cantautor dominicano que trasciende en la m\u00fasica apegado a su cultura\",\"datePublished\":\"2022-01-25T20:06:12+00:00\",\"mainEntityOfPage\":{\"@id\":\"https:\/\/potenciaradiofonicadominicana.com\/portal\/riccie-oriach-el-cantautor-dominicano-que-trasciende-en-la-musica-apegado-a-su-cultura\/\"},\"wordCount\":628,\"commentCount\":0,\"publisher\":{\"@id\":\"https:\/\/potenciaradiofonicadominicana.com\/portal\/#organization\"},\"image\":{\"@id\":\"https:\/\/potenciaradiofonicadominicana.com\/portal\/riccie-oriach-el-cantautor-dominicano-que-trasciende-en-la-musica-apegado-a-su-cultura\/#primaryimage\"},\"thumbnailUrl\":\"https:\/\/potenciaradiofonicadominicana.com\/portal\/wp-content\/uploads\/2022\/01\/riccie-oriach-271da0ed-focus-0.13-0.15-545-286.jpg\",\"articleSection\":[\"Arte y Espectaculo\"],\"inLanguage\":\"es\",\"potentialAction\":[{\"@type\":\"CommentAction\",\"name\":\"Comment\",\"target\":[\"https:\/\/potenciaradiofonicadominicana.com\/portal\/riccie-oriach-el-cantautor-dominicano-que-trasciende-en-la-musica-apegado-a-su-cultura\/#respond\"]}]},{\"@type\":\"WebPage\",\"@id\":\"https:\/\/potenciaradiofonicadominicana.com\/portal\/riccie-oriach-el-cantautor-dominicano-que-trasciende-en-la-musica-apegado-a-su-cultura\/\",\"url\":\"https:\/\/potenciaradiofonicadominicana.com\/portal\/riccie-oriach-el-cantautor-dominicano-que-trasciende-en-la-musica-apegado-a-su-cultura\/\",\"name\":\"Riccie Oriach: el cantautor dominicano que trasciende en la m\u00fasica apegado a su cultura - PotenciaRadiofonicaDominicana.com\",\"isPartOf\":{\"@id\":\"https:\/\/potenciaradiofonicadominicana.com\/portal\/#website\"},\"primaryImageOfPage\":{\"@id\":\"https:\/\/potenciaradiofonicadominicana.com\/portal\/riccie-oriach-el-cantautor-dominicano-que-trasciende-en-la-musica-apegado-a-su-cultura\/#primaryimage\"},\"image\":{\"@id\":\"https:\/\/potenciaradiofonicadominicana.com\/portal\/riccie-oriach-el-cantautor-dominicano-que-trasciende-en-la-musica-apegado-a-su-cultura\/#primaryimage\"},\"thumbnailUrl\":\"https:\/\/potenciaradiofonicadominicana.com\/portal\/wp-content\/uploads\/2022\/01\/riccie-oriach-271da0ed-focus-0.13-0.15-545-286.jpg\",\"datePublished\":\"2022-01-25T20:06:12+00:00\",\"breadcrumb\":{\"@id\":\"https:\/\/potenciaradiofonicadominicana.com\/portal\/riccie-oriach-el-cantautor-dominicano-que-trasciende-en-la-musica-apegado-a-su-cultura\/#breadcrumb\"},\"inLanguage\":\"es\",\"potentialAction\":[{\"@type\":\"ReadAction\",\"target\":[\"https:\/\/potenciaradiofonicadominicana.com\/portal\/riccie-oriach-el-cantautor-dominicano-que-trasciende-en-la-musica-apegado-a-su-cultura\/\"]}]},{\"@type\":\"ImageObject\",\"inLanguage\":\"es\",\"@id\":\"https:\/\/potenciaradiofonicadominicana.com\/portal\/riccie-oriach-el-cantautor-dominicano-que-trasciende-en-la-musica-apegado-a-su-cultura\/#primaryimage\",\"url\":\"https:\/\/potenciaradiofonicadominicana.com\/portal\/wp-content\/uploads\/2022\/01\/riccie-oriach-271da0ed-focus-0.13-0.15-545-286.jpg\",\"contentUrl\":\"https:\/\/potenciaradiofonicadominicana.com\/portal\/wp-content\/uploads\/2022\/01\/riccie-oriach-271da0ed-focus-0.13-0.15-545-286.jpg\",\"width\":545,\"height\":286},{\"@type\":\"BreadcrumbList\",\"@id\":\"https:\/\/potenciaradiofonicadominicana.com\/portal\/riccie-oriach-el-cantautor-dominicano-que-trasciende-en-la-musica-apegado-a-su-cultura\/#breadcrumb\",\"itemListElement\":[{\"@type\":\"ListItem\",\"position\":1,\"name\":\"Portada\",\"item\":\"https:\/\/potenciaradiofonicadominicana.com\/portal\/\"},{\"@type\":\"ListItem\",\"position\":2,\"name\":\"Riccie Oriach: el cantautor dominicano que trasciende en la m\u00fasica apegado a su cultura\"}]},{\"@type\":\"WebSite\",\"@id\":\"https:\/\/potenciaradiofonicadominicana.com\/portal\/#website\",\"url\":\"https:\/\/potenciaradiofonicadominicana.com\/portal\/\",\"name\":\"PotenciaRadiofonicaDominicana.com\",\"description\":\"Peri\u00f3dico Digital\",\"publisher\":{\"@id\":\"https:\/\/potenciaradiofonicadominicana.com\/portal\/#organization\"},\"potentialAction\":[{\"@type\":\"SearchAction\",\"target\":{\"@type\":\"EntryPoint\",\"urlTemplate\":\"https:\/\/potenciaradiofonicadominicana.com\/portal\/?s={search_term_string}\"},\"query-input\":{\"@type\":\"PropertyValueSpecification\",\"valueRequired\":true,\"valueName\":\"search_term_string\"}}],\"inLanguage\":\"es\"},{\"@type\":\"Organization\",\"@id\":\"https:\/\/potenciaradiofonicadominicana.com\/portal\/#organization\",\"name\":\"PotenciaRadiofonicaDominicana.com\",\"url\":\"https:\/\/potenciaradiofonicadominicana.com\/portal\/\",\"logo\":{\"@type\":\"ImageObject\",\"inLanguage\":\"es\",\"@id\":\"https:\/\/potenciaradiofonicadominicana.com\/portal\/#\/schema\/logo\/image\/\",\"url\":\"https:\/\/potenciaradiofonicadominicana.com\/portal\/wp-content\/uploads\/2022\/01\/descarga.png\",\"contentUrl\":\"https:\/\/potenciaradiofonicadominicana.com\/portal\/wp-content\/uploads\/2022\/01\/descarga.png\",\"width\":300,\"height\":100,\"caption\":\"PotenciaRadiofonicaDominicana.com\"},\"image\":{\"@id\":\"https:\/\/potenciaradiofonicadominicana.com\/portal\/#\/schema\/logo\/image\/\"},\"sameAs\":[\"https:\/\/web.facebook.com\/PotenciaRadiofonicaD\"]},{\"@type\":\"Person\",\"@id\":\"https:\/\/potenciaradiofonicadominicana.com\/portal\/#\/schema\/person\/a5cf1fea13877803ee0573ac18b03490\",\"name\":\"Potencia Radiof\u00f3nica Dominicana\",\"image\":{\"@type\":\"ImageObject\",\"inLanguage\":\"es\",\"@id\":\"https:\/\/potenciaradiofonicadominicana.com\/portal\/#\/schema\/person\/image\/\",\"url\":\"https:\/\/secure.gravatar.com\/avatar\/42a55ab9e8ccc656ba34cd791990602a?s=96&d=mm&r=g\",\"contentUrl\":\"https:\/\/secure.gravatar.com\/avatar\/42a55ab9e8ccc656ba34cd791990602a?s=96&d=mm&r=g\",\"caption\":\"Potencia Radiof\u00f3nica Dominicana\"},\"url\":\"https:\/\/potenciaradiofonicadominicana.com\/portal\/author\/johannyalmanzar\/\"}]}<\/script>\n<!-- \/ Yoast SEO plugin. -->","yoast_head_json":{"title":"Riccie Oriach: el cantautor dominicano que trasciende en la m\u00fasica apegado a su cultura - PotenciaRadiofonicaDominicana.com","robots":{"index":"index","follow":"follow","max-snippet":"max-snippet:-1","max-image-preview":"max-image-preview:large","max-video-preview":"max-video-preview:-1"},"canonical":"https:\/\/potenciaradiofonicadominicana.com\/portal\/riccie-oriach-el-cantautor-dominicano-que-trasciende-en-la-musica-apegado-a-su-cultura\/","og_locale":"es_ES","og_type":"article","og_title":"Riccie Oriach: el cantautor dominicano que trasciende en la m\u00fasica apegado a su cultura - PotenciaRadiofonicaDominicana.com","og_description":"Para definir de forma adecuada el estilo musical de\u00a0Riccie Oriach\u00a0debemos alejarnos de convencionalismos y dejarnos guiar por los sonidos, los ...","og_url":"https:\/\/potenciaradiofonicadominicana.com\/portal\/riccie-oriach-el-cantautor-dominicano-que-trasciende-en-la-musica-apegado-a-su-cultura\/","og_site_name":"PotenciaRadiofonicaDominicana.com","article_publisher":"https:\/\/web.facebook.com\/PotenciaRadiofonicaD","article_published_time":"2022-01-25T20:06:12+00:00","og_image":[{"width":545,"height":286,"url":"https:\/\/potenciaradiofonicadominicana.com\/portal\/wp-content\/uploads\/2022\/01\/riccie-oriach-271da0ed-focus-0.13-0.15-545-286.jpg","type":"image\/jpeg"}],"author":"Potencia Radiof\u00f3nica Dominicana","twitter_card":"summary_large_image","twitter_misc":{"Escrito por":"Potencia Radiof\u00f3nica Dominicana","Tiempo de lectura":"3 minutos"},"schema":{"@context":"https:\/\/schema.org","@graph":[{"@type":"Article","@id":"https:\/\/potenciaradiofonicadominicana.com\/portal\/riccie-oriach-el-cantautor-dominicano-que-trasciende-en-la-musica-apegado-a-su-cultura\/#article","isPartOf":{"@id":"https:\/\/potenciaradiofonicadominicana.com\/portal\/riccie-oriach-el-cantautor-dominicano-que-trasciende-en-la-musica-apegado-a-su-cultura\/"},"author":{"name":"Potencia Radiof\u00f3nica Dominicana","@id":"https:\/\/potenciaradiofonicadominicana.com\/portal\/#\/schema\/person\/a5cf1fea13877803ee0573ac18b03490"},"headline":"Riccie Oriach: el cantautor dominicano que trasciende en la m\u00fasica apegado a su cultura","datePublished":"2022-01-25T20:06:12+00:00","mainEntityOfPage":{"@id":"https:\/\/potenciaradiofonicadominicana.com\/portal\/riccie-oriach-el-cantautor-dominicano-que-trasciende-en-la-musica-apegado-a-su-cultura\/"},"wordCount":628,"commentCount":0,"publisher":{"@id":"https:\/\/potenciaradiofonicadominicana.com\/portal\/#organization"},"image":{"@id":"https:\/\/potenciaradiofonicadominicana.com\/portal\/riccie-oriach-el-cantautor-dominicano-que-trasciende-en-la-musica-apegado-a-su-cultura\/#primaryimage"},"thumbnailUrl":"https:\/\/potenciaradiofonicadominicana.com\/portal\/wp-content\/uploads\/2022\/01\/riccie-oriach-271da0ed-focus-0.13-0.15-545-286.jpg","articleSection":["Arte y Espectaculo"],"inLanguage":"es","potentialAction":[{"@type":"CommentAction","name":"Comment","target":["https:\/\/potenciaradiofonicadominicana.com\/portal\/riccie-oriach-el-cantautor-dominicano-que-trasciende-en-la-musica-apegado-a-su-cultura\/#respond"]}]},{"@type":"WebPage","@id":"https:\/\/potenciaradiofonicadominicana.com\/portal\/riccie-oriach-el-cantautor-dominicano-que-trasciende-en-la-musica-apegado-a-su-cultura\/","url":"https:\/\/potenciaradiofonicadominicana.com\/portal\/riccie-oriach-el-cantautor-dominicano-que-trasciende-en-la-musica-apegado-a-su-cultura\/","name":"Riccie Oriach: el cantautor dominicano que trasciende en la m\u00fasica apegado a su cultura - PotenciaRadiofonicaDominicana.com","isPartOf":{"@id":"https:\/\/potenciaradiofonicadominicana.com\/portal\/#website"},"primaryImageOfPage":{"@id":"https:\/\/potenciaradiofonicadominicana.com\/portal\/riccie-oriach-el-cantautor-dominicano-que-trasciende-en-la-musica-apegado-a-su-cultura\/#primaryimage"},"image":{"@id":"https:\/\/potenciaradiofonicadominicana.com\/portal\/riccie-oriach-el-cantautor-dominicano-que-trasciende-en-la-musica-apegado-a-su-cultura\/#primaryimage"},"thumbnailUrl":"https:\/\/potenciaradiofonicadominicana.com\/portal\/wp-content\/uploads\/2022\/01\/riccie-oriach-271da0ed-focus-0.13-0.15-545-286.jpg","datePublished":"2022-01-25T20:06:12+00:00","breadcrumb":{"@id":"https:\/\/potenciaradiofonicadominicana.com\/portal\/riccie-oriach-el-cantautor-dominicano-que-trasciende-en-la-musica-apegado-a-su-cultura\/#breadcrumb"},"inLanguage":"es","potentialAction":[{"@type":"ReadAction","target":["https:\/\/potenciaradiofonicadominicana.com\/portal\/riccie-oriach-el-cantautor-dominicano-que-trasciende-en-la-musica-apegado-a-su-cultura\/"]}]},{"@type":"ImageObject","inLanguage":"es","@id":"https:\/\/potenciaradiofonicadominicana.com\/portal\/riccie-oriach-el-cantautor-dominicano-que-trasciende-en-la-musica-apegado-a-su-cultura\/#primaryimage","url":"https:\/\/potenciaradiofonicadominicana.com\/portal\/wp-content\/uploads\/2022\/01\/riccie-oriach-271da0ed-focus-0.13-0.15-545-286.jpg","contentUrl":"https:\/\/potenciaradiofonicadominicana.com\/portal\/wp-content\/uploads\/2022\/01\/riccie-oriach-271da0ed-focus-0.13-0.15-545-286.jpg","width":545,"height":286},{"@type":"BreadcrumbList","@id":"https:\/\/potenciaradiofonicadominicana.com\/portal\/riccie-oriach-el-cantautor-dominicano-que-trasciende-en-la-musica-apegado-a-su-cultura\/#breadcrumb","itemListElement":[{"@type":"ListItem","position":1,"name":"Portada","item":"https:\/\/potenciaradiofonicadominicana.com\/portal\/"},{"@type":"ListItem","position":2,"name":"Riccie Oriach: el cantautor dominicano que trasciende en la m\u00fasica apegado a su cultura"}]},{"@type":"WebSite","@id":"https:\/\/potenciaradiofonicadominicana.com\/portal\/#website","url":"https:\/\/potenciaradiofonicadominicana.com\/portal\/","name":"PotenciaRadiofonicaDominicana.com","description":"Peri\u00f3dico Digital","publisher":{"@id":"https:\/\/potenciaradiofonicadominicana.com\/portal\/#organization"},"potentialAction":[{"@type":"SearchAction","target":{"@type":"EntryPoint","urlTemplate":"https:\/\/potenciaradiofonicadominicana.com\/portal\/?s={search_term_string}"},"query-input":{"@type":"PropertyValueSpecification","valueRequired":true,"valueName":"search_term_string"}}],"inLanguage":"es"},{"@type":"Organization","@id":"https:\/\/potenciaradiofonicadominicana.com\/portal\/#organization","name":"PotenciaRadiofonicaDominicana.com","url":"https:\/\/potenciaradiofonicadominicana.com\/portal\/","logo":{"@type":"ImageObject","inLanguage":"es","@id":"https:\/\/potenciaradiofonicadominicana.com\/portal\/#\/schema\/logo\/image\/","url":"https:\/\/potenciaradiofonicadominicana.com\/portal\/wp-content\/uploads\/2022\/01\/descarga.png","contentUrl":"https:\/\/potenciaradiofonicadominicana.com\/portal\/wp-content\/uploads\/2022\/01\/descarga.png","width":300,"height":100,"caption":"PotenciaRadiofonicaDominicana.com"},"image":{"@id":"https:\/\/potenciaradiofonicadominicana.com\/portal\/#\/schema\/logo\/image\/"},"sameAs":["https:\/\/web.facebook.com\/PotenciaRadiofonicaD"]},{"@type":"Person","@id":"https:\/\/potenciaradiofonicadominicana.com\/portal\/#\/schema\/person\/a5cf1fea13877803ee0573ac18b03490","name":"Potencia Radiof\u00f3nica Dominicana","image":{"@type":"ImageObject","inLanguage":"es","@id":"https:\/\/potenciaradiofonicadominicana.com\/portal\/#\/schema\/person\/image\/","url":"https:\/\/secure.gravatar.com\/avatar\/42a55ab9e8ccc656ba34cd791990602a?s=96&d=mm&r=g","contentUrl":"https:\/\/secure.gravatar.com\/avatar\/42a55ab9e8ccc656ba34cd791990602a?s=96&d=mm&r=g","caption":"Potencia Radiof\u00f3nica Dominicana"},"url":"https:\/\/potenciaradiofonicadominicana.com\/portal\/author\/johannyalmanzar\/"}]}},"_links":{"self":[{"href":"https:\/\/potenciaradiofonicadominicana.com\/portal\/wp-json\/wp\/v2\/posts\/113951","targetHints":{"allow":["GET"]}}],"collection":[{"href":"https:\/\/potenciaradiofonicadominicana.com\/portal\/wp-json\/wp\/v2\/posts"}],"about":[{"href":"https:\/\/potenciaradiofonicadominicana.com\/portal\/wp-json\/wp\/v2\/types\/post"}],"author":[{"embeddable":true,"href":"https:\/\/potenciaradiofonicadominicana.com\/portal\/wp-json\/wp\/v2\/users\/2"}],"replies":[{"embeddable":true,"href":"https:\/\/potenciaradiofonicadominicana.com\/portal\/wp-json\/wp\/v2\/comments?post=113951"}],"version-history":[{"count":1,"href":"https:\/\/potenciaradiofonicadominicana.com\/portal\/wp-json\/wp\/v2\/posts\/113951\/revisions"}],"predecessor-version":[{"id":113953,"href":"https:\/\/potenciaradiofonicadominicana.com\/portal\/wp-json\/wp\/v2\/posts\/113951\/revisions\/113953"}],"wp:featuredmedia":[{"embeddable":true,"href":"https:\/\/potenciaradiofonicadominicana.com\/portal\/wp-json\/wp\/v2\/media\/113952"}],"wp:attachment":[{"href":"https:\/\/potenciaradiofonicadominicana.com\/portal\/wp-json\/wp\/v2\/media?parent=113951"}],"wp:term":[{"taxonomy":"category","embeddable":true,"href":"https:\/\/potenciaradiofonicadominicana.com\/portal\/wp-json\/wp\/v2\/categories?post=113951"},{"taxonomy":"post_tag","embeddable":true,"href":"https:\/\/potenciaradiofonicadominicana.com\/portal\/wp-json\/wp\/v2\/tags?post=113951"}],"curies":[{"name":"wp","href":"https:\/\/api.w.org\/{rel}","templated":true}]}}