{"id":113869,"date":"2022-01-25T15:28:56","date_gmt":"2022-01-25T19:28:56","guid":{"rendered":"https:\/\/potenciaradiofonicadominicana.com\/portal\/?p=113869"},"modified":"2022-01-25T15:28:56","modified_gmt":"2022-01-25T19:28:56","slug":"celso-marranzini-descarta-totalmente-venta-de-punta-catalina-2","status":"publish","type":"post","link":"https:\/\/potenciaradiofonicadominicana.com\/portal\/celso-marranzini-descarta-totalmente-venta-de-punta-catalina-2\/","title":{"rendered":"Celso Marranzini descarta \u201ctotalmente\u201d venta de Punta Catalina"},"content":{"rendered":"<p><a href=\"https:\/\/potenciaradiofonicadominicana.com\/portal\/wp-content\/uploads\/2022\/01\/celso-marranzini-descarta-totalmente-venta-de-punta-catalina.jpeg\"><img loading=\"lazy\" decoding=\"async\" class=\"alignnone size-full wp-image-113872\" src=\"https:\/\/potenciaradiofonicadominicana.com\/portal\/wp-content\/uploads\/2022\/01\/celso-marranzini-descarta-totalmente-venta-de-punta-catalina.jpeg\" alt=\"\" width=\"613\" height=\"460\" srcset=\"https:\/\/potenciaradiofonicadominicana.com\/portal\/wp-content\/uploads\/2022\/01\/celso-marranzini-descarta-totalmente-venta-de-punta-catalina.jpeg 613w, https:\/\/potenciaradiofonicadominicana.com\/portal\/wp-content\/uploads\/2022\/01\/celso-marranzini-descarta-totalmente-venta-de-punta-catalina-300x225.jpeg 300w\" sizes=\"auto, (max-width: 613px) 100vw, 613px\" \/><\/a><\/p>\n<p>El presidente del Comit\u00e9 T\u00e9cnico del Fideicomiso de la Central Termoel\u00e9ctrica Punta Catalina (CTPC),Celso Marranzini, manifest\u00f3 este martes que descarta \u201ctotalmente\u201d la venta de las plantas.<\/p>\n<p>\u201cEso lo pueden escribir, yo lo descarto totalmente\u201d,\u00a0afirm\u00f3 Marranzini durante una entrevista en el programa matutino El D\u00eda, donde adem\u00e1s aclar\u00f3 que los integrantes del comit\u00e9 pueden ser removidos en cualquier momento por el presidente de la Rep\u00fablica y no han sido designados por 30 a\u00f1os, como, a su juicio, se ha malinterpretado.<\/p>\n<p>Aclar\u00f3 que lo que establece el contrato que es por 30 a\u00f1os es la operaci\u00f3n y el mantenimiento de la planta.<\/p>\n<p>Marranzini enfatiz\u00f3 que, en su opini\u00f3n, Punta Catalina debe permanecer en manos de Estado, manejada eficientemente y con transparencia.<\/p>\n<p>Defiende fideicomiso<\/p>\n<p>Marranzini defendi\u00f3 el fideicomiso de la CTPC asegurando que si no se hac\u00eda esto la planta iba a quedar en un limbo tras la liquidaci\u00f3n de la Corporaci\u00f3n Dominicana de Empresas El\u00e9ctricas Estatales (CDEEE), que era el organismo que ten\u00eda atribuciones sobre la central.<\/p>\n<p>Destac\u00f3 que Punta Catalina aporta un 32% de la generaci\u00f3n al sistema el\u00e9ctrico, por lo que era \u201cextremadamente peligroso\u201d dejarla en el limbo.<\/p>\n<p>Dijo que el otro mecanismo era vender un 49% de la planta y que eso no se contempla porque esa obra es un bien nacional.<\/p>\n<p>Explic\u00f3 que aunque el r\u00e9gimen de fideicomiso tiene que hacerse mucho m\u00e1s robusto en el pa\u00eds, esto es es lo mejor en este momento para manejar la CTPC porque es transparente.<\/p>\n","protected":false},"excerpt":{"rendered":"<p>El presidente del Comit\u00e9 T\u00e9cnico del Fideicomiso de la Central Termoel\u00e9ctrica Punta Catalina (CTPC),Celso Marranzini, manifest\u00f3 este martes que descarta &#8230;<\/p>\n","protected":false},"author":2,"featured_media":113872,"comment_status":"open","ping_status":"open","sticky":false,"template":"","format":"standard","meta":{"footnotes":""},"categories":[26],"tags":[],"class_list":["post-113869","post","type-post","status-publish","format-standard","has-post-thumbnail","hentry","category-economia"],"yoast_head":"<!-- This site is optimized with the Yoast SEO plugin v24.8.1 - https:\/\/yoast.com\/wordpress\/plugins\/seo\/ -->\n<title>Celso Marranzini descarta \u201ctotalmente\u201d venta de Punta Catalina - PotenciaRadiofonicaDominicana.com<\/title>\n<meta name=\"robots\" content=\"index, follow, max-snippet:-1, max-image-preview:large, max-video-preview:-1\" \/>\n<link rel=\"canonical\" href=\"https:\/\/potenciaradiofonicadominicana.com\/portal\/celso-marranzini-descarta-totalmente-venta-de-punta-catalina-2\/\" \/>\n<meta property=\"og:locale\" content=\"es_ES\" \/>\n<meta property=\"og:type\" content=\"article\" \/>\n<meta property=\"og:title\" content=\"Celso Marranzini descarta \u201ctotalmente\u201d venta de Punta Catalina - PotenciaRadiofonicaDominicana.com\" \/>\n<meta property=\"og:description\" content=\"El presidente del Comit\u00e9 T\u00e9cnico del Fideicomiso de la Central Termoel\u00e9ctrica Punta Catalina (CTPC),Celso Marranzini, manifest\u00f3 este martes que descarta ...\" \/>\n<meta property=\"og:url\" content=\"https:\/\/potenciaradiofonicadominicana.com\/portal\/celso-marranzini-descarta-totalmente-venta-de-punta-catalina-2\/\" \/>\n<meta property=\"og:site_name\" content=\"PotenciaRadiofonicaDominicana.com\" \/>\n<meta property=\"article:publisher\" content=\"https:\/\/web.facebook.com\/PotenciaRadiofonicaD\" \/>\n<meta property=\"article:published_time\" content=\"2022-01-25T19:28:56+00:00\" \/>\n<meta property=\"og:image\" content=\"https:\/\/potenciaradiofonicadominicana.com\/portal\/wp-content\/uploads\/2022\/01\/celso-marranzini-descarta-totalmente-venta-de-punta-catalina.jpeg\" \/>\n\t<meta property=\"og:image:width\" content=\"613\" \/>\n\t<meta property=\"og:image:height\" content=\"460\" \/>\n\t<meta property=\"og:image:type\" content=\"image\/jpeg\" \/>\n<meta name=\"author\" content=\"Potencia Radiof\u00f3nica Dominicana\" \/>\n<meta name=\"twitter:card\" content=\"summary_large_image\" \/>\n<meta name=\"twitter:label1\" content=\"Escrito por\" \/>\n\t<meta name=\"twitter:data1\" content=\"Potencia Radiof\u00f3nica Dominicana\" \/>\n\t<meta name=\"twitter:label2\" content=\"Tiempo de lectura\" \/>\n\t<meta name=\"twitter:data2\" content=\"1 minuto\" \/>\n<script type=\"application\/ld+json\" class=\"yoast-schema-graph\">{\"@context\":\"https:\/\/schema.org\",\"@graph\":[{\"@type\":\"Article\",\"@id\":\"https:\/\/potenciaradiofonicadominicana.com\/portal\/celso-marranzini-descarta-totalmente-venta-de-punta-catalina-2\/#article\",\"isPartOf\":{\"@id\":\"https:\/\/potenciaradiofonicadominicana.com\/portal\/celso-marranzini-descarta-totalmente-venta-de-punta-catalina-2\/\"},\"author\":{\"name\":\"Potencia Radiof\u00f3nica Dominicana\",\"@id\":\"https:\/\/potenciaradiofonicadominicana.com\/portal\/#\/schema\/person\/a5cf1fea13877803ee0573ac18b03490\"},\"headline\":\"Celso Marranzini descarta \u201ctotalmente\u201d venta de Punta Catalina\",\"datePublished\":\"2022-01-25T19:28:56+00:00\",\"mainEntityOfPage\":{\"@id\":\"https:\/\/potenciaradiofonicadominicana.com\/portal\/celso-marranzini-descarta-totalmente-venta-de-punta-catalina-2\/\"},\"wordCount\":269,\"commentCount\":0,\"publisher\":{\"@id\":\"https:\/\/potenciaradiofonicadominicana.com\/portal\/#organization\"},\"image\":{\"@id\":\"https:\/\/potenciaradiofonicadominicana.com\/portal\/celso-marranzini-descarta-totalmente-venta-de-punta-catalina-2\/#primaryimage\"},\"thumbnailUrl\":\"https:\/\/potenciaradiofonicadominicana.com\/portal\/wp-content\/uploads\/2022\/01\/celso-marranzini-descarta-totalmente-venta-de-punta-catalina.jpeg\",\"articleSection\":[\"Econom\u00eda\"],\"inLanguage\":\"es\",\"potentialAction\":[{\"@type\":\"CommentAction\",\"name\":\"Comment\",\"target\":[\"https:\/\/potenciaradiofonicadominicana.com\/portal\/celso-marranzini-descarta-totalmente-venta-de-punta-catalina-2\/#respond\"]}]},{\"@type\":\"WebPage\",\"@id\":\"https:\/\/potenciaradiofonicadominicana.com\/portal\/celso-marranzini-descarta-totalmente-venta-de-punta-catalina-2\/\",\"url\":\"https:\/\/potenciaradiofonicadominicana.com\/portal\/celso-marranzini-descarta-totalmente-venta-de-punta-catalina-2\/\",\"name\":\"Celso Marranzini descarta \u201ctotalmente\u201d venta de Punta Catalina - PotenciaRadiofonicaDominicana.com\",\"isPartOf\":{\"@id\":\"https:\/\/potenciaradiofonicadominicana.com\/portal\/#website\"},\"primaryImageOfPage\":{\"@id\":\"https:\/\/potenciaradiofonicadominicana.com\/portal\/celso-marranzini-descarta-totalmente-venta-de-punta-catalina-2\/#primaryimage\"},\"image\":{\"@id\":\"https:\/\/potenciaradiofonicadominicana.com\/portal\/celso-marranzini-descarta-totalmente-venta-de-punta-catalina-2\/#primaryimage\"},\"thumbnailUrl\":\"https:\/\/potenciaradiofonicadominicana.com\/portal\/wp-content\/uploads\/2022\/01\/celso-marranzini-descarta-totalmente-venta-de-punta-catalina.jpeg\",\"datePublished\":\"2022-01-25T19:28:56+00:00\",\"breadcrumb\":{\"@id\":\"https:\/\/potenciaradiofonicadominicana.com\/portal\/celso-marranzini-descarta-totalmente-venta-de-punta-catalina-2\/#breadcrumb\"},\"inLanguage\":\"es\",\"potentialAction\":[{\"@type\":\"ReadAction\",\"target\":[\"https:\/\/potenciaradiofonicadominicana.com\/portal\/celso-marranzini-descarta-totalmente-venta-de-punta-catalina-2\/\"]}]},{\"@type\":\"ImageObject\",\"inLanguage\":\"es\",\"@id\":\"https:\/\/potenciaradiofonicadominicana.com\/portal\/celso-marranzini-descarta-totalmente-venta-de-punta-catalina-2\/#primaryimage\",\"url\":\"https:\/\/potenciaradiofonicadominicana.com\/portal\/wp-content\/uploads\/2022\/01\/celso-marranzini-descarta-totalmente-venta-de-punta-catalina.jpeg\",\"contentUrl\":\"https:\/\/potenciaradiofonicadominicana.com\/portal\/wp-content\/uploads\/2022\/01\/celso-marranzini-descarta-totalmente-venta-de-punta-catalina.jpeg\",\"width\":613,\"height\":460},{\"@type\":\"BreadcrumbList\",\"@id\":\"https:\/\/potenciaradiofonicadominicana.com\/portal\/celso-marranzini-descarta-totalmente-venta-de-punta-catalina-2\/#breadcrumb\",\"itemListElement\":[{\"@type\":\"ListItem\",\"position\":1,\"name\":\"Portada\",\"item\":\"https:\/\/potenciaradiofonicadominicana.com\/portal\/\"},{\"@type\":\"ListItem\",\"position\":2,\"name\":\"Celso Marranzini descarta \u201ctotalmente\u201d venta de Punta Catalina\"}]},{\"@type\":\"WebSite\",\"@id\":\"https:\/\/potenciaradiofonicadominicana.com\/portal\/#website\",\"url\":\"https:\/\/potenciaradiofonicadominicana.com\/portal\/\",\"name\":\"PotenciaRadiofonicaDominicana.com\",\"description\":\"Peri\u00f3dico Digital\",\"publisher\":{\"@id\":\"https:\/\/potenciaradiofonicadominicana.com\/portal\/#organization\"},\"potentialAction\":[{\"@type\":\"SearchAction\",\"target\":{\"@type\":\"EntryPoint\",\"urlTemplate\":\"https:\/\/potenciaradiofonicadominicana.com\/portal\/?s={search_term_string}\"},\"query-input\":{\"@type\":\"PropertyValueSpecification\",\"valueRequired\":true,\"valueName\":\"search_term_string\"}}],\"inLanguage\":\"es\"},{\"@type\":\"Organization\",\"@id\":\"https:\/\/potenciaradiofonicadominicana.com\/portal\/#organization\",\"name\":\"PotenciaRadiofonicaDominicana.com\",\"url\":\"https:\/\/potenciaradiofonicadominicana.com\/portal\/\",\"logo\":{\"@type\":\"ImageObject\",\"inLanguage\":\"es\",\"@id\":\"https:\/\/potenciaradiofonicadominicana.com\/portal\/#\/schema\/logo\/image\/\",\"url\":\"https:\/\/potenciaradiofonicadominicana.com\/portal\/wp-content\/uploads\/2022\/01\/descarga.png\",\"contentUrl\":\"https:\/\/potenciaradiofonicadominicana.com\/portal\/wp-content\/uploads\/2022\/01\/descarga.png\",\"width\":300,\"height\":100,\"caption\":\"PotenciaRadiofonicaDominicana.com\"},\"image\":{\"@id\":\"https:\/\/potenciaradiofonicadominicana.com\/portal\/#\/schema\/logo\/image\/\"},\"sameAs\":[\"https:\/\/web.facebook.com\/PotenciaRadiofonicaD\"]},{\"@type\":\"Person\",\"@id\":\"https:\/\/potenciaradiofonicadominicana.com\/portal\/#\/schema\/person\/a5cf1fea13877803ee0573ac18b03490\",\"name\":\"Potencia Radiof\u00f3nica Dominicana\",\"image\":{\"@type\":\"ImageObject\",\"inLanguage\":\"es\",\"@id\":\"https:\/\/potenciaradiofonicadominicana.com\/portal\/#\/schema\/person\/image\/\",\"url\":\"https:\/\/secure.gravatar.com\/avatar\/42a55ab9e8ccc656ba34cd791990602a?s=96&d=mm&r=g\",\"contentUrl\":\"https:\/\/secure.gravatar.com\/avatar\/42a55ab9e8ccc656ba34cd791990602a?s=96&d=mm&r=g\",\"caption\":\"Potencia Radiof\u00f3nica Dominicana\"},\"url\":\"https:\/\/potenciaradiofonicadominicana.com\/portal\/author\/johannyalmanzar\/\"}]}<\/script>\n<!-- \/ Yoast SEO plugin. -->","yoast_head_json":{"title":"Celso Marranzini descarta \u201ctotalmente\u201d venta de Punta Catalina - PotenciaRadiofonicaDominicana.com","robots":{"index":"index","follow":"follow","max-snippet":"max-snippet:-1","max-image-preview":"max-image-preview:large","max-video-preview":"max-video-preview:-1"},"canonical":"https:\/\/potenciaradiofonicadominicana.com\/portal\/celso-marranzini-descarta-totalmente-venta-de-punta-catalina-2\/","og_locale":"es_ES","og_type":"article","og_title":"Celso Marranzini descarta \u201ctotalmente\u201d venta de Punta Catalina - PotenciaRadiofonicaDominicana.com","og_description":"El presidente del Comit\u00e9 T\u00e9cnico del Fideicomiso de la Central Termoel\u00e9ctrica Punta Catalina (CTPC),Celso Marranzini, manifest\u00f3 este martes que descarta ...","og_url":"https:\/\/potenciaradiofonicadominicana.com\/portal\/celso-marranzini-descarta-totalmente-venta-de-punta-catalina-2\/","og_site_name":"PotenciaRadiofonicaDominicana.com","article_publisher":"https:\/\/web.facebook.com\/PotenciaRadiofonicaD","article_published_time":"2022-01-25T19:28:56+00:00","og_image":[{"width":613,"height":460,"url":"https:\/\/potenciaradiofonicadominicana.com\/portal\/wp-content\/uploads\/2022\/01\/celso-marranzini-descarta-totalmente-venta-de-punta-catalina.jpeg","type":"image\/jpeg"}],"author":"Potencia Radiof\u00f3nica Dominicana","twitter_card":"summary_large_image","twitter_misc":{"Escrito por":"Potencia Radiof\u00f3nica Dominicana","Tiempo de lectura":"1 minuto"},"schema":{"@context":"https:\/\/schema.org","@graph":[{"@type":"Article","@id":"https:\/\/potenciaradiofonicadominicana.com\/portal\/celso-marranzini-descarta-totalmente-venta-de-punta-catalina-2\/#article","isPartOf":{"@id":"https:\/\/potenciaradiofonicadominicana.com\/portal\/celso-marranzini-descarta-totalmente-venta-de-punta-catalina-2\/"},"author":{"name":"Potencia Radiof\u00f3nica Dominicana","@id":"https:\/\/potenciaradiofonicadominicana.com\/portal\/#\/schema\/person\/a5cf1fea13877803ee0573ac18b03490"},"headline":"Celso Marranzini descarta \u201ctotalmente\u201d venta de Punta Catalina","datePublished":"2022-01-25T19:28:56+00:00","mainEntityOfPage":{"@id":"https:\/\/potenciaradiofonicadominicana.com\/portal\/celso-marranzini-descarta-totalmente-venta-de-punta-catalina-2\/"},"wordCount":269,"commentCount":0,"publisher":{"@id":"https:\/\/potenciaradiofonicadominicana.com\/portal\/#organization"},"image":{"@id":"https:\/\/potenciaradiofonicadominicana.com\/portal\/celso-marranzini-descarta-totalmente-venta-de-punta-catalina-2\/#primaryimage"},"thumbnailUrl":"https:\/\/potenciaradiofonicadominicana.com\/portal\/wp-content\/uploads\/2022\/01\/celso-marranzini-descarta-totalmente-venta-de-punta-catalina.jpeg","articleSection":["Econom\u00eda"],"inLanguage":"es","potentialAction":[{"@type":"CommentAction","name":"Comment","target":["https:\/\/potenciaradiofonicadominicana.com\/portal\/celso-marranzini-descarta-totalmente-venta-de-punta-catalina-2\/#respond"]}]},{"@type":"WebPage","@id":"https:\/\/potenciaradiofonicadominicana.com\/portal\/celso-marranzini-descarta-totalmente-venta-de-punta-catalina-2\/","url":"https:\/\/potenciaradiofonicadominicana.com\/portal\/celso-marranzini-descarta-totalmente-venta-de-punta-catalina-2\/","name":"Celso Marranzini descarta \u201ctotalmente\u201d venta de Punta Catalina - PotenciaRadiofonicaDominicana.com","isPartOf":{"@id":"https:\/\/potenciaradiofonicadominicana.com\/portal\/#website"},"primaryImageOfPage":{"@id":"https:\/\/potenciaradiofonicadominicana.com\/portal\/celso-marranzini-descarta-totalmente-venta-de-punta-catalina-2\/#primaryimage"},"image":{"@id":"https:\/\/potenciaradiofonicadominicana.com\/portal\/celso-marranzini-descarta-totalmente-venta-de-punta-catalina-2\/#primaryimage"},"thumbnailUrl":"https:\/\/potenciaradiofonicadominicana.com\/portal\/wp-content\/uploads\/2022\/01\/celso-marranzini-descarta-totalmente-venta-de-punta-catalina.jpeg","datePublished":"2022-01-25T19:28:56+00:00","breadcrumb":{"@id":"https:\/\/potenciaradiofonicadominicana.com\/portal\/celso-marranzini-descarta-totalmente-venta-de-punta-catalina-2\/#breadcrumb"},"inLanguage":"es","potentialAction":[{"@type":"ReadAction","target":["https:\/\/potenciaradiofonicadominicana.com\/portal\/celso-marranzini-descarta-totalmente-venta-de-punta-catalina-2\/"]}]},{"@type":"ImageObject","inLanguage":"es","@id":"https:\/\/potenciaradiofonicadominicana.com\/portal\/celso-marranzini-descarta-totalmente-venta-de-punta-catalina-2\/#primaryimage","url":"https:\/\/potenciaradiofonicadominicana.com\/portal\/wp-content\/uploads\/2022\/01\/celso-marranzini-descarta-totalmente-venta-de-punta-catalina.jpeg","contentUrl":"https:\/\/potenciaradiofonicadominicana.com\/portal\/wp-content\/uploads\/2022\/01\/celso-marranzini-descarta-totalmente-venta-de-punta-catalina.jpeg","width":613,"height":460},{"@type":"BreadcrumbList","@id":"https:\/\/potenciaradiofonicadominicana.com\/portal\/celso-marranzini-descarta-totalmente-venta-de-punta-catalina-2\/#breadcrumb","itemListElement":[{"@type":"ListItem","position":1,"name":"Portada","item":"https:\/\/potenciaradiofonicadominicana.com\/portal\/"},{"@type":"ListItem","position":2,"name":"Celso Marranzini descarta \u201ctotalmente\u201d venta de Punta Catalina"}]},{"@type":"WebSite","@id":"https:\/\/potenciaradiofonicadominicana.com\/portal\/#website","url":"https:\/\/potenciaradiofonicadominicana.com\/portal\/","name":"PotenciaRadiofonicaDominicana.com","description":"Peri\u00f3dico Digital","publisher":{"@id":"https:\/\/potenciaradiofonicadominicana.com\/portal\/#organization"},"potentialAction":[{"@type":"SearchAction","target":{"@type":"EntryPoint","urlTemplate":"https:\/\/potenciaradiofonicadominicana.com\/portal\/?s={search_term_string}"},"query-input":{"@type":"PropertyValueSpecification","valueRequired":true,"valueName":"search_term_string"}}],"inLanguage":"es"},{"@type":"Organization","@id":"https:\/\/potenciaradiofonicadominicana.com\/portal\/#organization","name":"PotenciaRadiofonicaDominicana.com","url":"https:\/\/potenciaradiofonicadominicana.com\/portal\/","logo":{"@type":"ImageObject","inLanguage":"es","@id":"https:\/\/potenciaradiofonicadominicana.com\/portal\/#\/schema\/logo\/image\/","url":"https:\/\/potenciaradiofonicadominicana.com\/portal\/wp-content\/uploads\/2022\/01\/descarga.png","contentUrl":"https:\/\/potenciaradiofonicadominicana.com\/portal\/wp-content\/uploads\/2022\/01\/descarga.png","width":300,"height":100,"caption":"PotenciaRadiofonicaDominicana.com"},"image":{"@id":"https:\/\/potenciaradiofonicadominicana.com\/portal\/#\/schema\/logo\/image\/"},"sameAs":["https:\/\/web.facebook.com\/PotenciaRadiofonicaD"]},{"@type":"Person","@id":"https:\/\/potenciaradiofonicadominicana.com\/portal\/#\/schema\/person\/a5cf1fea13877803ee0573ac18b03490","name":"Potencia Radiof\u00f3nica Dominicana","image":{"@type":"ImageObject","inLanguage":"es","@id":"https:\/\/potenciaradiofonicadominicana.com\/portal\/#\/schema\/person\/image\/","url":"https:\/\/secure.gravatar.com\/avatar\/42a55ab9e8ccc656ba34cd791990602a?s=96&d=mm&r=g","contentUrl":"https:\/\/secure.gravatar.com\/avatar\/42a55ab9e8ccc656ba34cd791990602a?s=96&d=mm&r=g","caption":"Potencia Radiof\u00f3nica Dominicana"},"url":"https:\/\/potenciaradiofonicadominicana.com\/portal\/author\/johannyalmanzar\/"}]}},"_links":{"self":[{"href":"https:\/\/potenciaradiofonicadominicana.com\/portal\/wp-json\/wp\/v2\/posts\/113869","targetHints":{"allow":["GET"]}}],"collection":[{"href":"https:\/\/potenciaradiofonicadominicana.com\/portal\/wp-json\/wp\/v2\/posts"}],"about":[{"href":"https:\/\/potenciaradiofonicadominicana.com\/portal\/wp-json\/wp\/v2\/types\/post"}],"author":[{"embeddable":true,"href":"https:\/\/potenciaradiofonicadominicana.com\/portal\/wp-json\/wp\/v2\/users\/2"}],"replies":[{"embeddable":true,"href":"https:\/\/potenciaradiofonicadominicana.com\/portal\/wp-json\/wp\/v2\/comments?post=113869"}],"version-history":[{"count":1,"href":"https:\/\/potenciaradiofonicadominicana.com\/portal\/wp-json\/wp\/v2\/posts\/113869\/revisions"}],"predecessor-version":[{"id":113874,"href":"https:\/\/potenciaradiofonicadominicana.com\/portal\/wp-json\/wp\/v2\/posts\/113869\/revisions\/113874"}],"wp:featuredmedia":[{"embeddable":true,"href":"https:\/\/potenciaradiofonicadominicana.com\/portal\/wp-json\/wp\/v2\/media\/113872"}],"wp:attachment":[{"href":"https:\/\/potenciaradiofonicadominicana.com\/portal\/wp-json\/wp\/v2\/media?parent=113869"}],"wp:term":[{"taxonomy":"category","embeddable":true,"href":"https:\/\/potenciaradiofonicadominicana.com\/portal\/wp-json\/wp\/v2\/categories?post=113869"},{"taxonomy":"post_tag","embeddable":true,"href":"https:\/\/potenciaradiofonicadominicana.com\/portal\/wp-json\/wp\/v2\/tags?post=113869"}],"curies":[{"name":"wp","href":"https:\/\/api.w.org\/{rel}","templated":true}]}}