{"id":113833,"date":"2022-01-25T15:09:15","date_gmt":"2022-01-25T19:09:15","guid":{"rendered":"https:\/\/potenciaradiofonicadominicana.com\/portal\/?p=113833"},"modified":"2022-01-25T15:09:15","modified_gmt":"2022-01-25T19:09:15","slug":"stoa-y-grupo-energetico-se-asocian-a-expandir-parque-los-guzmancito","status":"publish","type":"post","link":"https:\/\/potenciaradiofonicadominicana.com\/portal\/stoa-y-grupo-energetico-se-asocian-a-expandir-parque-los-guzmancito\/","title":{"rendered":"STOA y Grupo Energ\u00e9tico se asocian a expandir parque Los Guzmancito"},"content":{"rendered":"<p><a href=\"https:\/\/potenciaradiofonicadominicana.com\/portal\/wp-content\/uploads\/2022\/01\/13_Economia_25_3p01.jpg\"><img loading=\"lazy\" decoding=\"async\" class=\"alignnone size-full wp-image-113834\" src=\"https:\/\/potenciaradiofonicadominicana.com\/portal\/wp-content\/uploads\/2022\/01\/13_Economia_25_3p01.jpg\" alt=\"\" width=\"390\" height=\"506\" srcset=\"https:\/\/potenciaradiofonicadominicana.com\/portal\/wp-content\/uploads\/2022\/01\/13_Economia_25_3p01.jpg 390w, https:\/\/potenciaradiofonicadominicana.com\/portal\/wp-content\/uploads\/2022\/01\/13_Economia_25_3p01-231x300.jpg 231w\" sizes=\"auto, (max-width: 390px) 100vw, 390px\" \/><\/a><\/p>\n<p>El Grupo Energ\u00e9tico 23 (GE23)\u00a0anunci\u00f3 la inversi\u00f3n de\u00a0STOA\u00a0en\u00a0Poseid\u00f3n Energ\u00eda Renovable (PER), empresa a cargo del desarrollo, financiamiento y gesti\u00f3n activa del\u00a0Parque E\u00f3lico Los Guzmancito, de 100 MW y ubicado en el municipio de\u00a0Luper\u00f3n, Puerto Plata.<\/p>\n<p>Con la inversi\u00f3n de\u00a0STOA, el proyecto casi duplicar\u00e1 su capacidad agregando una Fase II de US$128 millones que consta de 13 turbinas adicionales.<\/p>\n<p>La\u00a0Comisi\u00f3n Nacional de Energ\u00eda (CNE)\u00a0otorg\u00f3 en diciembre de 2021 la concesi\u00f3n definitiva para esta expansi\u00f3n del proyecto. La referida fase comenz\u00f3 recientemente su construcci\u00f3n luego de una ceremonia inaugural con el presidente de la Rep\u00fablica,\u00a0Luis Abinader; el ministro de Energ\u00eda y Minas, Antonio Almonte, y otras personalidades.<\/p>\n<p>\u201cEstamos encantados de asociarnos con\u00a0STOA, que aporta una profunda experiencia en viento y las mejores pr\u00e1cticas internacionales sobre gobernanza ambiental y social al proyecto y a nuestro pa\u00eds\u201d, dijo Ernesto Armenteros, socio de GE23 y director ejecutivo de PER.<\/p>\n<p>Mientras que Roberto Camino L., socio director de GE23, sostiene que \u201cla ampliaci\u00f3n de Los Guzmancito crear\u00e1 miles de empleos locales durante la construcci\u00f3n y varias decenas permanentes.<\/p>\n<p>Tambi\u00e9n crear\u00e1 caminos hacia terrenos monta\u00f1osos y costeros que antes eran inaccesibles, en beneficio del turismo de cruceros cercano, y la propia comunidad de Guzmancito se beneficiar\u00e1 de la restauraci\u00f3n de escuelas, iglesias, instalaciones deportivas y bombas para agua corriente y riego\u201d.<\/p>\n","protected":false},"excerpt":{"rendered":"<p>El Grupo Energ\u00e9tico 23 (GE23)\u00a0anunci\u00f3 la inversi\u00f3n de\u00a0STOA\u00a0en\u00a0Poseid\u00f3n Energ\u00eda Renovable (PER), empresa a cargo del desarrollo, financiamiento y gesti\u00f3n activa &#8230;<\/p>\n","protected":false},"author":2,"featured_media":113834,"comment_status":"open","ping_status":"open","sticky":false,"template":"","format":"standard","meta":{"footnotes":""},"categories":[26],"tags":[],"class_list":["post-113833","post","type-post","status-publish","format-standard","has-post-thumbnail","hentry","category-economia"],"yoast_head":"<!-- This site is optimized with the Yoast SEO plugin v24.8.1 - https:\/\/yoast.com\/wordpress\/plugins\/seo\/ -->\n<title>STOA y Grupo Energ\u00e9tico se asocian a expandir parque Los Guzmancito - PotenciaRadiofonicaDominicana.com<\/title>\n<meta name=\"robots\" content=\"index, follow, max-snippet:-1, max-image-preview:large, max-video-preview:-1\" \/>\n<link rel=\"canonical\" href=\"https:\/\/potenciaradiofonicadominicana.com\/portal\/stoa-y-grupo-energetico-se-asocian-a-expandir-parque-los-guzmancito\/\" \/>\n<meta property=\"og:locale\" content=\"es_ES\" \/>\n<meta property=\"og:type\" content=\"article\" \/>\n<meta property=\"og:title\" content=\"STOA y Grupo Energ\u00e9tico se asocian a expandir parque Los Guzmancito - PotenciaRadiofonicaDominicana.com\" \/>\n<meta property=\"og:description\" content=\"El Grupo Energ\u00e9tico 23 (GE23)\u00a0anunci\u00f3 la inversi\u00f3n de\u00a0STOA\u00a0en\u00a0Poseid\u00f3n Energ\u00eda Renovable (PER), empresa a cargo del desarrollo, financiamiento y gesti\u00f3n activa ...\" \/>\n<meta property=\"og:url\" content=\"https:\/\/potenciaradiofonicadominicana.com\/portal\/stoa-y-grupo-energetico-se-asocian-a-expandir-parque-los-guzmancito\/\" \/>\n<meta property=\"og:site_name\" content=\"PotenciaRadiofonicaDominicana.com\" \/>\n<meta property=\"article:publisher\" content=\"https:\/\/web.facebook.com\/PotenciaRadiofonicaD\" \/>\n<meta property=\"article:published_time\" content=\"2022-01-25T19:09:15+00:00\" \/>\n<meta property=\"og:image\" content=\"https:\/\/potenciaradiofonicadominicana.com\/portal\/wp-content\/uploads\/2022\/01\/13_Economia_25_3p01.jpg\" \/>\n\t<meta property=\"og:image:width\" content=\"390\" \/>\n\t<meta property=\"og:image:height\" content=\"506\" \/>\n\t<meta property=\"og:image:type\" content=\"image\/jpeg\" \/>\n<meta name=\"author\" content=\"Potencia Radiof\u00f3nica Dominicana\" \/>\n<meta name=\"twitter:card\" content=\"summary_large_image\" \/>\n<meta name=\"twitter:label1\" content=\"Escrito por\" \/>\n\t<meta name=\"twitter:data1\" content=\"Potencia Radiof\u00f3nica Dominicana\" \/>\n\t<meta name=\"twitter:label2\" content=\"Tiempo de lectura\" \/>\n\t<meta name=\"twitter:data2\" content=\"1 minuto\" \/>\n<script type=\"application\/ld+json\" class=\"yoast-schema-graph\">{\"@context\":\"https:\/\/schema.org\",\"@graph\":[{\"@type\":\"Article\",\"@id\":\"https:\/\/potenciaradiofonicadominicana.com\/portal\/stoa-y-grupo-energetico-se-asocian-a-expandir-parque-los-guzmancito\/#article\",\"isPartOf\":{\"@id\":\"https:\/\/potenciaradiofonicadominicana.com\/portal\/stoa-y-grupo-energetico-se-asocian-a-expandir-parque-los-guzmancito\/\"},\"author\":{\"name\":\"Potencia Radiof\u00f3nica Dominicana\",\"@id\":\"https:\/\/potenciaradiofonicadominicana.com\/portal\/#\/schema\/person\/a5cf1fea13877803ee0573ac18b03490\"},\"headline\":\"STOA y Grupo Energ\u00e9tico se asocian a expandir parque Los Guzmancito\",\"datePublished\":\"2022-01-25T19:09:15+00:00\",\"mainEntityOfPage\":{\"@id\":\"https:\/\/potenciaradiofonicadominicana.com\/portal\/stoa-y-grupo-energetico-se-asocian-a-expandir-parque-los-guzmancito\/\"},\"wordCount\":255,\"commentCount\":0,\"publisher\":{\"@id\":\"https:\/\/potenciaradiofonicadominicana.com\/portal\/#organization\"},\"image\":{\"@id\":\"https:\/\/potenciaradiofonicadominicana.com\/portal\/stoa-y-grupo-energetico-se-asocian-a-expandir-parque-los-guzmancito\/#primaryimage\"},\"thumbnailUrl\":\"https:\/\/potenciaradiofonicadominicana.com\/portal\/wp-content\/uploads\/2022\/01\/13_Economia_25_3p01.jpg\",\"articleSection\":[\"Econom\u00eda\"],\"inLanguage\":\"es\",\"potentialAction\":[{\"@type\":\"CommentAction\",\"name\":\"Comment\",\"target\":[\"https:\/\/potenciaradiofonicadominicana.com\/portal\/stoa-y-grupo-energetico-se-asocian-a-expandir-parque-los-guzmancito\/#respond\"]}]},{\"@type\":\"WebPage\",\"@id\":\"https:\/\/potenciaradiofonicadominicana.com\/portal\/stoa-y-grupo-energetico-se-asocian-a-expandir-parque-los-guzmancito\/\",\"url\":\"https:\/\/potenciaradiofonicadominicana.com\/portal\/stoa-y-grupo-energetico-se-asocian-a-expandir-parque-los-guzmancito\/\",\"name\":\"STOA y Grupo Energ\u00e9tico se asocian a expandir parque Los Guzmancito - PotenciaRadiofonicaDominicana.com\",\"isPartOf\":{\"@id\":\"https:\/\/potenciaradiofonicadominicana.com\/portal\/#website\"},\"primaryImageOfPage\":{\"@id\":\"https:\/\/potenciaradiofonicadominicana.com\/portal\/stoa-y-grupo-energetico-se-asocian-a-expandir-parque-los-guzmancito\/#primaryimage\"},\"image\":{\"@id\":\"https:\/\/potenciaradiofonicadominicana.com\/portal\/stoa-y-grupo-energetico-se-asocian-a-expandir-parque-los-guzmancito\/#primaryimage\"},\"thumbnailUrl\":\"https:\/\/potenciaradiofonicadominicana.com\/portal\/wp-content\/uploads\/2022\/01\/13_Economia_25_3p01.jpg\",\"datePublished\":\"2022-01-25T19:09:15+00:00\",\"breadcrumb\":{\"@id\":\"https:\/\/potenciaradiofonicadominicana.com\/portal\/stoa-y-grupo-energetico-se-asocian-a-expandir-parque-los-guzmancito\/#breadcrumb\"},\"inLanguage\":\"es\",\"potentialAction\":[{\"@type\":\"ReadAction\",\"target\":[\"https:\/\/potenciaradiofonicadominicana.com\/portal\/stoa-y-grupo-energetico-se-asocian-a-expandir-parque-los-guzmancito\/\"]}]},{\"@type\":\"ImageObject\",\"inLanguage\":\"es\",\"@id\":\"https:\/\/potenciaradiofonicadominicana.com\/portal\/stoa-y-grupo-energetico-se-asocian-a-expandir-parque-los-guzmancito\/#primaryimage\",\"url\":\"https:\/\/potenciaradiofonicadominicana.com\/portal\/wp-content\/uploads\/2022\/01\/13_Economia_25_3p01.jpg\",\"contentUrl\":\"https:\/\/potenciaradiofonicadominicana.com\/portal\/wp-content\/uploads\/2022\/01\/13_Economia_25_3p01.jpg\",\"width\":390,\"height\":506},{\"@type\":\"BreadcrumbList\",\"@id\":\"https:\/\/potenciaradiofonicadominicana.com\/portal\/stoa-y-grupo-energetico-se-asocian-a-expandir-parque-los-guzmancito\/#breadcrumb\",\"itemListElement\":[{\"@type\":\"ListItem\",\"position\":1,\"name\":\"Portada\",\"item\":\"https:\/\/potenciaradiofonicadominicana.com\/portal\/\"},{\"@type\":\"ListItem\",\"position\":2,\"name\":\"STOA y Grupo Energ\u00e9tico se asocian a expandir parque Los Guzmancito\"}]},{\"@type\":\"WebSite\",\"@id\":\"https:\/\/potenciaradiofonicadominicana.com\/portal\/#website\",\"url\":\"https:\/\/potenciaradiofonicadominicana.com\/portal\/\",\"name\":\"PotenciaRadiofonicaDominicana.com\",\"description\":\"Peri\u00f3dico Digital\",\"publisher\":{\"@id\":\"https:\/\/potenciaradiofonicadominicana.com\/portal\/#organization\"},\"potentialAction\":[{\"@type\":\"SearchAction\",\"target\":{\"@type\":\"EntryPoint\",\"urlTemplate\":\"https:\/\/potenciaradiofonicadominicana.com\/portal\/?s={search_term_string}\"},\"query-input\":{\"@type\":\"PropertyValueSpecification\",\"valueRequired\":true,\"valueName\":\"search_term_string\"}}],\"inLanguage\":\"es\"},{\"@type\":\"Organization\",\"@id\":\"https:\/\/potenciaradiofonicadominicana.com\/portal\/#organization\",\"name\":\"PotenciaRadiofonicaDominicana.com\",\"url\":\"https:\/\/potenciaradiofonicadominicana.com\/portal\/\",\"logo\":{\"@type\":\"ImageObject\",\"inLanguage\":\"es\",\"@id\":\"https:\/\/potenciaradiofonicadominicana.com\/portal\/#\/schema\/logo\/image\/\",\"url\":\"https:\/\/potenciaradiofonicadominicana.com\/portal\/wp-content\/uploads\/2022\/01\/descarga.png\",\"contentUrl\":\"https:\/\/potenciaradiofonicadominicana.com\/portal\/wp-content\/uploads\/2022\/01\/descarga.png\",\"width\":300,\"height\":100,\"caption\":\"PotenciaRadiofonicaDominicana.com\"},\"image\":{\"@id\":\"https:\/\/potenciaradiofonicadominicana.com\/portal\/#\/schema\/logo\/image\/\"},\"sameAs\":[\"https:\/\/web.facebook.com\/PotenciaRadiofonicaD\"]},{\"@type\":\"Person\",\"@id\":\"https:\/\/potenciaradiofonicadominicana.com\/portal\/#\/schema\/person\/a5cf1fea13877803ee0573ac18b03490\",\"name\":\"Potencia Radiof\u00f3nica Dominicana\",\"image\":{\"@type\":\"ImageObject\",\"inLanguage\":\"es\",\"@id\":\"https:\/\/potenciaradiofonicadominicana.com\/portal\/#\/schema\/person\/image\/\",\"url\":\"https:\/\/secure.gravatar.com\/avatar\/42a55ab9e8ccc656ba34cd791990602a?s=96&d=mm&r=g\",\"contentUrl\":\"https:\/\/secure.gravatar.com\/avatar\/42a55ab9e8ccc656ba34cd791990602a?s=96&d=mm&r=g\",\"caption\":\"Potencia Radiof\u00f3nica Dominicana\"},\"url\":\"https:\/\/potenciaradiofonicadominicana.com\/portal\/author\/johannyalmanzar\/\"}]}<\/script>\n<!-- \/ Yoast SEO plugin. -->","yoast_head_json":{"title":"STOA y Grupo Energ\u00e9tico se asocian a expandir parque Los Guzmancito - PotenciaRadiofonicaDominicana.com","robots":{"index":"index","follow":"follow","max-snippet":"max-snippet:-1","max-image-preview":"max-image-preview:large","max-video-preview":"max-video-preview:-1"},"canonical":"https:\/\/potenciaradiofonicadominicana.com\/portal\/stoa-y-grupo-energetico-se-asocian-a-expandir-parque-los-guzmancito\/","og_locale":"es_ES","og_type":"article","og_title":"STOA y Grupo Energ\u00e9tico se asocian a expandir parque Los Guzmancito - PotenciaRadiofonicaDominicana.com","og_description":"El Grupo Energ\u00e9tico 23 (GE23)\u00a0anunci\u00f3 la inversi\u00f3n de\u00a0STOA\u00a0en\u00a0Poseid\u00f3n Energ\u00eda Renovable (PER), empresa a cargo del desarrollo, financiamiento y gesti\u00f3n activa ...","og_url":"https:\/\/potenciaradiofonicadominicana.com\/portal\/stoa-y-grupo-energetico-se-asocian-a-expandir-parque-los-guzmancito\/","og_site_name":"PotenciaRadiofonicaDominicana.com","article_publisher":"https:\/\/web.facebook.com\/PotenciaRadiofonicaD","article_published_time":"2022-01-25T19:09:15+00:00","og_image":[{"width":390,"height":506,"url":"https:\/\/potenciaradiofonicadominicana.com\/portal\/wp-content\/uploads\/2022\/01\/13_Economia_25_3p01.jpg","type":"image\/jpeg"}],"author":"Potencia Radiof\u00f3nica Dominicana","twitter_card":"summary_large_image","twitter_misc":{"Escrito por":"Potencia Radiof\u00f3nica Dominicana","Tiempo de lectura":"1 minuto"},"schema":{"@context":"https:\/\/schema.org","@graph":[{"@type":"Article","@id":"https:\/\/potenciaradiofonicadominicana.com\/portal\/stoa-y-grupo-energetico-se-asocian-a-expandir-parque-los-guzmancito\/#article","isPartOf":{"@id":"https:\/\/potenciaradiofonicadominicana.com\/portal\/stoa-y-grupo-energetico-se-asocian-a-expandir-parque-los-guzmancito\/"},"author":{"name":"Potencia Radiof\u00f3nica Dominicana","@id":"https:\/\/potenciaradiofonicadominicana.com\/portal\/#\/schema\/person\/a5cf1fea13877803ee0573ac18b03490"},"headline":"STOA y Grupo Energ\u00e9tico se asocian a expandir parque Los Guzmancito","datePublished":"2022-01-25T19:09:15+00:00","mainEntityOfPage":{"@id":"https:\/\/potenciaradiofonicadominicana.com\/portal\/stoa-y-grupo-energetico-se-asocian-a-expandir-parque-los-guzmancito\/"},"wordCount":255,"commentCount":0,"publisher":{"@id":"https:\/\/potenciaradiofonicadominicana.com\/portal\/#organization"},"image":{"@id":"https:\/\/potenciaradiofonicadominicana.com\/portal\/stoa-y-grupo-energetico-se-asocian-a-expandir-parque-los-guzmancito\/#primaryimage"},"thumbnailUrl":"https:\/\/potenciaradiofonicadominicana.com\/portal\/wp-content\/uploads\/2022\/01\/13_Economia_25_3p01.jpg","articleSection":["Econom\u00eda"],"inLanguage":"es","potentialAction":[{"@type":"CommentAction","name":"Comment","target":["https:\/\/potenciaradiofonicadominicana.com\/portal\/stoa-y-grupo-energetico-se-asocian-a-expandir-parque-los-guzmancito\/#respond"]}]},{"@type":"WebPage","@id":"https:\/\/potenciaradiofonicadominicana.com\/portal\/stoa-y-grupo-energetico-se-asocian-a-expandir-parque-los-guzmancito\/","url":"https:\/\/potenciaradiofonicadominicana.com\/portal\/stoa-y-grupo-energetico-se-asocian-a-expandir-parque-los-guzmancito\/","name":"STOA y Grupo Energ\u00e9tico se asocian a expandir parque Los Guzmancito - PotenciaRadiofonicaDominicana.com","isPartOf":{"@id":"https:\/\/potenciaradiofonicadominicana.com\/portal\/#website"},"primaryImageOfPage":{"@id":"https:\/\/potenciaradiofonicadominicana.com\/portal\/stoa-y-grupo-energetico-se-asocian-a-expandir-parque-los-guzmancito\/#primaryimage"},"image":{"@id":"https:\/\/potenciaradiofonicadominicana.com\/portal\/stoa-y-grupo-energetico-se-asocian-a-expandir-parque-los-guzmancito\/#primaryimage"},"thumbnailUrl":"https:\/\/potenciaradiofonicadominicana.com\/portal\/wp-content\/uploads\/2022\/01\/13_Economia_25_3p01.jpg","datePublished":"2022-01-25T19:09:15+00:00","breadcrumb":{"@id":"https:\/\/potenciaradiofonicadominicana.com\/portal\/stoa-y-grupo-energetico-se-asocian-a-expandir-parque-los-guzmancito\/#breadcrumb"},"inLanguage":"es","potentialAction":[{"@type":"ReadAction","target":["https:\/\/potenciaradiofonicadominicana.com\/portal\/stoa-y-grupo-energetico-se-asocian-a-expandir-parque-los-guzmancito\/"]}]},{"@type":"ImageObject","inLanguage":"es","@id":"https:\/\/potenciaradiofonicadominicana.com\/portal\/stoa-y-grupo-energetico-se-asocian-a-expandir-parque-los-guzmancito\/#primaryimage","url":"https:\/\/potenciaradiofonicadominicana.com\/portal\/wp-content\/uploads\/2022\/01\/13_Economia_25_3p01.jpg","contentUrl":"https:\/\/potenciaradiofonicadominicana.com\/portal\/wp-content\/uploads\/2022\/01\/13_Economia_25_3p01.jpg","width":390,"height":506},{"@type":"BreadcrumbList","@id":"https:\/\/potenciaradiofonicadominicana.com\/portal\/stoa-y-grupo-energetico-se-asocian-a-expandir-parque-los-guzmancito\/#breadcrumb","itemListElement":[{"@type":"ListItem","position":1,"name":"Portada","item":"https:\/\/potenciaradiofonicadominicana.com\/portal\/"},{"@type":"ListItem","position":2,"name":"STOA y Grupo Energ\u00e9tico se asocian a expandir parque Los Guzmancito"}]},{"@type":"WebSite","@id":"https:\/\/potenciaradiofonicadominicana.com\/portal\/#website","url":"https:\/\/potenciaradiofonicadominicana.com\/portal\/","name":"PotenciaRadiofonicaDominicana.com","description":"Peri\u00f3dico Digital","publisher":{"@id":"https:\/\/potenciaradiofonicadominicana.com\/portal\/#organization"},"potentialAction":[{"@type":"SearchAction","target":{"@type":"EntryPoint","urlTemplate":"https:\/\/potenciaradiofonicadominicana.com\/portal\/?s={search_term_string}"},"query-input":{"@type":"PropertyValueSpecification","valueRequired":true,"valueName":"search_term_string"}}],"inLanguage":"es"},{"@type":"Organization","@id":"https:\/\/potenciaradiofonicadominicana.com\/portal\/#organization","name":"PotenciaRadiofonicaDominicana.com","url":"https:\/\/potenciaradiofonicadominicana.com\/portal\/","logo":{"@type":"ImageObject","inLanguage":"es","@id":"https:\/\/potenciaradiofonicadominicana.com\/portal\/#\/schema\/logo\/image\/","url":"https:\/\/potenciaradiofonicadominicana.com\/portal\/wp-content\/uploads\/2022\/01\/descarga.png","contentUrl":"https:\/\/potenciaradiofonicadominicana.com\/portal\/wp-content\/uploads\/2022\/01\/descarga.png","width":300,"height":100,"caption":"PotenciaRadiofonicaDominicana.com"},"image":{"@id":"https:\/\/potenciaradiofonicadominicana.com\/portal\/#\/schema\/logo\/image\/"},"sameAs":["https:\/\/web.facebook.com\/PotenciaRadiofonicaD"]},{"@type":"Person","@id":"https:\/\/potenciaradiofonicadominicana.com\/portal\/#\/schema\/person\/a5cf1fea13877803ee0573ac18b03490","name":"Potencia Radiof\u00f3nica Dominicana","image":{"@type":"ImageObject","inLanguage":"es","@id":"https:\/\/potenciaradiofonicadominicana.com\/portal\/#\/schema\/person\/image\/","url":"https:\/\/secure.gravatar.com\/avatar\/42a55ab9e8ccc656ba34cd791990602a?s=96&d=mm&r=g","contentUrl":"https:\/\/secure.gravatar.com\/avatar\/42a55ab9e8ccc656ba34cd791990602a?s=96&d=mm&r=g","caption":"Potencia Radiof\u00f3nica Dominicana"},"url":"https:\/\/potenciaradiofonicadominicana.com\/portal\/author\/johannyalmanzar\/"}]}},"_links":{"self":[{"href":"https:\/\/potenciaradiofonicadominicana.com\/portal\/wp-json\/wp\/v2\/posts\/113833","targetHints":{"allow":["GET"]}}],"collection":[{"href":"https:\/\/potenciaradiofonicadominicana.com\/portal\/wp-json\/wp\/v2\/posts"}],"about":[{"href":"https:\/\/potenciaradiofonicadominicana.com\/portal\/wp-json\/wp\/v2\/types\/post"}],"author":[{"embeddable":true,"href":"https:\/\/potenciaradiofonicadominicana.com\/portal\/wp-json\/wp\/v2\/users\/2"}],"replies":[{"embeddable":true,"href":"https:\/\/potenciaradiofonicadominicana.com\/portal\/wp-json\/wp\/v2\/comments?post=113833"}],"version-history":[{"count":1,"href":"https:\/\/potenciaradiofonicadominicana.com\/portal\/wp-json\/wp\/v2\/posts\/113833\/revisions"}],"predecessor-version":[{"id":113836,"href":"https:\/\/potenciaradiofonicadominicana.com\/portal\/wp-json\/wp\/v2\/posts\/113833\/revisions\/113836"}],"wp:featuredmedia":[{"embeddable":true,"href":"https:\/\/potenciaradiofonicadominicana.com\/portal\/wp-json\/wp\/v2\/media\/113834"}],"wp:attachment":[{"href":"https:\/\/potenciaradiofonicadominicana.com\/portal\/wp-json\/wp\/v2\/media?parent=113833"}],"wp:term":[{"taxonomy":"category","embeddable":true,"href":"https:\/\/potenciaradiofonicadominicana.com\/portal\/wp-json\/wp\/v2\/categories?post=113833"},{"taxonomy":"post_tag","embeddable":true,"href":"https:\/\/potenciaradiofonicadominicana.com\/portal\/wp-json\/wp\/v2\/tags?post=113833"}],"curies":[{"name":"wp","href":"https:\/\/api.w.org\/{rel}","templated":true}]}}