{"id":113826,"date":"2022-01-25T15:05:59","date_gmt":"2022-01-25T19:05:59","guid":{"rendered":"https:\/\/potenciaradiofonicadominicana.com\/portal\/?p=113826"},"modified":"2022-01-25T15:05:59","modified_gmt":"2022-01-25T19:05:59","slug":"ministro-de-hacienda-afirma-el-gobierno-mantendra-estrategia-eficiente-de-manejo-de-la-deuda-en-2022","status":"publish","type":"post","link":"https:\/\/potenciaradiofonicadominicana.com\/portal\/ministro-de-hacienda-afirma-el-gobierno-mantendra-estrategia-eficiente-de-manejo-de-la-deuda-en-2022\/","title":{"rendered":"Ministro de Hacienda afirma el Gobierno mantendr\u00e1 estrategia eficiente de manejo de la deuda en 2022"},"content":{"rendered":"<p><a href=\"https:\/\/potenciaradiofonicadominicana.com\/portal\/wp-content\/uploads\/2022\/01\/hacienda-ec407948-focus-0-0-895-573.jpg\"><img loading=\"lazy\" decoding=\"async\" class=\"alignnone size-full wp-image-113828\" src=\"https:\/\/potenciaradiofonicadominicana.com\/portal\/wp-content\/uploads\/2022\/01\/hacienda-ec407948-focus-0-0-895-573.jpg\" alt=\"\" width=\"895\" height=\"573\" srcset=\"https:\/\/potenciaradiofonicadominicana.com\/portal\/wp-content\/uploads\/2022\/01\/hacienda-ec407948-focus-0-0-895-573.jpg 895w, https:\/\/potenciaradiofonicadominicana.com\/portal\/wp-content\/uploads\/2022\/01\/hacienda-ec407948-focus-0-0-895-573-300x192.jpg 300w, https:\/\/potenciaradiofonicadominicana.com\/portal\/wp-content\/uploads\/2022\/01\/hacienda-ec407948-focus-0-0-895-573-768x492.jpg 768w\" sizes=\"auto, (max-width: 895px) 100vw, 895px\" \/><\/a><\/p>\n<p>El ministro de Hacienda, Jochi Vicente, asegur\u00f3 que la reducci\u00f3n del peso de la\u00a0deuda p\u00fablica\u00a0sobre las cuentas fiscales en 2021 se logr\u00f3 gracias a una gesti\u00f3n eficiente en el manejo de los pasivos, estrategia que el Gobierno mantendr\u00e1 tambi\u00e9n durante este a\u00f1o.<\/p>\n<p>\u201cSeguiremos haciendo todo lo que hemos venido haciendo hasta ahora para lograr la sostenibilidad de la deuda y replicar, si las condiciones lo permiten, las acciones que hemos implementado en los \u00faltimos 18 meses de manejo de pasivos, reestructuraci\u00f3n de la deuda y alargamiento de los plazos, y tratar de contener esa carga de intereses como lo hicimos en 2021\u201d, dijo Vicente.<\/p>\n<p>Los pagos de intereses de la deuda del sector p\u00fablico no financiero (SPNF) como proporci\u00f3n de los ingresos fiscales se situaron en 18.6 % al cierre del a\u00f1o pasado, lo que represent\u00f3 una disminuci\u00f3n de casi cinco puntos porcentuales con respecto al 23.62 % estimado en el segundo reformulado del 2020.<\/p>\n<p>De acuerdo con los datos preliminares de la\u00a0Direcci\u00f3n de Cr\u00e9dito P\u00fablico\u00a0del\u00a0Ministerio de Hacienda, la raz\u00f3n de\u00a0endeudamiento\u00a0del SPNF se ubic\u00f3 en 51.10 % del producto interno bruto (PIB) al t\u00e9rmino de 2021, nivel que denota una mejora si se compara con el 56.60 % del PIB en 2020. El saldo de la deuda del SPNF era de US$47,674.1 millones a diciembre del a\u00f1o pasado.<\/p>\n<p>\u201cHa sido evidente que las operaciones de manejo de pasivos han creado un efecto positivo en nuestro portafolio de la deuda. Seguiremos implementando esta estrategia en este 2022 garantizando las mejores condiciones posibles y la sostenibilidad de la\u00a0deuda p\u00fablica\u201d, recalc\u00f3 la viceministra de Cr\u00e9dito P\u00fablico, Mar\u00eda Jos\u00e9 Mart\u00ednez.<\/p>\n<p>El ministro destac\u00f3 que la actual gesti\u00f3n asume con responsabilidad el manejo de la deuda y que no se han tomado ni se tomar\u00e1n m\u00e1s pr\u00e9stamos que los aprobados por el Congreso. El pasado mes de diciembre, el Poder Legislativo aprob\u00f3 la Ley 348-21 que autoriza al Poder Ejecutivo, a trav\u00e9s del\u00a0Ministerio de Hacienda, a efectuar este a\u00f1o la emisi\u00f3n y colocaci\u00f3n de valores de\u00a0deuda p\u00fablica\u00a0por hasta un monto m\u00e1ximo de RD$284,079.3 millones.<\/p>\n<p>Resalt\u00f3 que una muestra del compromiso que tiene el gobierno de Luis Abinader con el tema de la deuda es que el a\u00f1o pasado, a\u00fan disminuyendo las necesidades de financiamiento original del 2021 en 13 %, no se utiliz\u00f3 la totalidad del monto de financiamiento.<\/p>\n<p>El funcionario detall\u00f3 que de los RD$253,727.70 millones que fueron autorizados por el Poder Legislativo para financiamientos en el presupuesto reformulado, solo se tomaron 221,703.83 millones al cierre del a\u00f1o pasado, quedando RD$32,023.9 millones sin desembolsar.<\/p>\n","protected":false},"excerpt":{"rendered":"<p>El ministro de Hacienda, Jochi Vicente, asegur\u00f3 que la reducci\u00f3n del peso de la\u00a0deuda p\u00fablica\u00a0sobre las cuentas fiscales en 2021 &#8230;<\/p>\n","protected":false},"author":2,"featured_media":113828,"comment_status":"open","ping_status":"open","sticky":false,"template":"","format":"standard","meta":{"footnotes":""},"categories":[26],"tags":[],"class_list":["post-113826","post","type-post","status-publish","format-standard","has-post-thumbnail","hentry","category-economia"],"yoast_head":"<!-- This site is optimized with the Yoast SEO plugin v24.8.1 - https:\/\/yoast.com\/wordpress\/plugins\/seo\/ -->\n<title>Ministro de Hacienda afirma el Gobierno mantendr\u00e1 estrategia eficiente de manejo de la deuda en 2022 - PotenciaRadiofonicaDominicana.com<\/title>\n<meta name=\"robots\" content=\"index, follow, max-snippet:-1, max-image-preview:large, max-video-preview:-1\" \/>\n<link rel=\"canonical\" href=\"https:\/\/potenciaradiofonicadominicana.com\/portal\/ministro-de-hacienda-afirma-el-gobierno-mantendra-estrategia-eficiente-de-manejo-de-la-deuda-en-2022\/\" \/>\n<meta property=\"og:locale\" content=\"es_ES\" \/>\n<meta property=\"og:type\" content=\"article\" \/>\n<meta property=\"og:title\" content=\"Ministro de Hacienda afirma el Gobierno mantendr\u00e1 estrategia eficiente de manejo de la deuda en 2022 - PotenciaRadiofonicaDominicana.com\" \/>\n<meta property=\"og:description\" content=\"El ministro de Hacienda, Jochi Vicente, asegur\u00f3 que la reducci\u00f3n del peso de la\u00a0deuda p\u00fablica\u00a0sobre las cuentas fiscales en 2021 ...\" \/>\n<meta property=\"og:url\" content=\"https:\/\/potenciaradiofonicadominicana.com\/portal\/ministro-de-hacienda-afirma-el-gobierno-mantendra-estrategia-eficiente-de-manejo-de-la-deuda-en-2022\/\" \/>\n<meta property=\"og:site_name\" content=\"PotenciaRadiofonicaDominicana.com\" \/>\n<meta property=\"article:publisher\" content=\"https:\/\/web.facebook.com\/PotenciaRadiofonicaD\" \/>\n<meta property=\"article:published_time\" content=\"2022-01-25T19:05:59+00:00\" \/>\n<meta property=\"og:image\" content=\"https:\/\/potenciaradiofonicadominicana.com\/portal\/wp-content\/uploads\/2022\/01\/hacienda-ec407948-focus-0-0-895-573.jpg\" \/>\n\t<meta property=\"og:image:width\" content=\"895\" \/>\n\t<meta property=\"og:image:height\" content=\"573\" \/>\n\t<meta property=\"og:image:type\" content=\"image\/jpeg\" \/>\n<meta name=\"author\" content=\"Potencia Radiof\u00f3nica Dominicana\" \/>\n<meta name=\"twitter:card\" content=\"summary_large_image\" \/>\n<meta name=\"twitter:label1\" content=\"Escrito por\" \/>\n\t<meta name=\"twitter:data1\" content=\"Potencia Radiof\u00f3nica Dominicana\" \/>\n\t<meta name=\"twitter:label2\" content=\"Tiempo de lectura\" \/>\n\t<meta name=\"twitter:data2\" content=\"2 minutos\" \/>\n<script type=\"application\/ld+json\" class=\"yoast-schema-graph\">{\"@context\":\"https:\/\/schema.org\",\"@graph\":[{\"@type\":\"Article\",\"@id\":\"https:\/\/potenciaradiofonicadominicana.com\/portal\/ministro-de-hacienda-afirma-el-gobierno-mantendra-estrategia-eficiente-de-manejo-de-la-deuda-en-2022\/#article\",\"isPartOf\":{\"@id\":\"https:\/\/potenciaradiofonicadominicana.com\/portal\/ministro-de-hacienda-afirma-el-gobierno-mantendra-estrategia-eficiente-de-manejo-de-la-deuda-en-2022\/\"},\"author\":{\"name\":\"Potencia Radiof\u00f3nica Dominicana\",\"@id\":\"https:\/\/potenciaradiofonicadominicana.com\/portal\/#\/schema\/person\/a5cf1fea13877803ee0573ac18b03490\"},\"headline\":\"Ministro de Hacienda afirma el Gobierno mantendr\u00e1 estrategia eficiente de manejo de la deuda en 2022\",\"datePublished\":\"2022-01-25T19:05:59+00:00\",\"mainEntityOfPage\":{\"@id\":\"https:\/\/potenciaradiofonicadominicana.com\/portal\/ministro-de-hacienda-afirma-el-gobierno-mantendra-estrategia-eficiente-de-manejo-de-la-deuda-en-2022\/\"},\"wordCount\":461,\"commentCount\":0,\"publisher\":{\"@id\":\"https:\/\/potenciaradiofonicadominicana.com\/portal\/#organization\"},\"image\":{\"@id\":\"https:\/\/potenciaradiofonicadominicana.com\/portal\/ministro-de-hacienda-afirma-el-gobierno-mantendra-estrategia-eficiente-de-manejo-de-la-deuda-en-2022\/#primaryimage\"},\"thumbnailUrl\":\"https:\/\/potenciaradiofonicadominicana.com\/portal\/wp-content\/uploads\/2022\/01\/hacienda-ec407948-focus-0-0-895-573.jpg\",\"articleSection\":[\"Econom\u00eda\"],\"inLanguage\":\"es\",\"potentialAction\":[{\"@type\":\"CommentAction\",\"name\":\"Comment\",\"target\":[\"https:\/\/potenciaradiofonicadominicana.com\/portal\/ministro-de-hacienda-afirma-el-gobierno-mantendra-estrategia-eficiente-de-manejo-de-la-deuda-en-2022\/#respond\"]}]},{\"@type\":\"WebPage\",\"@id\":\"https:\/\/potenciaradiofonicadominicana.com\/portal\/ministro-de-hacienda-afirma-el-gobierno-mantendra-estrategia-eficiente-de-manejo-de-la-deuda-en-2022\/\",\"url\":\"https:\/\/potenciaradiofonicadominicana.com\/portal\/ministro-de-hacienda-afirma-el-gobierno-mantendra-estrategia-eficiente-de-manejo-de-la-deuda-en-2022\/\",\"name\":\"Ministro de Hacienda afirma el Gobierno mantendr\u00e1 estrategia eficiente de manejo de la deuda en 2022 - PotenciaRadiofonicaDominicana.com\",\"isPartOf\":{\"@id\":\"https:\/\/potenciaradiofonicadominicana.com\/portal\/#website\"},\"primaryImageOfPage\":{\"@id\":\"https:\/\/potenciaradiofonicadominicana.com\/portal\/ministro-de-hacienda-afirma-el-gobierno-mantendra-estrategia-eficiente-de-manejo-de-la-deuda-en-2022\/#primaryimage\"},\"image\":{\"@id\":\"https:\/\/potenciaradiofonicadominicana.com\/portal\/ministro-de-hacienda-afirma-el-gobierno-mantendra-estrategia-eficiente-de-manejo-de-la-deuda-en-2022\/#primaryimage\"},\"thumbnailUrl\":\"https:\/\/potenciaradiofonicadominicana.com\/portal\/wp-content\/uploads\/2022\/01\/hacienda-ec407948-focus-0-0-895-573.jpg\",\"datePublished\":\"2022-01-25T19:05:59+00:00\",\"breadcrumb\":{\"@id\":\"https:\/\/potenciaradiofonicadominicana.com\/portal\/ministro-de-hacienda-afirma-el-gobierno-mantendra-estrategia-eficiente-de-manejo-de-la-deuda-en-2022\/#breadcrumb\"},\"inLanguage\":\"es\",\"potentialAction\":[{\"@type\":\"ReadAction\",\"target\":[\"https:\/\/potenciaradiofonicadominicana.com\/portal\/ministro-de-hacienda-afirma-el-gobierno-mantendra-estrategia-eficiente-de-manejo-de-la-deuda-en-2022\/\"]}]},{\"@type\":\"ImageObject\",\"inLanguage\":\"es\",\"@id\":\"https:\/\/potenciaradiofonicadominicana.com\/portal\/ministro-de-hacienda-afirma-el-gobierno-mantendra-estrategia-eficiente-de-manejo-de-la-deuda-en-2022\/#primaryimage\",\"url\":\"https:\/\/potenciaradiofonicadominicana.com\/portal\/wp-content\/uploads\/2022\/01\/hacienda-ec407948-focus-0-0-895-573.jpg\",\"contentUrl\":\"https:\/\/potenciaradiofonicadominicana.com\/portal\/wp-content\/uploads\/2022\/01\/hacienda-ec407948-focus-0-0-895-573.jpg\",\"width\":895,\"height\":573},{\"@type\":\"BreadcrumbList\",\"@id\":\"https:\/\/potenciaradiofonicadominicana.com\/portal\/ministro-de-hacienda-afirma-el-gobierno-mantendra-estrategia-eficiente-de-manejo-de-la-deuda-en-2022\/#breadcrumb\",\"itemListElement\":[{\"@type\":\"ListItem\",\"position\":1,\"name\":\"Portada\",\"item\":\"https:\/\/potenciaradiofonicadominicana.com\/portal\/\"},{\"@type\":\"ListItem\",\"position\":2,\"name\":\"Ministro de Hacienda afirma el Gobierno mantendr\u00e1 estrategia eficiente de manejo de la deuda en 2022\"}]},{\"@type\":\"WebSite\",\"@id\":\"https:\/\/potenciaradiofonicadominicana.com\/portal\/#website\",\"url\":\"https:\/\/potenciaradiofonicadominicana.com\/portal\/\",\"name\":\"PotenciaRadiofonicaDominicana.com\",\"description\":\"Peri\u00f3dico Digital\",\"publisher\":{\"@id\":\"https:\/\/potenciaradiofonicadominicana.com\/portal\/#organization\"},\"potentialAction\":[{\"@type\":\"SearchAction\",\"target\":{\"@type\":\"EntryPoint\",\"urlTemplate\":\"https:\/\/potenciaradiofonicadominicana.com\/portal\/?s={search_term_string}\"},\"query-input\":{\"@type\":\"PropertyValueSpecification\",\"valueRequired\":true,\"valueName\":\"search_term_string\"}}],\"inLanguage\":\"es\"},{\"@type\":\"Organization\",\"@id\":\"https:\/\/potenciaradiofonicadominicana.com\/portal\/#organization\",\"name\":\"PotenciaRadiofonicaDominicana.com\",\"url\":\"https:\/\/potenciaradiofonicadominicana.com\/portal\/\",\"logo\":{\"@type\":\"ImageObject\",\"inLanguage\":\"es\",\"@id\":\"https:\/\/potenciaradiofonicadominicana.com\/portal\/#\/schema\/logo\/image\/\",\"url\":\"https:\/\/potenciaradiofonicadominicana.com\/portal\/wp-content\/uploads\/2022\/01\/descarga.png\",\"contentUrl\":\"https:\/\/potenciaradiofonicadominicana.com\/portal\/wp-content\/uploads\/2022\/01\/descarga.png\",\"width\":300,\"height\":100,\"caption\":\"PotenciaRadiofonicaDominicana.com\"},\"image\":{\"@id\":\"https:\/\/potenciaradiofonicadominicana.com\/portal\/#\/schema\/logo\/image\/\"},\"sameAs\":[\"https:\/\/web.facebook.com\/PotenciaRadiofonicaD\"]},{\"@type\":\"Person\",\"@id\":\"https:\/\/potenciaradiofonicadominicana.com\/portal\/#\/schema\/person\/a5cf1fea13877803ee0573ac18b03490\",\"name\":\"Potencia Radiof\u00f3nica Dominicana\",\"image\":{\"@type\":\"ImageObject\",\"inLanguage\":\"es\",\"@id\":\"https:\/\/potenciaradiofonicadominicana.com\/portal\/#\/schema\/person\/image\/\",\"url\":\"https:\/\/secure.gravatar.com\/avatar\/42a55ab9e8ccc656ba34cd791990602a?s=96&d=mm&r=g\",\"contentUrl\":\"https:\/\/secure.gravatar.com\/avatar\/42a55ab9e8ccc656ba34cd791990602a?s=96&d=mm&r=g\",\"caption\":\"Potencia Radiof\u00f3nica Dominicana\"},\"url\":\"https:\/\/potenciaradiofonicadominicana.com\/portal\/author\/johannyalmanzar\/\"}]}<\/script>\n<!-- \/ Yoast SEO plugin. -->","yoast_head_json":{"title":"Ministro de Hacienda afirma el Gobierno mantendr\u00e1 estrategia eficiente de manejo de la deuda en 2022 - PotenciaRadiofonicaDominicana.com","robots":{"index":"index","follow":"follow","max-snippet":"max-snippet:-1","max-image-preview":"max-image-preview:large","max-video-preview":"max-video-preview:-1"},"canonical":"https:\/\/potenciaradiofonicadominicana.com\/portal\/ministro-de-hacienda-afirma-el-gobierno-mantendra-estrategia-eficiente-de-manejo-de-la-deuda-en-2022\/","og_locale":"es_ES","og_type":"article","og_title":"Ministro de Hacienda afirma el Gobierno mantendr\u00e1 estrategia eficiente de manejo de la deuda en 2022 - PotenciaRadiofonicaDominicana.com","og_description":"El ministro de Hacienda, Jochi Vicente, asegur\u00f3 que la reducci\u00f3n del peso de la\u00a0deuda p\u00fablica\u00a0sobre las cuentas fiscales en 2021 ...","og_url":"https:\/\/potenciaradiofonicadominicana.com\/portal\/ministro-de-hacienda-afirma-el-gobierno-mantendra-estrategia-eficiente-de-manejo-de-la-deuda-en-2022\/","og_site_name":"PotenciaRadiofonicaDominicana.com","article_publisher":"https:\/\/web.facebook.com\/PotenciaRadiofonicaD","article_published_time":"2022-01-25T19:05:59+00:00","og_image":[{"width":895,"height":573,"url":"https:\/\/potenciaradiofonicadominicana.com\/portal\/wp-content\/uploads\/2022\/01\/hacienda-ec407948-focus-0-0-895-573.jpg","type":"image\/jpeg"}],"author":"Potencia Radiof\u00f3nica Dominicana","twitter_card":"summary_large_image","twitter_misc":{"Escrito por":"Potencia Radiof\u00f3nica Dominicana","Tiempo de lectura":"2 minutos"},"schema":{"@context":"https:\/\/schema.org","@graph":[{"@type":"Article","@id":"https:\/\/potenciaradiofonicadominicana.com\/portal\/ministro-de-hacienda-afirma-el-gobierno-mantendra-estrategia-eficiente-de-manejo-de-la-deuda-en-2022\/#article","isPartOf":{"@id":"https:\/\/potenciaradiofonicadominicana.com\/portal\/ministro-de-hacienda-afirma-el-gobierno-mantendra-estrategia-eficiente-de-manejo-de-la-deuda-en-2022\/"},"author":{"name":"Potencia Radiof\u00f3nica Dominicana","@id":"https:\/\/potenciaradiofonicadominicana.com\/portal\/#\/schema\/person\/a5cf1fea13877803ee0573ac18b03490"},"headline":"Ministro de Hacienda afirma el Gobierno mantendr\u00e1 estrategia eficiente de manejo de la deuda en 2022","datePublished":"2022-01-25T19:05:59+00:00","mainEntityOfPage":{"@id":"https:\/\/potenciaradiofonicadominicana.com\/portal\/ministro-de-hacienda-afirma-el-gobierno-mantendra-estrategia-eficiente-de-manejo-de-la-deuda-en-2022\/"},"wordCount":461,"commentCount":0,"publisher":{"@id":"https:\/\/potenciaradiofonicadominicana.com\/portal\/#organization"},"image":{"@id":"https:\/\/potenciaradiofonicadominicana.com\/portal\/ministro-de-hacienda-afirma-el-gobierno-mantendra-estrategia-eficiente-de-manejo-de-la-deuda-en-2022\/#primaryimage"},"thumbnailUrl":"https:\/\/potenciaradiofonicadominicana.com\/portal\/wp-content\/uploads\/2022\/01\/hacienda-ec407948-focus-0-0-895-573.jpg","articleSection":["Econom\u00eda"],"inLanguage":"es","potentialAction":[{"@type":"CommentAction","name":"Comment","target":["https:\/\/potenciaradiofonicadominicana.com\/portal\/ministro-de-hacienda-afirma-el-gobierno-mantendra-estrategia-eficiente-de-manejo-de-la-deuda-en-2022\/#respond"]}]},{"@type":"WebPage","@id":"https:\/\/potenciaradiofonicadominicana.com\/portal\/ministro-de-hacienda-afirma-el-gobierno-mantendra-estrategia-eficiente-de-manejo-de-la-deuda-en-2022\/","url":"https:\/\/potenciaradiofonicadominicana.com\/portal\/ministro-de-hacienda-afirma-el-gobierno-mantendra-estrategia-eficiente-de-manejo-de-la-deuda-en-2022\/","name":"Ministro de Hacienda afirma el Gobierno mantendr\u00e1 estrategia eficiente de manejo de la deuda en 2022 - PotenciaRadiofonicaDominicana.com","isPartOf":{"@id":"https:\/\/potenciaradiofonicadominicana.com\/portal\/#website"},"primaryImageOfPage":{"@id":"https:\/\/potenciaradiofonicadominicana.com\/portal\/ministro-de-hacienda-afirma-el-gobierno-mantendra-estrategia-eficiente-de-manejo-de-la-deuda-en-2022\/#primaryimage"},"image":{"@id":"https:\/\/potenciaradiofonicadominicana.com\/portal\/ministro-de-hacienda-afirma-el-gobierno-mantendra-estrategia-eficiente-de-manejo-de-la-deuda-en-2022\/#primaryimage"},"thumbnailUrl":"https:\/\/potenciaradiofonicadominicana.com\/portal\/wp-content\/uploads\/2022\/01\/hacienda-ec407948-focus-0-0-895-573.jpg","datePublished":"2022-01-25T19:05:59+00:00","breadcrumb":{"@id":"https:\/\/potenciaradiofonicadominicana.com\/portal\/ministro-de-hacienda-afirma-el-gobierno-mantendra-estrategia-eficiente-de-manejo-de-la-deuda-en-2022\/#breadcrumb"},"inLanguage":"es","potentialAction":[{"@type":"ReadAction","target":["https:\/\/potenciaradiofonicadominicana.com\/portal\/ministro-de-hacienda-afirma-el-gobierno-mantendra-estrategia-eficiente-de-manejo-de-la-deuda-en-2022\/"]}]},{"@type":"ImageObject","inLanguage":"es","@id":"https:\/\/potenciaradiofonicadominicana.com\/portal\/ministro-de-hacienda-afirma-el-gobierno-mantendra-estrategia-eficiente-de-manejo-de-la-deuda-en-2022\/#primaryimage","url":"https:\/\/potenciaradiofonicadominicana.com\/portal\/wp-content\/uploads\/2022\/01\/hacienda-ec407948-focus-0-0-895-573.jpg","contentUrl":"https:\/\/potenciaradiofonicadominicana.com\/portal\/wp-content\/uploads\/2022\/01\/hacienda-ec407948-focus-0-0-895-573.jpg","width":895,"height":573},{"@type":"BreadcrumbList","@id":"https:\/\/potenciaradiofonicadominicana.com\/portal\/ministro-de-hacienda-afirma-el-gobierno-mantendra-estrategia-eficiente-de-manejo-de-la-deuda-en-2022\/#breadcrumb","itemListElement":[{"@type":"ListItem","position":1,"name":"Portada","item":"https:\/\/potenciaradiofonicadominicana.com\/portal\/"},{"@type":"ListItem","position":2,"name":"Ministro de Hacienda afirma el Gobierno mantendr\u00e1 estrategia eficiente de manejo de la deuda en 2022"}]},{"@type":"WebSite","@id":"https:\/\/potenciaradiofonicadominicana.com\/portal\/#website","url":"https:\/\/potenciaradiofonicadominicana.com\/portal\/","name":"PotenciaRadiofonicaDominicana.com","description":"Peri\u00f3dico Digital","publisher":{"@id":"https:\/\/potenciaradiofonicadominicana.com\/portal\/#organization"},"potentialAction":[{"@type":"SearchAction","target":{"@type":"EntryPoint","urlTemplate":"https:\/\/potenciaradiofonicadominicana.com\/portal\/?s={search_term_string}"},"query-input":{"@type":"PropertyValueSpecification","valueRequired":true,"valueName":"search_term_string"}}],"inLanguage":"es"},{"@type":"Organization","@id":"https:\/\/potenciaradiofonicadominicana.com\/portal\/#organization","name":"PotenciaRadiofonicaDominicana.com","url":"https:\/\/potenciaradiofonicadominicana.com\/portal\/","logo":{"@type":"ImageObject","inLanguage":"es","@id":"https:\/\/potenciaradiofonicadominicana.com\/portal\/#\/schema\/logo\/image\/","url":"https:\/\/potenciaradiofonicadominicana.com\/portal\/wp-content\/uploads\/2022\/01\/descarga.png","contentUrl":"https:\/\/potenciaradiofonicadominicana.com\/portal\/wp-content\/uploads\/2022\/01\/descarga.png","width":300,"height":100,"caption":"PotenciaRadiofonicaDominicana.com"},"image":{"@id":"https:\/\/potenciaradiofonicadominicana.com\/portal\/#\/schema\/logo\/image\/"},"sameAs":["https:\/\/web.facebook.com\/PotenciaRadiofonicaD"]},{"@type":"Person","@id":"https:\/\/potenciaradiofonicadominicana.com\/portal\/#\/schema\/person\/a5cf1fea13877803ee0573ac18b03490","name":"Potencia Radiof\u00f3nica Dominicana","image":{"@type":"ImageObject","inLanguage":"es","@id":"https:\/\/potenciaradiofonicadominicana.com\/portal\/#\/schema\/person\/image\/","url":"https:\/\/secure.gravatar.com\/avatar\/42a55ab9e8ccc656ba34cd791990602a?s=96&d=mm&r=g","contentUrl":"https:\/\/secure.gravatar.com\/avatar\/42a55ab9e8ccc656ba34cd791990602a?s=96&d=mm&r=g","caption":"Potencia Radiof\u00f3nica Dominicana"},"url":"https:\/\/potenciaradiofonicadominicana.com\/portal\/author\/johannyalmanzar\/"}]}},"_links":{"self":[{"href":"https:\/\/potenciaradiofonicadominicana.com\/portal\/wp-json\/wp\/v2\/posts\/113826","targetHints":{"allow":["GET"]}}],"collection":[{"href":"https:\/\/potenciaradiofonicadominicana.com\/portal\/wp-json\/wp\/v2\/posts"}],"about":[{"href":"https:\/\/potenciaradiofonicadominicana.com\/portal\/wp-json\/wp\/v2\/types\/post"}],"author":[{"embeddable":true,"href":"https:\/\/potenciaradiofonicadominicana.com\/portal\/wp-json\/wp\/v2\/users\/2"}],"replies":[{"embeddable":true,"href":"https:\/\/potenciaradiofonicadominicana.com\/portal\/wp-json\/wp\/v2\/comments?post=113826"}],"version-history":[{"count":1,"href":"https:\/\/potenciaradiofonicadominicana.com\/portal\/wp-json\/wp\/v2\/posts\/113826\/revisions"}],"predecessor-version":[{"id":113829,"href":"https:\/\/potenciaradiofonicadominicana.com\/portal\/wp-json\/wp\/v2\/posts\/113826\/revisions\/113829"}],"wp:featuredmedia":[{"embeddable":true,"href":"https:\/\/potenciaradiofonicadominicana.com\/portal\/wp-json\/wp\/v2\/media\/113828"}],"wp:attachment":[{"href":"https:\/\/potenciaradiofonicadominicana.com\/portal\/wp-json\/wp\/v2\/media?parent=113826"}],"wp:term":[{"taxonomy":"category","embeddable":true,"href":"https:\/\/potenciaradiofonicadominicana.com\/portal\/wp-json\/wp\/v2\/categories?post=113826"},{"taxonomy":"post_tag","embeddable":true,"href":"https:\/\/potenciaradiofonicadominicana.com\/portal\/wp-json\/wp\/v2\/tags?post=113826"}],"curies":[{"name":"wp","href":"https:\/\/api.w.org\/{rel}","templated":true}]}}