{"id":113807,"date":"2022-01-25T15:03:58","date_gmt":"2022-01-25T19:03:58","guid":{"rendered":"https:\/\/potenciaradiofonicadominicana.com\/portal\/?p=113807"},"modified":"2022-01-25T15:03:58","modified_gmt":"2022-01-25T19:03:58","slug":"cadenas-hoteleras-espanolas-resaltan-el-trabajo-en-turismo-de-rd","status":"publish","type":"post","link":"https:\/\/potenciaradiofonicadominicana.com\/portal\/cadenas-hoteleras-espanolas-resaltan-el-trabajo-en-turismo-de-rd\/","title":{"rendered":"Cadenas hoteleras espa\u00f1olas resaltan el trabajo en turismo de RD"},"content":{"rendered":"<p><a href=\"https:\/\/potenciaradiofonicadominicana.com\/portal\/wp-content\/uploads\/2022\/01\/whatsapp-image-2022-01-24-at-60814-pm-03199487-focus-0-0-895-573.jpg\"><img loading=\"lazy\" decoding=\"async\" class=\"alignnone size-full wp-image-113822\" src=\"https:\/\/potenciaradiofonicadominicana.com\/portal\/wp-content\/uploads\/2022\/01\/whatsapp-image-2022-01-24-at-60814-pm-03199487-focus-0-0-895-573.jpg\" alt=\"\" width=\"895\" height=\"573\" srcset=\"https:\/\/potenciaradiofonicadominicana.com\/portal\/wp-content\/uploads\/2022\/01\/whatsapp-image-2022-01-24-at-60814-pm-03199487-focus-0-0-895-573.jpg 895w, https:\/\/potenciaradiofonicadominicana.com\/portal\/wp-content\/uploads\/2022\/01\/whatsapp-image-2022-01-24-at-60814-pm-03199487-focus-0-0-895-573-300x192.jpg 300w, https:\/\/potenciaradiofonicadominicana.com\/portal\/wp-content\/uploads\/2022\/01\/whatsapp-image-2022-01-24-at-60814-pm-03199487-focus-0-0-895-573-768x492.jpg 768w\" sizes=\"auto, (max-width: 895px) 100vw, 895px\" \/><\/a><\/p>\n<p>Las 16 familias espa\u00f1olas del\u00a0turismo, como se les conoce en Espa\u00f1a, propietarias de las\u00a0cadenas hoteleras\u00a0m\u00e1s importantes de ese pa\u00eds y que tienen m\u00e1s de\u00a060 mil habitaciones de\u00a0hoteles\u00a0en Rep\u00fablica Dominicana, expresaron su satisfacci\u00f3n con el presidente\u00a0Luis Abinader\u00a0y el ministro de\u00a0Turismo,\u00a0David Collado,\u00a0por el trabajo que se ha hecho en el pa\u00eds para la recuperaci\u00f3n y relanzamiento de ese sector.<\/p>\n<p>Seg\u00fan una nota de prensa de la Presidencia, el grupo empresarial expres\u00f3 al mandatario y al ministro que Rep\u00fablica Dominicana ha sido un ejemplo para el mundo y que es el pa\u00eds que m\u00e1s apoyo le ha brindado para lograr una efectiva recuperaci\u00f3n y poder rehabilitar con \u00e9xito sus operaciones en el pa\u00eds, as\u00ed como todos los empleos que se hab\u00edan perdido en la pandemia.<\/p>\n<p>Estas familias, que tienen inversiones en diferentes pa\u00edses como en\u00a0M\u00e9xico, Cuba, Jamaica, Espa\u00f1a, Estados Unidos\u00a0entre otros destinos, indicaron que Rep\u00fablica Dominicana ha sido el ejemplo a seguir y donde m\u00e1s r\u00e1pido han podido recuperarse.<\/p>\n<p>El ministro Collado expres\u00f3 en la reuni\u00f3n que el \u00e9xito que se ha logrado ha sido gracias al trabajo cercano y la\u00a0alianza p\u00fablico-privada\u00a0que se ha llevado cabo a trav\u00e9s del\u00a0Gabinete de\u00a0Turismo, que encabeza el presidente Abinader.<\/p>\n<p>La nota indica que los empresarios espa\u00f1oles tambi\u00e9n informaron a las autoridades que al d\u00eda de\u00a0hoy tienen m\u00e1s de 5 mil vacantes de empleos en la zona de B\u00e1varo-Punta Cana\u00a0y dicen que esto se debe a que el mercado dominicano se recuper\u00f3 muy r\u00e1pido y ahora tiene que volver a contratar personal.<\/p>\n<p>El presidente Abinader design\u00f3 una comisi\u00f3n para atender estas necesidades de empleo donde estar\u00e1n adem\u00e1s del ministro de\u00a0turismo\u00a0David Collado, el Ministro de Trabajo, Luis Miguel De Camps,\u00a0 y el director de Infotep, Rafael Santos.<\/p>\n<p>Se inform\u00f3 que se realizar\u00e1n ferias de empleos en la zona y entrenamientos de personal para atender estas vacantes.<\/p>\n","protected":false},"excerpt":{"rendered":"<p>Las 16 familias espa\u00f1olas del\u00a0turismo, como se les conoce en Espa\u00f1a, propietarias de las\u00a0cadenas hoteleras\u00a0m\u00e1s importantes de ese pa\u00eds y &#8230;<\/p>\n","protected":false},"author":2,"featured_media":113822,"comment_status":"open","ping_status":"open","sticky":false,"template":"","format":"standard","meta":{"footnotes":""},"categories":[26],"tags":[],"class_list":["post-113807","post","type-post","status-publish","format-standard","has-post-thumbnail","hentry","category-economia"],"yoast_head":"<!-- This site is optimized with the Yoast SEO plugin v24.8.1 - https:\/\/yoast.com\/wordpress\/plugins\/seo\/ -->\n<title>Cadenas hoteleras espa\u00f1olas resaltan el trabajo en turismo de RD - PotenciaRadiofonicaDominicana.com<\/title>\n<meta name=\"robots\" content=\"index, follow, max-snippet:-1, max-image-preview:large, max-video-preview:-1\" \/>\n<link rel=\"canonical\" href=\"https:\/\/potenciaradiofonicadominicana.com\/portal\/cadenas-hoteleras-espanolas-resaltan-el-trabajo-en-turismo-de-rd\/\" \/>\n<meta property=\"og:locale\" content=\"es_ES\" \/>\n<meta property=\"og:type\" content=\"article\" \/>\n<meta property=\"og:title\" content=\"Cadenas hoteleras espa\u00f1olas resaltan el trabajo en turismo de RD - PotenciaRadiofonicaDominicana.com\" \/>\n<meta property=\"og:description\" content=\"Las 16 familias espa\u00f1olas del\u00a0turismo, como se les conoce en Espa\u00f1a, propietarias de las\u00a0cadenas hoteleras\u00a0m\u00e1s importantes de ese pa\u00eds y ...\" \/>\n<meta property=\"og:url\" content=\"https:\/\/potenciaradiofonicadominicana.com\/portal\/cadenas-hoteleras-espanolas-resaltan-el-trabajo-en-turismo-de-rd\/\" \/>\n<meta property=\"og:site_name\" content=\"PotenciaRadiofonicaDominicana.com\" \/>\n<meta property=\"article:publisher\" content=\"https:\/\/web.facebook.com\/PotenciaRadiofonicaD\" \/>\n<meta property=\"article:published_time\" content=\"2022-01-25T19:03:58+00:00\" \/>\n<meta property=\"og:image\" content=\"https:\/\/potenciaradiofonicadominicana.com\/portal\/wp-content\/uploads\/2022\/01\/whatsapp-image-2022-01-24-at-60814-pm-03199487-focus-0-0-895-573.jpg\" \/>\n\t<meta property=\"og:image:width\" content=\"895\" \/>\n\t<meta property=\"og:image:height\" content=\"573\" \/>\n\t<meta property=\"og:image:type\" content=\"image\/jpeg\" \/>\n<meta name=\"author\" content=\"Potencia Radiof\u00f3nica Dominicana\" \/>\n<meta name=\"twitter:card\" content=\"summary_large_image\" \/>\n<meta name=\"twitter:label1\" content=\"Escrito por\" \/>\n\t<meta name=\"twitter:data1\" content=\"Potencia Radiof\u00f3nica Dominicana\" \/>\n\t<meta name=\"twitter:label2\" content=\"Tiempo de lectura\" \/>\n\t<meta name=\"twitter:data2\" content=\"2 minutos\" \/>\n<script type=\"application\/ld+json\" class=\"yoast-schema-graph\">{\"@context\":\"https:\/\/schema.org\",\"@graph\":[{\"@type\":\"Article\",\"@id\":\"https:\/\/potenciaradiofonicadominicana.com\/portal\/cadenas-hoteleras-espanolas-resaltan-el-trabajo-en-turismo-de-rd\/#article\",\"isPartOf\":{\"@id\":\"https:\/\/potenciaradiofonicadominicana.com\/portal\/cadenas-hoteleras-espanolas-resaltan-el-trabajo-en-turismo-de-rd\/\"},\"author\":{\"name\":\"Potencia Radiof\u00f3nica Dominicana\",\"@id\":\"https:\/\/potenciaradiofonicadominicana.com\/portal\/#\/schema\/person\/a5cf1fea13877803ee0573ac18b03490\"},\"headline\":\"Cadenas hoteleras espa\u00f1olas resaltan el trabajo en turismo de RD\",\"datePublished\":\"2022-01-25T19:03:58+00:00\",\"mainEntityOfPage\":{\"@id\":\"https:\/\/potenciaradiofonicadominicana.com\/portal\/cadenas-hoteleras-espanolas-resaltan-el-trabajo-en-turismo-de-rd\/\"},\"wordCount\":361,\"commentCount\":0,\"publisher\":{\"@id\":\"https:\/\/potenciaradiofonicadominicana.com\/portal\/#organization\"},\"image\":{\"@id\":\"https:\/\/potenciaradiofonicadominicana.com\/portal\/cadenas-hoteleras-espanolas-resaltan-el-trabajo-en-turismo-de-rd\/#primaryimage\"},\"thumbnailUrl\":\"https:\/\/potenciaradiofonicadominicana.com\/portal\/wp-content\/uploads\/2022\/01\/whatsapp-image-2022-01-24-at-60814-pm-03199487-focus-0-0-895-573.jpg\",\"articleSection\":[\"Econom\u00eda\"],\"inLanguage\":\"es\",\"potentialAction\":[{\"@type\":\"CommentAction\",\"name\":\"Comment\",\"target\":[\"https:\/\/potenciaradiofonicadominicana.com\/portal\/cadenas-hoteleras-espanolas-resaltan-el-trabajo-en-turismo-de-rd\/#respond\"]}]},{\"@type\":\"WebPage\",\"@id\":\"https:\/\/potenciaradiofonicadominicana.com\/portal\/cadenas-hoteleras-espanolas-resaltan-el-trabajo-en-turismo-de-rd\/\",\"url\":\"https:\/\/potenciaradiofonicadominicana.com\/portal\/cadenas-hoteleras-espanolas-resaltan-el-trabajo-en-turismo-de-rd\/\",\"name\":\"Cadenas hoteleras espa\u00f1olas resaltan el trabajo en turismo de RD - PotenciaRadiofonicaDominicana.com\",\"isPartOf\":{\"@id\":\"https:\/\/potenciaradiofonicadominicana.com\/portal\/#website\"},\"primaryImageOfPage\":{\"@id\":\"https:\/\/potenciaradiofonicadominicana.com\/portal\/cadenas-hoteleras-espanolas-resaltan-el-trabajo-en-turismo-de-rd\/#primaryimage\"},\"image\":{\"@id\":\"https:\/\/potenciaradiofonicadominicana.com\/portal\/cadenas-hoteleras-espanolas-resaltan-el-trabajo-en-turismo-de-rd\/#primaryimage\"},\"thumbnailUrl\":\"https:\/\/potenciaradiofonicadominicana.com\/portal\/wp-content\/uploads\/2022\/01\/whatsapp-image-2022-01-24-at-60814-pm-03199487-focus-0-0-895-573.jpg\",\"datePublished\":\"2022-01-25T19:03:58+00:00\",\"breadcrumb\":{\"@id\":\"https:\/\/potenciaradiofonicadominicana.com\/portal\/cadenas-hoteleras-espanolas-resaltan-el-trabajo-en-turismo-de-rd\/#breadcrumb\"},\"inLanguage\":\"es\",\"potentialAction\":[{\"@type\":\"ReadAction\",\"target\":[\"https:\/\/potenciaradiofonicadominicana.com\/portal\/cadenas-hoteleras-espanolas-resaltan-el-trabajo-en-turismo-de-rd\/\"]}]},{\"@type\":\"ImageObject\",\"inLanguage\":\"es\",\"@id\":\"https:\/\/potenciaradiofonicadominicana.com\/portal\/cadenas-hoteleras-espanolas-resaltan-el-trabajo-en-turismo-de-rd\/#primaryimage\",\"url\":\"https:\/\/potenciaradiofonicadominicana.com\/portal\/wp-content\/uploads\/2022\/01\/whatsapp-image-2022-01-24-at-60814-pm-03199487-focus-0-0-895-573.jpg\",\"contentUrl\":\"https:\/\/potenciaradiofonicadominicana.com\/portal\/wp-content\/uploads\/2022\/01\/whatsapp-image-2022-01-24-at-60814-pm-03199487-focus-0-0-895-573.jpg\",\"width\":895,\"height\":573},{\"@type\":\"BreadcrumbList\",\"@id\":\"https:\/\/potenciaradiofonicadominicana.com\/portal\/cadenas-hoteleras-espanolas-resaltan-el-trabajo-en-turismo-de-rd\/#breadcrumb\",\"itemListElement\":[{\"@type\":\"ListItem\",\"position\":1,\"name\":\"Portada\",\"item\":\"https:\/\/potenciaradiofonicadominicana.com\/portal\/\"},{\"@type\":\"ListItem\",\"position\":2,\"name\":\"Cadenas hoteleras espa\u00f1olas resaltan el trabajo en turismo de RD\"}]},{\"@type\":\"WebSite\",\"@id\":\"https:\/\/potenciaradiofonicadominicana.com\/portal\/#website\",\"url\":\"https:\/\/potenciaradiofonicadominicana.com\/portal\/\",\"name\":\"PotenciaRadiofonicaDominicana.com\",\"description\":\"Peri\u00f3dico Digital\",\"publisher\":{\"@id\":\"https:\/\/potenciaradiofonicadominicana.com\/portal\/#organization\"},\"potentialAction\":[{\"@type\":\"SearchAction\",\"target\":{\"@type\":\"EntryPoint\",\"urlTemplate\":\"https:\/\/potenciaradiofonicadominicana.com\/portal\/?s={search_term_string}\"},\"query-input\":{\"@type\":\"PropertyValueSpecification\",\"valueRequired\":true,\"valueName\":\"search_term_string\"}}],\"inLanguage\":\"es\"},{\"@type\":\"Organization\",\"@id\":\"https:\/\/potenciaradiofonicadominicana.com\/portal\/#organization\",\"name\":\"PotenciaRadiofonicaDominicana.com\",\"url\":\"https:\/\/potenciaradiofonicadominicana.com\/portal\/\",\"logo\":{\"@type\":\"ImageObject\",\"inLanguage\":\"es\",\"@id\":\"https:\/\/potenciaradiofonicadominicana.com\/portal\/#\/schema\/logo\/image\/\",\"url\":\"https:\/\/potenciaradiofonicadominicana.com\/portal\/wp-content\/uploads\/2022\/01\/descarga.png\",\"contentUrl\":\"https:\/\/potenciaradiofonicadominicana.com\/portal\/wp-content\/uploads\/2022\/01\/descarga.png\",\"width\":300,\"height\":100,\"caption\":\"PotenciaRadiofonicaDominicana.com\"},\"image\":{\"@id\":\"https:\/\/potenciaradiofonicadominicana.com\/portal\/#\/schema\/logo\/image\/\"},\"sameAs\":[\"https:\/\/web.facebook.com\/PotenciaRadiofonicaD\"]},{\"@type\":\"Person\",\"@id\":\"https:\/\/potenciaradiofonicadominicana.com\/portal\/#\/schema\/person\/a5cf1fea13877803ee0573ac18b03490\",\"name\":\"Potencia Radiof\u00f3nica Dominicana\",\"image\":{\"@type\":\"ImageObject\",\"inLanguage\":\"es\",\"@id\":\"https:\/\/potenciaradiofonicadominicana.com\/portal\/#\/schema\/person\/image\/\",\"url\":\"https:\/\/secure.gravatar.com\/avatar\/42a55ab9e8ccc656ba34cd791990602a?s=96&d=mm&r=g\",\"contentUrl\":\"https:\/\/secure.gravatar.com\/avatar\/42a55ab9e8ccc656ba34cd791990602a?s=96&d=mm&r=g\",\"caption\":\"Potencia Radiof\u00f3nica Dominicana\"},\"url\":\"https:\/\/potenciaradiofonicadominicana.com\/portal\/author\/johannyalmanzar\/\"}]}<\/script>\n<!-- \/ Yoast SEO plugin. -->","yoast_head_json":{"title":"Cadenas hoteleras espa\u00f1olas resaltan el trabajo en turismo de RD - PotenciaRadiofonicaDominicana.com","robots":{"index":"index","follow":"follow","max-snippet":"max-snippet:-1","max-image-preview":"max-image-preview:large","max-video-preview":"max-video-preview:-1"},"canonical":"https:\/\/potenciaradiofonicadominicana.com\/portal\/cadenas-hoteleras-espanolas-resaltan-el-trabajo-en-turismo-de-rd\/","og_locale":"es_ES","og_type":"article","og_title":"Cadenas hoteleras espa\u00f1olas resaltan el trabajo en turismo de RD - PotenciaRadiofonicaDominicana.com","og_description":"Las 16 familias espa\u00f1olas del\u00a0turismo, como se les conoce en Espa\u00f1a, propietarias de las\u00a0cadenas hoteleras\u00a0m\u00e1s importantes de ese pa\u00eds y ...","og_url":"https:\/\/potenciaradiofonicadominicana.com\/portal\/cadenas-hoteleras-espanolas-resaltan-el-trabajo-en-turismo-de-rd\/","og_site_name":"PotenciaRadiofonicaDominicana.com","article_publisher":"https:\/\/web.facebook.com\/PotenciaRadiofonicaD","article_published_time":"2022-01-25T19:03:58+00:00","og_image":[{"width":895,"height":573,"url":"https:\/\/potenciaradiofonicadominicana.com\/portal\/wp-content\/uploads\/2022\/01\/whatsapp-image-2022-01-24-at-60814-pm-03199487-focus-0-0-895-573.jpg","type":"image\/jpeg"}],"author":"Potencia Radiof\u00f3nica Dominicana","twitter_card":"summary_large_image","twitter_misc":{"Escrito por":"Potencia Radiof\u00f3nica Dominicana","Tiempo de lectura":"2 minutos"},"schema":{"@context":"https:\/\/schema.org","@graph":[{"@type":"Article","@id":"https:\/\/potenciaradiofonicadominicana.com\/portal\/cadenas-hoteleras-espanolas-resaltan-el-trabajo-en-turismo-de-rd\/#article","isPartOf":{"@id":"https:\/\/potenciaradiofonicadominicana.com\/portal\/cadenas-hoteleras-espanolas-resaltan-el-trabajo-en-turismo-de-rd\/"},"author":{"name":"Potencia Radiof\u00f3nica Dominicana","@id":"https:\/\/potenciaradiofonicadominicana.com\/portal\/#\/schema\/person\/a5cf1fea13877803ee0573ac18b03490"},"headline":"Cadenas hoteleras espa\u00f1olas resaltan el trabajo en turismo de RD","datePublished":"2022-01-25T19:03:58+00:00","mainEntityOfPage":{"@id":"https:\/\/potenciaradiofonicadominicana.com\/portal\/cadenas-hoteleras-espanolas-resaltan-el-trabajo-en-turismo-de-rd\/"},"wordCount":361,"commentCount":0,"publisher":{"@id":"https:\/\/potenciaradiofonicadominicana.com\/portal\/#organization"},"image":{"@id":"https:\/\/potenciaradiofonicadominicana.com\/portal\/cadenas-hoteleras-espanolas-resaltan-el-trabajo-en-turismo-de-rd\/#primaryimage"},"thumbnailUrl":"https:\/\/potenciaradiofonicadominicana.com\/portal\/wp-content\/uploads\/2022\/01\/whatsapp-image-2022-01-24-at-60814-pm-03199487-focus-0-0-895-573.jpg","articleSection":["Econom\u00eda"],"inLanguage":"es","potentialAction":[{"@type":"CommentAction","name":"Comment","target":["https:\/\/potenciaradiofonicadominicana.com\/portal\/cadenas-hoteleras-espanolas-resaltan-el-trabajo-en-turismo-de-rd\/#respond"]}]},{"@type":"WebPage","@id":"https:\/\/potenciaradiofonicadominicana.com\/portal\/cadenas-hoteleras-espanolas-resaltan-el-trabajo-en-turismo-de-rd\/","url":"https:\/\/potenciaradiofonicadominicana.com\/portal\/cadenas-hoteleras-espanolas-resaltan-el-trabajo-en-turismo-de-rd\/","name":"Cadenas hoteleras espa\u00f1olas resaltan el trabajo en turismo de RD - PotenciaRadiofonicaDominicana.com","isPartOf":{"@id":"https:\/\/potenciaradiofonicadominicana.com\/portal\/#website"},"primaryImageOfPage":{"@id":"https:\/\/potenciaradiofonicadominicana.com\/portal\/cadenas-hoteleras-espanolas-resaltan-el-trabajo-en-turismo-de-rd\/#primaryimage"},"image":{"@id":"https:\/\/potenciaradiofonicadominicana.com\/portal\/cadenas-hoteleras-espanolas-resaltan-el-trabajo-en-turismo-de-rd\/#primaryimage"},"thumbnailUrl":"https:\/\/potenciaradiofonicadominicana.com\/portal\/wp-content\/uploads\/2022\/01\/whatsapp-image-2022-01-24-at-60814-pm-03199487-focus-0-0-895-573.jpg","datePublished":"2022-01-25T19:03:58+00:00","breadcrumb":{"@id":"https:\/\/potenciaradiofonicadominicana.com\/portal\/cadenas-hoteleras-espanolas-resaltan-el-trabajo-en-turismo-de-rd\/#breadcrumb"},"inLanguage":"es","potentialAction":[{"@type":"ReadAction","target":["https:\/\/potenciaradiofonicadominicana.com\/portal\/cadenas-hoteleras-espanolas-resaltan-el-trabajo-en-turismo-de-rd\/"]}]},{"@type":"ImageObject","inLanguage":"es","@id":"https:\/\/potenciaradiofonicadominicana.com\/portal\/cadenas-hoteleras-espanolas-resaltan-el-trabajo-en-turismo-de-rd\/#primaryimage","url":"https:\/\/potenciaradiofonicadominicana.com\/portal\/wp-content\/uploads\/2022\/01\/whatsapp-image-2022-01-24-at-60814-pm-03199487-focus-0-0-895-573.jpg","contentUrl":"https:\/\/potenciaradiofonicadominicana.com\/portal\/wp-content\/uploads\/2022\/01\/whatsapp-image-2022-01-24-at-60814-pm-03199487-focus-0-0-895-573.jpg","width":895,"height":573},{"@type":"BreadcrumbList","@id":"https:\/\/potenciaradiofonicadominicana.com\/portal\/cadenas-hoteleras-espanolas-resaltan-el-trabajo-en-turismo-de-rd\/#breadcrumb","itemListElement":[{"@type":"ListItem","position":1,"name":"Portada","item":"https:\/\/potenciaradiofonicadominicana.com\/portal\/"},{"@type":"ListItem","position":2,"name":"Cadenas hoteleras espa\u00f1olas resaltan el trabajo en turismo de RD"}]},{"@type":"WebSite","@id":"https:\/\/potenciaradiofonicadominicana.com\/portal\/#website","url":"https:\/\/potenciaradiofonicadominicana.com\/portal\/","name":"PotenciaRadiofonicaDominicana.com","description":"Peri\u00f3dico Digital","publisher":{"@id":"https:\/\/potenciaradiofonicadominicana.com\/portal\/#organization"},"potentialAction":[{"@type":"SearchAction","target":{"@type":"EntryPoint","urlTemplate":"https:\/\/potenciaradiofonicadominicana.com\/portal\/?s={search_term_string}"},"query-input":{"@type":"PropertyValueSpecification","valueRequired":true,"valueName":"search_term_string"}}],"inLanguage":"es"},{"@type":"Organization","@id":"https:\/\/potenciaradiofonicadominicana.com\/portal\/#organization","name":"PotenciaRadiofonicaDominicana.com","url":"https:\/\/potenciaradiofonicadominicana.com\/portal\/","logo":{"@type":"ImageObject","inLanguage":"es","@id":"https:\/\/potenciaradiofonicadominicana.com\/portal\/#\/schema\/logo\/image\/","url":"https:\/\/potenciaradiofonicadominicana.com\/portal\/wp-content\/uploads\/2022\/01\/descarga.png","contentUrl":"https:\/\/potenciaradiofonicadominicana.com\/portal\/wp-content\/uploads\/2022\/01\/descarga.png","width":300,"height":100,"caption":"PotenciaRadiofonicaDominicana.com"},"image":{"@id":"https:\/\/potenciaradiofonicadominicana.com\/portal\/#\/schema\/logo\/image\/"},"sameAs":["https:\/\/web.facebook.com\/PotenciaRadiofonicaD"]},{"@type":"Person","@id":"https:\/\/potenciaradiofonicadominicana.com\/portal\/#\/schema\/person\/a5cf1fea13877803ee0573ac18b03490","name":"Potencia Radiof\u00f3nica Dominicana","image":{"@type":"ImageObject","inLanguage":"es","@id":"https:\/\/potenciaradiofonicadominicana.com\/portal\/#\/schema\/person\/image\/","url":"https:\/\/secure.gravatar.com\/avatar\/42a55ab9e8ccc656ba34cd791990602a?s=96&d=mm&r=g","contentUrl":"https:\/\/secure.gravatar.com\/avatar\/42a55ab9e8ccc656ba34cd791990602a?s=96&d=mm&r=g","caption":"Potencia Radiof\u00f3nica Dominicana"},"url":"https:\/\/potenciaradiofonicadominicana.com\/portal\/author\/johannyalmanzar\/"}]}},"_links":{"self":[{"href":"https:\/\/potenciaradiofonicadominicana.com\/portal\/wp-json\/wp\/v2\/posts\/113807","targetHints":{"allow":["GET"]}}],"collection":[{"href":"https:\/\/potenciaradiofonicadominicana.com\/portal\/wp-json\/wp\/v2\/posts"}],"about":[{"href":"https:\/\/potenciaradiofonicadominicana.com\/portal\/wp-json\/wp\/v2\/types\/post"}],"author":[{"embeddable":true,"href":"https:\/\/potenciaradiofonicadominicana.com\/portal\/wp-json\/wp\/v2\/users\/2"}],"replies":[{"embeddable":true,"href":"https:\/\/potenciaradiofonicadominicana.com\/portal\/wp-json\/wp\/v2\/comments?post=113807"}],"version-history":[{"count":1,"href":"https:\/\/potenciaradiofonicadominicana.com\/portal\/wp-json\/wp\/v2\/posts\/113807\/revisions"}],"predecessor-version":[{"id":113824,"href":"https:\/\/potenciaradiofonicadominicana.com\/portal\/wp-json\/wp\/v2\/posts\/113807\/revisions\/113824"}],"wp:featuredmedia":[{"embeddable":true,"href":"https:\/\/potenciaradiofonicadominicana.com\/portal\/wp-json\/wp\/v2\/media\/113822"}],"wp:attachment":[{"href":"https:\/\/potenciaradiofonicadominicana.com\/portal\/wp-json\/wp\/v2\/media?parent=113807"}],"wp:term":[{"taxonomy":"category","embeddable":true,"href":"https:\/\/potenciaradiofonicadominicana.com\/portal\/wp-json\/wp\/v2\/categories?post=113807"},{"taxonomy":"post_tag","embeddable":true,"href":"https:\/\/potenciaradiofonicadominicana.com\/portal\/wp-json\/wp\/v2\/tags?post=113807"}],"curies":[{"name":"wp","href":"https:\/\/api.w.org\/{rel}","templated":true}]}}