{"id":113726,"date":"2022-01-24T21:12:38","date_gmt":"2022-01-25T01:12:38","guid":{"rendered":"https:\/\/potenciaradiofonicadominicana.com\/portal\/?p=113726"},"modified":"2022-01-24T21:12:38","modified_gmt":"2022-01-25T01:12:38","slug":"aerolinea-red-air-con-tarifas-especiales-en-a-miami","status":"publish","type":"post","link":"https:\/\/potenciaradiofonicadominicana.com\/portal\/aerolinea-red-air-con-tarifas-especiales-en-a-miami\/","title":{"rendered":"Aerol\u00ednea RED Air con tarifas especiales en a Miami"},"content":{"rendered":"<p><a href=\"https:\/\/potenciaradiofonicadominicana.com\/portal\/wp-content\/uploads\/2022\/01\/red-air_17326444_20210928213402.jpg\"><img loading=\"lazy\" decoding=\"async\" class=\"alignnone size-full wp-image-113727\" src=\"https:\/\/potenciaradiofonicadominicana.com\/portal\/wp-content\/uploads\/2022\/01\/red-air_17326444_20210928213402.jpg\" alt=\"\" width=\"1875\" height=\"857\" srcset=\"https:\/\/potenciaradiofonicadominicana.com\/portal\/wp-content\/uploads\/2022\/01\/red-air_17326444_20210928213402.jpg 1875w, https:\/\/potenciaradiofonicadominicana.com\/portal\/wp-content\/uploads\/2022\/01\/red-air_17326444_20210928213402-300x137.jpg 300w, https:\/\/potenciaradiofonicadominicana.com\/portal\/wp-content\/uploads\/2022\/01\/red-air_17326444_20210928213402-768x351.jpg 768w, https:\/\/potenciaradiofonicadominicana.com\/portal\/wp-content\/uploads\/2022\/01\/red-air_17326444_20210928213402-1024x468.jpg 1024w\" sizes=\"auto, (max-width: 1875px) 100vw, 1875px\" \/><\/a><\/p>\n<p>La aerol\u00ednea dominicana RED Air pone a disposici\u00f3n del mercado, tarifas especiales para su ruta diaria DESDE Santo Domingo a la ciudad de Miami. La estrategia, responde a reforzar el sector turismo.<\/p>\n<p><strong>\u201c<\/strong>En el marco de nuestras estrategias de posicionamiento ya tenemos a disposici\u00f3n del mercado una interesante gama de tarifas que ya han sido publicadas a trav\u00e9s de toda la red de Agencias de Viajes, aliados comerciales y nuestros medios electr\u00f3nicos para facilitar a consulta y adquisici\u00f3n de boletos. Hemos preparado ofertas interesantes y valores agregados que ser\u00e1n apreciados y motivar\u00e1n a nuevos clientes a disfrutar de nuestros servicios\u201d, se\u00f1al\u00f3 H\u00e9ctor G\u00f3mez, presidente Ejecutivo de RED Air.<\/p>\n<p>La aerol\u00ednea dispone de dos vuelos diarios entre Santo Domingo y Miami en c\u00f3modos horarios que permiten conectividad y flexibilidad a la hora de viajar. La compra de boletos se podr\u00e1 realizar a trav\u00e9s de toda la cadena de servicios tur\u00edsticos, como agencias de viajes y mayoristas de turismo, e igualmente a trav\u00e9s de la p\u00e1gina de internet www.redair.com.do que dispone de una moderna plataforma de \u201cE-commerce\u201d, sencilla y amigable para el usuario que lo visite. Tambi\u00e9n la aerol\u00ednea pone a la disposici\u00f3n la asesor\u00eda en sus oficinas de ventas ubicadas en la avenida Sarasota y plaza Morichal en Santo Domingo.<\/p>\n<p>\u201cQueremos ofrecer al mercado una opci\u00f3n de confianza, con altos est\u00e1ndares de atenci\u00f3n y servicio pero a su vez competitiva y agresiva en materia comercial de una organizaci\u00f3n que busca un lugar privilegiado en la preferencia del consumidor dominicano\u201d, apunt\u00f3 G\u00f3mez.<\/p>\n<p>El proyecto de RED Air est\u00e1 liderado por un grupo de empresarios de amplia trayectoria en aviaci\u00f3n civil y servicios aeroportuarios, comprometidos con el sector aeron\u00e1utico, su desarrollo y el aporte a la econom\u00eda y turismo de Rep\u00fablica Dominicana.<\/p>\n<p>\u201cActualmente tenemos a un equipo de m\u00e1s de 100 profesionales entre las diferentes \u00e1reas administrativas, operativas y comerciales. Nuestra flota de cuatro aeronaves McDonnell Douglas, equipadas con una c\u00f3moda cabina de clase ejecutiva de 12 asientos y una confortable cabina de clase turista de 137 asientos, pero la idea es seguir creciendo\u201d, se\u00f1al\u00f3 G\u00f3mez.<\/p>\n","protected":false},"excerpt":{"rendered":"<p>La aerol\u00ednea dominicana RED Air pone a disposici\u00f3n del mercado, tarifas especiales para su ruta diaria DESDE Santo Domingo a &#8230;<\/p>\n","protected":false},"author":2,"featured_media":113727,"comment_status":"open","ping_status":"open","sticky":false,"template":"","format":"standard","meta":{"footnotes":""},"categories":[26],"tags":[],"class_list":["post-113726","post","type-post","status-publish","format-standard","has-post-thumbnail","hentry","category-economia"],"yoast_head":"<!-- This site is optimized with the Yoast SEO plugin v24.8.1 - https:\/\/yoast.com\/wordpress\/plugins\/seo\/ -->\n<title>Aerol\u00ednea RED Air con tarifas especiales en a Miami - PotenciaRadiofonicaDominicana.com<\/title>\n<meta name=\"robots\" content=\"index, follow, max-snippet:-1, max-image-preview:large, max-video-preview:-1\" \/>\n<link rel=\"canonical\" href=\"https:\/\/potenciaradiofonicadominicana.com\/portal\/aerolinea-red-air-con-tarifas-especiales-en-a-miami\/\" \/>\n<meta property=\"og:locale\" content=\"es_ES\" \/>\n<meta property=\"og:type\" content=\"article\" \/>\n<meta property=\"og:title\" content=\"Aerol\u00ednea RED Air con tarifas especiales en a Miami - PotenciaRadiofonicaDominicana.com\" \/>\n<meta property=\"og:description\" content=\"La aerol\u00ednea dominicana RED Air pone a disposici\u00f3n del mercado, tarifas especiales para su ruta diaria DESDE Santo Domingo a ...\" \/>\n<meta property=\"og:url\" content=\"https:\/\/potenciaradiofonicadominicana.com\/portal\/aerolinea-red-air-con-tarifas-especiales-en-a-miami\/\" \/>\n<meta property=\"og:site_name\" content=\"PotenciaRadiofonicaDominicana.com\" \/>\n<meta property=\"article:publisher\" content=\"https:\/\/web.facebook.com\/PotenciaRadiofonicaD\" \/>\n<meta property=\"article:published_time\" content=\"2022-01-25T01:12:38+00:00\" \/>\n<meta property=\"og:image\" content=\"https:\/\/potenciaradiofonicadominicana.com\/portal\/wp-content\/uploads\/2022\/01\/red-air_17326444_20210928213402.jpg\" \/>\n\t<meta property=\"og:image:width\" content=\"1875\" \/>\n\t<meta property=\"og:image:height\" content=\"857\" \/>\n\t<meta property=\"og:image:type\" content=\"image\/jpeg\" \/>\n<meta name=\"author\" content=\"Potencia Radiof\u00f3nica Dominicana\" \/>\n<meta name=\"twitter:card\" content=\"summary_large_image\" \/>\n<meta name=\"twitter:label1\" content=\"Escrito por\" \/>\n\t<meta name=\"twitter:data1\" content=\"Potencia Radiof\u00f3nica Dominicana\" \/>\n\t<meta name=\"twitter:label2\" content=\"Tiempo de lectura\" \/>\n\t<meta name=\"twitter:data2\" content=\"2 minutos\" \/>\n<script type=\"application\/ld+json\" class=\"yoast-schema-graph\">{\"@context\":\"https:\/\/schema.org\",\"@graph\":[{\"@type\":\"Article\",\"@id\":\"https:\/\/potenciaradiofonicadominicana.com\/portal\/aerolinea-red-air-con-tarifas-especiales-en-a-miami\/#article\",\"isPartOf\":{\"@id\":\"https:\/\/potenciaradiofonicadominicana.com\/portal\/aerolinea-red-air-con-tarifas-especiales-en-a-miami\/\"},\"author\":{\"name\":\"Potencia Radiof\u00f3nica Dominicana\",\"@id\":\"https:\/\/potenciaradiofonicadominicana.com\/portal\/#\/schema\/person\/a5cf1fea13877803ee0573ac18b03490\"},\"headline\":\"Aerol\u00ednea RED Air con tarifas especiales en a Miami\",\"datePublished\":\"2022-01-25T01:12:38+00:00\",\"mainEntityOfPage\":{\"@id\":\"https:\/\/potenciaradiofonicadominicana.com\/portal\/aerolinea-red-air-con-tarifas-especiales-en-a-miami\/\"},\"wordCount\":387,\"commentCount\":0,\"publisher\":{\"@id\":\"https:\/\/potenciaradiofonicadominicana.com\/portal\/#organization\"},\"image\":{\"@id\":\"https:\/\/potenciaradiofonicadominicana.com\/portal\/aerolinea-red-air-con-tarifas-especiales-en-a-miami\/#primaryimage\"},\"thumbnailUrl\":\"https:\/\/potenciaradiofonicadominicana.com\/portal\/wp-content\/uploads\/2022\/01\/red-air_17326444_20210928213402.jpg\",\"articleSection\":[\"Econom\u00eda\"],\"inLanguage\":\"es\",\"potentialAction\":[{\"@type\":\"CommentAction\",\"name\":\"Comment\",\"target\":[\"https:\/\/potenciaradiofonicadominicana.com\/portal\/aerolinea-red-air-con-tarifas-especiales-en-a-miami\/#respond\"]}]},{\"@type\":\"WebPage\",\"@id\":\"https:\/\/potenciaradiofonicadominicana.com\/portal\/aerolinea-red-air-con-tarifas-especiales-en-a-miami\/\",\"url\":\"https:\/\/potenciaradiofonicadominicana.com\/portal\/aerolinea-red-air-con-tarifas-especiales-en-a-miami\/\",\"name\":\"Aerol\u00ednea RED Air con tarifas especiales en a Miami - PotenciaRadiofonicaDominicana.com\",\"isPartOf\":{\"@id\":\"https:\/\/potenciaradiofonicadominicana.com\/portal\/#website\"},\"primaryImageOfPage\":{\"@id\":\"https:\/\/potenciaradiofonicadominicana.com\/portal\/aerolinea-red-air-con-tarifas-especiales-en-a-miami\/#primaryimage\"},\"image\":{\"@id\":\"https:\/\/potenciaradiofonicadominicana.com\/portal\/aerolinea-red-air-con-tarifas-especiales-en-a-miami\/#primaryimage\"},\"thumbnailUrl\":\"https:\/\/potenciaradiofonicadominicana.com\/portal\/wp-content\/uploads\/2022\/01\/red-air_17326444_20210928213402.jpg\",\"datePublished\":\"2022-01-25T01:12:38+00:00\",\"breadcrumb\":{\"@id\":\"https:\/\/potenciaradiofonicadominicana.com\/portal\/aerolinea-red-air-con-tarifas-especiales-en-a-miami\/#breadcrumb\"},\"inLanguage\":\"es\",\"potentialAction\":[{\"@type\":\"ReadAction\",\"target\":[\"https:\/\/potenciaradiofonicadominicana.com\/portal\/aerolinea-red-air-con-tarifas-especiales-en-a-miami\/\"]}]},{\"@type\":\"ImageObject\",\"inLanguage\":\"es\",\"@id\":\"https:\/\/potenciaradiofonicadominicana.com\/portal\/aerolinea-red-air-con-tarifas-especiales-en-a-miami\/#primaryimage\",\"url\":\"https:\/\/potenciaradiofonicadominicana.com\/portal\/wp-content\/uploads\/2022\/01\/red-air_17326444_20210928213402.jpg\",\"contentUrl\":\"https:\/\/potenciaradiofonicadominicana.com\/portal\/wp-content\/uploads\/2022\/01\/red-air_17326444_20210928213402.jpg\",\"width\":1875,\"height\":857},{\"@type\":\"BreadcrumbList\",\"@id\":\"https:\/\/potenciaradiofonicadominicana.com\/portal\/aerolinea-red-air-con-tarifas-especiales-en-a-miami\/#breadcrumb\",\"itemListElement\":[{\"@type\":\"ListItem\",\"position\":1,\"name\":\"Portada\",\"item\":\"https:\/\/potenciaradiofonicadominicana.com\/portal\/\"},{\"@type\":\"ListItem\",\"position\":2,\"name\":\"Aerol\u00ednea RED Air con tarifas especiales en a Miami\"}]},{\"@type\":\"WebSite\",\"@id\":\"https:\/\/potenciaradiofonicadominicana.com\/portal\/#website\",\"url\":\"https:\/\/potenciaradiofonicadominicana.com\/portal\/\",\"name\":\"PotenciaRadiofonicaDominicana.com\",\"description\":\"Peri\u00f3dico Digital\",\"publisher\":{\"@id\":\"https:\/\/potenciaradiofonicadominicana.com\/portal\/#organization\"},\"potentialAction\":[{\"@type\":\"SearchAction\",\"target\":{\"@type\":\"EntryPoint\",\"urlTemplate\":\"https:\/\/potenciaradiofonicadominicana.com\/portal\/?s={search_term_string}\"},\"query-input\":{\"@type\":\"PropertyValueSpecification\",\"valueRequired\":true,\"valueName\":\"search_term_string\"}}],\"inLanguage\":\"es\"},{\"@type\":\"Organization\",\"@id\":\"https:\/\/potenciaradiofonicadominicana.com\/portal\/#organization\",\"name\":\"PotenciaRadiofonicaDominicana.com\",\"url\":\"https:\/\/potenciaradiofonicadominicana.com\/portal\/\",\"logo\":{\"@type\":\"ImageObject\",\"inLanguage\":\"es\",\"@id\":\"https:\/\/potenciaradiofonicadominicana.com\/portal\/#\/schema\/logo\/image\/\",\"url\":\"https:\/\/potenciaradiofonicadominicana.com\/portal\/wp-content\/uploads\/2022\/01\/descarga.png\",\"contentUrl\":\"https:\/\/potenciaradiofonicadominicana.com\/portal\/wp-content\/uploads\/2022\/01\/descarga.png\",\"width\":300,\"height\":100,\"caption\":\"PotenciaRadiofonicaDominicana.com\"},\"image\":{\"@id\":\"https:\/\/potenciaradiofonicadominicana.com\/portal\/#\/schema\/logo\/image\/\"},\"sameAs\":[\"https:\/\/web.facebook.com\/PotenciaRadiofonicaD\"]},{\"@type\":\"Person\",\"@id\":\"https:\/\/potenciaradiofonicadominicana.com\/portal\/#\/schema\/person\/a5cf1fea13877803ee0573ac18b03490\",\"name\":\"Potencia Radiof\u00f3nica Dominicana\",\"image\":{\"@type\":\"ImageObject\",\"inLanguage\":\"es\",\"@id\":\"https:\/\/potenciaradiofonicadominicana.com\/portal\/#\/schema\/person\/image\/\",\"url\":\"https:\/\/secure.gravatar.com\/avatar\/42a55ab9e8ccc656ba34cd791990602a?s=96&d=mm&r=g\",\"contentUrl\":\"https:\/\/secure.gravatar.com\/avatar\/42a55ab9e8ccc656ba34cd791990602a?s=96&d=mm&r=g\",\"caption\":\"Potencia Radiof\u00f3nica Dominicana\"},\"url\":\"https:\/\/potenciaradiofonicadominicana.com\/portal\/author\/johannyalmanzar\/\"}]}<\/script>\n<!-- \/ Yoast SEO plugin. -->","yoast_head_json":{"title":"Aerol\u00ednea RED Air con tarifas especiales en a Miami - PotenciaRadiofonicaDominicana.com","robots":{"index":"index","follow":"follow","max-snippet":"max-snippet:-1","max-image-preview":"max-image-preview:large","max-video-preview":"max-video-preview:-1"},"canonical":"https:\/\/potenciaradiofonicadominicana.com\/portal\/aerolinea-red-air-con-tarifas-especiales-en-a-miami\/","og_locale":"es_ES","og_type":"article","og_title":"Aerol\u00ednea RED Air con tarifas especiales en a Miami - PotenciaRadiofonicaDominicana.com","og_description":"La aerol\u00ednea dominicana RED Air pone a disposici\u00f3n del mercado, tarifas especiales para su ruta diaria DESDE Santo Domingo a ...","og_url":"https:\/\/potenciaradiofonicadominicana.com\/portal\/aerolinea-red-air-con-tarifas-especiales-en-a-miami\/","og_site_name":"PotenciaRadiofonicaDominicana.com","article_publisher":"https:\/\/web.facebook.com\/PotenciaRadiofonicaD","article_published_time":"2022-01-25T01:12:38+00:00","og_image":[{"width":1875,"height":857,"url":"https:\/\/potenciaradiofonicadominicana.com\/portal\/wp-content\/uploads\/2022\/01\/red-air_17326444_20210928213402.jpg","type":"image\/jpeg"}],"author":"Potencia Radiof\u00f3nica Dominicana","twitter_card":"summary_large_image","twitter_misc":{"Escrito por":"Potencia Radiof\u00f3nica Dominicana","Tiempo de lectura":"2 minutos"},"schema":{"@context":"https:\/\/schema.org","@graph":[{"@type":"Article","@id":"https:\/\/potenciaradiofonicadominicana.com\/portal\/aerolinea-red-air-con-tarifas-especiales-en-a-miami\/#article","isPartOf":{"@id":"https:\/\/potenciaradiofonicadominicana.com\/portal\/aerolinea-red-air-con-tarifas-especiales-en-a-miami\/"},"author":{"name":"Potencia Radiof\u00f3nica Dominicana","@id":"https:\/\/potenciaradiofonicadominicana.com\/portal\/#\/schema\/person\/a5cf1fea13877803ee0573ac18b03490"},"headline":"Aerol\u00ednea RED Air con tarifas especiales en a Miami","datePublished":"2022-01-25T01:12:38+00:00","mainEntityOfPage":{"@id":"https:\/\/potenciaradiofonicadominicana.com\/portal\/aerolinea-red-air-con-tarifas-especiales-en-a-miami\/"},"wordCount":387,"commentCount":0,"publisher":{"@id":"https:\/\/potenciaradiofonicadominicana.com\/portal\/#organization"},"image":{"@id":"https:\/\/potenciaradiofonicadominicana.com\/portal\/aerolinea-red-air-con-tarifas-especiales-en-a-miami\/#primaryimage"},"thumbnailUrl":"https:\/\/potenciaradiofonicadominicana.com\/portal\/wp-content\/uploads\/2022\/01\/red-air_17326444_20210928213402.jpg","articleSection":["Econom\u00eda"],"inLanguage":"es","potentialAction":[{"@type":"CommentAction","name":"Comment","target":["https:\/\/potenciaradiofonicadominicana.com\/portal\/aerolinea-red-air-con-tarifas-especiales-en-a-miami\/#respond"]}]},{"@type":"WebPage","@id":"https:\/\/potenciaradiofonicadominicana.com\/portal\/aerolinea-red-air-con-tarifas-especiales-en-a-miami\/","url":"https:\/\/potenciaradiofonicadominicana.com\/portal\/aerolinea-red-air-con-tarifas-especiales-en-a-miami\/","name":"Aerol\u00ednea RED Air con tarifas especiales en a Miami - PotenciaRadiofonicaDominicana.com","isPartOf":{"@id":"https:\/\/potenciaradiofonicadominicana.com\/portal\/#website"},"primaryImageOfPage":{"@id":"https:\/\/potenciaradiofonicadominicana.com\/portal\/aerolinea-red-air-con-tarifas-especiales-en-a-miami\/#primaryimage"},"image":{"@id":"https:\/\/potenciaradiofonicadominicana.com\/portal\/aerolinea-red-air-con-tarifas-especiales-en-a-miami\/#primaryimage"},"thumbnailUrl":"https:\/\/potenciaradiofonicadominicana.com\/portal\/wp-content\/uploads\/2022\/01\/red-air_17326444_20210928213402.jpg","datePublished":"2022-01-25T01:12:38+00:00","breadcrumb":{"@id":"https:\/\/potenciaradiofonicadominicana.com\/portal\/aerolinea-red-air-con-tarifas-especiales-en-a-miami\/#breadcrumb"},"inLanguage":"es","potentialAction":[{"@type":"ReadAction","target":["https:\/\/potenciaradiofonicadominicana.com\/portal\/aerolinea-red-air-con-tarifas-especiales-en-a-miami\/"]}]},{"@type":"ImageObject","inLanguage":"es","@id":"https:\/\/potenciaradiofonicadominicana.com\/portal\/aerolinea-red-air-con-tarifas-especiales-en-a-miami\/#primaryimage","url":"https:\/\/potenciaradiofonicadominicana.com\/portal\/wp-content\/uploads\/2022\/01\/red-air_17326444_20210928213402.jpg","contentUrl":"https:\/\/potenciaradiofonicadominicana.com\/portal\/wp-content\/uploads\/2022\/01\/red-air_17326444_20210928213402.jpg","width":1875,"height":857},{"@type":"BreadcrumbList","@id":"https:\/\/potenciaradiofonicadominicana.com\/portal\/aerolinea-red-air-con-tarifas-especiales-en-a-miami\/#breadcrumb","itemListElement":[{"@type":"ListItem","position":1,"name":"Portada","item":"https:\/\/potenciaradiofonicadominicana.com\/portal\/"},{"@type":"ListItem","position":2,"name":"Aerol\u00ednea RED Air con tarifas especiales en a Miami"}]},{"@type":"WebSite","@id":"https:\/\/potenciaradiofonicadominicana.com\/portal\/#website","url":"https:\/\/potenciaradiofonicadominicana.com\/portal\/","name":"PotenciaRadiofonicaDominicana.com","description":"Peri\u00f3dico Digital","publisher":{"@id":"https:\/\/potenciaradiofonicadominicana.com\/portal\/#organization"},"potentialAction":[{"@type":"SearchAction","target":{"@type":"EntryPoint","urlTemplate":"https:\/\/potenciaradiofonicadominicana.com\/portal\/?s={search_term_string}"},"query-input":{"@type":"PropertyValueSpecification","valueRequired":true,"valueName":"search_term_string"}}],"inLanguage":"es"},{"@type":"Organization","@id":"https:\/\/potenciaradiofonicadominicana.com\/portal\/#organization","name":"PotenciaRadiofonicaDominicana.com","url":"https:\/\/potenciaradiofonicadominicana.com\/portal\/","logo":{"@type":"ImageObject","inLanguage":"es","@id":"https:\/\/potenciaradiofonicadominicana.com\/portal\/#\/schema\/logo\/image\/","url":"https:\/\/potenciaradiofonicadominicana.com\/portal\/wp-content\/uploads\/2022\/01\/descarga.png","contentUrl":"https:\/\/potenciaradiofonicadominicana.com\/portal\/wp-content\/uploads\/2022\/01\/descarga.png","width":300,"height":100,"caption":"PotenciaRadiofonicaDominicana.com"},"image":{"@id":"https:\/\/potenciaradiofonicadominicana.com\/portal\/#\/schema\/logo\/image\/"},"sameAs":["https:\/\/web.facebook.com\/PotenciaRadiofonicaD"]},{"@type":"Person","@id":"https:\/\/potenciaradiofonicadominicana.com\/portal\/#\/schema\/person\/a5cf1fea13877803ee0573ac18b03490","name":"Potencia Radiof\u00f3nica Dominicana","image":{"@type":"ImageObject","inLanguage":"es","@id":"https:\/\/potenciaradiofonicadominicana.com\/portal\/#\/schema\/person\/image\/","url":"https:\/\/secure.gravatar.com\/avatar\/42a55ab9e8ccc656ba34cd791990602a?s=96&d=mm&r=g","contentUrl":"https:\/\/secure.gravatar.com\/avatar\/42a55ab9e8ccc656ba34cd791990602a?s=96&d=mm&r=g","caption":"Potencia Radiof\u00f3nica Dominicana"},"url":"https:\/\/potenciaradiofonicadominicana.com\/portal\/author\/johannyalmanzar\/"}]}},"_links":{"self":[{"href":"https:\/\/potenciaradiofonicadominicana.com\/portal\/wp-json\/wp\/v2\/posts\/113726","targetHints":{"allow":["GET"]}}],"collection":[{"href":"https:\/\/potenciaradiofonicadominicana.com\/portal\/wp-json\/wp\/v2\/posts"}],"about":[{"href":"https:\/\/potenciaradiofonicadominicana.com\/portal\/wp-json\/wp\/v2\/types\/post"}],"author":[{"embeddable":true,"href":"https:\/\/potenciaradiofonicadominicana.com\/portal\/wp-json\/wp\/v2\/users\/2"}],"replies":[{"embeddable":true,"href":"https:\/\/potenciaradiofonicadominicana.com\/portal\/wp-json\/wp\/v2\/comments?post=113726"}],"version-history":[{"count":1,"href":"https:\/\/potenciaradiofonicadominicana.com\/portal\/wp-json\/wp\/v2\/posts\/113726\/revisions"}],"predecessor-version":[{"id":113728,"href":"https:\/\/potenciaradiofonicadominicana.com\/portal\/wp-json\/wp\/v2\/posts\/113726\/revisions\/113728"}],"wp:featuredmedia":[{"embeddable":true,"href":"https:\/\/potenciaradiofonicadominicana.com\/portal\/wp-json\/wp\/v2\/media\/113727"}],"wp:attachment":[{"href":"https:\/\/potenciaradiofonicadominicana.com\/portal\/wp-json\/wp\/v2\/media?parent=113726"}],"wp:term":[{"taxonomy":"category","embeddable":true,"href":"https:\/\/potenciaradiofonicadominicana.com\/portal\/wp-json\/wp\/v2\/categories?post=113726"},{"taxonomy":"post_tag","embeddable":true,"href":"https:\/\/potenciaradiofonicadominicana.com\/portal\/wp-json\/wp\/v2\/tags?post=113726"}],"curies":[{"name":"wp","href":"https:\/\/api.w.org\/{rel}","templated":true}]}}