{"id":113716,"date":"2022-01-24T21:05:22","date_gmt":"2022-01-25T01:05:22","guid":{"rendered":"https:\/\/potenciaradiofonicadominicana.com\/portal\/?p=113716"},"modified":"2022-01-24T21:05:22","modified_gmt":"2022-01-25T01:05:22","slug":"gobierno-estima-deficit-habitacional-en-dos-millones-de-viviendas","status":"publish","type":"post","link":"https:\/\/potenciaradiofonicadominicana.com\/portal\/gobierno-estima-deficit-habitacional-en-dos-millones-de-viviendas\/","title":{"rendered":"Gobierno estima d\u00e9ficit habitacional en dos millones de viviendas"},"content":{"rendered":"<p><a href=\"https:\/\/potenciaradiofonicadominicana.com\/portal\/wp-content\/uploads\/2022\/01\/viviendas-en-construccion.jpg\"><img loading=\"lazy\" decoding=\"async\" class=\"alignnone size-full wp-image-113718\" src=\"https:\/\/potenciaradiofonicadominicana.com\/portal\/wp-content\/uploads\/2022\/01\/viviendas-en-construccion.jpg\" alt=\"\" width=\"988\" height=\"633\" srcset=\"https:\/\/potenciaradiofonicadominicana.com\/portal\/wp-content\/uploads\/2022\/01\/viviendas-en-construccion.jpg 988w, https:\/\/potenciaradiofonicadominicana.com\/portal\/wp-content\/uploads\/2022\/01\/viviendas-en-construccion-300x192.jpg 300w, https:\/\/potenciaradiofonicadominicana.com\/portal\/wp-content\/uploads\/2022\/01\/viviendas-en-construccion-768x492.jpg 768w\" sizes=\"auto, (max-width: 988px) 100vw, 988px\" \/><\/a><\/p>\n<p>El ministro de Viviendas y Edificaciones, Carlos Mej\u00eda, asegur\u00f3\u00a0 que el gobierno enfrenta el d\u00e9ficit habitacional, el cual estima en dos millones de viviendas.<\/p>\n<p>El funcionario dijo que aunque se trata de un problema que existe desde hace d\u00e9cadas, el gobierno, a trav\u00e9s del Ministerio de la Vivienda, H\u00e1bitat y Edificaciones (MIVEHD), tiene claro que debe encarar el problema y est\u00e1 trazando l\u00edneas puntuales para ello.<\/p>\n<p>Al comparecer al programa \u201cAeromundo\u201d, que produce el periodista Guillermo Gomez, el funcionario significo que la meta del gobierno es construir al menos unas 7,500 nuevas viviendas por a\u00f1o.<br \/>\nDijo que una muestra de ese esfuerzo lo constituye el monto presupuestario que le fue asignado a la dependencia que dirige el cual ascendi\u00f3 a RD$15,000 millones, \u201cuna suma que nunca antes hab\u00eda tenido\u201d.<\/p>\n<p>Record\u00f3 que la Constituci\u00f3n de la Rep\u00fablica establece el derecho que tienen las personas a acceder a una vivienda y que es un sector (ese de la vivienda) que estuvo muy olvidado por las diferentes administraciones que han pasado.<\/p>\n<p>\u201cEs preciso dar la importancia que se merece el tema, porque es un sue\u00f1o anhelado por muchos dominicanos, el de acceder a un techo propio\u201d, indic\u00f3 el funcionario.<\/p>\n<p>Dej\u00f3 claro que una de las encomiendas que se le hizo, cuando se le design\u00f3 como ministro de Vivienda- fue la de reducir los d\u00e9ficits habitacionales, tanto desde el punto de vista cuantitativo (cantidad), como desde el punto de vista cualitativo (esto \u00faltimo se refiere a viviendas que, por ejemplo, no tienen agua, que est\u00e1n construidas con techos vulnerables, pisos de tierra y en zonas de alta vulnerabilidad).<\/p>\n<p>\u201cPara atacar esos d\u00e9ficits tenemos dos programas. Uno de ellos se denomina Mi Vivienda, que implica la construcci\u00f3n de 7,500 viviendas de bajo costo para los dominicanos en un a\u00f1o, y adem\u00e1s de eso el acceso a la vivienda para personas que nunca han tenido la posibilidad y que pagando aproximadamente diez mil pesos mensuales van a poder tener una. Adem\u00e1s de eso, est\u00e1 el Plan Dominicana se Reconstruye, que implica la reconstrucci\u00f3n de m\u00e1s de 30,000 unidades, de las cuales ya llevamos 10,000.<\/p>\n<p>Este plan, agrego, se mantendr\u00e1 a lo largo del actual per\u00edodo gubernamental.<\/p>\n<p>La meta de reparaci\u00f3n anual apunta a conseguir por lo menos las 15,000 viviendas, calcul\u00f3 Carlos Bonilla.<\/p>\n<p>Eso abarca desde reparaci\u00f3n de pisos hasta la estructura de la vivienda. La mayor demanda de soluciones habitacionales se concentra en el rango de los 500 mil pesos hacia abajo, seg\u00fan el ministro, dejando claro que esos datos son estimaciones, tomando en cuenta que se requiere realizar un censo que profundice m\u00e1s en ese tema.<\/p>\n<p>Inform\u00f3 que actualmente cursa en el Congreso Nacional un proyecto de ley que busca elevar el umbral de las viviendas de bajo costo hasta 4.5 millones (todas las que cuesten de ah\u00ed para abajo aplica el adquiriente para recibir un bono habitacional o bono-ITBIS).<\/p>\n<p>\u201cSer\u00eda un beneficio muy importante para la clase media, que no alcanza el umbral establecido actualmente. Pero no queremos competir directamente con los desarrolladores privados. Damos los incentivos para que sea ya el mercado, es decir, los constructores, que armen esos proyectos y puedan crear fuentes de empleos y realizar esos proyectos.<\/p>\n<p>Hasta ahora, el INVI califica como \u201cde bajo costo\u201d aquellas viviendas cuyo precio de venta es igual o inferior a RD$3,829,454.43, para los contratos firmados a partir del 1 de enero de 2021.<\/p>\n<p>Agreg\u00f3 que el gobierno mantendr\u00e1 el subsidio que otorga el Estado para un adquiriente de vivienda, cuyo oscila entre un mill\u00f3n y un mill\u00f3n 200 mil pesos, dependiendo de la unidad.<\/p>\n<p>Bonilla a\u00f1adi\u00f3 que hay unidades de 52 metros y de 72. \u201cCon eso es que hacemos posible que a la persona le salga un pago tan bajito cada mes, equivalente a 10 mil pesos\u201d, expuso.<\/p>\n<p>El funcionario record\u00f3 que el Estado califica a las personas que le otorga el subsidio, porque es para personas que realmente lo necesitan.<\/p>\n<p>\u201cLa pareja de esposos tiene que ganar menos de cinco salarios m\u00ednimos mensualmente para poder acceder al beneficio, explic\u00f3 el ministro.<\/p>\n<p>El MIVEHD, de otro lado, se ha comprometido a que los permisos de construcci\u00f3n se estar\u00e1n entregando en un per\u00edodo de 2 a 3 meses, en vez de hasta un a\u00f1o.<\/p>\n<p>Como parte de los logros de la gesti\u00f3n durante el a\u00f1o pasado cit\u00f3 la construcci\u00f3n de edificaciones en 12 centros de salud y labores de remodelaci\u00f3n en edificaciones de otros dos centros.<\/p>\n<p>En total, se lograron construir y remodelar 154,236 metros cuadrados y se sumaron 459 camas para pacientes en los centros de salud intervenidos, indican los n\u00fameros.<\/p>\n<p>Tambi\u00e9n la reactivaci\u00f3n de obras en 13 centros de salud que se encontraban paralizadas en 10 provincias, lo que signific\u00f3 la incorporaci\u00f3n de 847 camas adicionales, la consolidaci\u00f3n de un equipo de j\u00f3venes ingenieros altamente capacitados y comprometidos con la construcci\u00f3n de un mejor futuro para la Rep\u00fablica Dominicana y la implementaci\u00f3n de buenas pr\u00e1cticas y herramientas profesionales adquiridas en el sector privado de la construcci\u00f3n, trasladadas ahora al sector p\u00fablico.<\/p>\n<p>Las actuales autoridades asumieron la terminaci\u00f3n de obras pendientes de la Oficina de Ingenieros Supervisores de Obras del Estado (OISOE), como son hospitales y otros centros de salud, logrando, no solo cumplir con tiempos id\u00f3neos, sino con el uso responsable de los recursos del Estado, apegados a las leyes y procedimientos administrativos.<\/p>\n<p>\u201cHemos trabajado en devolver la confianza a la gente en las instituciones y en sus servidores p\u00fablicos, al atender sus necesidades y cumplir con sus expectativas\u201d, dijo.<\/p>\n<p>Indica que a nivel de n\u00f3mina se trabaja en la eficientizaci\u00f3n del gasto p\u00fablico por v\u00eda de la reducci\u00f3n dentro de la instituci\u00f3n y lo que hab\u00eda de la desaparecida OISOE, con ahorro por alrededor de RD$330 millones anuales.<\/p>\n<p>Asegura que encontr\u00f3 cubicaciones con partidas certificadas que no fueron ejecutadas en las obras, as\u00ed como irregularidades en contratos y en la forma que fueron adjudicados los mismos. En esas fiscalizaciones se ha conseguido un ahorro al Estado de unos RD$2,000 millones.<\/p>\n","protected":false},"excerpt":{"rendered":"<p>El ministro de Viviendas y Edificaciones, Carlos Mej\u00eda, asegur\u00f3\u00a0 que el gobierno enfrenta el d\u00e9ficit habitacional, el cual estima en &#8230;<\/p>\n","protected":false},"author":2,"featured_media":113718,"comment_status":"open","ping_status":"open","sticky":false,"template":"","format":"standard","meta":{"footnotes":""},"categories":[26],"tags":[],"class_list":["post-113716","post","type-post","status-publish","format-standard","has-post-thumbnail","hentry","category-economia"],"yoast_head":"<!-- This site is optimized with the Yoast SEO plugin v24.8.1 - https:\/\/yoast.com\/wordpress\/plugins\/seo\/ -->\n<title>Gobierno estima d\u00e9ficit habitacional en dos millones de viviendas - PotenciaRadiofonicaDominicana.com<\/title>\n<meta name=\"robots\" content=\"index, follow, max-snippet:-1, max-image-preview:large, max-video-preview:-1\" \/>\n<link rel=\"canonical\" href=\"https:\/\/potenciaradiofonicadominicana.com\/portal\/gobierno-estima-deficit-habitacional-en-dos-millones-de-viviendas\/\" \/>\n<meta property=\"og:locale\" content=\"es_ES\" \/>\n<meta property=\"og:type\" content=\"article\" \/>\n<meta property=\"og:title\" content=\"Gobierno estima d\u00e9ficit habitacional en dos millones de viviendas - PotenciaRadiofonicaDominicana.com\" \/>\n<meta property=\"og:description\" content=\"El ministro de Viviendas y Edificaciones, Carlos Mej\u00eda, asegur\u00f3\u00a0 que el gobierno enfrenta el d\u00e9ficit habitacional, el cual estima en ...\" \/>\n<meta property=\"og:url\" content=\"https:\/\/potenciaradiofonicadominicana.com\/portal\/gobierno-estima-deficit-habitacional-en-dos-millones-de-viviendas\/\" \/>\n<meta property=\"og:site_name\" content=\"PotenciaRadiofonicaDominicana.com\" \/>\n<meta property=\"article:publisher\" content=\"https:\/\/web.facebook.com\/PotenciaRadiofonicaD\" \/>\n<meta property=\"article:published_time\" content=\"2022-01-25T01:05:22+00:00\" \/>\n<meta property=\"og:image\" content=\"https:\/\/potenciaradiofonicadominicana.com\/portal\/wp-content\/uploads\/2022\/01\/viviendas-en-construccion.jpg\" \/>\n\t<meta property=\"og:image:width\" content=\"988\" \/>\n\t<meta property=\"og:image:height\" content=\"633\" \/>\n\t<meta property=\"og:image:type\" content=\"image\/jpeg\" \/>\n<meta name=\"author\" content=\"Potencia Radiof\u00f3nica Dominicana\" \/>\n<meta name=\"twitter:card\" content=\"summary_large_image\" \/>\n<meta name=\"twitter:label1\" content=\"Escrito por\" \/>\n\t<meta name=\"twitter:data1\" content=\"Potencia Radiof\u00f3nica Dominicana\" \/>\n\t<meta name=\"twitter:label2\" content=\"Tiempo de lectura\" \/>\n\t<meta name=\"twitter:data2\" content=\"5 minutos\" \/>\n<script type=\"application\/ld+json\" class=\"yoast-schema-graph\">{\"@context\":\"https:\/\/schema.org\",\"@graph\":[{\"@type\":\"Article\",\"@id\":\"https:\/\/potenciaradiofonicadominicana.com\/portal\/gobierno-estima-deficit-habitacional-en-dos-millones-de-viviendas\/#article\",\"isPartOf\":{\"@id\":\"https:\/\/potenciaradiofonicadominicana.com\/portal\/gobierno-estima-deficit-habitacional-en-dos-millones-de-viviendas\/\"},\"author\":{\"name\":\"Potencia Radiof\u00f3nica Dominicana\",\"@id\":\"https:\/\/potenciaradiofonicadominicana.com\/portal\/#\/schema\/person\/a5cf1fea13877803ee0573ac18b03490\"},\"headline\":\"Gobierno estima d\u00e9ficit habitacional en dos millones de viviendas\",\"datePublished\":\"2022-01-25T01:05:22+00:00\",\"mainEntityOfPage\":{\"@id\":\"https:\/\/potenciaradiofonicadominicana.com\/portal\/gobierno-estima-deficit-habitacional-en-dos-millones-de-viviendas\/\"},\"wordCount\":1040,\"commentCount\":0,\"publisher\":{\"@id\":\"https:\/\/potenciaradiofonicadominicana.com\/portal\/#organization\"},\"image\":{\"@id\":\"https:\/\/potenciaradiofonicadominicana.com\/portal\/gobierno-estima-deficit-habitacional-en-dos-millones-de-viviendas\/#primaryimage\"},\"thumbnailUrl\":\"https:\/\/potenciaradiofonicadominicana.com\/portal\/wp-content\/uploads\/2022\/01\/viviendas-en-construccion.jpg\",\"articleSection\":[\"Econom\u00eda\"],\"inLanguage\":\"es\",\"potentialAction\":[{\"@type\":\"CommentAction\",\"name\":\"Comment\",\"target\":[\"https:\/\/potenciaradiofonicadominicana.com\/portal\/gobierno-estima-deficit-habitacional-en-dos-millones-de-viviendas\/#respond\"]}]},{\"@type\":\"WebPage\",\"@id\":\"https:\/\/potenciaradiofonicadominicana.com\/portal\/gobierno-estima-deficit-habitacional-en-dos-millones-de-viviendas\/\",\"url\":\"https:\/\/potenciaradiofonicadominicana.com\/portal\/gobierno-estima-deficit-habitacional-en-dos-millones-de-viviendas\/\",\"name\":\"Gobierno estima d\u00e9ficit habitacional en dos millones de viviendas - PotenciaRadiofonicaDominicana.com\",\"isPartOf\":{\"@id\":\"https:\/\/potenciaradiofonicadominicana.com\/portal\/#website\"},\"primaryImageOfPage\":{\"@id\":\"https:\/\/potenciaradiofonicadominicana.com\/portal\/gobierno-estima-deficit-habitacional-en-dos-millones-de-viviendas\/#primaryimage\"},\"image\":{\"@id\":\"https:\/\/potenciaradiofonicadominicana.com\/portal\/gobierno-estima-deficit-habitacional-en-dos-millones-de-viviendas\/#primaryimage\"},\"thumbnailUrl\":\"https:\/\/potenciaradiofonicadominicana.com\/portal\/wp-content\/uploads\/2022\/01\/viviendas-en-construccion.jpg\",\"datePublished\":\"2022-01-25T01:05:22+00:00\",\"breadcrumb\":{\"@id\":\"https:\/\/potenciaradiofonicadominicana.com\/portal\/gobierno-estima-deficit-habitacional-en-dos-millones-de-viviendas\/#breadcrumb\"},\"inLanguage\":\"es\",\"potentialAction\":[{\"@type\":\"ReadAction\",\"target\":[\"https:\/\/potenciaradiofonicadominicana.com\/portal\/gobierno-estima-deficit-habitacional-en-dos-millones-de-viviendas\/\"]}]},{\"@type\":\"ImageObject\",\"inLanguage\":\"es\",\"@id\":\"https:\/\/potenciaradiofonicadominicana.com\/portal\/gobierno-estima-deficit-habitacional-en-dos-millones-de-viviendas\/#primaryimage\",\"url\":\"https:\/\/potenciaradiofonicadominicana.com\/portal\/wp-content\/uploads\/2022\/01\/viviendas-en-construccion.jpg\",\"contentUrl\":\"https:\/\/potenciaradiofonicadominicana.com\/portal\/wp-content\/uploads\/2022\/01\/viviendas-en-construccion.jpg\",\"width\":988,\"height\":633},{\"@type\":\"BreadcrumbList\",\"@id\":\"https:\/\/potenciaradiofonicadominicana.com\/portal\/gobierno-estima-deficit-habitacional-en-dos-millones-de-viviendas\/#breadcrumb\",\"itemListElement\":[{\"@type\":\"ListItem\",\"position\":1,\"name\":\"Portada\",\"item\":\"https:\/\/potenciaradiofonicadominicana.com\/portal\/\"},{\"@type\":\"ListItem\",\"position\":2,\"name\":\"Gobierno estima d\u00e9ficit habitacional en dos millones de viviendas\"}]},{\"@type\":\"WebSite\",\"@id\":\"https:\/\/potenciaradiofonicadominicana.com\/portal\/#website\",\"url\":\"https:\/\/potenciaradiofonicadominicana.com\/portal\/\",\"name\":\"PotenciaRadiofonicaDominicana.com\",\"description\":\"Peri\u00f3dico Digital\",\"publisher\":{\"@id\":\"https:\/\/potenciaradiofonicadominicana.com\/portal\/#organization\"},\"potentialAction\":[{\"@type\":\"SearchAction\",\"target\":{\"@type\":\"EntryPoint\",\"urlTemplate\":\"https:\/\/potenciaradiofonicadominicana.com\/portal\/?s={search_term_string}\"},\"query-input\":{\"@type\":\"PropertyValueSpecification\",\"valueRequired\":true,\"valueName\":\"search_term_string\"}}],\"inLanguage\":\"es\"},{\"@type\":\"Organization\",\"@id\":\"https:\/\/potenciaradiofonicadominicana.com\/portal\/#organization\",\"name\":\"PotenciaRadiofonicaDominicana.com\",\"url\":\"https:\/\/potenciaradiofonicadominicana.com\/portal\/\",\"logo\":{\"@type\":\"ImageObject\",\"inLanguage\":\"es\",\"@id\":\"https:\/\/potenciaradiofonicadominicana.com\/portal\/#\/schema\/logo\/image\/\",\"url\":\"https:\/\/potenciaradiofonicadominicana.com\/portal\/wp-content\/uploads\/2022\/01\/descarga.png\",\"contentUrl\":\"https:\/\/potenciaradiofonicadominicana.com\/portal\/wp-content\/uploads\/2022\/01\/descarga.png\",\"width\":300,\"height\":100,\"caption\":\"PotenciaRadiofonicaDominicana.com\"},\"image\":{\"@id\":\"https:\/\/potenciaradiofonicadominicana.com\/portal\/#\/schema\/logo\/image\/\"},\"sameAs\":[\"https:\/\/web.facebook.com\/PotenciaRadiofonicaD\"]},{\"@type\":\"Person\",\"@id\":\"https:\/\/potenciaradiofonicadominicana.com\/portal\/#\/schema\/person\/a5cf1fea13877803ee0573ac18b03490\",\"name\":\"Potencia Radiof\u00f3nica Dominicana\",\"image\":{\"@type\":\"ImageObject\",\"inLanguage\":\"es\",\"@id\":\"https:\/\/potenciaradiofonicadominicana.com\/portal\/#\/schema\/person\/image\/\",\"url\":\"https:\/\/secure.gravatar.com\/avatar\/42a55ab9e8ccc656ba34cd791990602a?s=96&d=mm&r=g\",\"contentUrl\":\"https:\/\/secure.gravatar.com\/avatar\/42a55ab9e8ccc656ba34cd791990602a?s=96&d=mm&r=g\",\"caption\":\"Potencia Radiof\u00f3nica Dominicana\"},\"url\":\"https:\/\/potenciaradiofonicadominicana.com\/portal\/author\/johannyalmanzar\/\"}]}<\/script>\n<!-- \/ Yoast SEO plugin. -->","yoast_head_json":{"title":"Gobierno estima d\u00e9ficit habitacional en dos millones de viviendas - PotenciaRadiofonicaDominicana.com","robots":{"index":"index","follow":"follow","max-snippet":"max-snippet:-1","max-image-preview":"max-image-preview:large","max-video-preview":"max-video-preview:-1"},"canonical":"https:\/\/potenciaradiofonicadominicana.com\/portal\/gobierno-estima-deficit-habitacional-en-dos-millones-de-viviendas\/","og_locale":"es_ES","og_type":"article","og_title":"Gobierno estima d\u00e9ficit habitacional en dos millones de viviendas - PotenciaRadiofonicaDominicana.com","og_description":"El ministro de Viviendas y Edificaciones, Carlos Mej\u00eda, asegur\u00f3\u00a0 que el gobierno enfrenta el d\u00e9ficit habitacional, el cual estima en ...","og_url":"https:\/\/potenciaradiofonicadominicana.com\/portal\/gobierno-estima-deficit-habitacional-en-dos-millones-de-viviendas\/","og_site_name":"PotenciaRadiofonicaDominicana.com","article_publisher":"https:\/\/web.facebook.com\/PotenciaRadiofonicaD","article_published_time":"2022-01-25T01:05:22+00:00","og_image":[{"width":988,"height":633,"url":"https:\/\/potenciaradiofonicadominicana.com\/portal\/wp-content\/uploads\/2022\/01\/viviendas-en-construccion.jpg","type":"image\/jpeg"}],"author":"Potencia Radiof\u00f3nica Dominicana","twitter_card":"summary_large_image","twitter_misc":{"Escrito por":"Potencia Radiof\u00f3nica Dominicana","Tiempo de lectura":"5 minutos"},"schema":{"@context":"https:\/\/schema.org","@graph":[{"@type":"Article","@id":"https:\/\/potenciaradiofonicadominicana.com\/portal\/gobierno-estima-deficit-habitacional-en-dos-millones-de-viviendas\/#article","isPartOf":{"@id":"https:\/\/potenciaradiofonicadominicana.com\/portal\/gobierno-estima-deficit-habitacional-en-dos-millones-de-viviendas\/"},"author":{"name":"Potencia Radiof\u00f3nica Dominicana","@id":"https:\/\/potenciaradiofonicadominicana.com\/portal\/#\/schema\/person\/a5cf1fea13877803ee0573ac18b03490"},"headline":"Gobierno estima d\u00e9ficit habitacional en dos millones de viviendas","datePublished":"2022-01-25T01:05:22+00:00","mainEntityOfPage":{"@id":"https:\/\/potenciaradiofonicadominicana.com\/portal\/gobierno-estima-deficit-habitacional-en-dos-millones-de-viviendas\/"},"wordCount":1040,"commentCount":0,"publisher":{"@id":"https:\/\/potenciaradiofonicadominicana.com\/portal\/#organization"},"image":{"@id":"https:\/\/potenciaradiofonicadominicana.com\/portal\/gobierno-estima-deficit-habitacional-en-dos-millones-de-viviendas\/#primaryimage"},"thumbnailUrl":"https:\/\/potenciaradiofonicadominicana.com\/portal\/wp-content\/uploads\/2022\/01\/viviendas-en-construccion.jpg","articleSection":["Econom\u00eda"],"inLanguage":"es","potentialAction":[{"@type":"CommentAction","name":"Comment","target":["https:\/\/potenciaradiofonicadominicana.com\/portal\/gobierno-estima-deficit-habitacional-en-dos-millones-de-viviendas\/#respond"]}]},{"@type":"WebPage","@id":"https:\/\/potenciaradiofonicadominicana.com\/portal\/gobierno-estima-deficit-habitacional-en-dos-millones-de-viviendas\/","url":"https:\/\/potenciaradiofonicadominicana.com\/portal\/gobierno-estima-deficit-habitacional-en-dos-millones-de-viviendas\/","name":"Gobierno estima d\u00e9ficit habitacional en dos millones de viviendas - PotenciaRadiofonicaDominicana.com","isPartOf":{"@id":"https:\/\/potenciaradiofonicadominicana.com\/portal\/#website"},"primaryImageOfPage":{"@id":"https:\/\/potenciaradiofonicadominicana.com\/portal\/gobierno-estima-deficit-habitacional-en-dos-millones-de-viviendas\/#primaryimage"},"image":{"@id":"https:\/\/potenciaradiofonicadominicana.com\/portal\/gobierno-estima-deficit-habitacional-en-dos-millones-de-viviendas\/#primaryimage"},"thumbnailUrl":"https:\/\/potenciaradiofonicadominicana.com\/portal\/wp-content\/uploads\/2022\/01\/viviendas-en-construccion.jpg","datePublished":"2022-01-25T01:05:22+00:00","breadcrumb":{"@id":"https:\/\/potenciaradiofonicadominicana.com\/portal\/gobierno-estima-deficit-habitacional-en-dos-millones-de-viviendas\/#breadcrumb"},"inLanguage":"es","potentialAction":[{"@type":"ReadAction","target":["https:\/\/potenciaradiofonicadominicana.com\/portal\/gobierno-estima-deficit-habitacional-en-dos-millones-de-viviendas\/"]}]},{"@type":"ImageObject","inLanguage":"es","@id":"https:\/\/potenciaradiofonicadominicana.com\/portal\/gobierno-estima-deficit-habitacional-en-dos-millones-de-viviendas\/#primaryimage","url":"https:\/\/potenciaradiofonicadominicana.com\/portal\/wp-content\/uploads\/2022\/01\/viviendas-en-construccion.jpg","contentUrl":"https:\/\/potenciaradiofonicadominicana.com\/portal\/wp-content\/uploads\/2022\/01\/viviendas-en-construccion.jpg","width":988,"height":633},{"@type":"BreadcrumbList","@id":"https:\/\/potenciaradiofonicadominicana.com\/portal\/gobierno-estima-deficit-habitacional-en-dos-millones-de-viviendas\/#breadcrumb","itemListElement":[{"@type":"ListItem","position":1,"name":"Portada","item":"https:\/\/potenciaradiofonicadominicana.com\/portal\/"},{"@type":"ListItem","position":2,"name":"Gobierno estima d\u00e9ficit habitacional en dos millones de viviendas"}]},{"@type":"WebSite","@id":"https:\/\/potenciaradiofonicadominicana.com\/portal\/#website","url":"https:\/\/potenciaradiofonicadominicana.com\/portal\/","name":"PotenciaRadiofonicaDominicana.com","description":"Peri\u00f3dico Digital","publisher":{"@id":"https:\/\/potenciaradiofonicadominicana.com\/portal\/#organization"},"potentialAction":[{"@type":"SearchAction","target":{"@type":"EntryPoint","urlTemplate":"https:\/\/potenciaradiofonicadominicana.com\/portal\/?s={search_term_string}"},"query-input":{"@type":"PropertyValueSpecification","valueRequired":true,"valueName":"search_term_string"}}],"inLanguage":"es"},{"@type":"Organization","@id":"https:\/\/potenciaradiofonicadominicana.com\/portal\/#organization","name":"PotenciaRadiofonicaDominicana.com","url":"https:\/\/potenciaradiofonicadominicana.com\/portal\/","logo":{"@type":"ImageObject","inLanguage":"es","@id":"https:\/\/potenciaradiofonicadominicana.com\/portal\/#\/schema\/logo\/image\/","url":"https:\/\/potenciaradiofonicadominicana.com\/portal\/wp-content\/uploads\/2022\/01\/descarga.png","contentUrl":"https:\/\/potenciaradiofonicadominicana.com\/portal\/wp-content\/uploads\/2022\/01\/descarga.png","width":300,"height":100,"caption":"PotenciaRadiofonicaDominicana.com"},"image":{"@id":"https:\/\/potenciaradiofonicadominicana.com\/portal\/#\/schema\/logo\/image\/"},"sameAs":["https:\/\/web.facebook.com\/PotenciaRadiofonicaD"]},{"@type":"Person","@id":"https:\/\/potenciaradiofonicadominicana.com\/portal\/#\/schema\/person\/a5cf1fea13877803ee0573ac18b03490","name":"Potencia Radiof\u00f3nica Dominicana","image":{"@type":"ImageObject","inLanguage":"es","@id":"https:\/\/potenciaradiofonicadominicana.com\/portal\/#\/schema\/person\/image\/","url":"https:\/\/secure.gravatar.com\/avatar\/42a55ab9e8ccc656ba34cd791990602a?s=96&d=mm&r=g","contentUrl":"https:\/\/secure.gravatar.com\/avatar\/42a55ab9e8ccc656ba34cd791990602a?s=96&d=mm&r=g","caption":"Potencia Radiof\u00f3nica Dominicana"},"url":"https:\/\/potenciaradiofonicadominicana.com\/portal\/author\/johannyalmanzar\/"}]}},"_links":{"self":[{"href":"https:\/\/potenciaradiofonicadominicana.com\/portal\/wp-json\/wp\/v2\/posts\/113716","targetHints":{"allow":["GET"]}}],"collection":[{"href":"https:\/\/potenciaradiofonicadominicana.com\/portal\/wp-json\/wp\/v2\/posts"}],"about":[{"href":"https:\/\/potenciaradiofonicadominicana.com\/portal\/wp-json\/wp\/v2\/types\/post"}],"author":[{"embeddable":true,"href":"https:\/\/potenciaradiofonicadominicana.com\/portal\/wp-json\/wp\/v2\/users\/2"}],"replies":[{"embeddable":true,"href":"https:\/\/potenciaradiofonicadominicana.com\/portal\/wp-json\/wp\/v2\/comments?post=113716"}],"version-history":[{"count":1,"href":"https:\/\/potenciaradiofonicadominicana.com\/portal\/wp-json\/wp\/v2\/posts\/113716\/revisions"}],"predecessor-version":[{"id":113719,"href":"https:\/\/potenciaradiofonicadominicana.com\/portal\/wp-json\/wp\/v2\/posts\/113716\/revisions\/113719"}],"wp:featuredmedia":[{"embeddable":true,"href":"https:\/\/potenciaradiofonicadominicana.com\/portal\/wp-json\/wp\/v2\/media\/113718"}],"wp:attachment":[{"href":"https:\/\/potenciaradiofonicadominicana.com\/portal\/wp-json\/wp\/v2\/media?parent=113716"}],"wp:term":[{"taxonomy":"category","embeddable":true,"href":"https:\/\/potenciaradiofonicadominicana.com\/portal\/wp-json\/wp\/v2\/categories?post=113716"},{"taxonomy":"post_tag","embeddable":true,"href":"https:\/\/potenciaradiofonicadominicana.com\/portal\/wp-json\/wp\/v2\/tags?post=113716"}],"curies":[{"name":"wp","href":"https:\/\/api.w.org\/{rel}","templated":true}]}}