{"id":113710,"date":"2022-01-24T21:00:05","date_gmt":"2022-01-25T01:00:05","guid":{"rendered":"https:\/\/potenciaradiofonicadominicana.com\/portal\/?p=113710"},"modified":"2022-01-24T21:00:05","modified_gmt":"2022-01-25T01:00:05","slug":"feria-de-madrid-dejo-el-camino-despejado-para-un-mejor-turismo","status":"publish","type":"post","link":"https:\/\/potenciaradiofonicadominicana.com\/portal\/feria-de-madrid-dejo-el-camino-despejado-para-un-mejor-turismo\/","title":{"rendered":"Feria de Madrid dej\u00f3 el camino despejado para un mejor turismo"},"content":{"rendered":"<p><a href=\"https:\/\/potenciaradiofonicadominicana.com\/portal\/wp-content\/uploads\/2022\/01\/14f51fb6-stand-rd-fitur-2022-61ede4df14e21-640x288.jpg\"><img loading=\"lazy\" decoding=\"async\" class=\"alignnone size-full wp-image-113711\" src=\"https:\/\/potenciaradiofonicadominicana.com\/portal\/wp-content\/uploads\/2022\/01\/14f51fb6-stand-rd-fitur-2022-61ede4df14e21-640x288.jpg\" alt=\"\" width=\"640\" height=\"288\" srcset=\"https:\/\/potenciaradiofonicadominicana.com\/portal\/wp-content\/uploads\/2022\/01\/14f51fb6-stand-rd-fitur-2022-61ede4df14e21-640x288.jpg 640w, https:\/\/potenciaradiofonicadominicana.com\/portal\/wp-content\/uploads\/2022\/01\/14f51fb6-stand-rd-fitur-2022-61ede4df14e21-640x288-300x135.jpg 300w\" sizes=\"auto, (max-width: 640px) 100vw, 640px\" \/><\/a><\/p>\n<h5><strong><em>Logr\u00f3 110,000 visitas y un impacto de \u20ac150 millones; la Rep\u00fablica Dominicana, como socio, cumpli\u00f3 su agenda<\/em><\/strong><\/h5>\n<p>Madrid, Espa\u00f1a.<strong>&#8211;\u00a0<\/strong>El camino parece haber quedado despejado para que el turismo tome mayor vuelo de aqu\u00ed en adelante. La Feria Internacional del Turismo (Fitur) en su versi\u00f3n 42, con Rep\u00fablica Dominicana como Pa\u00eds Socio, finaliz\u00f3 ayer acogiendo 110,193 visitantes y superando de ese modo todas las previsiones que ten\u00edan los organizadores.<\/p>\n<p>Se trata de un reto que pudo vencerse, por tratarse de una actividad realizada en medio de la pandemia de covid-19. Es la segunda vez que ocurre, tomando en cuenta que la Fitur pasada tambi\u00e9n se realiz\u00f3. Esa vez en mayo 2021 y no en enero como es la tradici\u00f3n.<\/p>\n<p>Todas las dem\u00e1s ferias tur\u00edsticas del mundo han permanecido cerradas, incluidas la de Francia y Alemania, entre otras. La cifra de visitantes de 2022 a Fitur supera la de 2021, que fue de 62,000. A pesar del logro, los n\u00fameros distan mucho de los alcanzados en enero de 2020 (meses antes de que el mundo anunciara la pandemia de covid-19), cuando se congregaron a 255,000 personas en el Instituto Ferial de Madrid (Ifema).<\/p>\n<p>La directora de Fitur, Mar\u00eda Valcarce, calcul\u00f3 que el impacto econ\u00f3mico estimado de la feria supera los 150 millones de euros.<br \/>\n\u201cEs muy positivo el balance; contribuye a la recuperaci\u00f3n de la industria tur\u00edstica\u201d, sostuvo, sin esconder la satisfacci\u00f3n que le ha generado poder llegar a esa conclusi\u00f3n.<\/p>\n<p>Fitur, una de las ferias de turismo m\u00e1s importantes del mundo, se ha convertido por d\u00e9cadas en una especie de instrumento para tomar el pulso al turismo. Significa que \u2013si se parte de lo logrado en el evento de la capital espa\u00f1ola- se puede augurar una buena temporada para el ramo tur\u00edstico y una recuperaci\u00f3n de \u00e9ste. Las estad\u00edsticas presentadas a la prensa indican que en los tres primeros d\u00edas de feria, que corresponden a la fase profesional, se registraron unos 80,000 visitantes, el doble que en la edici\u00f3n 2021. El evento ten\u00eda una fecha de celebraci\u00f3n, en general, del 19 al 23 de enero.<\/p>\n<p>Lo que vimos; perspectivas<\/p>\n<p>El fin de semana, que es cuando la feria se abre al p\u00fablico, las visitas de particulares se estimaron en algo m\u00e1s de 30,000.<br \/>\nOtros pudieron \u201cparticipar\u201d v\u00eda remota o virtual (por la habilitaci\u00f3n del modelo h\u00edbrido). Ese modelo, que combin\u00f3 presencialidad con el mundo digital, permiti\u00f3 que la plataforma FiturLive connect haya contado con poco m\u00e1s de 33,000 usuarios. Eso es 10 % por encima de lo previsto.<\/p>\n<p>Esta vez participaron alrededor de 7,000 empresas expositoras de 107 pa\u00edses. Quiere decir que en 2022 la parte internacional estuvo muy presente.<\/p>\n<p>Con una mirada fuera de lo que son los n\u00fameros, la fitur de este a\u00f1o 2022 recuper\u00f3 algunas de sus tradiciones, como los trajes y artesan\u00edas regionales, la m\u00fasica o los eventos gastron\u00f3micos, lo que apunta a una cierta recuperaci\u00f3n de la normalidad que exist\u00eda previo a que el covid azotara el mundo.<\/p>\n<p>Se reforzaron los controles sanitarios y las medidas de seguridad. Se estuvo exigiendo a todos los participantes que presentaran al menos uno de estos requisitos: Certificado Covid Digital de la UE, QR Spain Travel Health y test negativo PCR o de ant\u00edgenos realizado en las 24 horas anteriores a su primer acceso a Fitur. Quien no cumpl\u00eda no entraba.<\/p>\n<p>Con los ojos puestos en 2023, se espera que se superen ya los datos de antes de la pandemia del covid. En esta ocasi\u00f3n, el n\u00famero de expositores fue el 80 % del m\u00e1ximo antes de la llegada del virus.<\/p>\n<p>Lo realizado por el socio<\/p>\n<p>Rep\u00fablica Dominicana despleg\u00f3 un amplio programa de actividades en Madrid, tanto en el recinto ferial, como fuera de este. Se dieron importantes contactos y reuniones de negocios entre representantes de la banca e inversionistas, tanto algunos que ya tienen cadenas hoteleras en la naci\u00f3n caribe\u00f1a, como otros que est\u00e1n interesados en comenzar a \u201csembrar\u201d, para luego cosechar los frutos de un pa\u00eds que ofrece garant\u00edas a los inversores. De esas garant\u00edas y buen clima de negocios habl\u00f3 en distintos escenarios el presidente Luis Abinader y el ministro de Turismo David Collado.<\/p>\n<p>Pero tambi\u00e9n lo hicieron tanto el presidente ejecutivo del Banco Popular Dominicano, Christopher Paniagua, como el administrador general del Banco de Reservas, Samuel Pereyra, en varios escenarios madrile\u00f1os. El Popular, definido como el banco del turismo, y el Reservas son los dos principales financiadores del turismo dominicana.<\/p>\n<p>Centro de convenciones ser\u00e1 una realidad del pa\u00eds<\/p>\n<p>El Banco Popular en los \u00faltimos siete a\u00f1os otorg\u00f3 financiamientos por m\u00e1s de US$1,400 millones al sector tur\u00edstico. Mientras, el Banco de Reservas inform\u00f3 que ha aprobado financiamientos por m\u00e1s de RD$7,000 millones destinados a la construcci\u00f3n de unas 12,795 viviendas ubicadas en distintos proyectos tur\u00edsticos del pa\u00eds, como parte de su esfuerzo en respaldar ese importante sector de la econom\u00eda.<\/p>\n<p>\u201cRep\u00fablica Dominicana es el \u00fanico pa\u00eds del mundo donde el sector financiero est\u00e1 apostando por el turismo\u201d, asegur\u00f3 en Madrid el secretario general de la Organizaci\u00f3n Mundial del Turismo (OMT), Zurab Pololikashvili.<\/p>\n<p>De su lado, el presidente dominicano, Luis Abinader, adelant\u00f3 que los pasos avanzan para la construcci\u00f3n en su pa\u00eds de un gran centro de convenciones.<\/p>\n<p>Lo dijo David Collado<br \/>\nHemos recuperado el turismo del pa\u00eds. septiembre, octubre, noviembre y diciembre del 2021 fueron los mejores en la historia del pa\u00eds\u201d<\/p>\n<p>RD lo tiene todo<br \/>\nRep\u00fablica Dominicana lo tiene todo. Somos el pa\u00eds mejor posicionado en la regi\u00f3n\u201d y otras frases fueron resaltadas en la versi\u00f3n de la Fitur 2022\u201d<\/p>\n","protected":false},"excerpt":{"rendered":"<p>Logr\u00f3 110,000 visitas y un impacto de \u20ac150 millones; la Rep\u00fablica Dominicana, como socio, cumpli\u00f3 su agenda Madrid, Espa\u00f1a.&#8211;\u00a0El camino &#8230;<\/p>\n","protected":false},"author":2,"featured_media":113711,"comment_status":"open","ping_status":"open","sticky":false,"template":"","format":"standard","meta":{"footnotes":""},"categories":[26],"tags":[],"class_list":["post-113710","post","type-post","status-publish","format-standard","has-post-thumbnail","hentry","category-economia"],"yoast_head":"<!-- This site is optimized with the Yoast SEO plugin v24.8.1 - https:\/\/yoast.com\/wordpress\/plugins\/seo\/ -->\n<title>Feria de Madrid dej\u00f3 el camino despejado para un mejor turismo - PotenciaRadiofonicaDominicana.com<\/title>\n<meta name=\"robots\" content=\"index, follow, max-snippet:-1, max-image-preview:large, max-video-preview:-1\" \/>\n<link rel=\"canonical\" href=\"https:\/\/potenciaradiofonicadominicana.com\/portal\/feria-de-madrid-dejo-el-camino-despejado-para-un-mejor-turismo\/\" \/>\n<meta property=\"og:locale\" content=\"es_ES\" \/>\n<meta property=\"og:type\" content=\"article\" \/>\n<meta property=\"og:title\" content=\"Feria de Madrid dej\u00f3 el camino despejado para un mejor turismo - PotenciaRadiofonicaDominicana.com\" \/>\n<meta property=\"og:description\" content=\"Logr\u00f3 110,000 visitas y un impacto de \u20ac150 millones; la Rep\u00fablica Dominicana, como socio, cumpli\u00f3 su agenda Madrid, Espa\u00f1a.&#8211;\u00a0El camino ...\" \/>\n<meta property=\"og:url\" content=\"https:\/\/potenciaradiofonicadominicana.com\/portal\/feria-de-madrid-dejo-el-camino-despejado-para-un-mejor-turismo\/\" \/>\n<meta property=\"og:site_name\" content=\"PotenciaRadiofonicaDominicana.com\" \/>\n<meta property=\"article:publisher\" content=\"https:\/\/web.facebook.com\/PotenciaRadiofonicaD\" \/>\n<meta property=\"article:published_time\" content=\"2022-01-25T01:00:05+00:00\" \/>\n<meta property=\"og:image\" content=\"https:\/\/potenciaradiofonicadominicana.com\/portal\/wp-content\/uploads\/2022\/01\/14f51fb6-stand-rd-fitur-2022-61ede4df14e21-640x288.jpg\" \/>\n\t<meta property=\"og:image:width\" content=\"640\" \/>\n\t<meta property=\"og:image:height\" content=\"288\" \/>\n\t<meta property=\"og:image:type\" content=\"image\/jpeg\" \/>\n<meta name=\"author\" content=\"Potencia Radiof\u00f3nica Dominicana\" \/>\n<meta name=\"twitter:card\" content=\"summary_large_image\" \/>\n<meta name=\"twitter:label1\" content=\"Escrito por\" \/>\n\t<meta name=\"twitter:data1\" content=\"Potencia Radiof\u00f3nica Dominicana\" \/>\n\t<meta name=\"twitter:label2\" content=\"Tiempo de lectura\" \/>\n\t<meta name=\"twitter:data2\" content=\"5 minutos\" \/>\n<script type=\"application\/ld+json\" class=\"yoast-schema-graph\">{\"@context\":\"https:\/\/schema.org\",\"@graph\":[{\"@type\":\"Article\",\"@id\":\"https:\/\/potenciaradiofonicadominicana.com\/portal\/feria-de-madrid-dejo-el-camino-despejado-para-un-mejor-turismo\/#article\",\"isPartOf\":{\"@id\":\"https:\/\/potenciaradiofonicadominicana.com\/portal\/feria-de-madrid-dejo-el-camino-despejado-para-un-mejor-turismo\/\"},\"author\":{\"name\":\"Potencia Radiof\u00f3nica Dominicana\",\"@id\":\"https:\/\/potenciaradiofonicadominicana.com\/portal\/#\/schema\/person\/a5cf1fea13877803ee0573ac18b03490\"},\"headline\":\"Feria de Madrid dej\u00f3 el camino despejado para un mejor turismo\",\"datePublished\":\"2022-01-25T01:00:05+00:00\",\"mainEntityOfPage\":{\"@id\":\"https:\/\/potenciaradiofonicadominicana.com\/portal\/feria-de-madrid-dejo-el-camino-despejado-para-un-mejor-turismo\/\"},\"wordCount\":972,\"commentCount\":0,\"publisher\":{\"@id\":\"https:\/\/potenciaradiofonicadominicana.com\/portal\/#organization\"},\"image\":{\"@id\":\"https:\/\/potenciaradiofonicadominicana.com\/portal\/feria-de-madrid-dejo-el-camino-despejado-para-un-mejor-turismo\/#primaryimage\"},\"thumbnailUrl\":\"https:\/\/potenciaradiofonicadominicana.com\/portal\/wp-content\/uploads\/2022\/01\/14f51fb6-stand-rd-fitur-2022-61ede4df14e21-640x288.jpg\",\"articleSection\":[\"Econom\u00eda\"],\"inLanguage\":\"es\",\"potentialAction\":[{\"@type\":\"CommentAction\",\"name\":\"Comment\",\"target\":[\"https:\/\/potenciaradiofonicadominicana.com\/portal\/feria-de-madrid-dejo-el-camino-despejado-para-un-mejor-turismo\/#respond\"]}]},{\"@type\":\"WebPage\",\"@id\":\"https:\/\/potenciaradiofonicadominicana.com\/portal\/feria-de-madrid-dejo-el-camino-despejado-para-un-mejor-turismo\/\",\"url\":\"https:\/\/potenciaradiofonicadominicana.com\/portal\/feria-de-madrid-dejo-el-camino-despejado-para-un-mejor-turismo\/\",\"name\":\"Feria de Madrid dej\u00f3 el camino despejado para un mejor turismo - PotenciaRadiofonicaDominicana.com\",\"isPartOf\":{\"@id\":\"https:\/\/potenciaradiofonicadominicana.com\/portal\/#website\"},\"primaryImageOfPage\":{\"@id\":\"https:\/\/potenciaradiofonicadominicana.com\/portal\/feria-de-madrid-dejo-el-camino-despejado-para-un-mejor-turismo\/#primaryimage\"},\"image\":{\"@id\":\"https:\/\/potenciaradiofonicadominicana.com\/portal\/feria-de-madrid-dejo-el-camino-despejado-para-un-mejor-turismo\/#primaryimage\"},\"thumbnailUrl\":\"https:\/\/potenciaradiofonicadominicana.com\/portal\/wp-content\/uploads\/2022\/01\/14f51fb6-stand-rd-fitur-2022-61ede4df14e21-640x288.jpg\",\"datePublished\":\"2022-01-25T01:00:05+00:00\",\"breadcrumb\":{\"@id\":\"https:\/\/potenciaradiofonicadominicana.com\/portal\/feria-de-madrid-dejo-el-camino-despejado-para-un-mejor-turismo\/#breadcrumb\"},\"inLanguage\":\"es\",\"potentialAction\":[{\"@type\":\"ReadAction\",\"target\":[\"https:\/\/potenciaradiofonicadominicana.com\/portal\/feria-de-madrid-dejo-el-camino-despejado-para-un-mejor-turismo\/\"]}]},{\"@type\":\"ImageObject\",\"inLanguage\":\"es\",\"@id\":\"https:\/\/potenciaradiofonicadominicana.com\/portal\/feria-de-madrid-dejo-el-camino-despejado-para-un-mejor-turismo\/#primaryimage\",\"url\":\"https:\/\/potenciaradiofonicadominicana.com\/portal\/wp-content\/uploads\/2022\/01\/14f51fb6-stand-rd-fitur-2022-61ede4df14e21-640x288.jpg\",\"contentUrl\":\"https:\/\/potenciaradiofonicadominicana.com\/portal\/wp-content\/uploads\/2022\/01\/14f51fb6-stand-rd-fitur-2022-61ede4df14e21-640x288.jpg\",\"width\":640,\"height\":288},{\"@type\":\"BreadcrumbList\",\"@id\":\"https:\/\/potenciaradiofonicadominicana.com\/portal\/feria-de-madrid-dejo-el-camino-despejado-para-un-mejor-turismo\/#breadcrumb\",\"itemListElement\":[{\"@type\":\"ListItem\",\"position\":1,\"name\":\"Portada\",\"item\":\"https:\/\/potenciaradiofonicadominicana.com\/portal\/\"},{\"@type\":\"ListItem\",\"position\":2,\"name\":\"Feria de Madrid dej\u00f3 el camino despejado para un mejor turismo\"}]},{\"@type\":\"WebSite\",\"@id\":\"https:\/\/potenciaradiofonicadominicana.com\/portal\/#website\",\"url\":\"https:\/\/potenciaradiofonicadominicana.com\/portal\/\",\"name\":\"PotenciaRadiofonicaDominicana.com\",\"description\":\"Peri\u00f3dico Digital\",\"publisher\":{\"@id\":\"https:\/\/potenciaradiofonicadominicana.com\/portal\/#organization\"},\"potentialAction\":[{\"@type\":\"SearchAction\",\"target\":{\"@type\":\"EntryPoint\",\"urlTemplate\":\"https:\/\/potenciaradiofonicadominicana.com\/portal\/?s={search_term_string}\"},\"query-input\":{\"@type\":\"PropertyValueSpecification\",\"valueRequired\":true,\"valueName\":\"search_term_string\"}}],\"inLanguage\":\"es\"},{\"@type\":\"Organization\",\"@id\":\"https:\/\/potenciaradiofonicadominicana.com\/portal\/#organization\",\"name\":\"PotenciaRadiofonicaDominicana.com\",\"url\":\"https:\/\/potenciaradiofonicadominicana.com\/portal\/\",\"logo\":{\"@type\":\"ImageObject\",\"inLanguage\":\"es\",\"@id\":\"https:\/\/potenciaradiofonicadominicana.com\/portal\/#\/schema\/logo\/image\/\",\"url\":\"https:\/\/potenciaradiofonicadominicana.com\/portal\/wp-content\/uploads\/2022\/01\/descarga.png\",\"contentUrl\":\"https:\/\/potenciaradiofonicadominicana.com\/portal\/wp-content\/uploads\/2022\/01\/descarga.png\",\"width\":300,\"height\":100,\"caption\":\"PotenciaRadiofonicaDominicana.com\"},\"image\":{\"@id\":\"https:\/\/potenciaradiofonicadominicana.com\/portal\/#\/schema\/logo\/image\/\"},\"sameAs\":[\"https:\/\/web.facebook.com\/PotenciaRadiofonicaD\"]},{\"@type\":\"Person\",\"@id\":\"https:\/\/potenciaradiofonicadominicana.com\/portal\/#\/schema\/person\/a5cf1fea13877803ee0573ac18b03490\",\"name\":\"Potencia Radiof\u00f3nica Dominicana\",\"image\":{\"@type\":\"ImageObject\",\"inLanguage\":\"es\",\"@id\":\"https:\/\/potenciaradiofonicadominicana.com\/portal\/#\/schema\/person\/image\/\",\"url\":\"https:\/\/secure.gravatar.com\/avatar\/42a55ab9e8ccc656ba34cd791990602a?s=96&d=mm&r=g\",\"contentUrl\":\"https:\/\/secure.gravatar.com\/avatar\/42a55ab9e8ccc656ba34cd791990602a?s=96&d=mm&r=g\",\"caption\":\"Potencia Radiof\u00f3nica Dominicana\"},\"url\":\"https:\/\/potenciaradiofonicadominicana.com\/portal\/author\/johannyalmanzar\/\"}]}<\/script>\n<!-- \/ Yoast SEO plugin. -->","yoast_head_json":{"title":"Feria de Madrid dej\u00f3 el camino despejado para un mejor turismo - PotenciaRadiofonicaDominicana.com","robots":{"index":"index","follow":"follow","max-snippet":"max-snippet:-1","max-image-preview":"max-image-preview:large","max-video-preview":"max-video-preview:-1"},"canonical":"https:\/\/potenciaradiofonicadominicana.com\/portal\/feria-de-madrid-dejo-el-camino-despejado-para-un-mejor-turismo\/","og_locale":"es_ES","og_type":"article","og_title":"Feria de Madrid dej\u00f3 el camino despejado para un mejor turismo - PotenciaRadiofonicaDominicana.com","og_description":"Logr\u00f3 110,000 visitas y un impacto de \u20ac150 millones; la Rep\u00fablica Dominicana, como socio, cumpli\u00f3 su agenda Madrid, Espa\u00f1a.&#8211;\u00a0El camino ...","og_url":"https:\/\/potenciaradiofonicadominicana.com\/portal\/feria-de-madrid-dejo-el-camino-despejado-para-un-mejor-turismo\/","og_site_name":"PotenciaRadiofonicaDominicana.com","article_publisher":"https:\/\/web.facebook.com\/PotenciaRadiofonicaD","article_published_time":"2022-01-25T01:00:05+00:00","og_image":[{"width":640,"height":288,"url":"https:\/\/potenciaradiofonicadominicana.com\/portal\/wp-content\/uploads\/2022\/01\/14f51fb6-stand-rd-fitur-2022-61ede4df14e21-640x288.jpg","type":"image\/jpeg"}],"author":"Potencia Radiof\u00f3nica Dominicana","twitter_card":"summary_large_image","twitter_misc":{"Escrito por":"Potencia Radiof\u00f3nica Dominicana","Tiempo de lectura":"5 minutos"},"schema":{"@context":"https:\/\/schema.org","@graph":[{"@type":"Article","@id":"https:\/\/potenciaradiofonicadominicana.com\/portal\/feria-de-madrid-dejo-el-camino-despejado-para-un-mejor-turismo\/#article","isPartOf":{"@id":"https:\/\/potenciaradiofonicadominicana.com\/portal\/feria-de-madrid-dejo-el-camino-despejado-para-un-mejor-turismo\/"},"author":{"name":"Potencia Radiof\u00f3nica Dominicana","@id":"https:\/\/potenciaradiofonicadominicana.com\/portal\/#\/schema\/person\/a5cf1fea13877803ee0573ac18b03490"},"headline":"Feria de Madrid dej\u00f3 el camino despejado para un mejor turismo","datePublished":"2022-01-25T01:00:05+00:00","mainEntityOfPage":{"@id":"https:\/\/potenciaradiofonicadominicana.com\/portal\/feria-de-madrid-dejo-el-camino-despejado-para-un-mejor-turismo\/"},"wordCount":972,"commentCount":0,"publisher":{"@id":"https:\/\/potenciaradiofonicadominicana.com\/portal\/#organization"},"image":{"@id":"https:\/\/potenciaradiofonicadominicana.com\/portal\/feria-de-madrid-dejo-el-camino-despejado-para-un-mejor-turismo\/#primaryimage"},"thumbnailUrl":"https:\/\/potenciaradiofonicadominicana.com\/portal\/wp-content\/uploads\/2022\/01\/14f51fb6-stand-rd-fitur-2022-61ede4df14e21-640x288.jpg","articleSection":["Econom\u00eda"],"inLanguage":"es","potentialAction":[{"@type":"CommentAction","name":"Comment","target":["https:\/\/potenciaradiofonicadominicana.com\/portal\/feria-de-madrid-dejo-el-camino-despejado-para-un-mejor-turismo\/#respond"]}]},{"@type":"WebPage","@id":"https:\/\/potenciaradiofonicadominicana.com\/portal\/feria-de-madrid-dejo-el-camino-despejado-para-un-mejor-turismo\/","url":"https:\/\/potenciaradiofonicadominicana.com\/portal\/feria-de-madrid-dejo-el-camino-despejado-para-un-mejor-turismo\/","name":"Feria de Madrid dej\u00f3 el camino despejado para un mejor turismo - PotenciaRadiofonicaDominicana.com","isPartOf":{"@id":"https:\/\/potenciaradiofonicadominicana.com\/portal\/#website"},"primaryImageOfPage":{"@id":"https:\/\/potenciaradiofonicadominicana.com\/portal\/feria-de-madrid-dejo-el-camino-despejado-para-un-mejor-turismo\/#primaryimage"},"image":{"@id":"https:\/\/potenciaradiofonicadominicana.com\/portal\/feria-de-madrid-dejo-el-camino-despejado-para-un-mejor-turismo\/#primaryimage"},"thumbnailUrl":"https:\/\/potenciaradiofonicadominicana.com\/portal\/wp-content\/uploads\/2022\/01\/14f51fb6-stand-rd-fitur-2022-61ede4df14e21-640x288.jpg","datePublished":"2022-01-25T01:00:05+00:00","breadcrumb":{"@id":"https:\/\/potenciaradiofonicadominicana.com\/portal\/feria-de-madrid-dejo-el-camino-despejado-para-un-mejor-turismo\/#breadcrumb"},"inLanguage":"es","potentialAction":[{"@type":"ReadAction","target":["https:\/\/potenciaradiofonicadominicana.com\/portal\/feria-de-madrid-dejo-el-camino-despejado-para-un-mejor-turismo\/"]}]},{"@type":"ImageObject","inLanguage":"es","@id":"https:\/\/potenciaradiofonicadominicana.com\/portal\/feria-de-madrid-dejo-el-camino-despejado-para-un-mejor-turismo\/#primaryimage","url":"https:\/\/potenciaradiofonicadominicana.com\/portal\/wp-content\/uploads\/2022\/01\/14f51fb6-stand-rd-fitur-2022-61ede4df14e21-640x288.jpg","contentUrl":"https:\/\/potenciaradiofonicadominicana.com\/portal\/wp-content\/uploads\/2022\/01\/14f51fb6-stand-rd-fitur-2022-61ede4df14e21-640x288.jpg","width":640,"height":288},{"@type":"BreadcrumbList","@id":"https:\/\/potenciaradiofonicadominicana.com\/portal\/feria-de-madrid-dejo-el-camino-despejado-para-un-mejor-turismo\/#breadcrumb","itemListElement":[{"@type":"ListItem","position":1,"name":"Portada","item":"https:\/\/potenciaradiofonicadominicana.com\/portal\/"},{"@type":"ListItem","position":2,"name":"Feria de Madrid dej\u00f3 el camino despejado para un mejor turismo"}]},{"@type":"WebSite","@id":"https:\/\/potenciaradiofonicadominicana.com\/portal\/#website","url":"https:\/\/potenciaradiofonicadominicana.com\/portal\/","name":"PotenciaRadiofonicaDominicana.com","description":"Peri\u00f3dico Digital","publisher":{"@id":"https:\/\/potenciaradiofonicadominicana.com\/portal\/#organization"},"potentialAction":[{"@type":"SearchAction","target":{"@type":"EntryPoint","urlTemplate":"https:\/\/potenciaradiofonicadominicana.com\/portal\/?s={search_term_string}"},"query-input":{"@type":"PropertyValueSpecification","valueRequired":true,"valueName":"search_term_string"}}],"inLanguage":"es"},{"@type":"Organization","@id":"https:\/\/potenciaradiofonicadominicana.com\/portal\/#organization","name":"PotenciaRadiofonicaDominicana.com","url":"https:\/\/potenciaradiofonicadominicana.com\/portal\/","logo":{"@type":"ImageObject","inLanguage":"es","@id":"https:\/\/potenciaradiofonicadominicana.com\/portal\/#\/schema\/logo\/image\/","url":"https:\/\/potenciaradiofonicadominicana.com\/portal\/wp-content\/uploads\/2022\/01\/descarga.png","contentUrl":"https:\/\/potenciaradiofonicadominicana.com\/portal\/wp-content\/uploads\/2022\/01\/descarga.png","width":300,"height":100,"caption":"PotenciaRadiofonicaDominicana.com"},"image":{"@id":"https:\/\/potenciaradiofonicadominicana.com\/portal\/#\/schema\/logo\/image\/"},"sameAs":["https:\/\/web.facebook.com\/PotenciaRadiofonicaD"]},{"@type":"Person","@id":"https:\/\/potenciaradiofonicadominicana.com\/portal\/#\/schema\/person\/a5cf1fea13877803ee0573ac18b03490","name":"Potencia Radiof\u00f3nica Dominicana","image":{"@type":"ImageObject","inLanguage":"es","@id":"https:\/\/potenciaradiofonicadominicana.com\/portal\/#\/schema\/person\/image\/","url":"https:\/\/secure.gravatar.com\/avatar\/42a55ab9e8ccc656ba34cd791990602a?s=96&d=mm&r=g","contentUrl":"https:\/\/secure.gravatar.com\/avatar\/42a55ab9e8ccc656ba34cd791990602a?s=96&d=mm&r=g","caption":"Potencia Radiof\u00f3nica Dominicana"},"url":"https:\/\/potenciaradiofonicadominicana.com\/portal\/author\/johannyalmanzar\/"}]}},"_links":{"self":[{"href":"https:\/\/potenciaradiofonicadominicana.com\/portal\/wp-json\/wp\/v2\/posts\/113710","targetHints":{"allow":["GET"]}}],"collection":[{"href":"https:\/\/potenciaradiofonicadominicana.com\/portal\/wp-json\/wp\/v2\/posts"}],"about":[{"href":"https:\/\/potenciaradiofonicadominicana.com\/portal\/wp-json\/wp\/v2\/types\/post"}],"author":[{"embeddable":true,"href":"https:\/\/potenciaradiofonicadominicana.com\/portal\/wp-json\/wp\/v2\/users\/2"}],"replies":[{"embeddable":true,"href":"https:\/\/potenciaradiofonicadominicana.com\/portal\/wp-json\/wp\/v2\/comments?post=113710"}],"version-history":[{"count":1,"href":"https:\/\/potenciaradiofonicadominicana.com\/portal\/wp-json\/wp\/v2\/posts\/113710\/revisions"}],"predecessor-version":[{"id":113712,"href":"https:\/\/potenciaradiofonicadominicana.com\/portal\/wp-json\/wp\/v2\/posts\/113710\/revisions\/113712"}],"wp:featuredmedia":[{"embeddable":true,"href":"https:\/\/potenciaradiofonicadominicana.com\/portal\/wp-json\/wp\/v2\/media\/113711"}],"wp:attachment":[{"href":"https:\/\/potenciaradiofonicadominicana.com\/portal\/wp-json\/wp\/v2\/media?parent=113710"}],"wp:term":[{"taxonomy":"category","embeddable":true,"href":"https:\/\/potenciaradiofonicadominicana.com\/portal\/wp-json\/wp\/v2\/categories?post=113710"},{"taxonomy":"post_tag","embeddable":true,"href":"https:\/\/potenciaradiofonicadominicana.com\/portal\/wp-json\/wp\/v2\/tags?post=113710"}],"curies":[{"name":"wp","href":"https:\/\/api.w.org\/{rel}","templated":true}]}}