{"id":113616,"date":"2022-01-22T10:54:20","date_gmt":"2022-01-22T14:54:20","guid":{"rendered":"https:\/\/potenciaradiofonicadominicana.com\/portal\/?p=113616"},"modified":"2022-01-22T10:54:20","modified_gmt":"2022-01-22T14:54:20","slug":"cartas-sobre-la-mesa-el-nuevo-sencillo-de-santa-rosa","status":"publish","type":"post","link":"https:\/\/potenciaradiofonicadominicana.com\/portal\/cartas-sobre-la-mesa-el-nuevo-sencillo-de-santa-rosa\/","title":{"rendered":"Cartas sobre la mesa\u201d el nuevo sencillo de Santa Rosa"},"content":{"rendered":"<p><a href=\"https:\/\/potenciaradiofonicadominicana.com\/portal\/wp-content\/uploads\/2022\/01\/sddefault.jpg\"><img loading=\"lazy\" decoding=\"async\" class=\"alignnone size-full wp-image-113617\" src=\"https:\/\/potenciaradiofonicadominicana.com\/portal\/wp-content\/uploads\/2022\/01\/sddefault.jpg\" alt=\"\" width=\"640\" height=\"480\" srcset=\"https:\/\/potenciaradiofonicadominicana.com\/portal\/wp-content\/uploads\/2022\/01\/sddefault.jpg 640w, https:\/\/potenciaradiofonicadominicana.com\/portal\/wp-content\/uploads\/2022\/01\/sddefault-300x225.jpg 300w\" sizes=\"auto, (max-width: 640px) 100vw, 640px\" \/><\/a><\/p>\n<p>Inicia el a\u00f1o con buenas noticias para su fanaticada pues\u00a0Gilberto Santa Rosa lanz\u00f3 hoy su nuevo sencillo \u201cCartas sobre la mesa<strong>\u201d.\u00a0<\/strong>El sabroso tema promete sobrepasar las expectativas del exigente p\u00fablico salsero que busca el balance perfecto entre ritmos pegajosos, arreglos que le hacen justicia a las destrezas de Santa Rosa y una p\u00edcara letra que marca el estilo elegante que el cantante siempre ha utilizado en sus canciones.<\/p>\n<p><strong>\u201c<\/strong>Cartas sobre la mesa\u201d\u00a0es una composici\u00f3n del cantante cubano Mucho Manolo\u00a0que Santa Rosa adopt\u00f3 con el arreglo musical especial de Ram\u00f3n S\u00e1nchez. El tema marca la antesala al lanzamiento de la nueva producci\u00f3n discogr\u00e1fica de Gilberto que, seg\u00fan el cantante, saldr\u00e1 al mercado en el primer semestre del 2022.<\/p>\n<p>\u201cEstoy muy entusiasmado de iniciar el a\u00f1o entreg\u00e1ndole al p\u00fablico una propuesta musical que ser\u00e1 parte de mi nueva producci\u00f3n discogr\u00e1fica a la que le hemos llamado\u00a0Debut y segunda tanda. Este nuevo disco viene con temas que han interpretado otros compa\u00f1eros artistas y que a m\u00ed me han gustado mucho, pero, le hemos dado un giro distinto a las canciones para que debuten de forma diferente\u201d, nos comparti\u00f3 Gilberto.<\/p>\n<p>\u201cCartas sobre la mesa\u201d, estren\u00f3 bajo el sello discogr\u00e1fico B2B Music y con un video musical filmado en la ciudad de Miami bajo la direcci\u00f3n de Jos\u00e9 Trujillo.<\/p>\n<p>\u201cEl tema es una especie de confesi\u00f3n que busca una respuesta honesta a esa intriga que surge cuando uno tiene la sospecha de que hay sentimientos m\u00e1s all\u00e1 de una simple amistad entre dos personas, pero quiere salir de dudas de una vez y por todas y se lanza con todo para aclarar lo que est\u00e1 pasando. Yo soy admirador de la buena m\u00fasica y con este disco comparto con mi p\u00fablico varias canciones que a m\u00ed me gustan mucho como es el caso de\u00a0Cartas sobre la mesa\u201d.<\/p>\n<p>El tema ya est\u00e1 disponible en las principales plataformas de m\u00fasica digital y el video cons\u00edguelo en\u00a0https:\/\/youtu.be\/nyTFrpVucUY<\/p>\n","protected":false},"excerpt":{"rendered":"<p>Inicia el a\u00f1o con buenas noticias para su fanaticada pues\u00a0Gilberto Santa Rosa lanz\u00f3 hoy su nuevo sencillo \u201cCartas sobre la &#8230;<\/p>\n","protected":false},"author":2,"featured_media":113617,"comment_status":"open","ping_status":"open","sticky":false,"template":"","format":"standard","meta":{"footnotes":""},"categories":[31],"tags":[],"class_list":["post-113616","post","type-post","status-publish","format-standard","has-post-thumbnail","hentry","category-arte-y-espectaculo"],"yoast_head":"<!-- This site is optimized with the Yoast SEO plugin v24.8.1 - https:\/\/yoast.com\/wordpress\/plugins\/seo\/ -->\n<title>Cartas sobre la mesa\u201d el nuevo sencillo de Santa Rosa - PotenciaRadiofonicaDominicana.com<\/title>\n<meta name=\"robots\" content=\"index, follow, max-snippet:-1, max-image-preview:large, max-video-preview:-1\" \/>\n<link rel=\"canonical\" href=\"https:\/\/potenciaradiofonicadominicana.com\/portal\/cartas-sobre-la-mesa-el-nuevo-sencillo-de-santa-rosa\/\" \/>\n<meta property=\"og:locale\" content=\"es_ES\" \/>\n<meta property=\"og:type\" content=\"article\" \/>\n<meta property=\"og:title\" content=\"Cartas sobre la mesa\u201d el nuevo sencillo de Santa Rosa - PotenciaRadiofonicaDominicana.com\" \/>\n<meta property=\"og:description\" content=\"Inicia el a\u00f1o con buenas noticias para su fanaticada pues\u00a0Gilberto Santa Rosa lanz\u00f3 hoy su nuevo sencillo \u201cCartas sobre la ...\" \/>\n<meta property=\"og:url\" content=\"https:\/\/potenciaradiofonicadominicana.com\/portal\/cartas-sobre-la-mesa-el-nuevo-sencillo-de-santa-rosa\/\" \/>\n<meta property=\"og:site_name\" content=\"PotenciaRadiofonicaDominicana.com\" \/>\n<meta property=\"article:publisher\" content=\"https:\/\/web.facebook.com\/PotenciaRadiofonicaD\" \/>\n<meta property=\"article:published_time\" content=\"2022-01-22T14:54:20+00:00\" \/>\n<meta property=\"og:image\" content=\"https:\/\/potenciaradiofonicadominicana.com\/portal\/wp-content\/uploads\/2022\/01\/sddefault.jpg\" \/>\n\t<meta property=\"og:image:width\" content=\"640\" \/>\n\t<meta property=\"og:image:height\" content=\"480\" \/>\n\t<meta property=\"og:image:type\" content=\"image\/jpeg\" \/>\n<meta name=\"author\" content=\"Potencia Radiof\u00f3nica Dominicana\" \/>\n<meta name=\"twitter:card\" content=\"summary_large_image\" \/>\n<meta name=\"twitter:label1\" content=\"Escrito por\" \/>\n\t<meta name=\"twitter:data1\" content=\"Potencia Radiof\u00f3nica Dominicana\" \/>\n\t<meta name=\"twitter:label2\" content=\"Tiempo de lectura\" \/>\n\t<meta name=\"twitter:data2\" content=\"2 minutos\" \/>\n<script type=\"application\/ld+json\" class=\"yoast-schema-graph\">{\"@context\":\"https:\/\/schema.org\",\"@graph\":[{\"@type\":\"Article\",\"@id\":\"https:\/\/potenciaradiofonicadominicana.com\/portal\/cartas-sobre-la-mesa-el-nuevo-sencillo-de-santa-rosa\/#article\",\"isPartOf\":{\"@id\":\"https:\/\/potenciaradiofonicadominicana.com\/portal\/cartas-sobre-la-mesa-el-nuevo-sencillo-de-santa-rosa\/\"},\"author\":{\"name\":\"Potencia Radiof\u00f3nica Dominicana\",\"@id\":\"https:\/\/potenciaradiofonicadominicana.com\/portal\/#\/schema\/person\/a5cf1fea13877803ee0573ac18b03490\"},\"headline\":\"Cartas sobre la mesa\u201d el nuevo sencillo de Santa Rosa\",\"datePublished\":\"2022-01-22T14:54:20+00:00\",\"mainEntityOfPage\":{\"@id\":\"https:\/\/potenciaradiofonicadominicana.com\/portal\/cartas-sobre-la-mesa-el-nuevo-sencillo-de-santa-rosa\/\"},\"wordCount\":362,\"commentCount\":0,\"publisher\":{\"@id\":\"https:\/\/potenciaradiofonicadominicana.com\/portal\/#organization\"},\"image\":{\"@id\":\"https:\/\/potenciaradiofonicadominicana.com\/portal\/cartas-sobre-la-mesa-el-nuevo-sencillo-de-santa-rosa\/#primaryimage\"},\"thumbnailUrl\":\"https:\/\/potenciaradiofonicadominicana.com\/portal\/wp-content\/uploads\/2022\/01\/sddefault.jpg\",\"articleSection\":[\"Arte y Espectaculo\"],\"inLanguage\":\"es\",\"potentialAction\":[{\"@type\":\"CommentAction\",\"name\":\"Comment\",\"target\":[\"https:\/\/potenciaradiofonicadominicana.com\/portal\/cartas-sobre-la-mesa-el-nuevo-sencillo-de-santa-rosa\/#respond\"]}]},{\"@type\":\"WebPage\",\"@id\":\"https:\/\/potenciaradiofonicadominicana.com\/portal\/cartas-sobre-la-mesa-el-nuevo-sencillo-de-santa-rosa\/\",\"url\":\"https:\/\/potenciaradiofonicadominicana.com\/portal\/cartas-sobre-la-mesa-el-nuevo-sencillo-de-santa-rosa\/\",\"name\":\"Cartas sobre la mesa\u201d el nuevo sencillo de Santa Rosa - PotenciaRadiofonicaDominicana.com\",\"isPartOf\":{\"@id\":\"https:\/\/potenciaradiofonicadominicana.com\/portal\/#website\"},\"primaryImageOfPage\":{\"@id\":\"https:\/\/potenciaradiofonicadominicana.com\/portal\/cartas-sobre-la-mesa-el-nuevo-sencillo-de-santa-rosa\/#primaryimage\"},\"image\":{\"@id\":\"https:\/\/potenciaradiofonicadominicana.com\/portal\/cartas-sobre-la-mesa-el-nuevo-sencillo-de-santa-rosa\/#primaryimage\"},\"thumbnailUrl\":\"https:\/\/potenciaradiofonicadominicana.com\/portal\/wp-content\/uploads\/2022\/01\/sddefault.jpg\",\"datePublished\":\"2022-01-22T14:54:20+00:00\",\"breadcrumb\":{\"@id\":\"https:\/\/potenciaradiofonicadominicana.com\/portal\/cartas-sobre-la-mesa-el-nuevo-sencillo-de-santa-rosa\/#breadcrumb\"},\"inLanguage\":\"es\",\"potentialAction\":[{\"@type\":\"ReadAction\",\"target\":[\"https:\/\/potenciaradiofonicadominicana.com\/portal\/cartas-sobre-la-mesa-el-nuevo-sencillo-de-santa-rosa\/\"]}]},{\"@type\":\"ImageObject\",\"inLanguage\":\"es\",\"@id\":\"https:\/\/potenciaradiofonicadominicana.com\/portal\/cartas-sobre-la-mesa-el-nuevo-sencillo-de-santa-rosa\/#primaryimage\",\"url\":\"https:\/\/potenciaradiofonicadominicana.com\/portal\/wp-content\/uploads\/2022\/01\/sddefault.jpg\",\"contentUrl\":\"https:\/\/potenciaradiofonicadominicana.com\/portal\/wp-content\/uploads\/2022\/01\/sddefault.jpg\",\"width\":640,\"height\":480},{\"@type\":\"BreadcrumbList\",\"@id\":\"https:\/\/potenciaradiofonicadominicana.com\/portal\/cartas-sobre-la-mesa-el-nuevo-sencillo-de-santa-rosa\/#breadcrumb\",\"itemListElement\":[{\"@type\":\"ListItem\",\"position\":1,\"name\":\"Portada\",\"item\":\"https:\/\/potenciaradiofonicadominicana.com\/portal\/\"},{\"@type\":\"ListItem\",\"position\":2,\"name\":\"Cartas sobre la mesa\u201d el nuevo sencillo de Santa Rosa\"}]},{\"@type\":\"WebSite\",\"@id\":\"https:\/\/potenciaradiofonicadominicana.com\/portal\/#website\",\"url\":\"https:\/\/potenciaradiofonicadominicana.com\/portal\/\",\"name\":\"PotenciaRadiofonicaDominicana.com\",\"description\":\"Peri\u00f3dico Digital\",\"publisher\":{\"@id\":\"https:\/\/potenciaradiofonicadominicana.com\/portal\/#organization\"},\"potentialAction\":[{\"@type\":\"SearchAction\",\"target\":{\"@type\":\"EntryPoint\",\"urlTemplate\":\"https:\/\/potenciaradiofonicadominicana.com\/portal\/?s={search_term_string}\"},\"query-input\":{\"@type\":\"PropertyValueSpecification\",\"valueRequired\":true,\"valueName\":\"search_term_string\"}}],\"inLanguage\":\"es\"},{\"@type\":\"Organization\",\"@id\":\"https:\/\/potenciaradiofonicadominicana.com\/portal\/#organization\",\"name\":\"PotenciaRadiofonicaDominicana.com\",\"url\":\"https:\/\/potenciaradiofonicadominicana.com\/portal\/\",\"logo\":{\"@type\":\"ImageObject\",\"inLanguage\":\"es\",\"@id\":\"https:\/\/potenciaradiofonicadominicana.com\/portal\/#\/schema\/logo\/image\/\",\"url\":\"https:\/\/potenciaradiofonicadominicana.com\/portal\/wp-content\/uploads\/2022\/01\/descarga.png\",\"contentUrl\":\"https:\/\/potenciaradiofonicadominicana.com\/portal\/wp-content\/uploads\/2022\/01\/descarga.png\",\"width\":300,\"height\":100,\"caption\":\"PotenciaRadiofonicaDominicana.com\"},\"image\":{\"@id\":\"https:\/\/potenciaradiofonicadominicana.com\/portal\/#\/schema\/logo\/image\/\"},\"sameAs\":[\"https:\/\/web.facebook.com\/PotenciaRadiofonicaD\"]},{\"@type\":\"Person\",\"@id\":\"https:\/\/potenciaradiofonicadominicana.com\/portal\/#\/schema\/person\/a5cf1fea13877803ee0573ac18b03490\",\"name\":\"Potencia Radiof\u00f3nica Dominicana\",\"image\":{\"@type\":\"ImageObject\",\"inLanguage\":\"es\",\"@id\":\"https:\/\/potenciaradiofonicadominicana.com\/portal\/#\/schema\/person\/image\/\",\"url\":\"https:\/\/secure.gravatar.com\/avatar\/42a55ab9e8ccc656ba34cd791990602a?s=96&d=mm&r=g\",\"contentUrl\":\"https:\/\/secure.gravatar.com\/avatar\/42a55ab9e8ccc656ba34cd791990602a?s=96&d=mm&r=g\",\"caption\":\"Potencia Radiof\u00f3nica Dominicana\"},\"url\":\"https:\/\/potenciaradiofonicadominicana.com\/portal\/author\/johannyalmanzar\/\"}]}<\/script>\n<!-- \/ Yoast SEO plugin. -->","yoast_head_json":{"title":"Cartas sobre la mesa\u201d el nuevo sencillo de Santa Rosa - PotenciaRadiofonicaDominicana.com","robots":{"index":"index","follow":"follow","max-snippet":"max-snippet:-1","max-image-preview":"max-image-preview:large","max-video-preview":"max-video-preview:-1"},"canonical":"https:\/\/potenciaradiofonicadominicana.com\/portal\/cartas-sobre-la-mesa-el-nuevo-sencillo-de-santa-rosa\/","og_locale":"es_ES","og_type":"article","og_title":"Cartas sobre la mesa\u201d el nuevo sencillo de Santa Rosa - PotenciaRadiofonicaDominicana.com","og_description":"Inicia el a\u00f1o con buenas noticias para su fanaticada pues\u00a0Gilberto Santa Rosa lanz\u00f3 hoy su nuevo sencillo \u201cCartas sobre la ...","og_url":"https:\/\/potenciaradiofonicadominicana.com\/portal\/cartas-sobre-la-mesa-el-nuevo-sencillo-de-santa-rosa\/","og_site_name":"PotenciaRadiofonicaDominicana.com","article_publisher":"https:\/\/web.facebook.com\/PotenciaRadiofonicaD","article_published_time":"2022-01-22T14:54:20+00:00","og_image":[{"width":640,"height":480,"url":"https:\/\/potenciaradiofonicadominicana.com\/portal\/wp-content\/uploads\/2022\/01\/sddefault.jpg","type":"image\/jpeg"}],"author":"Potencia Radiof\u00f3nica Dominicana","twitter_card":"summary_large_image","twitter_misc":{"Escrito por":"Potencia Radiof\u00f3nica Dominicana","Tiempo de lectura":"2 minutos"},"schema":{"@context":"https:\/\/schema.org","@graph":[{"@type":"Article","@id":"https:\/\/potenciaradiofonicadominicana.com\/portal\/cartas-sobre-la-mesa-el-nuevo-sencillo-de-santa-rosa\/#article","isPartOf":{"@id":"https:\/\/potenciaradiofonicadominicana.com\/portal\/cartas-sobre-la-mesa-el-nuevo-sencillo-de-santa-rosa\/"},"author":{"name":"Potencia Radiof\u00f3nica Dominicana","@id":"https:\/\/potenciaradiofonicadominicana.com\/portal\/#\/schema\/person\/a5cf1fea13877803ee0573ac18b03490"},"headline":"Cartas sobre la mesa\u201d el nuevo sencillo de Santa Rosa","datePublished":"2022-01-22T14:54:20+00:00","mainEntityOfPage":{"@id":"https:\/\/potenciaradiofonicadominicana.com\/portal\/cartas-sobre-la-mesa-el-nuevo-sencillo-de-santa-rosa\/"},"wordCount":362,"commentCount":0,"publisher":{"@id":"https:\/\/potenciaradiofonicadominicana.com\/portal\/#organization"},"image":{"@id":"https:\/\/potenciaradiofonicadominicana.com\/portal\/cartas-sobre-la-mesa-el-nuevo-sencillo-de-santa-rosa\/#primaryimage"},"thumbnailUrl":"https:\/\/potenciaradiofonicadominicana.com\/portal\/wp-content\/uploads\/2022\/01\/sddefault.jpg","articleSection":["Arte y Espectaculo"],"inLanguage":"es","potentialAction":[{"@type":"CommentAction","name":"Comment","target":["https:\/\/potenciaradiofonicadominicana.com\/portal\/cartas-sobre-la-mesa-el-nuevo-sencillo-de-santa-rosa\/#respond"]}]},{"@type":"WebPage","@id":"https:\/\/potenciaradiofonicadominicana.com\/portal\/cartas-sobre-la-mesa-el-nuevo-sencillo-de-santa-rosa\/","url":"https:\/\/potenciaradiofonicadominicana.com\/portal\/cartas-sobre-la-mesa-el-nuevo-sencillo-de-santa-rosa\/","name":"Cartas sobre la mesa\u201d el nuevo sencillo de Santa Rosa - PotenciaRadiofonicaDominicana.com","isPartOf":{"@id":"https:\/\/potenciaradiofonicadominicana.com\/portal\/#website"},"primaryImageOfPage":{"@id":"https:\/\/potenciaradiofonicadominicana.com\/portal\/cartas-sobre-la-mesa-el-nuevo-sencillo-de-santa-rosa\/#primaryimage"},"image":{"@id":"https:\/\/potenciaradiofonicadominicana.com\/portal\/cartas-sobre-la-mesa-el-nuevo-sencillo-de-santa-rosa\/#primaryimage"},"thumbnailUrl":"https:\/\/potenciaradiofonicadominicana.com\/portal\/wp-content\/uploads\/2022\/01\/sddefault.jpg","datePublished":"2022-01-22T14:54:20+00:00","breadcrumb":{"@id":"https:\/\/potenciaradiofonicadominicana.com\/portal\/cartas-sobre-la-mesa-el-nuevo-sencillo-de-santa-rosa\/#breadcrumb"},"inLanguage":"es","potentialAction":[{"@type":"ReadAction","target":["https:\/\/potenciaradiofonicadominicana.com\/portal\/cartas-sobre-la-mesa-el-nuevo-sencillo-de-santa-rosa\/"]}]},{"@type":"ImageObject","inLanguage":"es","@id":"https:\/\/potenciaradiofonicadominicana.com\/portal\/cartas-sobre-la-mesa-el-nuevo-sencillo-de-santa-rosa\/#primaryimage","url":"https:\/\/potenciaradiofonicadominicana.com\/portal\/wp-content\/uploads\/2022\/01\/sddefault.jpg","contentUrl":"https:\/\/potenciaradiofonicadominicana.com\/portal\/wp-content\/uploads\/2022\/01\/sddefault.jpg","width":640,"height":480},{"@type":"BreadcrumbList","@id":"https:\/\/potenciaradiofonicadominicana.com\/portal\/cartas-sobre-la-mesa-el-nuevo-sencillo-de-santa-rosa\/#breadcrumb","itemListElement":[{"@type":"ListItem","position":1,"name":"Portada","item":"https:\/\/potenciaradiofonicadominicana.com\/portal\/"},{"@type":"ListItem","position":2,"name":"Cartas sobre la mesa\u201d el nuevo sencillo de Santa Rosa"}]},{"@type":"WebSite","@id":"https:\/\/potenciaradiofonicadominicana.com\/portal\/#website","url":"https:\/\/potenciaradiofonicadominicana.com\/portal\/","name":"PotenciaRadiofonicaDominicana.com","description":"Peri\u00f3dico Digital","publisher":{"@id":"https:\/\/potenciaradiofonicadominicana.com\/portal\/#organization"},"potentialAction":[{"@type":"SearchAction","target":{"@type":"EntryPoint","urlTemplate":"https:\/\/potenciaradiofonicadominicana.com\/portal\/?s={search_term_string}"},"query-input":{"@type":"PropertyValueSpecification","valueRequired":true,"valueName":"search_term_string"}}],"inLanguage":"es"},{"@type":"Organization","@id":"https:\/\/potenciaradiofonicadominicana.com\/portal\/#organization","name":"PotenciaRadiofonicaDominicana.com","url":"https:\/\/potenciaradiofonicadominicana.com\/portal\/","logo":{"@type":"ImageObject","inLanguage":"es","@id":"https:\/\/potenciaradiofonicadominicana.com\/portal\/#\/schema\/logo\/image\/","url":"https:\/\/potenciaradiofonicadominicana.com\/portal\/wp-content\/uploads\/2022\/01\/descarga.png","contentUrl":"https:\/\/potenciaradiofonicadominicana.com\/portal\/wp-content\/uploads\/2022\/01\/descarga.png","width":300,"height":100,"caption":"PotenciaRadiofonicaDominicana.com"},"image":{"@id":"https:\/\/potenciaradiofonicadominicana.com\/portal\/#\/schema\/logo\/image\/"},"sameAs":["https:\/\/web.facebook.com\/PotenciaRadiofonicaD"]},{"@type":"Person","@id":"https:\/\/potenciaradiofonicadominicana.com\/portal\/#\/schema\/person\/a5cf1fea13877803ee0573ac18b03490","name":"Potencia Radiof\u00f3nica Dominicana","image":{"@type":"ImageObject","inLanguage":"es","@id":"https:\/\/potenciaradiofonicadominicana.com\/portal\/#\/schema\/person\/image\/","url":"https:\/\/secure.gravatar.com\/avatar\/42a55ab9e8ccc656ba34cd791990602a?s=96&d=mm&r=g","contentUrl":"https:\/\/secure.gravatar.com\/avatar\/42a55ab9e8ccc656ba34cd791990602a?s=96&d=mm&r=g","caption":"Potencia Radiof\u00f3nica Dominicana"},"url":"https:\/\/potenciaradiofonicadominicana.com\/portal\/author\/johannyalmanzar\/"}]}},"_links":{"self":[{"href":"https:\/\/potenciaradiofonicadominicana.com\/portal\/wp-json\/wp\/v2\/posts\/113616","targetHints":{"allow":["GET"]}}],"collection":[{"href":"https:\/\/potenciaradiofonicadominicana.com\/portal\/wp-json\/wp\/v2\/posts"}],"about":[{"href":"https:\/\/potenciaradiofonicadominicana.com\/portal\/wp-json\/wp\/v2\/types\/post"}],"author":[{"embeddable":true,"href":"https:\/\/potenciaradiofonicadominicana.com\/portal\/wp-json\/wp\/v2\/users\/2"}],"replies":[{"embeddable":true,"href":"https:\/\/potenciaradiofonicadominicana.com\/portal\/wp-json\/wp\/v2\/comments?post=113616"}],"version-history":[{"count":1,"href":"https:\/\/potenciaradiofonicadominicana.com\/portal\/wp-json\/wp\/v2\/posts\/113616\/revisions"}],"predecessor-version":[{"id":113618,"href":"https:\/\/potenciaradiofonicadominicana.com\/portal\/wp-json\/wp\/v2\/posts\/113616\/revisions\/113618"}],"wp:featuredmedia":[{"embeddable":true,"href":"https:\/\/potenciaradiofonicadominicana.com\/portal\/wp-json\/wp\/v2\/media\/113617"}],"wp:attachment":[{"href":"https:\/\/potenciaradiofonicadominicana.com\/portal\/wp-json\/wp\/v2\/media?parent=113616"}],"wp:term":[{"taxonomy":"category","embeddable":true,"href":"https:\/\/potenciaradiofonicadominicana.com\/portal\/wp-json\/wp\/v2\/categories?post=113616"},{"taxonomy":"post_tag","embeddable":true,"href":"https:\/\/potenciaradiofonicadominicana.com\/portal\/wp-json\/wp\/v2\/tags?post=113616"}],"curies":[{"name":"wp","href":"https:\/\/api.w.org\/{rel}","templated":true}]}}