{"id":113544,"date":"2022-01-22T10:09:07","date_gmt":"2022-01-22T14:09:07","guid":{"rendered":"https:\/\/potenciaradiofonicadominicana.com\/portal\/?p=113544"},"modified":"2022-01-22T10:09:07","modified_gmt":"2022-01-22T14:09:07","slug":"cadenas-hoteleras-comenzaran-a-construir-en-pedernales-este-ano","status":"publish","type":"post","link":"https:\/\/potenciaradiofonicadominicana.com\/portal\/cadenas-hoteleras-comenzaran-a-construir-en-pedernales-este-ano\/","title":{"rendered":"Cadenas hoteleras comenzar\u00e1n a construir en Pedernales este a\u00f1o"},"content":{"rendered":"<p><a href=\"https:\/\/potenciaradiofonicadominicana.com\/portal\/wp-content\/uploads\/2022\/01\/1537385431_090791_1537386739_noticia_normal_recorte1-1.jpg\"><img loading=\"lazy\" decoding=\"async\" class=\"alignnone size-full wp-image-113547\" src=\"https:\/\/potenciaradiofonicadominicana.com\/portal\/wp-content\/uploads\/2022\/01\/1537385431_090791_1537386739_noticia_normal_recorte1-1.jpg\" alt=\"\" width=\"1430\" height=\"785\" srcset=\"https:\/\/potenciaradiofonicadominicana.com\/portal\/wp-content\/uploads\/2022\/01\/1537385431_090791_1537386739_noticia_normal_recorte1-1.jpg 1430w, https:\/\/potenciaradiofonicadominicana.com\/portal\/wp-content\/uploads\/2022\/01\/1537385431_090791_1537386739_noticia_normal_recorte1-1-300x165.jpg 300w, https:\/\/potenciaradiofonicadominicana.com\/portal\/wp-content\/uploads\/2022\/01\/1537385431_090791_1537386739_noticia_normal_recorte1-1-768x422.jpg 768w, https:\/\/potenciaradiofonicadominicana.com\/portal\/wp-content\/uploads\/2022\/01\/1537385431_090791_1537386739_noticia_normal_recorte1-1-1024x562.jpg 1024w\" sizes=\"auto, (max-width: 1430px) 100vw, 1430px\" \/><\/a><\/p>\n<p>El presidente Luis Abinader dijo que en Pedernales habr\u00e1 un turismo especial, y que el proyecto est\u00e1 casi armado desde el punto de vista de financiamientos.<\/p>\n<p>En la primera fase entrar\u00e1n seis cadenas hoteleras como son las cadenas hoteleras Hilton, Marriott, Sunwing, AmResorts, Iberostar Group y Karisma Hotels &amp; Resort, las cuales ya han firmado carta de compromiso para empezar la construcci\u00f3n de sus hoteles a partir de mediados de este a\u00f1o.<\/p>\n<p>El mandatario afirm\u00f3 en un desayuno, realizado previamente con Turismo para pasar balance a los resultados de la FITUR 2022, que el de Pedernales es un proyecto ecol\u00f3gico, donde gran parte de la energ\u00eda producida ser\u00e1 renovable y se desarrollar\u00e1 de manera conjunta con un proyecto del Ministerio de Agricultura y el FEDA de forma que en la zona se puedan producir alimentos org\u00e1nicos que sirvan para el consumo en los hoteles.<\/p>\n<p>Revel\u00f3 que el Proyecto de Desarrollo Tur\u00edstico de Pedernales va a ser el motor de desarrollo de esa provincia.<\/p>\n<p>En el proyecto de Pedernales se invertir\u00e1n US$2,245 millones y en una primera fase iniciar\u00e1n operaciones los seis hoteles de las cadenas hoteleras Hilton, Marriott, Sunwing, AmResorts, Iberostar Group y Karisma Hotels &amp; Resort.<\/p>\n<p>El nuevo polo tur\u00edstico ser\u00e1 desarrollado en cuatro etapas en un tiempo de 10 a\u00f1os en promedio y con ello se crear\u00e1n 20,000 empleos directos y m\u00e1s de 50,000 indirectos. La primera fase abarcar\u00e1 las construcciones de hoteles. Abinader revel\u00f3 que el Proyecto de Desarrollo Tur\u00edstico de Pedernales, una de las apuestas m\u00e1s importantes de esta gesti\u00f3n de Gobierno.<\/p>\n<p>En la primera fase se estima una inversi\u00f3n de US$1,300 millones para la construcci\u00f3n de 4,700 habitaciones, que se convertir\u00e1n en 12,000 habitaciones al final del proyecto.<\/p>\n<p>El presidente Abinader habl\u00f3 tambi\u00e9n durante la presentaci\u00f3n del Plan Maestro de Desarrollo Tur\u00edstico de Pedernales, en el Casino de Madrid. Dijo el proyecto iniciar\u00e1 en Cabo Rojo. Ser\u00e1n usados 38 millones de metros cuadrados donde se construir\u00e1n 4,700 habitaciones hoteleras, un aeropuerto, infraestructuras en general, parque de agua, campos de golf, entre otros que suman la inversi\u00f3n estimada en US$2,245 millones.<\/p>\n<p>De \u00e9stos, se incluye el aporte del Estado en terrenos, estimados en US$719,1 millones, equivalentes al 32% de la inversi\u00f3n total; US$160 millones en efectivo en infraestructura, para un 7.6% m\u00e1s, US$446.2 millones en aporte de capital de inversionistas (19.9%; dos financiamientos que componen el 33.6% de la inversi\u00f3n global, de los cuales US$200 millones provendr\u00e1n de la banca local y US$575 millones de bancos internacionales.<\/p>\n<p>Se contempla tambi\u00e9n un flujo de efectivo del propio proyecto de US$135 millones. La tasa de retorno de los inversionistas privados se estima en un 18%<\/p>\n<p>Sostuvo que este proyecto transformar\u00e1 de forma absolutamente radical la vida de miles de personas de la Provincia de Pedernales y de toda la regi\u00f3n Sur del pa\u00eds.<\/p>\n<p>\u201cQueremos dar a conocer al mundo las maravillas que ofrecen parajes tan emblem\u00e1ticos como el Hoyo de Pelempito, la Laguna de Oviedo, la Isla Beata y la exhuberante Bah\u00eda de las \u00c1guilas, entre otros\u201d, todo bajo un esquema de protecci\u00f3n del medioambiente, indic\u00f3 Abinader.<\/p>\n<p>Adem\u00e1s, el proyecto incluir\u00e1 una senda panor\u00e1mica con miradores, la recuperaci\u00f3n de la antigua pista del aer\u00f3dromo de Cabo Rojo, convertida en una rambla que conectar\u00e1 un paseo bot\u00e1nico con el actual muelle, en el que se integrar\u00e1 una marina y un club n\u00e1utico, as\u00ed como un \u00e1rea comercial.<\/p>\n<p>Explic\u00f3 que entre los atractivos para los inversionistas est\u00e1n los que promueve la Ley 12-21, sobre zona especial de desarrollo integral fronterizo, que contempla como exenciones el 100% de la renta neta imponible, derechos e impuestos de importaci\u00f3n, 50% pago por libertad de tr\u00e1nsito y uso de puertos y aeropuertos y la comisi\u00f3n cambiaria de bienes de capital, maquinaria y equipos.<\/p>\n<p>As\u00ed como la Ley 158-01, agreg\u00f3, sobre el Fomento del Desarrollo del Turismo, la cual permite una exenci\u00f3n de 100% en el impuesto sobre la renta, en los permisos de construcci\u00f3n, en las compras de tierras y primeras facilidades.<\/p>\n<p>En tanto, el director ejecutivo de la Direcci\u00f3n General de Alianzas P\u00fablico Privadas (DGAPP), Sigmund Freund, destac\u00f3 que adem\u00e1s de tener totalmente listo el M\u00e1ster Plan del Proyecto, han alcanzado notables avances en las obras de infraestructuras b\u00e1sicas que se requieren para iniciar la construcci\u00f3n de los hoteles y del aeropuerto internacional que se edificar\u00e1 en la zona.<\/p>\n<p>Cooperaci\u00f3n de sectores<\/p>\n<p>El Presidente Abinader dijo que durante su gesti\u00f3n de Gobierno, ha reiterado que cooperaci\u00f3n entre el Estado y los sectores productivos y econ\u00f3micos del pa\u00eds en el \u00e1mbito privado resulta de vital importancia para el crecimiento y desarrollo de Rep\u00fablica Dominicana.<\/p>\n<p>\u201cLa alianza p\u00fablico-privada que hemos promovido desde el inicio de mi mandato est\u00e1 siendo capaz de asumir muchos de los planes y proyectos del Estado dominicano que llevaban a\u00f1os estancados por falta de voluntad pol\u00edtica para su ejecuci\u00f3n por parte de las anteriores administraciones\u201d.<\/p>\n<p>Proyecto<\/p>\n<p>En el M\u00e1ster Plan se incorpora la construcci\u00f3n de viviendas econ\u00f3micas para las familias y los trabajadores de la zona, lo que generar\u00e1 un impacto socio-econ\u00f3mico sin precedentes en toda la regi\u00f3n Sur y la zona fronteriza.<\/p>\n<p>Compromiso<\/p>\n<p>El presidente anunci\u00f3 que el Gobierno se compromete a crear todas las infraestructuras necesarias para el desarrollo exitoso de la zona.<\/p>\n<p>En la primera fase<\/p>\n<p>Se construir\u00e1 un aeropuerto internacional en Pedernales, un centro comercial y se concluir\u00e1n todas las obras de infraestructuras b\u00e1sicas necesarias, como la construcci\u00f3n de un acueducto, una planta de tratamiento de aguas y un sistema de transmisi\u00f3n el\u00e9ctrica.<\/p>\n<p>Obras<\/p>\n<p>Adem\u00e1s de \u00e1reas comerciales, villas y un campo de golf y est\u00e1n trabajando ya en la identificaci\u00f3n y deslinde de los terrenos para la construcci\u00f3n del aeropuerto de Pedernales, con la realizaci\u00f3n de los estudios de vientos preceptivos para definir la ubicaci\u00f3n de las pistas de aterrizaje<\/p>\n","protected":false},"excerpt":{"rendered":"<p>El presidente Luis Abinader dijo que en Pedernales habr\u00e1 un turismo especial, y que el proyecto est\u00e1 casi armado desde &#8230;<\/p>\n","protected":false},"author":2,"featured_media":113547,"comment_status":"open","ping_status":"open","sticky":false,"template":"","format":"standard","meta":{"footnotes":""},"categories":[26],"tags":[],"class_list":["post-113544","post","type-post","status-publish","format-standard","has-post-thumbnail","hentry","category-economia"],"yoast_head":"<!-- This site is optimized with the Yoast SEO plugin v24.8.1 - https:\/\/yoast.com\/wordpress\/plugins\/seo\/ -->\n<title>Cadenas hoteleras comenzar\u00e1n a construir en Pedernales este a\u00f1o - PotenciaRadiofonicaDominicana.com<\/title>\n<meta name=\"robots\" content=\"index, follow, max-snippet:-1, max-image-preview:large, max-video-preview:-1\" \/>\n<link rel=\"canonical\" href=\"https:\/\/potenciaradiofonicadominicana.com\/portal\/cadenas-hoteleras-comenzaran-a-construir-en-pedernales-este-ano\/\" \/>\n<meta property=\"og:locale\" content=\"es_ES\" \/>\n<meta property=\"og:type\" content=\"article\" \/>\n<meta property=\"og:title\" content=\"Cadenas hoteleras comenzar\u00e1n a construir en Pedernales este a\u00f1o - PotenciaRadiofonicaDominicana.com\" \/>\n<meta property=\"og:description\" content=\"El presidente Luis Abinader dijo que en Pedernales habr\u00e1 un turismo especial, y que el proyecto est\u00e1 casi armado desde ...\" \/>\n<meta property=\"og:url\" content=\"https:\/\/potenciaradiofonicadominicana.com\/portal\/cadenas-hoteleras-comenzaran-a-construir-en-pedernales-este-ano\/\" \/>\n<meta property=\"og:site_name\" content=\"PotenciaRadiofonicaDominicana.com\" \/>\n<meta property=\"article:publisher\" content=\"https:\/\/web.facebook.com\/PotenciaRadiofonicaD\" \/>\n<meta property=\"article:published_time\" content=\"2022-01-22T14:09:07+00:00\" \/>\n<meta property=\"og:image\" content=\"https:\/\/potenciaradiofonicadominicana.com\/portal\/wp-content\/uploads\/2022\/01\/1537385431_090791_1537386739_noticia_normal_recorte1-1.jpg\" \/>\n\t<meta property=\"og:image:width\" content=\"1430\" \/>\n\t<meta property=\"og:image:height\" content=\"785\" \/>\n\t<meta property=\"og:image:type\" content=\"image\/jpeg\" \/>\n<meta name=\"author\" content=\"Potencia Radiof\u00f3nica Dominicana\" \/>\n<meta name=\"twitter:card\" content=\"summary_large_image\" \/>\n<meta name=\"twitter:label1\" content=\"Escrito por\" \/>\n\t<meta name=\"twitter:data1\" content=\"Potencia Radiof\u00f3nica Dominicana\" \/>\n\t<meta name=\"twitter:label2\" content=\"Tiempo de lectura\" \/>\n\t<meta name=\"twitter:data2\" content=\"5 minutos\" \/>\n<script type=\"application\/ld+json\" class=\"yoast-schema-graph\">{\"@context\":\"https:\/\/schema.org\",\"@graph\":[{\"@type\":\"Article\",\"@id\":\"https:\/\/potenciaradiofonicadominicana.com\/portal\/cadenas-hoteleras-comenzaran-a-construir-en-pedernales-este-ano\/#article\",\"isPartOf\":{\"@id\":\"https:\/\/potenciaradiofonicadominicana.com\/portal\/cadenas-hoteleras-comenzaran-a-construir-en-pedernales-este-ano\/\"},\"author\":{\"name\":\"Potencia Radiof\u00f3nica Dominicana\",\"@id\":\"https:\/\/potenciaradiofonicadominicana.com\/portal\/#\/schema\/person\/a5cf1fea13877803ee0573ac18b03490\"},\"headline\":\"Cadenas hoteleras comenzar\u00e1n a construir en Pedernales este a\u00f1o\",\"datePublished\":\"2022-01-22T14:09:07+00:00\",\"mainEntityOfPage\":{\"@id\":\"https:\/\/potenciaradiofonicadominicana.com\/portal\/cadenas-hoteleras-comenzaran-a-construir-en-pedernales-este-ano\/\"},\"wordCount\":1028,\"commentCount\":0,\"publisher\":{\"@id\":\"https:\/\/potenciaradiofonicadominicana.com\/portal\/#organization\"},\"image\":{\"@id\":\"https:\/\/potenciaradiofonicadominicana.com\/portal\/cadenas-hoteleras-comenzaran-a-construir-en-pedernales-este-ano\/#primaryimage\"},\"thumbnailUrl\":\"https:\/\/potenciaradiofonicadominicana.com\/portal\/wp-content\/uploads\/2022\/01\/1537385431_090791_1537386739_noticia_normal_recorte1-1.jpg\",\"articleSection\":[\"Econom\u00eda\"],\"inLanguage\":\"es\",\"potentialAction\":[{\"@type\":\"CommentAction\",\"name\":\"Comment\",\"target\":[\"https:\/\/potenciaradiofonicadominicana.com\/portal\/cadenas-hoteleras-comenzaran-a-construir-en-pedernales-este-ano\/#respond\"]}]},{\"@type\":\"WebPage\",\"@id\":\"https:\/\/potenciaradiofonicadominicana.com\/portal\/cadenas-hoteleras-comenzaran-a-construir-en-pedernales-este-ano\/\",\"url\":\"https:\/\/potenciaradiofonicadominicana.com\/portal\/cadenas-hoteleras-comenzaran-a-construir-en-pedernales-este-ano\/\",\"name\":\"Cadenas hoteleras comenzar\u00e1n a construir en Pedernales este a\u00f1o - PotenciaRadiofonicaDominicana.com\",\"isPartOf\":{\"@id\":\"https:\/\/potenciaradiofonicadominicana.com\/portal\/#website\"},\"primaryImageOfPage\":{\"@id\":\"https:\/\/potenciaradiofonicadominicana.com\/portal\/cadenas-hoteleras-comenzaran-a-construir-en-pedernales-este-ano\/#primaryimage\"},\"image\":{\"@id\":\"https:\/\/potenciaradiofonicadominicana.com\/portal\/cadenas-hoteleras-comenzaran-a-construir-en-pedernales-este-ano\/#primaryimage\"},\"thumbnailUrl\":\"https:\/\/potenciaradiofonicadominicana.com\/portal\/wp-content\/uploads\/2022\/01\/1537385431_090791_1537386739_noticia_normal_recorte1-1.jpg\",\"datePublished\":\"2022-01-22T14:09:07+00:00\",\"breadcrumb\":{\"@id\":\"https:\/\/potenciaradiofonicadominicana.com\/portal\/cadenas-hoteleras-comenzaran-a-construir-en-pedernales-este-ano\/#breadcrumb\"},\"inLanguage\":\"es\",\"potentialAction\":[{\"@type\":\"ReadAction\",\"target\":[\"https:\/\/potenciaradiofonicadominicana.com\/portal\/cadenas-hoteleras-comenzaran-a-construir-en-pedernales-este-ano\/\"]}]},{\"@type\":\"ImageObject\",\"inLanguage\":\"es\",\"@id\":\"https:\/\/potenciaradiofonicadominicana.com\/portal\/cadenas-hoteleras-comenzaran-a-construir-en-pedernales-este-ano\/#primaryimage\",\"url\":\"https:\/\/potenciaradiofonicadominicana.com\/portal\/wp-content\/uploads\/2022\/01\/1537385431_090791_1537386739_noticia_normal_recorte1-1.jpg\",\"contentUrl\":\"https:\/\/potenciaradiofonicadominicana.com\/portal\/wp-content\/uploads\/2022\/01\/1537385431_090791_1537386739_noticia_normal_recorte1-1.jpg\",\"width\":1430,\"height\":785},{\"@type\":\"BreadcrumbList\",\"@id\":\"https:\/\/potenciaradiofonicadominicana.com\/portal\/cadenas-hoteleras-comenzaran-a-construir-en-pedernales-este-ano\/#breadcrumb\",\"itemListElement\":[{\"@type\":\"ListItem\",\"position\":1,\"name\":\"Portada\",\"item\":\"https:\/\/potenciaradiofonicadominicana.com\/portal\/\"},{\"@type\":\"ListItem\",\"position\":2,\"name\":\"Cadenas hoteleras comenzar\u00e1n a construir en Pedernales este a\u00f1o\"}]},{\"@type\":\"WebSite\",\"@id\":\"https:\/\/potenciaradiofonicadominicana.com\/portal\/#website\",\"url\":\"https:\/\/potenciaradiofonicadominicana.com\/portal\/\",\"name\":\"PotenciaRadiofonicaDominicana.com\",\"description\":\"Peri\u00f3dico Digital\",\"publisher\":{\"@id\":\"https:\/\/potenciaradiofonicadominicana.com\/portal\/#organization\"},\"potentialAction\":[{\"@type\":\"SearchAction\",\"target\":{\"@type\":\"EntryPoint\",\"urlTemplate\":\"https:\/\/potenciaradiofonicadominicana.com\/portal\/?s={search_term_string}\"},\"query-input\":{\"@type\":\"PropertyValueSpecification\",\"valueRequired\":true,\"valueName\":\"search_term_string\"}}],\"inLanguage\":\"es\"},{\"@type\":\"Organization\",\"@id\":\"https:\/\/potenciaradiofonicadominicana.com\/portal\/#organization\",\"name\":\"PotenciaRadiofonicaDominicana.com\",\"url\":\"https:\/\/potenciaradiofonicadominicana.com\/portal\/\",\"logo\":{\"@type\":\"ImageObject\",\"inLanguage\":\"es\",\"@id\":\"https:\/\/potenciaradiofonicadominicana.com\/portal\/#\/schema\/logo\/image\/\",\"url\":\"https:\/\/potenciaradiofonicadominicana.com\/portal\/wp-content\/uploads\/2022\/01\/descarga.png\",\"contentUrl\":\"https:\/\/potenciaradiofonicadominicana.com\/portal\/wp-content\/uploads\/2022\/01\/descarga.png\",\"width\":300,\"height\":100,\"caption\":\"PotenciaRadiofonicaDominicana.com\"},\"image\":{\"@id\":\"https:\/\/potenciaradiofonicadominicana.com\/portal\/#\/schema\/logo\/image\/\"},\"sameAs\":[\"https:\/\/web.facebook.com\/PotenciaRadiofonicaD\"]},{\"@type\":\"Person\",\"@id\":\"https:\/\/potenciaradiofonicadominicana.com\/portal\/#\/schema\/person\/a5cf1fea13877803ee0573ac18b03490\",\"name\":\"Potencia Radiof\u00f3nica Dominicana\",\"image\":{\"@type\":\"ImageObject\",\"inLanguage\":\"es\",\"@id\":\"https:\/\/potenciaradiofonicadominicana.com\/portal\/#\/schema\/person\/image\/\",\"url\":\"https:\/\/secure.gravatar.com\/avatar\/42a55ab9e8ccc656ba34cd791990602a?s=96&d=mm&r=g\",\"contentUrl\":\"https:\/\/secure.gravatar.com\/avatar\/42a55ab9e8ccc656ba34cd791990602a?s=96&d=mm&r=g\",\"caption\":\"Potencia Radiof\u00f3nica Dominicana\"},\"url\":\"https:\/\/potenciaradiofonicadominicana.com\/portal\/author\/johannyalmanzar\/\"}]}<\/script>\n<!-- \/ Yoast SEO plugin. -->","yoast_head_json":{"title":"Cadenas hoteleras comenzar\u00e1n a construir en Pedernales este a\u00f1o - PotenciaRadiofonicaDominicana.com","robots":{"index":"index","follow":"follow","max-snippet":"max-snippet:-1","max-image-preview":"max-image-preview:large","max-video-preview":"max-video-preview:-1"},"canonical":"https:\/\/potenciaradiofonicadominicana.com\/portal\/cadenas-hoteleras-comenzaran-a-construir-en-pedernales-este-ano\/","og_locale":"es_ES","og_type":"article","og_title":"Cadenas hoteleras comenzar\u00e1n a construir en Pedernales este a\u00f1o - PotenciaRadiofonicaDominicana.com","og_description":"El presidente Luis Abinader dijo que en Pedernales habr\u00e1 un turismo especial, y que el proyecto est\u00e1 casi armado desde ...","og_url":"https:\/\/potenciaradiofonicadominicana.com\/portal\/cadenas-hoteleras-comenzaran-a-construir-en-pedernales-este-ano\/","og_site_name":"PotenciaRadiofonicaDominicana.com","article_publisher":"https:\/\/web.facebook.com\/PotenciaRadiofonicaD","article_published_time":"2022-01-22T14:09:07+00:00","og_image":[{"width":1430,"height":785,"url":"https:\/\/potenciaradiofonicadominicana.com\/portal\/wp-content\/uploads\/2022\/01\/1537385431_090791_1537386739_noticia_normal_recorte1-1.jpg","type":"image\/jpeg"}],"author":"Potencia Radiof\u00f3nica Dominicana","twitter_card":"summary_large_image","twitter_misc":{"Escrito por":"Potencia Radiof\u00f3nica Dominicana","Tiempo de lectura":"5 minutos"},"schema":{"@context":"https:\/\/schema.org","@graph":[{"@type":"Article","@id":"https:\/\/potenciaradiofonicadominicana.com\/portal\/cadenas-hoteleras-comenzaran-a-construir-en-pedernales-este-ano\/#article","isPartOf":{"@id":"https:\/\/potenciaradiofonicadominicana.com\/portal\/cadenas-hoteleras-comenzaran-a-construir-en-pedernales-este-ano\/"},"author":{"name":"Potencia Radiof\u00f3nica Dominicana","@id":"https:\/\/potenciaradiofonicadominicana.com\/portal\/#\/schema\/person\/a5cf1fea13877803ee0573ac18b03490"},"headline":"Cadenas hoteleras comenzar\u00e1n a construir en Pedernales este a\u00f1o","datePublished":"2022-01-22T14:09:07+00:00","mainEntityOfPage":{"@id":"https:\/\/potenciaradiofonicadominicana.com\/portal\/cadenas-hoteleras-comenzaran-a-construir-en-pedernales-este-ano\/"},"wordCount":1028,"commentCount":0,"publisher":{"@id":"https:\/\/potenciaradiofonicadominicana.com\/portal\/#organization"},"image":{"@id":"https:\/\/potenciaradiofonicadominicana.com\/portal\/cadenas-hoteleras-comenzaran-a-construir-en-pedernales-este-ano\/#primaryimage"},"thumbnailUrl":"https:\/\/potenciaradiofonicadominicana.com\/portal\/wp-content\/uploads\/2022\/01\/1537385431_090791_1537386739_noticia_normal_recorte1-1.jpg","articleSection":["Econom\u00eda"],"inLanguage":"es","potentialAction":[{"@type":"CommentAction","name":"Comment","target":["https:\/\/potenciaradiofonicadominicana.com\/portal\/cadenas-hoteleras-comenzaran-a-construir-en-pedernales-este-ano\/#respond"]}]},{"@type":"WebPage","@id":"https:\/\/potenciaradiofonicadominicana.com\/portal\/cadenas-hoteleras-comenzaran-a-construir-en-pedernales-este-ano\/","url":"https:\/\/potenciaradiofonicadominicana.com\/portal\/cadenas-hoteleras-comenzaran-a-construir-en-pedernales-este-ano\/","name":"Cadenas hoteleras comenzar\u00e1n a construir en Pedernales este a\u00f1o - PotenciaRadiofonicaDominicana.com","isPartOf":{"@id":"https:\/\/potenciaradiofonicadominicana.com\/portal\/#website"},"primaryImageOfPage":{"@id":"https:\/\/potenciaradiofonicadominicana.com\/portal\/cadenas-hoteleras-comenzaran-a-construir-en-pedernales-este-ano\/#primaryimage"},"image":{"@id":"https:\/\/potenciaradiofonicadominicana.com\/portal\/cadenas-hoteleras-comenzaran-a-construir-en-pedernales-este-ano\/#primaryimage"},"thumbnailUrl":"https:\/\/potenciaradiofonicadominicana.com\/portal\/wp-content\/uploads\/2022\/01\/1537385431_090791_1537386739_noticia_normal_recorte1-1.jpg","datePublished":"2022-01-22T14:09:07+00:00","breadcrumb":{"@id":"https:\/\/potenciaradiofonicadominicana.com\/portal\/cadenas-hoteleras-comenzaran-a-construir-en-pedernales-este-ano\/#breadcrumb"},"inLanguage":"es","potentialAction":[{"@type":"ReadAction","target":["https:\/\/potenciaradiofonicadominicana.com\/portal\/cadenas-hoteleras-comenzaran-a-construir-en-pedernales-este-ano\/"]}]},{"@type":"ImageObject","inLanguage":"es","@id":"https:\/\/potenciaradiofonicadominicana.com\/portal\/cadenas-hoteleras-comenzaran-a-construir-en-pedernales-este-ano\/#primaryimage","url":"https:\/\/potenciaradiofonicadominicana.com\/portal\/wp-content\/uploads\/2022\/01\/1537385431_090791_1537386739_noticia_normal_recorte1-1.jpg","contentUrl":"https:\/\/potenciaradiofonicadominicana.com\/portal\/wp-content\/uploads\/2022\/01\/1537385431_090791_1537386739_noticia_normal_recorte1-1.jpg","width":1430,"height":785},{"@type":"BreadcrumbList","@id":"https:\/\/potenciaradiofonicadominicana.com\/portal\/cadenas-hoteleras-comenzaran-a-construir-en-pedernales-este-ano\/#breadcrumb","itemListElement":[{"@type":"ListItem","position":1,"name":"Portada","item":"https:\/\/potenciaradiofonicadominicana.com\/portal\/"},{"@type":"ListItem","position":2,"name":"Cadenas hoteleras comenzar\u00e1n a construir en Pedernales este a\u00f1o"}]},{"@type":"WebSite","@id":"https:\/\/potenciaradiofonicadominicana.com\/portal\/#website","url":"https:\/\/potenciaradiofonicadominicana.com\/portal\/","name":"PotenciaRadiofonicaDominicana.com","description":"Peri\u00f3dico Digital","publisher":{"@id":"https:\/\/potenciaradiofonicadominicana.com\/portal\/#organization"},"potentialAction":[{"@type":"SearchAction","target":{"@type":"EntryPoint","urlTemplate":"https:\/\/potenciaradiofonicadominicana.com\/portal\/?s={search_term_string}"},"query-input":{"@type":"PropertyValueSpecification","valueRequired":true,"valueName":"search_term_string"}}],"inLanguage":"es"},{"@type":"Organization","@id":"https:\/\/potenciaradiofonicadominicana.com\/portal\/#organization","name":"PotenciaRadiofonicaDominicana.com","url":"https:\/\/potenciaradiofonicadominicana.com\/portal\/","logo":{"@type":"ImageObject","inLanguage":"es","@id":"https:\/\/potenciaradiofonicadominicana.com\/portal\/#\/schema\/logo\/image\/","url":"https:\/\/potenciaradiofonicadominicana.com\/portal\/wp-content\/uploads\/2022\/01\/descarga.png","contentUrl":"https:\/\/potenciaradiofonicadominicana.com\/portal\/wp-content\/uploads\/2022\/01\/descarga.png","width":300,"height":100,"caption":"PotenciaRadiofonicaDominicana.com"},"image":{"@id":"https:\/\/potenciaradiofonicadominicana.com\/portal\/#\/schema\/logo\/image\/"},"sameAs":["https:\/\/web.facebook.com\/PotenciaRadiofonicaD"]},{"@type":"Person","@id":"https:\/\/potenciaradiofonicadominicana.com\/portal\/#\/schema\/person\/a5cf1fea13877803ee0573ac18b03490","name":"Potencia Radiof\u00f3nica Dominicana","image":{"@type":"ImageObject","inLanguage":"es","@id":"https:\/\/potenciaradiofonicadominicana.com\/portal\/#\/schema\/person\/image\/","url":"https:\/\/secure.gravatar.com\/avatar\/42a55ab9e8ccc656ba34cd791990602a?s=96&d=mm&r=g","contentUrl":"https:\/\/secure.gravatar.com\/avatar\/42a55ab9e8ccc656ba34cd791990602a?s=96&d=mm&r=g","caption":"Potencia Radiof\u00f3nica Dominicana"},"url":"https:\/\/potenciaradiofonicadominicana.com\/portal\/author\/johannyalmanzar\/"}]}},"_links":{"self":[{"href":"https:\/\/potenciaradiofonicadominicana.com\/portal\/wp-json\/wp\/v2\/posts\/113544","targetHints":{"allow":["GET"]}}],"collection":[{"href":"https:\/\/potenciaradiofonicadominicana.com\/portal\/wp-json\/wp\/v2\/posts"}],"about":[{"href":"https:\/\/potenciaradiofonicadominicana.com\/portal\/wp-json\/wp\/v2\/types\/post"}],"author":[{"embeddable":true,"href":"https:\/\/potenciaradiofonicadominicana.com\/portal\/wp-json\/wp\/v2\/users\/2"}],"replies":[{"embeddable":true,"href":"https:\/\/potenciaradiofonicadominicana.com\/portal\/wp-json\/wp\/v2\/comments?post=113544"}],"version-history":[{"count":1,"href":"https:\/\/potenciaradiofonicadominicana.com\/portal\/wp-json\/wp\/v2\/posts\/113544\/revisions"}],"predecessor-version":[{"id":113549,"href":"https:\/\/potenciaradiofonicadominicana.com\/portal\/wp-json\/wp\/v2\/posts\/113544\/revisions\/113549"}],"wp:featuredmedia":[{"embeddable":true,"href":"https:\/\/potenciaradiofonicadominicana.com\/portal\/wp-json\/wp\/v2\/media\/113547"}],"wp:attachment":[{"href":"https:\/\/potenciaradiofonicadominicana.com\/portal\/wp-json\/wp\/v2\/media?parent=113544"}],"wp:term":[{"taxonomy":"category","embeddable":true,"href":"https:\/\/potenciaradiofonicadominicana.com\/portal\/wp-json\/wp\/v2\/categories?post=113544"},{"taxonomy":"post_tag","embeddable":true,"href":"https:\/\/potenciaradiofonicadominicana.com\/portal\/wp-json\/wp\/v2\/tags?post=113544"}],"curies":[{"name":"wp","href":"https:\/\/api.w.org\/{rel}","templated":true}]}}