{"id":113537,"date":"2022-01-22T10:05:57","date_gmt":"2022-01-22T14:05:57","guid":{"rendered":"https:\/\/potenciaradiofonicadominicana.com\/portal\/?p=113537"},"modified":"2022-01-22T10:05:57","modified_gmt":"2022-01-22T14:05:57","slug":"empresa-colombiana-reduce-jornada-de-trabajo-a-4-dias-a-la-semana","status":"publish","type":"post","link":"https:\/\/potenciaradiofonicadominicana.com\/portal\/empresa-colombiana-reduce-jornada-de-trabajo-a-4-dias-a-la-semana\/","title":{"rendered":"Empresa colombiana reduce jornada de trabajo a 4 d\u00edas a la semana"},"content":{"rendered":"<p><a href=\"https:\/\/potenciaradiofonicadominicana.com\/portal\/wp-content\/uploads\/2022\/01\/empresa-colombiana-reduce-jornada-de-trabajo-a-4-dias-a-la-semana.jpeg\"><img loading=\"lazy\" decoding=\"async\" class=\"alignnone size-full wp-image-113540\" src=\"https:\/\/potenciaradiofonicadominicana.com\/portal\/wp-content\/uploads\/2022\/01\/empresa-colombiana-reduce-jornada-de-trabajo-a-4-dias-a-la-semana.jpeg\" alt=\"\" width=\"680\" height=\"453\" srcset=\"https:\/\/potenciaradiofonicadominicana.com\/portal\/wp-content\/uploads\/2022\/01\/empresa-colombiana-reduce-jornada-de-trabajo-a-4-dias-a-la-semana.jpeg 680w, https:\/\/potenciaradiofonicadominicana.com\/portal\/wp-content\/uploads\/2022\/01\/empresa-colombiana-reduce-jornada-de-trabajo-a-4-dias-a-la-semana-300x200.jpeg 300w\" sizes=\"auto, (max-width: 680px) 100vw, 680px\" \/><\/a><\/p>\n<p>A pocos meses de que el Congreso de Colombia aprobara una ley que baj\u00f3 la jornada laboral de 48 a 42 las horas a la semana, una empresa colombiana que produce jabones de tocador redujo a cuatro los d\u00edas que semanalmente deben trabajar sus empleados.<\/p>\n<p>El grupo Hada, empresa colombiana con plantas de producci\u00f3n en Barranquilla y M\u00e9xico, y que exporta a 22 pa\u00edses, tom\u00f3 la pandemia de la covid-19 como la oportunidad de \u00abgenerar mejores resultados gracias a la confianza y el empoderamiento de los empleados\u00bb.<\/p>\n<p>El gerente administrativo de Hada International en Barranquilla, Roberto Guti\u00e9rrez, manifest\u00f3 a Efe que \u00abla decisi\u00f3n de reducir la jornada a cuatro d\u00edas a la semana est\u00e1 relacionada con la pandemia porque nos permiti\u00f3 darnos cuenta de que la confianza en el empleado genera buenos resultados, por lo que tomamos la decisi\u00f3n de aumentar sus niveles de empoderamiento\u00bb.<\/p>\n<p>Guti\u00e9rrez indic\u00f3 que la reducci\u00f3n de la jornada a cuatro d\u00edas a la semana \u00abes un ejercicio que hemos estudiado y trabajado por m\u00e1s de dos a\u00f1os. No es una decisi\u00f3n espont\u00e1nea o del momento\u00bb.<\/p>\n<p>\u00abYa nos ven\u00edamos preparando y trabajando en la simplificaci\u00f3n y agilidad de los procesos, as\u00ed como en la incorporaci\u00f3n tecnol\u00f3gica y nos hemos dado cuenta de que todas esas medidas nos han llevado a tener una compa\u00f1\u00eda eficiente y menos burocr\u00e1tica, lo que nos ha permitido transferir los beneficios de viernes a los empleados en general\u00bb, explic\u00f3.<\/p>\n<p>Con esta jornada semanal de cuatro d\u00edas de trabajo por tres de descanso, los empleados tienen libre el viernes a menos que la semana tenga un d\u00eda festivo, lo que aplica para todas las \u00e1reas de la compa\u00f1\u00eda: administrativa, financiera, contable, comercial, log\u00edstica y producci\u00f3n,<\/p>\n<p>Agreg\u00f3 Guti\u00e9rrez que hay algunas zonas de producci\u00f3n que hace falta integrar a ese modelo pero que en la agenda de trabajo figura incluirlas en poco tiempo.<\/p>\n<p>\u00abEs una medida que nos va a seguir retando a simplificar y a concentrarnos en lo que genera realmente valor\u00bb, al precisar que \u00aba veces las compa\u00f1\u00edas pretenden acelerar los procesos, la productividad y la eficiencia, pero no toman decisiones consistentes con eso\u00bb, dijo.<\/p>\n<p>En cuanto a la posibilidad de que el cambio implique una reducci\u00f3n en los contratos de los trabajadores o una adecuaci\u00f3n a las normas laborales tanto en Colombia como en M\u00e9xico, Guti\u00e9rrez aclar\u00f3 que, por el contrario, ya se hicieron, en el caso de Colombia, los respectivos aumentos salariales de ley.<\/p>\n<p>\u00abDesde la primera quincena de enero en Colombia ya nuestros empleados recibieron el 10,7% de aumento que determin\u00f3 el gobierno para el salario m\u00ednimo, aunque tengo que aclarar que los que menos ganan reciben el 40 % por encima del salario m\u00ednimo\u00bb, anot\u00f3 el ejecutivo anotando que en Colombia son 670 trabajadores mientras que en M\u00e9xico son 80.<\/p>\n","protected":false},"excerpt":{"rendered":"<p>A pocos meses de que el Congreso de Colombia aprobara una ley que baj\u00f3 la jornada laboral de 48 a &#8230;<\/p>\n","protected":false},"author":2,"featured_media":113540,"comment_status":"open","ping_status":"open","sticky":false,"template":"","format":"standard","meta":{"footnotes":""},"categories":[26],"tags":[],"class_list":["post-113537","post","type-post","status-publish","format-standard","has-post-thumbnail","hentry","category-economia"],"yoast_head":"<!-- This site is optimized with the Yoast SEO plugin v24.8.1 - https:\/\/yoast.com\/wordpress\/plugins\/seo\/ -->\n<title>Empresa colombiana reduce jornada de trabajo a 4 d\u00edas a la semana - PotenciaRadiofonicaDominicana.com<\/title>\n<meta name=\"robots\" content=\"index, follow, max-snippet:-1, max-image-preview:large, max-video-preview:-1\" \/>\n<link rel=\"canonical\" href=\"https:\/\/potenciaradiofonicadominicana.com\/portal\/empresa-colombiana-reduce-jornada-de-trabajo-a-4-dias-a-la-semana\/\" \/>\n<meta property=\"og:locale\" content=\"es_ES\" \/>\n<meta property=\"og:type\" content=\"article\" \/>\n<meta property=\"og:title\" content=\"Empresa colombiana reduce jornada de trabajo a 4 d\u00edas a la semana - PotenciaRadiofonicaDominicana.com\" \/>\n<meta property=\"og:description\" content=\"A pocos meses de que el Congreso de Colombia aprobara una ley que baj\u00f3 la jornada laboral de 48 a ...\" \/>\n<meta property=\"og:url\" content=\"https:\/\/potenciaradiofonicadominicana.com\/portal\/empresa-colombiana-reduce-jornada-de-trabajo-a-4-dias-a-la-semana\/\" \/>\n<meta property=\"og:site_name\" content=\"PotenciaRadiofonicaDominicana.com\" \/>\n<meta property=\"article:publisher\" content=\"https:\/\/web.facebook.com\/PotenciaRadiofonicaD\" \/>\n<meta property=\"article:published_time\" content=\"2022-01-22T14:05:57+00:00\" \/>\n<meta property=\"og:image\" content=\"https:\/\/potenciaradiofonicadominicana.com\/portal\/wp-content\/uploads\/2022\/01\/empresa-colombiana-reduce-jornada-de-trabajo-a-4-dias-a-la-semana.jpeg\" \/>\n\t<meta property=\"og:image:width\" content=\"680\" \/>\n\t<meta property=\"og:image:height\" content=\"453\" \/>\n\t<meta property=\"og:image:type\" content=\"image\/jpeg\" \/>\n<meta name=\"author\" content=\"Potencia Radiof\u00f3nica Dominicana\" \/>\n<meta name=\"twitter:card\" content=\"summary_large_image\" \/>\n<meta name=\"twitter:label1\" content=\"Escrito por\" \/>\n\t<meta name=\"twitter:data1\" content=\"Potencia Radiof\u00f3nica Dominicana\" \/>\n\t<meta name=\"twitter:label2\" content=\"Tiempo de lectura\" \/>\n\t<meta name=\"twitter:data2\" content=\"2 minutos\" \/>\n<script type=\"application\/ld+json\" class=\"yoast-schema-graph\">{\"@context\":\"https:\/\/schema.org\",\"@graph\":[{\"@type\":\"Article\",\"@id\":\"https:\/\/potenciaradiofonicadominicana.com\/portal\/empresa-colombiana-reduce-jornada-de-trabajo-a-4-dias-a-la-semana\/#article\",\"isPartOf\":{\"@id\":\"https:\/\/potenciaradiofonicadominicana.com\/portal\/empresa-colombiana-reduce-jornada-de-trabajo-a-4-dias-a-la-semana\/\"},\"author\":{\"name\":\"Potencia Radiof\u00f3nica Dominicana\",\"@id\":\"https:\/\/potenciaradiofonicadominicana.com\/portal\/#\/schema\/person\/a5cf1fea13877803ee0573ac18b03490\"},\"headline\":\"Empresa colombiana reduce jornada de trabajo a 4 d\u00edas a la semana\",\"datePublished\":\"2022-01-22T14:05:57+00:00\",\"mainEntityOfPage\":{\"@id\":\"https:\/\/potenciaradiofonicadominicana.com\/portal\/empresa-colombiana-reduce-jornada-de-trabajo-a-4-dias-a-la-semana\/\"},\"wordCount\":502,\"commentCount\":0,\"publisher\":{\"@id\":\"https:\/\/potenciaradiofonicadominicana.com\/portal\/#organization\"},\"image\":{\"@id\":\"https:\/\/potenciaradiofonicadominicana.com\/portal\/empresa-colombiana-reduce-jornada-de-trabajo-a-4-dias-a-la-semana\/#primaryimage\"},\"thumbnailUrl\":\"https:\/\/potenciaradiofonicadominicana.com\/portal\/wp-content\/uploads\/2022\/01\/empresa-colombiana-reduce-jornada-de-trabajo-a-4-dias-a-la-semana.jpeg\",\"articleSection\":[\"Econom\u00eda\"],\"inLanguage\":\"es\",\"potentialAction\":[{\"@type\":\"CommentAction\",\"name\":\"Comment\",\"target\":[\"https:\/\/potenciaradiofonicadominicana.com\/portal\/empresa-colombiana-reduce-jornada-de-trabajo-a-4-dias-a-la-semana\/#respond\"]}]},{\"@type\":\"WebPage\",\"@id\":\"https:\/\/potenciaradiofonicadominicana.com\/portal\/empresa-colombiana-reduce-jornada-de-trabajo-a-4-dias-a-la-semana\/\",\"url\":\"https:\/\/potenciaradiofonicadominicana.com\/portal\/empresa-colombiana-reduce-jornada-de-trabajo-a-4-dias-a-la-semana\/\",\"name\":\"Empresa colombiana reduce jornada de trabajo a 4 d\u00edas a la semana - PotenciaRadiofonicaDominicana.com\",\"isPartOf\":{\"@id\":\"https:\/\/potenciaradiofonicadominicana.com\/portal\/#website\"},\"primaryImageOfPage\":{\"@id\":\"https:\/\/potenciaradiofonicadominicana.com\/portal\/empresa-colombiana-reduce-jornada-de-trabajo-a-4-dias-a-la-semana\/#primaryimage\"},\"image\":{\"@id\":\"https:\/\/potenciaradiofonicadominicana.com\/portal\/empresa-colombiana-reduce-jornada-de-trabajo-a-4-dias-a-la-semana\/#primaryimage\"},\"thumbnailUrl\":\"https:\/\/potenciaradiofonicadominicana.com\/portal\/wp-content\/uploads\/2022\/01\/empresa-colombiana-reduce-jornada-de-trabajo-a-4-dias-a-la-semana.jpeg\",\"datePublished\":\"2022-01-22T14:05:57+00:00\",\"breadcrumb\":{\"@id\":\"https:\/\/potenciaradiofonicadominicana.com\/portal\/empresa-colombiana-reduce-jornada-de-trabajo-a-4-dias-a-la-semana\/#breadcrumb\"},\"inLanguage\":\"es\",\"potentialAction\":[{\"@type\":\"ReadAction\",\"target\":[\"https:\/\/potenciaradiofonicadominicana.com\/portal\/empresa-colombiana-reduce-jornada-de-trabajo-a-4-dias-a-la-semana\/\"]}]},{\"@type\":\"ImageObject\",\"inLanguage\":\"es\",\"@id\":\"https:\/\/potenciaradiofonicadominicana.com\/portal\/empresa-colombiana-reduce-jornada-de-trabajo-a-4-dias-a-la-semana\/#primaryimage\",\"url\":\"https:\/\/potenciaradiofonicadominicana.com\/portal\/wp-content\/uploads\/2022\/01\/empresa-colombiana-reduce-jornada-de-trabajo-a-4-dias-a-la-semana.jpeg\",\"contentUrl\":\"https:\/\/potenciaradiofonicadominicana.com\/portal\/wp-content\/uploads\/2022\/01\/empresa-colombiana-reduce-jornada-de-trabajo-a-4-dias-a-la-semana.jpeg\",\"width\":680,\"height\":453},{\"@type\":\"BreadcrumbList\",\"@id\":\"https:\/\/potenciaradiofonicadominicana.com\/portal\/empresa-colombiana-reduce-jornada-de-trabajo-a-4-dias-a-la-semana\/#breadcrumb\",\"itemListElement\":[{\"@type\":\"ListItem\",\"position\":1,\"name\":\"Portada\",\"item\":\"https:\/\/potenciaradiofonicadominicana.com\/portal\/\"},{\"@type\":\"ListItem\",\"position\":2,\"name\":\"Empresa colombiana reduce jornada de trabajo a 4 d\u00edas a la semana\"}]},{\"@type\":\"WebSite\",\"@id\":\"https:\/\/potenciaradiofonicadominicana.com\/portal\/#website\",\"url\":\"https:\/\/potenciaradiofonicadominicana.com\/portal\/\",\"name\":\"PotenciaRadiofonicaDominicana.com\",\"description\":\"Peri\u00f3dico Digital\",\"publisher\":{\"@id\":\"https:\/\/potenciaradiofonicadominicana.com\/portal\/#organization\"},\"potentialAction\":[{\"@type\":\"SearchAction\",\"target\":{\"@type\":\"EntryPoint\",\"urlTemplate\":\"https:\/\/potenciaradiofonicadominicana.com\/portal\/?s={search_term_string}\"},\"query-input\":{\"@type\":\"PropertyValueSpecification\",\"valueRequired\":true,\"valueName\":\"search_term_string\"}}],\"inLanguage\":\"es\"},{\"@type\":\"Organization\",\"@id\":\"https:\/\/potenciaradiofonicadominicana.com\/portal\/#organization\",\"name\":\"PotenciaRadiofonicaDominicana.com\",\"url\":\"https:\/\/potenciaradiofonicadominicana.com\/portal\/\",\"logo\":{\"@type\":\"ImageObject\",\"inLanguage\":\"es\",\"@id\":\"https:\/\/potenciaradiofonicadominicana.com\/portal\/#\/schema\/logo\/image\/\",\"url\":\"https:\/\/potenciaradiofonicadominicana.com\/portal\/wp-content\/uploads\/2022\/01\/descarga.png\",\"contentUrl\":\"https:\/\/potenciaradiofonicadominicana.com\/portal\/wp-content\/uploads\/2022\/01\/descarga.png\",\"width\":300,\"height\":100,\"caption\":\"PotenciaRadiofonicaDominicana.com\"},\"image\":{\"@id\":\"https:\/\/potenciaradiofonicadominicana.com\/portal\/#\/schema\/logo\/image\/\"},\"sameAs\":[\"https:\/\/web.facebook.com\/PotenciaRadiofonicaD\"]},{\"@type\":\"Person\",\"@id\":\"https:\/\/potenciaradiofonicadominicana.com\/portal\/#\/schema\/person\/a5cf1fea13877803ee0573ac18b03490\",\"name\":\"Potencia Radiof\u00f3nica Dominicana\",\"image\":{\"@type\":\"ImageObject\",\"inLanguage\":\"es\",\"@id\":\"https:\/\/potenciaradiofonicadominicana.com\/portal\/#\/schema\/person\/image\/\",\"url\":\"https:\/\/secure.gravatar.com\/avatar\/42a55ab9e8ccc656ba34cd791990602a?s=96&d=mm&r=g\",\"contentUrl\":\"https:\/\/secure.gravatar.com\/avatar\/42a55ab9e8ccc656ba34cd791990602a?s=96&d=mm&r=g\",\"caption\":\"Potencia Radiof\u00f3nica Dominicana\"},\"url\":\"https:\/\/potenciaradiofonicadominicana.com\/portal\/author\/johannyalmanzar\/\"}]}<\/script>\n<!-- \/ Yoast SEO plugin. -->","yoast_head_json":{"title":"Empresa colombiana reduce jornada de trabajo a 4 d\u00edas a la semana - PotenciaRadiofonicaDominicana.com","robots":{"index":"index","follow":"follow","max-snippet":"max-snippet:-1","max-image-preview":"max-image-preview:large","max-video-preview":"max-video-preview:-1"},"canonical":"https:\/\/potenciaradiofonicadominicana.com\/portal\/empresa-colombiana-reduce-jornada-de-trabajo-a-4-dias-a-la-semana\/","og_locale":"es_ES","og_type":"article","og_title":"Empresa colombiana reduce jornada de trabajo a 4 d\u00edas a la semana - PotenciaRadiofonicaDominicana.com","og_description":"A pocos meses de que el Congreso de Colombia aprobara una ley que baj\u00f3 la jornada laboral de 48 a ...","og_url":"https:\/\/potenciaradiofonicadominicana.com\/portal\/empresa-colombiana-reduce-jornada-de-trabajo-a-4-dias-a-la-semana\/","og_site_name":"PotenciaRadiofonicaDominicana.com","article_publisher":"https:\/\/web.facebook.com\/PotenciaRadiofonicaD","article_published_time":"2022-01-22T14:05:57+00:00","og_image":[{"width":680,"height":453,"url":"https:\/\/potenciaradiofonicadominicana.com\/portal\/wp-content\/uploads\/2022\/01\/empresa-colombiana-reduce-jornada-de-trabajo-a-4-dias-a-la-semana.jpeg","type":"image\/jpeg"}],"author":"Potencia Radiof\u00f3nica Dominicana","twitter_card":"summary_large_image","twitter_misc":{"Escrito por":"Potencia Radiof\u00f3nica Dominicana","Tiempo de lectura":"2 minutos"},"schema":{"@context":"https:\/\/schema.org","@graph":[{"@type":"Article","@id":"https:\/\/potenciaradiofonicadominicana.com\/portal\/empresa-colombiana-reduce-jornada-de-trabajo-a-4-dias-a-la-semana\/#article","isPartOf":{"@id":"https:\/\/potenciaradiofonicadominicana.com\/portal\/empresa-colombiana-reduce-jornada-de-trabajo-a-4-dias-a-la-semana\/"},"author":{"name":"Potencia Radiof\u00f3nica Dominicana","@id":"https:\/\/potenciaradiofonicadominicana.com\/portal\/#\/schema\/person\/a5cf1fea13877803ee0573ac18b03490"},"headline":"Empresa colombiana reduce jornada de trabajo a 4 d\u00edas a la semana","datePublished":"2022-01-22T14:05:57+00:00","mainEntityOfPage":{"@id":"https:\/\/potenciaradiofonicadominicana.com\/portal\/empresa-colombiana-reduce-jornada-de-trabajo-a-4-dias-a-la-semana\/"},"wordCount":502,"commentCount":0,"publisher":{"@id":"https:\/\/potenciaradiofonicadominicana.com\/portal\/#organization"},"image":{"@id":"https:\/\/potenciaradiofonicadominicana.com\/portal\/empresa-colombiana-reduce-jornada-de-trabajo-a-4-dias-a-la-semana\/#primaryimage"},"thumbnailUrl":"https:\/\/potenciaradiofonicadominicana.com\/portal\/wp-content\/uploads\/2022\/01\/empresa-colombiana-reduce-jornada-de-trabajo-a-4-dias-a-la-semana.jpeg","articleSection":["Econom\u00eda"],"inLanguage":"es","potentialAction":[{"@type":"CommentAction","name":"Comment","target":["https:\/\/potenciaradiofonicadominicana.com\/portal\/empresa-colombiana-reduce-jornada-de-trabajo-a-4-dias-a-la-semana\/#respond"]}]},{"@type":"WebPage","@id":"https:\/\/potenciaradiofonicadominicana.com\/portal\/empresa-colombiana-reduce-jornada-de-trabajo-a-4-dias-a-la-semana\/","url":"https:\/\/potenciaradiofonicadominicana.com\/portal\/empresa-colombiana-reduce-jornada-de-trabajo-a-4-dias-a-la-semana\/","name":"Empresa colombiana reduce jornada de trabajo a 4 d\u00edas a la semana - PotenciaRadiofonicaDominicana.com","isPartOf":{"@id":"https:\/\/potenciaradiofonicadominicana.com\/portal\/#website"},"primaryImageOfPage":{"@id":"https:\/\/potenciaradiofonicadominicana.com\/portal\/empresa-colombiana-reduce-jornada-de-trabajo-a-4-dias-a-la-semana\/#primaryimage"},"image":{"@id":"https:\/\/potenciaradiofonicadominicana.com\/portal\/empresa-colombiana-reduce-jornada-de-trabajo-a-4-dias-a-la-semana\/#primaryimage"},"thumbnailUrl":"https:\/\/potenciaradiofonicadominicana.com\/portal\/wp-content\/uploads\/2022\/01\/empresa-colombiana-reduce-jornada-de-trabajo-a-4-dias-a-la-semana.jpeg","datePublished":"2022-01-22T14:05:57+00:00","breadcrumb":{"@id":"https:\/\/potenciaradiofonicadominicana.com\/portal\/empresa-colombiana-reduce-jornada-de-trabajo-a-4-dias-a-la-semana\/#breadcrumb"},"inLanguage":"es","potentialAction":[{"@type":"ReadAction","target":["https:\/\/potenciaradiofonicadominicana.com\/portal\/empresa-colombiana-reduce-jornada-de-trabajo-a-4-dias-a-la-semana\/"]}]},{"@type":"ImageObject","inLanguage":"es","@id":"https:\/\/potenciaradiofonicadominicana.com\/portal\/empresa-colombiana-reduce-jornada-de-trabajo-a-4-dias-a-la-semana\/#primaryimage","url":"https:\/\/potenciaradiofonicadominicana.com\/portal\/wp-content\/uploads\/2022\/01\/empresa-colombiana-reduce-jornada-de-trabajo-a-4-dias-a-la-semana.jpeg","contentUrl":"https:\/\/potenciaradiofonicadominicana.com\/portal\/wp-content\/uploads\/2022\/01\/empresa-colombiana-reduce-jornada-de-trabajo-a-4-dias-a-la-semana.jpeg","width":680,"height":453},{"@type":"BreadcrumbList","@id":"https:\/\/potenciaradiofonicadominicana.com\/portal\/empresa-colombiana-reduce-jornada-de-trabajo-a-4-dias-a-la-semana\/#breadcrumb","itemListElement":[{"@type":"ListItem","position":1,"name":"Portada","item":"https:\/\/potenciaradiofonicadominicana.com\/portal\/"},{"@type":"ListItem","position":2,"name":"Empresa colombiana reduce jornada de trabajo a 4 d\u00edas a la semana"}]},{"@type":"WebSite","@id":"https:\/\/potenciaradiofonicadominicana.com\/portal\/#website","url":"https:\/\/potenciaradiofonicadominicana.com\/portal\/","name":"PotenciaRadiofonicaDominicana.com","description":"Peri\u00f3dico Digital","publisher":{"@id":"https:\/\/potenciaradiofonicadominicana.com\/portal\/#organization"},"potentialAction":[{"@type":"SearchAction","target":{"@type":"EntryPoint","urlTemplate":"https:\/\/potenciaradiofonicadominicana.com\/portal\/?s={search_term_string}"},"query-input":{"@type":"PropertyValueSpecification","valueRequired":true,"valueName":"search_term_string"}}],"inLanguage":"es"},{"@type":"Organization","@id":"https:\/\/potenciaradiofonicadominicana.com\/portal\/#organization","name":"PotenciaRadiofonicaDominicana.com","url":"https:\/\/potenciaradiofonicadominicana.com\/portal\/","logo":{"@type":"ImageObject","inLanguage":"es","@id":"https:\/\/potenciaradiofonicadominicana.com\/portal\/#\/schema\/logo\/image\/","url":"https:\/\/potenciaradiofonicadominicana.com\/portal\/wp-content\/uploads\/2022\/01\/descarga.png","contentUrl":"https:\/\/potenciaradiofonicadominicana.com\/portal\/wp-content\/uploads\/2022\/01\/descarga.png","width":300,"height":100,"caption":"PotenciaRadiofonicaDominicana.com"},"image":{"@id":"https:\/\/potenciaradiofonicadominicana.com\/portal\/#\/schema\/logo\/image\/"},"sameAs":["https:\/\/web.facebook.com\/PotenciaRadiofonicaD"]},{"@type":"Person","@id":"https:\/\/potenciaradiofonicadominicana.com\/portal\/#\/schema\/person\/a5cf1fea13877803ee0573ac18b03490","name":"Potencia Radiof\u00f3nica Dominicana","image":{"@type":"ImageObject","inLanguage":"es","@id":"https:\/\/potenciaradiofonicadominicana.com\/portal\/#\/schema\/person\/image\/","url":"https:\/\/secure.gravatar.com\/avatar\/42a55ab9e8ccc656ba34cd791990602a?s=96&d=mm&r=g","contentUrl":"https:\/\/secure.gravatar.com\/avatar\/42a55ab9e8ccc656ba34cd791990602a?s=96&d=mm&r=g","caption":"Potencia Radiof\u00f3nica Dominicana"},"url":"https:\/\/potenciaradiofonicadominicana.com\/portal\/author\/johannyalmanzar\/"}]}},"_links":{"self":[{"href":"https:\/\/potenciaradiofonicadominicana.com\/portal\/wp-json\/wp\/v2\/posts\/113537","targetHints":{"allow":["GET"]}}],"collection":[{"href":"https:\/\/potenciaradiofonicadominicana.com\/portal\/wp-json\/wp\/v2\/posts"}],"about":[{"href":"https:\/\/potenciaradiofonicadominicana.com\/portal\/wp-json\/wp\/v2\/types\/post"}],"author":[{"embeddable":true,"href":"https:\/\/potenciaradiofonicadominicana.com\/portal\/wp-json\/wp\/v2\/users\/2"}],"replies":[{"embeddable":true,"href":"https:\/\/potenciaradiofonicadominicana.com\/portal\/wp-json\/wp\/v2\/comments?post=113537"}],"version-history":[{"count":1,"href":"https:\/\/potenciaradiofonicadominicana.com\/portal\/wp-json\/wp\/v2\/posts\/113537\/revisions"}],"predecessor-version":[{"id":113541,"href":"https:\/\/potenciaradiofonicadominicana.com\/portal\/wp-json\/wp\/v2\/posts\/113537\/revisions\/113541"}],"wp:featuredmedia":[{"embeddable":true,"href":"https:\/\/potenciaradiofonicadominicana.com\/portal\/wp-json\/wp\/v2\/media\/113540"}],"wp:attachment":[{"href":"https:\/\/potenciaradiofonicadominicana.com\/portal\/wp-json\/wp\/v2\/media?parent=113537"}],"wp:term":[{"taxonomy":"category","embeddable":true,"href":"https:\/\/potenciaradiofonicadominicana.com\/portal\/wp-json\/wp\/v2\/categories?post=113537"},{"taxonomy":"post_tag","embeddable":true,"href":"https:\/\/potenciaradiofonicadominicana.com\/portal\/wp-json\/wp\/v2\/tags?post=113537"}],"curies":[{"name":"wp","href":"https:\/\/api.w.org\/{rel}","templated":true}]}}