{"id":113534,"date":"2022-01-22T10:04:26","date_gmt":"2022-01-22T14:04:26","guid":{"rendered":"https:\/\/potenciaradiofonicadominicana.com\/portal\/?p=113534"},"modified":"2022-01-22T10:04:26","modified_gmt":"2022-01-22T14:04:26","slug":"abinader-regresa-al-pais-tras-participar-en-fitur-2022","status":"publish","type":"post","link":"https:\/\/potenciaradiofonicadominicana.com\/portal\/abinader-regresa-al-pais-tras-participar-en-fitur-2022\/","title":{"rendered":"Abinader regresa al pa\u00eds tras participar en FITUR 2022"},"content":{"rendered":"<p><a href=\"https:\/\/potenciaradiofonicadominicana.com\/portal\/wp-content\/uploads\/2022\/01\/REGRESA-DE-ESPANA-ABINADER-1024x666.jpg\"><img loading=\"lazy\" decoding=\"async\" class=\"alignnone size-full wp-image-113535\" src=\"https:\/\/potenciaradiofonicadominicana.com\/portal\/wp-content\/uploads\/2022\/01\/REGRESA-DE-ESPANA-ABINADER-1024x666.jpg\" alt=\"\" width=\"1024\" height=\"666\" srcset=\"https:\/\/potenciaradiofonicadominicana.com\/portal\/wp-content\/uploads\/2022\/01\/REGRESA-DE-ESPANA-ABINADER-1024x666.jpg 1024w, https:\/\/potenciaradiofonicadominicana.com\/portal\/wp-content\/uploads\/2022\/01\/REGRESA-DE-ESPANA-ABINADER-1024x666-300x195.jpg 300w, https:\/\/potenciaradiofonicadominicana.com\/portal\/wp-content\/uploads\/2022\/01\/REGRESA-DE-ESPANA-ABINADER-1024x666-768x500.jpg 768w\" sizes=\"auto, (max-width: 1024px) 100vw, 1024px\" \/><\/a><\/p>\n<p>El presidente Luis Abinader regres\u00f3 esta noche al pa\u00eds tras su viaje a Madrid, Espa\u00f1a, donde particip\u00f3 en la Feria Internacional de Turismo (FITUR 2022).<\/p>\n<p>Para el presidente Abinader, la participaci\u00f3n de Rep\u00fablica Dominicana en esta feria fue exitosa y altamente beneficiosa por la cantidad de negocios que se alcanzaron.<\/p>\n<p>Para reforzar su apreciaci\u00f3n sobre el \u00e9xito alcanzado en FITUR 2022, el presidente revel\u00f3 que, entre lo logrado por los bancos de Reservas, Popular y el BHD y lo negociado con inversionistas que se reunieron con \u00e9l, se estiman negocios por encima de 2,000 millones de d\u00f3lares.<\/p>\n<p>Al llegar al aeropuerto Internacional de Punta Cana, el jefe de Estado fue recibido por la vicepresidenta Raquel Pe\u00f1a; el ministro de Defensa, Teniente General Carlos Luciano D\u00edaz Morfa; el director General del CESAC, general de Brigada T\u00e9cnico de Aviaci\u00f3n, Carlos Febrillet Rodr\u00edguez; el director ejecutivo del Departamento Aeroportuario, V\u00edctor Pichardo; el director Central de la Polic\u00eda de Turismo (Politur), general de Brigada Minoru Matsunaga; el comandante de la Guardia Presidencial, general de Brigada Guillermo Caro Cruz, ERD y Lourdes Herrera, encargada del Despacho Presidencial.<\/p>\n<p>En dos d\u00edas de trabajo en FITUR 2022,\u00a0el presidente tuvo 27 reuniones con inversionistas tur\u00edsticos, tour operadores, l\u00edneas a\u00e9reas, cadenas hoteleras y l\u00edneas a\u00e9reas.<\/p>\n<p>Antes de viajar a Rep\u00fablica Dominicana este viernes 21, el jefe de Estado dominicano concluy\u00f3 su agenda de trabajo y encuentros en esta capital espa\u00f1ola y durante la presentaci\u00f3n del Plan Maestro de Desarrollo Tur\u00edstico de Pedernales, el mandatario anunci\u00f3 que este proyecto es una de las apuestas m\u00e1s importantes de esta gesti\u00f3n de Gobierno y que se har\u00e1 en cuatro fases.<\/p>\n<p>La primera iniciar\u00e1 con 6 cadenas hoteleras, durante un periodo total de 10 a\u00f1os, y con una inversi\u00f3n estimada de 2,245 millones de d\u00f3lares. Este nuevo polo tur\u00edstico, crear\u00e1 cerca de 20,000 empleos directos y m\u00e1s de 50,000 indirectos.<\/p>\n<p>Tambi\u00e9n, durante un desayuno que sostuvo como parte de su agenda de trabajo expres\u00f3 a directores de medios y periodistas dominicanos que es responsabilidad de todos seguir impulsando el principal sector econ\u00f3mico del pa\u00eds, que es el turismo y abog\u00f3 para se tome m\u00e1s conciencia de lo que significa esta \u00e1rea para el pa\u00eds.<\/p>\n<p>Durante su estad\u00eda en esta naci\u00f3n europea, el presidente Abinader inaugur\u00f3 junto al Rey Felipe VI la Fitur 2022, siendo el primer mandatario en alcanzar tal distinci\u00f3n.<\/p>\n<p>El secretario general de la Organizaci\u00f3n Mundial del Turismo (OMT), Zurab Pololikashbili, afirm\u00f3 que \u201cla<strong>\u00a0<\/strong>Rep\u00fablica Dominicana es el mejor pa\u00eds para invertir y para viajar\u201d.<\/p>\n<p>Al mismo tiempo, el ejecutivo de la OMT consider\u00f3 que la presencia del presidente Abinader en la Feria Internacional de Turismo (FITUR 2022) \u201ces un gran impulso para el turismo dominicano y destac\u00f3 que es la primera vez que un jefe de Estado asiste a esta actividad\u201d.<\/p>\n<p>Otro logro en la agenda presidencial agotada en Espa\u00f1a, fue la ceremonia de firma del acuerdo en que el Grupo Pi\u00f1ero comunic\u00f3 un financiamiento sostenible de hasta 200 millones de d\u00f3lares en iniciativas de inversi\u00f3n tur\u00edstica en el pa\u00eds conjuntamente con entidades bancarias privadas.<\/p>\n<p>Abinader presidi\u00f3, adem\u00e1s, la firma de acuerdos por US$1,400 millones con el tour operador de Polonia Rainbow Tours y las aerol\u00edneas, espa\u00f1ola Iberia y alemana, Euro Wings.<\/p>\n<p>Tambi\u00e9n sostuvo varias reuniones con inversionistas tur\u00edsticos europeos, a quienes present\u00f3 las facilidades y garant\u00edas jur\u00eddicas que ofrece el pa\u00eds a los flujos de capitales extranjeros orientados al turismo.<\/p>\n<p>El mandatario sali\u00f3 del pa\u00eds el domingo 16 en horas de la noche hacia la ciudad de Madrid, Espa\u00f1a, en un vuelo comercial de Air Europa desde el Aeropuerto Internacional de Punta Cana, y regres\u00f3 por esa misma terminal a las 8:00 de la noche de este viernes 21 de enero.<\/p>\n<p>El lunes 17, el presidente asisti\u00f3 a un almuerzo ofrecido por el embajador dominicano en Espa\u00f1a, Juan Bol\u00edvar D\u00edaz y su esposa Ada Wiscovitch, en la sede de la misi\u00f3n diplom\u00e1tica.<\/p>\n<p>En la Feria Fitur 2022, el Rey Felipe VI y la Reina Letizia esperaron al presidente Abinader para darle la bienvenida, como indica el protocolo.<\/p>\n<p>De inmediato, su Majestad Felipe VI, invit\u00f3 al presidente Abinader a un recorrido por la feria. Tras una hora de recorrido, el mandatario dominicano se separ\u00f3 de los reyes para ir al stand de RD y esperarlos all\u00ed.<\/p>\n<p>Al arribar la pareja real al stand dominicano una multitud de personas, entre ellas periodistas, fot\u00f3grafos, camar\u00f3grafos de todo el mundo que se dan cita en este Fitur 2022, ya se encontraban en el lugar.<\/p>\n","protected":false},"excerpt":{"rendered":"<p>El presidente Luis Abinader regres\u00f3 esta noche al pa\u00eds tras su viaje a Madrid, Espa\u00f1a, donde particip\u00f3 en la Feria &#8230;<\/p>\n","protected":false},"author":2,"featured_media":113535,"comment_status":"open","ping_status":"open","sticky":false,"template":"","format":"standard","meta":{"footnotes":""},"categories":[26],"tags":[],"class_list":["post-113534","post","type-post","status-publish","format-standard","has-post-thumbnail","hentry","category-economia"],"yoast_head":"<!-- This site is optimized with the Yoast SEO plugin v24.8.1 - https:\/\/yoast.com\/wordpress\/plugins\/seo\/ -->\n<title>Abinader regresa al pa\u00eds tras participar en FITUR 2022 - PotenciaRadiofonicaDominicana.com<\/title>\n<meta name=\"robots\" content=\"index, follow, max-snippet:-1, max-image-preview:large, max-video-preview:-1\" \/>\n<link rel=\"canonical\" href=\"https:\/\/potenciaradiofonicadominicana.com\/portal\/abinader-regresa-al-pais-tras-participar-en-fitur-2022\/\" \/>\n<meta property=\"og:locale\" content=\"es_ES\" \/>\n<meta property=\"og:type\" content=\"article\" \/>\n<meta property=\"og:title\" content=\"Abinader regresa al pa\u00eds tras participar en FITUR 2022 - PotenciaRadiofonicaDominicana.com\" \/>\n<meta property=\"og:description\" content=\"El presidente Luis Abinader regres\u00f3 esta noche al pa\u00eds tras su viaje a Madrid, Espa\u00f1a, donde particip\u00f3 en la Feria ...\" \/>\n<meta property=\"og:url\" content=\"https:\/\/potenciaradiofonicadominicana.com\/portal\/abinader-regresa-al-pais-tras-participar-en-fitur-2022\/\" \/>\n<meta property=\"og:site_name\" content=\"PotenciaRadiofonicaDominicana.com\" \/>\n<meta property=\"article:publisher\" content=\"https:\/\/web.facebook.com\/PotenciaRadiofonicaD\" \/>\n<meta property=\"article:published_time\" content=\"2022-01-22T14:04:26+00:00\" \/>\n<meta property=\"og:image\" content=\"https:\/\/potenciaradiofonicadominicana.com\/portal\/wp-content\/uploads\/2022\/01\/REGRESA-DE-ESPANA-ABINADER-1024x666.jpg\" \/>\n\t<meta property=\"og:image:width\" content=\"1024\" \/>\n\t<meta property=\"og:image:height\" content=\"666\" \/>\n\t<meta property=\"og:image:type\" content=\"image\/jpeg\" \/>\n<meta name=\"author\" content=\"Potencia Radiof\u00f3nica Dominicana\" \/>\n<meta name=\"twitter:card\" content=\"summary_large_image\" \/>\n<meta name=\"twitter:label1\" content=\"Escrito por\" \/>\n\t<meta name=\"twitter:data1\" content=\"Potencia Radiof\u00f3nica Dominicana\" \/>\n\t<meta name=\"twitter:label2\" content=\"Tiempo de lectura\" \/>\n\t<meta name=\"twitter:data2\" content=\"4 minutos\" \/>\n<script type=\"application\/ld+json\" class=\"yoast-schema-graph\">{\"@context\":\"https:\/\/schema.org\",\"@graph\":[{\"@type\":\"Article\",\"@id\":\"https:\/\/potenciaradiofonicadominicana.com\/portal\/abinader-regresa-al-pais-tras-participar-en-fitur-2022\/#article\",\"isPartOf\":{\"@id\":\"https:\/\/potenciaradiofonicadominicana.com\/portal\/abinader-regresa-al-pais-tras-participar-en-fitur-2022\/\"},\"author\":{\"name\":\"Potencia Radiof\u00f3nica Dominicana\",\"@id\":\"https:\/\/potenciaradiofonicadominicana.com\/portal\/#\/schema\/person\/a5cf1fea13877803ee0573ac18b03490\"},\"headline\":\"Abinader regresa al pa\u00eds tras participar en FITUR 2022\",\"datePublished\":\"2022-01-22T14:04:26+00:00\",\"mainEntityOfPage\":{\"@id\":\"https:\/\/potenciaradiofonicadominicana.com\/portal\/abinader-regresa-al-pais-tras-participar-en-fitur-2022\/\"},\"wordCount\":795,\"commentCount\":0,\"publisher\":{\"@id\":\"https:\/\/potenciaradiofonicadominicana.com\/portal\/#organization\"},\"image\":{\"@id\":\"https:\/\/potenciaradiofonicadominicana.com\/portal\/abinader-regresa-al-pais-tras-participar-en-fitur-2022\/#primaryimage\"},\"thumbnailUrl\":\"https:\/\/potenciaradiofonicadominicana.com\/portal\/wp-content\/uploads\/2022\/01\/REGRESA-DE-ESPANA-ABINADER-1024x666.jpg\",\"articleSection\":[\"Econom\u00eda\"],\"inLanguage\":\"es\",\"potentialAction\":[{\"@type\":\"CommentAction\",\"name\":\"Comment\",\"target\":[\"https:\/\/potenciaradiofonicadominicana.com\/portal\/abinader-regresa-al-pais-tras-participar-en-fitur-2022\/#respond\"]}]},{\"@type\":\"WebPage\",\"@id\":\"https:\/\/potenciaradiofonicadominicana.com\/portal\/abinader-regresa-al-pais-tras-participar-en-fitur-2022\/\",\"url\":\"https:\/\/potenciaradiofonicadominicana.com\/portal\/abinader-regresa-al-pais-tras-participar-en-fitur-2022\/\",\"name\":\"Abinader regresa al pa\u00eds tras participar en FITUR 2022 - PotenciaRadiofonicaDominicana.com\",\"isPartOf\":{\"@id\":\"https:\/\/potenciaradiofonicadominicana.com\/portal\/#website\"},\"primaryImageOfPage\":{\"@id\":\"https:\/\/potenciaradiofonicadominicana.com\/portal\/abinader-regresa-al-pais-tras-participar-en-fitur-2022\/#primaryimage\"},\"image\":{\"@id\":\"https:\/\/potenciaradiofonicadominicana.com\/portal\/abinader-regresa-al-pais-tras-participar-en-fitur-2022\/#primaryimage\"},\"thumbnailUrl\":\"https:\/\/potenciaradiofonicadominicana.com\/portal\/wp-content\/uploads\/2022\/01\/REGRESA-DE-ESPANA-ABINADER-1024x666.jpg\",\"datePublished\":\"2022-01-22T14:04:26+00:00\",\"breadcrumb\":{\"@id\":\"https:\/\/potenciaradiofonicadominicana.com\/portal\/abinader-regresa-al-pais-tras-participar-en-fitur-2022\/#breadcrumb\"},\"inLanguage\":\"es\",\"potentialAction\":[{\"@type\":\"ReadAction\",\"target\":[\"https:\/\/potenciaradiofonicadominicana.com\/portal\/abinader-regresa-al-pais-tras-participar-en-fitur-2022\/\"]}]},{\"@type\":\"ImageObject\",\"inLanguage\":\"es\",\"@id\":\"https:\/\/potenciaradiofonicadominicana.com\/portal\/abinader-regresa-al-pais-tras-participar-en-fitur-2022\/#primaryimage\",\"url\":\"https:\/\/potenciaradiofonicadominicana.com\/portal\/wp-content\/uploads\/2022\/01\/REGRESA-DE-ESPANA-ABINADER-1024x666.jpg\",\"contentUrl\":\"https:\/\/potenciaradiofonicadominicana.com\/portal\/wp-content\/uploads\/2022\/01\/REGRESA-DE-ESPANA-ABINADER-1024x666.jpg\",\"width\":1024,\"height\":666},{\"@type\":\"BreadcrumbList\",\"@id\":\"https:\/\/potenciaradiofonicadominicana.com\/portal\/abinader-regresa-al-pais-tras-participar-en-fitur-2022\/#breadcrumb\",\"itemListElement\":[{\"@type\":\"ListItem\",\"position\":1,\"name\":\"Portada\",\"item\":\"https:\/\/potenciaradiofonicadominicana.com\/portal\/\"},{\"@type\":\"ListItem\",\"position\":2,\"name\":\"Abinader regresa al pa\u00eds tras participar en FITUR 2022\"}]},{\"@type\":\"WebSite\",\"@id\":\"https:\/\/potenciaradiofonicadominicana.com\/portal\/#website\",\"url\":\"https:\/\/potenciaradiofonicadominicana.com\/portal\/\",\"name\":\"PotenciaRadiofonicaDominicana.com\",\"description\":\"Peri\u00f3dico Digital\",\"publisher\":{\"@id\":\"https:\/\/potenciaradiofonicadominicana.com\/portal\/#organization\"},\"potentialAction\":[{\"@type\":\"SearchAction\",\"target\":{\"@type\":\"EntryPoint\",\"urlTemplate\":\"https:\/\/potenciaradiofonicadominicana.com\/portal\/?s={search_term_string}\"},\"query-input\":{\"@type\":\"PropertyValueSpecification\",\"valueRequired\":true,\"valueName\":\"search_term_string\"}}],\"inLanguage\":\"es\"},{\"@type\":\"Organization\",\"@id\":\"https:\/\/potenciaradiofonicadominicana.com\/portal\/#organization\",\"name\":\"PotenciaRadiofonicaDominicana.com\",\"url\":\"https:\/\/potenciaradiofonicadominicana.com\/portal\/\",\"logo\":{\"@type\":\"ImageObject\",\"inLanguage\":\"es\",\"@id\":\"https:\/\/potenciaradiofonicadominicana.com\/portal\/#\/schema\/logo\/image\/\",\"url\":\"https:\/\/potenciaradiofonicadominicana.com\/portal\/wp-content\/uploads\/2022\/01\/descarga.png\",\"contentUrl\":\"https:\/\/potenciaradiofonicadominicana.com\/portal\/wp-content\/uploads\/2022\/01\/descarga.png\",\"width\":300,\"height\":100,\"caption\":\"PotenciaRadiofonicaDominicana.com\"},\"image\":{\"@id\":\"https:\/\/potenciaradiofonicadominicana.com\/portal\/#\/schema\/logo\/image\/\"},\"sameAs\":[\"https:\/\/web.facebook.com\/PotenciaRadiofonicaD\"]},{\"@type\":\"Person\",\"@id\":\"https:\/\/potenciaradiofonicadominicana.com\/portal\/#\/schema\/person\/a5cf1fea13877803ee0573ac18b03490\",\"name\":\"Potencia Radiof\u00f3nica Dominicana\",\"image\":{\"@type\":\"ImageObject\",\"inLanguage\":\"es\",\"@id\":\"https:\/\/potenciaradiofonicadominicana.com\/portal\/#\/schema\/person\/image\/\",\"url\":\"https:\/\/secure.gravatar.com\/avatar\/42a55ab9e8ccc656ba34cd791990602a?s=96&d=mm&r=g\",\"contentUrl\":\"https:\/\/secure.gravatar.com\/avatar\/42a55ab9e8ccc656ba34cd791990602a?s=96&d=mm&r=g\",\"caption\":\"Potencia Radiof\u00f3nica Dominicana\"},\"url\":\"https:\/\/potenciaradiofonicadominicana.com\/portal\/author\/johannyalmanzar\/\"}]}<\/script>\n<!-- \/ Yoast SEO plugin. -->","yoast_head_json":{"title":"Abinader regresa al pa\u00eds tras participar en FITUR 2022 - PotenciaRadiofonicaDominicana.com","robots":{"index":"index","follow":"follow","max-snippet":"max-snippet:-1","max-image-preview":"max-image-preview:large","max-video-preview":"max-video-preview:-1"},"canonical":"https:\/\/potenciaradiofonicadominicana.com\/portal\/abinader-regresa-al-pais-tras-participar-en-fitur-2022\/","og_locale":"es_ES","og_type":"article","og_title":"Abinader regresa al pa\u00eds tras participar en FITUR 2022 - PotenciaRadiofonicaDominicana.com","og_description":"El presidente Luis Abinader regres\u00f3 esta noche al pa\u00eds tras su viaje a Madrid, Espa\u00f1a, donde particip\u00f3 en la Feria ...","og_url":"https:\/\/potenciaradiofonicadominicana.com\/portal\/abinader-regresa-al-pais-tras-participar-en-fitur-2022\/","og_site_name":"PotenciaRadiofonicaDominicana.com","article_publisher":"https:\/\/web.facebook.com\/PotenciaRadiofonicaD","article_published_time":"2022-01-22T14:04:26+00:00","og_image":[{"width":1024,"height":666,"url":"https:\/\/potenciaradiofonicadominicana.com\/portal\/wp-content\/uploads\/2022\/01\/REGRESA-DE-ESPANA-ABINADER-1024x666.jpg","type":"image\/jpeg"}],"author":"Potencia Radiof\u00f3nica Dominicana","twitter_card":"summary_large_image","twitter_misc":{"Escrito por":"Potencia Radiof\u00f3nica Dominicana","Tiempo de lectura":"4 minutos"},"schema":{"@context":"https:\/\/schema.org","@graph":[{"@type":"Article","@id":"https:\/\/potenciaradiofonicadominicana.com\/portal\/abinader-regresa-al-pais-tras-participar-en-fitur-2022\/#article","isPartOf":{"@id":"https:\/\/potenciaradiofonicadominicana.com\/portal\/abinader-regresa-al-pais-tras-participar-en-fitur-2022\/"},"author":{"name":"Potencia Radiof\u00f3nica Dominicana","@id":"https:\/\/potenciaradiofonicadominicana.com\/portal\/#\/schema\/person\/a5cf1fea13877803ee0573ac18b03490"},"headline":"Abinader regresa al pa\u00eds tras participar en FITUR 2022","datePublished":"2022-01-22T14:04:26+00:00","mainEntityOfPage":{"@id":"https:\/\/potenciaradiofonicadominicana.com\/portal\/abinader-regresa-al-pais-tras-participar-en-fitur-2022\/"},"wordCount":795,"commentCount":0,"publisher":{"@id":"https:\/\/potenciaradiofonicadominicana.com\/portal\/#organization"},"image":{"@id":"https:\/\/potenciaradiofonicadominicana.com\/portal\/abinader-regresa-al-pais-tras-participar-en-fitur-2022\/#primaryimage"},"thumbnailUrl":"https:\/\/potenciaradiofonicadominicana.com\/portal\/wp-content\/uploads\/2022\/01\/REGRESA-DE-ESPANA-ABINADER-1024x666.jpg","articleSection":["Econom\u00eda"],"inLanguage":"es","potentialAction":[{"@type":"CommentAction","name":"Comment","target":["https:\/\/potenciaradiofonicadominicana.com\/portal\/abinader-regresa-al-pais-tras-participar-en-fitur-2022\/#respond"]}]},{"@type":"WebPage","@id":"https:\/\/potenciaradiofonicadominicana.com\/portal\/abinader-regresa-al-pais-tras-participar-en-fitur-2022\/","url":"https:\/\/potenciaradiofonicadominicana.com\/portal\/abinader-regresa-al-pais-tras-participar-en-fitur-2022\/","name":"Abinader regresa al pa\u00eds tras participar en FITUR 2022 - PotenciaRadiofonicaDominicana.com","isPartOf":{"@id":"https:\/\/potenciaradiofonicadominicana.com\/portal\/#website"},"primaryImageOfPage":{"@id":"https:\/\/potenciaradiofonicadominicana.com\/portal\/abinader-regresa-al-pais-tras-participar-en-fitur-2022\/#primaryimage"},"image":{"@id":"https:\/\/potenciaradiofonicadominicana.com\/portal\/abinader-regresa-al-pais-tras-participar-en-fitur-2022\/#primaryimage"},"thumbnailUrl":"https:\/\/potenciaradiofonicadominicana.com\/portal\/wp-content\/uploads\/2022\/01\/REGRESA-DE-ESPANA-ABINADER-1024x666.jpg","datePublished":"2022-01-22T14:04:26+00:00","breadcrumb":{"@id":"https:\/\/potenciaradiofonicadominicana.com\/portal\/abinader-regresa-al-pais-tras-participar-en-fitur-2022\/#breadcrumb"},"inLanguage":"es","potentialAction":[{"@type":"ReadAction","target":["https:\/\/potenciaradiofonicadominicana.com\/portal\/abinader-regresa-al-pais-tras-participar-en-fitur-2022\/"]}]},{"@type":"ImageObject","inLanguage":"es","@id":"https:\/\/potenciaradiofonicadominicana.com\/portal\/abinader-regresa-al-pais-tras-participar-en-fitur-2022\/#primaryimage","url":"https:\/\/potenciaradiofonicadominicana.com\/portal\/wp-content\/uploads\/2022\/01\/REGRESA-DE-ESPANA-ABINADER-1024x666.jpg","contentUrl":"https:\/\/potenciaradiofonicadominicana.com\/portal\/wp-content\/uploads\/2022\/01\/REGRESA-DE-ESPANA-ABINADER-1024x666.jpg","width":1024,"height":666},{"@type":"BreadcrumbList","@id":"https:\/\/potenciaradiofonicadominicana.com\/portal\/abinader-regresa-al-pais-tras-participar-en-fitur-2022\/#breadcrumb","itemListElement":[{"@type":"ListItem","position":1,"name":"Portada","item":"https:\/\/potenciaradiofonicadominicana.com\/portal\/"},{"@type":"ListItem","position":2,"name":"Abinader regresa al pa\u00eds tras participar en FITUR 2022"}]},{"@type":"WebSite","@id":"https:\/\/potenciaradiofonicadominicana.com\/portal\/#website","url":"https:\/\/potenciaradiofonicadominicana.com\/portal\/","name":"PotenciaRadiofonicaDominicana.com","description":"Peri\u00f3dico Digital","publisher":{"@id":"https:\/\/potenciaradiofonicadominicana.com\/portal\/#organization"},"potentialAction":[{"@type":"SearchAction","target":{"@type":"EntryPoint","urlTemplate":"https:\/\/potenciaradiofonicadominicana.com\/portal\/?s={search_term_string}"},"query-input":{"@type":"PropertyValueSpecification","valueRequired":true,"valueName":"search_term_string"}}],"inLanguage":"es"},{"@type":"Organization","@id":"https:\/\/potenciaradiofonicadominicana.com\/portal\/#organization","name":"PotenciaRadiofonicaDominicana.com","url":"https:\/\/potenciaradiofonicadominicana.com\/portal\/","logo":{"@type":"ImageObject","inLanguage":"es","@id":"https:\/\/potenciaradiofonicadominicana.com\/portal\/#\/schema\/logo\/image\/","url":"https:\/\/potenciaradiofonicadominicana.com\/portal\/wp-content\/uploads\/2022\/01\/descarga.png","contentUrl":"https:\/\/potenciaradiofonicadominicana.com\/portal\/wp-content\/uploads\/2022\/01\/descarga.png","width":300,"height":100,"caption":"PotenciaRadiofonicaDominicana.com"},"image":{"@id":"https:\/\/potenciaradiofonicadominicana.com\/portal\/#\/schema\/logo\/image\/"},"sameAs":["https:\/\/web.facebook.com\/PotenciaRadiofonicaD"]},{"@type":"Person","@id":"https:\/\/potenciaradiofonicadominicana.com\/portal\/#\/schema\/person\/a5cf1fea13877803ee0573ac18b03490","name":"Potencia Radiof\u00f3nica Dominicana","image":{"@type":"ImageObject","inLanguage":"es","@id":"https:\/\/potenciaradiofonicadominicana.com\/portal\/#\/schema\/person\/image\/","url":"https:\/\/secure.gravatar.com\/avatar\/42a55ab9e8ccc656ba34cd791990602a?s=96&d=mm&r=g","contentUrl":"https:\/\/secure.gravatar.com\/avatar\/42a55ab9e8ccc656ba34cd791990602a?s=96&d=mm&r=g","caption":"Potencia Radiof\u00f3nica Dominicana"},"url":"https:\/\/potenciaradiofonicadominicana.com\/portal\/author\/johannyalmanzar\/"}]}},"_links":{"self":[{"href":"https:\/\/potenciaradiofonicadominicana.com\/portal\/wp-json\/wp\/v2\/posts\/113534","targetHints":{"allow":["GET"]}}],"collection":[{"href":"https:\/\/potenciaradiofonicadominicana.com\/portal\/wp-json\/wp\/v2\/posts"}],"about":[{"href":"https:\/\/potenciaradiofonicadominicana.com\/portal\/wp-json\/wp\/v2\/types\/post"}],"author":[{"embeddable":true,"href":"https:\/\/potenciaradiofonicadominicana.com\/portal\/wp-json\/wp\/v2\/users\/2"}],"replies":[{"embeddable":true,"href":"https:\/\/potenciaradiofonicadominicana.com\/portal\/wp-json\/wp\/v2\/comments?post=113534"}],"version-history":[{"count":1,"href":"https:\/\/potenciaradiofonicadominicana.com\/portal\/wp-json\/wp\/v2\/posts\/113534\/revisions"}],"predecessor-version":[{"id":113536,"href":"https:\/\/potenciaradiofonicadominicana.com\/portal\/wp-json\/wp\/v2\/posts\/113534\/revisions\/113536"}],"wp:featuredmedia":[{"embeddable":true,"href":"https:\/\/potenciaradiofonicadominicana.com\/portal\/wp-json\/wp\/v2\/media\/113535"}],"wp:attachment":[{"href":"https:\/\/potenciaradiofonicadominicana.com\/portal\/wp-json\/wp\/v2\/media?parent=113534"}],"wp:term":[{"taxonomy":"category","embeddable":true,"href":"https:\/\/potenciaradiofonicadominicana.com\/portal\/wp-json\/wp\/v2\/categories?post=113534"},{"taxonomy":"post_tag","embeddable":true,"href":"https:\/\/potenciaradiofonicadominicana.com\/portal\/wp-json\/wp\/v2\/tags?post=113534"}],"curies":[{"name":"wp","href":"https:\/\/api.w.org\/{rel}","templated":true}]}}