{"id":113531,"date":"2022-01-22T10:02:23","date_gmt":"2022-01-22T14:02:23","guid":{"rendered":"https:\/\/potenciaradiofonicadominicana.com\/portal\/?p=113531"},"modified":"2022-01-22T10:02:23","modified_gmt":"2022-01-22T14:02:23","slug":"rd-logra-compromisos-y-acuerdos-superiores-a-us2000-millones","status":"publish","type":"post","link":"https:\/\/potenciaradiofonicadominicana.com\/portal\/rd-logra-compromisos-y-acuerdos-superiores-a-us2000-millones\/","title":{"rendered":"RD logra compromisos y acuerdos superiores a US$2,000 millones"},"content":{"rendered":"<p><a href=\"https:\/\/potenciaradiofonicadominicana.com\/portal\/wp-content\/uploads\/2022\/01\/bpd-BCL00370.jpg\"><img loading=\"lazy\" decoding=\"async\" class=\"alignnone size-full wp-image-113532\" src=\"https:\/\/potenciaradiofonicadominicana.com\/portal\/wp-content\/uploads\/2022\/01\/bpd-BCL00370.jpg\" alt=\"\" width=\"1024\" height=\"570\" srcset=\"https:\/\/potenciaradiofonicadominicana.com\/portal\/wp-content\/uploads\/2022\/01\/bpd-BCL00370.jpg 1024w, https:\/\/potenciaradiofonicadominicana.com\/portal\/wp-content\/uploads\/2022\/01\/bpd-BCL00370-300x167.jpg 300w, https:\/\/potenciaradiofonicadominicana.com\/portal\/wp-content\/uploads\/2022\/01\/bpd-BCL00370-768x428.jpg 768w\" sizes=\"auto, (max-width: 1024px) 100vw, 1024px\" \/><\/a><\/p>\n<p>La versi\u00f3n n\u00famero 42 de Feria Internacional de Turismo (Fitur) dejar\u00e1 grandes frutos para Rep\u00fablica Dominicana, que es su Pa\u00eds Socio este a\u00f1o.<br \/>\n<span id=\"more-1253034\"><\/span><br \/>\nLos dos principales financiadores del sector en la naci\u00f3n caribe\u00f1a, que son el Banco Popular Dominicano y el Banco de Reservas, han sostenido encuentros y reuniones en los que se identificaron importantes proyectos de inversi\u00f3n.<\/p>\n<p>El Popular inform\u00f3 qu\u00e9 inici\u00f3 el a\u00f1o 2022 con la evaluaci\u00f3n de 23 nuevos prospectos de financiamiento vinculados al sector hotelero.<\/p>\n<p>De estos proyectos, un total de 15 financiamientos se destinar\u00edan a nuevos desarrollos, algunos con fechas de finalizaci\u00f3n a 2024.<br \/>\nEn total, el monto de financiamiento de estos nuevos proyectos superar\u00eda los USD$1,071 millones y aportar\u00edan alrededor de 7,323 habitaciones, una suma que contempla habitaciones nuevas y reformadas.<\/p>\n<p>En adici\u00f3n a estos prospectos, en los d\u00edas que han transcurrido de Fitur, ejecutivos de la entidad financiera han sostenido reuniones donde se han identificado un estimado de 25 proyectos, con un monto total de inversi\u00f3n de unos US$1,200 millones\u201d, seg\u00fan explic\u00f3 el presidente ejecutivo, Christopher Paniagua.<\/p>\n<p>Mientras, el Banreservas, inform\u00f3 a trav\u00e9s de su administrador general, Samuel Pereyra, que perfila inversiones por alrededor de US$1,375 millones. \u201cEso se traduce en m\u00e1s de 3,700 habitaciones nuevas, que estar\u00edan ingresando o incorpor\u00e1ndose a las que ya existen en el sector hotelero nacional.<\/p>\n<p>El presidente de Rep\u00fablica Dominicana, Luis Abinader, sostuvo un encuentro con la prensa que cubre las incidencias de Fitur, horas antes de tomar un avi\u00f3n hacia su pa\u00eds, precisamente con el prop\u00f3sito de ofrecer detalles sobre los logros alcanzados.<\/p>\n<p>En ese encuentro, en Casino de Madrid, el jefe de Estado calcul\u00f3 que se han obtenido promesas de inversi\u00f3n por US$1,600 millones.<\/p>\n<p>Son detalles que de alguna manera pueden considerarse \u201cpreliminares\u201d, tomando en cuenta que cuando se ofrecieron la Fitur -del 19 al 22 de enero- no hab\u00eda concluido.<\/p>\n<p>Significa que es posible que los montos que se dieron a conocer sean m\u00e1s elevados, cuando se haga el cruce final entre un banco y otro y entre los propios n\u00fameros que maneja el jefe de Estado, en funci\u00f3n de reuniones que tambi\u00e9n sostuvo. Esas reuniones, con inversionistas y gente de negocios fueron 27 en total.<\/p>\n<p>Lo que sigue haciendo el banco del turismo<\/p>\n<p>El Banco Popular sigue reafirmando su compromiso de m\u00e1s de tres d\u00e9cadas apoyando al sector tur\u00edstico dominicano y acompa\u00f1ando a sus clientes en la soluci\u00f3n de sus necesidades financieras, para impulsar el desarrollo sostenible de la Rep\u00fablica Dominicana. \u201cPara nuestra organizaci\u00f3n financiera, Fitur constituye un escenario de alcance mundial y una oportunidad para la promoci\u00f3n de nuestro pa\u00eds como principal destino tur\u00edstico del Caribe insular\u201d, expres\u00f3. Inform\u00f3 que \u201clos inversionistas espa\u00f1oles son responsables del 70 % de la inversi\u00f3n hotelera en la Rep\u00fablica Dominicana, seg\u00fan ha indicado recientemente el presidente Abinader\u201d. \u201cDe aqu\u00ed la importancia de Fitur. Es un escenario de muy alta relevancia para la Rep\u00fablica Dominicana, porque es la primera cita anual para los profesionales del turismo mundial y la feria l\u00edder para los mercados receptores y emisores de Iberoam\u00e9rica\u201d, apunt\u00f3. Resalt\u00f3 que la participaci\u00f3n del presidente Abinader, ha sido de decisiva importancia para impulsar la dinamizaci\u00f3n y recuperaci\u00f3n del sector y su impacto en la econom\u00eda\u201d.<\/p>\n","protected":false},"excerpt":{"rendered":"<p>La versi\u00f3n n\u00famero 42 de Feria Internacional de Turismo (Fitur) dejar\u00e1 grandes frutos para Rep\u00fablica Dominicana, que es su Pa\u00eds &#8230;<\/p>\n","protected":false},"author":2,"featured_media":113532,"comment_status":"open","ping_status":"open","sticky":false,"template":"","format":"standard","meta":{"footnotes":""},"categories":[26],"tags":[],"class_list":["post-113531","post","type-post","status-publish","format-standard","has-post-thumbnail","hentry","category-economia"],"yoast_head":"<!-- This site is optimized with the Yoast SEO plugin v24.8.1 - https:\/\/yoast.com\/wordpress\/plugins\/seo\/ -->\n<title>RD logra compromisos y acuerdos superiores a US$2,000 millones - PotenciaRadiofonicaDominicana.com<\/title>\n<meta name=\"robots\" content=\"index, follow, max-snippet:-1, max-image-preview:large, max-video-preview:-1\" \/>\n<link rel=\"canonical\" href=\"https:\/\/potenciaradiofonicadominicana.com\/portal\/rd-logra-compromisos-y-acuerdos-superiores-a-us2000-millones\/\" \/>\n<meta property=\"og:locale\" content=\"es_ES\" \/>\n<meta property=\"og:type\" content=\"article\" \/>\n<meta property=\"og:title\" content=\"RD logra compromisos y acuerdos superiores a US$2,000 millones - PotenciaRadiofonicaDominicana.com\" \/>\n<meta property=\"og:description\" content=\"La versi\u00f3n n\u00famero 42 de Feria Internacional de Turismo (Fitur) dejar\u00e1 grandes frutos para Rep\u00fablica Dominicana, que es su Pa\u00eds ...\" \/>\n<meta property=\"og:url\" content=\"https:\/\/potenciaradiofonicadominicana.com\/portal\/rd-logra-compromisos-y-acuerdos-superiores-a-us2000-millones\/\" \/>\n<meta property=\"og:site_name\" content=\"PotenciaRadiofonicaDominicana.com\" \/>\n<meta property=\"article:publisher\" content=\"https:\/\/web.facebook.com\/PotenciaRadiofonicaD\" \/>\n<meta property=\"article:published_time\" content=\"2022-01-22T14:02:23+00:00\" \/>\n<meta property=\"og:image\" content=\"https:\/\/potenciaradiofonicadominicana.com\/portal\/wp-content\/uploads\/2022\/01\/bpd-BCL00370.jpg\" \/>\n\t<meta property=\"og:image:width\" content=\"1024\" \/>\n\t<meta property=\"og:image:height\" content=\"570\" \/>\n\t<meta property=\"og:image:type\" content=\"image\/jpeg\" \/>\n<meta name=\"author\" content=\"Potencia Radiof\u00f3nica Dominicana\" \/>\n<meta name=\"twitter:card\" content=\"summary_large_image\" \/>\n<meta name=\"twitter:label1\" content=\"Escrito por\" \/>\n\t<meta name=\"twitter:data1\" content=\"Potencia Radiof\u00f3nica Dominicana\" \/>\n\t<meta name=\"twitter:label2\" content=\"Tiempo de lectura\" \/>\n\t<meta name=\"twitter:data2\" content=\"3 minutos\" \/>\n<script type=\"application\/ld+json\" class=\"yoast-schema-graph\">{\"@context\":\"https:\/\/schema.org\",\"@graph\":[{\"@type\":\"Article\",\"@id\":\"https:\/\/potenciaradiofonicadominicana.com\/portal\/rd-logra-compromisos-y-acuerdos-superiores-a-us2000-millones\/#article\",\"isPartOf\":{\"@id\":\"https:\/\/potenciaradiofonicadominicana.com\/portal\/rd-logra-compromisos-y-acuerdos-superiores-a-us2000-millones\/\"},\"author\":{\"name\":\"Potencia Radiof\u00f3nica Dominicana\",\"@id\":\"https:\/\/potenciaradiofonicadominicana.com\/portal\/#\/schema\/person\/a5cf1fea13877803ee0573ac18b03490\"},\"headline\":\"RD logra compromisos y acuerdos superiores a US$2,000 millones\",\"datePublished\":\"2022-01-22T14:02:23+00:00\",\"mainEntityOfPage\":{\"@id\":\"https:\/\/potenciaradiofonicadominicana.com\/portal\/rd-logra-compromisos-y-acuerdos-superiores-a-us2000-millones\/\"},\"wordCount\":578,\"commentCount\":0,\"publisher\":{\"@id\":\"https:\/\/potenciaradiofonicadominicana.com\/portal\/#organization\"},\"image\":{\"@id\":\"https:\/\/potenciaradiofonicadominicana.com\/portal\/rd-logra-compromisos-y-acuerdos-superiores-a-us2000-millones\/#primaryimage\"},\"thumbnailUrl\":\"https:\/\/potenciaradiofonicadominicana.com\/portal\/wp-content\/uploads\/2022\/01\/bpd-BCL00370.jpg\",\"articleSection\":[\"Econom\u00eda\"],\"inLanguage\":\"es\",\"potentialAction\":[{\"@type\":\"CommentAction\",\"name\":\"Comment\",\"target\":[\"https:\/\/potenciaradiofonicadominicana.com\/portal\/rd-logra-compromisos-y-acuerdos-superiores-a-us2000-millones\/#respond\"]}]},{\"@type\":\"WebPage\",\"@id\":\"https:\/\/potenciaradiofonicadominicana.com\/portal\/rd-logra-compromisos-y-acuerdos-superiores-a-us2000-millones\/\",\"url\":\"https:\/\/potenciaradiofonicadominicana.com\/portal\/rd-logra-compromisos-y-acuerdos-superiores-a-us2000-millones\/\",\"name\":\"RD logra compromisos y acuerdos superiores a US$2,000 millones - PotenciaRadiofonicaDominicana.com\",\"isPartOf\":{\"@id\":\"https:\/\/potenciaradiofonicadominicana.com\/portal\/#website\"},\"primaryImageOfPage\":{\"@id\":\"https:\/\/potenciaradiofonicadominicana.com\/portal\/rd-logra-compromisos-y-acuerdos-superiores-a-us2000-millones\/#primaryimage\"},\"image\":{\"@id\":\"https:\/\/potenciaradiofonicadominicana.com\/portal\/rd-logra-compromisos-y-acuerdos-superiores-a-us2000-millones\/#primaryimage\"},\"thumbnailUrl\":\"https:\/\/potenciaradiofonicadominicana.com\/portal\/wp-content\/uploads\/2022\/01\/bpd-BCL00370.jpg\",\"datePublished\":\"2022-01-22T14:02:23+00:00\",\"breadcrumb\":{\"@id\":\"https:\/\/potenciaradiofonicadominicana.com\/portal\/rd-logra-compromisos-y-acuerdos-superiores-a-us2000-millones\/#breadcrumb\"},\"inLanguage\":\"es\",\"potentialAction\":[{\"@type\":\"ReadAction\",\"target\":[\"https:\/\/potenciaradiofonicadominicana.com\/portal\/rd-logra-compromisos-y-acuerdos-superiores-a-us2000-millones\/\"]}]},{\"@type\":\"ImageObject\",\"inLanguage\":\"es\",\"@id\":\"https:\/\/potenciaradiofonicadominicana.com\/portal\/rd-logra-compromisos-y-acuerdos-superiores-a-us2000-millones\/#primaryimage\",\"url\":\"https:\/\/potenciaradiofonicadominicana.com\/portal\/wp-content\/uploads\/2022\/01\/bpd-BCL00370.jpg\",\"contentUrl\":\"https:\/\/potenciaradiofonicadominicana.com\/portal\/wp-content\/uploads\/2022\/01\/bpd-BCL00370.jpg\",\"width\":1024,\"height\":570},{\"@type\":\"BreadcrumbList\",\"@id\":\"https:\/\/potenciaradiofonicadominicana.com\/portal\/rd-logra-compromisos-y-acuerdos-superiores-a-us2000-millones\/#breadcrumb\",\"itemListElement\":[{\"@type\":\"ListItem\",\"position\":1,\"name\":\"Portada\",\"item\":\"https:\/\/potenciaradiofonicadominicana.com\/portal\/\"},{\"@type\":\"ListItem\",\"position\":2,\"name\":\"RD logra compromisos y acuerdos superiores a US$2,000 millones\"}]},{\"@type\":\"WebSite\",\"@id\":\"https:\/\/potenciaradiofonicadominicana.com\/portal\/#website\",\"url\":\"https:\/\/potenciaradiofonicadominicana.com\/portal\/\",\"name\":\"PotenciaRadiofonicaDominicana.com\",\"description\":\"Peri\u00f3dico Digital\",\"publisher\":{\"@id\":\"https:\/\/potenciaradiofonicadominicana.com\/portal\/#organization\"},\"potentialAction\":[{\"@type\":\"SearchAction\",\"target\":{\"@type\":\"EntryPoint\",\"urlTemplate\":\"https:\/\/potenciaradiofonicadominicana.com\/portal\/?s={search_term_string}\"},\"query-input\":{\"@type\":\"PropertyValueSpecification\",\"valueRequired\":true,\"valueName\":\"search_term_string\"}}],\"inLanguage\":\"es\"},{\"@type\":\"Organization\",\"@id\":\"https:\/\/potenciaradiofonicadominicana.com\/portal\/#organization\",\"name\":\"PotenciaRadiofonicaDominicana.com\",\"url\":\"https:\/\/potenciaradiofonicadominicana.com\/portal\/\",\"logo\":{\"@type\":\"ImageObject\",\"inLanguage\":\"es\",\"@id\":\"https:\/\/potenciaradiofonicadominicana.com\/portal\/#\/schema\/logo\/image\/\",\"url\":\"https:\/\/potenciaradiofonicadominicana.com\/portal\/wp-content\/uploads\/2022\/01\/descarga.png\",\"contentUrl\":\"https:\/\/potenciaradiofonicadominicana.com\/portal\/wp-content\/uploads\/2022\/01\/descarga.png\",\"width\":300,\"height\":100,\"caption\":\"PotenciaRadiofonicaDominicana.com\"},\"image\":{\"@id\":\"https:\/\/potenciaradiofonicadominicana.com\/portal\/#\/schema\/logo\/image\/\"},\"sameAs\":[\"https:\/\/web.facebook.com\/PotenciaRadiofonicaD\"]},{\"@type\":\"Person\",\"@id\":\"https:\/\/potenciaradiofonicadominicana.com\/portal\/#\/schema\/person\/a5cf1fea13877803ee0573ac18b03490\",\"name\":\"Potencia Radiof\u00f3nica Dominicana\",\"image\":{\"@type\":\"ImageObject\",\"inLanguage\":\"es\",\"@id\":\"https:\/\/potenciaradiofonicadominicana.com\/portal\/#\/schema\/person\/image\/\",\"url\":\"https:\/\/secure.gravatar.com\/avatar\/42a55ab9e8ccc656ba34cd791990602a?s=96&d=mm&r=g\",\"contentUrl\":\"https:\/\/secure.gravatar.com\/avatar\/42a55ab9e8ccc656ba34cd791990602a?s=96&d=mm&r=g\",\"caption\":\"Potencia Radiof\u00f3nica Dominicana\"},\"url\":\"https:\/\/potenciaradiofonicadominicana.com\/portal\/author\/johannyalmanzar\/\"}]}<\/script>\n<!-- \/ Yoast SEO plugin. -->","yoast_head_json":{"title":"RD logra compromisos y acuerdos superiores a US$2,000 millones - PotenciaRadiofonicaDominicana.com","robots":{"index":"index","follow":"follow","max-snippet":"max-snippet:-1","max-image-preview":"max-image-preview:large","max-video-preview":"max-video-preview:-1"},"canonical":"https:\/\/potenciaradiofonicadominicana.com\/portal\/rd-logra-compromisos-y-acuerdos-superiores-a-us2000-millones\/","og_locale":"es_ES","og_type":"article","og_title":"RD logra compromisos y acuerdos superiores a US$2,000 millones - PotenciaRadiofonicaDominicana.com","og_description":"La versi\u00f3n n\u00famero 42 de Feria Internacional de Turismo (Fitur) dejar\u00e1 grandes frutos para Rep\u00fablica Dominicana, que es su Pa\u00eds ...","og_url":"https:\/\/potenciaradiofonicadominicana.com\/portal\/rd-logra-compromisos-y-acuerdos-superiores-a-us2000-millones\/","og_site_name":"PotenciaRadiofonicaDominicana.com","article_publisher":"https:\/\/web.facebook.com\/PotenciaRadiofonicaD","article_published_time":"2022-01-22T14:02:23+00:00","og_image":[{"width":1024,"height":570,"url":"https:\/\/potenciaradiofonicadominicana.com\/portal\/wp-content\/uploads\/2022\/01\/bpd-BCL00370.jpg","type":"image\/jpeg"}],"author":"Potencia Radiof\u00f3nica Dominicana","twitter_card":"summary_large_image","twitter_misc":{"Escrito por":"Potencia Radiof\u00f3nica Dominicana","Tiempo de lectura":"3 minutos"},"schema":{"@context":"https:\/\/schema.org","@graph":[{"@type":"Article","@id":"https:\/\/potenciaradiofonicadominicana.com\/portal\/rd-logra-compromisos-y-acuerdos-superiores-a-us2000-millones\/#article","isPartOf":{"@id":"https:\/\/potenciaradiofonicadominicana.com\/portal\/rd-logra-compromisos-y-acuerdos-superiores-a-us2000-millones\/"},"author":{"name":"Potencia Radiof\u00f3nica Dominicana","@id":"https:\/\/potenciaradiofonicadominicana.com\/portal\/#\/schema\/person\/a5cf1fea13877803ee0573ac18b03490"},"headline":"RD logra compromisos y acuerdos superiores a US$2,000 millones","datePublished":"2022-01-22T14:02:23+00:00","mainEntityOfPage":{"@id":"https:\/\/potenciaradiofonicadominicana.com\/portal\/rd-logra-compromisos-y-acuerdos-superiores-a-us2000-millones\/"},"wordCount":578,"commentCount":0,"publisher":{"@id":"https:\/\/potenciaradiofonicadominicana.com\/portal\/#organization"},"image":{"@id":"https:\/\/potenciaradiofonicadominicana.com\/portal\/rd-logra-compromisos-y-acuerdos-superiores-a-us2000-millones\/#primaryimage"},"thumbnailUrl":"https:\/\/potenciaradiofonicadominicana.com\/portal\/wp-content\/uploads\/2022\/01\/bpd-BCL00370.jpg","articleSection":["Econom\u00eda"],"inLanguage":"es","potentialAction":[{"@type":"CommentAction","name":"Comment","target":["https:\/\/potenciaradiofonicadominicana.com\/portal\/rd-logra-compromisos-y-acuerdos-superiores-a-us2000-millones\/#respond"]}]},{"@type":"WebPage","@id":"https:\/\/potenciaradiofonicadominicana.com\/portal\/rd-logra-compromisos-y-acuerdos-superiores-a-us2000-millones\/","url":"https:\/\/potenciaradiofonicadominicana.com\/portal\/rd-logra-compromisos-y-acuerdos-superiores-a-us2000-millones\/","name":"RD logra compromisos y acuerdos superiores a US$2,000 millones - PotenciaRadiofonicaDominicana.com","isPartOf":{"@id":"https:\/\/potenciaradiofonicadominicana.com\/portal\/#website"},"primaryImageOfPage":{"@id":"https:\/\/potenciaradiofonicadominicana.com\/portal\/rd-logra-compromisos-y-acuerdos-superiores-a-us2000-millones\/#primaryimage"},"image":{"@id":"https:\/\/potenciaradiofonicadominicana.com\/portal\/rd-logra-compromisos-y-acuerdos-superiores-a-us2000-millones\/#primaryimage"},"thumbnailUrl":"https:\/\/potenciaradiofonicadominicana.com\/portal\/wp-content\/uploads\/2022\/01\/bpd-BCL00370.jpg","datePublished":"2022-01-22T14:02:23+00:00","breadcrumb":{"@id":"https:\/\/potenciaradiofonicadominicana.com\/portal\/rd-logra-compromisos-y-acuerdos-superiores-a-us2000-millones\/#breadcrumb"},"inLanguage":"es","potentialAction":[{"@type":"ReadAction","target":["https:\/\/potenciaradiofonicadominicana.com\/portal\/rd-logra-compromisos-y-acuerdos-superiores-a-us2000-millones\/"]}]},{"@type":"ImageObject","inLanguage":"es","@id":"https:\/\/potenciaradiofonicadominicana.com\/portal\/rd-logra-compromisos-y-acuerdos-superiores-a-us2000-millones\/#primaryimage","url":"https:\/\/potenciaradiofonicadominicana.com\/portal\/wp-content\/uploads\/2022\/01\/bpd-BCL00370.jpg","contentUrl":"https:\/\/potenciaradiofonicadominicana.com\/portal\/wp-content\/uploads\/2022\/01\/bpd-BCL00370.jpg","width":1024,"height":570},{"@type":"BreadcrumbList","@id":"https:\/\/potenciaradiofonicadominicana.com\/portal\/rd-logra-compromisos-y-acuerdos-superiores-a-us2000-millones\/#breadcrumb","itemListElement":[{"@type":"ListItem","position":1,"name":"Portada","item":"https:\/\/potenciaradiofonicadominicana.com\/portal\/"},{"@type":"ListItem","position":2,"name":"RD logra compromisos y acuerdos superiores a US$2,000 millones"}]},{"@type":"WebSite","@id":"https:\/\/potenciaradiofonicadominicana.com\/portal\/#website","url":"https:\/\/potenciaradiofonicadominicana.com\/portal\/","name":"PotenciaRadiofonicaDominicana.com","description":"Peri\u00f3dico Digital","publisher":{"@id":"https:\/\/potenciaradiofonicadominicana.com\/portal\/#organization"},"potentialAction":[{"@type":"SearchAction","target":{"@type":"EntryPoint","urlTemplate":"https:\/\/potenciaradiofonicadominicana.com\/portal\/?s={search_term_string}"},"query-input":{"@type":"PropertyValueSpecification","valueRequired":true,"valueName":"search_term_string"}}],"inLanguage":"es"},{"@type":"Organization","@id":"https:\/\/potenciaradiofonicadominicana.com\/portal\/#organization","name":"PotenciaRadiofonicaDominicana.com","url":"https:\/\/potenciaradiofonicadominicana.com\/portal\/","logo":{"@type":"ImageObject","inLanguage":"es","@id":"https:\/\/potenciaradiofonicadominicana.com\/portal\/#\/schema\/logo\/image\/","url":"https:\/\/potenciaradiofonicadominicana.com\/portal\/wp-content\/uploads\/2022\/01\/descarga.png","contentUrl":"https:\/\/potenciaradiofonicadominicana.com\/portal\/wp-content\/uploads\/2022\/01\/descarga.png","width":300,"height":100,"caption":"PotenciaRadiofonicaDominicana.com"},"image":{"@id":"https:\/\/potenciaradiofonicadominicana.com\/portal\/#\/schema\/logo\/image\/"},"sameAs":["https:\/\/web.facebook.com\/PotenciaRadiofonicaD"]},{"@type":"Person","@id":"https:\/\/potenciaradiofonicadominicana.com\/portal\/#\/schema\/person\/a5cf1fea13877803ee0573ac18b03490","name":"Potencia Radiof\u00f3nica Dominicana","image":{"@type":"ImageObject","inLanguage":"es","@id":"https:\/\/potenciaradiofonicadominicana.com\/portal\/#\/schema\/person\/image\/","url":"https:\/\/secure.gravatar.com\/avatar\/42a55ab9e8ccc656ba34cd791990602a?s=96&d=mm&r=g","contentUrl":"https:\/\/secure.gravatar.com\/avatar\/42a55ab9e8ccc656ba34cd791990602a?s=96&d=mm&r=g","caption":"Potencia Radiof\u00f3nica Dominicana"},"url":"https:\/\/potenciaradiofonicadominicana.com\/portal\/author\/johannyalmanzar\/"}]}},"_links":{"self":[{"href":"https:\/\/potenciaradiofonicadominicana.com\/portal\/wp-json\/wp\/v2\/posts\/113531","targetHints":{"allow":["GET"]}}],"collection":[{"href":"https:\/\/potenciaradiofonicadominicana.com\/portal\/wp-json\/wp\/v2\/posts"}],"about":[{"href":"https:\/\/potenciaradiofonicadominicana.com\/portal\/wp-json\/wp\/v2\/types\/post"}],"author":[{"embeddable":true,"href":"https:\/\/potenciaradiofonicadominicana.com\/portal\/wp-json\/wp\/v2\/users\/2"}],"replies":[{"embeddable":true,"href":"https:\/\/potenciaradiofonicadominicana.com\/portal\/wp-json\/wp\/v2\/comments?post=113531"}],"version-history":[{"count":1,"href":"https:\/\/potenciaradiofonicadominicana.com\/portal\/wp-json\/wp\/v2\/posts\/113531\/revisions"}],"predecessor-version":[{"id":113533,"href":"https:\/\/potenciaradiofonicadominicana.com\/portal\/wp-json\/wp\/v2\/posts\/113531\/revisions\/113533"}],"wp:featuredmedia":[{"embeddable":true,"href":"https:\/\/potenciaradiofonicadominicana.com\/portal\/wp-json\/wp\/v2\/media\/113532"}],"wp:attachment":[{"href":"https:\/\/potenciaradiofonicadominicana.com\/portal\/wp-json\/wp\/v2\/media?parent=113531"}],"wp:term":[{"taxonomy":"category","embeddable":true,"href":"https:\/\/potenciaradiofonicadominicana.com\/portal\/wp-json\/wp\/v2\/categories?post=113531"},{"taxonomy":"post_tag","embeddable":true,"href":"https:\/\/potenciaradiofonicadominicana.com\/portal\/wp-json\/wp\/v2\/tags?post=113531"}],"curies":[{"name":"wp","href":"https:\/\/api.w.org\/{rel}","templated":true}]}}