{"id":113528,"date":"2022-01-22T10:00:23","date_gmt":"2022-01-22T14:00:23","guid":{"rendered":"https:\/\/potenciaradiofonicadominicana.com\/portal\/?p=113528"},"modified":"2022-01-22T10:00:23","modified_gmt":"2022-01-22T14:00:23","slug":"el-proyecto-de-pedernales-esta-armado-dice-gobierno","status":"publish","type":"post","link":"https:\/\/potenciaradiofonicadominicana.com\/portal\/el-proyecto-de-pedernales-esta-armado-dice-gobierno\/","title":{"rendered":"\u201cEl proyecto de Pedernales est\u00e1 armado\u201d, dice Gobierno"},"content":{"rendered":"<p><a href=\"https:\/\/potenciaradiofonicadominicana.com\/portal\/wp-content\/uploads\/2022\/01\/ea3448a6-pedernales-61eb3c5cb8386.jpg\"><img loading=\"lazy\" decoding=\"async\" class=\"alignnone size-full wp-image-113529\" src=\"https:\/\/potenciaradiofonicadominicana.com\/portal\/wp-content\/uploads\/2022\/01\/ea3448a6-pedernales-61eb3c5cb8386.jpg\" alt=\"\" width=\"1000\" height=\"461\" srcset=\"https:\/\/potenciaradiofonicadominicana.com\/portal\/wp-content\/uploads\/2022\/01\/ea3448a6-pedernales-61eb3c5cb8386.jpg 1000w, https:\/\/potenciaradiofonicadominicana.com\/portal\/wp-content\/uploads\/2022\/01\/ea3448a6-pedernales-61eb3c5cb8386-300x138.jpg 300w, https:\/\/potenciaradiofonicadominicana.com\/portal\/wp-content\/uploads\/2022\/01\/ea3448a6-pedernales-61eb3c5cb8386-768x354.jpg 768w\" sizes=\"auto, (max-width: 1000px) 100vw, 1000px\" \/><\/a><\/p>\n<p>El proyecto de desarrollo tur\u00edstico de Pedernales, en Rep\u00fablica Dominicana, est\u00e1 pr\u00e1cticamente armado, desde el punto de vista de capital, de financiamiento y de dise\u00f1o final de los hoteles que comenzar\u00e1n a construirse en el semestre de 2022.<span id=\"more-1253036\"><\/span><br \/>\nAs\u00ed lo inform\u00f3 el presidente Luis Abinader, en una presentaci\u00f3n que realiz\u00f3 a nuevos y potenciales inversionistas en la capital espa\u00f1ola.<\/p>\n<p>Asegur\u00f3 que en la provincia, situada al sur del pa\u00eds se est\u00e1n construyendo todas las infraestructuras, en t\u00e9rmino de agua, electricidad, \u201cy vienen otras sorpresas que posiblemente se anuncien en las pr\u00f3ximas tres semanas\u201d.<\/p>\n<p>\u201cYo les puedo decir que ese proyecto va a ser un motor del desarrollo\u201d, indic\u00f3.<\/p>\n<p>Seg\u00fan la Direcci\u00f3n de Alianzas P\u00fablico Privadas (DGAPP), seis conocidas cadenas hoteleras de marca internacional, como Hilton, Marriott, Sunwing, AmResorts, Iberostar Group y Karisma Hotels &amp; Resort, son las que est\u00e1n contempladas para iniciar operaciones en la apertura de la primera etapa del nuevo destino tur\u00edstico de Rep\u00fablica Dominicana en Cabo Rojo, Pedernales.<\/p>\n<p>El director ejecutivo de la DGAPP, Sigmund Freund, al presentar el M\u00e1ster Plan oficial del Proyecto de Desarrollo Tur\u00edstico de Pedernales, con la asistencia del presidente Luis Abinader, precis\u00f3 que en esta primera etapa del proyecto ser\u00e1n construidas 4,700 habitaciones, con una densidad de 30 habitaciones por hect\u00e1rea y agreg\u00f3 que \u00e9sta es la m\u00e1s baja en el desarrollo de polos tur\u00edsticos del pa\u00eds por su compromiso de ser un destino ecoamigable.<br \/>\nAgreg\u00f3 que Cabo Rojo-Pedernales tiene todas las condiciones para convertirse en un referente tur\u00edstico en el Caribe, ubicado en el mismo centro del Caribe, a una hora y 24 minutos de Miami, a 2 horas y 58 minutos de Nueva York y a 8:00 horas de Madrid.<\/p>\n<p>\u201cDesde ya Pedernales es un referente, pues es el \u00fanico destino en desarrollarse desde cero bajo una alianza p\u00fablico-privada, con un plan maestro que define cada detalle de su ejecuci\u00f3n en las cuatro fases previstas para implementarse en los pr\u00f3ximos 11 a\u00f1os\u201d, refiri\u00f3 Freund en la presentaci\u00f3n realizada en el sal\u00f3n Ballroom 1, del hotel Rosewood Villamagna, en Madrid.<\/p>\n<p>Durante la presentaci\u00f3n, los consultores responsables del dise\u00f1o del m\u00e1ster plan y del modelo financiero del proyecto, Diego Forero y Jos\u00e9 Gior Ariza, ofrecieron los detalles t\u00e9cnicos del proyecto.<\/p>\n<p>En el plan de inversi\u00f3n y el modelo de negocios oficial, expuesto por los consultores, se estima una inversi\u00f3n total de US$2,245 millones con el aporte p\u00fablico y privado. Destacaron que los terrenos aportados por el Estado tienen un valor de US$719.1 millones, mientras que en la construcci\u00f3n de los hoteles se proyecta una inversi\u00f3n de US$977.6 millones.<\/p>\n<p><strong>David Collado<\/strong><\/p>\n<p>El ministro de Turismo, David Collado, destac\u00f3 la importancia que tiene para el crecimiento del turismo dominicano y para la econom\u00eda dominicana el desarrollo de este nuevo destino y afirm\u00f3 que el impacto de este proyecto en la regi\u00f3n Sur es incalculable.<\/p>\n<p>Al cierre del acto de la presentaci\u00f3n, el presidente Luis Abinader reiter\u00f3 la importancia de este proyecto y anunci\u00f3 que tiene el compromiso de crear todas las infraestructuras necesarias para el desarrollo exitoso de la zona. El mandatario destac\u00f3 que este nuevo y espectacular polo tur\u00edstico crear\u00e1 cerca de 20,000 empleos directos y m\u00e1s de 50,000 empleos indirectos, con todo lo que esto supone para el dinamismo econ\u00f3mico de una regi\u00f3n, y concluy\u00f3 sus palabras afirmando que \u201ceste es uno de nuestros m\u00e1s ambiciosos proyectos. Uno de los m\u00e1s demandados y necesarios\u201d.<\/p>\n","protected":false},"excerpt":{"rendered":"<p>El proyecto de desarrollo tur\u00edstico de Pedernales, en Rep\u00fablica Dominicana, est\u00e1 pr\u00e1cticamente armado, desde el punto de vista de capital, &#8230;<\/p>\n","protected":false},"author":2,"featured_media":113529,"comment_status":"open","ping_status":"open","sticky":false,"template":"","format":"standard","meta":{"footnotes":""},"categories":[26],"tags":[],"class_list":["post-113528","post","type-post","status-publish","format-standard","has-post-thumbnail","hentry","category-economia"],"yoast_head":"<!-- This site is optimized with the Yoast SEO plugin v24.8.1 - https:\/\/yoast.com\/wordpress\/plugins\/seo\/ -->\n<title>\u201cEl proyecto de Pedernales est\u00e1 armado\u201d, dice Gobierno - PotenciaRadiofonicaDominicana.com<\/title>\n<meta name=\"robots\" content=\"index, follow, max-snippet:-1, max-image-preview:large, max-video-preview:-1\" \/>\n<link rel=\"canonical\" href=\"https:\/\/potenciaradiofonicadominicana.com\/portal\/el-proyecto-de-pedernales-esta-armado-dice-gobierno\/\" \/>\n<meta property=\"og:locale\" content=\"es_ES\" \/>\n<meta property=\"og:type\" content=\"article\" \/>\n<meta property=\"og:title\" content=\"\u201cEl proyecto de Pedernales est\u00e1 armado\u201d, dice Gobierno - PotenciaRadiofonicaDominicana.com\" \/>\n<meta property=\"og:description\" content=\"El proyecto de desarrollo tur\u00edstico de Pedernales, en Rep\u00fablica Dominicana, est\u00e1 pr\u00e1cticamente armado, desde el punto de vista de capital, ...\" \/>\n<meta property=\"og:url\" content=\"https:\/\/potenciaradiofonicadominicana.com\/portal\/el-proyecto-de-pedernales-esta-armado-dice-gobierno\/\" \/>\n<meta property=\"og:site_name\" content=\"PotenciaRadiofonicaDominicana.com\" \/>\n<meta property=\"article:publisher\" content=\"https:\/\/web.facebook.com\/PotenciaRadiofonicaD\" \/>\n<meta property=\"article:published_time\" content=\"2022-01-22T14:00:23+00:00\" \/>\n<meta property=\"og:image\" content=\"https:\/\/potenciaradiofonicadominicana.com\/portal\/wp-content\/uploads\/2022\/01\/ea3448a6-pedernales-61eb3c5cb8386.jpg\" \/>\n\t<meta property=\"og:image:width\" content=\"1000\" \/>\n\t<meta property=\"og:image:height\" content=\"461\" \/>\n\t<meta property=\"og:image:type\" content=\"image\/jpeg\" \/>\n<meta name=\"author\" content=\"Potencia Radiof\u00f3nica Dominicana\" \/>\n<meta name=\"twitter:card\" content=\"summary_large_image\" \/>\n<meta name=\"twitter:label1\" content=\"Escrito por\" \/>\n\t<meta name=\"twitter:data1\" content=\"Potencia Radiof\u00f3nica Dominicana\" \/>\n\t<meta name=\"twitter:label2\" content=\"Tiempo de lectura\" \/>\n\t<meta name=\"twitter:data2\" content=\"3 minutos\" \/>\n<script type=\"application\/ld+json\" class=\"yoast-schema-graph\">{\"@context\":\"https:\/\/schema.org\",\"@graph\":[{\"@type\":\"Article\",\"@id\":\"https:\/\/potenciaradiofonicadominicana.com\/portal\/el-proyecto-de-pedernales-esta-armado-dice-gobierno\/#article\",\"isPartOf\":{\"@id\":\"https:\/\/potenciaradiofonicadominicana.com\/portal\/el-proyecto-de-pedernales-esta-armado-dice-gobierno\/\"},\"author\":{\"name\":\"Potencia Radiof\u00f3nica Dominicana\",\"@id\":\"https:\/\/potenciaradiofonicadominicana.com\/portal\/#\/schema\/person\/a5cf1fea13877803ee0573ac18b03490\"},\"headline\":\"\u201cEl proyecto de Pedernales est\u00e1 armado\u201d, dice Gobierno\",\"datePublished\":\"2022-01-22T14:00:23+00:00\",\"mainEntityOfPage\":{\"@id\":\"https:\/\/potenciaradiofonicadominicana.com\/portal\/el-proyecto-de-pedernales-esta-armado-dice-gobierno\/\"},\"wordCount\":608,\"commentCount\":0,\"publisher\":{\"@id\":\"https:\/\/potenciaradiofonicadominicana.com\/portal\/#organization\"},\"image\":{\"@id\":\"https:\/\/potenciaradiofonicadominicana.com\/portal\/el-proyecto-de-pedernales-esta-armado-dice-gobierno\/#primaryimage\"},\"thumbnailUrl\":\"https:\/\/potenciaradiofonicadominicana.com\/portal\/wp-content\/uploads\/2022\/01\/ea3448a6-pedernales-61eb3c5cb8386.jpg\",\"articleSection\":[\"Econom\u00eda\"],\"inLanguage\":\"es\",\"potentialAction\":[{\"@type\":\"CommentAction\",\"name\":\"Comment\",\"target\":[\"https:\/\/potenciaradiofonicadominicana.com\/portal\/el-proyecto-de-pedernales-esta-armado-dice-gobierno\/#respond\"]}]},{\"@type\":\"WebPage\",\"@id\":\"https:\/\/potenciaradiofonicadominicana.com\/portal\/el-proyecto-de-pedernales-esta-armado-dice-gobierno\/\",\"url\":\"https:\/\/potenciaradiofonicadominicana.com\/portal\/el-proyecto-de-pedernales-esta-armado-dice-gobierno\/\",\"name\":\"\u201cEl proyecto de Pedernales est\u00e1 armado\u201d, dice Gobierno - PotenciaRadiofonicaDominicana.com\",\"isPartOf\":{\"@id\":\"https:\/\/potenciaradiofonicadominicana.com\/portal\/#website\"},\"primaryImageOfPage\":{\"@id\":\"https:\/\/potenciaradiofonicadominicana.com\/portal\/el-proyecto-de-pedernales-esta-armado-dice-gobierno\/#primaryimage\"},\"image\":{\"@id\":\"https:\/\/potenciaradiofonicadominicana.com\/portal\/el-proyecto-de-pedernales-esta-armado-dice-gobierno\/#primaryimage\"},\"thumbnailUrl\":\"https:\/\/potenciaradiofonicadominicana.com\/portal\/wp-content\/uploads\/2022\/01\/ea3448a6-pedernales-61eb3c5cb8386.jpg\",\"datePublished\":\"2022-01-22T14:00:23+00:00\",\"breadcrumb\":{\"@id\":\"https:\/\/potenciaradiofonicadominicana.com\/portal\/el-proyecto-de-pedernales-esta-armado-dice-gobierno\/#breadcrumb\"},\"inLanguage\":\"es\",\"potentialAction\":[{\"@type\":\"ReadAction\",\"target\":[\"https:\/\/potenciaradiofonicadominicana.com\/portal\/el-proyecto-de-pedernales-esta-armado-dice-gobierno\/\"]}]},{\"@type\":\"ImageObject\",\"inLanguage\":\"es\",\"@id\":\"https:\/\/potenciaradiofonicadominicana.com\/portal\/el-proyecto-de-pedernales-esta-armado-dice-gobierno\/#primaryimage\",\"url\":\"https:\/\/potenciaradiofonicadominicana.com\/portal\/wp-content\/uploads\/2022\/01\/ea3448a6-pedernales-61eb3c5cb8386.jpg\",\"contentUrl\":\"https:\/\/potenciaradiofonicadominicana.com\/portal\/wp-content\/uploads\/2022\/01\/ea3448a6-pedernales-61eb3c5cb8386.jpg\",\"width\":1000,\"height\":461},{\"@type\":\"BreadcrumbList\",\"@id\":\"https:\/\/potenciaradiofonicadominicana.com\/portal\/el-proyecto-de-pedernales-esta-armado-dice-gobierno\/#breadcrumb\",\"itemListElement\":[{\"@type\":\"ListItem\",\"position\":1,\"name\":\"Portada\",\"item\":\"https:\/\/potenciaradiofonicadominicana.com\/portal\/\"},{\"@type\":\"ListItem\",\"position\":2,\"name\":\"\u201cEl proyecto de Pedernales est\u00e1 armado\u201d, dice Gobierno\"}]},{\"@type\":\"WebSite\",\"@id\":\"https:\/\/potenciaradiofonicadominicana.com\/portal\/#website\",\"url\":\"https:\/\/potenciaradiofonicadominicana.com\/portal\/\",\"name\":\"PotenciaRadiofonicaDominicana.com\",\"description\":\"Peri\u00f3dico Digital\",\"publisher\":{\"@id\":\"https:\/\/potenciaradiofonicadominicana.com\/portal\/#organization\"},\"potentialAction\":[{\"@type\":\"SearchAction\",\"target\":{\"@type\":\"EntryPoint\",\"urlTemplate\":\"https:\/\/potenciaradiofonicadominicana.com\/portal\/?s={search_term_string}\"},\"query-input\":{\"@type\":\"PropertyValueSpecification\",\"valueRequired\":true,\"valueName\":\"search_term_string\"}}],\"inLanguage\":\"es\"},{\"@type\":\"Organization\",\"@id\":\"https:\/\/potenciaradiofonicadominicana.com\/portal\/#organization\",\"name\":\"PotenciaRadiofonicaDominicana.com\",\"url\":\"https:\/\/potenciaradiofonicadominicana.com\/portal\/\",\"logo\":{\"@type\":\"ImageObject\",\"inLanguage\":\"es\",\"@id\":\"https:\/\/potenciaradiofonicadominicana.com\/portal\/#\/schema\/logo\/image\/\",\"url\":\"https:\/\/potenciaradiofonicadominicana.com\/portal\/wp-content\/uploads\/2022\/01\/descarga.png\",\"contentUrl\":\"https:\/\/potenciaradiofonicadominicana.com\/portal\/wp-content\/uploads\/2022\/01\/descarga.png\",\"width\":300,\"height\":100,\"caption\":\"PotenciaRadiofonicaDominicana.com\"},\"image\":{\"@id\":\"https:\/\/potenciaradiofonicadominicana.com\/portal\/#\/schema\/logo\/image\/\"},\"sameAs\":[\"https:\/\/web.facebook.com\/PotenciaRadiofonicaD\"]},{\"@type\":\"Person\",\"@id\":\"https:\/\/potenciaradiofonicadominicana.com\/portal\/#\/schema\/person\/a5cf1fea13877803ee0573ac18b03490\",\"name\":\"Potencia Radiof\u00f3nica Dominicana\",\"image\":{\"@type\":\"ImageObject\",\"inLanguage\":\"es\",\"@id\":\"https:\/\/potenciaradiofonicadominicana.com\/portal\/#\/schema\/person\/image\/\",\"url\":\"https:\/\/secure.gravatar.com\/avatar\/42a55ab9e8ccc656ba34cd791990602a?s=96&d=mm&r=g\",\"contentUrl\":\"https:\/\/secure.gravatar.com\/avatar\/42a55ab9e8ccc656ba34cd791990602a?s=96&d=mm&r=g\",\"caption\":\"Potencia Radiof\u00f3nica Dominicana\"},\"url\":\"https:\/\/potenciaradiofonicadominicana.com\/portal\/author\/johannyalmanzar\/\"}]}<\/script>\n<!-- \/ Yoast SEO plugin. -->","yoast_head_json":{"title":"\u201cEl proyecto de Pedernales est\u00e1 armado\u201d, dice Gobierno - PotenciaRadiofonicaDominicana.com","robots":{"index":"index","follow":"follow","max-snippet":"max-snippet:-1","max-image-preview":"max-image-preview:large","max-video-preview":"max-video-preview:-1"},"canonical":"https:\/\/potenciaradiofonicadominicana.com\/portal\/el-proyecto-de-pedernales-esta-armado-dice-gobierno\/","og_locale":"es_ES","og_type":"article","og_title":"\u201cEl proyecto de Pedernales est\u00e1 armado\u201d, dice Gobierno - PotenciaRadiofonicaDominicana.com","og_description":"El proyecto de desarrollo tur\u00edstico de Pedernales, en Rep\u00fablica Dominicana, est\u00e1 pr\u00e1cticamente armado, desde el punto de vista de capital, ...","og_url":"https:\/\/potenciaradiofonicadominicana.com\/portal\/el-proyecto-de-pedernales-esta-armado-dice-gobierno\/","og_site_name":"PotenciaRadiofonicaDominicana.com","article_publisher":"https:\/\/web.facebook.com\/PotenciaRadiofonicaD","article_published_time":"2022-01-22T14:00:23+00:00","og_image":[{"width":1000,"height":461,"url":"https:\/\/potenciaradiofonicadominicana.com\/portal\/wp-content\/uploads\/2022\/01\/ea3448a6-pedernales-61eb3c5cb8386.jpg","type":"image\/jpeg"}],"author":"Potencia Radiof\u00f3nica Dominicana","twitter_card":"summary_large_image","twitter_misc":{"Escrito por":"Potencia Radiof\u00f3nica Dominicana","Tiempo de lectura":"3 minutos"},"schema":{"@context":"https:\/\/schema.org","@graph":[{"@type":"Article","@id":"https:\/\/potenciaradiofonicadominicana.com\/portal\/el-proyecto-de-pedernales-esta-armado-dice-gobierno\/#article","isPartOf":{"@id":"https:\/\/potenciaradiofonicadominicana.com\/portal\/el-proyecto-de-pedernales-esta-armado-dice-gobierno\/"},"author":{"name":"Potencia Radiof\u00f3nica Dominicana","@id":"https:\/\/potenciaradiofonicadominicana.com\/portal\/#\/schema\/person\/a5cf1fea13877803ee0573ac18b03490"},"headline":"\u201cEl proyecto de Pedernales est\u00e1 armado\u201d, dice Gobierno","datePublished":"2022-01-22T14:00:23+00:00","mainEntityOfPage":{"@id":"https:\/\/potenciaradiofonicadominicana.com\/portal\/el-proyecto-de-pedernales-esta-armado-dice-gobierno\/"},"wordCount":608,"commentCount":0,"publisher":{"@id":"https:\/\/potenciaradiofonicadominicana.com\/portal\/#organization"},"image":{"@id":"https:\/\/potenciaradiofonicadominicana.com\/portal\/el-proyecto-de-pedernales-esta-armado-dice-gobierno\/#primaryimage"},"thumbnailUrl":"https:\/\/potenciaradiofonicadominicana.com\/portal\/wp-content\/uploads\/2022\/01\/ea3448a6-pedernales-61eb3c5cb8386.jpg","articleSection":["Econom\u00eda"],"inLanguage":"es","potentialAction":[{"@type":"CommentAction","name":"Comment","target":["https:\/\/potenciaradiofonicadominicana.com\/portal\/el-proyecto-de-pedernales-esta-armado-dice-gobierno\/#respond"]}]},{"@type":"WebPage","@id":"https:\/\/potenciaradiofonicadominicana.com\/portal\/el-proyecto-de-pedernales-esta-armado-dice-gobierno\/","url":"https:\/\/potenciaradiofonicadominicana.com\/portal\/el-proyecto-de-pedernales-esta-armado-dice-gobierno\/","name":"\u201cEl proyecto de Pedernales est\u00e1 armado\u201d, dice Gobierno - PotenciaRadiofonicaDominicana.com","isPartOf":{"@id":"https:\/\/potenciaradiofonicadominicana.com\/portal\/#website"},"primaryImageOfPage":{"@id":"https:\/\/potenciaradiofonicadominicana.com\/portal\/el-proyecto-de-pedernales-esta-armado-dice-gobierno\/#primaryimage"},"image":{"@id":"https:\/\/potenciaradiofonicadominicana.com\/portal\/el-proyecto-de-pedernales-esta-armado-dice-gobierno\/#primaryimage"},"thumbnailUrl":"https:\/\/potenciaradiofonicadominicana.com\/portal\/wp-content\/uploads\/2022\/01\/ea3448a6-pedernales-61eb3c5cb8386.jpg","datePublished":"2022-01-22T14:00:23+00:00","breadcrumb":{"@id":"https:\/\/potenciaradiofonicadominicana.com\/portal\/el-proyecto-de-pedernales-esta-armado-dice-gobierno\/#breadcrumb"},"inLanguage":"es","potentialAction":[{"@type":"ReadAction","target":["https:\/\/potenciaradiofonicadominicana.com\/portal\/el-proyecto-de-pedernales-esta-armado-dice-gobierno\/"]}]},{"@type":"ImageObject","inLanguage":"es","@id":"https:\/\/potenciaradiofonicadominicana.com\/portal\/el-proyecto-de-pedernales-esta-armado-dice-gobierno\/#primaryimage","url":"https:\/\/potenciaradiofonicadominicana.com\/portal\/wp-content\/uploads\/2022\/01\/ea3448a6-pedernales-61eb3c5cb8386.jpg","contentUrl":"https:\/\/potenciaradiofonicadominicana.com\/portal\/wp-content\/uploads\/2022\/01\/ea3448a6-pedernales-61eb3c5cb8386.jpg","width":1000,"height":461},{"@type":"BreadcrumbList","@id":"https:\/\/potenciaradiofonicadominicana.com\/portal\/el-proyecto-de-pedernales-esta-armado-dice-gobierno\/#breadcrumb","itemListElement":[{"@type":"ListItem","position":1,"name":"Portada","item":"https:\/\/potenciaradiofonicadominicana.com\/portal\/"},{"@type":"ListItem","position":2,"name":"\u201cEl proyecto de Pedernales est\u00e1 armado\u201d, dice Gobierno"}]},{"@type":"WebSite","@id":"https:\/\/potenciaradiofonicadominicana.com\/portal\/#website","url":"https:\/\/potenciaradiofonicadominicana.com\/portal\/","name":"PotenciaRadiofonicaDominicana.com","description":"Peri\u00f3dico Digital","publisher":{"@id":"https:\/\/potenciaradiofonicadominicana.com\/portal\/#organization"},"potentialAction":[{"@type":"SearchAction","target":{"@type":"EntryPoint","urlTemplate":"https:\/\/potenciaradiofonicadominicana.com\/portal\/?s={search_term_string}"},"query-input":{"@type":"PropertyValueSpecification","valueRequired":true,"valueName":"search_term_string"}}],"inLanguage":"es"},{"@type":"Organization","@id":"https:\/\/potenciaradiofonicadominicana.com\/portal\/#organization","name":"PotenciaRadiofonicaDominicana.com","url":"https:\/\/potenciaradiofonicadominicana.com\/portal\/","logo":{"@type":"ImageObject","inLanguage":"es","@id":"https:\/\/potenciaradiofonicadominicana.com\/portal\/#\/schema\/logo\/image\/","url":"https:\/\/potenciaradiofonicadominicana.com\/portal\/wp-content\/uploads\/2022\/01\/descarga.png","contentUrl":"https:\/\/potenciaradiofonicadominicana.com\/portal\/wp-content\/uploads\/2022\/01\/descarga.png","width":300,"height":100,"caption":"PotenciaRadiofonicaDominicana.com"},"image":{"@id":"https:\/\/potenciaradiofonicadominicana.com\/portal\/#\/schema\/logo\/image\/"},"sameAs":["https:\/\/web.facebook.com\/PotenciaRadiofonicaD"]},{"@type":"Person","@id":"https:\/\/potenciaradiofonicadominicana.com\/portal\/#\/schema\/person\/a5cf1fea13877803ee0573ac18b03490","name":"Potencia Radiof\u00f3nica Dominicana","image":{"@type":"ImageObject","inLanguage":"es","@id":"https:\/\/potenciaradiofonicadominicana.com\/portal\/#\/schema\/person\/image\/","url":"https:\/\/secure.gravatar.com\/avatar\/42a55ab9e8ccc656ba34cd791990602a?s=96&d=mm&r=g","contentUrl":"https:\/\/secure.gravatar.com\/avatar\/42a55ab9e8ccc656ba34cd791990602a?s=96&d=mm&r=g","caption":"Potencia Radiof\u00f3nica Dominicana"},"url":"https:\/\/potenciaradiofonicadominicana.com\/portal\/author\/johannyalmanzar\/"}]}},"_links":{"self":[{"href":"https:\/\/potenciaradiofonicadominicana.com\/portal\/wp-json\/wp\/v2\/posts\/113528","targetHints":{"allow":["GET"]}}],"collection":[{"href":"https:\/\/potenciaradiofonicadominicana.com\/portal\/wp-json\/wp\/v2\/posts"}],"about":[{"href":"https:\/\/potenciaradiofonicadominicana.com\/portal\/wp-json\/wp\/v2\/types\/post"}],"author":[{"embeddable":true,"href":"https:\/\/potenciaradiofonicadominicana.com\/portal\/wp-json\/wp\/v2\/users\/2"}],"replies":[{"embeddable":true,"href":"https:\/\/potenciaradiofonicadominicana.com\/portal\/wp-json\/wp\/v2\/comments?post=113528"}],"version-history":[{"count":1,"href":"https:\/\/potenciaradiofonicadominicana.com\/portal\/wp-json\/wp\/v2\/posts\/113528\/revisions"}],"predecessor-version":[{"id":113530,"href":"https:\/\/potenciaradiofonicadominicana.com\/portal\/wp-json\/wp\/v2\/posts\/113528\/revisions\/113530"}],"wp:featuredmedia":[{"embeddable":true,"href":"https:\/\/potenciaradiofonicadominicana.com\/portal\/wp-json\/wp\/v2\/media\/113529"}],"wp:attachment":[{"href":"https:\/\/potenciaradiofonicadominicana.com\/portal\/wp-json\/wp\/v2\/media?parent=113528"}],"wp:term":[{"taxonomy":"category","embeddable":true,"href":"https:\/\/potenciaradiofonicadominicana.com\/portal\/wp-json\/wp\/v2\/categories?post=113528"},{"taxonomy":"post_tag","embeddable":true,"href":"https:\/\/potenciaradiofonicadominicana.com\/portal\/wp-json\/wp\/v2\/tags?post=113528"}],"curies":[{"name":"wp","href":"https:\/\/api.w.org\/{rel}","templated":true}]}}