{"id":113523,"date":"2022-01-22T09:58:59","date_gmt":"2022-01-22T13:58:59","guid":{"rendered":"https:\/\/potenciaradiofonicadominicana.com\/portal\/?p=113523"},"modified":"2022-01-22T09:58:59","modified_gmt":"2022-01-22T13:58:59","slug":"por-segunda-semana-el-glp-gasolinas-y-gasoil-suben-de-precios","status":"publish","type":"post","link":"https:\/\/potenciaradiofonicadominicana.com\/portal\/por-segunda-semana-el-glp-gasolinas-y-gasoil-suben-de-precios\/","title":{"rendered":"Por segunda semana el GLP, gasolinas y gasoil suben de precios"},"content":{"rendered":"<p><a href=\"https:\/\/potenciaradiofonicadominicana.com\/portal\/wp-content\/uploads\/2022\/01\/combustibles-impuestos-al-estado-e1521745319193-1.jpg\"><img loading=\"lazy\" decoding=\"async\" class=\"alignnone size-full wp-image-113526\" src=\"https:\/\/potenciaradiofonicadominicana.com\/portal\/wp-content\/uploads\/2022\/01\/combustibles-impuestos-al-estado-e1521745319193-1.jpg\" alt=\"\" width=\"990\" height=\"660\" srcset=\"https:\/\/potenciaradiofonicadominicana.com\/portal\/wp-content\/uploads\/2022\/01\/combustibles-impuestos-al-estado-e1521745319193-1.jpg 990w, https:\/\/potenciaradiofonicadominicana.com\/portal\/wp-content\/uploads\/2022\/01\/combustibles-impuestos-al-estado-e1521745319193-1-300x200.jpg 300w, https:\/\/potenciaradiofonicadominicana.com\/portal\/wp-content\/uploads\/2022\/01\/combustibles-impuestos-al-estado-e1521745319193-1-768x512.jpg 768w\" sizes=\"auto, (max-width: 990px) 100vw, 990px\" \/><\/a><\/p>\n<p>El Ministerio de Industria, Comercio y Mipymes (MICM) inform\u00f3 que dispuso alzas de entre RD$2.00 y RD$8.80 en los precios de todos los combustibles.<br \/>\n<span id=\"more-1253037\"><\/span><br \/>\nLos derivados de mayor impacto en la poblaci\u00f3n, el gas licuado de petr\u00f3leo (GLP), el gasoil y la gasolina regular, aumentaron dos pesos el primero y cuatro pesos los otros dos. En cambio la gasolina pr\u00e9mium y el gasoil \u00f3ptimo aumentaron RD$5.00.<br \/>\nSe repitieron los incrementos de la semana anterior en esos tres derivados de petr\u00f3leo.<\/p>\n<p>El MIC dijo que tom\u00f3 la medida para que los precios r\u00e9cord del barril de West Texas Intermediate (WTI), que rondan los 87 d\u00f3lares (un 17% m\u00e1s desde fines de 2021), siguen presionando al alza del mercado local de combustibles, y expres\u00f3 que el Gobierno contin\u00faa haciendo grandes esfuerzos para mantener la estabilidad del precio y evitar que afecte en gran escala a la ciudadan\u00eda.<\/p>\n<p><strong>Referencia externa<\/strong><\/p>\n<p>El MICM refiri\u00f3 que la Agencia Internacional de la Energ\u00eda (AIE) confirm\u00f3 que el mercado tiene un \u201cambiente m\u00e1s tenso de lo previsto\u201d, debido a la demanda y a la incapacidad de la Opep+ y sus aliados de alcanzar sus objetivos de producci\u00f3n.<\/p>\n<p>Para contrarrestar esta situaci\u00f3n el Gobierno dominicano asumir\u00e1 RD$14.31 en el caso del gas licuado de petr\u00f3leo; RD$4.00 para la gasolina premium; RD$12.40 para la gasolina regular; RD$25.84 en el caso del gasoil regular y RD$15.61 del precio del gal\u00f3n del \u00f3ptimo, lo cual representa hasta de un 87% del aumento que demandan los precios internacionales, una decisi\u00f3n amparada en el Decreto 625-11. Todo esto representa un monto total de RD$335 millones.<\/p>\n<p>Esta volatilidad de las alzas en los precios internacionales del petr\u00f3leo, provoca que para la semana del 22 al 28 de enero los siguientes precios: Gasolina Premium se vender\u00e1 a RD$283.60 por gal\u00f3n, aumenta RD$5.00.la gasolina regular sube RD$4.00 a RD$266.50 por gal\u00f3n, el gasoil regular se cotiza a RD$212.60, para un aumento de RD$4.00, en tanto el gasoil \u00f3ptimo increment\u00f3 RD$5.00 y se situ\u00f3 a RD$233.10 por gal\u00f3n.<\/p>\n<p><strong>Los combustibles de aviaci\u00f3n suben m\u00e1s<\/strong><\/p>\n<p>Asimismo, el avtur, que el combustible que utilizan los aviones cuyos motores son de turbinas, aument\u00f3 RD$8.70 y se cotiza a RD$194.38 por gal\u00f3n mientras que el otro combustible de aviaci\u00f3n, el kerosene subi\u00f3 a RD$223.60 por gal\u00f3n, clon un aumento de RD$8.80. El fuel o\u00edl #6 subi\u00f3 RD$5.31 a RD$158.95 y el fuel o\u00edl 1%S aument\u00f3 RD$4.28 a RD$176.29 por gal\u00f3n.<\/p>\n","protected":false},"excerpt":{"rendered":"<p>El Ministerio de Industria, Comercio y Mipymes (MICM) inform\u00f3 que dispuso alzas de entre RD$2.00 y RD$8.80 en los precios &#8230;<\/p>\n","protected":false},"author":2,"featured_media":113526,"comment_status":"open","ping_status":"open","sticky":false,"template":"","format":"standard","meta":{"footnotes":""},"categories":[26],"tags":[],"class_list":["post-113523","post","type-post","status-publish","format-standard","has-post-thumbnail","hentry","category-economia"],"yoast_head":"<!-- This site is optimized with the Yoast SEO plugin v24.8.1 - https:\/\/yoast.com\/wordpress\/plugins\/seo\/ -->\n<title>Por segunda semana el GLP, gasolinas y gasoil suben de precios - PotenciaRadiofonicaDominicana.com<\/title>\n<meta name=\"robots\" content=\"index, follow, max-snippet:-1, max-image-preview:large, max-video-preview:-1\" \/>\n<link rel=\"canonical\" href=\"https:\/\/potenciaradiofonicadominicana.com\/portal\/por-segunda-semana-el-glp-gasolinas-y-gasoil-suben-de-precios\/\" \/>\n<meta property=\"og:locale\" content=\"es_ES\" \/>\n<meta property=\"og:type\" content=\"article\" \/>\n<meta property=\"og:title\" content=\"Por segunda semana el GLP, gasolinas y gasoil suben de precios - PotenciaRadiofonicaDominicana.com\" \/>\n<meta property=\"og:description\" content=\"El Ministerio de Industria, Comercio y Mipymes (MICM) inform\u00f3 que dispuso alzas de entre RD$2.00 y RD$8.80 en los precios ...\" \/>\n<meta property=\"og:url\" content=\"https:\/\/potenciaradiofonicadominicana.com\/portal\/por-segunda-semana-el-glp-gasolinas-y-gasoil-suben-de-precios\/\" \/>\n<meta property=\"og:site_name\" content=\"PotenciaRadiofonicaDominicana.com\" \/>\n<meta property=\"article:publisher\" content=\"https:\/\/web.facebook.com\/PotenciaRadiofonicaD\" \/>\n<meta property=\"article:published_time\" content=\"2022-01-22T13:58:59+00:00\" \/>\n<meta property=\"og:image\" content=\"https:\/\/potenciaradiofonicadominicana.com\/portal\/wp-content\/uploads\/2022\/01\/combustibles-impuestos-al-estado-e1521745319193-1.jpg\" \/>\n\t<meta property=\"og:image:width\" content=\"990\" \/>\n\t<meta property=\"og:image:height\" content=\"660\" \/>\n\t<meta property=\"og:image:type\" content=\"image\/jpeg\" \/>\n<meta name=\"author\" content=\"Potencia Radiof\u00f3nica Dominicana\" \/>\n<meta name=\"twitter:card\" content=\"summary_large_image\" \/>\n<meta name=\"twitter:label1\" content=\"Escrito por\" \/>\n\t<meta name=\"twitter:data1\" content=\"Potencia Radiof\u00f3nica Dominicana\" \/>\n\t<meta name=\"twitter:label2\" content=\"Tiempo de lectura\" \/>\n\t<meta name=\"twitter:data2\" content=\"2 minutos\" \/>\n<script type=\"application\/ld+json\" class=\"yoast-schema-graph\">{\"@context\":\"https:\/\/schema.org\",\"@graph\":[{\"@type\":\"Article\",\"@id\":\"https:\/\/potenciaradiofonicadominicana.com\/portal\/por-segunda-semana-el-glp-gasolinas-y-gasoil-suben-de-precios\/#article\",\"isPartOf\":{\"@id\":\"https:\/\/potenciaradiofonicadominicana.com\/portal\/por-segunda-semana-el-glp-gasolinas-y-gasoil-suben-de-precios\/\"},\"author\":{\"name\":\"Potencia Radiof\u00f3nica Dominicana\",\"@id\":\"https:\/\/potenciaradiofonicadominicana.com\/portal\/#\/schema\/person\/a5cf1fea13877803ee0573ac18b03490\"},\"headline\":\"Por segunda semana el GLP, gasolinas y gasoil suben de precios\",\"datePublished\":\"2022-01-22T13:58:59+00:00\",\"mainEntityOfPage\":{\"@id\":\"https:\/\/potenciaradiofonicadominicana.com\/portal\/por-segunda-semana-el-glp-gasolinas-y-gasoil-suben-de-precios\/\"},\"wordCount\":432,\"commentCount\":0,\"publisher\":{\"@id\":\"https:\/\/potenciaradiofonicadominicana.com\/portal\/#organization\"},\"image\":{\"@id\":\"https:\/\/potenciaradiofonicadominicana.com\/portal\/por-segunda-semana-el-glp-gasolinas-y-gasoil-suben-de-precios\/#primaryimage\"},\"thumbnailUrl\":\"https:\/\/potenciaradiofonicadominicana.com\/portal\/wp-content\/uploads\/2022\/01\/combustibles-impuestos-al-estado-e1521745319193-1.jpg\",\"articleSection\":[\"Econom\u00eda\"],\"inLanguage\":\"es\",\"potentialAction\":[{\"@type\":\"CommentAction\",\"name\":\"Comment\",\"target\":[\"https:\/\/potenciaradiofonicadominicana.com\/portal\/por-segunda-semana-el-glp-gasolinas-y-gasoil-suben-de-precios\/#respond\"]}]},{\"@type\":\"WebPage\",\"@id\":\"https:\/\/potenciaradiofonicadominicana.com\/portal\/por-segunda-semana-el-glp-gasolinas-y-gasoil-suben-de-precios\/\",\"url\":\"https:\/\/potenciaradiofonicadominicana.com\/portal\/por-segunda-semana-el-glp-gasolinas-y-gasoil-suben-de-precios\/\",\"name\":\"Por segunda semana el GLP, gasolinas y gasoil suben de precios - PotenciaRadiofonicaDominicana.com\",\"isPartOf\":{\"@id\":\"https:\/\/potenciaradiofonicadominicana.com\/portal\/#website\"},\"primaryImageOfPage\":{\"@id\":\"https:\/\/potenciaradiofonicadominicana.com\/portal\/por-segunda-semana-el-glp-gasolinas-y-gasoil-suben-de-precios\/#primaryimage\"},\"image\":{\"@id\":\"https:\/\/potenciaradiofonicadominicana.com\/portal\/por-segunda-semana-el-glp-gasolinas-y-gasoil-suben-de-precios\/#primaryimage\"},\"thumbnailUrl\":\"https:\/\/potenciaradiofonicadominicana.com\/portal\/wp-content\/uploads\/2022\/01\/combustibles-impuestos-al-estado-e1521745319193-1.jpg\",\"datePublished\":\"2022-01-22T13:58:59+00:00\",\"breadcrumb\":{\"@id\":\"https:\/\/potenciaradiofonicadominicana.com\/portal\/por-segunda-semana-el-glp-gasolinas-y-gasoil-suben-de-precios\/#breadcrumb\"},\"inLanguage\":\"es\",\"potentialAction\":[{\"@type\":\"ReadAction\",\"target\":[\"https:\/\/potenciaradiofonicadominicana.com\/portal\/por-segunda-semana-el-glp-gasolinas-y-gasoil-suben-de-precios\/\"]}]},{\"@type\":\"ImageObject\",\"inLanguage\":\"es\",\"@id\":\"https:\/\/potenciaradiofonicadominicana.com\/portal\/por-segunda-semana-el-glp-gasolinas-y-gasoil-suben-de-precios\/#primaryimage\",\"url\":\"https:\/\/potenciaradiofonicadominicana.com\/portal\/wp-content\/uploads\/2022\/01\/combustibles-impuestos-al-estado-e1521745319193-1.jpg\",\"contentUrl\":\"https:\/\/potenciaradiofonicadominicana.com\/portal\/wp-content\/uploads\/2022\/01\/combustibles-impuestos-al-estado-e1521745319193-1.jpg\",\"width\":990,\"height\":660},{\"@type\":\"BreadcrumbList\",\"@id\":\"https:\/\/potenciaradiofonicadominicana.com\/portal\/por-segunda-semana-el-glp-gasolinas-y-gasoil-suben-de-precios\/#breadcrumb\",\"itemListElement\":[{\"@type\":\"ListItem\",\"position\":1,\"name\":\"Portada\",\"item\":\"https:\/\/potenciaradiofonicadominicana.com\/portal\/\"},{\"@type\":\"ListItem\",\"position\":2,\"name\":\"Por segunda semana el GLP, gasolinas y gasoil suben de precios\"}]},{\"@type\":\"WebSite\",\"@id\":\"https:\/\/potenciaradiofonicadominicana.com\/portal\/#website\",\"url\":\"https:\/\/potenciaradiofonicadominicana.com\/portal\/\",\"name\":\"PotenciaRadiofonicaDominicana.com\",\"description\":\"Peri\u00f3dico Digital\",\"publisher\":{\"@id\":\"https:\/\/potenciaradiofonicadominicana.com\/portal\/#organization\"},\"potentialAction\":[{\"@type\":\"SearchAction\",\"target\":{\"@type\":\"EntryPoint\",\"urlTemplate\":\"https:\/\/potenciaradiofonicadominicana.com\/portal\/?s={search_term_string}\"},\"query-input\":{\"@type\":\"PropertyValueSpecification\",\"valueRequired\":true,\"valueName\":\"search_term_string\"}}],\"inLanguage\":\"es\"},{\"@type\":\"Organization\",\"@id\":\"https:\/\/potenciaradiofonicadominicana.com\/portal\/#organization\",\"name\":\"PotenciaRadiofonicaDominicana.com\",\"url\":\"https:\/\/potenciaradiofonicadominicana.com\/portal\/\",\"logo\":{\"@type\":\"ImageObject\",\"inLanguage\":\"es\",\"@id\":\"https:\/\/potenciaradiofonicadominicana.com\/portal\/#\/schema\/logo\/image\/\",\"url\":\"https:\/\/potenciaradiofonicadominicana.com\/portal\/wp-content\/uploads\/2022\/01\/descarga.png\",\"contentUrl\":\"https:\/\/potenciaradiofonicadominicana.com\/portal\/wp-content\/uploads\/2022\/01\/descarga.png\",\"width\":300,\"height\":100,\"caption\":\"PotenciaRadiofonicaDominicana.com\"},\"image\":{\"@id\":\"https:\/\/potenciaradiofonicadominicana.com\/portal\/#\/schema\/logo\/image\/\"},\"sameAs\":[\"https:\/\/web.facebook.com\/PotenciaRadiofonicaD\"]},{\"@type\":\"Person\",\"@id\":\"https:\/\/potenciaradiofonicadominicana.com\/portal\/#\/schema\/person\/a5cf1fea13877803ee0573ac18b03490\",\"name\":\"Potencia Radiof\u00f3nica Dominicana\",\"image\":{\"@type\":\"ImageObject\",\"inLanguage\":\"es\",\"@id\":\"https:\/\/potenciaradiofonicadominicana.com\/portal\/#\/schema\/person\/image\/\",\"url\":\"https:\/\/secure.gravatar.com\/avatar\/42a55ab9e8ccc656ba34cd791990602a?s=96&d=mm&r=g\",\"contentUrl\":\"https:\/\/secure.gravatar.com\/avatar\/42a55ab9e8ccc656ba34cd791990602a?s=96&d=mm&r=g\",\"caption\":\"Potencia Radiof\u00f3nica Dominicana\"},\"url\":\"https:\/\/potenciaradiofonicadominicana.com\/portal\/author\/johannyalmanzar\/\"}]}<\/script>\n<!-- \/ Yoast SEO plugin. -->","yoast_head_json":{"title":"Por segunda semana el GLP, gasolinas y gasoil suben de precios - PotenciaRadiofonicaDominicana.com","robots":{"index":"index","follow":"follow","max-snippet":"max-snippet:-1","max-image-preview":"max-image-preview:large","max-video-preview":"max-video-preview:-1"},"canonical":"https:\/\/potenciaradiofonicadominicana.com\/portal\/por-segunda-semana-el-glp-gasolinas-y-gasoil-suben-de-precios\/","og_locale":"es_ES","og_type":"article","og_title":"Por segunda semana el GLP, gasolinas y gasoil suben de precios - PotenciaRadiofonicaDominicana.com","og_description":"El Ministerio de Industria, Comercio y Mipymes (MICM) inform\u00f3 que dispuso alzas de entre RD$2.00 y RD$8.80 en los precios ...","og_url":"https:\/\/potenciaradiofonicadominicana.com\/portal\/por-segunda-semana-el-glp-gasolinas-y-gasoil-suben-de-precios\/","og_site_name":"PotenciaRadiofonicaDominicana.com","article_publisher":"https:\/\/web.facebook.com\/PotenciaRadiofonicaD","article_published_time":"2022-01-22T13:58:59+00:00","og_image":[{"width":990,"height":660,"url":"https:\/\/potenciaradiofonicadominicana.com\/portal\/wp-content\/uploads\/2022\/01\/combustibles-impuestos-al-estado-e1521745319193-1.jpg","type":"image\/jpeg"}],"author":"Potencia Radiof\u00f3nica Dominicana","twitter_card":"summary_large_image","twitter_misc":{"Escrito por":"Potencia Radiof\u00f3nica Dominicana","Tiempo de lectura":"2 minutos"},"schema":{"@context":"https:\/\/schema.org","@graph":[{"@type":"Article","@id":"https:\/\/potenciaradiofonicadominicana.com\/portal\/por-segunda-semana-el-glp-gasolinas-y-gasoil-suben-de-precios\/#article","isPartOf":{"@id":"https:\/\/potenciaradiofonicadominicana.com\/portal\/por-segunda-semana-el-glp-gasolinas-y-gasoil-suben-de-precios\/"},"author":{"name":"Potencia Radiof\u00f3nica Dominicana","@id":"https:\/\/potenciaradiofonicadominicana.com\/portal\/#\/schema\/person\/a5cf1fea13877803ee0573ac18b03490"},"headline":"Por segunda semana el GLP, gasolinas y gasoil suben de precios","datePublished":"2022-01-22T13:58:59+00:00","mainEntityOfPage":{"@id":"https:\/\/potenciaradiofonicadominicana.com\/portal\/por-segunda-semana-el-glp-gasolinas-y-gasoil-suben-de-precios\/"},"wordCount":432,"commentCount":0,"publisher":{"@id":"https:\/\/potenciaradiofonicadominicana.com\/portal\/#organization"},"image":{"@id":"https:\/\/potenciaradiofonicadominicana.com\/portal\/por-segunda-semana-el-glp-gasolinas-y-gasoil-suben-de-precios\/#primaryimage"},"thumbnailUrl":"https:\/\/potenciaradiofonicadominicana.com\/portal\/wp-content\/uploads\/2022\/01\/combustibles-impuestos-al-estado-e1521745319193-1.jpg","articleSection":["Econom\u00eda"],"inLanguage":"es","potentialAction":[{"@type":"CommentAction","name":"Comment","target":["https:\/\/potenciaradiofonicadominicana.com\/portal\/por-segunda-semana-el-glp-gasolinas-y-gasoil-suben-de-precios\/#respond"]}]},{"@type":"WebPage","@id":"https:\/\/potenciaradiofonicadominicana.com\/portal\/por-segunda-semana-el-glp-gasolinas-y-gasoil-suben-de-precios\/","url":"https:\/\/potenciaradiofonicadominicana.com\/portal\/por-segunda-semana-el-glp-gasolinas-y-gasoil-suben-de-precios\/","name":"Por segunda semana el GLP, gasolinas y gasoil suben de precios - PotenciaRadiofonicaDominicana.com","isPartOf":{"@id":"https:\/\/potenciaradiofonicadominicana.com\/portal\/#website"},"primaryImageOfPage":{"@id":"https:\/\/potenciaradiofonicadominicana.com\/portal\/por-segunda-semana-el-glp-gasolinas-y-gasoil-suben-de-precios\/#primaryimage"},"image":{"@id":"https:\/\/potenciaradiofonicadominicana.com\/portal\/por-segunda-semana-el-glp-gasolinas-y-gasoil-suben-de-precios\/#primaryimage"},"thumbnailUrl":"https:\/\/potenciaradiofonicadominicana.com\/portal\/wp-content\/uploads\/2022\/01\/combustibles-impuestos-al-estado-e1521745319193-1.jpg","datePublished":"2022-01-22T13:58:59+00:00","breadcrumb":{"@id":"https:\/\/potenciaradiofonicadominicana.com\/portal\/por-segunda-semana-el-glp-gasolinas-y-gasoil-suben-de-precios\/#breadcrumb"},"inLanguage":"es","potentialAction":[{"@type":"ReadAction","target":["https:\/\/potenciaradiofonicadominicana.com\/portal\/por-segunda-semana-el-glp-gasolinas-y-gasoil-suben-de-precios\/"]}]},{"@type":"ImageObject","inLanguage":"es","@id":"https:\/\/potenciaradiofonicadominicana.com\/portal\/por-segunda-semana-el-glp-gasolinas-y-gasoil-suben-de-precios\/#primaryimage","url":"https:\/\/potenciaradiofonicadominicana.com\/portal\/wp-content\/uploads\/2022\/01\/combustibles-impuestos-al-estado-e1521745319193-1.jpg","contentUrl":"https:\/\/potenciaradiofonicadominicana.com\/portal\/wp-content\/uploads\/2022\/01\/combustibles-impuestos-al-estado-e1521745319193-1.jpg","width":990,"height":660},{"@type":"BreadcrumbList","@id":"https:\/\/potenciaradiofonicadominicana.com\/portal\/por-segunda-semana-el-glp-gasolinas-y-gasoil-suben-de-precios\/#breadcrumb","itemListElement":[{"@type":"ListItem","position":1,"name":"Portada","item":"https:\/\/potenciaradiofonicadominicana.com\/portal\/"},{"@type":"ListItem","position":2,"name":"Por segunda semana el GLP, gasolinas y gasoil suben de precios"}]},{"@type":"WebSite","@id":"https:\/\/potenciaradiofonicadominicana.com\/portal\/#website","url":"https:\/\/potenciaradiofonicadominicana.com\/portal\/","name":"PotenciaRadiofonicaDominicana.com","description":"Peri\u00f3dico Digital","publisher":{"@id":"https:\/\/potenciaradiofonicadominicana.com\/portal\/#organization"},"potentialAction":[{"@type":"SearchAction","target":{"@type":"EntryPoint","urlTemplate":"https:\/\/potenciaradiofonicadominicana.com\/portal\/?s={search_term_string}"},"query-input":{"@type":"PropertyValueSpecification","valueRequired":true,"valueName":"search_term_string"}}],"inLanguage":"es"},{"@type":"Organization","@id":"https:\/\/potenciaradiofonicadominicana.com\/portal\/#organization","name":"PotenciaRadiofonicaDominicana.com","url":"https:\/\/potenciaradiofonicadominicana.com\/portal\/","logo":{"@type":"ImageObject","inLanguage":"es","@id":"https:\/\/potenciaradiofonicadominicana.com\/portal\/#\/schema\/logo\/image\/","url":"https:\/\/potenciaradiofonicadominicana.com\/portal\/wp-content\/uploads\/2022\/01\/descarga.png","contentUrl":"https:\/\/potenciaradiofonicadominicana.com\/portal\/wp-content\/uploads\/2022\/01\/descarga.png","width":300,"height":100,"caption":"PotenciaRadiofonicaDominicana.com"},"image":{"@id":"https:\/\/potenciaradiofonicadominicana.com\/portal\/#\/schema\/logo\/image\/"},"sameAs":["https:\/\/web.facebook.com\/PotenciaRadiofonicaD"]},{"@type":"Person","@id":"https:\/\/potenciaradiofonicadominicana.com\/portal\/#\/schema\/person\/a5cf1fea13877803ee0573ac18b03490","name":"Potencia Radiof\u00f3nica Dominicana","image":{"@type":"ImageObject","inLanguage":"es","@id":"https:\/\/potenciaradiofonicadominicana.com\/portal\/#\/schema\/person\/image\/","url":"https:\/\/secure.gravatar.com\/avatar\/42a55ab9e8ccc656ba34cd791990602a?s=96&d=mm&r=g","contentUrl":"https:\/\/secure.gravatar.com\/avatar\/42a55ab9e8ccc656ba34cd791990602a?s=96&d=mm&r=g","caption":"Potencia Radiof\u00f3nica Dominicana"},"url":"https:\/\/potenciaradiofonicadominicana.com\/portal\/author\/johannyalmanzar\/"}]}},"_links":{"self":[{"href":"https:\/\/potenciaradiofonicadominicana.com\/portal\/wp-json\/wp\/v2\/posts\/113523","targetHints":{"allow":["GET"]}}],"collection":[{"href":"https:\/\/potenciaradiofonicadominicana.com\/portal\/wp-json\/wp\/v2\/posts"}],"about":[{"href":"https:\/\/potenciaradiofonicadominicana.com\/portal\/wp-json\/wp\/v2\/types\/post"}],"author":[{"embeddable":true,"href":"https:\/\/potenciaradiofonicadominicana.com\/portal\/wp-json\/wp\/v2\/users\/2"}],"replies":[{"embeddable":true,"href":"https:\/\/potenciaradiofonicadominicana.com\/portal\/wp-json\/wp\/v2\/comments?post=113523"}],"version-history":[{"count":1,"href":"https:\/\/potenciaradiofonicadominicana.com\/portal\/wp-json\/wp\/v2\/posts\/113523\/revisions"}],"predecessor-version":[{"id":113527,"href":"https:\/\/potenciaradiofonicadominicana.com\/portal\/wp-json\/wp\/v2\/posts\/113523\/revisions\/113527"}],"wp:featuredmedia":[{"embeddable":true,"href":"https:\/\/potenciaradiofonicadominicana.com\/portal\/wp-json\/wp\/v2\/media\/113526"}],"wp:attachment":[{"href":"https:\/\/potenciaradiofonicadominicana.com\/portal\/wp-json\/wp\/v2\/media?parent=113523"}],"wp:term":[{"taxonomy":"category","embeddable":true,"href":"https:\/\/potenciaradiofonicadominicana.com\/portal\/wp-json\/wp\/v2\/categories?post=113523"},{"taxonomy":"post_tag","embeddable":true,"href":"https:\/\/potenciaradiofonicadominicana.com\/portal\/wp-json\/wp\/v2\/tags?post=113523"}],"curies":[{"name":"wp","href":"https:\/\/api.w.org\/{rel}","templated":true}]}}