{"id":113435,"date":"2022-01-21T14:02:21","date_gmt":"2022-01-21T18:02:21","guid":{"rendered":"https:\/\/potenciaradiofonicadominicana.com\/portal\/?p=113435"},"modified":"2022-01-21T14:02:21","modified_gmt":"2022-01-21T18:02:21","slug":"amaya-salazar-inaugura-exposicion-en-el-museo-de-arte-moderno","status":"publish","type":"post","link":"https:\/\/potenciaradiofonicadominicana.com\/portal\/amaya-salazar-inaugura-exposicion-en-el-museo-de-arte-moderno\/","title":{"rendered":"Amaya Salazar inaugura exposici\u00f3n en el Museo de Arte Moderno"},"content":{"rendered":"<p><a href=\"https:\/\/potenciaradiofonicadominicana.com\/portal\/wp-content\/uploads\/2022\/01\/img1828-fd9209a1-focus-0-0-895-573.jpg\"><img loading=\"lazy\" decoding=\"async\" class=\"alignnone size-full wp-image-113436\" src=\"https:\/\/potenciaradiofonicadominicana.com\/portal\/wp-content\/uploads\/2022\/01\/img1828-fd9209a1-focus-0-0-895-573.jpg\" alt=\"\" width=\"895\" height=\"573\" srcset=\"https:\/\/potenciaradiofonicadominicana.com\/portal\/wp-content\/uploads\/2022\/01\/img1828-fd9209a1-focus-0-0-895-573.jpg 895w, https:\/\/potenciaradiofonicadominicana.com\/portal\/wp-content\/uploads\/2022\/01\/img1828-fd9209a1-focus-0-0-895-573-300x192.jpg 300w, https:\/\/potenciaradiofonicadominicana.com\/portal\/wp-content\/uploads\/2022\/01\/img1828-fd9209a1-focus-0-0-895-573-768x492.jpg 768w\" sizes=\"auto, (max-width: 895px) 100vw, 895px\" \/><\/a><\/p>\n<p>La artista Amaya Salazar presenta \u201cAmaya, espacio, color, luz\u201d en el\u00a0Museo de Arte Moderno. Esta nueva exposici\u00f3n muestra una visi\u00f3n optimista de la vida, celebra vivencias plenas y se aleja del pesimismo representado en el postmodernismo, con figuras que representan la vida desde la maternidad.<\/p>\n<p>Esta muestra realizada por el Ministerio de Cultura, marca el inicio del programa de exposiciones que durante el a\u00f1o 2022 desarrollar\u00e1 el\u00a0Museo de Arte Moderno. \u00abAmaya, espacio, color, luz\u201d estar\u00e1 disponible hasta el 24 de abril, en el segundo nivel de este espacio en horario de martes a domingo, de 10:00 de la ma\u00f1ana a 6:00 de la tarde<\/p>\n<div class=\"my-12 component gallery relative\">\n<div class=\"slider slider-gallery slick-initialized slick-slider\">\n<div class=\"slick-list draggable\">\n<div class=\"slick-track\">\n<div class=\"slider slider-gallery slick-slide slick-current slick-active slick-initialized slick-slider\" tabindex=\"0\" data-slick-index=\"0\" aria-hidden=\"false\">\n<div class=\"slick-list draggable\">\n<div class=\"slick-track\">\n<figure id=\"\" class=\"item slick-slide slick-cloned\" tabindex=\"-1\" data-slick-index=\"-1\" aria-hidden=\"true\"><figcaption>Francisco Caro, Nuriana Pimentel, Karen Herrera y Carlos Ferdinand.\u00a0(JOS\u00c9 ALEXANDER ARIAS\u00a0)<\/figcaption><\/figure>\n<figure class=\"item slick-slide\" tabindex=\"-1\" data-slick-index=\"0\" aria-hidden=\"true\">\n<div class=\"expand-img-placeholder\"><img loading=\"lazy\" decoding=\"async\" src=\"https:\/\/diariolibre.blob.core.windows.net.optimalcdn.com\/images\/expand.svg\" alt=\"Expandir imagen\" width=\"20\" height=\"20\" \/><\/div>\n<picture><img loading=\"lazy\" decoding=\"async\" class=\"w-full object-cover lazy loading\" src=\"https:\/\/diariolibre.blob.core.windows.net.optimalcdn.com\/images\/2022\/01\/21\/ann-rule-y-otro-con-traje-formal-2dcdc7ba.jpeg\" alt=\"Rodolfo Henr\u00edquez, Luis Hern\u00e1ndez, Michela Hern\u00e1ndez y Miguel Hern\u00e1ndez. \" width=\"546\" height=\"350\" data-was-processed=\"true\" \/><\/picture><figcaption>Rodolfo Henr\u00edquez, Luis Hern\u00e1ndez, Michela Hern\u00e1ndez y Miguel Hern\u00e1ndez.\u00a0(JOS\u00c9 ALEXANDER ARIAS\u00a0)<\/figcaption><\/figure>\n<figure class=\"item slick-slide slick-current slick-active\" tabindex=\"0\" data-slick-index=\"1\" aria-hidden=\"false\">\n<div class=\"expand-img-placeholder\"><img loading=\"lazy\" decoding=\"async\" src=\"https:\/\/diariolibre.blob.core.windows.net.optimalcdn.com\/images\/expand.svg\" alt=\"Expandir imagen\" width=\"20\" height=\"20\" \/><\/div>\n<picture><img loading=\"lazy\" decoding=\"async\" class=\"w-full object-cover lazy loading\" src=\"https:\/\/diariolibre.blob.core.windows.net.optimalcdn.com\/images\/2022\/01\/21\/una-persona-parado-al-lado-de-una-mano-f479d37d.jpeg\" alt=\"Carlo Prandoni y Vilma Cabrera.\" width=\"546\" height=\"350\" data-was-processed=\"true\" \/><\/picture><figcaption>Carlo Prandoni y Vilma Cabrera.\u00a0(JOS\u00c9 ALEXANDER ARIAS\u00a0)<\/figcaption><\/figure>\n<figure class=\"item slick-slide\" tabindex=\"-1\" data-slick-index=\"2\" aria-hidden=\"true\">\n<div class=\"expand-img-placeholder\"><img loading=\"lazy\" decoding=\"async\" src=\"https:\/\/diariolibre.blob.core.windows.net.optimalcdn.com\/images\/expand.svg\" alt=\"Expandir imagen\" width=\"20\" height=\"20\" \/><\/div>\n<picture><img loading=\"lazy\" decoding=\"async\" class=\"w-full object-cover lazy loading\" src=\"https:\/\/diariolibre.blob.core.windows.net.optimalcdn.com\/images\/2022\/01\/21\/un-hombre-y-una-mujer-abrazados-8aab6465.jpeg\" alt=\"Frank Brugal y Tere Brugal .\" width=\"546\" height=\"350\" data-was-processed=\"true\" \/><\/picture><figcaption>Frank Brugal y Tere Brugal .\u00a0(JOS\u00c9 ALEXANDER ARIAS\u00a0)<\/figcaption><\/figure>\n<figure class=\"item slick-slide\" tabindex=\"-1\" data-slick-index=\"3\" aria-hidden=\"true\">\n<div class=\"expand-img-placeholder\"><img loading=\"lazy\" decoding=\"async\" src=\"https:\/\/diariolibre.blob.core.windows.net.optimalcdn.com\/images\/expand.svg\" alt=\"Expandir imagen\" width=\"20\" height=\"20\" \/><\/div>\n<picture><img loading=\"lazy\" decoding=\"async\" class=\"w-full object-cover lazy\" src=\"https:\/\/diariolibre.blob.core.windows.net.optimalcdn.com\/images\/2022\/01\/21\/un-grupo-de-personas-disfrazadas-cf2faecb.jpeg\" alt=\"Maria Isabel Perez, Wilda Guti\u00e9rrez Fiallo yPatricia Guti\u00e9rrez Fiallo. \" width=\"546\" height=\"350\" \/><\/picture><figcaption>Maria Isabel Perez, Wilda Guti\u00e9rrez Fiallo yPatricia Guti\u00e9rrez Fiallo.\u00a0(JOS\u00c9 ALEXANDER ARIAS\u00a0)<\/figcaption><\/figure>\n<figure class=\"item slick-slide\" tabindex=\"-1\" data-slick-index=\"4\" aria-hidden=\"true\">\n<div class=\"expand-img-placeholder\"><img loading=\"lazy\" decoding=\"async\" src=\"https:\/\/diariolibre.blob.core.windows.net.optimalcdn.com\/images\/expand.svg\" alt=\"Expandir imagen\" width=\"20\" height=\"20\" \/><\/div>\n<picture><img loading=\"lazy\" decoding=\"async\" class=\"w-full object-cover lazy\" src=\"https:\/\/diariolibre.blob.core.windows.net.optimalcdn.com\/images\/2022\/01\/21\/un-grupo-de-personas-posando-para-una-foto-b34594d3.jpeg\" alt=\"Fermin Moore, Michelle de Moore, Sujheil Atallah y Patricia del Rio. \" width=\"546\" height=\"350\" \/><\/picture><figcaption>Fermin Moore, Michelle de Moore, Sujheil Atallah y Patricia del Rio.\u00a0(JOS\u00c9 ALEXANDER ARIAS\u00a0)<\/figcaption><figcaption>Amaya Salazar ha presentado sus piezas en diversas exposiciones, tanto en el pa\u00eds como en el extranjero. As\u00ed, sus obras se han mostrado en importantes galer\u00edas de Estados Unidos, Puerto Rico, Israel, Panam\u00e1, Italia, Canad\u00e1, y Francia.<\/p>\n<p>Por sus aportes y la calidad de su obra, Salazar ha recibido numerosos reconocimientos nacionales e internacionales.<\/p>\n<p>Esta artista est\u00e1 considerada una tenaz creadora en constante b\u00fasqueda de nuevas maneras de representar los temas que le apasionan, como son la familia, la mujer, la maternidad y los \u00e1rboles.<\/p>\n<\/figcaption><\/figure>\n<figure class=\"item slick-slide\" tabindex=\"-1\" data-slick-index=\"5\" aria-hidden=\"true\">\n<div class=\"expand-img-placeholder\"><img loading=\"lazy\" decoding=\"async\" src=\"https:\/\/diariolibre.blob.core.windows.net.optimalcdn.com\/images\/expand.svg\" alt=\"Expandir imagen\" width=\"20\" height=\"20\" \/><\/div>\n<\/figure>\n<figure id=\"\" class=\"item slick-slide slick-cloned\" tabindex=\"-1\" data-slick-index=\"6\" aria-hidden=\"true\">\n<div class=\"expand-img-placeholder\"><img loading=\"lazy\" decoding=\"async\" src=\"https:\/\/diariolibre.blob.core.windows.net.optimalcdn.com\/images\/expand.svg\" alt=\"Expandir imagen\" width=\"20\" height=\"20\" \/><\/div>\n<\/figure>\n<figure id=\"\" class=\"item slick-slide slick-cloned\" tabindex=\"-1\" data-slick-index=\"7\" aria-hidden=\"true\">\n<div class=\"expand-img-placeholder\"><\/div>\n<picture><\/picture><\/figure>\n<figure id=\"\" class=\"item slick-slide slick-cloned\" tabindex=\"-1\" data-slick-index=\"11\" aria-hidden=\"true\">\n<div class=\"expand-img-placeholder\"><img loading=\"lazy\" decoding=\"async\" src=\"https:\/\/diariolibre.blob.core.windows.net.optimalcdn.com\/images\/expand.svg\" alt=\"Expandir imagen\" width=\"20\" height=\"20\" \/><\/div><figcaption><\/figcaption><\/figure>\n<\/div>\n<\/div>\n<\/div>\n<\/div>\n<\/div>\n<\/div>\n<\/div>\n<div id=\"dl_300x250_inread\" data-google-query-id=\"CJXR8OO1w_UCFUvh4wcdaGgNGw\"><\/div>\n","protected":false},"excerpt":{"rendered":"<p>La artista Amaya Salazar presenta \u201cAmaya, espacio, color, luz\u201d en el\u00a0Museo de Arte Moderno. Esta nueva exposici\u00f3n muestra una visi\u00f3n &#8230;<\/p>\n","protected":false},"author":2,"featured_media":113436,"comment_status":"open","ping_status":"open","sticky":false,"template":"","format":"standard","meta":{"footnotes":""},"categories":[31],"tags":[],"class_list":["post-113435","post","type-post","status-publish","format-standard","has-post-thumbnail","hentry","category-arte-y-espectaculo"],"yoast_head":"<!-- This site is optimized with the Yoast SEO plugin v24.8.1 - https:\/\/yoast.com\/wordpress\/plugins\/seo\/ -->\n<title>Amaya Salazar inaugura exposici\u00f3n en el Museo de Arte Moderno - PotenciaRadiofonicaDominicana.com<\/title>\n<meta name=\"robots\" content=\"index, follow, max-snippet:-1, max-image-preview:large, max-video-preview:-1\" \/>\n<link rel=\"canonical\" href=\"https:\/\/potenciaradiofonicadominicana.com\/portal\/amaya-salazar-inaugura-exposicion-en-el-museo-de-arte-moderno\/\" \/>\n<meta property=\"og:locale\" content=\"es_ES\" \/>\n<meta property=\"og:type\" content=\"article\" \/>\n<meta property=\"og:title\" content=\"Amaya Salazar inaugura exposici\u00f3n en el Museo de Arte Moderno - PotenciaRadiofonicaDominicana.com\" \/>\n<meta property=\"og:description\" content=\"La artista Amaya Salazar presenta \u201cAmaya, espacio, color, luz\u201d en el\u00a0Museo de Arte Moderno. Esta nueva exposici\u00f3n muestra una visi\u00f3n ...\" \/>\n<meta property=\"og:url\" content=\"https:\/\/potenciaradiofonicadominicana.com\/portal\/amaya-salazar-inaugura-exposicion-en-el-museo-de-arte-moderno\/\" \/>\n<meta property=\"og:site_name\" content=\"PotenciaRadiofonicaDominicana.com\" \/>\n<meta property=\"article:publisher\" content=\"https:\/\/web.facebook.com\/PotenciaRadiofonicaD\" \/>\n<meta property=\"article:published_time\" content=\"2022-01-21T18:02:21+00:00\" \/>\n<meta property=\"og:image\" content=\"https:\/\/potenciaradiofonicadominicana.com\/portal\/wp-content\/uploads\/2022\/01\/img1828-fd9209a1-focus-0-0-895-573.jpg\" \/>\n\t<meta property=\"og:image:width\" content=\"895\" \/>\n\t<meta property=\"og:image:height\" content=\"573\" \/>\n\t<meta property=\"og:image:type\" content=\"image\/jpeg\" \/>\n<meta name=\"author\" content=\"Potencia Radiof\u00f3nica Dominicana\" \/>\n<meta name=\"twitter:card\" content=\"summary_large_image\" \/>\n<meta name=\"twitter:label1\" content=\"Escrito por\" \/>\n\t<meta name=\"twitter:data1\" content=\"Potencia Radiof\u00f3nica Dominicana\" \/>\n\t<meta name=\"twitter:label2\" content=\"Tiempo de lectura\" \/>\n\t<meta name=\"twitter:data2\" content=\"1 minuto\" \/>\n<script type=\"application\/ld+json\" class=\"yoast-schema-graph\">{\"@context\":\"https:\/\/schema.org\",\"@graph\":[{\"@type\":\"Article\",\"@id\":\"https:\/\/potenciaradiofonicadominicana.com\/portal\/amaya-salazar-inaugura-exposicion-en-el-museo-de-arte-moderno\/#article\",\"isPartOf\":{\"@id\":\"https:\/\/potenciaradiofonicadominicana.com\/portal\/amaya-salazar-inaugura-exposicion-en-el-museo-de-arte-moderno\/\"},\"author\":{\"name\":\"Potencia Radiof\u00f3nica Dominicana\",\"@id\":\"https:\/\/potenciaradiofonicadominicana.com\/portal\/#\/schema\/person\/a5cf1fea13877803ee0573ac18b03490\"},\"headline\":\"Amaya Salazar inaugura exposici\u00f3n en el Museo de Arte Moderno\",\"datePublished\":\"2022-01-21T18:02:21+00:00\",\"mainEntityOfPage\":{\"@id\":\"https:\/\/potenciaradiofonicadominicana.com\/portal\/amaya-salazar-inaugura-exposicion-en-el-museo-de-arte-moderno\/\"},\"wordCount\":277,\"commentCount\":0,\"publisher\":{\"@id\":\"https:\/\/potenciaradiofonicadominicana.com\/portal\/#organization\"},\"image\":{\"@id\":\"https:\/\/potenciaradiofonicadominicana.com\/portal\/amaya-salazar-inaugura-exposicion-en-el-museo-de-arte-moderno\/#primaryimage\"},\"thumbnailUrl\":\"https:\/\/potenciaradiofonicadominicana.com\/portal\/wp-content\/uploads\/2022\/01\/img1828-fd9209a1-focus-0-0-895-573.jpg\",\"articleSection\":[\"Arte y Espectaculo\"],\"inLanguage\":\"es\",\"potentialAction\":[{\"@type\":\"CommentAction\",\"name\":\"Comment\",\"target\":[\"https:\/\/potenciaradiofonicadominicana.com\/portal\/amaya-salazar-inaugura-exposicion-en-el-museo-de-arte-moderno\/#respond\"]}]},{\"@type\":\"WebPage\",\"@id\":\"https:\/\/potenciaradiofonicadominicana.com\/portal\/amaya-salazar-inaugura-exposicion-en-el-museo-de-arte-moderno\/\",\"url\":\"https:\/\/potenciaradiofonicadominicana.com\/portal\/amaya-salazar-inaugura-exposicion-en-el-museo-de-arte-moderno\/\",\"name\":\"Amaya Salazar inaugura exposici\u00f3n en el Museo de Arte Moderno - PotenciaRadiofonicaDominicana.com\",\"isPartOf\":{\"@id\":\"https:\/\/potenciaradiofonicadominicana.com\/portal\/#website\"},\"primaryImageOfPage\":{\"@id\":\"https:\/\/potenciaradiofonicadominicana.com\/portal\/amaya-salazar-inaugura-exposicion-en-el-museo-de-arte-moderno\/#primaryimage\"},\"image\":{\"@id\":\"https:\/\/potenciaradiofonicadominicana.com\/portal\/amaya-salazar-inaugura-exposicion-en-el-museo-de-arte-moderno\/#primaryimage\"},\"thumbnailUrl\":\"https:\/\/potenciaradiofonicadominicana.com\/portal\/wp-content\/uploads\/2022\/01\/img1828-fd9209a1-focus-0-0-895-573.jpg\",\"datePublished\":\"2022-01-21T18:02:21+00:00\",\"breadcrumb\":{\"@id\":\"https:\/\/potenciaradiofonicadominicana.com\/portal\/amaya-salazar-inaugura-exposicion-en-el-museo-de-arte-moderno\/#breadcrumb\"},\"inLanguage\":\"es\",\"potentialAction\":[{\"@type\":\"ReadAction\",\"target\":[\"https:\/\/potenciaradiofonicadominicana.com\/portal\/amaya-salazar-inaugura-exposicion-en-el-museo-de-arte-moderno\/\"]}]},{\"@type\":\"ImageObject\",\"inLanguage\":\"es\",\"@id\":\"https:\/\/potenciaradiofonicadominicana.com\/portal\/amaya-salazar-inaugura-exposicion-en-el-museo-de-arte-moderno\/#primaryimage\",\"url\":\"https:\/\/potenciaradiofonicadominicana.com\/portal\/wp-content\/uploads\/2022\/01\/img1828-fd9209a1-focus-0-0-895-573.jpg\",\"contentUrl\":\"https:\/\/potenciaradiofonicadominicana.com\/portal\/wp-content\/uploads\/2022\/01\/img1828-fd9209a1-focus-0-0-895-573.jpg\",\"width\":895,\"height\":573},{\"@type\":\"BreadcrumbList\",\"@id\":\"https:\/\/potenciaradiofonicadominicana.com\/portal\/amaya-salazar-inaugura-exposicion-en-el-museo-de-arte-moderno\/#breadcrumb\",\"itemListElement\":[{\"@type\":\"ListItem\",\"position\":1,\"name\":\"Portada\",\"item\":\"https:\/\/potenciaradiofonicadominicana.com\/portal\/\"},{\"@type\":\"ListItem\",\"position\":2,\"name\":\"Amaya Salazar inaugura exposici\u00f3n en el Museo de Arte Moderno\"}]},{\"@type\":\"WebSite\",\"@id\":\"https:\/\/potenciaradiofonicadominicana.com\/portal\/#website\",\"url\":\"https:\/\/potenciaradiofonicadominicana.com\/portal\/\",\"name\":\"PotenciaRadiofonicaDominicana.com\",\"description\":\"Peri\u00f3dico Digital\",\"publisher\":{\"@id\":\"https:\/\/potenciaradiofonicadominicana.com\/portal\/#organization\"},\"potentialAction\":[{\"@type\":\"SearchAction\",\"target\":{\"@type\":\"EntryPoint\",\"urlTemplate\":\"https:\/\/potenciaradiofonicadominicana.com\/portal\/?s={search_term_string}\"},\"query-input\":{\"@type\":\"PropertyValueSpecification\",\"valueRequired\":true,\"valueName\":\"search_term_string\"}}],\"inLanguage\":\"es\"},{\"@type\":\"Organization\",\"@id\":\"https:\/\/potenciaradiofonicadominicana.com\/portal\/#organization\",\"name\":\"PotenciaRadiofonicaDominicana.com\",\"url\":\"https:\/\/potenciaradiofonicadominicana.com\/portal\/\",\"logo\":{\"@type\":\"ImageObject\",\"inLanguage\":\"es\",\"@id\":\"https:\/\/potenciaradiofonicadominicana.com\/portal\/#\/schema\/logo\/image\/\",\"url\":\"https:\/\/potenciaradiofonicadominicana.com\/portal\/wp-content\/uploads\/2022\/01\/descarga.png\",\"contentUrl\":\"https:\/\/potenciaradiofonicadominicana.com\/portal\/wp-content\/uploads\/2022\/01\/descarga.png\",\"width\":300,\"height\":100,\"caption\":\"PotenciaRadiofonicaDominicana.com\"},\"image\":{\"@id\":\"https:\/\/potenciaradiofonicadominicana.com\/portal\/#\/schema\/logo\/image\/\"},\"sameAs\":[\"https:\/\/web.facebook.com\/PotenciaRadiofonicaD\"]},{\"@type\":\"Person\",\"@id\":\"https:\/\/potenciaradiofonicadominicana.com\/portal\/#\/schema\/person\/a5cf1fea13877803ee0573ac18b03490\",\"name\":\"Potencia Radiof\u00f3nica Dominicana\",\"image\":{\"@type\":\"ImageObject\",\"inLanguage\":\"es\",\"@id\":\"https:\/\/potenciaradiofonicadominicana.com\/portal\/#\/schema\/person\/image\/\",\"url\":\"https:\/\/secure.gravatar.com\/avatar\/42a55ab9e8ccc656ba34cd791990602a?s=96&d=mm&r=g\",\"contentUrl\":\"https:\/\/secure.gravatar.com\/avatar\/42a55ab9e8ccc656ba34cd791990602a?s=96&d=mm&r=g\",\"caption\":\"Potencia Radiof\u00f3nica Dominicana\"},\"url\":\"https:\/\/potenciaradiofonicadominicana.com\/portal\/author\/johannyalmanzar\/\"}]}<\/script>\n<!-- \/ Yoast SEO plugin. -->","yoast_head_json":{"title":"Amaya Salazar inaugura exposici\u00f3n en el Museo de Arte Moderno - PotenciaRadiofonicaDominicana.com","robots":{"index":"index","follow":"follow","max-snippet":"max-snippet:-1","max-image-preview":"max-image-preview:large","max-video-preview":"max-video-preview:-1"},"canonical":"https:\/\/potenciaradiofonicadominicana.com\/portal\/amaya-salazar-inaugura-exposicion-en-el-museo-de-arte-moderno\/","og_locale":"es_ES","og_type":"article","og_title":"Amaya Salazar inaugura exposici\u00f3n en el Museo de Arte Moderno - PotenciaRadiofonicaDominicana.com","og_description":"La artista Amaya Salazar presenta \u201cAmaya, espacio, color, luz\u201d en el\u00a0Museo de Arte Moderno. Esta nueva exposici\u00f3n muestra una visi\u00f3n ...","og_url":"https:\/\/potenciaradiofonicadominicana.com\/portal\/amaya-salazar-inaugura-exposicion-en-el-museo-de-arte-moderno\/","og_site_name":"PotenciaRadiofonicaDominicana.com","article_publisher":"https:\/\/web.facebook.com\/PotenciaRadiofonicaD","article_published_time":"2022-01-21T18:02:21+00:00","og_image":[{"width":895,"height":573,"url":"https:\/\/potenciaradiofonicadominicana.com\/portal\/wp-content\/uploads\/2022\/01\/img1828-fd9209a1-focus-0-0-895-573.jpg","type":"image\/jpeg"}],"author":"Potencia Radiof\u00f3nica Dominicana","twitter_card":"summary_large_image","twitter_misc":{"Escrito por":"Potencia Radiof\u00f3nica Dominicana","Tiempo de lectura":"1 minuto"},"schema":{"@context":"https:\/\/schema.org","@graph":[{"@type":"Article","@id":"https:\/\/potenciaradiofonicadominicana.com\/portal\/amaya-salazar-inaugura-exposicion-en-el-museo-de-arte-moderno\/#article","isPartOf":{"@id":"https:\/\/potenciaradiofonicadominicana.com\/portal\/amaya-salazar-inaugura-exposicion-en-el-museo-de-arte-moderno\/"},"author":{"name":"Potencia Radiof\u00f3nica Dominicana","@id":"https:\/\/potenciaradiofonicadominicana.com\/portal\/#\/schema\/person\/a5cf1fea13877803ee0573ac18b03490"},"headline":"Amaya Salazar inaugura exposici\u00f3n en el Museo de Arte Moderno","datePublished":"2022-01-21T18:02:21+00:00","mainEntityOfPage":{"@id":"https:\/\/potenciaradiofonicadominicana.com\/portal\/amaya-salazar-inaugura-exposicion-en-el-museo-de-arte-moderno\/"},"wordCount":277,"commentCount":0,"publisher":{"@id":"https:\/\/potenciaradiofonicadominicana.com\/portal\/#organization"},"image":{"@id":"https:\/\/potenciaradiofonicadominicana.com\/portal\/amaya-salazar-inaugura-exposicion-en-el-museo-de-arte-moderno\/#primaryimage"},"thumbnailUrl":"https:\/\/potenciaradiofonicadominicana.com\/portal\/wp-content\/uploads\/2022\/01\/img1828-fd9209a1-focus-0-0-895-573.jpg","articleSection":["Arte y Espectaculo"],"inLanguage":"es","potentialAction":[{"@type":"CommentAction","name":"Comment","target":["https:\/\/potenciaradiofonicadominicana.com\/portal\/amaya-salazar-inaugura-exposicion-en-el-museo-de-arte-moderno\/#respond"]}]},{"@type":"WebPage","@id":"https:\/\/potenciaradiofonicadominicana.com\/portal\/amaya-salazar-inaugura-exposicion-en-el-museo-de-arte-moderno\/","url":"https:\/\/potenciaradiofonicadominicana.com\/portal\/amaya-salazar-inaugura-exposicion-en-el-museo-de-arte-moderno\/","name":"Amaya Salazar inaugura exposici\u00f3n en el Museo de Arte Moderno - PotenciaRadiofonicaDominicana.com","isPartOf":{"@id":"https:\/\/potenciaradiofonicadominicana.com\/portal\/#website"},"primaryImageOfPage":{"@id":"https:\/\/potenciaradiofonicadominicana.com\/portal\/amaya-salazar-inaugura-exposicion-en-el-museo-de-arte-moderno\/#primaryimage"},"image":{"@id":"https:\/\/potenciaradiofonicadominicana.com\/portal\/amaya-salazar-inaugura-exposicion-en-el-museo-de-arte-moderno\/#primaryimage"},"thumbnailUrl":"https:\/\/potenciaradiofonicadominicana.com\/portal\/wp-content\/uploads\/2022\/01\/img1828-fd9209a1-focus-0-0-895-573.jpg","datePublished":"2022-01-21T18:02:21+00:00","breadcrumb":{"@id":"https:\/\/potenciaradiofonicadominicana.com\/portal\/amaya-salazar-inaugura-exposicion-en-el-museo-de-arte-moderno\/#breadcrumb"},"inLanguage":"es","potentialAction":[{"@type":"ReadAction","target":["https:\/\/potenciaradiofonicadominicana.com\/portal\/amaya-salazar-inaugura-exposicion-en-el-museo-de-arte-moderno\/"]}]},{"@type":"ImageObject","inLanguage":"es","@id":"https:\/\/potenciaradiofonicadominicana.com\/portal\/amaya-salazar-inaugura-exposicion-en-el-museo-de-arte-moderno\/#primaryimage","url":"https:\/\/potenciaradiofonicadominicana.com\/portal\/wp-content\/uploads\/2022\/01\/img1828-fd9209a1-focus-0-0-895-573.jpg","contentUrl":"https:\/\/potenciaradiofonicadominicana.com\/portal\/wp-content\/uploads\/2022\/01\/img1828-fd9209a1-focus-0-0-895-573.jpg","width":895,"height":573},{"@type":"BreadcrumbList","@id":"https:\/\/potenciaradiofonicadominicana.com\/portal\/amaya-salazar-inaugura-exposicion-en-el-museo-de-arte-moderno\/#breadcrumb","itemListElement":[{"@type":"ListItem","position":1,"name":"Portada","item":"https:\/\/potenciaradiofonicadominicana.com\/portal\/"},{"@type":"ListItem","position":2,"name":"Amaya Salazar inaugura exposici\u00f3n en el Museo de Arte Moderno"}]},{"@type":"WebSite","@id":"https:\/\/potenciaradiofonicadominicana.com\/portal\/#website","url":"https:\/\/potenciaradiofonicadominicana.com\/portal\/","name":"PotenciaRadiofonicaDominicana.com","description":"Peri\u00f3dico Digital","publisher":{"@id":"https:\/\/potenciaradiofonicadominicana.com\/portal\/#organization"},"potentialAction":[{"@type":"SearchAction","target":{"@type":"EntryPoint","urlTemplate":"https:\/\/potenciaradiofonicadominicana.com\/portal\/?s={search_term_string}"},"query-input":{"@type":"PropertyValueSpecification","valueRequired":true,"valueName":"search_term_string"}}],"inLanguage":"es"},{"@type":"Organization","@id":"https:\/\/potenciaradiofonicadominicana.com\/portal\/#organization","name":"PotenciaRadiofonicaDominicana.com","url":"https:\/\/potenciaradiofonicadominicana.com\/portal\/","logo":{"@type":"ImageObject","inLanguage":"es","@id":"https:\/\/potenciaradiofonicadominicana.com\/portal\/#\/schema\/logo\/image\/","url":"https:\/\/potenciaradiofonicadominicana.com\/portal\/wp-content\/uploads\/2022\/01\/descarga.png","contentUrl":"https:\/\/potenciaradiofonicadominicana.com\/portal\/wp-content\/uploads\/2022\/01\/descarga.png","width":300,"height":100,"caption":"PotenciaRadiofonicaDominicana.com"},"image":{"@id":"https:\/\/potenciaradiofonicadominicana.com\/portal\/#\/schema\/logo\/image\/"},"sameAs":["https:\/\/web.facebook.com\/PotenciaRadiofonicaD"]},{"@type":"Person","@id":"https:\/\/potenciaradiofonicadominicana.com\/portal\/#\/schema\/person\/a5cf1fea13877803ee0573ac18b03490","name":"Potencia Radiof\u00f3nica Dominicana","image":{"@type":"ImageObject","inLanguage":"es","@id":"https:\/\/potenciaradiofonicadominicana.com\/portal\/#\/schema\/person\/image\/","url":"https:\/\/secure.gravatar.com\/avatar\/42a55ab9e8ccc656ba34cd791990602a?s=96&d=mm&r=g","contentUrl":"https:\/\/secure.gravatar.com\/avatar\/42a55ab9e8ccc656ba34cd791990602a?s=96&d=mm&r=g","caption":"Potencia Radiof\u00f3nica Dominicana"},"url":"https:\/\/potenciaradiofonicadominicana.com\/portal\/author\/johannyalmanzar\/"}]}},"_links":{"self":[{"href":"https:\/\/potenciaradiofonicadominicana.com\/portal\/wp-json\/wp\/v2\/posts\/113435","targetHints":{"allow":["GET"]}}],"collection":[{"href":"https:\/\/potenciaradiofonicadominicana.com\/portal\/wp-json\/wp\/v2\/posts"}],"about":[{"href":"https:\/\/potenciaradiofonicadominicana.com\/portal\/wp-json\/wp\/v2\/types\/post"}],"author":[{"embeddable":true,"href":"https:\/\/potenciaradiofonicadominicana.com\/portal\/wp-json\/wp\/v2\/users\/2"}],"replies":[{"embeddable":true,"href":"https:\/\/potenciaradiofonicadominicana.com\/portal\/wp-json\/wp\/v2\/comments?post=113435"}],"version-history":[{"count":1,"href":"https:\/\/potenciaradiofonicadominicana.com\/portal\/wp-json\/wp\/v2\/posts\/113435\/revisions"}],"predecessor-version":[{"id":113440,"href":"https:\/\/potenciaradiofonicadominicana.com\/portal\/wp-json\/wp\/v2\/posts\/113435\/revisions\/113440"}],"wp:featuredmedia":[{"embeddable":true,"href":"https:\/\/potenciaradiofonicadominicana.com\/portal\/wp-json\/wp\/v2\/media\/113436"}],"wp:attachment":[{"href":"https:\/\/potenciaradiofonicadominicana.com\/portal\/wp-json\/wp\/v2\/media?parent=113435"}],"wp:term":[{"taxonomy":"category","embeddable":true,"href":"https:\/\/potenciaradiofonicadominicana.com\/portal\/wp-json\/wp\/v2\/categories?post=113435"},{"taxonomy":"post_tag","embeddable":true,"href":"https:\/\/potenciaradiofonicadominicana.com\/portal\/wp-json\/wp\/v2\/tags?post=113435"}],"curies":[{"name":"wp","href":"https:\/\/api.w.org\/{rel}","templated":true}]}}