{"id":113395,"date":"2022-01-21T13:29:47","date_gmt":"2022-01-21T17:29:47","guid":{"rendered":"https:\/\/potenciaradiofonicadominicana.com\/portal\/?p=113395"},"modified":"2022-01-21T13:29:47","modified_gmt":"2022-01-21T17:29:47","slug":"choferes-mantendran-alza-del-pasaje-en-las-rutas-de-santiago","status":"publish","type":"post","link":"https:\/\/potenciaradiofonicadominicana.com\/portal\/choferes-mantendran-alza-del-pasaje-en-las-rutas-de-santiago\/","title":{"rendered":"Choferes mantendr\u00e1n alza del pasaje en las rutas de Santiago"},"content":{"rendered":"<p><a href=\"https:\/\/potenciaradiofonicadominicana.com\/portal\/wp-content\/uploads\/2022\/01\/jmp2630_16074417_20210329164518.jpg\"><img loading=\"lazy\" decoding=\"async\" class=\"alignnone size-full wp-image-113396\" src=\"https:\/\/potenciaradiofonicadominicana.com\/portal\/wp-content\/uploads\/2022\/01\/jmp2630_16074417_20210329164518.jpg\" alt=\"\" width=\"546\" height=\"350\" srcset=\"https:\/\/potenciaradiofonicadominicana.com\/portal\/wp-content\/uploads\/2022\/01\/jmp2630_16074417_20210329164518.jpg 546w, https:\/\/potenciaradiofonicadominicana.com\/portal\/wp-content\/uploads\/2022\/01\/jmp2630_16074417_20210329164518-300x192.jpg 300w\" sizes=\"auto, (max-width: 546px) 100vw, 546px\" \/><\/a><\/p>\n<p>l ministro de la Presidencia,\u00a0Lisandro Macarrulla, se reuni\u00f3 con transportistas y les\u00a0pidi\u00f3 que dejen sin efecto el alza de la tarifa del pasaje\u00a0en el transporte urbano y suburbano de Santiago y otras zonas del Cibao, pero no hubo consenso por el momento.<\/p>\n<p>A este respecto, el presidente de la\u00a0Central Nacional de Trabajadores del Transporte\u00a0(CNTT), Juan Marte, proclam\u00f3 que\u00a0la medida que acordaron los gremios de choferes es irreversible\u00a0por varias razones.<\/p>\n<p>Sin embargo, manifest\u00f3 que\u00a0el martes se reunir\u00e1n de nuevo con el ministro Macarrulla\u00a0y otros funcionarios para seguir debatiendo el asunto.<\/p>\n<p>Rutas extensas<br \/>\nMarte agreg\u00f3 que en Santiago hay rutas como la \u201cM\u201d que cubren 26 kil\u00f3metros de distancia en el mismo per\u00edmetro urbano de esta ciudad y que otras hacen un recorrido entre 19 a 22 kil\u00f3metros, pero solo cobraban 30 pesos de pasaje.<\/p>\n<p>En ese orden, aclar\u00f3 que\u00a0con el alza de los combustibles, como el gas licuado de petr\u00f3leo, el gasoil y la gasolina, a ellos no les qued\u00f3 otra alternativa que disponer un ligero aumento<strong>\u00a0<\/strong>en el pasaje que es simb\u00f3lico.<\/p>\n<p>El gremialista agreg\u00f3 que en la reuni\u00f3n, que fue cordial, el funcionario les pidi\u00f3 que reajustaran de nuevo la tarifa del pasaje, pero que ellos actuaron con claridad.<\/p>\n<p>\u201cLos combustibles est\u00e1n aumentando, igual que los repuestos, los lubricantes, neum\u00e1ticos, los costos de reparaci\u00f3n de nuestros veh\u00edculos, igual que los precios de los productos b\u00e1sicos de la canasta familiar\u201d, anot\u00f3.<\/p>\n<p>A este respecto, refiri\u00f3 que un\u00a0estudio realizado en el 2019\u00a0por el Instituto Nacional de Tr\u00e1nsito y Transporte Terrestre (Intrant), arroj\u00f3 que\u00a0el pasaje del concho en Santiago deber\u00eda costar 57 pesos<strong>\u00a0<\/strong>y que ahora los choferes\u00a0 est\u00e1n cobrando 35, aun con sus p\u00e9rdidas.<\/p>\n<p>\u201cNo estamos hablando de un pueblo peque\u00f1o, sino de una gran metr\u00f3poli, imag\u00ednense cuando hay rutas como la M que en el mismo centro de la ciudad tienen que recorrer un trayecto lineal de hasta 26 kil\u00f3metros, ya se puede analizar y justificar nuestra medida\u201d, enfatiz\u00f3.<\/p>\n<p>Transporte en la capital<br \/>\nEn lo que tiene que ver con el transporte en la capital, agreg\u00f3 que los\u00a0usuarios tienen que pagar entre cuatro a cinco pasajes para llegar a sus destinos.<\/p>\n<p>\u201cEn el Gran Santo Domingo, los pasajeros tienen que renovar sus pagos por uso de las unidades de transporte cada cinco kil\u00f3metros, en Santiago no, y eso se lo contamos al ministro Lisandro Macarrula\u201d, proclam\u00f3 Marte.<\/p>\n","protected":false},"excerpt":{"rendered":"<p>l ministro de la Presidencia,\u00a0Lisandro Macarrulla, se reuni\u00f3 con transportistas y les\u00a0pidi\u00f3 que dejen sin efecto el alza de la &#8230;<\/p>\n","protected":false},"author":2,"featured_media":113396,"comment_status":"open","ping_status":"open","sticky":false,"template":"","format":"standard","meta":{"footnotes":""},"categories":[26],"tags":[],"class_list":["post-113395","post","type-post","status-publish","format-standard","has-post-thumbnail","hentry","category-economia"],"yoast_head":"<!-- This site is optimized with the Yoast SEO plugin v24.8.1 - https:\/\/yoast.com\/wordpress\/plugins\/seo\/ -->\n<title>Choferes mantendr\u00e1n alza del pasaje en las rutas de Santiago - PotenciaRadiofonicaDominicana.com<\/title>\n<meta name=\"robots\" content=\"index, follow, max-snippet:-1, max-image-preview:large, max-video-preview:-1\" \/>\n<link rel=\"canonical\" href=\"https:\/\/potenciaradiofonicadominicana.com\/portal\/choferes-mantendran-alza-del-pasaje-en-las-rutas-de-santiago\/\" \/>\n<meta property=\"og:locale\" content=\"es_ES\" \/>\n<meta property=\"og:type\" content=\"article\" \/>\n<meta property=\"og:title\" content=\"Choferes mantendr\u00e1n alza del pasaje en las rutas de Santiago - PotenciaRadiofonicaDominicana.com\" \/>\n<meta property=\"og:description\" content=\"l ministro de la Presidencia,\u00a0Lisandro Macarrulla, se reuni\u00f3 con transportistas y les\u00a0pidi\u00f3 que dejen sin efecto el alza de la ...\" \/>\n<meta property=\"og:url\" content=\"https:\/\/potenciaradiofonicadominicana.com\/portal\/choferes-mantendran-alza-del-pasaje-en-las-rutas-de-santiago\/\" \/>\n<meta property=\"og:site_name\" content=\"PotenciaRadiofonicaDominicana.com\" \/>\n<meta property=\"article:publisher\" content=\"https:\/\/web.facebook.com\/PotenciaRadiofonicaD\" \/>\n<meta property=\"article:published_time\" content=\"2022-01-21T17:29:47+00:00\" \/>\n<meta property=\"og:image\" content=\"https:\/\/potenciaradiofonicadominicana.com\/portal\/wp-content\/uploads\/2022\/01\/jmp2630_16074417_20210329164518.jpg\" \/>\n\t<meta property=\"og:image:width\" content=\"546\" \/>\n\t<meta property=\"og:image:height\" content=\"350\" \/>\n\t<meta property=\"og:image:type\" content=\"image\/jpeg\" \/>\n<meta name=\"author\" content=\"Potencia Radiof\u00f3nica Dominicana\" \/>\n<meta name=\"twitter:card\" content=\"summary_large_image\" \/>\n<meta name=\"twitter:label1\" content=\"Escrito por\" \/>\n\t<meta name=\"twitter:data1\" content=\"Potencia Radiof\u00f3nica Dominicana\" \/>\n\t<meta name=\"twitter:label2\" content=\"Tiempo de lectura\" \/>\n\t<meta name=\"twitter:data2\" content=\"2 minutos\" \/>\n<script type=\"application\/ld+json\" class=\"yoast-schema-graph\">{\"@context\":\"https:\/\/schema.org\",\"@graph\":[{\"@type\":\"Article\",\"@id\":\"https:\/\/potenciaradiofonicadominicana.com\/portal\/choferes-mantendran-alza-del-pasaje-en-las-rutas-de-santiago\/#article\",\"isPartOf\":{\"@id\":\"https:\/\/potenciaradiofonicadominicana.com\/portal\/choferes-mantendran-alza-del-pasaje-en-las-rutas-de-santiago\/\"},\"author\":{\"name\":\"Potencia Radiof\u00f3nica Dominicana\",\"@id\":\"https:\/\/potenciaradiofonicadominicana.com\/portal\/#\/schema\/person\/a5cf1fea13877803ee0573ac18b03490\"},\"headline\":\"Choferes mantendr\u00e1n alza del pasaje en las rutas de Santiago\",\"datePublished\":\"2022-01-21T17:29:47+00:00\",\"mainEntityOfPage\":{\"@id\":\"https:\/\/potenciaradiofonicadominicana.com\/portal\/choferes-mantendran-alza-del-pasaje-en-las-rutas-de-santiago\/\"},\"wordCount\":425,\"commentCount\":0,\"publisher\":{\"@id\":\"https:\/\/potenciaradiofonicadominicana.com\/portal\/#organization\"},\"image\":{\"@id\":\"https:\/\/potenciaradiofonicadominicana.com\/portal\/choferes-mantendran-alza-del-pasaje-en-las-rutas-de-santiago\/#primaryimage\"},\"thumbnailUrl\":\"https:\/\/potenciaradiofonicadominicana.com\/portal\/wp-content\/uploads\/2022\/01\/jmp2630_16074417_20210329164518.jpg\",\"articleSection\":[\"Econom\u00eda\"],\"inLanguage\":\"es\",\"potentialAction\":[{\"@type\":\"CommentAction\",\"name\":\"Comment\",\"target\":[\"https:\/\/potenciaradiofonicadominicana.com\/portal\/choferes-mantendran-alza-del-pasaje-en-las-rutas-de-santiago\/#respond\"]}]},{\"@type\":\"WebPage\",\"@id\":\"https:\/\/potenciaradiofonicadominicana.com\/portal\/choferes-mantendran-alza-del-pasaje-en-las-rutas-de-santiago\/\",\"url\":\"https:\/\/potenciaradiofonicadominicana.com\/portal\/choferes-mantendran-alza-del-pasaje-en-las-rutas-de-santiago\/\",\"name\":\"Choferes mantendr\u00e1n alza del pasaje en las rutas de Santiago - PotenciaRadiofonicaDominicana.com\",\"isPartOf\":{\"@id\":\"https:\/\/potenciaradiofonicadominicana.com\/portal\/#website\"},\"primaryImageOfPage\":{\"@id\":\"https:\/\/potenciaradiofonicadominicana.com\/portal\/choferes-mantendran-alza-del-pasaje-en-las-rutas-de-santiago\/#primaryimage\"},\"image\":{\"@id\":\"https:\/\/potenciaradiofonicadominicana.com\/portal\/choferes-mantendran-alza-del-pasaje-en-las-rutas-de-santiago\/#primaryimage\"},\"thumbnailUrl\":\"https:\/\/potenciaradiofonicadominicana.com\/portal\/wp-content\/uploads\/2022\/01\/jmp2630_16074417_20210329164518.jpg\",\"datePublished\":\"2022-01-21T17:29:47+00:00\",\"breadcrumb\":{\"@id\":\"https:\/\/potenciaradiofonicadominicana.com\/portal\/choferes-mantendran-alza-del-pasaje-en-las-rutas-de-santiago\/#breadcrumb\"},\"inLanguage\":\"es\",\"potentialAction\":[{\"@type\":\"ReadAction\",\"target\":[\"https:\/\/potenciaradiofonicadominicana.com\/portal\/choferes-mantendran-alza-del-pasaje-en-las-rutas-de-santiago\/\"]}]},{\"@type\":\"ImageObject\",\"inLanguage\":\"es\",\"@id\":\"https:\/\/potenciaradiofonicadominicana.com\/portal\/choferes-mantendran-alza-del-pasaje-en-las-rutas-de-santiago\/#primaryimage\",\"url\":\"https:\/\/potenciaradiofonicadominicana.com\/portal\/wp-content\/uploads\/2022\/01\/jmp2630_16074417_20210329164518.jpg\",\"contentUrl\":\"https:\/\/potenciaradiofonicadominicana.com\/portal\/wp-content\/uploads\/2022\/01\/jmp2630_16074417_20210329164518.jpg\",\"width\":546,\"height\":350},{\"@type\":\"BreadcrumbList\",\"@id\":\"https:\/\/potenciaradiofonicadominicana.com\/portal\/choferes-mantendran-alza-del-pasaje-en-las-rutas-de-santiago\/#breadcrumb\",\"itemListElement\":[{\"@type\":\"ListItem\",\"position\":1,\"name\":\"Portada\",\"item\":\"https:\/\/potenciaradiofonicadominicana.com\/portal\/\"},{\"@type\":\"ListItem\",\"position\":2,\"name\":\"Choferes mantendr\u00e1n alza del pasaje en las rutas de Santiago\"}]},{\"@type\":\"WebSite\",\"@id\":\"https:\/\/potenciaradiofonicadominicana.com\/portal\/#website\",\"url\":\"https:\/\/potenciaradiofonicadominicana.com\/portal\/\",\"name\":\"PotenciaRadiofonicaDominicana.com\",\"description\":\"Peri\u00f3dico Digital\",\"publisher\":{\"@id\":\"https:\/\/potenciaradiofonicadominicana.com\/portal\/#organization\"},\"potentialAction\":[{\"@type\":\"SearchAction\",\"target\":{\"@type\":\"EntryPoint\",\"urlTemplate\":\"https:\/\/potenciaradiofonicadominicana.com\/portal\/?s={search_term_string}\"},\"query-input\":{\"@type\":\"PropertyValueSpecification\",\"valueRequired\":true,\"valueName\":\"search_term_string\"}}],\"inLanguage\":\"es\"},{\"@type\":\"Organization\",\"@id\":\"https:\/\/potenciaradiofonicadominicana.com\/portal\/#organization\",\"name\":\"PotenciaRadiofonicaDominicana.com\",\"url\":\"https:\/\/potenciaradiofonicadominicana.com\/portal\/\",\"logo\":{\"@type\":\"ImageObject\",\"inLanguage\":\"es\",\"@id\":\"https:\/\/potenciaradiofonicadominicana.com\/portal\/#\/schema\/logo\/image\/\",\"url\":\"https:\/\/potenciaradiofonicadominicana.com\/portal\/wp-content\/uploads\/2022\/01\/descarga.png\",\"contentUrl\":\"https:\/\/potenciaradiofonicadominicana.com\/portal\/wp-content\/uploads\/2022\/01\/descarga.png\",\"width\":300,\"height\":100,\"caption\":\"PotenciaRadiofonicaDominicana.com\"},\"image\":{\"@id\":\"https:\/\/potenciaradiofonicadominicana.com\/portal\/#\/schema\/logo\/image\/\"},\"sameAs\":[\"https:\/\/web.facebook.com\/PotenciaRadiofonicaD\"]},{\"@type\":\"Person\",\"@id\":\"https:\/\/potenciaradiofonicadominicana.com\/portal\/#\/schema\/person\/a5cf1fea13877803ee0573ac18b03490\",\"name\":\"Potencia Radiof\u00f3nica Dominicana\",\"image\":{\"@type\":\"ImageObject\",\"inLanguage\":\"es\",\"@id\":\"https:\/\/potenciaradiofonicadominicana.com\/portal\/#\/schema\/person\/image\/\",\"url\":\"https:\/\/secure.gravatar.com\/avatar\/42a55ab9e8ccc656ba34cd791990602a?s=96&d=mm&r=g\",\"contentUrl\":\"https:\/\/secure.gravatar.com\/avatar\/42a55ab9e8ccc656ba34cd791990602a?s=96&d=mm&r=g\",\"caption\":\"Potencia Radiof\u00f3nica Dominicana\"},\"url\":\"https:\/\/potenciaradiofonicadominicana.com\/portal\/author\/johannyalmanzar\/\"}]}<\/script>\n<!-- \/ Yoast SEO plugin. -->","yoast_head_json":{"title":"Choferes mantendr\u00e1n alza del pasaje en las rutas de Santiago - PotenciaRadiofonicaDominicana.com","robots":{"index":"index","follow":"follow","max-snippet":"max-snippet:-1","max-image-preview":"max-image-preview:large","max-video-preview":"max-video-preview:-1"},"canonical":"https:\/\/potenciaradiofonicadominicana.com\/portal\/choferes-mantendran-alza-del-pasaje-en-las-rutas-de-santiago\/","og_locale":"es_ES","og_type":"article","og_title":"Choferes mantendr\u00e1n alza del pasaje en las rutas de Santiago - PotenciaRadiofonicaDominicana.com","og_description":"l ministro de la Presidencia,\u00a0Lisandro Macarrulla, se reuni\u00f3 con transportistas y les\u00a0pidi\u00f3 que dejen sin efecto el alza de la ...","og_url":"https:\/\/potenciaradiofonicadominicana.com\/portal\/choferes-mantendran-alza-del-pasaje-en-las-rutas-de-santiago\/","og_site_name":"PotenciaRadiofonicaDominicana.com","article_publisher":"https:\/\/web.facebook.com\/PotenciaRadiofonicaD","article_published_time":"2022-01-21T17:29:47+00:00","og_image":[{"width":546,"height":350,"url":"https:\/\/potenciaradiofonicadominicana.com\/portal\/wp-content\/uploads\/2022\/01\/jmp2630_16074417_20210329164518.jpg","type":"image\/jpeg"}],"author":"Potencia Radiof\u00f3nica Dominicana","twitter_card":"summary_large_image","twitter_misc":{"Escrito por":"Potencia Radiof\u00f3nica Dominicana","Tiempo de lectura":"2 minutos"},"schema":{"@context":"https:\/\/schema.org","@graph":[{"@type":"Article","@id":"https:\/\/potenciaradiofonicadominicana.com\/portal\/choferes-mantendran-alza-del-pasaje-en-las-rutas-de-santiago\/#article","isPartOf":{"@id":"https:\/\/potenciaradiofonicadominicana.com\/portal\/choferes-mantendran-alza-del-pasaje-en-las-rutas-de-santiago\/"},"author":{"name":"Potencia Radiof\u00f3nica Dominicana","@id":"https:\/\/potenciaradiofonicadominicana.com\/portal\/#\/schema\/person\/a5cf1fea13877803ee0573ac18b03490"},"headline":"Choferes mantendr\u00e1n alza del pasaje en las rutas de Santiago","datePublished":"2022-01-21T17:29:47+00:00","mainEntityOfPage":{"@id":"https:\/\/potenciaradiofonicadominicana.com\/portal\/choferes-mantendran-alza-del-pasaje-en-las-rutas-de-santiago\/"},"wordCount":425,"commentCount":0,"publisher":{"@id":"https:\/\/potenciaradiofonicadominicana.com\/portal\/#organization"},"image":{"@id":"https:\/\/potenciaradiofonicadominicana.com\/portal\/choferes-mantendran-alza-del-pasaje-en-las-rutas-de-santiago\/#primaryimage"},"thumbnailUrl":"https:\/\/potenciaradiofonicadominicana.com\/portal\/wp-content\/uploads\/2022\/01\/jmp2630_16074417_20210329164518.jpg","articleSection":["Econom\u00eda"],"inLanguage":"es","potentialAction":[{"@type":"CommentAction","name":"Comment","target":["https:\/\/potenciaradiofonicadominicana.com\/portal\/choferes-mantendran-alza-del-pasaje-en-las-rutas-de-santiago\/#respond"]}]},{"@type":"WebPage","@id":"https:\/\/potenciaradiofonicadominicana.com\/portal\/choferes-mantendran-alza-del-pasaje-en-las-rutas-de-santiago\/","url":"https:\/\/potenciaradiofonicadominicana.com\/portal\/choferes-mantendran-alza-del-pasaje-en-las-rutas-de-santiago\/","name":"Choferes mantendr\u00e1n alza del pasaje en las rutas de Santiago - PotenciaRadiofonicaDominicana.com","isPartOf":{"@id":"https:\/\/potenciaradiofonicadominicana.com\/portal\/#website"},"primaryImageOfPage":{"@id":"https:\/\/potenciaradiofonicadominicana.com\/portal\/choferes-mantendran-alza-del-pasaje-en-las-rutas-de-santiago\/#primaryimage"},"image":{"@id":"https:\/\/potenciaradiofonicadominicana.com\/portal\/choferes-mantendran-alza-del-pasaje-en-las-rutas-de-santiago\/#primaryimage"},"thumbnailUrl":"https:\/\/potenciaradiofonicadominicana.com\/portal\/wp-content\/uploads\/2022\/01\/jmp2630_16074417_20210329164518.jpg","datePublished":"2022-01-21T17:29:47+00:00","breadcrumb":{"@id":"https:\/\/potenciaradiofonicadominicana.com\/portal\/choferes-mantendran-alza-del-pasaje-en-las-rutas-de-santiago\/#breadcrumb"},"inLanguage":"es","potentialAction":[{"@type":"ReadAction","target":["https:\/\/potenciaradiofonicadominicana.com\/portal\/choferes-mantendran-alza-del-pasaje-en-las-rutas-de-santiago\/"]}]},{"@type":"ImageObject","inLanguage":"es","@id":"https:\/\/potenciaradiofonicadominicana.com\/portal\/choferes-mantendran-alza-del-pasaje-en-las-rutas-de-santiago\/#primaryimage","url":"https:\/\/potenciaradiofonicadominicana.com\/portal\/wp-content\/uploads\/2022\/01\/jmp2630_16074417_20210329164518.jpg","contentUrl":"https:\/\/potenciaradiofonicadominicana.com\/portal\/wp-content\/uploads\/2022\/01\/jmp2630_16074417_20210329164518.jpg","width":546,"height":350},{"@type":"BreadcrumbList","@id":"https:\/\/potenciaradiofonicadominicana.com\/portal\/choferes-mantendran-alza-del-pasaje-en-las-rutas-de-santiago\/#breadcrumb","itemListElement":[{"@type":"ListItem","position":1,"name":"Portada","item":"https:\/\/potenciaradiofonicadominicana.com\/portal\/"},{"@type":"ListItem","position":2,"name":"Choferes mantendr\u00e1n alza del pasaje en las rutas de Santiago"}]},{"@type":"WebSite","@id":"https:\/\/potenciaradiofonicadominicana.com\/portal\/#website","url":"https:\/\/potenciaradiofonicadominicana.com\/portal\/","name":"PotenciaRadiofonicaDominicana.com","description":"Peri\u00f3dico Digital","publisher":{"@id":"https:\/\/potenciaradiofonicadominicana.com\/portal\/#organization"},"potentialAction":[{"@type":"SearchAction","target":{"@type":"EntryPoint","urlTemplate":"https:\/\/potenciaradiofonicadominicana.com\/portal\/?s={search_term_string}"},"query-input":{"@type":"PropertyValueSpecification","valueRequired":true,"valueName":"search_term_string"}}],"inLanguage":"es"},{"@type":"Organization","@id":"https:\/\/potenciaradiofonicadominicana.com\/portal\/#organization","name":"PotenciaRadiofonicaDominicana.com","url":"https:\/\/potenciaradiofonicadominicana.com\/portal\/","logo":{"@type":"ImageObject","inLanguage":"es","@id":"https:\/\/potenciaradiofonicadominicana.com\/portal\/#\/schema\/logo\/image\/","url":"https:\/\/potenciaradiofonicadominicana.com\/portal\/wp-content\/uploads\/2022\/01\/descarga.png","contentUrl":"https:\/\/potenciaradiofonicadominicana.com\/portal\/wp-content\/uploads\/2022\/01\/descarga.png","width":300,"height":100,"caption":"PotenciaRadiofonicaDominicana.com"},"image":{"@id":"https:\/\/potenciaradiofonicadominicana.com\/portal\/#\/schema\/logo\/image\/"},"sameAs":["https:\/\/web.facebook.com\/PotenciaRadiofonicaD"]},{"@type":"Person","@id":"https:\/\/potenciaradiofonicadominicana.com\/portal\/#\/schema\/person\/a5cf1fea13877803ee0573ac18b03490","name":"Potencia Radiof\u00f3nica Dominicana","image":{"@type":"ImageObject","inLanguage":"es","@id":"https:\/\/potenciaradiofonicadominicana.com\/portal\/#\/schema\/person\/image\/","url":"https:\/\/secure.gravatar.com\/avatar\/42a55ab9e8ccc656ba34cd791990602a?s=96&d=mm&r=g","contentUrl":"https:\/\/secure.gravatar.com\/avatar\/42a55ab9e8ccc656ba34cd791990602a?s=96&d=mm&r=g","caption":"Potencia Radiof\u00f3nica Dominicana"},"url":"https:\/\/potenciaradiofonicadominicana.com\/portal\/author\/johannyalmanzar\/"}]}},"_links":{"self":[{"href":"https:\/\/potenciaradiofonicadominicana.com\/portal\/wp-json\/wp\/v2\/posts\/113395","targetHints":{"allow":["GET"]}}],"collection":[{"href":"https:\/\/potenciaradiofonicadominicana.com\/portal\/wp-json\/wp\/v2\/posts"}],"about":[{"href":"https:\/\/potenciaradiofonicadominicana.com\/portal\/wp-json\/wp\/v2\/types\/post"}],"author":[{"embeddable":true,"href":"https:\/\/potenciaradiofonicadominicana.com\/portal\/wp-json\/wp\/v2\/users\/2"}],"replies":[{"embeddable":true,"href":"https:\/\/potenciaradiofonicadominicana.com\/portal\/wp-json\/wp\/v2\/comments?post=113395"}],"version-history":[{"count":1,"href":"https:\/\/potenciaradiofonicadominicana.com\/portal\/wp-json\/wp\/v2\/posts\/113395\/revisions"}],"predecessor-version":[{"id":113397,"href":"https:\/\/potenciaradiofonicadominicana.com\/portal\/wp-json\/wp\/v2\/posts\/113395\/revisions\/113397"}],"wp:featuredmedia":[{"embeddable":true,"href":"https:\/\/potenciaradiofonicadominicana.com\/portal\/wp-json\/wp\/v2\/media\/113396"}],"wp:attachment":[{"href":"https:\/\/potenciaradiofonicadominicana.com\/portal\/wp-json\/wp\/v2\/media?parent=113395"}],"wp:term":[{"taxonomy":"category","embeddable":true,"href":"https:\/\/potenciaradiofonicadominicana.com\/portal\/wp-json\/wp\/v2\/categories?post=113395"},{"taxonomy":"post_tag","embeddable":true,"href":"https:\/\/potenciaradiofonicadominicana.com\/portal\/wp-json\/wp\/v2\/tags?post=113395"}],"curies":[{"name":"wp","href":"https:\/\/api.w.org\/{rel}","templated":true}]}}