{"id":113391,"date":"2022-01-21T13:27:05","date_gmt":"2022-01-21T17:27:05","guid":{"rendered":"https:\/\/potenciaradiofonicadominicana.com\/portal\/?p=113391"},"modified":"2022-01-21T13:27:05","modified_gmt":"2022-01-21T17:27:05","slug":"garantizan-el-abastecimiento-pese-a-las-alzas","status":"publish","type":"post","link":"https:\/\/potenciaradiofonicadominicana.com\/portal\/garantizan-el-abastecimiento-pese-a-las-alzas\/","title":{"rendered":"Garantizan el abastecimiento pese a las alzas"},"content":{"rendered":"<p><a href=\"https:\/\/potenciaradiofonicadominicana.com\/portal\/wp-content\/uploads\/2022\/01\/827407dc-circe-almanzar-vicepresidente-ejecutiva-de-la-aird-4-e1461012752181-609d2f905ae38.jpg\"><img loading=\"lazy\" decoding=\"async\" class=\"alignnone size-full wp-image-113393\" src=\"https:\/\/potenciaradiofonicadominicana.com\/portal\/wp-content\/uploads\/2022\/01\/827407dc-circe-almanzar-vicepresidente-ejecutiva-de-la-aird-4-e1461012752181-609d2f905ae38.jpg\" alt=\"\" width=\"900\" height=\"576\" srcset=\"https:\/\/potenciaradiofonicadominicana.com\/portal\/wp-content\/uploads\/2022\/01\/827407dc-circe-almanzar-vicepresidente-ejecutiva-de-la-aird-4-e1461012752181-609d2f905ae38.jpg 900w, https:\/\/potenciaradiofonicadominicana.com\/portal\/wp-content\/uploads\/2022\/01\/827407dc-circe-almanzar-vicepresidente-ejecutiva-de-la-aird-4-e1461012752181-609d2f905ae38-300x192.jpg 300w, https:\/\/potenciaradiofonicadominicana.com\/portal\/wp-content\/uploads\/2022\/01\/827407dc-circe-almanzar-vicepresidente-ejecutiva-de-la-aird-4-e1461012752181-609d2f905ae38-768x492.jpg 768w\" sizes=\"auto, (max-width: 900px) 100vw, 900px\" \/><\/a><\/p>\n<p>El\u00a0sector empresarial\u00a0dominicano mantiene su compromiso de<strong>\u00a0<\/strong>garantizar el abastecimiento de productos en el pa\u00eds, a pesar del incremento de precios en el mercado internacional.<\/p>\n<p>As\u00ed lo manifestaron ayer la vicepresidenta ejecutiva de la<strong>\u00a0<\/strong>Asociaci\u00f3n de Industrias<strong>\u00a0<\/strong>(AIRD), Circe Alm\u00e1nzar, y el vicepresidente ejecutivo del\u00a0Consejo Nacional para la Empresa Privada<strong>\u00a0<\/strong>(CONEP), C\u00e9sar Dargam.<\/p>\n<p>Los representantes de dos de las principales organizaciones empresariales del pa\u00eds indicaron que\u00a0las reuniones que sostiene de forma peri\u00f3dica el sector privado con el Gobierno se centran principalmente en este aspecto.<\/p>\n<div class=\"article-quote-left\"><span class=\"article-quote-left-icon\">\u201c<\/span>\u201cAqu\u00ed no ha habido problemas de carest\u00eda porque se ha trabajado de manera conjunta\u201d..<span class=\"article-quote-left-icon\">\u201d<\/span><br \/>\n<span class=\"article-quote-left-author\">Circe Alm\u00e1nzar, vicepresidenta ejecutiva de la AIRD.<\/span><\/div>\n<p>\u201cPor el momento, lo que se ha manifestado es el\u00a0compromiso de los sectores productivos de garantizar el abastecimiento, tal y como ha ocurrido a lo largo de la pandemia\u201d, indic\u00f3 Dargam al pregunt\u00e1rsele sobre los detalles de la reuni\u00f3n que sostuvo el sector privado esta semana con la vicepresidente de la Rep\u00fablica, Raquel Pe\u00f1a, y otros funcionarios.<\/p>\n<p>Igualmente, Alm\u00e1nzar indic\u00f3 que\u00a0estas reuniones se est\u00e1n haciendo de manera peri\u00f3dica\u00a0con la finalidad de resolver cualquier traba que pudiera entorpecer el abastecimiento de productos en el pa\u00eds.<\/p>\n","protected":false},"excerpt":{"rendered":"<p>El\u00a0sector empresarial\u00a0dominicano mantiene su compromiso de\u00a0garantizar el abastecimiento de productos en el pa\u00eds, a pesar del incremento de precios en &#8230;<\/p>\n","protected":false},"author":2,"featured_media":113393,"comment_status":"open","ping_status":"open","sticky":false,"template":"","format":"standard","meta":{"footnotes":""},"categories":[26],"tags":[],"class_list":["post-113391","post","type-post","status-publish","format-standard","has-post-thumbnail","hentry","category-economia"],"yoast_head":"<!-- This site is optimized with the Yoast SEO plugin v24.8.1 - https:\/\/yoast.com\/wordpress\/plugins\/seo\/ -->\n<title>Garantizan el abastecimiento pese a las alzas - PotenciaRadiofonicaDominicana.com<\/title>\n<meta name=\"robots\" content=\"index, follow, max-snippet:-1, max-image-preview:large, max-video-preview:-1\" \/>\n<link rel=\"canonical\" href=\"https:\/\/potenciaradiofonicadominicana.com\/portal\/garantizan-el-abastecimiento-pese-a-las-alzas\/\" \/>\n<meta property=\"og:locale\" content=\"es_ES\" \/>\n<meta property=\"og:type\" content=\"article\" \/>\n<meta property=\"og:title\" content=\"Garantizan el abastecimiento pese a las alzas - PotenciaRadiofonicaDominicana.com\" \/>\n<meta property=\"og:description\" content=\"El\u00a0sector empresarial\u00a0dominicano mantiene su compromiso de\u00a0garantizar el abastecimiento de productos en el pa\u00eds, a pesar del incremento de precios en ...\" \/>\n<meta property=\"og:url\" content=\"https:\/\/potenciaradiofonicadominicana.com\/portal\/garantizan-el-abastecimiento-pese-a-las-alzas\/\" \/>\n<meta property=\"og:site_name\" content=\"PotenciaRadiofonicaDominicana.com\" \/>\n<meta property=\"article:publisher\" content=\"https:\/\/web.facebook.com\/PotenciaRadiofonicaD\" \/>\n<meta property=\"article:published_time\" content=\"2022-01-21T17:27:05+00:00\" \/>\n<meta property=\"og:image\" content=\"https:\/\/potenciaradiofonicadominicana.com\/portal\/wp-content\/uploads\/2022\/01\/827407dc-circe-almanzar-vicepresidente-ejecutiva-de-la-aird-4-e1461012752181-609d2f905ae38.jpg\" \/>\n\t<meta property=\"og:image:width\" content=\"900\" \/>\n\t<meta property=\"og:image:height\" content=\"576\" \/>\n\t<meta property=\"og:image:type\" content=\"image\/jpeg\" \/>\n<meta name=\"author\" content=\"Potencia Radiof\u00f3nica Dominicana\" \/>\n<meta name=\"twitter:card\" content=\"summary_large_image\" \/>\n<meta name=\"twitter:label1\" content=\"Escrito por\" \/>\n\t<meta name=\"twitter:data1\" content=\"Potencia Radiof\u00f3nica Dominicana\" \/>\n\t<meta name=\"twitter:label2\" content=\"Tiempo de lectura\" \/>\n\t<meta name=\"twitter:data2\" content=\"1 minuto\" \/>\n<script type=\"application\/ld+json\" class=\"yoast-schema-graph\">{\"@context\":\"https:\/\/schema.org\",\"@graph\":[{\"@type\":\"Article\",\"@id\":\"https:\/\/potenciaradiofonicadominicana.com\/portal\/garantizan-el-abastecimiento-pese-a-las-alzas\/#article\",\"isPartOf\":{\"@id\":\"https:\/\/potenciaradiofonicadominicana.com\/portal\/garantizan-el-abastecimiento-pese-a-las-alzas\/\"},\"author\":{\"name\":\"Potencia Radiof\u00f3nica Dominicana\",\"@id\":\"https:\/\/potenciaradiofonicadominicana.com\/portal\/#\/schema\/person\/a5cf1fea13877803ee0573ac18b03490\"},\"headline\":\"Garantizan el abastecimiento pese a las alzas\",\"datePublished\":\"2022-01-21T17:27:05+00:00\",\"mainEntityOfPage\":{\"@id\":\"https:\/\/potenciaradiofonicadominicana.com\/portal\/garantizan-el-abastecimiento-pese-a-las-alzas\/\"},\"wordCount\":218,\"commentCount\":0,\"publisher\":{\"@id\":\"https:\/\/potenciaradiofonicadominicana.com\/portal\/#organization\"},\"image\":{\"@id\":\"https:\/\/potenciaradiofonicadominicana.com\/portal\/garantizan-el-abastecimiento-pese-a-las-alzas\/#primaryimage\"},\"thumbnailUrl\":\"https:\/\/potenciaradiofonicadominicana.com\/portal\/wp-content\/uploads\/2022\/01\/827407dc-circe-almanzar-vicepresidente-ejecutiva-de-la-aird-4-e1461012752181-609d2f905ae38.jpg\",\"articleSection\":[\"Econom\u00eda\"],\"inLanguage\":\"es\",\"potentialAction\":[{\"@type\":\"CommentAction\",\"name\":\"Comment\",\"target\":[\"https:\/\/potenciaradiofonicadominicana.com\/portal\/garantizan-el-abastecimiento-pese-a-las-alzas\/#respond\"]}]},{\"@type\":\"WebPage\",\"@id\":\"https:\/\/potenciaradiofonicadominicana.com\/portal\/garantizan-el-abastecimiento-pese-a-las-alzas\/\",\"url\":\"https:\/\/potenciaradiofonicadominicana.com\/portal\/garantizan-el-abastecimiento-pese-a-las-alzas\/\",\"name\":\"Garantizan el abastecimiento pese a las alzas - PotenciaRadiofonicaDominicana.com\",\"isPartOf\":{\"@id\":\"https:\/\/potenciaradiofonicadominicana.com\/portal\/#website\"},\"primaryImageOfPage\":{\"@id\":\"https:\/\/potenciaradiofonicadominicana.com\/portal\/garantizan-el-abastecimiento-pese-a-las-alzas\/#primaryimage\"},\"image\":{\"@id\":\"https:\/\/potenciaradiofonicadominicana.com\/portal\/garantizan-el-abastecimiento-pese-a-las-alzas\/#primaryimage\"},\"thumbnailUrl\":\"https:\/\/potenciaradiofonicadominicana.com\/portal\/wp-content\/uploads\/2022\/01\/827407dc-circe-almanzar-vicepresidente-ejecutiva-de-la-aird-4-e1461012752181-609d2f905ae38.jpg\",\"datePublished\":\"2022-01-21T17:27:05+00:00\",\"breadcrumb\":{\"@id\":\"https:\/\/potenciaradiofonicadominicana.com\/portal\/garantizan-el-abastecimiento-pese-a-las-alzas\/#breadcrumb\"},\"inLanguage\":\"es\",\"potentialAction\":[{\"@type\":\"ReadAction\",\"target\":[\"https:\/\/potenciaradiofonicadominicana.com\/portal\/garantizan-el-abastecimiento-pese-a-las-alzas\/\"]}]},{\"@type\":\"ImageObject\",\"inLanguage\":\"es\",\"@id\":\"https:\/\/potenciaradiofonicadominicana.com\/portal\/garantizan-el-abastecimiento-pese-a-las-alzas\/#primaryimage\",\"url\":\"https:\/\/potenciaradiofonicadominicana.com\/portal\/wp-content\/uploads\/2022\/01\/827407dc-circe-almanzar-vicepresidente-ejecutiva-de-la-aird-4-e1461012752181-609d2f905ae38.jpg\",\"contentUrl\":\"https:\/\/potenciaradiofonicadominicana.com\/portal\/wp-content\/uploads\/2022\/01\/827407dc-circe-almanzar-vicepresidente-ejecutiva-de-la-aird-4-e1461012752181-609d2f905ae38.jpg\",\"width\":900,\"height\":576},{\"@type\":\"BreadcrumbList\",\"@id\":\"https:\/\/potenciaradiofonicadominicana.com\/portal\/garantizan-el-abastecimiento-pese-a-las-alzas\/#breadcrumb\",\"itemListElement\":[{\"@type\":\"ListItem\",\"position\":1,\"name\":\"Portada\",\"item\":\"https:\/\/potenciaradiofonicadominicana.com\/portal\/\"},{\"@type\":\"ListItem\",\"position\":2,\"name\":\"Garantizan el abastecimiento pese a las alzas\"}]},{\"@type\":\"WebSite\",\"@id\":\"https:\/\/potenciaradiofonicadominicana.com\/portal\/#website\",\"url\":\"https:\/\/potenciaradiofonicadominicana.com\/portal\/\",\"name\":\"PotenciaRadiofonicaDominicana.com\",\"description\":\"Peri\u00f3dico Digital\",\"publisher\":{\"@id\":\"https:\/\/potenciaradiofonicadominicana.com\/portal\/#organization\"},\"potentialAction\":[{\"@type\":\"SearchAction\",\"target\":{\"@type\":\"EntryPoint\",\"urlTemplate\":\"https:\/\/potenciaradiofonicadominicana.com\/portal\/?s={search_term_string}\"},\"query-input\":{\"@type\":\"PropertyValueSpecification\",\"valueRequired\":true,\"valueName\":\"search_term_string\"}}],\"inLanguage\":\"es\"},{\"@type\":\"Organization\",\"@id\":\"https:\/\/potenciaradiofonicadominicana.com\/portal\/#organization\",\"name\":\"PotenciaRadiofonicaDominicana.com\",\"url\":\"https:\/\/potenciaradiofonicadominicana.com\/portal\/\",\"logo\":{\"@type\":\"ImageObject\",\"inLanguage\":\"es\",\"@id\":\"https:\/\/potenciaradiofonicadominicana.com\/portal\/#\/schema\/logo\/image\/\",\"url\":\"https:\/\/potenciaradiofonicadominicana.com\/portal\/wp-content\/uploads\/2022\/01\/descarga.png\",\"contentUrl\":\"https:\/\/potenciaradiofonicadominicana.com\/portal\/wp-content\/uploads\/2022\/01\/descarga.png\",\"width\":300,\"height\":100,\"caption\":\"PotenciaRadiofonicaDominicana.com\"},\"image\":{\"@id\":\"https:\/\/potenciaradiofonicadominicana.com\/portal\/#\/schema\/logo\/image\/\"},\"sameAs\":[\"https:\/\/web.facebook.com\/PotenciaRadiofonicaD\"]},{\"@type\":\"Person\",\"@id\":\"https:\/\/potenciaradiofonicadominicana.com\/portal\/#\/schema\/person\/a5cf1fea13877803ee0573ac18b03490\",\"name\":\"Potencia Radiof\u00f3nica Dominicana\",\"image\":{\"@type\":\"ImageObject\",\"inLanguage\":\"es\",\"@id\":\"https:\/\/potenciaradiofonicadominicana.com\/portal\/#\/schema\/person\/image\/\",\"url\":\"https:\/\/secure.gravatar.com\/avatar\/42a55ab9e8ccc656ba34cd791990602a?s=96&d=mm&r=g\",\"contentUrl\":\"https:\/\/secure.gravatar.com\/avatar\/42a55ab9e8ccc656ba34cd791990602a?s=96&d=mm&r=g\",\"caption\":\"Potencia Radiof\u00f3nica Dominicana\"},\"url\":\"https:\/\/potenciaradiofonicadominicana.com\/portal\/author\/johannyalmanzar\/\"}]}<\/script>\n<!-- \/ Yoast SEO plugin. -->","yoast_head_json":{"title":"Garantizan el abastecimiento pese a las alzas - PotenciaRadiofonicaDominicana.com","robots":{"index":"index","follow":"follow","max-snippet":"max-snippet:-1","max-image-preview":"max-image-preview:large","max-video-preview":"max-video-preview:-1"},"canonical":"https:\/\/potenciaradiofonicadominicana.com\/portal\/garantizan-el-abastecimiento-pese-a-las-alzas\/","og_locale":"es_ES","og_type":"article","og_title":"Garantizan el abastecimiento pese a las alzas - PotenciaRadiofonicaDominicana.com","og_description":"El\u00a0sector empresarial\u00a0dominicano mantiene su compromiso de\u00a0garantizar el abastecimiento de productos en el pa\u00eds, a pesar del incremento de precios en ...","og_url":"https:\/\/potenciaradiofonicadominicana.com\/portal\/garantizan-el-abastecimiento-pese-a-las-alzas\/","og_site_name":"PotenciaRadiofonicaDominicana.com","article_publisher":"https:\/\/web.facebook.com\/PotenciaRadiofonicaD","article_published_time":"2022-01-21T17:27:05+00:00","og_image":[{"width":900,"height":576,"url":"https:\/\/potenciaradiofonicadominicana.com\/portal\/wp-content\/uploads\/2022\/01\/827407dc-circe-almanzar-vicepresidente-ejecutiva-de-la-aird-4-e1461012752181-609d2f905ae38.jpg","type":"image\/jpeg"}],"author":"Potencia Radiof\u00f3nica Dominicana","twitter_card":"summary_large_image","twitter_misc":{"Escrito por":"Potencia Radiof\u00f3nica Dominicana","Tiempo de lectura":"1 minuto"},"schema":{"@context":"https:\/\/schema.org","@graph":[{"@type":"Article","@id":"https:\/\/potenciaradiofonicadominicana.com\/portal\/garantizan-el-abastecimiento-pese-a-las-alzas\/#article","isPartOf":{"@id":"https:\/\/potenciaradiofonicadominicana.com\/portal\/garantizan-el-abastecimiento-pese-a-las-alzas\/"},"author":{"name":"Potencia Radiof\u00f3nica Dominicana","@id":"https:\/\/potenciaradiofonicadominicana.com\/portal\/#\/schema\/person\/a5cf1fea13877803ee0573ac18b03490"},"headline":"Garantizan el abastecimiento pese a las alzas","datePublished":"2022-01-21T17:27:05+00:00","mainEntityOfPage":{"@id":"https:\/\/potenciaradiofonicadominicana.com\/portal\/garantizan-el-abastecimiento-pese-a-las-alzas\/"},"wordCount":218,"commentCount":0,"publisher":{"@id":"https:\/\/potenciaradiofonicadominicana.com\/portal\/#organization"},"image":{"@id":"https:\/\/potenciaradiofonicadominicana.com\/portal\/garantizan-el-abastecimiento-pese-a-las-alzas\/#primaryimage"},"thumbnailUrl":"https:\/\/potenciaradiofonicadominicana.com\/portal\/wp-content\/uploads\/2022\/01\/827407dc-circe-almanzar-vicepresidente-ejecutiva-de-la-aird-4-e1461012752181-609d2f905ae38.jpg","articleSection":["Econom\u00eda"],"inLanguage":"es","potentialAction":[{"@type":"CommentAction","name":"Comment","target":["https:\/\/potenciaradiofonicadominicana.com\/portal\/garantizan-el-abastecimiento-pese-a-las-alzas\/#respond"]}]},{"@type":"WebPage","@id":"https:\/\/potenciaradiofonicadominicana.com\/portal\/garantizan-el-abastecimiento-pese-a-las-alzas\/","url":"https:\/\/potenciaradiofonicadominicana.com\/portal\/garantizan-el-abastecimiento-pese-a-las-alzas\/","name":"Garantizan el abastecimiento pese a las alzas - PotenciaRadiofonicaDominicana.com","isPartOf":{"@id":"https:\/\/potenciaradiofonicadominicana.com\/portal\/#website"},"primaryImageOfPage":{"@id":"https:\/\/potenciaradiofonicadominicana.com\/portal\/garantizan-el-abastecimiento-pese-a-las-alzas\/#primaryimage"},"image":{"@id":"https:\/\/potenciaradiofonicadominicana.com\/portal\/garantizan-el-abastecimiento-pese-a-las-alzas\/#primaryimage"},"thumbnailUrl":"https:\/\/potenciaradiofonicadominicana.com\/portal\/wp-content\/uploads\/2022\/01\/827407dc-circe-almanzar-vicepresidente-ejecutiva-de-la-aird-4-e1461012752181-609d2f905ae38.jpg","datePublished":"2022-01-21T17:27:05+00:00","breadcrumb":{"@id":"https:\/\/potenciaradiofonicadominicana.com\/portal\/garantizan-el-abastecimiento-pese-a-las-alzas\/#breadcrumb"},"inLanguage":"es","potentialAction":[{"@type":"ReadAction","target":["https:\/\/potenciaradiofonicadominicana.com\/portal\/garantizan-el-abastecimiento-pese-a-las-alzas\/"]}]},{"@type":"ImageObject","inLanguage":"es","@id":"https:\/\/potenciaradiofonicadominicana.com\/portal\/garantizan-el-abastecimiento-pese-a-las-alzas\/#primaryimage","url":"https:\/\/potenciaradiofonicadominicana.com\/portal\/wp-content\/uploads\/2022\/01\/827407dc-circe-almanzar-vicepresidente-ejecutiva-de-la-aird-4-e1461012752181-609d2f905ae38.jpg","contentUrl":"https:\/\/potenciaradiofonicadominicana.com\/portal\/wp-content\/uploads\/2022\/01\/827407dc-circe-almanzar-vicepresidente-ejecutiva-de-la-aird-4-e1461012752181-609d2f905ae38.jpg","width":900,"height":576},{"@type":"BreadcrumbList","@id":"https:\/\/potenciaradiofonicadominicana.com\/portal\/garantizan-el-abastecimiento-pese-a-las-alzas\/#breadcrumb","itemListElement":[{"@type":"ListItem","position":1,"name":"Portada","item":"https:\/\/potenciaradiofonicadominicana.com\/portal\/"},{"@type":"ListItem","position":2,"name":"Garantizan el abastecimiento pese a las alzas"}]},{"@type":"WebSite","@id":"https:\/\/potenciaradiofonicadominicana.com\/portal\/#website","url":"https:\/\/potenciaradiofonicadominicana.com\/portal\/","name":"PotenciaRadiofonicaDominicana.com","description":"Peri\u00f3dico Digital","publisher":{"@id":"https:\/\/potenciaradiofonicadominicana.com\/portal\/#organization"},"potentialAction":[{"@type":"SearchAction","target":{"@type":"EntryPoint","urlTemplate":"https:\/\/potenciaradiofonicadominicana.com\/portal\/?s={search_term_string}"},"query-input":{"@type":"PropertyValueSpecification","valueRequired":true,"valueName":"search_term_string"}}],"inLanguage":"es"},{"@type":"Organization","@id":"https:\/\/potenciaradiofonicadominicana.com\/portal\/#organization","name":"PotenciaRadiofonicaDominicana.com","url":"https:\/\/potenciaradiofonicadominicana.com\/portal\/","logo":{"@type":"ImageObject","inLanguage":"es","@id":"https:\/\/potenciaradiofonicadominicana.com\/portal\/#\/schema\/logo\/image\/","url":"https:\/\/potenciaradiofonicadominicana.com\/portal\/wp-content\/uploads\/2022\/01\/descarga.png","contentUrl":"https:\/\/potenciaradiofonicadominicana.com\/portal\/wp-content\/uploads\/2022\/01\/descarga.png","width":300,"height":100,"caption":"PotenciaRadiofonicaDominicana.com"},"image":{"@id":"https:\/\/potenciaradiofonicadominicana.com\/portal\/#\/schema\/logo\/image\/"},"sameAs":["https:\/\/web.facebook.com\/PotenciaRadiofonicaD"]},{"@type":"Person","@id":"https:\/\/potenciaradiofonicadominicana.com\/portal\/#\/schema\/person\/a5cf1fea13877803ee0573ac18b03490","name":"Potencia Radiof\u00f3nica Dominicana","image":{"@type":"ImageObject","inLanguage":"es","@id":"https:\/\/potenciaradiofonicadominicana.com\/portal\/#\/schema\/person\/image\/","url":"https:\/\/secure.gravatar.com\/avatar\/42a55ab9e8ccc656ba34cd791990602a?s=96&d=mm&r=g","contentUrl":"https:\/\/secure.gravatar.com\/avatar\/42a55ab9e8ccc656ba34cd791990602a?s=96&d=mm&r=g","caption":"Potencia Radiof\u00f3nica Dominicana"},"url":"https:\/\/potenciaradiofonicadominicana.com\/portal\/author\/johannyalmanzar\/"}]}},"_links":{"self":[{"href":"https:\/\/potenciaradiofonicadominicana.com\/portal\/wp-json\/wp\/v2\/posts\/113391","targetHints":{"allow":["GET"]}}],"collection":[{"href":"https:\/\/potenciaradiofonicadominicana.com\/portal\/wp-json\/wp\/v2\/posts"}],"about":[{"href":"https:\/\/potenciaradiofonicadominicana.com\/portal\/wp-json\/wp\/v2\/types\/post"}],"author":[{"embeddable":true,"href":"https:\/\/potenciaradiofonicadominicana.com\/portal\/wp-json\/wp\/v2\/users\/2"}],"replies":[{"embeddable":true,"href":"https:\/\/potenciaradiofonicadominicana.com\/portal\/wp-json\/wp\/v2\/comments?post=113391"}],"version-history":[{"count":1,"href":"https:\/\/potenciaradiofonicadominicana.com\/portal\/wp-json\/wp\/v2\/posts\/113391\/revisions"}],"predecessor-version":[{"id":113394,"href":"https:\/\/potenciaradiofonicadominicana.com\/portal\/wp-json\/wp\/v2\/posts\/113391\/revisions\/113394"}],"wp:featuredmedia":[{"embeddable":true,"href":"https:\/\/potenciaradiofonicadominicana.com\/portal\/wp-json\/wp\/v2\/media\/113393"}],"wp:attachment":[{"href":"https:\/\/potenciaradiofonicadominicana.com\/portal\/wp-json\/wp\/v2\/media?parent=113391"}],"wp:term":[{"taxonomy":"category","embeddable":true,"href":"https:\/\/potenciaradiofonicadominicana.com\/portal\/wp-json\/wp\/v2\/categories?post=113391"},{"taxonomy":"post_tag","embeddable":true,"href":"https:\/\/potenciaradiofonicadominicana.com\/portal\/wp-json\/wp\/v2\/tags?post=113391"}],"curies":[{"name":"wp","href":"https:\/\/api.w.org\/{rel}","templated":true}]}}