{"id":113385,"date":"2022-01-21T13:22:17","date_gmt":"2022-01-21T17:22:17","guid":{"rendered":"https:\/\/potenciaradiofonicadominicana.com\/portal\/?p=113385"},"modified":"2022-01-21T13:22:17","modified_gmt":"2022-01-21T17:22:17","slug":"comerciantes-dicen-que-la-inflacion-les-ha-dado-duro","status":"publish","type":"post","link":"https:\/\/potenciaradiofonicadominicana.com\/portal\/comerciantes-dicen-que-la-inflacion-les-ha-dado-duro\/","title":{"rendered":"Comerciantes dicen que la inflaci\u00f3n les ha dado \u201cduro\u201d"},"content":{"rendered":"<p><a href=\"https:\/\/potenciaradiofonicadominicana.com\/portal\/wp-content\/uploads\/2022\/01\/ALIMENTOS-PRODUCTOS-PRECIOS-SUPERMERCADO-GONDOLAS-3.jpg\"><img loading=\"lazy\" decoding=\"async\" class=\"alignnone size-full wp-image-113386\" src=\"https:\/\/potenciaradiofonicadominicana.com\/portal\/wp-content\/uploads\/2022\/01\/ALIMENTOS-PRODUCTOS-PRECIOS-SUPERMERCADO-GONDOLAS-3.jpg\" alt=\"\" width=\"890\" height=\"593\" srcset=\"https:\/\/potenciaradiofonicadominicana.com\/portal\/wp-content\/uploads\/2022\/01\/ALIMENTOS-PRODUCTOS-PRECIOS-SUPERMERCADO-GONDOLAS-3.jpg 890w, https:\/\/potenciaradiofonicadominicana.com\/portal\/wp-content\/uploads\/2022\/01\/ALIMENTOS-PRODUCTOS-PRECIOS-SUPERMERCADO-GONDOLAS-3-300x200.jpg 300w, https:\/\/potenciaradiofonicadominicana.com\/portal\/wp-content\/uploads\/2022\/01\/ALIMENTOS-PRODUCTOS-PRECIOS-SUPERMERCADO-GONDOLAS-3-768x512.jpg 768w\" sizes=\"auto, (max-width: 890px) 100vw, 890px\" \/><\/a><\/p>\n<p><strong>Comerciantes\u00a0<\/strong>dominicanos aseguraron que<strong>\u00a0<\/strong>la inflaci\u00f3n les ha dado \u201cduro<strong>\u201d<\/strong>, ya que para mantener el inventario ha sido un proceso dif\u00edcil, porque sus mercanc\u00edas se han disparado un 30%.<\/p>\n<p>El presidente de la Federaci\u00f3n Nacional de Comerciantes Detallistas de Provisiones (Fenacodep), Fausto Figuereo, destac\u00f3 que\u00a0si antes ten\u00edan que buscar RD$1,000,000, ahora deben destinar cerca de RD$1,300,000.<\/p>\n<p>El representante de los comerciantes indic\u00f3 que\u00a0el sector ha tenido que buscar pr\u00e9stamos\u00a0para cumplir con la demanda de los consumidores.<\/p>\n<p>Figuereo dijo que la alta inflaci\u00f3n que existe en el pa\u00eds es fruto de la situaci\u00f3n que se vivi\u00f3 a mediados del 2020, cuando la industria del mundo se paraliz\u00f3, lo que produjo que lo<strong>s <\/strong>transportes se hayan puesto dif\u00edciles, escasez de furgones y retraso\u00a0en contenedores, lo que ha encarecido el costo de las mercanc\u00edas.<\/p>\n<p>Efectos<br \/>\nHace unos d\u00edas, la vicepresidenta de la Rep\u00fablica, Raquel Pe\u00f1a, y el ministro de Industria, Comercio y Mipymes (MICM), V\u00edctor Bison\u00f3,\u00a0se reunieron con empresarios y representantes de supermercados para tratar el tema de la inflaci\u00f3n\u00a0global por el desabastecimiento que podr\u00eda afectar los productos de importaci\u00f3n.<\/p>\n<p>Sin embargo, los representantes del\u00a0comercio detallista no participaron en esta reuni\u00f3n, como lo hicieron saber ayer en una rueda de prensa.<\/p>\n<p>Asimismo, List\u00edn Diario supo que\u00a0el presidente de la Federaci\u00f3n Dominicana de Comerciantes (FDC), Iv\u00e1n Garc\u00eda, tampoco fue invitado al encuentro.<\/p>\n<p>Garc\u00eda coincidi\u00f3 con Figuereo en que<strong>\u00a0<\/strong>la inflaci\u00f3n de los \u00faltimos meses ha afectado al comercio\u00a0porque ha reducido la capacidad de compra y al mismo tiempo reduce los inventarios de diferentes tipos de negocios.<\/p>\n<p>\u201cCuando los productos suben de precios, se necesita mayor capital para poder comprar los mismos y si el empresario no tiene capacidad para endeudarse, autom\u00e1ticamente se descapitaliza\u201d, lament\u00f3 Garc\u00eda.<\/p>\n<p>La semana pasada, el Banco Central inform\u00f3 que la variaci\u00f3n mensual del \u00edndice de precios al consumidor (IPC) en diciembre de 2021 fue de 0.73%, colocando la inflaci\u00f3n interanual en 8.50%.<\/p>\n<p>Atraer clientes<br \/>\nAnte esta realidad que preocupa al sector comercial, se est\u00e1n buscando soluciones innovadoras para atraer al cliente.<\/p>\n<p>Alianza<br \/>\nAyer Fenacodep firm\u00f3 un acuerdo con la empresa de tecnolog\u00eda de soluciones de pago, MIO, que impactar\u00e1 cerca de 1,500 comercios.<\/p>\n<p>M\u00e9todo<br \/>\nNo se trata de solamente tener un verifone y ya, sino que la alianza establece que, por ejemplo, los colmaderos puedan cobrar al cliente desde su celular o tarjetas de cr\u00e9dito o d\u00e9bito.<\/p>\n<p>Eficiencia<br \/>\nLos comerciantes podr\u00e1n conocer historial de ventas y gestionar el cat\u00e1logo de productos.<\/p>\n","protected":false},"excerpt":{"rendered":"<p>Comerciantes\u00a0dominicanos aseguraron que\u00a0la inflaci\u00f3n les ha dado \u201cduro\u201d, ya que para mantener el inventario ha sido un proceso dif\u00edcil, porque &#8230;<\/p>\n","protected":false},"author":2,"featured_media":113386,"comment_status":"open","ping_status":"open","sticky":false,"template":"","format":"standard","meta":{"footnotes":""},"categories":[26],"tags":[],"class_list":["post-113385","post","type-post","status-publish","format-standard","has-post-thumbnail","hentry","category-economia"],"yoast_head":"<!-- This site is optimized with the Yoast SEO plugin v24.8.1 - https:\/\/yoast.com\/wordpress\/plugins\/seo\/ -->\n<title>Comerciantes dicen que la inflaci\u00f3n les ha dado \u201cduro\u201d - PotenciaRadiofonicaDominicana.com<\/title>\n<meta name=\"robots\" content=\"index, follow, max-snippet:-1, max-image-preview:large, max-video-preview:-1\" \/>\n<link rel=\"canonical\" href=\"https:\/\/potenciaradiofonicadominicana.com\/portal\/comerciantes-dicen-que-la-inflacion-les-ha-dado-duro\/\" \/>\n<meta property=\"og:locale\" content=\"es_ES\" \/>\n<meta property=\"og:type\" content=\"article\" \/>\n<meta property=\"og:title\" content=\"Comerciantes dicen que la inflaci\u00f3n les ha dado \u201cduro\u201d - PotenciaRadiofonicaDominicana.com\" \/>\n<meta property=\"og:description\" content=\"Comerciantes\u00a0dominicanos aseguraron que\u00a0la inflaci\u00f3n les ha dado \u201cduro\u201d, ya que para mantener el inventario ha sido un proceso dif\u00edcil, porque ...\" \/>\n<meta property=\"og:url\" content=\"https:\/\/potenciaradiofonicadominicana.com\/portal\/comerciantes-dicen-que-la-inflacion-les-ha-dado-duro\/\" \/>\n<meta property=\"og:site_name\" content=\"PotenciaRadiofonicaDominicana.com\" \/>\n<meta property=\"article:publisher\" content=\"https:\/\/web.facebook.com\/PotenciaRadiofonicaD\" \/>\n<meta property=\"article:published_time\" content=\"2022-01-21T17:22:17+00:00\" \/>\n<meta property=\"og:image\" content=\"https:\/\/potenciaradiofonicadominicana.com\/portal\/wp-content\/uploads\/2022\/01\/ALIMENTOS-PRODUCTOS-PRECIOS-SUPERMERCADO-GONDOLAS-3.jpg\" \/>\n\t<meta property=\"og:image:width\" content=\"890\" \/>\n\t<meta property=\"og:image:height\" content=\"593\" \/>\n\t<meta property=\"og:image:type\" content=\"image\/jpeg\" \/>\n<meta name=\"author\" content=\"Potencia Radiof\u00f3nica Dominicana\" \/>\n<meta name=\"twitter:card\" content=\"summary_large_image\" \/>\n<meta name=\"twitter:label1\" content=\"Escrito por\" \/>\n\t<meta name=\"twitter:data1\" content=\"Potencia Radiof\u00f3nica Dominicana\" \/>\n\t<meta name=\"twitter:label2\" content=\"Tiempo de lectura\" \/>\n\t<meta name=\"twitter:data2\" content=\"2 minutos\" \/>\n<script type=\"application\/ld+json\" class=\"yoast-schema-graph\">{\"@context\":\"https:\/\/schema.org\",\"@graph\":[{\"@type\":\"Article\",\"@id\":\"https:\/\/potenciaradiofonicadominicana.com\/portal\/comerciantes-dicen-que-la-inflacion-les-ha-dado-duro\/#article\",\"isPartOf\":{\"@id\":\"https:\/\/potenciaradiofonicadominicana.com\/portal\/comerciantes-dicen-que-la-inflacion-les-ha-dado-duro\/\"},\"author\":{\"name\":\"Potencia Radiof\u00f3nica Dominicana\",\"@id\":\"https:\/\/potenciaradiofonicadominicana.com\/portal\/#\/schema\/person\/a5cf1fea13877803ee0573ac18b03490\"},\"headline\":\"Comerciantes dicen que la inflaci\u00f3n les ha dado \u201cduro\u201d\",\"datePublished\":\"2022-01-21T17:22:17+00:00\",\"mainEntityOfPage\":{\"@id\":\"https:\/\/potenciaradiofonicadominicana.com\/portal\/comerciantes-dicen-que-la-inflacion-les-ha-dado-duro\/\"},\"wordCount\":450,\"commentCount\":0,\"publisher\":{\"@id\":\"https:\/\/potenciaradiofonicadominicana.com\/portal\/#organization\"},\"image\":{\"@id\":\"https:\/\/potenciaradiofonicadominicana.com\/portal\/comerciantes-dicen-que-la-inflacion-les-ha-dado-duro\/#primaryimage\"},\"thumbnailUrl\":\"https:\/\/potenciaradiofonicadominicana.com\/portal\/wp-content\/uploads\/2022\/01\/ALIMENTOS-PRODUCTOS-PRECIOS-SUPERMERCADO-GONDOLAS-3.jpg\",\"articleSection\":[\"Econom\u00eda\"],\"inLanguage\":\"es\",\"potentialAction\":[{\"@type\":\"CommentAction\",\"name\":\"Comment\",\"target\":[\"https:\/\/potenciaradiofonicadominicana.com\/portal\/comerciantes-dicen-que-la-inflacion-les-ha-dado-duro\/#respond\"]}]},{\"@type\":\"WebPage\",\"@id\":\"https:\/\/potenciaradiofonicadominicana.com\/portal\/comerciantes-dicen-que-la-inflacion-les-ha-dado-duro\/\",\"url\":\"https:\/\/potenciaradiofonicadominicana.com\/portal\/comerciantes-dicen-que-la-inflacion-les-ha-dado-duro\/\",\"name\":\"Comerciantes dicen que la inflaci\u00f3n les ha dado \u201cduro\u201d - PotenciaRadiofonicaDominicana.com\",\"isPartOf\":{\"@id\":\"https:\/\/potenciaradiofonicadominicana.com\/portal\/#website\"},\"primaryImageOfPage\":{\"@id\":\"https:\/\/potenciaradiofonicadominicana.com\/portal\/comerciantes-dicen-que-la-inflacion-les-ha-dado-duro\/#primaryimage\"},\"image\":{\"@id\":\"https:\/\/potenciaradiofonicadominicana.com\/portal\/comerciantes-dicen-que-la-inflacion-les-ha-dado-duro\/#primaryimage\"},\"thumbnailUrl\":\"https:\/\/potenciaradiofonicadominicana.com\/portal\/wp-content\/uploads\/2022\/01\/ALIMENTOS-PRODUCTOS-PRECIOS-SUPERMERCADO-GONDOLAS-3.jpg\",\"datePublished\":\"2022-01-21T17:22:17+00:00\",\"breadcrumb\":{\"@id\":\"https:\/\/potenciaradiofonicadominicana.com\/portal\/comerciantes-dicen-que-la-inflacion-les-ha-dado-duro\/#breadcrumb\"},\"inLanguage\":\"es\",\"potentialAction\":[{\"@type\":\"ReadAction\",\"target\":[\"https:\/\/potenciaradiofonicadominicana.com\/portal\/comerciantes-dicen-que-la-inflacion-les-ha-dado-duro\/\"]}]},{\"@type\":\"ImageObject\",\"inLanguage\":\"es\",\"@id\":\"https:\/\/potenciaradiofonicadominicana.com\/portal\/comerciantes-dicen-que-la-inflacion-les-ha-dado-duro\/#primaryimage\",\"url\":\"https:\/\/potenciaradiofonicadominicana.com\/portal\/wp-content\/uploads\/2022\/01\/ALIMENTOS-PRODUCTOS-PRECIOS-SUPERMERCADO-GONDOLAS-3.jpg\",\"contentUrl\":\"https:\/\/potenciaradiofonicadominicana.com\/portal\/wp-content\/uploads\/2022\/01\/ALIMENTOS-PRODUCTOS-PRECIOS-SUPERMERCADO-GONDOLAS-3.jpg\",\"width\":890,\"height\":593},{\"@type\":\"BreadcrumbList\",\"@id\":\"https:\/\/potenciaradiofonicadominicana.com\/portal\/comerciantes-dicen-que-la-inflacion-les-ha-dado-duro\/#breadcrumb\",\"itemListElement\":[{\"@type\":\"ListItem\",\"position\":1,\"name\":\"Portada\",\"item\":\"https:\/\/potenciaradiofonicadominicana.com\/portal\/\"},{\"@type\":\"ListItem\",\"position\":2,\"name\":\"Comerciantes dicen que la inflaci\u00f3n les ha dado \u201cduro\u201d\"}]},{\"@type\":\"WebSite\",\"@id\":\"https:\/\/potenciaradiofonicadominicana.com\/portal\/#website\",\"url\":\"https:\/\/potenciaradiofonicadominicana.com\/portal\/\",\"name\":\"PotenciaRadiofonicaDominicana.com\",\"description\":\"Peri\u00f3dico Digital\",\"publisher\":{\"@id\":\"https:\/\/potenciaradiofonicadominicana.com\/portal\/#organization\"},\"potentialAction\":[{\"@type\":\"SearchAction\",\"target\":{\"@type\":\"EntryPoint\",\"urlTemplate\":\"https:\/\/potenciaradiofonicadominicana.com\/portal\/?s={search_term_string}\"},\"query-input\":{\"@type\":\"PropertyValueSpecification\",\"valueRequired\":true,\"valueName\":\"search_term_string\"}}],\"inLanguage\":\"es\"},{\"@type\":\"Organization\",\"@id\":\"https:\/\/potenciaradiofonicadominicana.com\/portal\/#organization\",\"name\":\"PotenciaRadiofonicaDominicana.com\",\"url\":\"https:\/\/potenciaradiofonicadominicana.com\/portal\/\",\"logo\":{\"@type\":\"ImageObject\",\"inLanguage\":\"es\",\"@id\":\"https:\/\/potenciaradiofonicadominicana.com\/portal\/#\/schema\/logo\/image\/\",\"url\":\"https:\/\/potenciaradiofonicadominicana.com\/portal\/wp-content\/uploads\/2022\/01\/descarga.png\",\"contentUrl\":\"https:\/\/potenciaradiofonicadominicana.com\/portal\/wp-content\/uploads\/2022\/01\/descarga.png\",\"width\":300,\"height\":100,\"caption\":\"PotenciaRadiofonicaDominicana.com\"},\"image\":{\"@id\":\"https:\/\/potenciaradiofonicadominicana.com\/portal\/#\/schema\/logo\/image\/\"},\"sameAs\":[\"https:\/\/web.facebook.com\/PotenciaRadiofonicaD\"]},{\"@type\":\"Person\",\"@id\":\"https:\/\/potenciaradiofonicadominicana.com\/portal\/#\/schema\/person\/a5cf1fea13877803ee0573ac18b03490\",\"name\":\"Potencia Radiof\u00f3nica Dominicana\",\"image\":{\"@type\":\"ImageObject\",\"inLanguage\":\"es\",\"@id\":\"https:\/\/potenciaradiofonicadominicana.com\/portal\/#\/schema\/person\/image\/\",\"url\":\"https:\/\/secure.gravatar.com\/avatar\/42a55ab9e8ccc656ba34cd791990602a?s=96&d=mm&r=g\",\"contentUrl\":\"https:\/\/secure.gravatar.com\/avatar\/42a55ab9e8ccc656ba34cd791990602a?s=96&d=mm&r=g\",\"caption\":\"Potencia Radiof\u00f3nica Dominicana\"},\"url\":\"https:\/\/potenciaradiofonicadominicana.com\/portal\/author\/johannyalmanzar\/\"}]}<\/script>\n<!-- \/ Yoast SEO plugin. -->","yoast_head_json":{"title":"Comerciantes dicen que la inflaci\u00f3n les ha dado \u201cduro\u201d - PotenciaRadiofonicaDominicana.com","robots":{"index":"index","follow":"follow","max-snippet":"max-snippet:-1","max-image-preview":"max-image-preview:large","max-video-preview":"max-video-preview:-1"},"canonical":"https:\/\/potenciaradiofonicadominicana.com\/portal\/comerciantes-dicen-que-la-inflacion-les-ha-dado-duro\/","og_locale":"es_ES","og_type":"article","og_title":"Comerciantes dicen que la inflaci\u00f3n les ha dado \u201cduro\u201d - PotenciaRadiofonicaDominicana.com","og_description":"Comerciantes\u00a0dominicanos aseguraron que\u00a0la inflaci\u00f3n les ha dado \u201cduro\u201d, ya que para mantener el inventario ha sido un proceso dif\u00edcil, porque ...","og_url":"https:\/\/potenciaradiofonicadominicana.com\/portal\/comerciantes-dicen-que-la-inflacion-les-ha-dado-duro\/","og_site_name":"PotenciaRadiofonicaDominicana.com","article_publisher":"https:\/\/web.facebook.com\/PotenciaRadiofonicaD","article_published_time":"2022-01-21T17:22:17+00:00","og_image":[{"width":890,"height":593,"url":"https:\/\/potenciaradiofonicadominicana.com\/portal\/wp-content\/uploads\/2022\/01\/ALIMENTOS-PRODUCTOS-PRECIOS-SUPERMERCADO-GONDOLAS-3.jpg","type":"image\/jpeg"}],"author":"Potencia Radiof\u00f3nica Dominicana","twitter_card":"summary_large_image","twitter_misc":{"Escrito por":"Potencia Radiof\u00f3nica Dominicana","Tiempo de lectura":"2 minutos"},"schema":{"@context":"https:\/\/schema.org","@graph":[{"@type":"Article","@id":"https:\/\/potenciaradiofonicadominicana.com\/portal\/comerciantes-dicen-que-la-inflacion-les-ha-dado-duro\/#article","isPartOf":{"@id":"https:\/\/potenciaradiofonicadominicana.com\/portal\/comerciantes-dicen-que-la-inflacion-les-ha-dado-duro\/"},"author":{"name":"Potencia Radiof\u00f3nica Dominicana","@id":"https:\/\/potenciaradiofonicadominicana.com\/portal\/#\/schema\/person\/a5cf1fea13877803ee0573ac18b03490"},"headline":"Comerciantes dicen que la inflaci\u00f3n les ha dado \u201cduro\u201d","datePublished":"2022-01-21T17:22:17+00:00","mainEntityOfPage":{"@id":"https:\/\/potenciaradiofonicadominicana.com\/portal\/comerciantes-dicen-que-la-inflacion-les-ha-dado-duro\/"},"wordCount":450,"commentCount":0,"publisher":{"@id":"https:\/\/potenciaradiofonicadominicana.com\/portal\/#organization"},"image":{"@id":"https:\/\/potenciaradiofonicadominicana.com\/portal\/comerciantes-dicen-que-la-inflacion-les-ha-dado-duro\/#primaryimage"},"thumbnailUrl":"https:\/\/potenciaradiofonicadominicana.com\/portal\/wp-content\/uploads\/2022\/01\/ALIMENTOS-PRODUCTOS-PRECIOS-SUPERMERCADO-GONDOLAS-3.jpg","articleSection":["Econom\u00eda"],"inLanguage":"es","potentialAction":[{"@type":"CommentAction","name":"Comment","target":["https:\/\/potenciaradiofonicadominicana.com\/portal\/comerciantes-dicen-que-la-inflacion-les-ha-dado-duro\/#respond"]}]},{"@type":"WebPage","@id":"https:\/\/potenciaradiofonicadominicana.com\/portal\/comerciantes-dicen-que-la-inflacion-les-ha-dado-duro\/","url":"https:\/\/potenciaradiofonicadominicana.com\/portal\/comerciantes-dicen-que-la-inflacion-les-ha-dado-duro\/","name":"Comerciantes dicen que la inflaci\u00f3n les ha dado \u201cduro\u201d - PotenciaRadiofonicaDominicana.com","isPartOf":{"@id":"https:\/\/potenciaradiofonicadominicana.com\/portal\/#website"},"primaryImageOfPage":{"@id":"https:\/\/potenciaradiofonicadominicana.com\/portal\/comerciantes-dicen-que-la-inflacion-les-ha-dado-duro\/#primaryimage"},"image":{"@id":"https:\/\/potenciaradiofonicadominicana.com\/portal\/comerciantes-dicen-que-la-inflacion-les-ha-dado-duro\/#primaryimage"},"thumbnailUrl":"https:\/\/potenciaradiofonicadominicana.com\/portal\/wp-content\/uploads\/2022\/01\/ALIMENTOS-PRODUCTOS-PRECIOS-SUPERMERCADO-GONDOLAS-3.jpg","datePublished":"2022-01-21T17:22:17+00:00","breadcrumb":{"@id":"https:\/\/potenciaradiofonicadominicana.com\/portal\/comerciantes-dicen-que-la-inflacion-les-ha-dado-duro\/#breadcrumb"},"inLanguage":"es","potentialAction":[{"@type":"ReadAction","target":["https:\/\/potenciaradiofonicadominicana.com\/portal\/comerciantes-dicen-que-la-inflacion-les-ha-dado-duro\/"]}]},{"@type":"ImageObject","inLanguage":"es","@id":"https:\/\/potenciaradiofonicadominicana.com\/portal\/comerciantes-dicen-que-la-inflacion-les-ha-dado-duro\/#primaryimage","url":"https:\/\/potenciaradiofonicadominicana.com\/portal\/wp-content\/uploads\/2022\/01\/ALIMENTOS-PRODUCTOS-PRECIOS-SUPERMERCADO-GONDOLAS-3.jpg","contentUrl":"https:\/\/potenciaradiofonicadominicana.com\/portal\/wp-content\/uploads\/2022\/01\/ALIMENTOS-PRODUCTOS-PRECIOS-SUPERMERCADO-GONDOLAS-3.jpg","width":890,"height":593},{"@type":"BreadcrumbList","@id":"https:\/\/potenciaradiofonicadominicana.com\/portal\/comerciantes-dicen-que-la-inflacion-les-ha-dado-duro\/#breadcrumb","itemListElement":[{"@type":"ListItem","position":1,"name":"Portada","item":"https:\/\/potenciaradiofonicadominicana.com\/portal\/"},{"@type":"ListItem","position":2,"name":"Comerciantes dicen que la inflaci\u00f3n les ha dado \u201cduro\u201d"}]},{"@type":"WebSite","@id":"https:\/\/potenciaradiofonicadominicana.com\/portal\/#website","url":"https:\/\/potenciaradiofonicadominicana.com\/portal\/","name":"PotenciaRadiofonicaDominicana.com","description":"Peri\u00f3dico Digital","publisher":{"@id":"https:\/\/potenciaradiofonicadominicana.com\/portal\/#organization"},"potentialAction":[{"@type":"SearchAction","target":{"@type":"EntryPoint","urlTemplate":"https:\/\/potenciaradiofonicadominicana.com\/portal\/?s={search_term_string}"},"query-input":{"@type":"PropertyValueSpecification","valueRequired":true,"valueName":"search_term_string"}}],"inLanguage":"es"},{"@type":"Organization","@id":"https:\/\/potenciaradiofonicadominicana.com\/portal\/#organization","name":"PotenciaRadiofonicaDominicana.com","url":"https:\/\/potenciaradiofonicadominicana.com\/portal\/","logo":{"@type":"ImageObject","inLanguage":"es","@id":"https:\/\/potenciaradiofonicadominicana.com\/portal\/#\/schema\/logo\/image\/","url":"https:\/\/potenciaradiofonicadominicana.com\/portal\/wp-content\/uploads\/2022\/01\/descarga.png","contentUrl":"https:\/\/potenciaradiofonicadominicana.com\/portal\/wp-content\/uploads\/2022\/01\/descarga.png","width":300,"height":100,"caption":"PotenciaRadiofonicaDominicana.com"},"image":{"@id":"https:\/\/potenciaradiofonicadominicana.com\/portal\/#\/schema\/logo\/image\/"},"sameAs":["https:\/\/web.facebook.com\/PotenciaRadiofonicaD"]},{"@type":"Person","@id":"https:\/\/potenciaradiofonicadominicana.com\/portal\/#\/schema\/person\/a5cf1fea13877803ee0573ac18b03490","name":"Potencia Radiof\u00f3nica Dominicana","image":{"@type":"ImageObject","inLanguage":"es","@id":"https:\/\/potenciaradiofonicadominicana.com\/portal\/#\/schema\/person\/image\/","url":"https:\/\/secure.gravatar.com\/avatar\/42a55ab9e8ccc656ba34cd791990602a?s=96&d=mm&r=g","contentUrl":"https:\/\/secure.gravatar.com\/avatar\/42a55ab9e8ccc656ba34cd791990602a?s=96&d=mm&r=g","caption":"Potencia Radiof\u00f3nica Dominicana"},"url":"https:\/\/potenciaradiofonicadominicana.com\/portal\/author\/johannyalmanzar\/"}]}},"_links":{"self":[{"href":"https:\/\/potenciaradiofonicadominicana.com\/portal\/wp-json\/wp\/v2\/posts\/113385","targetHints":{"allow":["GET"]}}],"collection":[{"href":"https:\/\/potenciaradiofonicadominicana.com\/portal\/wp-json\/wp\/v2\/posts"}],"about":[{"href":"https:\/\/potenciaradiofonicadominicana.com\/portal\/wp-json\/wp\/v2\/types\/post"}],"author":[{"embeddable":true,"href":"https:\/\/potenciaradiofonicadominicana.com\/portal\/wp-json\/wp\/v2\/users\/2"}],"replies":[{"embeddable":true,"href":"https:\/\/potenciaradiofonicadominicana.com\/portal\/wp-json\/wp\/v2\/comments?post=113385"}],"version-history":[{"count":1,"href":"https:\/\/potenciaradiofonicadominicana.com\/portal\/wp-json\/wp\/v2\/posts\/113385\/revisions"}],"predecessor-version":[{"id":113387,"href":"https:\/\/potenciaradiofonicadominicana.com\/portal\/wp-json\/wp\/v2\/posts\/113385\/revisions\/113387"}],"wp:featuredmedia":[{"embeddable":true,"href":"https:\/\/potenciaradiofonicadominicana.com\/portal\/wp-json\/wp\/v2\/media\/113386"}],"wp:attachment":[{"href":"https:\/\/potenciaradiofonicadominicana.com\/portal\/wp-json\/wp\/v2\/media?parent=113385"}],"wp:term":[{"taxonomy":"category","embeddable":true,"href":"https:\/\/potenciaradiofonicadominicana.com\/portal\/wp-json\/wp\/v2\/categories?post=113385"},{"taxonomy":"post_tag","embeddable":true,"href":"https:\/\/potenciaradiofonicadominicana.com\/portal\/wp-json\/wp\/v2\/tags?post=113385"}],"curies":[{"name":"wp","href":"https:\/\/api.w.org\/{rel}","templated":true}]}}