{"id":113382,"date":"2022-01-21T13:18:18","date_gmt":"2022-01-21T17:18:18","guid":{"rendered":"https:\/\/potenciaradiofonicadominicana.com\/portal\/?p=113382"},"modified":"2022-01-21T13:18:18","modified_gmt":"2022-01-21T17:18:18","slug":"republica-dominicana-hizo-acuerdos-en-fitur-por-2000-millones-de-dolares","status":"publish","type":"post","link":"https:\/\/potenciaradiofonicadominicana.com\/portal\/republica-dominicana-hizo-acuerdos-en-fitur-por-2000-millones-de-dolares\/","title":{"rendered":"Rep\u00fablica Dominicana hizo acuerdos en Fitur por 2,000 millones de d\u00f3lares"},"content":{"rendered":"<p><a href=\"https:\/\/potenciaradiofonicadominicana.com\/portal\/wp-content\/uploads\/2022\/01\/whatsapp-image-2022-01-19-at-44731-pm-1-64ab2b79.jpeg\"><img loading=\"lazy\" decoding=\"async\" class=\"alignnone size-full wp-image-113383\" src=\"https:\/\/potenciaradiofonicadominicana.com\/portal\/wp-content\/uploads\/2022\/01\/whatsapp-image-2022-01-19-at-44731-pm-1-64ab2b79.jpeg\" alt=\"\" width=\"1600\" height=\"1067\" srcset=\"https:\/\/potenciaradiofonicadominicana.com\/portal\/wp-content\/uploads\/2022\/01\/whatsapp-image-2022-01-19-at-44731-pm-1-64ab2b79.jpeg 1600w, https:\/\/potenciaradiofonicadominicana.com\/portal\/wp-content\/uploads\/2022\/01\/whatsapp-image-2022-01-19-at-44731-pm-1-64ab2b79-300x200.jpeg 300w, https:\/\/potenciaradiofonicadominicana.com\/portal\/wp-content\/uploads\/2022\/01\/whatsapp-image-2022-01-19-at-44731-pm-1-64ab2b79-768x512.jpeg 768w, https:\/\/potenciaradiofonicadominicana.com\/portal\/wp-content\/uploads\/2022\/01\/whatsapp-image-2022-01-19-at-44731-pm-1-64ab2b79-1024x683.jpeg 1024w\" sizes=\"auto, (max-width: 1600px) 100vw, 1600px\" \/><\/a><\/p>\n<p>Rep\u00fablica Dominicana firm\u00f3 acuerdos con varias empresas espa\u00f1olas y europeas por una cifra superior a los 2,000 millones de d\u00f3lares durante la Feria Internacional de Turismo de Madrid (Fitur), que se celebra estos d\u00edas en la capital espa\u00f1ola y de la que el pa\u00eds caribe\u00f1o es socio en esta edici\u00f3n.<\/p>\n<p>Entre los motivos que han llevado a las inversiones en ese pa\u00eds destaca la buena gesti\u00f3n de la pandemia que sin duda alguna ayud\u00f3 a que 2021 fuese un a\u00f1o r\u00e9cord en el que casi 730,000 visitantes no residentes viajasen a Rep\u00fablica Dominicana, dejando una inversi\u00f3n de 5,626 millones de d\u00f3lares y la recuperaci\u00f3n de 600,000 empleos<\/p>\n<p>El sector tur\u00edstico nunca antes hab\u00eda asumido un reto tan importante como fue el de la gesti\u00f3n de una pandemia, puesto que \u00abcon trabajo, visi\u00f3n y empuje\u00bb supo \u00abenfrentar esta crisis multidimensional y llegar a buen puerto y con grandes oportunidades de futuro\u201d, deg\u00fan el presidente dominicano, Luis Abinader, presente en Fitur.<\/p>\n<p>Por ello,<strong>\u00a0<\/strong>Rep\u00fablica Dominicana se plantea tres proyectos principales en los pr\u00f3ximos a\u00f1os: Costa del \u00c1mbar, Miches y el relanzamiento de la Ciudad Colonial de Santo Domingo<strong>.<\/strong>\u00a0Estos tres destinos refuerzan la idea de que es el momento m\u00e1s oportuno para invertir en el pa\u00eds dominicano.<\/p>\n<p>Entre los acuerdos con las empresas espa\u00f1olas, destaca el del Ministerio de Turismo dominicano con Iberia, que renov\u00f3 el convenio para promocionar a la Rep\u00fablica Dominicana y mejorar la conectividad con los m\u00e1s de 90 destinos a los que la compa\u00f1\u00eda a\u00e9rea en Espa\u00f1a y Europa.<\/p>\n<p>La aerol\u00ednea ha programado un aumento de los vuelos y de la oferta de asientos en su programa de invierno a marzo, llegando a las 13 frecuencias semanales, operando con aviones Airbus A333-300 y Airbus A330-200 con 292 y 288 asientos respectivamente, que sumar\u00e1n 270.000 plazas anuales, reforzando as\u00ed su liderazgo en Am\u00e9rica Latina.<\/p>\n<p>Estos acuerdos fueron firmados por el ministro de Turismo de la Rep\u00fablica Dominicana, David Collado, y la directora comercial de Red y Alianzas de Iberia, Mar\u00eda Jes\u00fas L\u00f3pez Sol\u00e1s, pero no fueron los \u00fanicos.<\/p>\n<p>Collado tambi\u00e9n lleg\u00f3 a un acuerdo con Jorge Shornenberguer, el CEO de Viajes El Corte Ingl\u00e9s, que garantizar\u00e1 la entrada de m\u00e1s de 200,000 turistas al pa\u00eds caribe\u00f1o.<\/p>\n<p>\u201cAgradecemos la confianza mostrada por las compa\u00f1\u00edas espa\u00f1olas, a lo que, sin duda, ha contribuido el hecho de que Rep\u00fablica Dominicana sea el pa\u00eds de Am\u00e9rica Central y Caribe que mejor se ha recuperado en materia de turismo tras la crisis provocada por la Covid-19&#8243;, dijo Collado.<\/p>\n<p>Asimismo, es el pa\u00eds que ha sido reconocido como el que mejor ha gestionado la pandemia de la regi\u00f3n, con la tasa de vacunaci\u00f3n de Centroam\u00e9rica-Caribe m\u00e1s alta y el \u00fanico pa\u00eds de esa zona que est\u00e1 batiendo r\u00e9cords de entrada de turismo\u201d, apunt\u00f3 el ministro.<\/p>\n<p>La Agencia Rainbow Tours tambi\u00e9n firm\u00f3 acuerdos con Collado para promover el turismo desde Polonia, garantizando tres vuelos semanales desde Varsovia, Poznan y Katowice a la localidad dominicana de Puerto Plata.<\/p>\n<p>Adem\u00e1s, la aerol\u00ednea alemana Eurowings Discovers lleg\u00f3 a un acuerdo para incentivar el turismo desde el pa\u00eds germano a trav\u00e9s de vuelos con destino a la ciudad a esa misma ciudad de la Rep\u00fablica Dominicana.<\/p>\n","protected":false},"excerpt":{"rendered":"<p>Rep\u00fablica Dominicana firm\u00f3 acuerdos con varias empresas espa\u00f1olas y europeas por una cifra superior a los 2,000 millones de d\u00f3lares &#8230;<\/p>\n","protected":false},"author":2,"featured_media":113383,"comment_status":"open","ping_status":"open","sticky":false,"template":"","format":"standard","meta":{"footnotes":""},"categories":[26],"tags":[],"class_list":["post-113382","post","type-post","status-publish","format-standard","has-post-thumbnail","hentry","category-economia"],"yoast_head":"<!-- This site is optimized with the Yoast SEO plugin v24.8.1 - https:\/\/yoast.com\/wordpress\/plugins\/seo\/ -->\n<title>Rep\u00fablica Dominicana hizo acuerdos en Fitur por 2,000 millones de d\u00f3lares - PotenciaRadiofonicaDominicana.com<\/title>\n<meta name=\"robots\" content=\"index, follow, max-snippet:-1, max-image-preview:large, max-video-preview:-1\" \/>\n<link rel=\"canonical\" href=\"https:\/\/potenciaradiofonicadominicana.com\/portal\/republica-dominicana-hizo-acuerdos-en-fitur-por-2000-millones-de-dolares\/\" \/>\n<meta property=\"og:locale\" content=\"es_ES\" \/>\n<meta property=\"og:type\" content=\"article\" \/>\n<meta property=\"og:title\" content=\"Rep\u00fablica Dominicana hizo acuerdos en Fitur por 2,000 millones de d\u00f3lares - PotenciaRadiofonicaDominicana.com\" \/>\n<meta property=\"og:description\" content=\"Rep\u00fablica Dominicana firm\u00f3 acuerdos con varias empresas espa\u00f1olas y europeas por una cifra superior a los 2,000 millones de d\u00f3lares ...\" \/>\n<meta property=\"og:url\" content=\"https:\/\/potenciaradiofonicadominicana.com\/portal\/republica-dominicana-hizo-acuerdos-en-fitur-por-2000-millones-de-dolares\/\" \/>\n<meta property=\"og:site_name\" content=\"PotenciaRadiofonicaDominicana.com\" \/>\n<meta property=\"article:publisher\" content=\"https:\/\/web.facebook.com\/PotenciaRadiofonicaD\" \/>\n<meta property=\"article:published_time\" content=\"2022-01-21T17:18:18+00:00\" \/>\n<meta property=\"og:image\" content=\"https:\/\/potenciaradiofonicadominicana.com\/portal\/wp-content\/uploads\/2022\/01\/whatsapp-image-2022-01-19-at-44731-pm-1-64ab2b79.jpeg\" \/>\n\t<meta property=\"og:image:width\" content=\"1600\" \/>\n\t<meta property=\"og:image:height\" content=\"1067\" \/>\n\t<meta property=\"og:image:type\" content=\"image\/jpeg\" \/>\n<meta name=\"author\" content=\"Potencia Radiof\u00f3nica Dominicana\" \/>\n<meta name=\"twitter:card\" content=\"summary_large_image\" \/>\n<meta name=\"twitter:label1\" content=\"Escrito por\" \/>\n\t<meta name=\"twitter:data1\" content=\"Potencia Radiof\u00f3nica Dominicana\" \/>\n\t<meta name=\"twitter:label2\" content=\"Tiempo de lectura\" \/>\n\t<meta name=\"twitter:data2\" content=\"3 minutos\" \/>\n<script type=\"application\/ld+json\" class=\"yoast-schema-graph\">{\"@context\":\"https:\/\/schema.org\",\"@graph\":[{\"@type\":\"Article\",\"@id\":\"https:\/\/potenciaradiofonicadominicana.com\/portal\/republica-dominicana-hizo-acuerdos-en-fitur-por-2000-millones-de-dolares\/#article\",\"isPartOf\":{\"@id\":\"https:\/\/potenciaradiofonicadominicana.com\/portal\/republica-dominicana-hizo-acuerdos-en-fitur-por-2000-millones-de-dolares\/\"},\"author\":{\"name\":\"Potencia Radiof\u00f3nica Dominicana\",\"@id\":\"https:\/\/potenciaradiofonicadominicana.com\/portal\/#\/schema\/person\/a5cf1fea13877803ee0573ac18b03490\"},\"headline\":\"Rep\u00fablica Dominicana hizo acuerdos en Fitur por 2,000 millones de d\u00f3lares\",\"datePublished\":\"2022-01-21T17:18:18+00:00\",\"mainEntityOfPage\":{\"@id\":\"https:\/\/potenciaradiofonicadominicana.com\/portal\/republica-dominicana-hizo-acuerdos-en-fitur-por-2000-millones-de-dolares\/\"},\"wordCount\":592,\"commentCount\":0,\"publisher\":{\"@id\":\"https:\/\/potenciaradiofonicadominicana.com\/portal\/#organization\"},\"image\":{\"@id\":\"https:\/\/potenciaradiofonicadominicana.com\/portal\/republica-dominicana-hizo-acuerdos-en-fitur-por-2000-millones-de-dolares\/#primaryimage\"},\"thumbnailUrl\":\"https:\/\/potenciaradiofonicadominicana.com\/portal\/wp-content\/uploads\/2022\/01\/whatsapp-image-2022-01-19-at-44731-pm-1-64ab2b79.jpeg\",\"articleSection\":[\"Econom\u00eda\"],\"inLanguage\":\"es\",\"potentialAction\":[{\"@type\":\"CommentAction\",\"name\":\"Comment\",\"target\":[\"https:\/\/potenciaradiofonicadominicana.com\/portal\/republica-dominicana-hizo-acuerdos-en-fitur-por-2000-millones-de-dolares\/#respond\"]}]},{\"@type\":\"WebPage\",\"@id\":\"https:\/\/potenciaradiofonicadominicana.com\/portal\/republica-dominicana-hizo-acuerdos-en-fitur-por-2000-millones-de-dolares\/\",\"url\":\"https:\/\/potenciaradiofonicadominicana.com\/portal\/republica-dominicana-hizo-acuerdos-en-fitur-por-2000-millones-de-dolares\/\",\"name\":\"Rep\u00fablica Dominicana hizo acuerdos en Fitur por 2,000 millones de d\u00f3lares - PotenciaRadiofonicaDominicana.com\",\"isPartOf\":{\"@id\":\"https:\/\/potenciaradiofonicadominicana.com\/portal\/#website\"},\"primaryImageOfPage\":{\"@id\":\"https:\/\/potenciaradiofonicadominicana.com\/portal\/republica-dominicana-hizo-acuerdos-en-fitur-por-2000-millones-de-dolares\/#primaryimage\"},\"image\":{\"@id\":\"https:\/\/potenciaradiofonicadominicana.com\/portal\/republica-dominicana-hizo-acuerdos-en-fitur-por-2000-millones-de-dolares\/#primaryimage\"},\"thumbnailUrl\":\"https:\/\/potenciaradiofonicadominicana.com\/portal\/wp-content\/uploads\/2022\/01\/whatsapp-image-2022-01-19-at-44731-pm-1-64ab2b79.jpeg\",\"datePublished\":\"2022-01-21T17:18:18+00:00\",\"breadcrumb\":{\"@id\":\"https:\/\/potenciaradiofonicadominicana.com\/portal\/republica-dominicana-hizo-acuerdos-en-fitur-por-2000-millones-de-dolares\/#breadcrumb\"},\"inLanguage\":\"es\",\"potentialAction\":[{\"@type\":\"ReadAction\",\"target\":[\"https:\/\/potenciaradiofonicadominicana.com\/portal\/republica-dominicana-hizo-acuerdos-en-fitur-por-2000-millones-de-dolares\/\"]}]},{\"@type\":\"ImageObject\",\"inLanguage\":\"es\",\"@id\":\"https:\/\/potenciaradiofonicadominicana.com\/portal\/republica-dominicana-hizo-acuerdos-en-fitur-por-2000-millones-de-dolares\/#primaryimage\",\"url\":\"https:\/\/potenciaradiofonicadominicana.com\/portal\/wp-content\/uploads\/2022\/01\/whatsapp-image-2022-01-19-at-44731-pm-1-64ab2b79.jpeg\",\"contentUrl\":\"https:\/\/potenciaradiofonicadominicana.com\/portal\/wp-content\/uploads\/2022\/01\/whatsapp-image-2022-01-19-at-44731-pm-1-64ab2b79.jpeg\",\"width\":1600,\"height\":1067},{\"@type\":\"BreadcrumbList\",\"@id\":\"https:\/\/potenciaradiofonicadominicana.com\/portal\/republica-dominicana-hizo-acuerdos-en-fitur-por-2000-millones-de-dolares\/#breadcrumb\",\"itemListElement\":[{\"@type\":\"ListItem\",\"position\":1,\"name\":\"Portada\",\"item\":\"https:\/\/potenciaradiofonicadominicana.com\/portal\/\"},{\"@type\":\"ListItem\",\"position\":2,\"name\":\"Rep\u00fablica Dominicana hizo acuerdos en Fitur por 2,000 millones de d\u00f3lares\"}]},{\"@type\":\"WebSite\",\"@id\":\"https:\/\/potenciaradiofonicadominicana.com\/portal\/#website\",\"url\":\"https:\/\/potenciaradiofonicadominicana.com\/portal\/\",\"name\":\"PotenciaRadiofonicaDominicana.com\",\"description\":\"Peri\u00f3dico Digital\",\"publisher\":{\"@id\":\"https:\/\/potenciaradiofonicadominicana.com\/portal\/#organization\"},\"potentialAction\":[{\"@type\":\"SearchAction\",\"target\":{\"@type\":\"EntryPoint\",\"urlTemplate\":\"https:\/\/potenciaradiofonicadominicana.com\/portal\/?s={search_term_string}\"},\"query-input\":{\"@type\":\"PropertyValueSpecification\",\"valueRequired\":true,\"valueName\":\"search_term_string\"}}],\"inLanguage\":\"es\"},{\"@type\":\"Organization\",\"@id\":\"https:\/\/potenciaradiofonicadominicana.com\/portal\/#organization\",\"name\":\"PotenciaRadiofonicaDominicana.com\",\"url\":\"https:\/\/potenciaradiofonicadominicana.com\/portal\/\",\"logo\":{\"@type\":\"ImageObject\",\"inLanguage\":\"es\",\"@id\":\"https:\/\/potenciaradiofonicadominicana.com\/portal\/#\/schema\/logo\/image\/\",\"url\":\"https:\/\/potenciaradiofonicadominicana.com\/portal\/wp-content\/uploads\/2022\/01\/descarga.png\",\"contentUrl\":\"https:\/\/potenciaradiofonicadominicana.com\/portal\/wp-content\/uploads\/2022\/01\/descarga.png\",\"width\":300,\"height\":100,\"caption\":\"PotenciaRadiofonicaDominicana.com\"},\"image\":{\"@id\":\"https:\/\/potenciaradiofonicadominicana.com\/portal\/#\/schema\/logo\/image\/\"},\"sameAs\":[\"https:\/\/web.facebook.com\/PotenciaRadiofonicaD\"]},{\"@type\":\"Person\",\"@id\":\"https:\/\/potenciaradiofonicadominicana.com\/portal\/#\/schema\/person\/a5cf1fea13877803ee0573ac18b03490\",\"name\":\"Potencia Radiof\u00f3nica Dominicana\",\"image\":{\"@type\":\"ImageObject\",\"inLanguage\":\"es\",\"@id\":\"https:\/\/potenciaradiofonicadominicana.com\/portal\/#\/schema\/person\/image\/\",\"url\":\"https:\/\/secure.gravatar.com\/avatar\/42a55ab9e8ccc656ba34cd791990602a?s=96&d=mm&r=g\",\"contentUrl\":\"https:\/\/secure.gravatar.com\/avatar\/42a55ab9e8ccc656ba34cd791990602a?s=96&d=mm&r=g\",\"caption\":\"Potencia Radiof\u00f3nica Dominicana\"},\"url\":\"https:\/\/potenciaradiofonicadominicana.com\/portal\/author\/johannyalmanzar\/\"}]}<\/script>\n<!-- \/ Yoast SEO plugin. -->","yoast_head_json":{"title":"Rep\u00fablica Dominicana hizo acuerdos en Fitur por 2,000 millones de d\u00f3lares - PotenciaRadiofonicaDominicana.com","robots":{"index":"index","follow":"follow","max-snippet":"max-snippet:-1","max-image-preview":"max-image-preview:large","max-video-preview":"max-video-preview:-1"},"canonical":"https:\/\/potenciaradiofonicadominicana.com\/portal\/republica-dominicana-hizo-acuerdos-en-fitur-por-2000-millones-de-dolares\/","og_locale":"es_ES","og_type":"article","og_title":"Rep\u00fablica Dominicana hizo acuerdos en Fitur por 2,000 millones de d\u00f3lares - PotenciaRadiofonicaDominicana.com","og_description":"Rep\u00fablica Dominicana firm\u00f3 acuerdos con varias empresas espa\u00f1olas y europeas por una cifra superior a los 2,000 millones de d\u00f3lares ...","og_url":"https:\/\/potenciaradiofonicadominicana.com\/portal\/republica-dominicana-hizo-acuerdos-en-fitur-por-2000-millones-de-dolares\/","og_site_name":"PotenciaRadiofonicaDominicana.com","article_publisher":"https:\/\/web.facebook.com\/PotenciaRadiofonicaD","article_published_time":"2022-01-21T17:18:18+00:00","og_image":[{"width":1600,"height":1067,"url":"https:\/\/potenciaradiofonicadominicana.com\/portal\/wp-content\/uploads\/2022\/01\/whatsapp-image-2022-01-19-at-44731-pm-1-64ab2b79.jpeg","type":"image\/jpeg"}],"author":"Potencia Radiof\u00f3nica Dominicana","twitter_card":"summary_large_image","twitter_misc":{"Escrito por":"Potencia Radiof\u00f3nica Dominicana","Tiempo de lectura":"3 minutos"},"schema":{"@context":"https:\/\/schema.org","@graph":[{"@type":"Article","@id":"https:\/\/potenciaradiofonicadominicana.com\/portal\/republica-dominicana-hizo-acuerdos-en-fitur-por-2000-millones-de-dolares\/#article","isPartOf":{"@id":"https:\/\/potenciaradiofonicadominicana.com\/portal\/republica-dominicana-hizo-acuerdos-en-fitur-por-2000-millones-de-dolares\/"},"author":{"name":"Potencia Radiof\u00f3nica Dominicana","@id":"https:\/\/potenciaradiofonicadominicana.com\/portal\/#\/schema\/person\/a5cf1fea13877803ee0573ac18b03490"},"headline":"Rep\u00fablica Dominicana hizo acuerdos en Fitur por 2,000 millones de d\u00f3lares","datePublished":"2022-01-21T17:18:18+00:00","mainEntityOfPage":{"@id":"https:\/\/potenciaradiofonicadominicana.com\/portal\/republica-dominicana-hizo-acuerdos-en-fitur-por-2000-millones-de-dolares\/"},"wordCount":592,"commentCount":0,"publisher":{"@id":"https:\/\/potenciaradiofonicadominicana.com\/portal\/#organization"},"image":{"@id":"https:\/\/potenciaradiofonicadominicana.com\/portal\/republica-dominicana-hizo-acuerdos-en-fitur-por-2000-millones-de-dolares\/#primaryimage"},"thumbnailUrl":"https:\/\/potenciaradiofonicadominicana.com\/portal\/wp-content\/uploads\/2022\/01\/whatsapp-image-2022-01-19-at-44731-pm-1-64ab2b79.jpeg","articleSection":["Econom\u00eda"],"inLanguage":"es","potentialAction":[{"@type":"CommentAction","name":"Comment","target":["https:\/\/potenciaradiofonicadominicana.com\/portal\/republica-dominicana-hizo-acuerdos-en-fitur-por-2000-millones-de-dolares\/#respond"]}]},{"@type":"WebPage","@id":"https:\/\/potenciaradiofonicadominicana.com\/portal\/republica-dominicana-hizo-acuerdos-en-fitur-por-2000-millones-de-dolares\/","url":"https:\/\/potenciaradiofonicadominicana.com\/portal\/republica-dominicana-hizo-acuerdos-en-fitur-por-2000-millones-de-dolares\/","name":"Rep\u00fablica Dominicana hizo acuerdos en Fitur por 2,000 millones de d\u00f3lares - PotenciaRadiofonicaDominicana.com","isPartOf":{"@id":"https:\/\/potenciaradiofonicadominicana.com\/portal\/#website"},"primaryImageOfPage":{"@id":"https:\/\/potenciaradiofonicadominicana.com\/portal\/republica-dominicana-hizo-acuerdos-en-fitur-por-2000-millones-de-dolares\/#primaryimage"},"image":{"@id":"https:\/\/potenciaradiofonicadominicana.com\/portal\/republica-dominicana-hizo-acuerdos-en-fitur-por-2000-millones-de-dolares\/#primaryimage"},"thumbnailUrl":"https:\/\/potenciaradiofonicadominicana.com\/portal\/wp-content\/uploads\/2022\/01\/whatsapp-image-2022-01-19-at-44731-pm-1-64ab2b79.jpeg","datePublished":"2022-01-21T17:18:18+00:00","breadcrumb":{"@id":"https:\/\/potenciaradiofonicadominicana.com\/portal\/republica-dominicana-hizo-acuerdos-en-fitur-por-2000-millones-de-dolares\/#breadcrumb"},"inLanguage":"es","potentialAction":[{"@type":"ReadAction","target":["https:\/\/potenciaradiofonicadominicana.com\/portal\/republica-dominicana-hizo-acuerdos-en-fitur-por-2000-millones-de-dolares\/"]}]},{"@type":"ImageObject","inLanguage":"es","@id":"https:\/\/potenciaradiofonicadominicana.com\/portal\/republica-dominicana-hizo-acuerdos-en-fitur-por-2000-millones-de-dolares\/#primaryimage","url":"https:\/\/potenciaradiofonicadominicana.com\/portal\/wp-content\/uploads\/2022\/01\/whatsapp-image-2022-01-19-at-44731-pm-1-64ab2b79.jpeg","contentUrl":"https:\/\/potenciaradiofonicadominicana.com\/portal\/wp-content\/uploads\/2022\/01\/whatsapp-image-2022-01-19-at-44731-pm-1-64ab2b79.jpeg","width":1600,"height":1067},{"@type":"BreadcrumbList","@id":"https:\/\/potenciaradiofonicadominicana.com\/portal\/republica-dominicana-hizo-acuerdos-en-fitur-por-2000-millones-de-dolares\/#breadcrumb","itemListElement":[{"@type":"ListItem","position":1,"name":"Portada","item":"https:\/\/potenciaradiofonicadominicana.com\/portal\/"},{"@type":"ListItem","position":2,"name":"Rep\u00fablica Dominicana hizo acuerdos en Fitur por 2,000 millones de d\u00f3lares"}]},{"@type":"WebSite","@id":"https:\/\/potenciaradiofonicadominicana.com\/portal\/#website","url":"https:\/\/potenciaradiofonicadominicana.com\/portal\/","name":"PotenciaRadiofonicaDominicana.com","description":"Peri\u00f3dico Digital","publisher":{"@id":"https:\/\/potenciaradiofonicadominicana.com\/portal\/#organization"},"potentialAction":[{"@type":"SearchAction","target":{"@type":"EntryPoint","urlTemplate":"https:\/\/potenciaradiofonicadominicana.com\/portal\/?s={search_term_string}"},"query-input":{"@type":"PropertyValueSpecification","valueRequired":true,"valueName":"search_term_string"}}],"inLanguage":"es"},{"@type":"Organization","@id":"https:\/\/potenciaradiofonicadominicana.com\/portal\/#organization","name":"PotenciaRadiofonicaDominicana.com","url":"https:\/\/potenciaradiofonicadominicana.com\/portal\/","logo":{"@type":"ImageObject","inLanguage":"es","@id":"https:\/\/potenciaradiofonicadominicana.com\/portal\/#\/schema\/logo\/image\/","url":"https:\/\/potenciaradiofonicadominicana.com\/portal\/wp-content\/uploads\/2022\/01\/descarga.png","contentUrl":"https:\/\/potenciaradiofonicadominicana.com\/portal\/wp-content\/uploads\/2022\/01\/descarga.png","width":300,"height":100,"caption":"PotenciaRadiofonicaDominicana.com"},"image":{"@id":"https:\/\/potenciaradiofonicadominicana.com\/portal\/#\/schema\/logo\/image\/"},"sameAs":["https:\/\/web.facebook.com\/PotenciaRadiofonicaD"]},{"@type":"Person","@id":"https:\/\/potenciaradiofonicadominicana.com\/portal\/#\/schema\/person\/a5cf1fea13877803ee0573ac18b03490","name":"Potencia Radiof\u00f3nica Dominicana","image":{"@type":"ImageObject","inLanguage":"es","@id":"https:\/\/potenciaradiofonicadominicana.com\/portal\/#\/schema\/person\/image\/","url":"https:\/\/secure.gravatar.com\/avatar\/42a55ab9e8ccc656ba34cd791990602a?s=96&d=mm&r=g","contentUrl":"https:\/\/secure.gravatar.com\/avatar\/42a55ab9e8ccc656ba34cd791990602a?s=96&d=mm&r=g","caption":"Potencia Radiof\u00f3nica Dominicana"},"url":"https:\/\/potenciaradiofonicadominicana.com\/portal\/author\/johannyalmanzar\/"}]}},"_links":{"self":[{"href":"https:\/\/potenciaradiofonicadominicana.com\/portal\/wp-json\/wp\/v2\/posts\/113382","targetHints":{"allow":["GET"]}}],"collection":[{"href":"https:\/\/potenciaradiofonicadominicana.com\/portal\/wp-json\/wp\/v2\/posts"}],"about":[{"href":"https:\/\/potenciaradiofonicadominicana.com\/portal\/wp-json\/wp\/v2\/types\/post"}],"author":[{"embeddable":true,"href":"https:\/\/potenciaradiofonicadominicana.com\/portal\/wp-json\/wp\/v2\/users\/2"}],"replies":[{"embeddable":true,"href":"https:\/\/potenciaradiofonicadominicana.com\/portal\/wp-json\/wp\/v2\/comments?post=113382"}],"version-history":[{"count":1,"href":"https:\/\/potenciaradiofonicadominicana.com\/portal\/wp-json\/wp\/v2\/posts\/113382\/revisions"}],"predecessor-version":[{"id":113384,"href":"https:\/\/potenciaradiofonicadominicana.com\/portal\/wp-json\/wp\/v2\/posts\/113382\/revisions\/113384"}],"wp:featuredmedia":[{"embeddable":true,"href":"https:\/\/potenciaradiofonicadominicana.com\/portal\/wp-json\/wp\/v2\/media\/113383"}],"wp:attachment":[{"href":"https:\/\/potenciaradiofonicadominicana.com\/portal\/wp-json\/wp\/v2\/media?parent=113382"}],"wp:term":[{"taxonomy":"category","embeddable":true,"href":"https:\/\/potenciaradiofonicadominicana.com\/portal\/wp-json\/wp\/v2\/categories?post=113382"},{"taxonomy":"post_tag","embeddable":true,"href":"https:\/\/potenciaradiofonicadominicana.com\/portal\/wp-json\/wp\/v2\/tags?post=113382"}],"curies":[{"name":"wp","href":"https:\/\/api.w.org\/{rel}","templated":true}]}}