{"id":113379,"date":"2022-01-21T13:15:35","date_gmt":"2022-01-21T17:15:35","guid":{"rendered":"https:\/\/potenciaradiofonicadominicana.com\/portal\/?p=113379"},"modified":"2022-01-21T13:15:35","modified_gmt":"2022-01-21T17:15:35","slug":"banreservas-proyecta-financiar-mas-de-us250-mm-en-proyectos-turisticos","status":"publish","type":"post","link":"https:\/\/potenciaradiofonicadominicana.com\/portal\/banreservas-proyecta-financiar-mas-de-us250-mm-en-proyectos-turisticos\/","title":{"rendered":"Banreservas proyecta financiar m\u00e1s de US$250 MM en proyectos tur\u00edsticos"},"content":{"rendered":"<p><a href=\"https:\/\/potenciaradiofonicadominicana.com\/portal\/wp-content\/uploads\/2022\/01\/Unknown.jpeg\"><img loading=\"lazy\" decoding=\"async\" class=\"alignnone size-full wp-image-113380\" src=\"https:\/\/potenciaradiofonicadominicana.com\/portal\/wp-content\/uploads\/2022\/01\/Unknown.jpeg\" alt=\"\" width=\"900\" height=\"449\" srcset=\"https:\/\/potenciaradiofonicadominicana.com\/portal\/wp-content\/uploads\/2022\/01\/Unknown.jpeg 900w, https:\/\/potenciaradiofonicadominicana.com\/portal\/wp-content\/uploads\/2022\/01\/Unknown-300x150.jpeg 300w, https:\/\/potenciaradiofonicadominicana.com\/portal\/wp-content\/uploads\/2022\/01\/Unknown-768x383.jpeg 768w\" sizes=\"auto, (max-width: 900px) 100vw, 900px\" \/><\/a><\/p>\n<p>El Banco de Reservas de Rep\u00fablica Dominicana proyecta este a\u00f1o 2022 otorgar financiamientos por m\u00e1s de US$250 millones para proyectos que determinar\u00e1n inversiones superiores a los US$500 en diferentes localidades del pa\u00eds, como Puerto Plata, Cabarete, Santiago, Jarabacoa, Montecristi, Nagua, Saman\u00e1, Miches, Punta Cana y Santo Domingo.<\/p>\n<p>Al hablar en un coctel ofrecido junto al Ministerio de Turismo y con la presencia del presidente Luis Abinader, en el Hotel Palace,<\/p>\n<p>Madrid, Espa\u00f1a, el administrador general del Banreservas, Samuel Pereyra, dijo tambi\u00e9n que hay un decidido apoyo al desarrollo del polo tur\u00edstico de Pedernales, \u201ca trav\u00e9s de nuestra fiduciaria, al constituirse el Fideicomiso\u201d.<\/p>\n<div class=\"article-quote-left\"><span class=\"article-quote-left-icon\">\u201c<\/span>El hecho de que Banreservas haga acto de presencia nuevamente en esta Feria Internacional, con un esp\u00edritu de amplia apertura a negociaciones y acuerdos productivos, as\u00ed como de difusi\u00f3n de aut\u00e9nticos valores sobre la identidad e idiosincrasia de nuestro pueblo, refleja el inter\u00e9s de su Consejo de Directores y de la Administraci\u00f3n General, para ampliar y diversificar la cartera de financiamiento destinada a importantes proyectos tur\u00edsticos, tanto nacionales como internacionales, y promover los bienes tangibles e intangibles de nuestra cultura..<span class=\"article-quote-left-icon\">\u201d<\/span><\/div>\n<p>Pro-Pedernales, dijo, tiene como objetivo regular y promover inversiones en infraestructuras de servicios, que muestren potencial para incidir en el desarrollo econ\u00f3mico y tur\u00edstico de la zona Sur de nuestro pa\u00eds.<\/p>\n<p>Entre esas iniciativas cit\u00f3 la construcci\u00f3n de un aeropuerto y m\u00e1s de 10,000 habitaciones en complejos hoteleros diversos, y el cual estima generar\u00e1 m\u00e1s de 60,000 empleos esa zona del pa\u00eds.<\/p>\n<p>Otro importante proyecto que apoyar\u00e1n, por su trascendencia en la regi\u00f3n Norte del pa\u00eds, y que se encuentra actualmente en estructuraci\u00f3n, est\u00e1 ubicado en la provincia de Puerto Plata, espec\u00edficamente en la secci\u00f3n Montellano, \u201cun verdadero tesoro en el atl\u00e1ntico por su excelente ubicaci\u00f3n que cuenta con tres hermosas playas: Punta Bergant\u00edn, Boca Nueva y Los Cocos<\/p>\n<p>. Esta iniciativa se llevar\u00e1 a cabo a trav\u00e9s del fideicomiso para el impulso del turismo y la industria cultural y creativa de Puerto Plata, Pro- Puerto Plata.<\/p>\n<p>Turismo fuente de inversi\u00f3n<\/p>\n<p>Pereyra manifest\u00f3 que para nadie es un secreto que el turismo representa la principal fuente receptora de inversi\u00f3n extranjera directa para la naci\u00f3n dominicana, y aporta en otros sectores, como la producci\u00f3n alimenticia, la artesan\u00eda, el comercio, el transporte y la cultura en general.<\/p>\n<p>El sector turismo representa el 15% del PIB de la Rep\u00fablica Dominicana. La cartera tur\u00edstica de Banreservas, al cierre de diciembre de ese a\u00f1o, represent\u00f3 el 7.98% de la cartera total de activos de Banreservas.<\/p>\n<p>M\u00e1s de US$450 millones al sector tur\u00edstico en 2021<\/p>\n<p>Los cr\u00e9ditos canalizados por Banreservas para el desarrollo del turismo en el a\u00f1o 2021 superaron los US$450 millones, los cuales fueron destinados al desarrollo de 30 importantes proyectos tur\u00edsticos, que agregan m\u00e1s de 2,000 habitaciones a los hoteles dominicanos.<\/p>\n<p>En la anterior feria el Banreservas capt\u00f3US$1,148 millones en inversiones para el desarrollo y reforma de hoteles, \u201cy al d\u00eda de hoy, todo parece indicar que los resultados en esta ocasi\u00f3n ser\u00e1n superiores\u201d, indic\u00f3.<\/p>\n<p>Producto de esos ingentes esfuerzos, contamos con numerosos proyectos relacionados con la incursi\u00f3n de nuevas cadenas hoteleras en el pa\u00eds, empresas de primera l\u00ednea mundial, que aportar\u00e1n miles de habitaciones a la oferta tur\u00edstica de la naci\u00f3n, y contribuir\u00e1n con el afianzamiento e incremento de las inversiones en esta actividad, manifest\u00f3..<\/p>\n<p>Al C\u00f3ctel \u201cRep\u00fablica Dominicana. Reservada para ti\u201d, realizado conjuntamente con el Ministerio de Turismo, en esta edici\u00f3n 42 de la Feria Internacional de Turismo (FITUR 2022), en Madrid, Espa\u00f1a, adem\u00e1s del presidente Abinader asistieron ejecutivos de cadenas hoteleras, inversionistas y touroperadores, funcionarios del \u00e1rea, autoridades p\u00fablicas y privadas y miembros de la prensa.<\/p>\n<p><strong>Abrir\u00e1 otras oficinas en el exterior<\/strong><\/p>\n<p>Pereyra inform\u00f3 que adem\u00e1s de abrir \u00a0una oficina de representaci\u00f3n del Banco de Reservas para la di\u00e1spora dominicana que reside en Madrid, en la cual \u00a0ser\u00e1n ofrecidos servicios de asesor\u00eda financiera a los dominicanos e inversionistas espa\u00f1oles con inter\u00e9s en la Rep\u00fablica Dominicana, as\u00ed como relacionados con el env\u00edo de remesas y adquisici\u00f3n de la iniciativa se har\u00e1 muy pronto extensiva a New York, Miami, Panam\u00e0 y otros destinos.<\/p>\n<p>En horas de la tarde, el Banreservas particip\u00f3 en la iluminaci\u00f3n de la Plaza Cibeles con los colores de la bandera nacional y la inauguraci\u00f3n del mural de los artistas Wanda Cortorreal y Gerson Rodr\u00edguez en la estaci\u00f3n Santo Domingo del Metro de Madrid, con elementos folcl\u00f3ricos de Rep\u00fablica Dominicana.<\/p>\n<p>\u201cComo podemos notar, la cultura est\u00e1 muy presente en esta ocasi\u00f3n en FITUR, de la mano del Banco de Reservas, porque somos muy conscientes de que una existencia arm\u00f3nica requiere de la satisfacci\u00f3n, tanto de la vida material como de los m\u00e1s altos valores del esp\u00edritu\u201d, dijo<\/p>\n<p>La actividad estuvo ambientada con im\u00e1genes de obras representativas del artista Paul Giudicelli, a quien fue dedicada al conmemorarse un centenario de su nacimiento, cuya selecci\u00f3n art\u00edstica se realiza en colaboraci\u00f3n con el Museo Bellapart y su directora Maribel Bellapart.<\/p>\n","protected":false},"excerpt":{"rendered":"<p>El Banco de Reservas de Rep\u00fablica Dominicana proyecta este a\u00f1o 2022 otorgar financiamientos por m\u00e1s de US$250 millones para proyectos &#8230;<\/p>\n","protected":false},"author":2,"featured_media":113380,"comment_status":"open","ping_status":"open","sticky":false,"template":"","format":"standard","meta":{"footnotes":""},"categories":[26],"tags":[],"class_list":["post-113379","post","type-post","status-publish","format-standard","has-post-thumbnail","hentry","category-economia"],"yoast_head":"<!-- This site is optimized with the Yoast SEO plugin v24.8.1 - https:\/\/yoast.com\/wordpress\/plugins\/seo\/ -->\n<title>Banreservas proyecta financiar m\u00e1s de US$250 MM en proyectos tur\u00edsticos - PotenciaRadiofonicaDominicana.com<\/title>\n<meta name=\"robots\" content=\"index, follow, max-snippet:-1, max-image-preview:large, max-video-preview:-1\" \/>\n<link rel=\"canonical\" href=\"https:\/\/potenciaradiofonicadominicana.com\/portal\/banreservas-proyecta-financiar-mas-de-us250-mm-en-proyectos-turisticos\/\" \/>\n<meta property=\"og:locale\" content=\"es_ES\" \/>\n<meta property=\"og:type\" content=\"article\" \/>\n<meta property=\"og:title\" content=\"Banreservas proyecta financiar m\u00e1s de US$250 MM en proyectos tur\u00edsticos - PotenciaRadiofonicaDominicana.com\" \/>\n<meta property=\"og:description\" content=\"El Banco de Reservas de Rep\u00fablica Dominicana proyecta este a\u00f1o 2022 otorgar financiamientos por m\u00e1s de US$250 millones para proyectos ...\" \/>\n<meta property=\"og:url\" content=\"https:\/\/potenciaradiofonicadominicana.com\/portal\/banreservas-proyecta-financiar-mas-de-us250-mm-en-proyectos-turisticos\/\" \/>\n<meta property=\"og:site_name\" content=\"PotenciaRadiofonicaDominicana.com\" \/>\n<meta property=\"article:publisher\" content=\"https:\/\/web.facebook.com\/PotenciaRadiofonicaD\" \/>\n<meta property=\"article:published_time\" content=\"2022-01-21T17:15:35+00:00\" \/>\n<meta property=\"og:image\" content=\"https:\/\/potenciaradiofonicadominicana.com\/portal\/wp-content\/uploads\/2022\/01\/Unknown.jpeg\" \/>\n\t<meta property=\"og:image:width\" content=\"900\" \/>\n\t<meta property=\"og:image:height\" content=\"449\" \/>\n\t<meta property=\"og:image:type\" content=\"image\/jpeg\" \/>\n<meta name=\"author\" content=\"Potencia Radiof\u00f3nica Dominicana\" \/>\n<meta name=\"twitter:card\" content=\"summary_large_image\" \/>\n<meta name=\"twitter:label1\" content=\"Escrito por\" \/>\n\t<meta name=\"twitter:data1\" content=\"Potencia Radiof\u00f3nica Dominicana\" \/>\n\t<meta name=\"twitter:label2\" content=\"Tiempo de lectura\" \/>\n\t<meta name=\"twitter:data2\" content=\"4 minutos\" \/>\n<script type=\"application\/ld+json\" class=\"yoast-schema-graph\">{\"@context\":\"https:\/\/schema.org\",\"@graph\":[{\"@type\":\"Article\",\"@id\":\"https:\/\/potenciaradiofonicadominicana.com\/portal\/banreservas-proyecta-financiar-mas-de-us250-mm-en-proyectos-turisticos\/#article\",\"isPartOf\":{\"@id\":\"https:\/\/potenciaradiofonicadominicana.com\/portal\/banreservas-proyecta-financiar-mas-de-us250-mm-en-proyectos-turisticos\/\"},\"author\":{\"name\":\"Potencia Radiof\u00f3nica Dominicana\",\"@id\":\"https:\/\/potenciaradiofonicadominicana.com\/portal\/#\/schema\/person\/a5cf1fea13877803ee0573ac18b03490\"},\"headline\":\"Banreservas proyecta financiar m\u00e1s de US$250 MM en proyectos tur\u00edsticos\",\"datePublished\":\"2022-01-21T17:15:35+00:00\",\"mainEntityOfPage\":{\"@id\":\"https:\/\/potenciaradiofonicadominicana.com\/portal\/banreservas-proyecta-financiar-mas-de-us250-mm-en-proyectos-turisticos\/\"},\"wordCount\":898,\"commentCount\":0,\"publisher\":{\"@id\":\"https:\/\/potenciaradiofonicadominicana.com\/portal\/#organization\"},\"image\":{\"@id\":\"https:\/\/potenciaradiofonicadominicana.com\/portal\/banreservas-proyecta-financiar-mas-de-us250-mm-en-proyectos-turisticos\/#primaryimage\"},\"thumbnailUrl\":\"https:\/\/potenciaradiofonicadominicana.com\/portal\/wp-content\/uploads\/2022\/01\/Unknown.jpeg\",\"articleSection\":[\"Econom\u00eda\"],\"inLanguage\":\"es\",\"potentialAction\":[{\"@type\":\"CommentAction\",\"name\":\"Comment\",\"target\":[\"https:\/\/potenciaradiofonicadominicana.com\/portal\/banreservas-proyecta-financiar-mas-de-us250-mm-en-proyectos-turisticos\/#respond\"]}]},{\"@type\":\"WebPage\",\"@id\":\"https:\/\/potenciaradiofonicadominicana.com\/portal\/banreservas-proyecta-financiar-mas-de-us250-mm-en-proyectos-turisticos\/\",\"url\":\"https:\/\/potenciaradiofonicadominicana.com\/portal\/banreservas-proyecta-financiar-mas-de-us250-mm-en-proyectos-turisticos\/\",\"name\":\"Banreservas proyecta financiar m\u00e1s de US$250 MM en proyectos tur\u00edsticos - PotenciaRadiofonicaDominicana.com\",\"isPartOf\":{\"@id\":\"https:\/\/potenciaradiofonicadominicana.com\/portal\/#website\"},\"primaryImageOfPage\":{\"@id\":\"https:\/\/potenciaradiofonicadominicana.com\/portal\/banreservas-proyecta-financiar-mas-de-us250-mm-en-proyectos-turisticos\/#primaryimage\"},\"image\":{\"@id\":\"https:\/\/potenciaradiofonicadominicana.com\/portal\/banreservas-proyecta-financiar-mas-de-us250-mm-en-proyectos-turisticos\/#primaryimage\"},\"thumbnailUrl\":\"https:\/\/potenciaradiofonicadominicana.com\/portal\/wp-content\/uploads\/2022\/01\/Unknown.jpeg\",\"datePublished\":\"2022-01-21T17:15:35+00:00\",\"breadcrumb\":{\"@id\":\"https:\/\/potenciaradiofonicadominicana.com\/portal\/banreservas-proyecta-financiar-mas-de-us250-mm-en-proyectos-turisticos\/#breadcrumb\"},\"inLanguage\":\"es\",\"potentialAction\":[{\"@type\":\"ReadAction\",\"target\":[\"https:\/\/potenciaradiofonicadominicana.com\/portal\/banreservas-proyecta-financiar-mas-de-us250-mm-en-proyectos-turisticos\/\"]}]},{\"@type\":\"ImageObject\",\"inLanguage\":\"es\",\"@id\":\"https:\/\/potenciaradiofonicadominicana.com\/portal\/banreservas-proyecta-financiar-mas-de-us250-mm-en-proyectos-turisticos\/#primaryimage\",\"url\":\"https:\/\/potenciaradiofonicadominicana.com\/portal\/wp-content\/uploads\/2022\/01\/Unknown.jpeg\",\"contentUrl\":\"https:\/\/potenciaradiofonicadominicana.com\/portal\/wp-content\/uploads\/2022\/01\/Unknown.jpeg\",\"width\":900,\"height\":449},{\"@type\":\"BreadcrumbList\",\"@id\":\"https:\/\/potenciaradiofonicadominicana.com\/portal\/banreservas-proyecta-financiar-mas-de-us250-mm-en-proyectos-turisticos\/#breadcrumb\",\"itemListElement\":[{\"@type\":\"ListItem\",\"position\":1,\"name\":\"Portada\",\"item\":\"https:\/\/potenciaradiofonicadominicana.com\/portal\/\"},{\"@type\":\"ListItem\",\"position\":2,\"name\":\"Banreservas proyecta financiar m\u00e1s de US$250 MM en proyectos tur\u00edsticos\"}]},{\"@type\":\"WebSite\",\"@id\":\"https:\/\/potenciaradiofonicadominicana.com\/portal\/#website\",\"url\":\"https:\/\/potenciaradiofonicadominicana.com\/portal\/\",\"name\":\"PotenciaRadiofonicaDominicana.com\",\"description\":\"Peri\u00f3dico Digital\",\"publisher\":{\"@id\":\"https:\/\/potenciaradiofonicadominicana.com\/portal\/#organization\"},\"potentialAction\":[{\"@type\":\"SearchAction\",\"target\":{\"@type\":\"EntryPoint\",\"urlTemplate\":\"https:\/\/potenciaradiofonicadominicana.com\/portal\/?s={search_term_string}\"},\"query-input\":{\"@type\":\"PropertyValueSpecification\",\"valueRequired\":true,\"valueName\":\"search_term_string\"}}],\"inLanguage\":\"es\"},{\"@type\":\"Organization\",\"@id\":\"https:\/\/potenciaradiofonicadominicana.com\/portal\/#organization\",\"name\":\"PotenciaRadiofonicaDominicana.com\",\"url\":\"https:\/\/potenciaradiofonicadominicana.com\/portal\/\",\"logo\":{\"@type\":\"ImageObject\",\"inLanguage\":\"es\",\"@id\":\"https:\/\/potenciaradiofonicadominicana.com\/portal\/#\/schema\/logo\/image\/\",\"url\":\"https:\/\/potenciaradiofonicadominicana.com\/portal\/wp-content\/uploads\/2022\/01\/descarga.png\",\"contentUrl\":\"https:\/\/potenciaradiofonicadominicana.com\/portal\/wp-content\/uploads\/2022\/01\/descarga.png\",\"width\":300,\"height\":100,\"caption\":\"PotenciaRadiofonicaDominicana.com\"},\"image\":{\"@id\":\"https:\/\/potenciaradiofonicadominicana.com\/portal\/#\/schema\/logo\/image\/\"},\"sameAs\":[\"https:\/\/web.facebook.com\/PotenciaRadiofonicaD\"]},{\"@type\":\"Person\",\"@id\":\"https:\/\/potenciaradiofonicadominicana.com\/portal\/#\/schema\/person\/a5cf1fea13877803ee0573ac18b03490\",\"name\":\"Potencia Radiof\u00f3nica Dominicana\",\"image\":{\"@type\":\"ImageObject\",\"inLanguage\":\"es\",\"@id\":\"https:\/\/potenciaradiofonicadominicana.com\/portal\/#\/schema\/person\/image\/\",\"url\":\"https:\/\/secure.gravatar.com\/avatar\/42a55ab9e8ccc656ba34cd791990602a?s=96&d=mm&r=g\",\"contentUrl\":\"https:\/\/secure.gravatar.com\/avatar\/42a55ab9e8ccc656ba34cd791990602a?s=96&d=mm&r=g\",\"caption\":\"Potencia Radiof\u00f3nica Dominicana\"},\"url\":\"https:\/\/potenciaradiofonicadominicana.com\/portal\/author\/johannyalmanzar\/\"}]}<\/script>\n<!-- \/ Yoast SEO plugin. -->","yoast_head_json":{"title":"Banreservas proyecta financiar m\u00e1s de US$250 MM en proyectos tur\u00edsticos - PotenciaRadiofonicaDominicana.com","robots":{"index":"index","follow":"follow","max-snippet":"max-snippet:-1","max-image-preview":"max-image-preview:large","max-video-preview":"max-video-preview:-1"},"canonical":"https:\/\/potenciaradiofonicadominicana.com\/portal\/banreservas-proyecta-financiar-mas-de-us250-mm-en-proyectos-turisticos\/","og_locale":"es_ES","og_type":"article","og_title":"Banreservas proyecta financiar m\u00e1s de US$250 MM en proyectos tur\u00edsticos - PotenciaRadiofonicaDominicana.com","og_description":"El Banco de Reservas de Rep\u00fablica Dominicana proyecta este a\u00f1o 2022 otorgar financiamientos por m\u00e1s de US$250 millones para proyectos ...","og_url":"https:\/\/potenciaradiofonicadominicana.com\/portal\/banreservas-proyecta-financiar-mas-de-us250-mm-en-proyectos-turisticos\/","og_site_name":"PotenciaRadiofonicaDominicana.com","article_publisher":"https:\/\/web.facebook.com\/PotenciaRadiofonicaD","article_published_time":"2022-01-21T17:15:35+00:00","og_image":[{"width":900,"height":449,"url":"https:\/\/potenciaradiofonicadominicana.com\/portal\/wp-content\/uploads\/2022\/01\/Unknown.jpeg","type":"image\/jpeg"}],"author":"Potencia Radiof\u00f3nica Dominicana","twitter_card":"summary_large_image","twitter_misc":{"Escrito por":"Potencia Radiof\u00f3nica Dominicana","Tiempo de lectura":"4 minutos"},"schema":{"@context":"https:\/\/schema.org","@graph":[{"@type":"Article","@id":"https:\/\/potenciaradiofonicadominicana.com\/portal\/banreservas-proyecta-financiar-mas-de-us250-mm-en-proyectos-turisticos\/#article","isPartOf":{"@id":"https:\/\/potenciaradiofonicadominicana.com\/portal\/banreservas-proyecta-financiar-mas-de-us250-mm-en-proyectos-turisticos\/"},"author":{"name":"Potencia Radiof\u00f3nica Dominicana","@id":"https:\/\/potenciaradiofonicadominicana.com\/portal\/#\/schema\/person\/a5cf1fea13877803ee0573ac18b03490"},"headline":"Banreservas proyecta financiar m\u00e1s de US$250 MM en proyectos tur\u00edsticos","datePublished":"2022-01-21T17:15:35+00:00","mainEntityOfPage":{"@id":"https:\/\/potenciaradiofonicadominicana.com\/portal\/banreservas-proyecta-financiar-mas-de-us250-mm-en-proyectos-turisticos\/"},"wordCount":898,"commentCount":0,"publisher":{"@id":"https:\/\/potenciaradiofonicadominicana.com\/portal\/#organization"},"image":{"@id":"https:\/\/potenciaradiofonicadominicana.com\/portal\/banreservas-proyecta-financiar-mas-de-us250-mm-en-proyectos-turisticos\/#primaryimage"},"thumbnailUrl":"https:\/\/potenciaradiofonicadominicana.com\/portal\/wp-content\/uploads\/2022\/01\/Unknown.jpeg","articleSection":["Econom\u00eda"],"inLanguage":"es","potentialAction":[{"@type":"CommentAction","name":"Comment","target":["https:\/\/potenciaradiofonicadominicana.com\/portal\/banreservas-proyecta-financiar-mas-de-us250-mm-en-proyectos-turisticos\/#respond"]}]},{"@type":"WebPage","@id":"https:\/\/potenciaradiofonicadominicana.com\/portal\/banreservas-proyecta-financiar-mas-de-us250-mm-en-proyectos-turisticos\/","url":"https:\/\/potenciaradiofonicadominicana.com\/portal\/banreservas-proyecta-financiar-mas-de-us250-mm-en-proyectos-turisticos\/","name":"Banreservas proyecta financiar m\u00e1s de US$250 MM en proyectos tur\u00edsticos - PotenciaRadiofonicaDominicana.com","isPartOf":{"@id":"https:\/\/potenciaradiofonicadominicana.com\/portal\/#website"},"primaryImageOfPage":{"@id":"https:\/\/potenciaradiofonicadominicana.com\/portal\/banreservas-proyecta-financiar-mas-de-us250-mm-en-proyectos-turisticos\/#primaryimage"},"image":{"@id":"https:\/\/potenciaradiofonicadominicana.com\/portal\/banreservas-proyecta-financiar-mas-de-us250-mm-en-proyectos-turisticos\/#primaryimage"},"thumbnailUrl":"https:\/\/potenciaradiofonicadominicana.com\/portal\/wp-content\/uploads\/2022\/01\/Unknown.jpeg","datePublished":"2022-01-21T17:15:35+00:00","breadcrumb":{"@id":"https:\/\/potenciaradiofonicadominicana.com\/portal\/banreservas-proyecta-financiar-mas-de-us250-mm-en-proyectos-turisticos\/#breadcrumb"},"inLanguage":"es","potentialAction":[{"@type":"ReadAction","target":["https:\/\/potenciaradiofonicadominicana.com\/portal\/banreservas-proyecta-financiar-mas-de-us250-mm-en-proyectos-turisticos\/"]}]},{"@type":"ImageObject","inLanguage":"es","@id":"https:\/\/potenciaradiofonicadominicana.com\/portal\/banreservas-proyecta-financiar-mas-de-us250-mm-en-proyectos-turisticos\/#primaryimage","url":"https:\/\/potenciaradiofonicadominicana.com\/portal\/wp-content\/uploads\/2022\/01\/Unknown.jpeg","contentUrl":"https:\/\/potenciaradiofonicadominicana.com\/portal\/wp-content\/uploads\/2022\/01\/Unknown.jpeg","width":900,"height":449},{"@type":"BreadcrumbList","@id":"https:\/\/potenciaradiofonicadominicana.com\/portal\/banreservas-proyecta-financiar-mas-de-us250-mm-en-proyectos-turisticos\/#breadcrumb","itemListElement":[{"@type":"ListItem","position":1,"name":"Portada","item":"https:\/\/potenciaradiofonicadominicana.com\/portal\/"},{"@type":"ListItem","position":2,"name":"Banreservas proyecta financiar m\u00e1s de US$250 MM en proyectos tur\u00edsticos"}]},{"@type":"WebSite","@id":"https:\/\/potenciaradiofonicadominicana.com\/portal\/#website","url":"https:\/\/potenciaradiofonicadominicana.com\/portal\/","name":"PotenciaRadiofonicaDominicana.com","description":"Peri\u00f3dico Digital","publisher":{"@id":"https:\/\/potenciaradiofonicadominicana.com\/portal\/#organization"},"potentialAction":[{"@type":"SearchAction","target":{"@type":"EntryPoint","urlTemplate":"https:\/\/potenciaradiofonicadominicana.com\/portal\/?s={search_term_string}"},"query-input":{"@type":"PropertyValueSpecification","valueRequired":true,"valueName":"search_term_string"}}],"inLanguage":"es"},{"@type":"Organization","@id":"https:\/\/potenciaradiofonicadominicana.com\/portal\/#organization","name":"PotenciaRadiofonicaDominicana.com","url":"https:\/\/potenciaradiofonicadominicana.com\/portal\/","logo":{"@type":"ImageObject","inLanguage":"es","@id":"https:\/\/potenciaradiofonicadominicana.com\/portal\/#\/schema\/logo\/image\/","url":"https:\/\/potenciaradiofonicadominicana.com\/portal\/wp-content\/uploads\/2022\/01\/descarga.png","contentUrl":"https:\/\/potenciaradiofonicadominicana.com\/portal\/wp-content\/uploads\/2022\/01\/descarga.png","width":300,"height":100,"caption":"PotenciaRadiofonicaDominicana.com"},"image":{"@id":"https:\/\/potenciaradiofonicadominicana.com\/portal\/#\/schema\/logo\/image\/"},"sameAs":["https:\/\/web.facebook.com\/PotenciaRadiofonicaD"]},{"@type":"Person","@id":"https:\/\/potenciaradiofonicadominicana.com\/portal\/#\/schema\/person\/a5cf1fea13877803ee0573ac18b03490","name":"Potencia Radiof\u00f3nica Dominicana","image":{"@type":"ImageObject","inLanguage":"es","@id":"https:\/\/potenciaradiofonicadominicana.com\/portal\/#\/schema\/person\/image\/","url":"https:\/\/secure.gravatar.com\/avatar\/42a55ab9e8ccc656ba34cd791990602a?s=96&d=mm&r=g","contentUrl":"https:\/\/secure.gravatar.com\/avatar\/42a55ab9e8ccc656ba34cd791990602a?s=96&d=mm&r=g","caption":"Potencia Radiof\u00f3nica Dominicana"},"url":"https:\/\/potenciaradiofonicadominicana.com\/portal\/author\/johannyalmanzar\/"}]}},"_links":{"self":[{"href":"https:\/\/potenciaradiofonicadominicana.com\/portal\/wp-json\/wp\/v2\/posts\/113379","targetHints":{"allow":["GET"]}}],"collection":[{"href":"https:\/\/potenciaradiofonicadominicana.com\/portal\/wp-json\/wp\/v2\/posts"}],"about":[{"href":"https:\/\/potenciaradiofonicadominicana.com\/portal\/wp-json\/wp\/v2\/types\/post"}],"author":[{"embeddable":true,"href":"https:\/\/potenciaradiofonicadominicana.com\/portal\/wp-json\/wp\/v2\/users\/2"}],"replies":[{"embeddable":true,"href":"https:\/\/potenciaradiofonicadominicana.com\/portal\/wp-json\/wp\/v2\/comments?post=113379"}],"version-history":[{"count":1,"href":"https:\/\/potenciaradiofonicadominicana.com\/portal\/wp-json\/wp\/v2\/posts\/113379\/revisions"}],"predecessor-version":[{"id":113381,"href":"https:\/\/potenciaradiofonicadominicana.com\/portal\/wp-json\/wp\/v2\/posts\/113379\/revisions\/113381"}],"wp:featuredmedia":[{"embeddable":true,"href":"https:\/\/potenciaradiofonicadominicana.com\/portal\/wp-json\/wp\/v2\/media\/113380"}],"wp:attachment":[{"href":"https:\/\/potenciaradiofonicadominicana.com\/portal\/wp-json\/wp\/v2\/media?parent=113379"}],"wp:term":[{"taxonomy":"category","embeddable":true,"href":"https:\/\/potenciaradiofonicadominicana.com\/portal\/wp-json\/wp\/v2\/categories?post=113379"},{"taxonomy":"post_tag","embeddable":true,"href":"https:\/\/potenciaradiofonicadominicana.com\/portal\/wp-json\/wp\/v2\/tags?post=113379"}],"curies":[{"name":"wp","href":"https:\/\/api.w.org\/{rel}","templated":true}]}}