{"id":113376,"date":"2022-01-21T13:13:06","date_gmt":"2022-01-21T17:13:06","guid":{"rendered":"https:\/\/potenciaradiofonicadominicana.com\/portal\/?p=113376"},"modified":"2022-01-21T13:13:06","modified_gmt":"2022-01-21T17:13:06","slug":"cap-cana-inicia-celebracion-de-20-anos-con-posicion-de-marca-pais","status":"publish","type":"post","link":"https:\/\/potenciaradiofonicadominicana.com\/portal\/cap-cana-inicia-celebracion-de-20-anos-con-posicion-de-marca-pais\/","title":{"rendered":"Cap Cana inicia celebraci\u00f3n de 20 a\u00f1os con posici\u00f3n de Marca Pa\u00eds"},"content":{"rendered":"<p><a href=\"https:\/\/potenciaradiofonicadominicana.com\/portal\/wp-content\/uploads\/2022\/01\/WhatsApp-Image-2022-01-20-at-10.15.25.jpeg\"><img loading=\"lazy\" decoding=\"async\" class=\"alignnone size-full wp-image-113377\" src=\"https:\/\/potenciaradiofonicadominicana.com\/portal\/wp-content\/uploads\/2022\/01\/WhatsApp-Image-2022-01-20-at-10.15.25.jpeg\" alt=\"\" width=\"1600\" height=\"1200\" srcset=\"https:\/\/potenciaradiofonicadominicana.com\/portal\/wp-content\/uploads\/2022\/01\/WhatsApp-Image-2022-01-20-at-10.15.25.jpeg 1600w, https:\/\/potenciaradiofonicadominicana.com\/portal\/wp-content\/uploads\/2022\/01\/WhatsApp-Image-2022-01-20-at-10.15.25-300x225.jpeg 300w, https:\/\/potenciaradiofonicadominicana.com\/portal\/wp-content\/uploads\/2022\/01\/WhatsApp-Image-2022-01-20-at-10.15.25-768x576.jpeg 768w, https:\/\/potenciaradiofonicadominicana.com\/portal\/wp-content\/uploads\/2022\/01\/WhatsApp-Image-2022-01-20-at-10.15.25-1024x768.jpeg 1024w\" sizes=\"auto, (max-width: 1600px) 100vw, 1600px\" \/><\/a><\/p>\n<p>Madrid, Espa\u00f1a<strong>.<\/strong>\u00a0La Ciudad Destino Cap Cana anunci\u00f3 el inicio formal de la celebraci\u00f3n del 20 aniversario de su fundaci\u00f3n en un acto celebrado durante el marco de la Feria Internacional de Turismo (FITUR), que cont\u00f3 con la presencia del presidente de la Rep\u00fablica Luis Abinader Corona y el ministro de Turismo David Collado.<\/p>\n<p>Tambi\u00e9n estuvieron presentes el ministro administrativo de la presidencia Jos\u00e9 Ignacio Paliza, el embajador de Rep\u00fablica Dominicana en Espa\u00f1a Juan Bol\u00edvar D\u00edaz y otras personalidades del sector gubernamental, el empresariado dominicano y el sector tur\u00edstico.<\/p>\n<p>En su discurso central Fernando Hazoury, presidente del consejo de administraci\u00f3n, destac\u00f3 que el destino es el \u00fanico que naci\u00f3 con un m\u00e1ster plan totalmente conceptualizado en 110 millones de metros cuadrados, y que hoy puede celebrar sus grandes logros.<\/p>\n<p>\u201cVale destacar que es el mayor desarrollo tur\u00edstico inmobiliario del sector privado realizado en Am\u00e9rica Latina, y adem\u00e1s el \u00fanico en el pa\u00eds que siendo de considerable envergadura, los accionistas son 100% dominicanos\u201d indic\u00f3.<\/p>\n<p>Expres\u00f3 que 20 a\u00f1os luego de su fundaci\u00f3n Cap Cana es un desarrollo maduro, consolidado financieramente y que demuestra afianzada solidez.<\/p>\n<p>\u201cHoy es una ciudad destino, que se ha posicionado como marca pa\u00eds, con m\u00e1s de 3 mil millones de d\u00f3lares invertidos, unas 7,400 habitaciones construidas entre hoteleras y residenciales, adem\u00e1s de unas 1,200 en proceso de construcci\u00f3n, generando m\u00e1s de 16 mil empleos entre directos e indirectos lo que se traduce en bienestar para todos los dominicanos\u201d, agreg\u00f3 Hazoury quien agradeci\u00f3 a su vez el apoyo de grandes cadenas hoteleras internacionales que se han sumado al esfuerzo convirtiendo a Cap Cana en el referente de hospitalidad de alta calidad en el pa\u00eds, y que les consolida como destino de lujo.<br \/>\n\u201cEn definitiva, en estos 20 a\u00f1os nuestra gran inversi\u00f3n se pone de manifiesto en la infraestructura de primer mundo que ponemos al servicio de todos nuestros propietarios, inversionistas y visitantes\u201d Dijo.<\/p>\n<p>\u201cCon esto seguimos contribuyendo con el sector tur\u00edstico y apoyando al presidente de la Rep\u00fablica Luis Abinader, a su ministro de Turismo David Collado y a todo su gabinete, en su compromiso de trabajar en pro de esta industria que tanto ha aportado a la recuperaci\u00f3n de la econom\u00eda dominicana en los \u00faltimos tiempos. Cap Cana, junto a los dem\u00e1s colegas y amigos del sector tur\u00edstico inmobiliario y hotelero, se esmera cada d\u00eda en su tarea de continuar atrayendo inversi\u00f3n extranjera\u201d, concluy\u00f3.<\/p>\n<p>De su lado el presidente Luis Abinader dijo: \u201cCuando hablamos de que lo mejor del turismo en la Rep\u00fablica Dominicana esta por venir, lo decimos por proyectos como este porque para Cap Cana ahora es que queda el gran desarrollo\u201d.<\/p>\n<p>\u201cEste es el momento de la consolidaci\u00f3n; est\u00e1 afianzado el proyecto Cap Cana como proyecto tur\u00edstico y tiene los mejores a\u00f1os por venir con esa enorme diversidad de ofertas que tiene. Lo que le digo a Fernando y a toda la familia Hazoury es que cuenten con todo el apoyo del gobierno para seguir desarrollando muchos proyectos que est\u00e9n pendientes en Cap Cana\u201d concluy\u00f3.<\/p>\n<p>En tanto que David Collado ministro de Turismo expres\u00f3 que: veo que en esta presentaci\u00f3n don Fernando ha hecho \u00e9nfasis en Ciudad Cap Cana, y realmente es una gran ciudad donde se ve el emprendimiento y la visi\u00f3n de una gran familia; 20 a\u00f1os de trabajo y sacrificio. Este proyecto pone en alto a la Rep\u00fablica Dominicana en playas extranjeras. En cada actividad y roadshow que nosotros hacemos en todo el mundo presentamos este proyecto con orgullo y satisfacci\u00f3n\u201d.<\/p>\n<h4><strong>Sobre Cap Cana:<\/strong><\/h4>\n<p>Cap Cana es una ciudad destino ubicada en el coraz\u00f3n del Caribe en la costa este de Rep\u00fablica Dominicana. Es uno de las principales destinos tur\u00edstico, inmobiliario y hotelero de lujo con un alto compromiso de mantener est\u00e1ndares estrictos de sostenibilidad. El mismo cuenta con el desarrollo de pol\u00edticas de preservaci\u00f3n del medioambiente que se desarrollan a trav\u00e9s de distintos programas de cuidado de las especies y programas de protecci\u00f3n de la flora, fauna y costas .<\/p>\n","protected":false},"excerpt":{"rendered":"<p>Madrid, Espa\u00f1a.\u00a0La Ciudad Destino Cap Cana anunci\u00f3 el inicio formal de la celebraci\u00f3n del 20 aniversario de su fundaci\u00f3n en &#8230;<\/p>\n","protected":false},"author":2,"featured_media":113377,"comment_status":"open","ping_status":"open","sticky":false,"template":"","format":"standard","meta":{"footnotes":""},"categories":[26],"tags":[],"class_list":["post-113376","post","type-post","status-publish","format-standard","has-post-thumbnail","hentry","category-economia"],"yoast_head":"<!-- This site is optimized with the Yoast SEO plugin v24.8.1 - https:\/\/yoast.com\/wordpress\/plugins\/seo\/ -->\n<title>Cap Cana inicia celebraci\u00f3n de 20 a\u00f1os con posici\u00f3n de Marca Pa\u00eds - PotenciaRadiofonicaDominicana.com<\/title>\n<meta name=\"robots\" content=\"index, follow, max-snippet:-1, max-image-preview:large, max-video-preview:-1\" \/>\n<link rel=\"canonical\" href=\"https:\/\/potenciaradiofonicadominicana.com\/portal\/cap-cana-inicia-celebracion-de-20-anos-con-posicion-de-marca-pais\/\" \/>\n<meta property=\"og:locale\" content=\"es_ES\" \/>\n<meta property=\"og:type\" content=\"article\" \/>\n<meta property=\"og:title\" content=\"Cap Cana inicia celebraci\u00f3n de 20 a\u00f1os con posici\u00f3n de Marca Pa\u00eds - PotenciaRadiofonicaDominicana.com\" \/>\n<meta property=\"og:description\" content=\"Madrid, Espa\u00f1a.\u00a0La Ciudad Destino Cap Cana anunci\u00f3 el inicio formal de la celebraci\u00f3n del 20 aniversario de su fundaci\u00f3n en ...\" \/>\n<meta property=\"og:url\" content=\"https:\/\/potenciaradiofonicadominicana.com\/portal\/cap-cana-inicia-celebracion-de-20-anos-con-posicion-de-marca-pais\/\" \/>\n<meta property=\"og:site_name\" content=\"PotenciaRadiofonicaDominicana.com\" \/>\n<meta property=\"article:publisher\" content=\"https:\/\/web.facebook.com\/PotenciaRadiofonicaD\" \/>\n<meta property=\"article:published_time\" content=\"2022-01-21T17:13:06+00:00\" \/>\n<meta property=\"og:image\" content=\"https:\/\/potenciaradiofonicadominicana.com\/portal\/wp-content\/uploads\/2022\/01\/WhatsApp-Image-2022-01-20-at-10.15.25.jpeg\" \/>\n\t<meta property=\"og:image:width\" content=\"1600\" \/>\n\t<meta property=\"og:image:height\" content=\"1200\" \/>\n\t<meta property=\"og:image:type\" content=\"image\/jpeg\" \/>\n<meta name=\"author\" content=\"Potencia Radiof\u00f3nica Dominicana\" \/>\n<meta name=\"twitter:card\" content=\"summary_large_image\" \/>\n<meta name=\"twitter:label1\" content=\"Escrito por\" \/>\n\t<meta name=\"twitter:data1\" content=\"Potencia Radiof\u00f3nica Dominicana\" \/>\n\t<meta name=\"twitter:label2\" content=\"Tiempo de lectura\" \/>\n\t<meta name=\"twitter:data2\" content=\"4 minutos\" \/>\n<script type=\"application\/ld+json\" class=\"yoast-schema-graph\">{\"@context\":\"https:\/\/schema.org\",\"@graph\":[{\"@type\":\"Article\",\"@id\":\"https:\/\/potenciaradiofonicadominicana.com\/portal\/cap-cana-inicia-celebracion-de-20-anos-con-posicion-de-marca-pais\/#article\",\"isPartOf\":{\"@id\":\"https:\/\/potenciaradiofonicadominicana.com\/portal\/cap-cana-inicia-celebracion-de-20-anos-con-posicion-de-marca-pais\/\"},\"author\":{\"name\":\"Potencia Radiof\u00f3nica Dominicana\",\"@id\":\"https:\/\/potenciaradiofonicadominicana.com\/portal\/#\/schema\/person\/a5cf1fea13877803ee0573ac18b03490\"},\"headline\":\"Cap Cana inicia celebraci\u00f3n de 20 a\u00f1os con posici\u00f3n de Marca Pa\u00eds\",\"datePublished\":\"2022-01-21T17:13:06+00:00\",\"mainEntityOfPage\":{\"@id\":\"https:\/\/potenciaradiofonicadominicana.com\/portal\/cap-cana-inicia-celebracion-de-20-anos-con-posicion-de-marca-pais\/\"},\"wordCount\":717,\"commentCount\":0,\"publisher\":{\"@id\":\"https:\/\/potenciaradiofonicadominicana.com\/portal\/#organization\"},\"image\":{\"@id\":\"https:\/\/potenciaradiofonicadominicana.com\/portal\/cap-cana-inicia-celebracion-de-20-anos-con-posicion-de-marca-pais\/#primaryimage\"},\"thumbnailUrl\":\"https:\/\/potenciaradiofonicadominicana.com\/portal\/wp-content\/uploads\/2022\/01\/WhatsApp-Image-2022-01-20-at-10.15.25.jpeg\",\"articleSection\":[\"Econom\u00eda\"],\"inLanguage\":\"es\",\"potentialAction\":[{\"@type\":\"CommentAction\",\"name\":\"Comment\",\"target\":[\"https:\/\/potenciaradiofonicadominicana.com\/portal\/cap-cana-inicia-celebracion-de-20-anos-con-posicion-de-marca-pais\/#respond\"]}]},{\"@type\":\"WebPage\",\"@id\":\"https:\/\/potenciaradiofonicadominicana.com\/portal\/cap-cana-inicia-celebracion-de-20-anos-con-posicion-de-marca-pais\/\",\"url\":\"https:\/\/potenciaradiofonicadominicana.com\/portal\/cap-cana-inicia-celebracion-de-20-anos-con-posicion-de-marca-pais\/\",\"name\":\"Cap Cana inicia celebraci\u00f3n de 20 a\u00f1os con posici\u00f3n de Marca Pa\u00eds - PotenciaRadiofonicaDominicana.com\",\"isPartOf\":{\"@id\":\"https:\/\/potenciaradiofonicadominicana.com\/portal\/#website\"},\"primaryImageOfPage\":{\"@id\":\"https:\/\/potenciaradiofonicadominicana.com\/portal\/cap-cana-inicia-celebracion-de-20-anos-con-posicion-de-marca-pais\/#primaryimage\"},\"image\":{\"@id\":\"https:\/\/potenciaradiofonicadominicana.com\/portal\/cap-cana-inicia-celebracion-de-20-anos-con-posicion-de-marca-pais\/#primaryimage\"},\"thumbnailUrl\":\"https:\/\/potenciaradiofonicadominicana.com\/portal\/wp-content\/uploads\/2022\/01\/WhatsApp-Image-2022-01-20-at-10.15.25.jpeg\",\"datePublished\":\"2022-01-21T17:13:06+00:00\",\"breadcrumb\":{\"@id\":\"https:\/\/potenciaradiofonicadominicana.com\/portal\/cap-cana-inicia-celebracion-de-20-anos-con-posicion-de-marca-pais\/#breadcrumb\"},\"inLanguage\":\"es\",\"potentialAction\":[{\"@type\":\"ReadAction\",\"target\":[\"https:\/\/potenciaradiofonicadominicana.com\/portal\/cap-cana-inicia-celebracion-de-20-anos-con-posicion-de-marca-pais\/\"]}]},{\"@type\":\"ImageObject\",\"inLanguage\":\"es\",\"@id\":\"https:\/\/potenciaradiofonicadominicana.com\/portal\/cap-cana-inicia-celebracion-de-20-anos-con-posicion-de-marca-pais\/#primaryimage\",\"url\":\"https:\/\/potenciaradiofonicadominicana.com\/portal\/wp-content\/uploads\/2022\/01\/WhatsApp-Image-2022-01-20-at-10.15.25.jpeg\",\"contentUrl\":\"https:\/\/potenciaradiofonicadominicana.com\/portal\/wp-content\/uploads\/2022\/01\/WhatsApp-Image-2022-01-20-at-10.15.25.jpeg\",\"width\":1600,\"height\":1200},{\"@type\":\"BreadcrumbList\",\"@id\":\"https:\/\/potenciaradiofonicadominicana.com\/portal\/cap-cana-inicia-celebracion-de-20-anos-con-posicion-de-marca-pais\/#breadcrumb\",\"itemListElement\":[{\"@type\":\"ListItem\",\"position\":1,\"name\":\"Portada\",\"item\":\"https:\/\/potenciaradiofonicadominicana.com\/portal\/\"},{\"@type\":\"ListItem\",\"position\":2,\"name\":\"Cap Cana inicia celebraci\u00f3n de 20 a\u00f1os con posici\u00f3n de Marca Pa\u00eds\"}]},{\"@type\":\"WebSite\",\"@id\":\"https:\/\/potenciaradiofonicadominicana.com\/portal\/#website\",\"url\":\"https:\/\/potenciaradiofonicadominicana.com\/portal\/\",\"name\":\"PotenciaRadiofonicaDominicana.com\",\"description\":\"Peri\u00f3dico Digital\",\"publisher\":{\"@id\":\"https:\/\/potenciaradiofonicadominicana.com\/portal\/#organization\"},\"potentialAction\":[{\"@type\":\"SearchAction\",\"target\":{\"@type\":\"EntryPoint\",\"urlTemplate\":\"https:\/\/potenciaradiofonicadominicana.com\/portal\/?s={search_term_string}\"},\"query-input\":{\"@type\":\"PropertyValueSpecification\",\"valueRequired\":true,\"valueName\":\"search_term_string\"}}],\"inLanguage\":\"es\"},{\"@type\":\"Organization\",\"@id\":\"https:\/\/potenciaradiofonicadominicana.com\/portal\/#organization\",\"name\":\"PotenciaRadiofonicaDominicana.com\",\"url\":\"https:\/\/potenciaradiofonicadominicana.com\/portal\/\",\"logo\":{\"@type\":\"ImageObject\",\"inLanguage\":\"es\",\"@id\":\"https:\/\/potenciaradiofonicadominicana.com\/portal\/#\/schema\/logo\/image\/\",\"url\":\"https:\/\/potenciaradiofonicadominicana.com\/portal\/wp-content\/uploads\/2022\/01\/descarga.png\",\"contentUrl\":\"https:\/\/potenciaradiofonicadominicana.com\/portal\/wp-content\/uploads\/2022\/01\/descarga.png\",\"width\":300,\"height\":100,\"caption\":\"PotenciaRadiofonicaDominicana.com\"},\"image\":{\"@id\":\"https:\/\/potenciaradiofonicadominicana.com\/portal\/#\/schema\/logo\/image\/\"},\"sameAs\":[\"https:\/\/web.facebook.com\/PotenciaRadiofonicaD\"]},{\"@type\":\"Person\",\"@id\":\"https:\/\/potenciaradiofonicadominicana.com\/portal\/#\/schema\/person\/a5cf1fea13877803ee0573ac18b03490\",\"name\":\"Potencia Radiof\u00f3nica Dominicana\",\"image\":{\"@type\":\"ImageObject\",\"inLanguage\":\"es\",\"@id\":\"https:\/\/potenciaradiofonicadominicana.com\/portal\/#\/schema\/person\/image\/\",\"url\":\"https:\/\/secure.gravatar.com\/avatar\/42a55ab9e8ccc656ba34cd791990602a?s=96&d=mm&r=g\",\"contentUrl\":\"https:\/\/secure.gravatar.com\/avatar\/42a55ab9e8ccc656ba34cd791990602a?s=96&d=mm&r=g\",\"caption\":\"Potencia Radiof\u00f3nica Dominicana\"},\"url\":\"https:\/\/potenciaradiofonicadominicana.com\/portal\/author\/johannyalmanzar\/\"}]}<\/script>\n<!-- \/ Yoast SEO plugin. -->","yoast_head_json":{"title":"Cap Cana inicia celebraci\u00f3n de 20 a\u00f1os con posici\u00f3n de Marca Pa\u00eds - PotenciaRadiofonicaDominicana.com","robots":{"index":"index","follow":"follow","max-snippet":"max-snippet:-1","max-image-preview":"max-image-preview:large","max-video-preview":"max-video-preview:-1"},"canonical":"https:\/\/potenciaradiofonicadominicana.com\/portal\/cap-cana-inicia-celebracion-de-20-anos-con-posicion-de-marca-pais\/","og_locale":"es_ES","og_type":"article","og_title":"Cap Cana inicia celebraci\u00f3n de 20 a\u00f1os con posici\u00f3n de Marca Pa\u00eds - PotenciaRadiofonicaDominicana.com","og_description":"Madrid, Espa\u00f1a.\u00a0La Ciudad Destino Cap Cana anunci\u00f3 el inicio formal de la celebraci\u00f3n del 20 aniversario de su fundaci\u00f3n en ...","og_url":"https:\/\/potenciaradiofonicadominicana.com\/portal\/cap-cana-inicia-celebracion-de-20-anos-con-posicion-de-marca-pais\/","og_site_name":"PotenciaRadiofonicaDominicana.com","article_publisher":"https:\/\/web.facebook.com\/PotenciaRadiofonicaD","article_published_time":"2022-01-21T17:13:06+00:00","og_image":[{"width":1600,"height":1200,"url":"https:\/\/potenciaradiofonicadominicana.com\/portal\/wp-content\/uploads\/2022\/01\/WhatsApp-Image-2022-01-20-at-10.15.25.jpeg","type":"image\/jpeg"}],"author":"Potencia Radiof\u00f3nica Dominicana","twitter_card":"summary_large_image","twitter_misc":{"Escrito por":"Potencia Radiof\u00f3nica Dominicana","Tiempo de lectura":"4 minutos"},"schema":{"@context":"https:\/\/schema.org","@graph":[{"@type":"Article","@id":"https:\/\/potenciaradiofonicadominicana.com\/portal\/cap-cana-inicia-celebracion-de-20-anos-con-posicion-de-marca-pais\/#article","isPartOf":{"@id":"https:\/\/potenciaradiofonicadominicana.com\/portal\/cap-cana-inicia-celebracion-de-20-anos-con-posicion-de-marca-pais\/"},"author":{"name":"Potencia Radiof\u00f3nica Dominicana","@id":"https:\/\/potenciaradiofonicadominicana.com\/portal\/#\/schema\/person\/a5cf1fea13877803ee0573ac18b03490"},"headline":"Cap Cana inicia celebraci\u00f3n de 20 a\u00f1os con posici\u00f3n de Marca Pa\u00eds","datePublished":"2022-01-21T17:13:06+00:00","mainEntityOfPage":{"@id":"https:\/\/potenciaradiofonicadominicana.com\/portal\/cap-cana-inicia-celebracion-de-20-anos-con-posicion-de-marca-pais\/"},"wordCount":717,"commentCount":0,"publisher":{"@id":"https:\/\/potenciaradiofonicadominicana.com\/portal\/#organization"},"image":{"@id":"https:\/\/potenciaradiofonicadominicana.com\/portal\/cap-cana-inicia-celebracion-de-20-anos-con-posicion-de-marca-pais\/#primaryimage"},"thumbnailUrl":"https:\/\/potenciaradiofonicadominicana.com\/portal\/wp-content\/uploads\/2022\/01\/WhatsApp-Image-2022-01-20-at-10.15.25.jpeg","articleSection":["Econom\u00eda"],"inLanguage":"es","potentialAction":[{"@type":"CommentAction","name":"Comment","target":["https:\/\/potenciaradiofonicadominicana.com\/portal\/cap-cana-inicia-celebracion-de-20-anos-con-posicion-de-marca-pais\/#respond"]}]},{"@type":"WebPage","@id":"https:\/\/potenciaradiofonicadominicana.com\/portal\/cap-cana-inicia-celebracion-de-20-anos-con-posicion-de-marca-pais\/","url":"https:\/\/potenciaradiofonicadominicana.com\/portal\/cap-cana-inicia-celebracion-de-20-anos-con-posicion-de-marca-pais\/","name":"Cap Cana inicia celebraci\u00f3n de 20 a\u00f1os con posici\u00f3n de Marca Pa\u00eds - PotenciaRadiofonicaDominicana.com","isPartOf":{"@id":"https:\/\/potenciaradiofonicadominicana.com\/portal\/#website"},"primaryImageOfPage":{"@id":"https:\/\/potenciaradiofonicadominicana.com\/portal\/cap-cana-inicia-celebracion-de-20-anos-con-posicion-de-marca-pais\/#primaryimage"},"image":{"@id":"https:\/\/potenciaradiofonicadominicana.com\/portal\/cap-cana-inicia-celebracion-de-20-anos-con-posicion-de-marca-pais\/#primaryimage"},"thumbnailUrl":"https:\/\/potenciaradiofonicadominicana.com\/portal\/wp-content\/uploads\/2022\/01\/WhatsApp-Image-2022-01-20-at-10.15.25.jpeg","datePublished":"2022-01-21T17:13:06+00:00","breadcrumb":{"@id":"https:\/\/potenciaradiofonicadominicana.com\/portal\/cap-cana-inicia-celebracion-de-20-anos-con-posicion-de-marca-pais\/#breadcrumb"},"inLanguage":"es","potentialAction":[{"@type":"ReadAction","target":["https:\/\/potenciaradiofonicadominicana.com\/portal\/cap-cana-inicia-celebracion-de-20-anos-con-posicion-de-marca-pais\/"]}]},{"@type":"ImageObject","inLanguage":"es","@id":"https:\/\/potenciaradiofonicadominicana.com\/portal\/cap-cana-inicia-celebracion-de-20-anos-con-posicion-de-marca-pais\/#primaryimage","url":"https:\/\/potenciaradiofonicadominicana.com\/portal\/wp-content\/uploads\/2022\/01\/WhatsApp-Image-2022-01-20-at-10.15.25.jpeg","contentUrl":"https:\/\/potenciaradiofonicadominicana.com\/portal\/wp-content\/uploads\/2022\/01\/WhatsApp-Image-2022-01-20-at-10.15.25.jpeg","width":1600,"height":1200},{"@type":"BreadcrumbList","@id":"https:\/\/potenciaradiofonicadominicana.com\/portal\/cap-cana-inicia-celebracion-de-20-anos-con-posicion-de-marca-pais\/#breadcrumb","itemListElement":[{"@type":"ListItem","position":1,"name":"Portada","item":"https:\/\/potenciaradiofonicadominicana.com\/portal\/"},{"@type":"ListItem","position":2,"name":"Cap Cana inicia celebraci\u00f3n de 20 a\u00f1os con posici\u00f3n de Marca Pa\u00eds"}]},{"@type":"WebSite","@id":"https:\/\/potenciaradiofonicadominicana.com\/portal\/#website","url":"https:\/\/potenciaradiofonicadominicana.com\/portal\/","name":"PotenciaRadiofonicaDominicana.com","description":"Peri\u00f3dico Digital","publisher":{"@id":"https:\/\/potenciaradiofonicadominicana.com\/portal\/#organization"},"potentialAction":[{"@type":"SearchAction","target":{"@type":"EntryPoint","urlTemplate":"https:\/\/potenciaradiofonicadominicana.com\/portal\/?s={search_term_string}"},"query-input":{"@type":"PropertyValueSpecification","valueRequired":true,"valueName":"search_term_string"}}],"inLanguage":"es"},{"@type":"Organization","@id":"https:\/\/potenciaradiofonicadominicana.com\/portal\/#organization","name":"PotenciaRadiofonicaDominicana.com","url":"https:\/\/potenciaradiofonicadominicana.com\/portal\/","logo":{"@type":"ImageObject","inLanguage":"es","@id":"https:\/\/potenciaradiofonicadominicana.com\/portal\/#\/schema\/logo\/image\/","url":"https:\/\/potenciaradiofonicadominicana.com\/portal\/wp-content\/uploads\/2022\/01\/descarga.png","contentUrl":"https:\/\/potenciaradiofonicadominicana.com\/portal\/wp-content\/uploads\/2022\/01\/descarga.png","width":300,"height":100,"caption":"PotenciaRadiofonicaDominicana.com"},"image":{"@id":"https:\/\/potenciaradiofonicadominicana.com\/portal\/#\/schema\/logo\/image\/"},"sameAs":["https:\/\/web.facebook.com\/PotenciaRadiofonicaD"]},{"@type":"Person","@id":"https:\/\/potenciaradiofonicadominicana.com\/portal\/#\/schema\/person\/a5cf1fea13877803ee0573ac18b03490","name":"Potencia Radiof\u00f3nica Dominicana","image":{"@type":"ImageObject","inLanguage":"es","@id":"https:\/\/potenciaradiofonicadominicana.com\/portal\/#\/schema\/person\/image\/","url":"https:\/\/secure.gravatar.com\/avatar\/42a55ab9e8ccc656ba34cd791990602a?s=96&d=mm&r=g","contentUrl":"https:\/\/secure.gravatar.com\/avatar\/42a55ab9e8ccc656ba34cd791990602a?s=96&d=mm&r=g","caption":"Potencia Radiof\u00f3nica Dominicana"},"url":"https:\/\/potenciaradiofonicadominicana.com\/portal\/author\/johannyalmanzar\/"}]}},"_links":{"self":[{"href":"https:\/\/potenciaradiofonicadominicana.com\/portal\/wp-json\/wp\/v2\/posts\/113376","targetHints":{"allow":["GET"]}}],"collection":[{"href":"https:\/\/potenciaradiofonicadominicana.com\/portal\/wp-json\/wp\/v2\/posts"}],"about":[{"href":"https:\/\/potenciaradiofonicadominicana.com\/portal\/wp-json\/wp\/v2\/types\/post"}],"author":[{"embeddable":true,"href":"https:\/\/potenciaradiofonicadominicana.com\/portal\/wp-json\/wp\/v2\/users\/2"}],"replies":[{"embeddable":true,"href":"https:\/\/potenciaradiofonicadominicana.com\/portal\/wp-json\/wp\/v2\/comments?post=113376"}],"version-history":[{"count":1,"href":"https:\/\/potenciaradiofonicadominicana.com\/portal\/wp-json\/wp\/v2\/posts\/113376\/revisions"}],"predecessor-version":[{"id":113378,"href":"https:\/\/potenciaradiofonicadominicana.com\/portal\/wp-json\/wp\/v2\/posts\/113376\/revisions\/113378"}],"wp:featuredmedia":[{"embeddable":true,"href":"https:\/\/potenciaradiofonicadominicana.com\/portal\/wp-json\/wp\/v2\/media\/113377"}],"wp:attachment":[{"href":"https:\/\/potenciaradiofonicadominicana.com\/portal\/wp-json\/wp\/v2\/media?parent=113376"}],"wp:term":[{"taxonomy":"category","embeddable":true,"href":"https:\/\/potenciaradiofonicadominicana.com\/portal\/wp-json\/wp\/v2\/categories?post=113376"},{"taxonomy":"post_tag","embeddable":true,"href":"https:\/\/potenciaradiofonicadominicana.com\/portal\/wp-json\/wp\/v2\/tags?post=113376"}],"curies":[{"name":"wp","href":"https:\/\/api.w.org\/{rel}","templated":true}]}}