{"id":113372,"date":"2022-01-21T13:10:50","date_gmt":"2022-01-21T17:10:50","guid":{"rendered":"https:\/\/potenciaradiofonicadominicana.com\/portal\/?p=113372"},"modified":"2022-01-21T13:10:50","modified_gmt":"2022-01-21T17:10:50","slug":"gobiernos-de-espana-y-rd-analizan-agenda-de-inversion-y-turismo","status":"publish","type":"post","link":"https:\/\/potenciaradiofonicadominicana.com\/portal\/gobiernos-de-espana-y-rd-analizan-agenda-de-inversion-y-turismo\/","title":{"rendered":"Gobiernos de Espa\u00f1a y RD analizan agenda de inversi\u00f3n y turismo"},"content":{"rendered":"<p><a href=\"https:\/\/potenciaradiofonicadominicana.com\/portal\/wp-content\/uploads\/2022\/01\/La-ministra-de-Industria-y-Turismo-Reyes-Maroto-640x368.jpg\"><img loading=\"lazy\" decoding=\"async\" class=\"alignnone size-full wp-image-113374\" src=\"https:\/\/potenciaradiofonicadominicana.com\/portal\/wp-content\/uploads\/2022\/01\/La-ministra-de-Industria-y-Turismo-Reyes-Maroto-640x368.jpg\" alt=\"\" width=\"640\" height=\"368\" srcset=\"https:\/\/potenciaradiofonicadominicana.com\/portal\/wp-content\/uploads\/2022\/01\/La-ministra-de-Industria-y-Turismo-Reyes-Maroto-640x368.jpg 640w, https:\/\/potenciaradiofonicadominicana.com\/portal\/wp-content\/uploads\/2022\/01\/La-ministra-de-Industria-y-Turismo-Reyes-Maroto-640x368-300x173.jpg 300w\" sizes=\"auto, (max-width: 640px) 100vw, 640px\" \/><\/a><\/p>\n<p>Madrid<strong>.-\u00a0<\/strong>Los gobiernos de Espa\u00f1a y de Rep\u00fablica Dominicana trabajan en una agenda intensa en el \u00e1mbito del turismo y las inversiones y comparten tambi\u00e9n las pol\u00edticas que ambos despliegan en el tema de la seguridad.<\/p>\n<p>La informaci\u00f3n la ofreci\u00f3 a CDN, canal 37 y al peri\u00f3dico elCaribe la ministra espa\u00f1ola de Industria, Comercio y Turismo, Mar\u00eda Reyes Maroto, en la conversaci\u00f3n en la que solt\u00f3 algunos halagos al pa\u00eds caribe\u00f1o, a su turismo y a la forma como lo promociona en la Feria Internacional de Turismo (Fitur), en su versi\u00f3n n\u00famero 42.<\/p>\n<p>\u201cEstamos enfocados tambi\u00e9n en el refuerzo del producto tur\u00edstico y desde el punto de vista de las inversiones y del papel que tiene el pa\u00eds europeo en territorio dominicano\u201d, apunt\u00f3 la funcionaria.<\/p>\n<p>Resalt\u00f3 que tanto Rep\u00fablica Dominicana como Espa\u00f1a tienen un peso importante de sus econom\u00edas en la actividad tur\u00edstica.<\/p>\n<p>\u201cRep\u00fablica Dominicana se proyecta en Fitur 2022 como un para\u00edso\u201d, indic\u00f3. Lo dijo poco despu\u00e9s de salir de una reuni\u00f3n con el presidente Luis Abinader, quien se encuentra en la capital espa\u00f1ola.<\/p>\n<p>Rep\u00fablica Dominicana es Pa\u00eds Socio Fitur esta vez, y el jefe de Estado quiso estar presente en el evento. Un evento que ha abierto espacio para importantes negociaciones entre integrantes de toda la cadena relacionada con la denominada \u201cindustria sin chimenea\u201d, que es el turismo.<\/p>\n<p>De acuerdo con datos cortados hace dos a\u00f1os, Rep\u00fablica Dominicana cuenta con un \u201cstock\u201d de inversi\u00f3n extranjera directa (IED) de m\u00e1s de 23,000 millones de euros(\u20ac), de los cuales m\u00e1s de 1,708 millones (6.7 %) corresponden a inversiones espa\u00f1olas realizadas en el per\u00edodo enero 2010\u2013diciembre 2019.<\/p>\n<p>Esto, seg\u00fan estad\u00edsticas de la Embajada Dominicana ante el Reino de Espa\u00f1a, sustentadas a su vez con cifras de la Organizaci\u00f3n Mundial del Comercio (OMC).<\/p>\n<p>Esos n\u00fameros, remitidos a a\u00f1os pre pandemia, lo que indican que puede que hayan cambiado, indican que Espa\u00f1a es el cuarto inversor en Rep\u00fablica Dominicana, luego de Estados Unidos, Canad\u00e1 y Brasil.<\/p>\n<p>Las inversiones de la citada naci\u00f3n europea se han estado colocando de esta forma: En el a\u00f1o 2010 fueron 202.7 millones de euros, al a\u00f1o siguiente 136.6 millones de euros, en 2012 totalizaron 128.2 y en 2013 la cifra fue de 32.8 millones de euros.<\/p>\n<p>En 2014, la Rep\u00fablica Dominicana recibi\u00f3 inversiones por 6.6 millones de euros desde Espa\u00f1a y en 2015 se trat\u00f3 de 32 millones. Luego, en el a\u00f1o 2016 el monto fue de 281.4 millones, posteriormente 205.9 millones y en 2019 unos 287.8 millones.<\/p>\n<p>Ese mismo a\u00f1o, siempre partiendo de los datos de la Embajada Dominicana en Espa\u00f1a, llegaron otros 394.3 millones. El total de la inversi\u00f3n ascendi\u00f3 a 1,708.3 millones de euros. Sobre este aspecto de la inversi\u00f3n, se utiliz\u00f3 como fuente al Banco Central de la Rep\u00fablica Dominicana (BCRD).<\/p>\n<p>Seg\u00fan las informaciones (datos m\u00e1s o menos de finales de 2018 y 2019) en Rep\u00fablica Dominicana se han establecido m\u00e1s de 200 empresas de capital espa\u00f1ol, entre ellas Santander, Acciona, Naturgy, Mapfre, Inypsa, Boluda, Eulen, TSK, Mango y Zara. \u201cLa inversi\u00f3n espa\u00f1ola es considera como prioritaria y no se limita al turismo, teniendo una fuerte presencia en sectores tan diversos como el de las energ\u00edas renovables, alimentaci\u00f3n, transporte, consultor\u00eda y servicios financieros\u201d, dice la publicaci\u00f3n de la Embajada, tomada de base por el peri\u00f3dico elCaribe para este escrito.<\/p>\n<p>La misma data indica que en el territorio dominicano est\u00e1n radicadas importantes cadenas hoteleras espa\u00f1olas, entre ellas Meli\u00e1, Riu, Barcel\u00f3, Iberostar, Be Live (Globalia), Bah\u00eda Pr\u00edncipe, NH, Paladium, Catalonia, H10, Fiesta, Pi\u00f1ero, BlueBay, Majestic, Sirenis, Occidental y Martinon.<\/p>\n<p>\u201cLas cadenas hoteleras apostaron por Rep\u00fablica Dominicana porque conf\u00edan en ese pa\u00eds. Nos queda claro que en materia de balanza comercial tenemos que buscar los equilibrios, pero estoy convencida de que despu\u00e9s de la pandemia se va a reforzar. Y se va a trabajar para que Rep\u00fablica Dominicana tambi\u00e9n se proyecte en Espa\u00f1a no solo como subsector tur\u00edstico, sino tambi\u00e9n en la diversidad de productos\u201d, dijo.<\/p>\n<p>Y agreg\u00f3: \u201cHemos estado viendo productos tan importantes como el tabaco, el ron&#8230; para que se acerquen a una Espa\u00f1a resurge de esa pandemia con ganas de consumir, con ganas de viajar, y esa es la voluntad de los dos gobiernos, de reforzar la relaciones comerciales y de inversi\u00f3n y aprovechar tambi\u00e9n el turismo como palanca para seguir creciendo juntos\u201d.<\/p>\n<p>La ministra Reyes Maroto dejo claro que las autoridades de su pa\u00eds son muy coherentes con relaci\u00f3n al apoyo a las empresas espa\u00f1ola que se internacionalizan.<\/p>\n<p>\u201cDe hecho, hemos reforzado durante la pandemia los apoyos, porque el mercado internacional y el comercio internacional compensa la ca\u00edda de la demanda interna y estamos convencidos de que despu\u00e9s de la pandemia de covid-19 tenemos que salir reforzados\u201d, expres\u00f3.<\/p>\n<p>Dijo que se tienen que recuperar esas tensiones que se est\u00e1n produciendo en las cadenas de valor. \u201cHay que buscar fortalezas para que el comercio internacional siga siendo palanca de desarrollo. Lo ha sido para Espa\u00f1a\u201d, expuso.<\/p>\n<p>En la conversaci\u00f3n, sostenida a media tarde, rememor\u00f3 que de la crisis anterior (de la crisis de Espa\u00f1a) se sali\u00f3 gracias a la internacionalizaci\u00f3n de las empresas de la naci\u00f3n.<\/p>\n<p>\u201cEl incremento en la balanza comercial es una receta exitosa y sin duda para nosotros Rep\u00fablica Dominicana es un buen socio, en una zona de Latinoam\u00e9rica donde Espa\u00f1a tiene no solo buenas relaciones comerciales y diplom\u00e1ticas, sino tambi\u00e9n lazos de amistad, que hacen que sin duda el trabajo que hacemos las administraciones refuerce con la lengua com\u00fan que tenemos y con tantas familias y esa historia com\u00fan que tambi\u00e9n tenemos que conseguir, reivindicando y consiguiendo\u201d, sostuvo.<\/p>\n<p>\u00bfY la visita de Pedro S\u00e1nchez?<\/p>\n<p>La periodista Katherine Hern\u00e1ndez, de CDN, le pregunt\u00f3 a la ministra Reyes Moroto si hay la posibilidad de que el presidente del Gobierno Espa\u00f1ol, Pedro S\u00e1nchez, visite la Rep\u00fablica Dominicana. La respuesta que dio fue esta: \u201cBueno,estamos tratando de buscar ahora el voto para que el presidente S\u00e1nchez pueda venir aqu\u00ed al stand(al que tiene Rep\u00fablica Dominicana en la Fitur). Yo s\u00ed voy a viajar este a\u00f1o al pa\u00eds y esperemos que la agenda del presidente la podamos adaptar. Pero yo s\u00ed me comprometo a viajar. Son muchos los intereses de inversi\u00f3n, tur\u00edsticos que Espa\u00f1a tiene en Rep\u00fablica Dominicana y desde luego la voluntad compartida del gobierno de Rep\u00fablica Dominicana es reforzarlos, y qu\u00e9 mejor manera que las visitas que hacemos institucionales\u201d.<\/p>\n<p>Lo que sirven los espa\u00f1oles; lo enviado por dominicanos<\/p>\n<p>La exportaci\u00f3n desde la Rep\u00fablica Dominicana hacia Espa\u00f1a -partiendo de datos anteriores a la pandemia, de la embajada- se concentran en un poco m\u00e1s del 80 % en cinco productos, que son:ron, cacao, ferron\u00edquel, cigarros y aguacates. Para el momento en que se realiz\u00f3 el estudio, la Rep\u00fablica Dominicana era el tercer exportador de ron a nivel mundial y Espa\u00f1a era su principal socio comercial en ese rubro.<\/p>\n<p>El producto representa el 46.8 % del total de las importaciones espa\u00f1olas desde la Rep\u00fablica Dominicana. En 2019 el 26.9 % del ron consumido en Espa\u00f1a fue importado desde territorio dominicano, con valores superiores a los 46.2 millones de euros. En cuanto a ferron\u00edquel, Rep\u00fablica Dominicana es el sexto pa\u00eds exportador a nivel mundial y Espa\u00f1a es su tercer socio comercial en este rubro. Las importaciones espa\u00f1olas de ferron\u00edquel dominicano representan el 18.3 % del hist\u00f3rico de importaciones. De cacao, Rep\u00fablica Dominicana es el noveno pa\u00eds productor y exportador de cacao a nivel mundial y Espa\u00f1a es su quinto socio comercial en t\u00e9rminos relativos.<\/p>\n","protected":false},"excerpt":{"rendered":"<p>Madrid.-\u00a0Los gobiernos de Espa\u00f1a y de Rep\u00fablica Dominicana trabajan en una agenda intensa en el \u00e1mbito del turismo y las &#8230;<\/p>\n","protected":false},"author":2,"featured_media":113374,"comment_status":"open","ping_status":"open","sticky":false,"template":"","format":"standard","meta":{"footnotes":""},"categories":[26],"tags":[],"class_list":["post-113372","post","type-post","status-publish","format-standard","has-post-thumbnail","hentry","category-economia"],"yoast_head":"<!-- This site is optimized with the Yoast SEO plugin v24.8.1 - https:\/\/yoast.com\/wordpress\/plugins\/seo\/ -->\n<title>Gobiernos de Espa\u00f1a y RD analizan agenda de inversi\u00f3n y turismo - PotenciaRadiofonicaDominicana.com<\/title>\n<meta name=\"robots\" content=\"index, follow, max-snippet:-1, max-image-preview:large, max-video-preview:-1\" \/>\n<link rel=\"canonical\" href=\"https:\/\/potenciaradiofonicadominicana.com\/portal\/gobiernos-de-espana-y-rd-analizan-agenda-de-inversion-y-turismo\/\" \/>\n<meta property=\"og:locale\" content=\"es_ES\" \/>\n<meta property=\"og:type\" content=\"article\" \/>\n<meta property=\"og:title\" content=\"Gobiernos de Espa\u00f1a y RD analizan agenda de inversi\u00f3n y turismo - PotenciaRadiofonicaDominicana.com\" \/>\n<meta property=\"og:description\" content=\"Madrid.-\u00a0Los gobiernos de Espa\u00f1a y de Rep\u00fablica Dominicana trabajan en una agenda intensa en el \u00e1mbito del turismo y las ...\" \/>\n<meta property=\"og:url\" content=\"https:\/\/potenciaradiofonicadominicana.com\/portal\/gobiernos-de-espana-y-rd-analizan-agenda-de-inversion-y-turismo\/\" \/>\n<meta property=\"og:site_name\" content=\"PotenciaRadiofonicaDominicana.com\" \/>\n<meta property=\"article:publisher\" content=\"https:\/\/web.facebook.com\/PotenciaRadiofonicaD\" \/>\n<meta property=\"article:published_time\" content=\"2022-01-21T17:10:50+00:00\" \/>\n<meta property=\"og:image\" content=\"https:\/\/potenciaradiofonicadominicana.com\/portal\/wp-content\/uploads\/2022\/01\/La-ministra-de-Industria-y-Turismo-Reyes-Maroto-640x368.jpg\" \/>\n\t<meta property=\"og:image:width\" content=\"640\" \/>\n\t<meta property=\"og:image:height\" content=\"368\" \/>\n\t<meta property=\"og:image:type\" content=\"image\/jpeg\" \/>\n<meta name=\"author\" content=\"Potencia Radiof\u00f3nica Dominicana\" \/>\n<meta name=\"twitter:card\" content=\"summary_large_image\" \/>\n<meta name=\"twitter:label1\" content=\"Escrito por\" \/>\n\t<meta name=\"twitter:data1\" content=\"Potencia Radiof\u00f3nica Dominicana\" \/>\n\t<meta name=\"twitter:label2\" content=\"Tiempo de lectura\" \/>\n\t<meta name=\"twitter:data2\" content=\"7 minutos\" \/>\n<script type=\"application\/ld+json\" class=\"yoast-schema-graph\">{\"@context\":\"https:\/\/schema.org\",\"@graph\":[{\"@type\":\"Article\",\"@id\":\"https:\/\/potenciaradiofonicadominicana.com\/portal\/gobiernos-de-espana-y-rd-analizan-agenda-de-inversion-y-turismo\/#article\",\"isPartOf\":{\"@id\":\"https:\/\/potenciaradiofonicadominicana.com\/portal\/gobiernos-de-espana-y-rd-analizan-agenda-de-inversion-y-turismo\/\"},\"author\":{\"name\":\"Potencia Radiof\u00f3nica Dominicana\",\"@id\":\"https:\/\/potenciaradiofonicadominicana.com\/portal\/#\/schema\/person\/a5cf1fea13877803ee0573ac18b03490\"},\"headline\":\"Gobiernos de Espa\u00f1a y RD analizan agenda de inversi\u00f3n y turismo\",\"datePublished\":\"2022-01-21T17:10:50+00:00\",\"mainEntityOfPage\":{\"@id\":\"https:\/\/potenciaradiofonicadominicana.com\/portal\/gobiernos-de-espana-y-rd-analizan-agenda-de-inversion-y-turismo\/\"},\"wordCount\":1342,\"commentCount\":0,\"publisher\":{\"@id\":\"https:\/\/potenciaradiofonicadominicana.com\/portal\/#organization\"},\"image\":{\"@id\":\"https:\/\/potenciaradiofonicadominicana.com\/portal\/gobiernos-de-espana-y-rd-analizan-agenda-de-inversion-y-turismo\/#primaryimage\"},\"thumbnailUrl\":\"https:\/\/potenciaradiofonicadominicana.com\/portal\/wp-content\/uploads\/2022\/01\/La-ministra-de-Industria-y-Turismo-Reyes-Maroto-640x368.jpg\",\"articleSection\":[\"Econom\u00eda\"],\"inLanguage\":\"es\",\"potentialAction\":[{\"@type\":\"CommentAction\",\"name\":\"Comment\",\"target\":[\"https:\/\/potenciaradiofonicadominicana.com\/portal\/gobiernos-de-espana-y-rd-analizan-agenda-de-inversion-y-turismo\/#respond\"]}]},{\"@type\":\"WebPage\",\"@id\":\"https:\/\/potenciaradiofonicadominicana.com\/portal\/gobiernos-de-espana-y-rd-analizan-agenda-de-inversion-y-turismo\/\",\"url\":\"https:\/\/potenciaradiofonicadominicana.com\/portal\/gobiernos-de-espana-y-rd-analizan-agenda-de-inversion-y-turismo\/\",\"name\":\"Gobiernos de Espa\u00f1a y RD analizan agenda de inversi\u00f3n y turismo - PotenciaRadiofonicaDominicana.com\",\"isPartOf\":{\"@id\":\"https:\/\/potenciaradiofonicadominicana.com\/portal\/#website\"},\"primaryImageOfPage\":{\"@id\":\"https:\/\/potenciaradiofonicadominicana.com\/portal\/gobiernos-de-espana-y-rd-analizan-agenda-de-inversion-y-turismo\/#primaryimage\"},\"image\":{\"@id\":\"https:\/\/potenciaradiofonicadominicana.com\/portal\/gobiernos-de-espana-y-rd-analizan-agenda-de-inversion-y-turismo\/#primaryimage\"},\"thumbnailUrl\":\"https:\/\/potenciaradiofonicadominicana.com\/portal\/wp-content\/uploads\/2022\/01\/La-ministra-de-Industria-y-Turismo-Reyes-Maroto-640x368.jpg\",\"datePublished\":\"2022-01-21T17:10:50+00:00\",\"breadcrumb\":{\"@id\":\"https:\/\/potenciaradiofonicadominicana.com\/portal\/gobiernos-de-espana-y-rd-analizan-agenda-de-inversion-y-turismo\/#breadcrumb\"},\"inLanguage\":\"es\",\"potentialAction\":[{\"@type\":\"ReadAction\",\"target\":[\"https:\/\/potenciaradiofonicadominicana.com\/portal\/gobiernos-de-espana-y-rd-analizan-agenda-de-inversion-y-turismo\/\"]}]},{\"@type\":\"ImageObject\",\"inLanguage\":\"es\",\"@id\":\"https:\/\/potenciaradiofonicadominicana.com\/portal\/gobiernos-de-espana-y-rd-analizan-agenda-de-inversion-y-turismo\/#primaryimage\",\"url\":\"https:\/\/potenciaradiofonicadominicana.com\/portal\/wp-content\/uploads\/2022\/01\/La-ministra-de-Industria-y-Turismo-Reyes-Maroto-640x368.jpg\",\"contentUrl\":\"https:\/\/potenciaradiofonicadominicana.com\/portal\/wp-content\/uploads\/2022\/01\/La-ministra-de-Industria-y-Turismo-Reyes-Maroto-640x368.jpg\",\"width\":640,\"height\":368},{\"@type\":\"BreadcrumbList\",\"@id\":\"https:\/\/potenciaradiofonicadominicana.com\/portal\/gobiernos-de-espana-y-rd-analizan-agenda-de-inversion-y-turismo\/#breadcrumb\",\"itemListElement\":[{\"@type\":\"ListItem\",\"position\":1,\"name\":\"Portada\",\"item\":\"https:\/\/potenciaradiofonicadominicana.com\/portal\/\"},{\"@type\":\"ListItem\",\"position\":2,\"name\":\"Gobiernos de Espa\u00f1a y RD analizan agenda de inversi\u00f3n y turismo\"}]},{\"@type\":\"WebSite\",\"@id\":\"https:\/\/potenciaradiofonicadominicana.com\/portal\/#website\",\"url\":\"https:\/\/potenciaradiofonicadominicana.com\/portal\/\",\"name\":\"PotenciaRadiofonicaDominicana.com\",\"description\":\"Peri\u00f3dico Digital\",\"publisher\":{\"@id\":\"https:\/\/potenciaradiofonicadominicana.com\/portal\/#organization\"},\"potentialAction\":[{\"@type\":\"SearchAction\",\"target\":{\"@type\":\"EntryPoint\",\"urlTemplate\":\"https:\/\/potenciaradiofonicadominicana.com\/portal\/?s={search_term_string}\"},\"query-input\":{\"@type\":\"PropertyValueSpecification\",\"valueRequired\":true,\"valueName\":\"search_term_string\"}}],\"inLanguage\":\"es\"},{\"@type\":\"Organization\",\"@id\":\"https:\/\/potenciaradiofonicadominicana.com\/portal\/#organization\",\"name\":\"PotenciaRadiofonicaDominicana.com\",\"url\":\"https:\/\/potenciaradiofonicadominicana.com\/portal\/\",\"logo\":{\"@type\":\"ImageObject\",\"inLanguage\":\"es\",\"@id\":\"https:\/\/potenciaradiofonicadominicana.com\/portal\/#\/schema\/logo\/image\/\",\"url\":\"https:\/\/potenciaradiofonicadominicana.com\/portal\/wp-content\/uploads\/2022\/01\/descarga.png\",\"contentUrl\":\"https:\/\/potenciaradiofonicadominicana.com\/portal\/wp-content\/uploads\/2022\/01\/descarga.png\",\"width\":300,\"height\":100,\"caption\":\"PotenciaRadiofonicaDominicana.com\"},\"image\":{\"@id\":\"https:\/\/potenciaradiofonicadominicana.com\/portal\/#\/schema\/logo\/image\/\"},\"sameAs\":[\"https:\/\/web.facebook.com\/PotenciaRadiofonicaD\"]},{\"@type\":\"Person\",\"@id\":\"https:\/\/potenciaradiofonicadominicana.com\/portal\/#\/schema\/person\/a5cf1fea13877803ee0573ac18b03490\",\"name\":\"Potencia Radiof\u00f3nica Dominicana\",\"image\":{\"@type\":\"ImageObject\",\"inLanguage\":\"es\",\"@id\":\"https:\/\/potenciaradiofonicadominicana.com\/portal\/#\/schema\/person\/image\/\",\"url\":\"https:\/\/secure.gravatar.com\/avatar\/42a55ab9e8ccc656ba34cd791990602a?s=96&d=mm&r=g\",\"contentUrl\":\"https:\/\/secure.gravatar.com\/avatar\/42a55ab9e8ccc656ba34cd791990602a?s=96&d=mm&r=g\",\"caption\":\"Potencia Radiof\u00f3nica Dominicana\"},\"url\":\"https:\/\/potenciaradiofonicadominicana.com\/portal\/author\/johannyalmanzar\/\"}]}<\/script>\n<!-- \/ Yoast SEO plugin. -->","yoast_head_json":{"title":"Gobiernos de Espa\u00f1a y RD analizan agenda de inversi\u00f3n y turismo - PotenciaRadiofonicaDominicana.com","robots":{"index":"index","follow":"follow","max-snippet":"max-snippet:-1","max-image-preview":"max-image-preview:large","max-video-preview":"max-video-preview:-1"},"canonical":"https:\/\/potenciaradiofonicadominicana.com\/portal\/gobiernos-de-espana-y-rd-analizan-agenda-de-inversion-y-turismo\/","og_locale":"es_ES","og_type":"article","og_title":"Gobiernos de Espa\u00f1a y RD analizan agenda de inversi\u00f3n y turismo - PotenciaRadiofonicaDominicana.com","og_description":"Madrid.-\u00a0Los gobiernos de Espa\u00f1a y de Rep\u00fablica Dominicana trabajan en una agenda intensa en el \u00e1mbito del turismo y las ...","og_url":"https:\/\/potenciaradiofonicadominicana.com\/portal\/gobiernos-de-espana-y-rd-analizan-agenda-de-inversion-y-turismo\/","og_site_name":"PotenciaRadiofonicaDominicana.com","article_publisher":"https:\/\/web.facebook.com\/PotenciaRadiofonicaD","article_published_time":"2022-01-21T17:10:50+00:00","og_image":[{"width":640,"height":368,"url":"https:\/\/potenciaradiofonicadominicana.com\/portal\/wp-content\/uploads\/2022\/01\/La-ministra-de-Industria-y-Turismo-Reyes-Maroto-640x368.jpg","type":"image\/jpeg"}],"author":"Potencia Radiof\u00f3nica Dominicana","twitter_card":"summary_large_image","twitter_misc":{"Escrito por":"Potencia Radiof\u00f3nica Dominicana","Tiempo de lectura":"7 minutos"},"schema":{"@context":"https:\/\/schema.org","@graph":[{"@type":"Article","@id":"https:\/\/potenciaradiofonicadominicana.com\/portal\/gobiernos-de-espana-y-rd-analizan-agenda-de-inversion-y-turismo\/#article","isPartOf":{"@id":"https:\/\/potenciaradiofonicadominicana.com\/portal\/gobiernos-de-espana-y-rd-analizan-agenda-de-inversion-y-turismo\/"},"author":{"name":"Potencia Radiof\u00f3nica Dominicana","@id":"https:\/\/potenciaradiofonicadominicana.com\/portal\/#\/schema\/person\/a5cf1fea13877803ee0573ac18b03490"},"headline":"Gobiernos de Espa\u00f1a y RD analizan agenda de inversi\u00f3n y turismo","datePublished":"2022-01-21T17:10:50+00:00","mainEntityOfPage":{"@id":"https:\/\/potenciaradiofonicadominicana.com\/portal\/gobiernos-de-espana-y-rd-analizan-agenda-de-inversion-y-turismo\/"},"wordCount":1342,"commentCount":0,"publisher":{"@id":"https:\/\/potenciaradiofonicadominicana.com\/portal\/#organization"},"image":{"@id":"https:\/\/potenciaradiofonicadominicana.com\/portal\/gobiernos-de-espana-y-rd-analizan-agenda-de-inversion-y-turismo\/#primaryimage"},"thumbnailUrl":"https:\/\/potenciaradiofonicadominicana.com\/portal\/wp-content\/uploads\/2022\/01\/La-ministra-de-Industria-y-Turismo-Reyes-Maroto-640x368.jpg","articleSection":["Econom\u00eda"],"inLanguage":"es","potentialAction":[{"@type":"CommentAction","name":"Comment","target":["https:\/\/potenciaradiofonicadominicana.com\/portal\/gobiernos-de-espana-y-rd-analizan-agenda-de-inversion-y-turismo\/#respond"]}]},{"@type":"WebPage","@id":"https:\/\/potenciaradiofonicadominicana.com\/portal\/gobiernos-de-espana-y-rd-analizan-agenda-de-inversion-y-turismo\/","url":"https:\/\/potenciaradiofonicadominicana.com\/portal\/gobiernos-de-espana-y-rd-analizan-agenda-de-inversion-y-turismo\/","name":"Gobiernos de Espa\u00f1a y RD analizan agenda de inversi\u00f3n y turismo - PotenciaRadiofonicaDominicana.com","isPartOf":{"@id":"https:\/\/potenciaradiofonicadominicana.com\/portal\/#website"},"primaryImageOfPage":{"@id":"https:\/\/potenciaradiofonicadominicana.com\/portal\/gobiernos-de-espana-y-rd-analizan-agenda-de-inversion-y-turismo\/#primaryimage"},"image":{"@id":"https:\/\/potenciaradiofonicadominicana.com\/portal\/gobiernos-de-espana-y-rd-analizan-agenda-de-inversion-y-turismo\/#primaryimage"},"thumbnailUrl":"https:\/\/potenciaradiofonicadominicana.com\/portal\/wp-content\/uploads\/2022\/01\/La-ministra-de-Industria-y-Turismo-Reyes-Maroto-640x368.jpg","datePublished":"2022-01-21T17:10:50+00:00","breadcrumb":{"@id":"https:\/\/potenciaradiofonicadominicana.com\/portal\/gobiernos-de-espana-y-rd-analizan-agenda-de-inversion-y-turismo\/#breadcrumb"},"inLanguage":"es","potentialAction":[{"@type":"ReadAction","target":["https:\/\/potenciaradiofonicadominicana.com\/portal\/gobiernos-de-espana-y-rd-analizan-agenda-de-inversion-y-turismo\/"]}]},{"@type":"ImageObject","inLanguage":"es","@id":"https:\/\/potenciaradiofonicadominicana.com\/portal\/gobiernos-de-espana-y-rd-analizan-agenda-de-inversion-y-turismo\/#primaryimage","url":"https:\/\/potenciaradiofonicadominicana.com\/portal\/wp-content\/uploads\/2022\/01\/La-ministra-de-Industria-y-Turismo-Reyes-Maroto-640x368.jpg","contentUrl":"https:\/\/potenciaradiofonicadominicana.com\/portal\/wp-content\/uploads\/2022\/01\/La-ministra-de-Industria-y-Turismo-Reyes-Maroto-640x368.jpg","width":640,"height":368},{"@type":"BreadcrumbList","@id":"https:\/\/potenciaradiofonicadominicana.com\/portal\/gobiernos-de-espana-y-rd-analizan-agenda-de-inversion-y-turismo\/#breadcrumb","itemListElement":[{"@type":"ListItem","position":1,"name":"Portada","item":"https:\/\/potenciaradiofonicadominicana.com\/portal\/"},{"@type":"ListItem","position":2,"name":"Gobiernos de Espa\u00f1a y RD analizan agenda de inversi\u00f3n y turismo"}]},{"@type":"WebSite","@id":"https:\/\/potenciaradiofonicadominicana.com\/portal\/#website","url":"https:\/\/potenciaradiofonicadominicana.com\/portal\/","name":"PotenciaRadiofonicaDominicana.com","description":"Peri\u00f3dico Digital","publisher":{"@id":"https:\/\/potenciaradiofonicadominicana.com\/portal\/#organization"},"potentialAction":[{"@type":"SearchAction","target":{"@type":"EntryPoint","urlTemplate":"https:\/\/potenciaradiofonicadominicana.com\/portal\/?s={search_term_string}"},"query-input":{"@type":"PropertyValueSpecification","valueRequired":true,"valueName":"search_term_string"}}],"inLanguage":"es"},{"@type":"Organization","@id":"https:\/\/potenciaradiofonicadominicana.com\/portal\/#organization","name":"PotenciaRadiofonicaDominicana.com","url":"https:\/\/potenciaradiofonicadominicana.com\/portal\/","logo":{"@type":"ImageObject","inLanguage":"es","@id":"https:\/\/potenciaradiofonicadominicana.com\/portal\/#\/schema\/logo\/image\/","url":"https:\/\/potenciaradiofonicadominicana.com\/portal\/wp-content\/uploads\/2022\/01\/descarga.png","contentUrl":"https:\/\/potenciaradiofonicadominicana.com\/portal\/wp-content\/uploads\/2022\/01\/descarga.png","width":300,"height":100,"caption":"PotenciaRadiofonicaDominicana.com"},"image":{"@id":"https:\/\/potenciaradiofonicadominicana.com\/portal\/#\/schema\/logo\/image\/"},"sameAs":["https:\/\/web.facebook.com\/PotenciaRadiofonicaD"]},{"@type":"Person","@id":"https:\/\/potenciaradiofonicadominicana.com\/portal\/#\/schema\/person\/a5cf1fea13877803ee0573ac18b03490","name":"Potencia Radiof\u00f3nica Dominicana","image":{"@type":"ImageObject","inLanguage":"es","@id":"https:\/\/potenciaradiofonicadominicana.com\/portal\/#\/schema\/person\/image\/","url":"https:\/\/secure.gravatar.com\/avatar\/42a55ab9e8ccc656ba34cd791990602a?s=96&d=mm&r=g","contentUrl":"https:\/\/secure.gravatar.com\/avatar\/42a55ab9e8ccc656ba34cd791990602a?s=96&d=mm&r=g","caption":"Potencia Radiof\u00f3nica Dominicana"},"url":"https:\/\/potenciaradiofonicadominicana.com\/portal\/author\/johannyalmanzar\/"}]}},"_links":{"self":[{"href":"https:\/\/potenciaradiofonicadominicana.com\/portal\/wp-json\/wp\/v2\/posts\/113372","targetHints":{"allow":["GET"]}}],"collection":[{"href":"https:\/\/potenciaradiofonicadominicana.com\/portal\/wp-json\/wp\/v2\/posts"}],"about":[{"href":"https:\/\/potenciaradiofonicadominicana.com\/portal\/wp-json\/wp\/v2\/types\/post"}],"author":[{"embeddable":true,"href":"https:\/\/potenciaradiofonicadominicana.com\/portal\/wp-json\/wp\/v2\/users\/2"}],"replies":[{"embeddable":true,"href":"https:\/\/potenciaradiofonicadominicana.com\/portal\/wp-json\/wp\/v2\/comments?post=113372"}],"version-history":[{"count":1,"href":"https:\/\/potenciaradiofonicadominicana.com\/portal\/wp-json\/wp\/v2\/posts\/113372\/revisions"}],"predecessor-version":[{"id":113375,"href":"https:\/\/potenciaradiofonicadominicana.com\/portal\/wp-json\/wp\/v2\/posts\/113372\/revisions\/113375"}],"wp:featuredmedia":[{"embeddable":true,"href":"https:\/\/potenciaradiofonicadominicana.com\/portal\/wp-json\/wp\/v2\/media\/113374"}],"wp:attachment":[{"href":"https:\/\/potenciaradiofonicadominicana.com\/portal\/wp-json\/wp\/v2\/media?parent=113372"}],"wp:term":[{"taxonomy":"category","embeddable":true,"href":"https:\/\/potenciaradiofonicadominicana.com\/portal\/wp-json\/wp\/v2\/categories?post=113372"},{"taxonomy":"post_tag","embeddable":true,"href":"https:\/\/potenciaradiofonicadominicana.com\/portal\/wp-json\/wp\/v2\/tags?post=113372"}],"curies":[{"name":"wp","href":"https:\/\/api.w.org\/{rel}","templated":true}]}}