{"id":113369,"date":"2022-01-21T13:08:18","date_gmt":"2022-01-21T17:08:18","guid":{"rendered":"https:\/\/potenciaradiofonicadominicana.com\/portal\/?p=113369"},"modified":"2022-01-21T13:08:18","modified_gmt":"2022-01-21T17:08:18","slug":"banca-de-rd-le-da-uso-relevante-a-las-redes-sociales-para-comunicarse","status":"publish","type":"post","link":"https:\/\/potenciaradiofonicadominicana.com\/portal\/banca-de-rd-le-da-uso-relevante-a-las-redes-sociales-para-comunicarse\/","title":{"rendered":"Banca de RD le da uso relevante a las redes sociales para comunicarse"},"content":{"rendered":"<p><a href=\"https:\/\/potenciaradiofonicadominicana.com\/portal\/wp-content\/uploads\/2022\/01\/fbe3e326-foto-ilustrativa-redes-61e9f1fbe8508-640x384.jpg\"><img loading=\"lazy\" decoding=\"async\" class=\"alignnone size-full wp-image-113370\" src=\"https:\/\/potenciaradiofonicadominicana.com\/portal\/wp-content\/uploads\/2022\/01\/fbe3e326-foto-ilustrativa-redes-61e9f1fbe8508-640x384.jpg\" alt=\"\" width=\"640\" height=\"384\" srcset=\"https:\/\/potenciaradiofonicadominicana.com\/portal\/wp-content\/uploads\/2022\/01\/fbe3e326-foto-ilustrativa-redes-61e9f1fbe8508-640x384.jpg 640w, https:\/\/potenciaradiofonicadominicana.com\/portal\/wp-content\/uploads\/2022\/01\/fbe3e326-foto-ilustrativa-redes-61e9f1fbe8508-640x384-300x180.jpg 300w, https:\/\/potenciaradiofonicadominicana.com\/portal\/wp-content\/uploads\/2022\/01\/fbe3e326-foto-ilustrativa-redes-61e9f1fbe8508-640x384-165x100.jpg 165w, https:\/\/potenciaradiofonicadominicana.com\/portal\/wp-content\/uploads\/2022\/01\/fbe3e326-foto-ilustrativa-redes-61e9f1fbe8508-640x384-400x240.jpg 400w\" sizes=\"auto, (max-width: 640px) 100vw, 640px\" \/><\/a><\/p>\n<p>Las redes sociales se han constituido en herramientas fundamentales para ofrecer informaciones relevantes de los bancos, desarrollar mejores relaciones con los usuarios financieros y conocer las necesidades de estos, dice un informe de la Asociaci\u00f3n de Bancos M\u00faltiples de la Rep\u00fablica Dominicana (ABA).<br \/>\n<span id=\"more-1252695\"><\/span><br \/>\nEn el documento, la ABA destaca que, en Rep\u00fablica Dominicana, el 64.2% de la poblaci\u00f3n usa activamente las redes sociales, mostr\u00e1ndose un incremento de 16.4 puntos porcentuales con respecto a 2017 (48%).<\/p>\n<p>Expresa que la banca m\u00faltiple no se ha mantenido al margen de esa realidad y ha aprovechado estos instrumentos para crear una conexi\u00f3n m\u00e1s directa con los usuarios financieros.<\/p>\n<p>Ranking de cuentas<\/p>\n<p>Tomando como referencia datos del Ranking de Digitalizaci\u00f3n de la Banca Dominicana de la Superintendencia de Bancos (SB), la ABA informa que el 100% de los bancos m\u00faltiples posee una cuenta de Instagram, el 94% una de LinkedIn y Facebook, 88% Twitter y el 65% un canal de YouTube.<\/p>\n<p>Detalla que, en cuanto a la receptividad, el n\u00famero de seguidores de los bancos que operan en el pa\u00eds es de 1.7 millones en Facebook, 1.2 millones en Instagram, 601 mil en LinkedIn, 578 mil en Twitter y 62 mil en YouTube, n\u00fameros que se mantienen en constante crecimiento.<\/p>\n<p>Asimismo, la Asociaci\u00f3n de Bancos afirma que la ventaja principal, en comparaci\u00f3n a otros canales de interacci\u00f3n con el p\u00fablico, es que las redes sociales facilitan una difusi\u00f3n m\u00e1s r\u00e1pida del conocimiento y pueden ser utilizadas por una mayor cantidad de usuarios al mismo tiempo. Apunta que, de esta forma, la difusi\u00f3n del conocimiento genera impactos positivos en los niveles de educaci\u00f3n e inclusi\u00f3n financiera de la poblaci\u00f3n.<\/p>\n<p>\u201cA trav\u00e9s de una interacci\u00f3n m\u00e1s permanente y din\u00e1mica con los usuarios, los bancos est\u00e1n intentando desarrollar una relaci\u00f3n m\u00e1s personal con los usuarios financieros\u201d, expresa la ABA en un documento de prensa que toma como referencia el citado informe.<\/p>\n<p>Prop\u00f3sitos diversos tiene la banca con las redes<\/p>\n<p>La ABA especifica que los bancos locales utilizan las redes sociales para prop\u00f3sitos diversos como: brindar informaciones relevantes sobre sus productos y servicios, atenci\u00f3n de reclamaciones y\/o inquietudes de los usuarios financieros, divulgaci\u00f3n de protocolos covid-19, anuncio de horarios de atenci\u00f3n al cliente y puntos de contacto y estrategias de educaci\u00f3n financiera<\/p>\n","protected":false},"excerpt":{"rendered":"<p>Las redes sociales se han constituido en herramientas fundamentales para ofrecer informaciones relevantes de los bancos, desarrollar mejores relaciones con &#8230;<\/p>\n","protected":false},"author":2,"featured_media":113370,"comment_status":"open","ping_status":"open","sticky":false,"template":"","format":"standard","meta":{"footnotes":""},"categories":[26],"tags":[],"class_list":["post-113369","post","type-post","status-publish","format-standard","has-post-thumbnail","hentry","category-economia"],"yoast_head":"<!-- This site is optimized with the Yoast SEO plugin v24.8.1 - https:\/\/yoast.com\/wordpress\/plugins\/seo\/ -->\n<title>Banca de RD le da uso relevante a las redes sociales para comunicarse - PotenciaRadiofonicaDominicana.com<\/title>\n<meta name=\"robots\" content=\"index, follow, max-snippet:-1, max-image-preview:large, max-video-preview:-1\" \/>\n<link rel=\"canonical\" href=\"https:\/\/potenciaradiofonicadominicana.com\/portal\/banca-de-rd-le-da-uso-relevante-a-las-redes-sociales-para-comunicarse\/\" \/>\n<meta property=\"og:locale\" content=\"es_ES\" \/>\n<meta property=\"og:type\" content=\"article\" \/>\n<meta property=\"og:title\" content=\"Banca de RD le da uso relevante a las redes sociales para comunicarse - PotenciaRadiofonicaDominicana.com\" \/>\n<meta property=\"og:description\" content=\"Las redes sociales se han constituido en herramientas fundamentales para ofrecer informaciones relevantes de los bancos, desarrollar mejores relaciones con ...\" \/>\n<meta property=\"og:url\" content=\"https:\/\/potenciaradiofonicadominicana.com\/portal\/banca-de-rd-le-da-uso-relevante-a-las-redes-sociales-para-comunicarse\/\" \/>\n<meta property=\"og:site_name\" content=\"PotenciaRadiofonicaDominicana.com\" \/>\n<meta property=\"article:publisher\" content=\"https:\/\/web.facebook.com\/PotenciaRadiofonicaD\" \/>\n<meta property=\"article:published_time\" content=\"2022-01-21T17:08:18+00:00\" \/>\n<meta property=\"og:image\" content=\"https:\/\/potenciaradiofonicadominicana.com\/portal\/wp-content\/uploads\/2022\/01\/fbe3e326-foto-ilustrativa-redes-61e9f1fbe8508-640x384.jpg\" \/>\n\t<meta property=\"og:image:width\" content=\"640\" \/>\n\t<meta property=\"og:image:height\" content=\"384\" \/>\n\t<meta property=\"og:image:type\" content=\"image\/jpeg\" \/>\n<meta name=\"author\" content=\"Potencia Radiof\u00f3nica Dominicana\" \/>\n<meta name=\"twitter:card\" content=\"summary_large_image\" \/>\n<meta name=\"twitter:label1\" content=\"Escrito por\" \/>\n\t<meta name=\"twitter:data1\" content=\"Potencia Radiof\u00f3nica Dominicana\" \/>\n\t<meta name=\"twitter:label2\" content=\"Tiempo de lectura\" \/>\n\t<meta name=\"twitter:data2\" content=\"2 minutos\" \/>\n<script type=\"application\/ld+json\" class=\"yoast-schema-graph\">{\"@context\":\"https:\/\/schema.org\",\"@graph\":[{\"@type\":\"Article\",\"@id\":\"https:\/\/potenciaradiofonicadominicana.com\/portal\/banca-de-rd-le-da-uso-relevante-a-las-redes-sociales-para-comunicarse\/#article\",\"isPartOf\":{\"@id\":\"https:\/\/potenciaradiofonicadominicana.com\/portal\/banca-de-rd-le-da-uso-relevante-a-las-redes-sociales-para-comunicarse\/\"},\"author\":{\"name\":\"Potencia Radiof\u00f3nica Dominicana\",\"@id\":\"https:\/\/potenciaradiofonicadominicana.com\/portal\/#\/schema\/person\/a5cf1fea13877803ee0573ac18b03490\"},\"headline\":\"Banca de RD le da uso relevante a las redes sociales para comunicarse\",\"datePublished\":\"2022-01-21T17:08:18+00:00\",\"mainEntityOfPage\":{\"@id\":\"https:\/\/potenciaradiofonicadominicana.com\/portal\/banca-de-rd-le-da-uso-relevante-a-las-redes-sociales-para-comunicarse\/\"},\"wordCount\":412,\"commentCount\":0,\"publisher\":{\"@id\":\"https:\/\/potenciaradiofonicadominicana.com\/portal\/#organization\"},\"image\":{\"@id\":\"https:\/\/potenciaradiofonicadominicana.com\/portal\/banca-de-rd-le-da-uso-relevante-a-las-redes-sociales-para-comunicarse\/#primaryimage\"},\"thumbnailUrl\":\"https:\/\/potenciaradiofonicadominicana.com\/portal\/wp-content\/uploads\/2022\/01\/fbe3e326-foto-ilustrativa-redes-61e9f1fbe8508-640x384.jpg\",\"articleSection\":[\"Econom\u00eda\"],\"inLanguage\":\"es\",\"potentialAction\":[{\"@type\":\"CommentAction\",\"name\":\"Comment\",\"target\":[\"https:\/\/potenciaradiofonicadominicana.com\/portal\/banca-de-rd-le-da-uso-relevante-a-las-redes-sociales-para-comunicarse\/#respond\"]}]},{\"@type\":\"WebPage\",\"@id\":\"https:\/\/potenciaradiofonicadominicana.com\/portal\/banca-de-rd-le-da-uso-relevante-a-las-redes-sociales-para-comunicarse\/\",\"url\":\"https:\/\/potenciaradiofonicadominicana.com\/portal\/banca-de-rd-le-da-uso-relevante-a-las-redes-sociales-para-comunicarse\/\",\"name\":\"Banca de RD le da uso relevante a las redes sociales para comunicarse - PotenciaRadiofonicaDominicana.com\",\"isPartOf\":{\"@id\":\"https:\/\/potenciaradiofonicadominicana.com\/portal\/#website\"},\"primaryImageOfPage\":{\"@id\":\"https:\/\/potenciaradiofonicadominicana.com\/portal\/banca-de-rd-le-da-uso-relevante-a-las-redes-sociales-para-comunicarse\/#primaryimage\"},\"image\":{\"@id\":\"https:\/\/potenciaradiofonicadominicana.com\/portal\/banca-de-rd-le-da-uso-relevante-a-las-redes-sociales-para-comunicarse\/#primaryimage\"},\"thumbnailUrl\":\"https:\/\/potenciaradiofonicadominicana.com\/portal\/wp-content\/uploads\/2022\/01\/fbe3e326-foto-ilustrativa-redes-61e9f1fbe8508-640x384.jpg\",\"datePublished\":\"2022-01-21T17:08:18+00:00\",\"breadcrumb\":{\"@id\":\"https:\/\/potenciaradiofonicadominicana.com\/portal\/banca-de-rd-le-da-uso-relevante-a-las-redes-sociales-para-comunicarse\/#breadcrumb\"},\"inLanguage\":\"es\",\"potentialAction\":[{\"@type\":\"ReadAction\",\"target\":[\"https:\/\/potenciaradiofonicadominicana.com\/portal\/banca-de-rd-le-da-uso-relevante-a-las-redes-sociales-para-comunicarse\/\"]}]},{\"@type\":\"ImageObject\",\"inLanguage\":\"es\",\"@id\":\"https:\/\/potenciaradiofonicadominicana.com\/portal\/banca-de-rd-le-da-uso-relevante-a-las-redes-sociales-para-comunicarse\/#primaryimage\",\"url\":\"https:\/\/potenciaradiofonicadominicana.com\/portal\/wp-content\/uploads\/2022\/01\/fbe3e326-foto-ilustrativa-redes-61e9f1fbe8508-640x384.jpg\",\"contentUrl\":\"https:\/\/potenciaradiofonicadominicana.com\/portal\/wp-content\/uploads\/2022\/01\/fbe3e326-foto-ilustrativa-redes-61e9f1fbe8508-640x384.jpg\",\"width\":640,\"height\":384},{\"@type\":\"BreadcrumbList\",\"@id\":\"https:\/\/potenciaradiofonicadominicana.com\/portal\/banca-de-rd-le-da-uso-relevante-a-las-redes-sociales-para-comunicarse\/#breadcrumb\",\"itemListElement\":[{\"@type\":\"ListItem\",\"position\":1,\"name\":\"Portada\",\"item\":\"https:\/\/potenciaradiofonicadominicana.com\/portal\/\"},{\"@type\":\"ListItem\",\"position\":2,\"name\":\"Banca de RD le da uso relevante a las redes sociales para comunicarse\"}]},{\"@type\":\"WebSite\",\"@id\":\"https:\/\/potenciaradiofonicadominicana.com\/portal\/#website\",\"url\":\"https:\/\/potenciaradiofonicadominicana.com\/portal\/\",\"name\":\"PotenciaRadiofonicaDominicana.com\",\"description\":\"Peri\u00f3dico Digital\",\"publisher\":{\"@id\":\"https:\/\/potenciaradiofonicadominicana.com\/portal\/#organization\"},\"potentialAction\":[{\"@type\":\"SearchAction\",\"target\":{\"@type\":\"EntryPoint\",\"urlTemplate\":\"https:\/\/potenciaradiofonicadominicana.com\/portal\/?s={search_term_string}\"},\"query-input\":{\"@type\":\"PropertyValueSpecification\",\"valueRequired\":true,\"valueName\":\"search_term_string\"}}],\"inLanguage\":\"es\"},{\"@type\":\"Organization\",\"@id\":\"https:\/\/potenciaradiofonicadominicana.com\/portal\/#organization\",\"name\":\"PotenciaRadiofonicaDominicana.com\",\"url\":\"https:\/\/potenciaradiofonicadominicana.com\/portal\/\",\"logo\":{\"@type\":\"ImageObject\",\"inLanguage\":\"es\",\"@id\":\"https:\/\/potenciaradiofonicadominicana.com\/portal\/#\/schema\/logo\/image\/\",\"url\":\"https:\/\/potenciaradiofonicadominicana.com\/portal\/wp-content\/uploads\/2022\/01\/descarga.png\",\"contentUrl\":\"https:\/\/potenciaradiofonicadominicana.com\/portal\/wp-content\/uploads\/2022\/01\/descarga.png\",\"width\":300,\"height\":100,\"caption\":\"PotenciaRadiofonicaDominicana.com\"},\"image\":{\"@id\":\"https:\/\/potenciaradiofonicadominicana.com\/portal\/#\/schema\/logo\/image\/\"},\"sameAs\":[\"https:\/\/web.facebook.com\/PotenciaRadiofonicaD\"]},{\"@type\":\"Person\",\"@id\":\"https:\/\/potenciaradiofonicadominicana.com\/portal\/#\/schema\/person\/a5cf1fea13877803ee0573ac18b03490\",\"name\":\"Potencia Radiof\u00f3nica Dominicana\",\"image\":{\"@type\":\"ImageObject\",\"inLanguage\":\"es\",\"@id\":\"https:\/\/potenciaradiofonicadominicana.com\/portal\/#\/schema\/person\/image\/\",\"url\":\"https:\/\/secure.gravatar.com\/avatar\/42a55ab9e8ccc656ba34cd791990602a?s=96&d=mm&r=g\",\"contentUrl\":\"https:\/\/secure.gravatar.com\/avatar\/42a55ab9e8ccc656ba34cd791990602a?s=96&d=mm&r=g\",\"caption\":\"Potencia Radiof\u00f3nica Dominicana\"},\"url\":\"https:\/\/potenciaradiofonicadominicana.com\/portal\/author\/johannyalmanzar\/\"}]}<\/script>\n<!-- \/ Yoast SEO plugin. -->","yoast_head_json":{"title":"Banca de RD le da uso relevante a las redes sociales para comunicarse - PotenciaRadiofonicaDominicana.com","robots":{"index":"index","follow":"follow","max-snippet":"max-snippet:-1","max-image-preview":"max-image-preview:large","max-video-preview":"max-video-preview:-1"},"canonical":"https:\/\/potenciaradiofonicadominicana.com\/portal\/banca-de-rd-le-da-uso-relevante-a-las-redes-sociales-para-comunicarse\/","og_locale":"es_ES","og_type":"article","og_title":"Banca de RD le da uso relevante a las redes sociales para comunicarse - PotenciaRadiofonicaDominicana.com","og_description":"Las redes sociales se han constituido en herramientas fundamentales para ofrecer informaciones relevantes de los bancos, desarrollar mejores relaciones con ...","og_url":"https:\/\/potenciaradiofonicadominicana.com\/portal\/banca-de-rd-le-da-uso-relevante-a-las-redes-sociales-para-comunicarse\/","og_site_name":"PotenciaRadiofonicaDominicana.com","article_publisher":"https:\/\/web.facebook.com\/PotenciaRadiofonicaD","article_published_time":"2022-01-21T17:08:18+00:00","og_image":[{"width":640,"height":384,"url":"https:\/\/potenciaradiofonicadominicana.com\/portal\/wp-content\/uploads\/2022\/01\/fbe3e326-foto-ilustrativa-redes-61e9f1fbe8508-640x384.jpg","type":"image\/jpeg"}],"author":"Potencia Radiof\u00f3nica Dominicana","twitter_card":"summary_large_image","twitter_misc":{"Escrito por":"Potencia Radiof\u00f3nica Dominicana","Tiempo de lectura":"2 minutos"},"schema":{"@context":"https:\/\/schema.org","@graph":[{"@type":"Article","@id":"https:\/\/potenciaradiofonicadominicana.com\/portal\/banca-de-rd-le-da-uso-relevante-a-las-redes-sociales-para-comunicarse\/#article","isPartOf":{"@id":"https:\/\/potenciaradiofonicadominicana.com\/portal\/banca-de-rd-le-da-uso-relevante-a-las-redes-sociales-para-comunicarse\/"},"author":{"name":"Potencia Radiof\u00f3nica Dominicana","@id":"https:\/\/potenciaradiofonicadominicana.com\/portal\/#\/schema\/person\/a5cf1fea13877803ee0573ac18b03490"},"headline":"Banca de RD le da uso relevante a las redes sociales para comunicarse","datePublished":"2022-01-21T17:08:18+00:00","mainEntityOfPage":{"@id":"https:\/\/potenciaradiofonicadominicana.com\/portal\/banca-de-rd-le-da-uso-relevante-a-las-redes-sociales-para-comunicarse\/"},"wordCount":412,"commentCount":0,"publisher":{"@id":"https:\/\/potenciaradiofonicadominicana.com\/portal\/#organization"},"image":{"@id":"https:\/\/potenciaradiofonicadominicana.com\/portal\/banca-de-rd-le-da-uso-relevante-a-las-redes-sociales-para-comunicarse\/#primaryimage"},"thumbnailUrl":"https:\/\/potenciaradiofonicadominicana.com\/portal\/wp-content\/uploads\/2022\/01\/fbe3e326-foto-ilustrativa-redes-61e9f1fbe8508-640x384.jpg","articleSection":["Econom\u00eda"],"inLanguage":"es","potentialAction":[{"@type":"CommentAction","name":"Comment","target":["https:\/\/potenciaradiofonicadominicana.com\/portal\/banca-de-rd-le-da-uso-relevante-a-las-redes-sociales-para-comunicarse\/#respond"]}]},{"@type":"WebPage","@id":"https:\/\/potenciaradiofonicadominicana.com\/portal\/banca-de-rd-le-da-uso-relevante-a-las-redes-sociales-para-comunicarse\/","url":"https:\/\/potenciaradiofonicadominicana.com\/portal\/banca-de-rd-le-da-uso-relevante-a-las-redes-sociales-para-comunicarse\/","name":"Banca de RD le da uso relevante a las redes sociales para comunicarse - PotenciaRadiofonicaDominicana.com","isPartOf":{"@id":"https:\/\/potenciaradiofonicadominicana.com\/portal\/#website"},"primaryImageOfPage":{"@id":"https:\/\/potenciaradiofonicadominicana.com\/portal\/banca-de-rd-le-da-uso-relevante-a-las-redes-sociales-para-comunicarse\/#primaryimage"},"image":{"@id":"https:\/\/potenciaradiofonicadominicana.com\/portal\/banca-de-rd-le-da-uso-relevante-a-las-redes-sociales-para-comunicarse\/#primaryimage"},"thumbnailUrl":"https:\/\/potenciaradiofonicadominicana.com\/portal\/wp-content\/uploads\/2022\/01\/fbe3e326-foto-ilustrativa-redes-61e9f1fbe8508-640x384.jpg","datePublished":"2022-01-21T17:08:18+00:00","breadcrumb":{"@id":"https:\/\/potenciaradiofonicadominicana.com\/portal\/banca-de-rd-le-da-uso-relevante-a-las-redes-sociales-para-comunicarse\/#breadcrumb"},"inLanguage":"es","potentialAction":[{"@type":"ReadAction","target":["https:\/\/potenciaradiofonicadominicana.com\/portal\/banca-de-rd-le-da-uso-relevante-a-las-redes-sociales-para-comunicarse\/"]}]},{"@type":"ImageObject","inLanguage":"es","@id":"https:\/\/potenciaradiofonicadominicana.com\/portal\/banca-de-rd-le-da-uso-relevante-a-las-redes-sociales-para-comunicarse\/#primaryimage","url":"https:\/\/potenciaradiofonicadominicana.com\/portal\/wp-content\/uploads\/2022\/01\/fbe3e326-foto-ilustrativa-redes-61e9f1fbe8508-640x384.jpg","contentUrl":"https:\/\/potenciaradiofonicadominicana.com\/portal\/wp-content\/uploads\/2022\/01\/fbe3e326-foto-ilustrativa-redes-61e9f1fbe8508-640x384.jpg","width":640,"height":384},{"@type":"BreadcrumbList","@id":"https:\/\/potenciaradiofonicadominicana.com\/portal\/banca-de-rd-le-da-uso-relevante-a-las-redes-sociales-para-comunicarse\/#breadcrumb","itemListElement":[{"@type":"ListItem","position":1,"name":"Portada","item":"https:\/\/potenciaradiofonicadominicana.com\/portal\/"},{"@type":"ListItem","position":2,"name":"Banca de RD le da uso relevante a las redes sociales para comunicarse"}]},{"@type":"WebSite","@id":"https:\/\/potenciaradiofonicadominicana.com\/portal\/#website","url":"https:\/\/potenciaradiofonicadominicana.com\/portal\/","name":"PotenciaRadiofonicaDominicana.com","description":"Peri\u00f3dico Digital","publisher":{"@id":"https:\/\/potenciaradiofonicadominicana.com\/portal\/#organization"},"potentialAction":[{"@type":"SearchAction","target":{"@type":"EntryPoint","urlTemplate":"https:\/\/potenciaradiofonicadominicana.com\/portal\/?s={search_term_string}"},"query-input":{"@type":"PropertyValueSpecification","valueRequired":true,"valueName":"search_term_string"}}],"inLanguage":"es"},{"@type":"Organization","@id":"https:\/\/potenciaradiofonicadominicana.com\/portal\/#organization","name":"PotenciaRadiofonicaDominicana.com","url":"https:\/\/potenciaradiofonicadominicana.com\/portal\/","logo":{"@type":"ImageObject","inLanguage":"es","@id":"https:\/\/potenciaradiofonicadominicana.com\/portal\/#\/schema\/logo\/image\/","url":"https:\/\/potenciaradiofonicadominicana.com\/portal\/wp-content\/uploads\/2022\/01\/descarga.png","contentUrl":"https:\/\/potenciaradiofonicadominicana.com\/portal\/wp-content\/uploads\/2022\/01\/descarga.png","width":300,"height":100,"caption":"PotenciaRadiofonicaDominicana.com"},"image":{"@id":"https:\/\/potenciaradiofonicadominicana.com\/portal\/#\/schema\/logo\/image\/"},"sameAs":["https:\/\/web.facebook.com\/PotenciaRadiofonicaD"]},{"@type":"Person","@id":"https:\/\/potenciaradiofonicadominicana.com\/portal\/#\/schema\/person\/a5cf1fea13877803ee0573ac18b03490","name":"Potencia Radiof\u00f3nica Dominicana","image":{"@type":"ImageObject","inLanguage":"es","@id":"https:\/\/potenciaradiofonicadominicana.com\/portal\/#\/schema\/person\/image\/","url":"https:\/\/secure.gravatar.com\/avatar\/42a55ab9e8ccc656ba34cd791990602a?s=96&d=mm&r=g","contentUrl":"https:\/\/secure.gravatar.com\/avatar\/42a55ab9e8ccc656ba34cd791990602a?s=96&d=mm&r=g","caption":"Potencia Radiof\u00f3nica Dominicana"},"url":"https:\/\/potenciaradiofonicadominicana.com\/portal\/author\/johannyalmanzar\/"}]}},"_links":{"self":[{"href":"https:\/\/potenciaradiofonicadominicana.com\/portal\/wp-json\/wp\/v2\/posts\/113369","targetHints":{"allow":["GET"]}}],"collection":[{"href":"https:\/\/potenciaradiofonicadominicana.com\/portal\/wp-json\/wp\/v2\/posts"}],"about":[{"href":"https:\/\/potenciaradiofonicadominicana.com\/portal\/wp-json\/wp\/v2\/types\/post"}],"author":[{"embeddable":true,"href":"https:\/\/potenciaradiofonicadominicana.com\/portal\/wp-json\/wp\/v2\/users\/2"}],"replies":[{"embeddable":true,"href":"https:\/\/potenciaradiofonicadominicana.com\/portal\/wp-json\/wp\/v2\/comments?post=113369"}],"version-history":[{"count":1,"href":"https:\/\/potenciaradiofonicadominicana.com\/portal\/wp-json\/wp\/v2\/posts\/113369\/revisions"}],"predecessor-version":[{"id":113371,"href":"https:\/\/potenciaradiofonicadominicana.com\/portal\/wp-json\/wp\/v2\/posts\/113369\/revisions\/113371"}],"wp:featuredmedia":[{"embeddable":true,"href":"https:\/\/potenciaradiofonicadominicana.com\/portal\/wp-json\/wp\/v2\/media\/113370"}],"wp:attachment":[{"href":"https:\/\/potenciaradiofonicadominicana.com\/portal\/wp-json\/wp\/v2\/media?parent=113369"}],"wp:term":[{"taxonomy":"category","embeddable":true,"href":"https:\/\/potenciaradiofonicadominicana.com\/portal\/wp-json\/wp\/v2\/categories?post=113369"},{"taxonomy":"post_tag","embeddable":true,"href":"https:\/\/potenciaradiofonicadominicana.com\/portal\/wp-json\/wp\/v2\/tags?post=113369"}],"curies":[{"name":"wp","href":"https:\/\/api.w.org\/{rel}","templated":true}]}}