{"id":113155,"date":"2022-01-20T09:11:35","date_gmt":"2022-01-20T13:11:35","guid":{"rendered":"https:\/\/potenciaradiofonicadominicana.com\/portal\/?p=113155"},"modified":"2022-01-20T09:11:35","modified_gmt":"2022-01-20T13:11:35","slug":"el-gobierno-tomo-prestamos-por-mas-de-rd221703-millones-el-ano-pasado","status":"publish","type":"post","link":"https:\/\/potenciaradiofonicadominicana.com\/portal\/el-gobierno-tomo-prestamos-por-mas-de-rd221703-millones-el-ano-pasado\/","title":{"rendered":"El Gobierno tom\u00f3 pr\u00e9stamos por m\u00e1s de RD$221,703 millones el a\u00f1o pasado"},"content":{"rendered":"<p><a href=\"https:\/\/potenciaradiofonicadominicana.com\/portal\/wp-content\/uploads\/2022\/01\/whatsapp-image-2022-01-19-at-112935-am-1-96898ad1-focus-0-0-895-573.jpg\"><img loading=\"lazy\" decoding=\"async\" class=\"alignnone size-full wp-image-113157\" src=\"https:\/\/potenciaradiofonicadominicana.com\/portal\/wp-content\/uploads\/2022\/01\/whatsapp-image-2022-01-19-at-112935-am-1-96898ad1-focus-0-0-895-573.jpg\" alt=\"\" width=\"895\" height=\"573\" srcset=\"https:\/\/potenciaradiofonicadominicana.com\/portal\/wp-content\/uploads\/2022\/01\/whatsapp-image-2022-01-19-at-112935-am-1-96898ad1-focus-0-0-895-573.jpg 895w, https:\/\/potenciaradiofonicadominicana.com\/portal\/wp-content\/uploads\/2022\/01\/whatsapp-image-2022-01-19-at-112935-am-1-96898ad1-focus-0-0-895-573-300x192.jpg 300w, https:\/\/potenciaradiofonicadominicana.com\/portal\/wp-content\/uploads\/2022\/01\/whatsapp-image-2022-01-19-at-112935-am-1-96898ad1-focus-0-0-895-573-768x492.jpg 768w\" sizes=\"auto, (max-width: 895px) 100vw, 895px\" \/><\/a><\/p>\n<p>El Gobierno dominicano asumi\u00f3 deudas durante el a\u00f1o pasado por RD$221,703.7 millones, de cuyo monto el 83.6 % correspondi\u00f3 a compromisos externos, seg\u00fan inform\u00f3 ayer el ministro de Hacienda, Jos\u00e9 Manuel \u2013Jochi- Vicente, al presentar los resultados preliminares del ejercicio fiscal de 2021.<\/p>\n<p>Vicente detall\u00f3 que el Estado contrajo en 2021 deuda externa por RD$185,374.5 millones y compromisos internos por RD$36,329.2 millones. Resalt\u00f3 que el a\u00f1o pasado el gobierno no tuvo la necesidad de utilizar por completo el monto aprobado de financiamiento.<\/p>\n<p>Precis\u00f3 que el programa de financiamiento aprobado para 2021 se ejecut\u00f3 en un 87.4 % y que la disminuci\u00f3n de la necesidad de pr\u00e9stamos fue posible gracias a un plan de gastos oportuno, agregando que se desembolsaron RD$32 mil millones por debajo de lo que hab\u00eda autorizado el Congreso.<\/p>\n<p>\u201cLa disminuci\u00f3n de las necesidades de financiamiento permiti\u00f3 que en el \u00faltimo a\u00f1o la deuda del sector p\u00fablico no financiero se redujera en 5.5 puntos porcentuales como raz\u00f3n del producto interno bruto (PIB), al pasar del 56.6 % en 2020 al 51.1 % al cierre del a\u00f1o pasado\u201d, destac\u00f3.<\/p>\n<p>El funcionario indic\u00f3 que con la reducci\u00f3n de la deuda del sector p\u00fablico no financiero tambi\u00e9n se logr\u00f3 disminuir el peso del gasto por intereses de la deuda sobre las cuentas fiscales.<\/p>\n<div id=\"detalle-parrafo\">\n<article class=\"border-b-2 pb-4 mb-3\">\n<figure><picture><img loading=\"lazy\" decoding=\"async\" class=\"w-full object-cover lazy loaded\" title=\"El gobierno tom\u00f3 prestado US$272.4 millones, en promedio, cada mes en 2021\" src=\"https:\/\/diariolibre.blob.core.windows.net.optimalcdn.com\/images\/2022\/01\/04\/deuda-3461e9f5-focus-0-0-353-227.jpg\" alt=\"El gobierno tom\u00f3 prestado US$272.4 millones, en promedio, cada mes en 2021\" width=\"353\" height=\"227\" data-src=\"https:\/\/diariolibre.blob.core.windows.net.optimalcdn.com\/images\/2022\/01\/04\/deuda-3461e9f5-focus-0-0-353-227.jpg\" data-was-processed=\"true\" \/><\/picture><\/figure>\n<\/article>\n<\/div>\n<p>\u201cAl cierre de 2021 los intereses representaron 18.6 % de los ingresos fiscales de la administraci\u00f3n central, una importante baja de cinco puntos porcentuales si se compara con el 23.6 % que representaban los intereses de la deuda un a\u00f1o atr\u00e1s\u201d, afirm\u00f3.<\/p>\n<p>Asimismo, Vicente comunic\u00f3 que el d\u00e9ficit fiscal culmin\u00f3 el a\u00f1o pasado en un 2.7 % del PIB, equivalente a RD$144,778.6 millones, un monto que se situ\u00f3 en RD$15,067.4 millones por debajo de lo estimado en el presupuesto reformulado, presentado en noviembre pasado.<\/p>\n<p>Al hablar en una conferencia de prensa sobre el cierre preliminar del ejercicio fiscal de 2021, el ministro dijo que la reducci\u00f3n del d\u00e9ficit se hizo sin que fuera necesario acudir al financiamiento como v\u00eda para lograr la holgura de las cuentas fiscales.<\/p>\n<p>\u201cHist\u00f3ricamente, los presupuestos reformulados fueron el resultado de mayores necesidades de financiamiento. En el 2021, por primera vez, se someti\u00f3 un presupuesto reformulado con menores necesidades de financiamiento\u201d, declar\u00f3.<\/p>\n<p>El titular de Hacienda puntualiz\u00f3 que las agencias recaudadoras del Estado lograron ingresos por RD$841,243.1 millones durante el 2021, un monto que representa un aumento de un 12.7 % con relaci\u00f3n a lo estipulado en el presupuesto del a\u00f1o pasado.<\/p>\n<p>Explic\u00f3 que el aumento en los ingresos estatales fue posible por el crecimiento econ\u00f3mico, medidas administrativas ejecutadas por el gobierno y el trabajo de las agencias recaudadoras.<\/p>\n<p>\u201cEstamos frente a unos resultados que superaron nuestros pron\u00f3sticos y una evidente muestra de responsabilidad con la que esta administraci\u00f3n ha manejado cada peso del Estado dominicano\u201d, resalt\u00f3.<\/p>\n<h3>Pacto Fiscal<\/h3>\n<p>El ministro de Hacienda asegur\u00f3 que cuando llegue el momento y est\u00e9n las condiciones apropiadas para iniciar las discusiones del\u00a0Pacto Fiscal\u00a0\u201cel gobierno lo har\u00e1 con la misma responsabilidad que nos ha caracterizado\u201d.<\/p>\n<p>Jochi Vicente sostuvo que el gobierno est\u00e1 enfocado en lograr \u201ctodo lo relativo a la sostenibilidad fiscal y de la\u00a0deuda p\u00fablica\u00a0y una muestra de eso fueron los excelentes resultados, tanto a nivel de ingresos como de gastos, que hoy hemos anunciado con relaci\u00f3n a 2021 y esa misma situaci\u00f3n ser\u00e1 replicada en 2022\u201d.<\/p>\n<h3>Carretera hacia Saman\u00e1<\/h3>\n<p>Los fondos para la terminaci\u00f3n del contrato de la\u00a0carretera Juan Pablo Segundo, que comunica a Santo Domingo con Saman\u00e1 y otras provincias del nordeste, fueron obtenidos de todos los ahorros que durante 2021 obtuvo el gobierno.<\/p>\n<p>As\u00ed lo explic\u00f3 el ministro de Hacienda, Jochi Vicente, quien dijo que los recursos fueron incluidos en el \u00faltimo presupuesto reformulado.<\/p>\n","protected":false},"excerpt":{"rendered":"<p>El Gobierno dominicano asumi\u00f3 deudas durante el a\u00f1o pasado por RD$221,703.7 millones, de cuyo monto el 83.6 % correspondi\u00f3 a &#8230;<\/p>\n","protected":false},"author":2,"featured_media":113157,"comment_status":"open","ping_status":"open","sticky":false,"template":"","format":"standard","meta":{"footnotes":""},"categories":[26],"tags":[],"class_list":["post-113155","post","type-post","status-publish","format-standard","has-post-thumbnail","hentry","category-economia"],"yoast_head":"<!-- This site is optimized with the Yoast SEO plugin v24.8.1 - https:\/\/yoast.com\/wordpress\/plugins\/seo\/ -->\n<title>El Gobierno tom\u00f3 pr\u00e9stamos por m\u00e1s de RD$221,703 millones el a\u00f1o pasado - PotenciaRadiofonicaDominicana.com<\/title>\n<meta name=\"robots\" content=\"index, follow, max-snippet:-1, max-image-preview:large, max-video-preview:-1\" \/>\n<link rel=\"canonical\" href=\"https:\/\/potenciaradiofonicadominicana.com\/portal\/el-gobierno-tomo-prestamos-por-mas-de-rd221703-millones-el-ano-pasado\/\" \/>\n<meta property=\"og:locale\" content=\"es_ES\" \/>\n<meta property=\"og:type\" content=\"article\" \/>\n<meta property=\"og:title\" content=\"El Gobierno tom\u00f3 pr\u00e9stamos por m\u00e1s de RD$221,703 millones el a\u00f1o pasado - PotenciaRadiofonicaDominicana.com\" \/>\n<meta property=\"og:description\" content=\"El Gobierno dominicano asumi\u00f3 deudas durante el a\u00f1o pasado por RD$221,703.7 millones, de cuyo monto el 83.6 % correspondi\u00f3 a ...\" \/>\n<meta property=\"og:url\" content=\"https:\/\/potenciaradiofonicadominicana.com\/portal\/el-gobierno-tomo-prestamos-por-mas-de-rd221703-millones-el-ano-pasado\/\" \/>\n<meta property=\"og:site_name\" content=\"PotenciaRadiofonicaDominicana.com\" \/>\n<meta property=\"article:publisher\" content=\"https:\/\/web.facebook.com\/PotenciaRadiofonicaD\" \/>\n<meta property=\"article:published_time\" content=\"2022-01-20T13:11:35+00:00\" \/>\n<meta property=\"og:image\" content=\"https:\/\/potenciaradiofonicadominicana.com\/portal\/wp-content\/uploads\/2022\/01\/whatsapp-image-2022-01-19-at-112935-am-1-96898ad1-focus-0-0-895-573.jpg\" \/>\n\t<meta property=\"og:image:width\" content=\"895\" \/>\n\t<meta property=\"og:image:height\" content=\"573\" \/>\n\t<meta property=\"og:image:type\" content=\"image\/jpeg\" \/>\n<meta name=\"author\" content=\"Potencia Radiof\u00f3nica Dominicana\" \/>\n<meta name=\"twitter:card\" content=\"summary_large_image\" \/>\n<meta name=\"twitter:label1\" content=\"Escrito por\" \/>\n\t<meta name=\"twitter:data1\" content=\"Potencia Radiof\u00f3nica Dominicana\" \/>\n\t<meta name=\"twitter:label2\" content=\"Tiempo de lectura\" \/>\n\t<meta name=\"twitter:data2\" content=\"3 minutos\" \/>\n<script type=\"application\/ld+json\" class=\"yoast-schema-graph\">{\"@context\":\"https:\/\/schema.org\",\"@graph\":[{\"@type\":\"Article\",\"@id\":\"https:\/\/potenciaradiofonicadominicana.com\/portal\/el-gobierno-tomo-prestamos-por-mas-de-rd221703-millones-el-ano-pasado\/#article\",\"isPartOf\":{\"@id\":\"https:\/\/potenciaradiofonicadominicana.com\/portal\/el-gobierno-tomo-prestamos-por-mas-de-rd221703-millones-el-ano-pasado\/\"},\"author\":{\"name\":\"Potencia Radiof\u00f3nica Dominicana\",\"@id\":\"https:\/\/potenciaradiofonicadominicana.com\/portal\/#\/schema\/person\/a5cf1fea13877803ee0573ac18b03490\"},\"headline\":\"El Gobierno tom\u00f3 pr\u00e9stamos por m\u00e1s de RD$221,703 millones el a\u00f1o pasado\",\"datePublished\":\"2022-01-20T13:11:35+00:00\",\"mainEntityOfPage\":{\"@id\":\"https:\/\/potenciaradiofonicadominicana.com\/portal\/el-gobierno-tomo-prestamos-por-mas-de-rd221703-millones-el-ano-pasado\/\"},\"wordCount\":635,\"commentCount\":0,\"publisher\":{\"@id\":\"https:\/\/potenciaradiofonicadominicana.com\/portal\/#organization\"},\"image\":{\"@id\":\"https:\/\/potenciaradiofonicadominicana.com\/portal\/el-gobierno-tomo-prestamos-por-mas-de-rd221703-millones-el-ano-pasado\/#primaryimage\"},\"thumbnailUrl\":\"https:\/\/potenciaradiofonicadominicana.com\/portal\/wp-content\/uploads\/2022\/01\/whatsapp-image-2022-01-19-at-112935-am-1-96898ad1-focus-0-0-895-573.jpg\",\"articleSection\":[\"Econom\u00eda\"],\"inLanguage\":\"es\",\"potentialAction\":[{\"@type\":\"CommentAction\",\"name\":\"Comment\",\"target\":[\"https:\/\/potenciaradiofonicadominicana.com\/portal\/el-gobierno-tomo-prestamos-por-mas-de-rd221703-millones-el-ano-pasado\/#respond\"]}]},{\"@type\":\"WebPage\",\"@id\":\"https:\/\/potenciaradiofonicadominicana.com\/portal\/el-gobierno-tomo-prestamos-por-mas-de-rd221703-millones-el-ano-pasado\/\",\"url\":\"https:\/\/potenciaradiofonicadominicana.com\/portal\/el-gobierno-tomo-prestamos-por-mas-de-rd221703-millones-el-ano-pasado\/\",\"name\":\"El Gobierno tom\u00f3 pr\u00e9stamos por m\u00e1s de RD$221,703 millones el a\u00f1o pasado - PotenciaRadiofonicaDominicana.com\",\"isPartOf\":{\"@id\":\"https:\/\/potenciaradiofonicadominicana.com\/portal\/#website\"},\"primaryImageOfPage\":{\"@id\":\"https:\/\/potenciaradiofonicadominicana.com\/portal\/el-gobierno-tomo-prestamos-por-mas-de-rd221703-millones-el-ano-pasado\/#primaryimage\"},\"image\":{\"@id\":\"https:\/\/potenciaradiofonicadominicana.com\/portal\/el-gobierno-tomo-prestamos-por-mas-de-rd221703-millones-el-ano-pasado\/#primaryimage\"},\"thumbnailUrl\":\"https:\/\/potenciaradiofonicadominicana.com\/portal\/wp-content\/uploads\/2022\/01\/whatsapp-image-2022-01-19-at-112935-am-1-96898ad1-focus-0-0-895-573.jpg\",\"datePublished\":\"2022-01-20T13:11:35+00:00\",\"breadcrumb\":{\"@id\":\"https:\/\/potenciaradiofonicadominicana.com\/portal\/el-gobierno-tomo-prestamos-por-mas-de-rd221703-millones-el-ano-pasado\/#breadcrumb\"},\"inLanguage\":\"es\",\"potentialAction\":[{\"@type\":\"ReadAction\",\"target\":[\"https:\/\/potenciaradiofonicadominicana.com\/portal\/el-gobierno-tomo-prestamos-por-mas-de-rd221703-millones-el-ano-pasado\/\"]}]},{\"@type\":\"ImageObject\",\"inLanguage\":\"es\",\"@id\":\"https:\/\/potenciaradiofonicadominicana.com\/portal\/el-gobierno-tomo-prestamos-por-mas-de-rd221703-millones-el-ano-pasado\/#primaryimage\",\"url\":\"https:\/\/potenciaradiofonicadominicana.com\/portal\/wp-content\/uploads\/2022\/01\/whatsapp-image-2022-01-19-at-112935-am-1-96898ad1-focus-0-0-895-573.jpg\",\"contentUrl\":\"https:\/\/potenciaradiofonicadominicana.com\/portal\/wp-content\/uploads\/2022\/01\/whatsapp-image-2022-01-19-at-112935-am-1-96898ad1-focus-0-0-895-573.jpg\",\"width\":895,\"height\":573},{\"@type\":\"BreadcrumbList\",\"@id\":\"https:\/\/potenciaradiofonicadominicana.com\/portal\/el-gobierno-tomo-prestamos-por-mas-de-rd221703-millones-el-ano-pasado\/#breadcrumb\",\"itemListElement\":[{\"@type\":\"ListItem\",\"position\":1,\"name\":\"Portada\",\"item\":\"https:\/\/potenciaradiofonicadominicana.com\/portal\/\"},{\"@type\":\"ListItem\",\"position\":2,\"name\":\"El Gobierno tom\u00f3 pr\u00e9stamos por m\u00e1s de RD$221,703 millones el a\u00f1o pasado\"}]},{\"@type\":\"WebSite\",\"@id\":\"https:\/\/potenciaradiofonicadominicana.com\/portal\/#website\",\"url\":\"https:\/\/potenciaradiofonicadominicana.com\/portal\/\",\"name\":\"PotenciaRadiofonicaDominicana.com\",\"description\":\"Peri\u00f3dico Digital\",\"publisher\":{\"@id\":\"https:\/\/potenciaradiofonicadominicana.com\/portal\/#organization\"},\"potentialAction\":[{\"@type\":\"SearchAction\",\"target\":{\"@type\":\"EntryPoint\",\"urlTemplate\":\"https:\/\/potenciaradiofonicadominicana.com\/portal\/?s={search_term_string}\"},\"query-input\":{\"@type\":\"PropertyValueSpecification\",\"valueRequired\":true,\"valueName\":\"search_term_string\"}}],\"inLanguage\":\"es\"},{\"@type\":\"Organization\",\"@id\":\"https:\/\/potenciaradiofonicadominicana.com\/portal\/#organization\",\"name\":\"PotenciaRadiofonicaDominicana.com\",\"url\":\"https:\/\/potenciaradiofonicadominicana.com\/portal\/\",\"logo\":{\"@type\":\"ImageObject\",\"inLanguage\":\"es\",\"@id\":\"https:\/\/potenciaradiofonicadominicana.com\/portal\/#\/schema\/logo\/image\/\",\"url\":\"https:\/\/potenciaradiofonicadominicana.com\/portal\/wp-content\/uploads\/2022\/01\/descarga.png\",\"contentUrl\":\"https:\/\/potenciaradiofonicadominicana.com\/portal\/wp-content\/uploads\/2022\/01\/descarga.png\",\"width\":300,\"height\":100,\"caption\":\"PotenciaRadiofonicaDominicana.com\"},\"image\":{\"@id\":\"https:\/\/potenciaradiofonicadominicana.com\/portal\/#\/schema\/logo\/image\/\"},\"sameAs\":[\"https:\/\/web.facebook.com\/PotenciaRadiofonicaD\"]},{\"@type\":\"Person\",\"@id\":\"https:\/\/potenciaradiofonicadominicana.com\/portal\/#\/schema\/person\/a5cf1fea13877803ee0573ac18b03490\",\"name\":\"Potencia Radiof\u00f3nica Dominicana\",\"image\":{\"@type\":\"ImageObject\",\"inLanguage\":\"es\",\"@id\":\"https:\/\/potenciaradiofonicadominicana.com\/portal\/#\/schema\/person\/image\/\",\"url\":\"https:\/\/secure.gravatar.com\/avatar\/42a55ab9e8ccc656ba34cd791990602a?s=96&d=mm&r=g\",\"contentUrl\":\"https:\/\/secure.gravatar.com\/avatar\/42a55ab9e8ccc656ba34cd791990602a?s=96&d=mm&r=g\",\"caption\":\"Potencia Radiof\u00f3nica Dominicana\"},\"url\":\"https:\/\/potenciaradiofonicadominicana.com\/portal\/author\/johannyalmanzar\/\"}]}<\/script>\n<!-- \/ Yoast SEO plugin. -->","yoast_head_json":{"title":"El Gobierno tom\u00f3 pr\u00e9stamos por m\u00e1s de RD$221,703 millones el a\u00f1o pasado - PotenciaRadiofonicaDominicana.com","robots":{"index":"index","follow":"follow","max-snippet":"max-snippet:-1","max-image-preview":"max-image-preview:large","max-video-preview":"max-video-preview:-1"},"canonical":"https:\/\/potenciaradiofonicadominicana.com\/portal\/el-gobierno-tomo-prestamos-por-mas-de-rd221703-millones-el-ano-pasado\/","og_locale":"es_ES","og_type":"article","og_title":"El Gobierno tom\u00f3 pr\u00e9stamos por m\u00e1s de RD$221,703 millones el a\u00f1o pasado - PotenciaRadiofonicaDominicana.com","og_description":"El Gobierno dominicano asumi\u00f3 deudas durante el a\u00f1o pasado por RD$221,703.7 millones, de cuyo monto el 83.6 % correspondi\u00f3 a ...","og_url":"https:\/\/potenciaradiofonicadominicana.com\/portal\/el-gobierno-tomo-prestamos-por-mas-de-rd221703-millones-el-ano-pasado\/","og_site_name":"PotenciaRadiofonicaDominicana.com","article_publisher":"https:\/\/web.facebook.com\/PotenciaRadiofonicaD","article_published_time":"2022-01-20T13:11:35+00:00","og_image":[{"width":895,"height":573,"url":"https:\/\/potenciaradiofonicadominicana.com\/portal\/wp-content\/uploads\/2022\/01\/whatsapp-image-2022-01-19-at-112935-am-1-96898ad1-focus-0-0-895-573.jpg","type":"image\/jpeg"}],"author":"Potencia Radiof\u00f3nica Dominicana","twitter_card":"summary_large_image","twitter_misc":{"Escrito por":"Potencia Radiof\u00f3nica Dominicana","Tiempo de lectura":"3 minutos"},"schema":{"@context":"https:\/\/schema.org","@graph":[{"@type":"Article","@id":"https:\/\/potenciaradiofonicadominicana.com\/portal\/el-gobierno-tomo-prestamos-por-mas-de-rd221703-millones-el-ano-pasado\/#article","isPartOf":{"@id":"https:\/\/potenciaradiofonicadominicana.com\/portal\/el-gobierno-tomo-prestamos-por-mas-de-rd221703-millones-el-ano-pasado\/"},"author":{"name":"Potencia Radiof\u00f3nica Dominicana","@id":"https:\/\/potenciaradiofonicadominicana.com\/portal\/#\/schema\/person\/a5cf1fea13877803ee0573ac18b03490"},"headline":"El Gobierno tom\u00f3 pr\u00e9stamos por m\u00e1s de RD$221,703 millones el a\u00f1o pasado","datePublished":"2022-01-20T13:11:35+00:00","mainEntityOfPage":{"@id":"https:\/\/potenciaradiofonicadominicana.com\/portal\/el-gobierno-tomo-prestamos-por-mas-de-rd221703-millones-el-ano-pasado\/"},"wordCount":635,"commentCount":0,"publisher":{"@id":"https:\/\/potenciaradiofonicadominicana.com\/portal\/#organization"},"image":{"@id":"https:\/\/potenciaradiofonicadominicana.com\/portal\/el-gobierno-tomo-prestamos-por-mas-de-rd221703-millones-el-ano-pasado\/#primaryimage"},"thumbnailUrl":"https:\/\/potenciaradiofonicadominicana.com\/portal\/wp-content\/uploads\/2022\/01\/whatsapp-image-2022-01-19-at-112935-am-1-96898ad1-focus-0-0-895-573.jpg","articleSection":["Econom\u00eda"],"inLanguage":"es","potentialAction":[{"@type":"CommentAction","name":"Comment","target":["https:\/\/potenciaradiofonicadominicana.com\/portal\/el-gobierno-tomo-prestamos-por-mas-de-rd221703-millones-el-ano-pasado\/#respond"]}]},{"@type":"WebPage","@id":"https:\/\/potenciaradiofonicadominicana.com\/portal\/el-gobierno-tomo-prestamos-por-mas-de-rd221703-millones-el-ano-pasado\/","url":"https:\/\/potenciaradiofonicadominicana.com\/portal\/el-gobierno-tomo-prestamos-por-mas-de-rd221703-millones-el-ano-pasado\/","name":"El Gobierno tom\u00f3 pr\u00e9stamos por m\u00e1s de RD$221,703 millones el a\u00f1o pasado - PotenciaRadiofonicaDominicana.com","isPartOf":{"@id":"https:\/\/potenciaradiofonicadominicana.com\/portal\/#website"},"primaryImageOfPage":{"@id":"https:\/\/potenciaradiofonicadominicana.com\/portal\/el-gobierno-tomo-prestamos-por-mas-de-rd221703-millones-el-ano-pasado\/#primaryimage"},"image":{"@id":"https:\/\/potenciaradiofonicadominicana.com\/portal\/el-gobierno-tomo-prestamos-por-mas-de-rd221703-millones-el-ano-pasado\/#primaryimage"},"thumbnailUrl":"https:\/\/potenciaradiofonicadominicana.com\/portal\/wp-content\/uploads\/2022\/01\/whatsapp-image-2022-01-19-at-112935-am-1-96898ad1-focus-0-0-895-573.jpg","datePublished":"2022-01-20T13:11:35+00:00","breadcrumb":{"@id":"https:\/\/potenciaradiofonicadominicana.com\/portal\/el-gobierno-tomo-prestamos-por-mas-de-rd221703-millones-el-ano-pasado\/#breadcrumb"},"inLanguage":"es","potentialAction":[{"@type":"ReadAction","target":["https:\/\/potenciaradiofonicadominicana.com\/portal\/el-gobierno-tomo-prestamos-por-mas-de-rd221703-millones-el-ano-pasado\/"]}]},{"@type":"ImageObject","inLanguage":"es","@id":"https:\/\/potenciaradiofonicadominicana.com\/portal\/el-gobierno-tomo-prestamos-por-mas-de-rd221703-millones-el-ano-pasado\/#primaryimage","url":"https:\/\/potenciaradiofonicadominicana.com\/portal\/wp-content\/uploads\/2022\/01\/whatsapp-image-2022-01-19-at-112935-am-1-96898ad1-focus-0-0-895-573.jpg","contentUrl":"https:\/\/potenciaradiofonicadominicana.com\/portal\/wp-content\/uploads\/2022\/01\/whatsapp-image-2022-01-19-at-112935-am-1-96898ad1-focus-0-0-895-573.jpg","width":895,"height":573},{"@type":"BreadcrumbList","@id":"https:\/\/potenciaradiofonicadominicana.com\/portal\/el-gobierno-tomo-prestamos-por-mas-de-rd221703-millones-el-ano-pasado\/#breadcrumb","itemListElement":[{"@type":"ListItem","position":1,"name":"Portada","item":"https:\/\/potenciaradiofonicadominicana.com\/portal\/"},{"@type":"ListItem","position":2,"name":"El Gobierno tom\u00f3 pr\u00e9stamos por m\u00e1s de RD$221,703 millones el a\u00f1o pasado"}]},{"@type":"WebSite","@id":"https:\/\/potenciaradiofonicadominicana.com\/portal\/#website","url":"https:\/\/potenciaradiofonicadominicana.com\/portal\/","name":"PotenciaRadiofonicaDominicana.com","description":"Peri\u00f3dico Digital","publisher":{"@id":"https:\/\/potenciaradiofonicadominicana.com\/portal\/#organization"},"potentialAction":[{"@type":"SearchAction","target":{"@type":"EntryPoint","urlTemplate":"https:\/\/potenciaradiofonicadominicana.com\/portal\/?s={search_term_string}"},"query-input":{"@type":"PropertyValueSpecification","valueRequired":true,"valueName":"search_term_string"}}],"inLanguage":"es"},{"@type":"Organization","@id":"https:\/\/potenciaradiofonicadominicana.com\/portal\/#organization","name":"PotenciaRadiofonicaDominicana.com","url":"https:\/\/potenciaradiofonicadominicana.com\/portal\/","logo":{"@type":"ImageObject","inLanguage":"es","@id":"https:\/\/potenciaradiofonicadominicana.com\/portal\/#\/schema\/logo\/image\/","url":"https:\/\/potenciaradiofonicadominicana.com\/portal\/wp-content\/uploads\/2022\/01\/descarga.png","contentUrl":"https:\/\/potenciaradiofonicadominicana.com\/portal\/wp-content\/uploads\/2022\/01\/descarga.png","width":300,"height":100,"caption":"PotenciaRadiofonicaDominicana.com"},"image":{"@id":"https:\/\/potenciaradiofonicadominicana.com\/portal\/#\/schema\/logo\/image\/"},"sameAs":["https:\/\/web.facebook.com\/PotenciaRadiofonicaD"]},{"@type":"Person","@id":"https:\/\/potenciaradiofonicadominicana.com\/portal\/#\/schema\/person\/a5cf1fea13877803ee0573ac18b03490","name":"Potencia Radiof\u00f3nica Dominicana","image":{"@type":"ImageObject","inLanguage":"es","@id":"https:\/\/potenciaradiofonicadominicana.com\/portal\/#\/schema\/person\/image\/","url":"https:\/\/secure.gravatar.com\/avatar\/42a55ab9e8ccc656ba34cd791990602a?s=96&d=mm&r=g","contentUrl":"https:\/\/secure.gravatar.com\/avatar\/42a55ab9e8ccc656ba34cd791990602a?s=96&d=mm&r=g","caption":"Potencia Radiof\u00f3nica Dominicana"},"url":"https:\/\/potenciaradiofonicadominicana.com\/portal\/author\/johannyalmanzar\/"}]}},"_links":{"self":[{"href":"https:\/\/potenciaradiofonicadominicana.com\/portal\/wp-json\/wp\/v2\/posts\/113155","targetHints":{"allow":["GET"]}}],"collection":[{"href":"https:\/\/potenciaradiofonicadominicana.com\/portal\/wp-json\/wp\/v2\/posts"}],"about":[{"href":"https:\/\/potenciaradiofonicadominicana.com\/portal\/wp-json\/wp\/v2\/types\/post"}],"author":[{"embeddable":true,"href":"https:\/\/potenciaradiofonicadominicana.com\/portal\/wp-json\/wp\/v2\/users\/2"}],"replies":[{"embeddable":true,"href":"https:\/\/potenciaradiofonicadominicana.com\/portal\/wp-json\/wp\/v2\/comments?post=113155"}],"version-history":[{"count":1,"href":"https:\/\/potenciaradiofonicadominicana.com\/portal\/wp-json\/wp\/v2\/posts\/113155\/revisions"}],"predecessor-version":[{"id":113160,"href":"https:\/\/potenciaradiofonicadominicana.com\/portal\/wp-json\/wp\/v2\/posts\/113155\/revisions\/113160"}],"wp:featuredmedia":[{"embeddable":true,"href":"https:\/\/potenciaradiofonicadominicana.com\/portal\/wp-json\/wp\/v2\/media\/113157"}],"wp:attachment":[{"href":"https:\/\/potenciaradiofonicadominicana.com\/portal\/wp-json\/wp\/v2\/media?parent=113155"}],"wp:term":[{"taxonomy":"category","embeddable":true,"href":"https:\/\/potenciaradiofonicadominicana.com\/portal\/wp-json\/wp\/v2\/categories?post=113155"},{"taxonomy":"post_tag","embeddable":true,"href":"https:\/\/potenciaradiofonicadominicana.com\/portal\/wp-json\/wp\/v2\/tags?post=113155"}],"curies":[{"name":"wp","href":"https:\/\/api.w.org\/{rel}","templated":true}]}}