{"id":113149,"date":"2022-01-20T09:09:38","date_gmt":"2022-01-20T13:09:38","guid":{"rendered":"https:\/\/potenciaradiofonicadominicana.com\/portal\/?p=113149"},"modified":"2022-01-20T09:09:38","modified_gmt":"2022-01-20T13:09:38","slug":"inflacion-y-empleos-de-calidad-son-los-principales-retos-del-pais-dice-ceara-hatton","status":"publish","type":"post","link":"https:\/\/potenciaradiofonicadominicana.com\/portal\/inflacion-y-empleos-de-calidad-son-los-principales-retos-del-pais-dice-ceara-hatton\/","title":{"rendered":"Inflaci\u00f3n y empleos de calidad son los principales retos del pa\u00eds, dice Ceara Hatton"},"content":{"rendered":"<p><a href=\"https:\/\/potenciaradiofonicadominicana.com\/portal\/wp-content\/uploads\/2022\/01\/crop-w1071-h714-whatsapp-image-2022-01-19-at-125824-pm-837499d4-focus-0-0-895-573.jpg\"><img loading=\"lazy\" decoding=\"async\" class=\"alignnone size-full wp-image-113151\" src=\"https:\/\/potenciaradiofonicadominicana.com\/portal\/wp-content\/uploads\/2022\/01\/crop-w1071-h714-whatsapp-image-2022-01-19-at-125824-pm-837499d4-focus-0-0-895-573.jpg\" alt=\"\" width=\"546\" height=\"350\" srcset=\"https:\/\/potenciaradiofonicadominicana.com\/portal\/wp-content\/uploads\/2022\/01\/crop-w1071-h714-whatsapp-image-2022-01-19-at-125824-pm-837499d4-focus-0-0-895-573.jpg 546w, https:\/\/potenciaradiofonicadominicana.com\/portal\/wp-content\/uploads\/2022\/01\/crop-w1071-h714-whatsapp-image-2022-01-19-at-125824-pm-837499d4-focus-0-0-895-573-300x192.jpg 300w\" sizes=\"auto, (max-width: 546px) 100vw, 546px\" \/><\/a><\/p>\n<p>El ministro de Econom\u00eda, Planificaci\u00f3n y Desarrollo,\u00a0Miguel Ceara Hatton, dijo este mi\u00e9rcoles que mejorar la calidad de los empleos, en su mayor\u00eda informales, y controlar la inflaci\u00f3n son los principales retos de la\u00a0econom\u00eda dominicana\u00a0para este a\u00f1o 2022.<\/p>\n<p>Hay que mejorar la\u00a0calidad del empleo\u00a0ya que la mayor\u00eda de los que se han creado son informales, asegur\u00f3 el funcionario. Sin embargo, la cantidad de puestos de trabajo formales tambi\u00e9n mejor\u00f3 y ya supera el nivel antes de la pandemia, de acuerdo a los datos de la Tesorer\u00eda de la Seguridad social citados por Ceara Hatton.<\/p>\n<p>\u00abGran parte del que se ha creado es empleo informal, pero era eso o nada\u00bb, sostuvo.<\/p>\n<p>El Ministro asegur\u00f3 que, si no bajan los precios internacionales de las materias primas, siempre habr\u00e1 un impacto local sobre los precios. En ese sentido, lo que el Estado puede hacer es intervenir para que los mecanismos de mercado funcionen, como los mercados populares.<\/p>\n<p>En t\u00e9rminos generales, el economista entiende que la econom\u00eda local ha mostrado un buen desempe\u00f1o, y adelant\u00f3 que en los pr\u00f3ximos d\u00edas se dar\u00e1n a conocer los indicadores.<\/p>\n<p>Ceara Hatton participaba en la apertura de la mesa tem\u00e1tica para tratar una reforma y modernizaci\u00f3n de la administraci\u00f3n p\u00fablica en el marco del proceso del di\u00e1logo convocado por el Gobierno. El evento se celebr\u00f3 en la biblioteca de la Universidad Cat\u00f3lica de Santo Domingo, con la presencia de representantes de partidos pol\u00edticos y sectores sociales.<\/p>\n","protected":false},"excerpt":{"rendered":"<p>El ministro de Econom\u00eda, Planificaci\u00f3n y Desarrollo,\u00a0Miguel Ceara Hatton, dijo este mi\u00e9rcoles que mejorar la calidad de los empleos, en &#8230;<\/p>\n","protected":false},"author":2,"featured_media":113151,"comment_status":"open","ping_status":"open","sticky":false,"template":"","format":"standard","meta":{"footnotes":""},"categories":[26],"tags":[],"class_list":["post-113149","post","type-post","status-publish","format-standard","has-post-thumbnail","hentry","category-economia"],"yoast_head":"<!-- This site is optimized with the Yoast SEO plugin v24.8.1 - https:\/\/yoast.com\/wordpress\/plugins\/seo\/ -->\n<title>Inflaci\u00f3n y empleos de calidad son los principales retos del pa\u00eds, dice Ceara Hatton - PotenciaRadiofonicaDominicana.com<\/title>\n<meta name=\"robots\" content=\"index, follow, max-snippet:-1, max-image-preview:large, max-video-preview:-1\" \/>\n<link rel=\"canonical\" href=\"https:\/\/potenciaradiofonicadominicana.com\/portal\/inflacion-y-empleos-de-calidad-son-los-principales-retos-del-pais-dice-ceara-hatton\/\" \/>\n<meta property=\"og:locale\" content=\"es_ES\" \/>\n<meta property=\"og:type\" content=\"article\" \/>\n<meta property=\"og:title\" content=\"Inflaci\u00f3n y empleos de calidad son los principales retos del pa\u00eds, dice Ceara Hatton - PotenciaRadiofonicaDominicana.com\" \/>\n<meta property=\"og:description\" content=\"El ministro de Econom\u00eda, Planificaci\u00f3n y Desarrollo,\u00a0Miguel Ceara Hatton, dijo este mi\u00e9rcoles que mejorar la calidad de los empleos, en ...\" \/>\n<meta property=\"og:url\" content=\"https:\/\/potenciaradiofonicadominicana.com\/portal\/inflacion-y-empleos-de-calidad-son-los-principales-retos-del-pais-dice-ceara-hatton\/\" \/>\n<meta property=\"og:site_name\" content=\"PotenciaRadiofonicaDominicana.com\" \/>\n<meta property=\"article:publisher\" content=\"https:\/\/web.facebook.com\/PotenciaRadiofonicaD\" \/>\n<meta property=\"article:published_time\" content=\"2022-01-20T13:09:38+00:00\" \/>\n<meta property=\"og:image\" content=\"https:\/\/potenciaradiofonicadominicana.com\/portal\/wp-content\/uploads\/2022\/01\/crop-w1071-h714-whatsapp-image-2022-01-19-at-125824-pm-837499d4-focus-0-0-895-573.jpg\" \/>\n\t<meta property=\"og:image:width\" content=\"546\" \/>\n\t<meta property=\"og:image:height\" content=\"350\" \/>\n\t<meta property=\"og:image:type\" content=\"image\/jpeg\" \/>\n<meta name=\"author\" content=\"Potencia Radiof\u00f3nica Dominicana\" \/>\n<meta name=\"twitter:card\" content=\"summary_large_image\" \/>\n<meta name=\"twitter:label1\" content=\"Escrito por\" \/>\n\t<meta name=\"twitter:data1\" content=\"Potencia Radiof\u00f3nica Dominicana\" \/>\n\t<meta name=\"twitter:label2\" content=\"Tiempo de lectura\" \/>\n\t<meta name=\"twitter:data2\" content=\"1 minuto\" \/>\n<script type=\"application\/ld+json\" class=\"yoast-schema-graph\">{\"@context\":\"https:\/\/schema.org\",\"@graph\":[{\"@type\":\"Article\",\"@id\":\"https:\/\/potenciaradiofonicadominicana.com\/portal\/inflacion-y-empleos-de-calidad-son-los-principales-retos-del-pais-dice-ceara-hatton\/#article\",\"isPartOf\":{\"@id\":\"https:\/\/potenciaradiofonicadominicana.com\/portal\/inflacion-y-empleos-de-calidad-son-los-principales-retos-del-pais-dice-ceara-hatton\/\"},\"author\":{\"name\":\"Potencia Radiof\u00f3nica Dominicana\",\"@id\":\"https:\/\/potenciaradiofonicadominicana.com\/portal\/#\/schema\/person\/a5cf1fea13877803ee0573ac18b03490\"},\"headline\":\"Inflaci\u00f3n y empleos de calidad son los principales retos del pa\u00eds, dice Ceara Hatton\",\"datePublished\":\"2022-01-20T13:09:38+00:00\",\"mainEntityOfPage\":{\"@id\":\"https:\/\/potenciaradiofonicadominicana.com\/portal\/inflacion-y-empleos-de-calidad-son-los-principales-retos-del-pais-dice-ceara-hatton\/\"},\"wordCount\":280,\"commentCount\":0,\"publisher\":{\"@id\":\"https:\/\/potenciaradiofonicadominicana.com\/portal\/#organization\"},\"image\":{\"@id\":\"https:\/\/potenciaradiofonicadominicana.com\/portal\/inflacion-y-empleos-de-calidad-son-los-principales-retos-del-pais-dice-ceara-hatton\/#primaryimage\"},\"thumbnailUrl\":\"https:\/\/potenciaradiofonicadominicana.com\/portal\/wp-content\/uploads\/2022\/01\/crop-w1071-h714-whatsapp-image-2022-01-19-at-125824-pm-837499d4-focus-0-0-895-573.jpg\",\"articleSection\":[\"Econom\u00eda\"],\"inLanguage\":\"es\",\"potentialAction\":[{\"@type\":\"CommentAction\",\"name\":\"Comment\",\"target\":[\"https:\/\/potenciaradiofonicadominicana.com\/portal\/inflacion-y-empleos-de-calidad-son-los-principales-retos-del-pais-dice-ceara-hatton\/#respond\"]}]},{\"@type\":\"WebPage\",\"@id\":\"https:\/\/potenciaradiofonicadominicana.com\/portal\/inflacion-y-empleos-de-calidad-son-los-principales-retos-del-pais-dice-ceara-hatton\/\",\"url\":\"https:\/\/potenciaradiofonicadominicana.com\/portal\/inflacion-y-empleos-de-calidad-son-los-principales-retos-del-pais-dice-ceara-hatton\/\",\"name\":\"Inflaci\u00f3n y empleos de calidad son los principales retos del pa\u00eds, dice Ceara Hatton - PotenciaRadiofonicaDominicana.com\",\"isPartOf\":{\"@id\":\"https:\/\/potenciaradiofonicadominicana.com\/portal\/#website\"},\"primaryImageOfPage\":{\"@id\":\"https:\/\/potenciaradiofonicadominicana.com\/portal\/inflacion-y-empleos-de-calidad-son-los-principales-retos-del-pais-dice-ceara-hatton\/#primaryimage\"},\"image\":{\"@id\":\"https:\/\/potenciaradiofonicadominicana.com\/portal\/inflacion-y-empleos-de-calidad-son-los-principales-retos-del-pais-dice-ceara-hatton\/#primaryimage\"},\"thumbnailUrl\":\"https:\/\/potenciaradiofonicadominicana.com\/portal\/wp-content\/uploads\/2022\/01\/crop-w1071-h714-whatsapp-image-2022-01-19-at-125824-pm-837499d4-focus-0-0-895-573.jpg\",\"datePublished\":\"2022-01-20T13:09:38+00:00\",\"breadcrumb\":{\"@id\":\"https:\/\/potenciaradiofonicadominicana.com\/portal\/inflacion-y-empleos-de-calidad-son-los-principales-retos-del-pais-dice-ceara-hatton\/#breadcrumb\"},\"inLanguage\":\"es\",\"potentialAction\":[{\"@type\":\"ReadAction\",\"target\":[\"https:\/\/potenciaradiofonicadominicana.com\/portal\/inflacion-y-empleos-de-calidad-son-los-principales-retos-del-pais-dice-ceara-hatton\/\"]}]},{\"@type\":\"ImageObject\",\"inLanguage\":\"es\",\"@id\":\"https:\/\/potenciaradiofonicadominicana.com\/portal\/inflacion-y-empleos-de-calidad-son-los-principales-retos-del-pais-dice-ceara-hatton\/#primaryimage\",\"url\":\"https:\/\/potenciaradiofonicadominicana.com\/portal\/wp-content\/uploads\/2022\/01\/crop-w1071-h714-whatsapp-image-2022-01-19-at-125824-pm-837499d4-focus-0-0-895-573.jpg\",\"contentUrl\":\"https:\/\/potenciaradiofonicadominicana.com\/portal\/wp-content\/uploads\/2022\/01\/crop-w1071-h714-whatsapp-image-2022-01-19-at-125824-pm-837499d4-focus-0-0-895-573.jpg\",\"width\":546,\"height\":350},{\"@type\":\"BreadcrumbList\",\"@id\":\"https:\/\/potenciaradiofonicadominicana.com\/portal\/inflacion-y-empleos-de-calidad-son-los-principales-retos-del-pais-dice-ceara-hatton\/#breadcrumb\",\"itemListElement\":[{\"@type\":\"ListItem\",\"position\":1,\"name\":\"Portada\",\"item\":\"https:\/\/potenciaradiofonicadominicana.com\/portal\/\"},{\"@type\":\"ListItem\",\"position\":2,\"name\":\"Inflaci\u00f3n y empleos de calidad son los principales retos del pa\u00eds, dice Ceara Hatton\"}]},{\"@type\":\"WebSite\",\"@id\":\"https:\/\/potenciaradiofonicadominicana.com\/portal\/#website\",\"url\":\"https:\/\/potenciaradiofonicadominicana.com\/portal\/\",\"name\":\"PotenciaRadiofonicaDominicana.com\",\"description\":\"Peri\u00f3dico Digital\",\"publisher\":{\"@id\":\"https:\/\/potenciaradiofonicadominicana.com\/portal\/#organization\"},\"potentialAction\":[{\"@type\":\"SearchAction\",\"target\":{\"@type\":\"EntryPoint\",\"urlTemplate\":\"https:\/\/potenciaradiofonicadominicana.com\/portal\/?s={search_term_string}\"},\"query-input\":{\"@type\":\"PropertyValueSpecification\",\"valueRequired\":true,\"valueName\":\"search_term_string\"}}],\"inLanguage\":\"es\"},{\"@type\":\"Organization\",\"@id\":\"https:\/\/potenciaradiofonicadominicana.com\/portal\/#organization\",\"name\":\"PotenciaRadiofonicaDominicana.com\",\"url\":\"https:\/\/potenciaradiofonicadominicana.com\/portal\/\",\"logo\":{\"@type\":\"ImageObject\",\"inLanguage\":\"es\",\"@id\":\"https:\/\/potenciaradiofonicadominicana.com\/portal\/#\/schema\/logo\/image\/\",\"url\":\"https:\/\/potenciaradiofonicadominicana.com\/portal\/wp-content\/uploads\/2022\/01\/descarga.png\",\"contentUrl\":\"https:\/\/potenciaradiofonicadominicana.com\/portal\/wp-content\/uploads\/2022\/01\/descarga.png\",\"width\":300,\"height\":100,\"caption\":\"PotenciaRadiofonicaDominicana.com\"},\"image\":{\"@id\":\"https:\/\/potenciaradiofonicadominicana.com\/portal\/#\/schema\/logo\/image\/\"},\"sameAs\":[\"https:\/\/web.facebook.com\/PotenciaRadiofonicaD\"]},{\"@type\":\"Person\",\"@id\":\"https:\/\/potenciaradiofonicadominicana.com\/portal\/#\/schema\/person\/a5cf1fea13877803ee0573ac18b03490\",\"name\":\"Potencia Radiof\u00f3nica Dominicana\",\"image\":{\"@type\":\"ImageObject\",\"inLanguage\":\"es\",\"@id\":\"https:\/\/potenciaradiofonicadominicana.com\/portal\/#\/schema\/person\/image\/\",\"url\":\"https:\/\/secure.gravatar.com\/avatar\/42a55ab9e8ccc656ba34cd791990602a?s=96&d=mm&r=g\",\"contentUrl\":\"https:\/\/secure.gravatar.com\/avatar\/42a55ab9e8ccc656ba34cd791990602a?s=96&d=mm&r=g\",\"caption\":\"Potencia Radiof\u00f3nica Dominicana\"},\"url\":\"https:\/\/potenciaradiofonicadominicana.com\/portal\/author\/johannyalmanzar\/\"}]}<\/script>\n<!-- \/ Yoast SEO plugin. -->","yoast_head_json":{"title":"Inflaci\u00f3n y empleos de calidad son los principales retos del pa\u00eds, dice Ceara Hatton - PotenciaRadiofonicaDominicana.com","robots":{"index":"index","follow":"follow","max-snippet":"max-snippet:-1","max-image-preview":"max-image-preview:large","max-video-preview":"max-video-preview:-1"},"canonical":"https:\/\/potenciaradiofonicadominicana.com\/portal\/inflacion-y-empleos-de-calidad-son-los-principales-retos-del-pais-dice-ceara-hatton\/","og_locale":"es_ES","og_type":"article","og_title":"Inflaci\u00f3n y empleos de calidad son los principales retos del pa\u00eds, dice Ceara Hatton - PotenciaRadiofonicaDominicana.com","og_description":"El ministro de Econom\u00eda, Planificaci\u00f3n y Desarrollo,\u00a0Miguel Ceara Hatton, dijo este mi\u00e9rcoles que mejorar la calidad de los empleos, en ...","og_url":"https:\/\/potenciaradiofonicadominicana.com\/portal\/inflacion-y-empleos-de-calidad-son-los-principales-retos-del-pais-dice-ceara-hatton\/","og_site_name":"PotenciaRadiofonicaDominicana.com","article_publisher":"https:\/\/web.facebook.com\/PotenciaRadiofonicaD","article_published_time":"2022-01-20T13:09:38+00:00","og_image":[{"width":546,"height":350,"url":"https:\/\/potenciaradiofonicadominicana.com\/portal\/wp-content\/uploads\/2022\/01\/crop-w1071-h714-whatsapp-image-2022-01-19-at-125824-pm-837499d4-focus-0-0-895-573.jpg","type":"image\/jpeg"}],"author":"Potencia Radiof\u00f3nica Dominicana","twitter_card":"summary_large_image","twitter_misc":{"Escrito por":"Potencia Radiof\u00f3nica Dominicana","Tiempo de lectura":"1 minuto"},"schema":{"@context":"https:\/\/schema.org","@graph":[{"@type":"Article","@id":"https:\/\/potenciaradiofonicadominicana.com\/portal\/inflacion-y-empleos-de-calidad-son-los-principales-retos-del-pais-dice-ceara-hatton\/#article","isPartOf":{"@id":"https:\/\/potenciaradiofonicadominicana.com\/portal\/inflacion-y-empleos-de-calidad-son-los-principales-retos-del-pais-dice-ceara-hatton\/"},"author":{"name":"Potencia Radiof\u00f3nica Dominicana","@id":"https:\/\/potenciaradiofonicadominicana.com\/portal\/#\/schema\/person\/a5cf1fea13877803ee0573ac18b03490"},"headline":"Inflaci\u00f3n y empleos de calidad son los principales retos del pa\u00eds, dice Ceara Hatton","datePublished":"2022-01-20T13:09:38+00:00","mainEntityOfPage":{"@id":"https:\/\/potenciaradiofonicadominicana.com\/portal\/inflacion-y-empleos-de-calidad-son-los-principales-retos-del-pais-dice-ceara-hatton\/"},"wordCount":280,"commentCount":0,"publisher":{"@id":"https:\/\/potenciaradiofonicadominicana.com\/portal\/#organization"},"image":{"@id":"https:\/\/potenciaradiofonicadominicana.com\/portal\/inflacion-y-empleos-de-calidad-son-los-principales-retos-del-pais-dice-ceara-hatton\/#primaryimage"},"thumbnailUrl":"https:\/\/potenciaradiofonicadominicana.com\/portal\/wp-content\/uploads\/2022\/01\/crop-w1071-h714-whatsapp-image-2022-01-19-at-125824-pm-837499d4-focus-0-0-895-573.jpg","articleSection":["Econom\u00eda"],"inLanguage":"es","potentialAction":[{"@type":"CommentAction","name":"Comment","target":["https:\/\/potenciaradiofonicadominicana.com\/portal\/inflacion-y-empleos-de-calidad-son-los-principales-retos-del-pais-dice-ceara-hatton\/#respond"]}]},{"@type":"WebPage","@id":"https:\/\/potenciaradiofonicadominicana.com\/portal\/inflacion-y-empleos-de-calidad-son-los-principales-retos-del-pais-dice-ceara-hatton\/","url":"https:\/\/potenciaradiofonicadominicana.com\/portal\/inflacion-y-empleos-de-calidad-son-los-principales-retos-del-pais-dice-ceara-hatton\/","name":"Inflaci\u00f3n y empleos de calidad son los principales retos del pa\u00eds, dice Ceara Hatton - PotenciaRadiofonicaDominicana.com","isPartOf":{"@id":"https:\/\/potenciaradiofonicadominicana.com\/portal\/#website"},"primaryImageOfPage":{"@id":"https:\/\/potenciaradiofonicadominicana.com\/portal\/inflacion-y-empleos-de-calidad-son-los-principales-retos-del-pais-dice-ceara-hatton\/#primaryimage"},"image":{"@id":"https:\/\/potenciaradiofonicadominicana.com\/portal\/inflacion-y-empleos-de-calidad-son-los-principales-retos-del-pais-dice-ceara-hatton\/#primaryimage"},"thumbnailUrl":"https:\/\/potenciaradiofonicadominicana.com\/portal\/wp-content\/uploads\/2022\/01\/crop-w1071-h714-whatsapp-image-2022-01-19-at-125824-pm-837499d4-focus-0-0-895-573.jpg","datePublished":"2022-01-20T13:09:38+00:00","breadcrumb":{"@id":"https:\/\/potenciaradiofonicadominicana.com\/portal\/inflacion-y-empleos-de-calidad-son-los-principales-retos-del-pais-dice-ceara-hatton\/#breadcrumb"},"inLanguage":"es","potentialAction":[{"@type":"ReadAction","target":["https:\/\/potenciaradiofonicadominicana.com\/portal\/inflacion-y-empleos-de-calidad-son-los-principales-retos-del-pais-dice-ceara-hatton\/"]}]},{"@type":"ImageObject","inLanguage":"es","@id":"https:\/\/potenciaradiofonicadominicana.com\/portal\/inflacion-y-empleos-de-calidad-son-los-principales-retos-del-pais-dice-ceara-hatton\/#primaryimage","url":"https:\/\/potenciaradiofonicadominicana.com\/portal\/wp-content\/uploads\/2022\/01\/crop-w1071-h714-whatsapp-image-2022-01-19-at-125824-pm-837499d4-focus-0-0-895-573.jpg","contentUrl":"https:\/\/potenciaradiofonicadominicana.com\/portal\/wp-content\/uploads\/2022\/01\/crop-w1071-h714-whatsapp-image-2022-01-19-at-125824-pm-837499d4-focus-0-0-895-573.jpg","width":546,"height":350},{"@type":"BreadcrumbList","@id":"https:\/\/potenciaradiofonicadominicana.com\/portal\/inflacion-y-empleos-de-calidad-son-los-principales-retos-del-pais-dice-ceara-hatton\/#breadcrumb","itemListElement":[{"@type":"ListItem","position":1,"name":"Portada","item":"https:\/\/potenciaradiofonicadominicana.com\/portal\/"},{"@type":"ListItem","position":2,"name":"Inflaci\u00f3n y empleos de calidad son los principales retos del pa\u00eds, dice Ceara Hatton"}]},{"@type":"WebSite","@id":"https:\/\/potenciaradiofonicadominicana.com\/portal\/#website","url":"https:\/\/potenciaradiofonicadominicana.com\/portal\/","name":"PotenciaRadiofonicaDominicana.com","description":"Peri\u00f3dico Digital","publisher":{"@id":"https:\/\/potenciaradiofonicadominicana.com\/portal\/#organization"},"potentialAction":[{"@type":"SearchAction","target":{"@type":"EntryPoint","urlTemplate":"https:\/\/potenciaradiofonicadominicana.com\/portal\/?s={search_term_string}"},"query-input":{"@type":"PropertyValueSpecification","valueRequired":true,"valueName":"search_term_string"}}],"inLanguage":"es"},{"@type":"Organization","@id":"https:\/\/potenciaradiofonicadominicana.com\/portal\/#organization","name":"PotenciaRadiofonicaDominicana.com","url":"https:\/\/potenciaradiofonicadominicana.com\/portal\/","logo":{"@type":"ImageObject","inLanguage":"es","@id":"https:\/\/potenciaradiofonicadominicana.com\/portal\/#\/schema\/logo\/image\/","url":"https:\/\/potenciaradiofonicadominicana.com\/portal\/wp-content\/uploads\/2022\/01\/descarga.png","contentUrl":"https:\/\/potenciaradiofonicadominicana.com\/portal\/wp-content\/uploads\/2022\/01\/descarga.png","width":300,"height":100,"caption":"PotenciaRadiofonicaDominicana.com"},"image":{"@id":"https:\/\/potenciaradiofonicadominicana.com\/portal\/#\/schema\/logo\/image\/"},"sameAs":["https:\/\/web.facebook.com\/PotenciaRadiofonicaD"]},{"@type":"Person","@id":"https:\/\/potenciaradiofonicadominicana.com\/portal\/#\/schema\/person\/a5cf1fea13877803ee0573ac18b03490","name":"Potencia Radiof\u00f3nica Dominicana","image":{"@type":"ImageObject","inLanguage":"es","@id":"https:\/\/potenciaradiofonicadominicana.com\/portal\/#\/schema\/person\/image\/","url":"https:\/\/secure.gravatar.com\/avatar\/42a55ab9e8ccc656ba34cd791990602a?s=96&d=mm&r=g","contentUrl":"https:\/\/secure.gravatar.com\/avatar\/42a55ab9e8ccc656ba34cd791990602a?s=96&d=mm&r=g","caption":"Potencia Radiof\u00f3nica Dominicana"},"url":"https:\/\/potenciaradiofonicadominicana.com\/portal\/author\/johannyalmanzar\/"}]}},"_links":{"self":[{"href":"https:\/\/potenciaradiofonicadominicana.com\/portal\/wp-json\/wp\/v2\/posts\/113149","targetHints":{"allow":["GET"]}}],"collection":[{"href":"https:\/\/potenciaradiofonicadominicana.com\/portal\/wp-json\/wp\/v2\/posts"}],"about":[{"href":"https:\/\/potenciaradiofonicadominicana.com\/portal\/wp-json\/wp\/v2\/types\/post"}],"author":[{"embeddable":true,"href":"https:\/\/potenciaradiofonicadominicana.com\/portal\/wp-json\/wp\/v2\/users\/2"}],"replies":[{"embeddable":true,"href":"https:\/\/potenciaradiofonicadominicana.com\/portal\/wp-json\/wp\/v2\/comments?post=113149"}],"version-history":[{"count":1,"href":"https:\/\/potenciaradiofonicadominicana.com\/portal\/wp-json\/wp\/v2\/posts\/113149\/revisions"}],"predecessor-version":[{"id":113154,"href":"https:\/\/potenciaradiofonicadominicana.com\/portal\/wp-json\/wp\/v2\/posts\/113149\/revisions\/113154"}],"wp:featuredmedia":[{"embeddable":true,"href":"https:\/\/potenciaradiofonicadominicana.com\/portal\/wp-json\/wp\/v2\/media\/113151"}],"wp:attachment":[{"href":"https:\/\/potenciaradiofonicadominicana.com\/portal\/wp-json\/wp\/v2\/media?parent=113149"}],"wp:term":[{"taxonomy":"category","embeddable":true,"href":"https:\/\/potenciaradiofonicadominicana.com\/portal\/wp-json\/wp\/v2\/categories?post=113149"},{"taxonomy":"post_tag","embeddable":true,"href":"https:\/\/potenciaradiofonicadominicana.com\/portal\/wp-json\/wp\/v2\/tags?post=113149"}],"curies":[{"name":"wp","href":"https:\/\/api.w.org\/{rel}","templated":true}]}}