{"id":113141,"date":"2022-01-20T09:07:59","date_gmt":"2022-01-20T13:07:59","guid":{"rendered":"https:\/\/potenciaradiofonicadominicana.com\/portal\/?p=113141"},"modified":"2022-01-20T09:07:59","modified_gmt":"2022-01-20T13:07:59","slug":"colegio-de-veterinarios-pide-intervengan-direccion-de-ganaderia","status":"publish","type":"post","link":"https:\/\/potenciaradiofonicadominicana.com\/portal\/colegio-de-veterinarios-pide-intervengan-direccion-de-ganaderia\/","title":{"rendered":"Colegio de Veterinarios pide intervengan Direcci\u00f3n de Ganader\u00eda"},"content":{"rendered":"<p><a href=\"https:\/\/potenciaradiofonicadominicana.com\/portal\/wp-content\/uploads\/2022\/01\/Vacas.jpg\"><img loading=\"lazy\" decoding=\"async\" class=\"alignnone size-full wp-image-113146\" src=\"https:\/\/potenciaradiofonicadominicana.com\/portal\/wp-content\/uploads\/2022\/01\/Vacas.jpg\" alt=\"\" width=\"1024\" height=\"550\" srcset=\"https:\/\/potenciaradiofonicadominicana.com\/portal\/wp-content\/uploads\/2022\/01\/Vacas.jpg 1024w, https:\/\/potenciaradiofonicadominicana.com\/portal\/wp-content\/uploads\/2022\/01\/Vacas-300x161.jpg 300w, https:\/\/potenciaradiofonicadominicana.com\/portal\/wp-content\/uploads\/2022\/01\/Vacas-768x413.jpg 768w\" sizes=\"auto, (max-width: 1024px) 100vw, 1024px\" \/><\/a><\/p>\n<p>El Colegio Dominicano de M\u00e9dicos\u00a0Veterinarios\u00a0(Colvet) hizo un llamado al presidente de la Rep\u00fablica, Luis Abinader, para que intervenga la Direcci\u00f3n General de Ganader\u00eda (Digega) del Ministerio de Agricultura.<\/p>\n<p>Con tamboras, g\u00fciras y trompetas, una treintena de\u00a0veterinarios\u00a0se manifestaron en la Ciudad Ganadera al c\u00e1ntico de la consigna \u201cFuera el desorden de Ganader\u00eda\u201d.<\/p>\n<p>El presidente del Colvet, F\u00e9lix Flores, expres\u00f3 preocupaci\u00f3n de parte del gremio por la forma en que se administra la\u00a0Digega, entendiendo que pone en peligro la sanidad animal y p\u00fablica del pa\u00eds y el suministro a la poblaci\u00f3n de prote\u00ednas de origen animal en la cantidad y calidad requeridas.<\/p>\n<div id=\"dl_300x250_inread\" data-google-query-id=\"CLrqpZ6ywPUCFQd76Qodg90JuA\">\u00a0\u201cTienen paralizado y pr\u00e1cticamente desmantelado el programa Megaleche que ofrece servicios de asistencia y asesor\u00eda t\u00e9cnica a los productores de leche, solo porque llevan ocho meses sin pagarles a los profesionales que all\u00ed laboran, el uso de sus veh\u00edculos, mantenimiento y combustible, como se hac\u00eda antes\u201d, se\u00f1al\u00f3.<\/div>\n<div data-google-query-id=\"CLrqpZ6ywPUCFQd76Qodg90JuA\">\n<p>El doctor Flores llam\u00f3 la atenci\u00f3n de la opini\u00f3n p\u00fablica sobre la responsabilidad de manejar programas sensibles como es el control y erradicaci\u00f3n de la brucelosis y la tuberculosis bovina, dos enfermedades que por ser zoonosis revisten gran inter\u00e9s en t\u00e9rminos de la salud p\u00fablica, por lo que sus decisiones de importancia estrat\u00e9gica no pueden continuar descansando en personas inexpertas o mantener en la instituci\u00f3n personal capaz que ahora est\u00e1 siendo subutilizado.<\/p>\n<p>\u201cLos t\u00e9cnicos del Departamento de Cuarentena Animal est\u00e1n siendo golpeados, siendo este un departamento vital para la bioseguridad del pa\u00eds, as\u00ed como tambi\u00e9n los programas de brucelosis y tuberculosis que tienen que ver con la salud del pueblo y las enfermedades zoon\u00f3ticas y que hoy est\u00e1n siendo manejados por personas que no son profesionales de la medicina veterinaria\u201d, destac\u00f3 el vocero.<\/p>\n<p>Flores denunci\u00f3 que mientras los altos funcionarios se elevaron los sueldos hasta un 60 % y se pagan junto a sus allegados el 100 % del bono por desempe\u00f1o que otorg\u00f3 el gobierno, al resto de los profesionales y empleados solo le entregaron el 50 %.<\/p>\n<p>El presidente de los\u00a0veterinarios\u00a0asegura que tampoco les pagan a tiempo, les deben tres meses de salario y los fondos para vi\u00e1ticos y transporte al personal que labora en el \u00e1rea de cuarentena animal, lo que crea un ambiente laboral de disgusto e inconformidad.<\/p>\n<p>\u201cHacemos el llamado de atenci\u00f3n al se\u00f1or presidente, porque de continuar esa situaci\u00f3n, el pa\u00eds est\u00e1 abocado a un agravamiento sanitario de las unidades de producci\u00f3n ganadera y la salud p\u00fablica y a que nos sucedan eventos peores al de la peste porcina africana, enfermedad llegada al pa\u00eds a principio del a\u00f1o pasado\u00bb, agreg\u00f3.<\/p>\n<p>Al finalizar la manifestaci\u00f3n, el director de Ganader\u00eda, Geovanny Molina Abramo, recibi\u00f3 en su despacho una comisi\u00f3n de cinco personas para dialogar y encontrar soluciones en conjunto a la problem\u00e1tica planteada por los m\u00e9dicos\u00a0veterinarios.<\/p>\n<\/div>\n","protected":false},"excerpt":{"rendered":"<p>El Colegio Dominicano de M\u00e9dicos\u00a0Veterinarios\u00a0(Colvet) hizo un llamado al presidente de la Rep\u00fablica, Luis Abinader, para que intervenga la Direcci\u00f3n &#8230;<\/p>\n","protected":false},"author":2,"featured_media":113146,"comment_status":"open","ping_status":"open","sticky":false,"template":"","format":"standard","meta":{"footnotes":""},"categories":[26],"tags":[],"class_list":["post-113141","post","type-post","status-publish","format-standard","has-post-thumbnail","hentry","category-economia"],"yoast_head":"<!-- This site is optimized with the Yoast SEO plugin v24.8.1 - https:\/\/yoast.com\/wordpress\/plugins\/seo\/ -->\n<title>Colegio de Veterinarios pide intervengan Direcci\u00f3n de Ganader\u00eda - PotenciaRadiofonicaDominicana.com<\/title>\n<meta name=\"robots\" content=\"index, follow, max-snippet:-1, max-image-preview:large, max-video-preview:-1\" \/>\n<link rel=\"canonical\" href=\"https:\/\/potenciaradiofonicadominicana.com\/portal\/colegio-de-veterinarios-pide-intervengan-direccion-de-ganaderia\/\" \/>\n<meta property=\"og:locale\" content=\"es_ES\" \/>\n<meta property=\"og:type\" content=\"article\" \/>\n<meta property=\"og:title\" content=\"Colegio de Veterinarios pide intervengan Direcci\u00f3n de Ganader\u00eda - PotenciaRadiofonicaDominicana.com\" \/>\n<meta property=\"og:description\" content=\"El Colegio Dominicano de M\u00e9dicos\u00a0Veterinarios\u00a0(Colvet) hizo un llamado al presidente de la Rep\u00fablica, Luis Abinader, para que intervenga la Direcci\u00f3n ...\" \/>\n<meta property=\"og:url\" content=\"https:\/\/potenciaradiofonicadominicana.com\/portal\/colegio-de-veterinarios-pide-intervengan-direccion-de-ganaderia\/\" \/>\n<meta property=\"og:site_name\" content=\"PotenciaRadiofonicaDominicana.com\" \/>\n<meta property=\"article:publisher\" content=\"https:\/\/web.facebook.com\/PotenciaRadiofonicaD\" \/>\n<meta property=\"article:published_time\" content=\"2022-01-20T13:07:59+00:00\" \/>\n<meta property=\"og:image\" content=\"https:\/\/potenciaradiofonicadominicana.com\/portal\/wp-content\/uploads\/2022\/01\/Vacas.jpg\" \/>\n\t<meta property=\"og:image:width\" content=\"1024\" \/>\n\t<meta property=\"og:image:height\" content=\"550\" \/>\n\t<meta property=\"og:image:type\" content=\"image\/jpeg\" \/>\n<meta name=\"author\" content=\"Potencia Radiof\u00f3nica Dominicana\" \/>\n<meta name=\"twitter:card\" content=\"summary_large_image\" \/>\n<meta name=\"twitter:label1\" content=\"Escrito por\" \/>\n\t<meta name=\"twitter:data1\" content=\"Potencia Radiof\u00f3nica Dominicana\" \/>\n\t<meta name=\"twitter:label2\" content=\"Tiempo de lectura\" \/>\n\t<meta name=\"twitter:data2\" content=\"3 minutos\" \/>\n<script type=\"application\/ld+json\" class=\"yoast-schema-graph\">{\"@context\":\"https:\/\/schema.org\",\"@graph\":[{\"@type\":\"Article\",\"@id\":\"https:\/\/potenciaradiofonicadominicana.com\/portal\/colegio-de-veterinarios-pide-intervengan-direccion-de-ganaderia\/#article\",\"isPartOf\":{\"@id\":\"https:\/\/potenciaradiofonicadominicana.com\/portal\/colegio-de-veterinarios-pide-intervengan-direccion-de-ganaderia\/\"},\"author\":{\"name\":\"Potencia Radiof\u00f3nica Dominicana\",\"@id\":\"https:\/\/potenciaradiofonicadominicana.com\/portal\/#\/schema\/person\/a5cf1fea13877803ee0573ac18b03490\"},\"headline\":\"Colegio de Veterinarios pide intervengan Direcci\u00f3n de Ganader\u00eda\",\"datePublished\":\"2022-01-20T13:07:59+00:00\",\"mainEntityOfPage\":{\"@id\":\"https:\/\/potenciaradiofonicadominicana.com\/portal\/colegio-de-veterinarios-pide-intervengan-direccion-de-ganaderia\/\"},\"wordCount\":518,\"commentCount\":0,\"publisher\":{\"@id\":\"https:\/\/potenciaradiofonicadominicana.com\/portal\/#organization\"},\"image\":{\"@id\":\"https:\/\/potenciaradiofonicadominicana.com\/portal\/colegio-de-veterinarios-pide-intervengan-direccion-de-ganaderia\/#primaryimage\"},\"thumbnailUrl\":\"https:\/\/potenciaradiofonicadominicana.com\/portal\/wp-content\/uploads\/2022\/01\/Vacas.jpg\",\"articleSection\":[\"Econom\u00eda\"],\"inLanguage\":\"es\",\"potentialAction\":[{\"@type\":\"CommentAction\",\"name\":\"Comment\",\"target\":[\"https:\/\/potenciaradiofonicadominicana.com\/portal\/colegio-de-veterinarios-pide-intervengan-direccion-de-ganaderia\/#respond\"]}]},{\"@type\":\"WebPage\",\"@id\":\"https:\/\/potenciaradiofonicadominicana.com\/portal\/colegio-de-veterinarios-pide-intervengan-direccion-de-ganaderia\/\",\"url\":\"https:\/\/potenciaradiofonicadominicana.com\/portal\/colegio-de-veterinarios-pide-intervengan-direccion-de-ganaderia\/\",\"name\":\"Colegio de Veterinarios pide intervengan Direcci\u00f3n de Ganader\u00eda - PotenciaRadiofonicaDominicana.com\",\"isPartOf\":{\"@id\":\"https:\/\/potenciaradiofonicadominicana.com\/portal\/#website\"},\"primaryImageOfPage\":{\"@id\":\"https:\/\/potenciaradiofonicadominicana.com\/portal\/colegio-de-veterinarios-pide-intervengan-direccion-de-ganaderia\/#primaryimage\"},\"image\":{\"@id\":\"https:\/\/potenciaradiofonicadominicana.com\/portal\/colegio-de-veterinarios-pide-intervengan-direccion-de-ganaderia\/#primaryimage\"},\"thumbnailUrl\":\"https:\/\/potenciaradiofonicadominicana.com\/portal\/wp-content\/uploads\/2022\/01\/Vacas.jpg\",\"datePublished\":\"2022-01-20T13:07:59+00:00\",\"breadcrumb\":{\"@id\":\"https:\/\/potenciaradiofonicadominicana.com\/portal\/colegio-de-veterinarios-pide-intervengan-direccion-de-ganaderia\/#breadcrumb\"},\"inLanguage\":\"es\",\"potentialAction\":[{\"@type\":\"ReadAction\",\"target\":[\"https:\/\/potenciaradiofonicadominicana.com\/portal\/colegio-de-veterinarios-pide-intervengan-direccion-de-ganaderia\/\"]}]},{\"@type\":\"ImageObject\",\"inLanguage\":\"es\",\"@id\":\"https:\/\/potenciaradiofonicadominicana.com\/portal\/colegio-de-veterinarios-pide-intervengan-direccion-de-ganaderia\/#primaryimage\",\"url\":\"https:\/\/potenciaradiofonicadominicana.com\/portal\/wp-content\/uploads\/2022\/01\/Vacas.jpg\",\"contentUrl\":\"https:\/\/potenciaradiofonicadominicana.com\/portal\/wp-content\/uploads\/2022\/01\/Vacas.jpg\",\"width\":1024,\"height\":550},{\"@type\":\"BreadcrumbList\",\"@id\":\"https:\/\/potenciaradiofonicadominicana.com\/portal\/colegio-de-veterinarios-pide-intervengan-direccion-de-ganaderia\/#breadcrumb\",\"itemListElement\":[{\"@type\":\"ListItem\",\"position\":1,\"name\":\"Portada\",\"item\":\"https:\/\/potenciaradiofonicadominicana.com\/portal\/\"},{\"@type\":\"ListItem\",\"position\":2,\"name\":\"Colegio de Veterinarios pide intervengan Direcci\u00f3n de Ganader\u00eda\"}]},{\"@type\":\"WebSite\",\"@id\":\"https:\/\/potenciaradiofonicadominicana.com\/portal\/#website\",\"url\":\"https:\/\/potenciaradiofonicadominicana.com\/portal\/\",\"name\":\"PotenciaRadiofonicaDominicana.com\",\"description\":\"Peri\u00f3dico Digital\",\"publisher\":{\"@id\":\"https:\/\/potenciaradiofonicadominicana.com\/portal\/#organization\"},\"potentialAction\":[{\"@type\":\"SearchAction\",\"target\":{\"@type\":\"EntryPoint\",\"urlTemplate\":\"https:\/\/potenciaradiofonicadominicana.com\/portal\/?s={search_term_string}\"},\"query-input\":{\"@type\":\"PropertyValueSpecification\",\"valueRequired\":true,\"valueName\":\"search_term_string\"}}],\"inLanguage\":\"es\"},{\"@type\":\"Organization\",\"@id\":\"https:\/\/potenciaradiofonicadominicana.com\/portal\/#organization\",\"name\":\"PotenciaRadiofonicaDominicana.com\",\"url\":\"https:\/\/potenciaradiofonicadominicana.com\/portal\/\",\"logo\":{\"@type\":\"ImageObject\",\"inLanguage\":\"es\",\"@id\":\"https:\/\/potenciaradiofonicadominicana.com\/portal\/#\/schema\/logo\/image\/\",\"url\":\"https:\/\/potenciaradiofonicadominicana.com\/portal\/wp-content\/uploads\/2022\/01\/descarga.png\",\"contentUrl\":\"https:\/\/potenciaradiofonicadominicana.com\/portal\/wp-content\/uploads\/2022\/01\/descarga.png\",\"width\":300,\"height\":100,\"caption\":\"PotenciaRadiofonicaDominicana.com\"},\"image\":{\"@id\":\"https:\/\/potenciaradiofonicadominicana.com\/portal\/#\/schema\/logo\/image\/\"},\"sameAs\":[\"https:\/\/web.facebook.com\/PotenciaRadiofonicaD\"]},{\"@type\":\"Person\",\"@id\":\"https:\/\/potenciaradiofonicadominicana.com\/portal\/#\/schema\/person\/a5cf1fea13877803ee0573ac18b03490\",\"name\":\"Potencia Radiof\u00f3nica Dominicana\",\"image\":{\"@type\":\"ImageObject\",\"inLanguage\":\"es\",\"@id\":\"https:\/\/potenciaradiofonicadominicana.com\/portal\/#\/schema\/person\/image\/\",\"url\":\"https:\/\/secure.gravatar.com\/avatar\/42a55ab9e8ccc656ba34cd791990602a?s=96&d=mm&r=g\",\"contentUrl\":\"https:\/\/secure.gravatar.com\/avatar\/42a55ab9e8ccc656ba34cd791990602a?s=96&d=mm&r=g\",\"caption\":\"Potencia Radiof\u00f3nica Dominicana\"},\"url\":\"https:\/\/potenciaradiofonicadominicana.com\/portal\/author\/johannyalmanzar\/\"}]}<\/script>\n<!-- \/ Yoast SEO plugin. -->","yoast_head_json":{"title":"Colegio de Veterinarios pide intervengan Direcci\u00f3n de Ganader\u00eda - PotenciaRadiofonicaDominicana.com","robots":{"index":"index","follow":"follow","max-snippet":"max-snippet:-1","max-image-preview":"max-image-preview:large","max-video-preview":"max-video-preview:-1"},"canonical":"https:\/\/potenciaradiofonicadominicana.com\/portal\/colegio-de-veterinarios-pide-intervengan-direccion-de-ganaderia\/","og_locale":"es_ES","og_type":"article","og_title":"Colegio de Veterinarios pide intervengan Direcci\u00f3n de Ganader\u00eda - PotenciaRadiofonicaDominicana.com","og_description":"El Colegio Dominicano de M\u00e9dicos\u00a0Veterinarios\u00a0(Colvet) hizo un llamado al presidente de la Rep\u00fablica, Luis Abinader, para que intervenga la Direcci\u00f3n ...","og_url":"https:\/\/potenciaradiofonicadominicana.com\/portal\/colegio-de-veterinarios-pide-intervengan-direccion-de-ganaderia\/","og_site_name":"PotenciaRadiofonicaDominicana.com","article_publisher":"https:\/\/web.facebook.com\/PotenciaRadiofonicaD","article_published_time":"2022-01-20T13:07:59+00:00","og_image":[{"width":1024,"height":550,"url":"https:\/\/potenciaradiofonicadominicana.com\/portal\/wp-content\/uploads\/2022\/01\/Vacas.jpg","type":"image\/jpeg"}],"author":"Potencia Radiof\u00f3nica Dominicana","twitter_card":"summary_large_image","twitter_misc":{"Escrito por":"Potencia Radiof\u00f3nica Dominicana","Tiempo de lectura":"3 minutos"},"schema":{"@context":"https:\/\/schema.org","@graph":[{"@type":"Article","@id":"https:\/\/potenciaradiofonicadominicana.com\/portal\/colegio-de-veterinarios-pide-intervengan-direccion-de-ganaderia\/#article","isPartOf":{"@id":"https:\/\/potenciaradiofonicadominicana.com\/portal\/colegio-de-veterinarios-pide-intervengan-direccion-de-ganaderia\/"},"author":{"name":"Potencia Radiof\u00f3nica Dominicana","@id":"https:\/\/potenciaradiofonicadominicana.com\/portal\/#\/schema\/person\/a5cf1fea13877803ee0573ac18b03490"},"headline":"Colegio de Veterinarios pide intervengan Direcci\u00f3n de Ganader\u00eda","datePublished":"2022-01-20T13:07:59+00:00","mainEntityOfPage":{"@id":"https:\/\/potenciaradiofonicadominicana.com\/portal\/colegio-de-veterinarios-pide-intervengan-direccion-de-ganaderia\/"},"wordCount":518,"commentCount":0,"publisher":{"@id":"https:\/\/potenciaradiofonicadominicana.com\/portal\/#organization"},"image":{"@id":"https:\/\/potenciaradiofonicadominicana.com\/portal\/colegio-de-veterinarios-pide-intervengan-direccion-de-ganaderia\/#primaryimage"},"thumbnailUrl":"https:\/\/potenciaradiofonicadominicana.com\/portal\/wp-content\/uploads\/2022\/01\/Vacas.jpg","articleSection":["Econom\u00eda"],"inLanguage":"es","potentialAction":[{"@type":"CommentAction","name":"Comment","target":["https:\/\/potenciaradiofonicadominicana.com\/portal\/colegio-de-veterinarios-pide-intervengan-direccion-de-ganaderia\/#respond"]}]},{"@type":"WebPage","@id":"https:\/\/potenciaradiofonicadominicana.com\/portal\/colegio-de-veterinarios-pide-intervengan-direccion-de-ganaderia\/","url":"https:\/\/potenciaradiofonicadominicana.com\/portal\/colegio-de-veterinarios-pide-intervengan-direccion-de-ganaderia\/","name":"Colegio de Veterinarios pide intervengan Direcci\u00f3n de Ganader\u00eda - PotenciaRadiofonicaDominicana.com","isPartOf":{"@id":"https:\/\/potenciaradiofonicadominicana.com\/portal\/#website"},"primaryImageOfPage":{"@id":"https:\/\/potenciaradiofonicadominicana.com\/portal\/colegio-de-veterinarios-pide-intervengan-direccion-de-ganaderia\/#primaryimage"},"image":{"@id":"https:\/\/potenciaradiofonicadominicana.com\/portal\/colegio-de-veterinarios-pide-intervengan-direccion-de-ganaderia\/#primaryimage"},"thumbnailUrl":"https:\/\/potenciaradiofonicadominicana.com\/portal\/wp-content\/uploads\/2022\/01\/Vacas.jpg","datePublished":"2022-01-20T13:07:59+00:00","breadcrumb":{"@id":"https:\/\/potenciaradiofonicadominicana.com\/portal\/colegio-de-veterinarios-pide-intervengan-direccion-de-ganaderia\/#breadcrumb"},"inLanguage":"es","potentialAction":[{"@type":"ReadAction","target":["https:\/\/potenciaradiofonicadominicana.com\/portal\/colegio-de-veterinarios-pide-intervengan-direccion-de-ganaderia\/"]}]},{"@type":"ImageObject","inLanguage":"es","@id":"https:\/\/potenciaradiofonicadominicana.com\/portal\/colegio-de-veterinarios-pide-intervengan-direccion-de-ganaderia\/#primaryimage","url":"https:\/\/potenciaradiofonicadominicana.com\/portal\/wp-content\/uploads\/2022\/01\/Vacas.jpg","contentUrl":"https:\/\/potenciaradiofonicadominicana.com\/portal\/wp-content\/uploads\/2022\/01\/Vacas.jpg","width":1024,"height":550},{"@type":"BreadcrumbList","@id":"https:\/\/potenciaradiofonicadominicana.com\/portal\/colegio-de-veterinarios-pide-intervengan-direccion-de-ganaderia\/#breadcrumb","itemListElement":[{"@type":"ListItem","position":1,"name":"Portada","item":"https:\/\/potenciaradiofonicadominicana.com\/portal\/"},{"@type":"ListItem","position":2,"name":"Colegio de Veterinarios pide intervengan Direcci\u00f3n de Ganader\u00eda"}]},{"@type":"WebSite","@id":"https:\/\/potenciaradiofonicadominicana.com\/portal\/#website","url":"https:\/\/potenciaradiofonicadominicana.com\/portal\/","name":"PotenciaRadiofonicaDominicana.com","description":"Peri\u00f3dico Digital","publisher":{"@id":"https:\/\/potenciaradiofonicadominicana.com\/portal\/#organization"},"potentialAction":[{"@type":"SearchAction","target":{"@type":"EntryPoint","urlTemplate":"https:\/\/potenciaradiofonicadominicana.com\/portal\/?s={search_term_string}"},"query-input":{"@type":"PropertyValueSpecification","valueRequired":true,"valueName":"search_term_string"}}],"inLanguage":"es"},{"@type":"Organization","@id":"https:\/\/potenciaradiofonicadominicana.com\/portal\/#organization","name":"PotenciaRadiofonicaDominicana.com","url":"https:\/\/potenciaradiofonicadominicana.com\/portal\/","logo":{"@type":"ImageObject","inLanguage":"es","@id":"https:\/\/potenciaradiofonicadominicana.com\/portal\/#\/schema\/logo\/image\/","url":"https:\/\/potenciaradiofonicadominicana.com\/portal\/wp-content\/uploads\/2022\/01\/descarga.png","contentUrl":"https:\/\/potenciaradiofonicadominicana.com\/portal\/wp-content\/uploads\/2022\/01\/descarga.png","width":300,"height":100,"caption":"PotenciaRadiofonicaDominicana.com"},"image":{"@id":"https:\/\/potenciaradiofonicadominicana.com\/portal\/#\/schema\/logo\/image\/"},"sameAs":["https:\/\/web.facebook.com\/PotenciaRadiofonicaD"]},{"@type":"Person","@id":"https:\/\/potenciaradiofonicadominicana.com\/portal\/#\/schema\/person\/a5cf1fea13877803ee0573ac18b03490","name":"Potencia Radiof\u00f3nica Dominicana","image":{"@type":"ImageObject","inLanguage":"es","@id":"https:\/\/potenciaradiofonicadominicana.com\/portal\/#\/schema\/person\/image\/","url":"https:\/\/secure.gravatar.com\/avatar\/42a55ab9e8ccc656ba34cd791990602a?s=96&d=mm&r=g","contentUrl":"https:\/\/secure.gravatar.com\/avatar\/42a55ab9e8ccc656ba34cd791990602a?s=96&d=mm&r=g","caption":"Potencia Radiof\u00f3nica Dominicana"},"url":"https:\/\/potenciaradiofonicadominicana.com\/portal\/author\/johannyalmanzar\/"}]}},"_links":{"self":[{"href":"https:\/\/potenciaradiofonicadominicana.com\/portal\/wp-json\/wp\/v2\/posts\/113141","targetHints":{"allow":["GET"]}}],"collection":[{"href":"https:\/\/potenciaradiofonicadominicana.com\/portal\/wp-json\/wp\/v2\/posts"}],"about":[{"href":"https:\/\/potenciaradiofonicadominicana.com\/portal\/wp-json\/wp\/v2\/types\/post"}],"author":[{"embeddable":true,"href":"https:\/\/potenciaradiofonicadominicana.com\/portal\/wp-json\/wp\/v2\/users\/2"}],"replies":[{"embeddable":true,"href":"https:\/\/potenciaradiofonicadominicana.com\/portal\/wp-json\/wp\/v2\/comments?post=113141"}],"version-history":[{"count":1,"href":"https:\/\/potenciaradiofonicadominicana.com\/portal\/wp-json\/wp\/v2\/posts\/113141\/revisions"}],"predecessor-version":[{"id":113148,"href":"https:\/\/potenciaradiofonicadominicana.com\/portal\/wp-json\/wp\/v2\/posts\/113141\/revisions\/113148"}],"wp:featuredmedia":[{"embeddable":true,"href":"https:\/\/potenciaradiofonicadominicana.com\/portal\/wp-json\/wp\/v2\/media\/113146"}],"wp:attachment":[{"href":"https:\/\/potenciaradiofonicadominicana.com\/portal\/wp-json\/wp\/v2\/media?parent=113141"}],"wp:term":[{"taxonomy":"category","embeddable":true,"href":"https:\/\/potenciaradiofonicadominicana.com\/portal\/wp-json\/wp\/v2\/categories?post=113141"},{"taxonomy":"post_tag","embeddable":true,"href":"https:\/\/potenciaradiofonicadominicana.com\/portal\/wp-json\/wp\/v2\/tags?post=113141"}],"curies":[{"name":"wp","href":"https:\/\/api.w.org\/{rel}","templated":true}]}}