{"id":113137,"date":"2022-01-20T09:03:47","date_gmt":"2022-01-20T13:03:47","guid":{"rendered":"https:\/\/potenciaradiofonicadominicana.com\/portal\/?p=113137"},"modified":"2022-01-20T09:03:47","modified_gmt":"2022-01-20T13:03:47","slug":"interenergy-producira-600-megawatts-de-energia-renovable-para-punta-cana","status":"publish","type":"post","link":"https:\/\/potenciaradiofonicadominicana.com\/portal\/interenergy-producira-600-megawatts-de-energia-renovable-para-punta-cana\/","title":{"rendered":"InterEnergy producir\u00e1 600 megawatts de energ\u00eda renovable para Punta Cana"},"content":{"rendered":"<p><a href=\"https:\/\/potenciaradiofonicadominicana.com\/portal\/wp-content\/uploads\/2022\/01\/cepm-a27ce93f-focus-0-0-895-573.jpg\"><img loading=\"lazy\" decoding=\"async\" class=\"alignnone size-full wp-image-113138\" src=\"https:\/\/potenciaradiofonicadominicana.com\/portal\/wp-content\/uploads\/2022\/01\/cepm-a27ce93f-focus-0-0-895-573.jpg\" alt=\"\" width=\"895\" height=\"573\" srcset=\"https:\/\/potenciaradiofonicadominicana.com\/portal\/wp-content\/uploads\/2022\/01\/cepm-a27ce93f-focus-0-0-895-573.jpg 895w, https:\/\/potenciaradiofonicadominicana.com\/portal\/wp-content\/uploads\/2022\/01\/cepm-a27ce93f-focus-0-0-895-573-300x192.jpg 300w, https:\/\/potenciaradiofonicadominicana.com\/portal\/wp-content\/uploads\/2022\/01\/cepm-a27ce93f-focus-0-0-895-573-768x492.jpg 768w\" sizes=\"auto, (max-width: 895px) 100vw, 895px\" \/><\/a><\/p>\n<p>La empresa\u00a0InterEnergy\u00a0desarrollar\u00e1 proyectos de energ\u00eda limpia para producir 600 megawatts de electricidad, con una\u00a0inversi\u00f3n\u00a0superior a US$1,000 millones.<\/p>\n<p>El anuncio lo hizo Rolando Gonz\u00e1lez Bunster, presidente de\u00a0InterEnergy, durante una reuni\u00f3n con el presidente Luis Abinader, en un aparte de la\u00a0Feria Internacional de Turismo\u00a0(Fitur), que fue inaugurada este mi\u00e9rcoles por los reyes espa\u00f1oles Don Felipe y Do\u00f1a Letizia, junto al mandatario dominicano.<\/p>\n<p>\u201cSe trata de un proyecto que producir\u00e1 600 megawatts con molinos de viento, paneles solares e hidr\u00f3geno verde\u201d, explic\u00f3 Gonz\u00e1lez Bunster.<\/p>\n<p>Y agreg\u00f3: \u201ces un compromiso que va a tomar varios a\u00f1os para usar\u00a0energ\u00eda renovable. Eso nos ayudar\u00e1 a tener un precio fijo, que no dependa de lo que suceda con el petr\u00f3leo o el gas\u201d.<\/p>\n<p>El financiamiento del proyecto estar\u00e1 a cargo de un fondo de\u00a0inversi\u00f3n\u00a0de Kuwait, inform\u00f3 el empresario. Manifest\u00f3 que este proyecto es una muestra \u201cde la confianza y el amor que tenemos por la Rep\u00fablica Dominicana\u201d.<\/p>\n<p>En tanto, el jefe de Estado resalt\u00f3 las iniciativas del pa\u00eds para impulsar proyectos de energ\u00eda limpia.<\/p>\n<p>\u201cHemos triplicado la cantidad de proyectos de\u00a0energ\u00eda renovable\u00a0y este ser\u00eda el m\u00e1s grande de todos\u201d, destac\u00f3 Abinader.<\/p>\n<p>El proyecto ser\u00e1 desarrollado en fases y la primera entrar\u00e1 en funcionamiento en el 2023. \u00abPara ese a\u00f1o producir\u00e1 un 20 % de lo estimado, un 20 % extra para el 2024 y as\u00ed sucesivamente\u201d, detall\u00f3 M\u00f3nica Lupi\u00f1o, directora de energ\u00eda renovables de\u00a0InterEnergy.<\/p>\n","protected":false},"excerpt":{"rendered":"<p>La empresa\u00a0InterEnergy\u00a0desarrollar\u00e1 proyectos de energ\u00eda limpia para producir 600 megawatts de electricidad, con una\u00a0inversi\u00f3n\u00a0superior a US$1,000 millones. El anuncio lo &#8230;<\/p>\n","protected":false},"author":2,"featured_media":113138,"comment_status":"open","ping_status":"open","sticky":false,"template":"","format":"standard","meta":{"footnotes":""},"categories":[26],"tags":[],"class_list":["post-113137","post","type-post","status-publish","format-standard","has-post-thumbnail","hentry","category-economia"],"yoast_head":"<!-- This site is optimized with the Yoast SEO plugin v24.8.1 - https:\/\/yoast.com\/wordpress\/plugins\/seo\/ -->\n<title>InterEnergy producir\u00e1 600 megawatts de energ\u00eda renovable para Punta Cana - PotenciaRadiofonicaDominicana.com<\/title>\n<meta name=\"robots\" content=\"index, follow, max-snippet:-1, max-image-preview:large, max-video-preview:-1\" \/>\n<link rel=\"canonical\" href=\"https:\/\/potenciaradiofonicadominicana.com\/portal\/interenergy-producira-600-megawatts-de-energia-renovable-para-punta-cana\/\" \/>\n<meta property=\"og:locale\" content=\"es_ES\" \/>\n<meta property=\"og:type\" content=\"article\" \/>\n<meta property=\"og:title\" content=\"InterEnergy producir\u00e1 600 megawatts de energ\u00eda renovable para Punta Cana - PotenciaRadiofonicaDominicana.com\" \/>\n<meta property=\"og:description\" content=\"La empresa\u00a0InterEnergy\u00a0desarrollar\u00e1 proyectos de energ\u00eda limpia para producir 600 megawatts de electricidad, con una\u00a0inversi\u00f3n\u00a0superior a US$1,000 millones. El anuncio lo ...\" \/>\n<meta property=\"og:url\" content=\"https:\/\/potenciaradiofonicadominicana.com\/portal\/interenergy-producira-600-megawatts-de-energia-renovable-para-punta-cana\/\" \/>\n<meta property=\"og:site_name\" content=\"PotenciaRadiofonicaDominicana.com\" \/>\n<meta property=\"article:publisher\" content=\"https:\/\/web.facebook.com\/PotenciaRadiofonicaD\" \/>\n<meta property=\"article:published_time\" content=\"2022-01-20T13:03:47+00:00\" \/>\n<meta property=\"og:image\" content=\"https:\/\/potenciaradiofonicadominicana.com\/portal\/wp-content\/uploads\/2022\/01\/cepm-a27ce93f-focus-0-0-895-573.jpg\" \/>\n\t<meta property=\"og:image:width\" content=\"895\" \/>\n\t<meta property=\"og:image:height\" content=\"573\" \/>\n\t<meta property=\"og:image:type\" content=\"image\/jpeg\" \/>\n<meta name=\"author\" content=\"Potencia Radiof\u00f3nica Dominicana\" \/>\n<meta name=\"twitter:card\" content=\"summary_large_image\" \/>\n<meta name=\"twitter:label1\" content=\"Escrito por\" \/>\n\t<meta name=\"twitter:data1\" content=\"Potencia Radiof\u00f3nica Dominicana\" \/>\n\t<meta name=\"twitter:label2\" content=\"Tiempo de lectura\" \/>\n\t<meta name=\"twitter:data2\" content=\"1 minuto\" \/>\n<script type=\"application\/ld+json\" class=\"yoast-schema-graph\">{\"@context\":\"https:\/\/schema.org\",\"@graph\":[{\"@type\":\"Article\",\"@id\":\"https:\/\/potenciaradiofonicadominicana.com\/portal\/interenergy-producira-600-megawatts-de-energia-renovable-para-punta-cana\/#article\",\"isPartOf\":{\"@id\":\"https:\/\/potenciaradiofonicadominicana.com\/portal\/interenergy-producira-600-megawatts-de-energia-renovable-para-punta-cana\/\"},\"author\":{\"name\":\"Potencia Radiof\u00f3nica Dominicana\",\"@id\":\"https:\/\/potenciaradiofonicadominicana.com\/portal\/#\/schema\/person\/a5cf1fea13877803ee0573ac18b03490\"},\"headline\":\"InterEnergy producir\u00e1 600 megawatts de energ\u00eda renovable para Punta Cana\",\"datePublished\":\"2022-01-20T13:03:47+00:00\",\"mainEntityOfPage\":{\"@id\":\"https:\/\/potenciaradiofonicadominicana.com\/portal\/interenergy-producira-600-megawatts-de-energia-renovable-para-punta-cana\/\"},\"wordCount\":265,\"commentCount\":0,\"publisher\":{\"@id\":\"https:\/\/potenciaradiofonicadominicana.com\/portal\/#organization\"},\"image\":{\"@id\":\"https:\/\/potenciaradiofonicadominicana.com\/portal\/interenergy-producira-600-megawatts-de-energia-renovable-para-punta-cana\/#primaryimage\"},\"thumbnailUrl\":\"https:\/\/potenciaradiofonicadominicana.com\/portal\/wp-content\/uploads\/2022\/01\/cepm-a27ce93f-focus-0-0-895-573.jpg\",\"articleSection\":[\"Econom\u00eda\"],\"inLanguage\":\"es\",\"potentialAction\":[{\"@type\":\"CommentAction\",\"name\":\"Comment\",\"target\":[\"https:\/\/potenciaradiofonicadominicana.com\/portal\/interenergy-producira-600-megawatts-de-energia-renovable-para-punta-cana\/#respond\"]}]},{\"@type\":\"WebPage\",\"@id\":\"https:\/\/potenciaradiofonicadominicana.com\/portal\/interenergy-producira-600-megawatts-de-energia-renovable-para-punta-cana\/\",\"url\":\"https:\/\/potenciaradiofonicadominicana.com\/portal\/interenergy-producira-600-megawatts-de-energia-renovable-para-punta-cana\/\",\"name\":\"InterEnergy producir\u00e1 600 megawatts de energ\u00eda renovable para Punta Cana - PotenciaRadiofonicaDominicana.com\",\"isPartOf\":{\"@id\":\"https:\/\/potenciaradiofonicadominicana.com\/portal\/#website\"},\"primaryImageOfPage\":{\"@id\":\"https:\/\/potenciaradiofonicadominicana.com\/portal\/interenergy-producira-600-megawatts-de-energia-renovable-para-punta-cana\/#primaryimage\"},\"image\":{\"@id\":\"https:\/\/potenciaradiofonicadominicana.com\/portal\/interenergy-producira-600-megawatts-de-energia-renovable-para-punta-cana\/#primaryimage\"},\"thumbnailUrl\":\"https:\/\/potenciaradiofonicadominicana.com\/portal\/wp-content\/uploads\/2022\/01\/cepm-a27ce93f-focus-0-0-895-573.jpg\",\"datePublished\":\"2022-01-20T13:03:47+00:00\",\"breadcrumb\":{\"@id\":\"https:\/\/potenciaradiofonicadominicana.com\/portal\/interenergy-producira-600-megawatts-de-energia-renovable-para-punta-cana\/#breadcrumb\"},\"inLanguage\":\"es\",\"potentialAction\":[{\"@type\":\"ReadAction\",\"target\":[\"https:\/\/potenciaradiofonicadominicana.com\/portal\/interenergy-producira-600-megawatts-de-energia-renovable-para-punta-cana\/\"]}]},{\"@type\":\"ImageObject\",\"inLanguage\":\"es\",\"@id\":\"https:\/\/potenciaradiofonicadominicana.com\/portal\/interenergy-producira-600-megawatts-de-energia-renovable-para-punta-cana\/#primaryimage\",\"url\":\"https:\/\/potenciaradiofonicadominicana.com\/portal\/wp-content\/uploads\/2022\/01\/cepm-a27ce93f-focus-0-0-895-573.jpg\",\"contentUrl\":\"https:\/\/potenciaradiofonicadominicana.com\/portal\/wp-content\/uploads\/2022\/01\/cepm-a27ce93f-focus-0-0-895-573.jpg\",\"width\":895,\"height\":573},{\"@type\":\"BreadcrumbList\",\"@id\":\"https:\/\/potenciaradiofonicadominicana.com\/portal\/interenergy-producira-600-megawatts-de-energia-renovable-para-punta-cana\/#breadcrumb\",\"itemListElement\":[{\"@type\":\"ListItem\",\"position\":1,\"name\":\"Portada\",\"item\":\"https:\/\/potenciaradiofonicadominicana.com\/portal\/\"},{\"@type\":\"ListItem\",\"position\":2,\"name\":\"InterEnergy producir\u00e1 600 megawatts de energ\u00eda renovable para Punta Cana\"}]},{\"@type\":\"WebSite\",\"@id\":\"https:\/\/potenciaradiofonicadominicana.com\/portal\/#website\",\"url\":\"https:\/\/potenciaradiofonicadominicana.com\/portal\/\",\"name\":\"PotenciaRadiofonicaDominicana.com\",\"description\":\"Peri\u00f3dico Digital\",\"publisher\":{\"@id\":\"https:\/\/potenciaradiofonicadominicana.com\/portal\/#organization\"},\"potentialAction\":[{\"@type\":\"SearchAction\",\"target\":{\"@type\":\"EntryPoint\",\"urlTemplate\":\"https:\/\/potenciaradiofonicadominicana.com\/portal\/?s={search_term_string}\"},\"query-input\":{\"@type\":\"PropertyValueSpecification\",\"valueRequired\":true,\"valueName\":\"search_term_string\"}}],\"inLanguage\":\"es\"},{\"@type\":\"Organization\",\"@id\":\"https:\/\/potenciaradiofonicadominicana.com\/portal\/#organization\",\"name\":\"PotenciaRadiofonicaDominicana.com\",\"url\":\"https:\/\/potenciaradiofonicadominicana.com\/portal\/\",\"logo\":{\"@type\":\"ImageObject\",\"inLanguage\":\"es\",\"@id\":\"https:\/\/potenciaradiofonicadominicana.com\/portal\/#\/schema\/logo\/image\/\",\"url\":\"https:\/\/potenciaradiofonicadominicana.com\/portal\/wp-content\/uploads\/2022\/01\/descarga.png\",\"contentUrl\":\"https:\/\/potenciaradiofonicadominicana.com\/portal\/wp-content\/uploads\/2022\/01\/descarga.png\",\"width\":300,\"height\":100,\"caption\":\"PotenciaRadiofonicaDominicana.com\"},\"image\":{\"@id\":\"https:\/\/potenciaradiofonicadominicana.com\/portal\/#\/schema\/logo\/image\/\"},\"sameAs\":[\"https:\/\/web.facebook.com\/PotenciaRadiofonicaD\"]},{\"@type\":\"Person\",\"@id\":\"https:\/\/potenciaradiofonicadominicana.com\/portal\/#\/schema\/person\/a5cf1fea13877803ee0573ac18b03490\",\"name\":\"Potencia Radiof\u00f3nica Dominicana\",\"image\":{\"@type\":\"ImageObject\",\"inLanguage\":\"es\",\"@id\":\"https:\/\/potenciaradiofonicadominicana.com\/portal\/#\/schema\/person\/image\/\",\"url\":\"https:\/\/secure.gravatar.com\/avatar\/42a55ab9e8ccc656ba34cd791990602a?s=96&d=mm&r=g\",\"contentUrl\":\"https:\/\/secure.gravatar.com\/avatar\/42a55ab9e8ccc656ba34cd791990602a?s=96&d=mm&r=g\",\"caption\":\"Potencia Radiof\u00f3nica Dominicana\"},\"url\":\"https:\/\/potenciaradiofonicadominicana.com\/portal\/author\/johannyalmanzar\/\"}]}<\/script>\n<!-- \/ Yoast SEO plugin. -->","yoast_head_json":{"title":"InterEnergy producir\u00e1 600 megawatts de energ\u00eda renovable para Punta Cana - PotenciaRadiofonicaDominicana.com","robots":{"index":"index","follow":"follow","max-snippet":"max-snippet:-1","max-image-preview":"max-image-preview:large","max-video-preview":"max-video-preview:-1"},"canonical":"https:\/\/potenciaradiofonicadominicana.com\/portal\/interenergy-producira-600-megawatts-de-energia-renovable-para-punta-cana\/","og_locale":"es_ES","og_type":"article","og_title":"InterEnergy producir\u00e1 600 megawatts de energ\u00eda renovable para Punta Cana - PotenciaRadiofonicaDominicana.com","og_description":"La empresa\u00a0InterEnergy\u00a0desarrollar\u00e1 proyectos de energ\u00eda limpia para producir 600 megawatts de electricidad, con una\u00a0inversi\u00f3n\u00a0superior a US$1,000 millones. El anuncio lo ...","og_url":"https:\/\/potenciaradiofonicadominicana.com\/portal\/interenergy-producira-600-megawatts-de-energia-renovable-para-punta-cana\/","og_site_name":"PotenciaRadiofonicaDominicana.com","article_publisher":"https:\/\/web.facebook.com\/PotenciaRadiofonicaD","article_published_time":"2022-01-20T13:03:47+00:00","og_image":[{"width":895,"height":573,"url":"https:\/\/potenciaradiofonicadominicana.com\/portal\/wp-content\/uploads\/2022\/01\/cepm-a27ce93f-focus-0-0-895-573.jpg","type":"image\/jpeg"}],"author":"Potencia Radiof\u00f3nica Dominicana","twitter_card":"summary_large_image","twitter_misc":{"Escrito por":"Potencia Radiof\u00f3nica Dominicana","Tiempo de lectura":"1 minuto"},"schema":{"@context":"https:\/\/schema.org","@graph":[{"@type":"Article","@id":"https:\/\/potenciaradiofonicadominicana.com\/portal\/interenergy-producira-600-megawatts-de-energia-renovable-para-punta-cana\/#article","isPartOf":{"@id":"https:\/\/potenciaradiofonicadominicana.com\/portal\/interenergy-producira-600-megawatts-de-energia-renovable-para-punta-cana\/"},"author":{"name":"Potencia Radiof\u00f3nica Dominicana","@id":"https:\/\/potenciaradiofonicadominicana.com\/portal\/#\/schema\/person\/a5cf1fea13877803ee0573ac18b03490"},"headline":"InterEnergy producir\u00e1 600 megawatts de energ\u00eda renovable para Punta Cana","datePublished":"2022-01-20T13:03:47+00:00","mainEntityOfPage":{"@id":"https:\/\/potenciaradiofonicadominicana.com\/portal\/interenergy-producira-600-megawatts-de-energia-renovable-para-punta-cana\/"},"wordCount":265,"commentCount":0,"publisher":{"@id":"https:\/\/potenciaradiofonicadominicana.com\/portal\/#organization"},"image":{"@id":"https:\/\/potenciaradiofonicadominicana.com\/portal\/interenergy-producira-600-megawatts-de-energia-renovable-para-punta-cana\/#primaryimage"},"thumbnailUrl":"https:\/\/potenciaradiofonicadominicana.com\/portal\/wp-content\/uploads\/2022\/01\/cepm-a27ce93f-focus-0-0-895-573.jpg","articleSection":["Econom\u00eda"],"inLanguage":"es","potentialAction":[{"@type":"CommentAction","name":"Comment","target":["https:\/\/potenciaradiofonicadominicana.com\/portal\/interenergy-producira-600-megawatts-de-energia-renovable-para-punta-cana\/#respond"]}]},{"@type":"WebPage","@id":"https:\/\/potenciaradiofonicadominicana.com\/portal\/interenergy-producira-600-megawatts-de-energia-renovable-para-punta-cana\/","url":"https:\/\/potenciaradiofonicadominicana.com\/portal\/interenergy-producira-600-megawatts-de-energia-renovable-para-punta-cana\/","name":"InterEnergy producir\u00e1 600 megawatts de energ\u00eda renovable para Punta Cana - PotenciaRadiofonicaDominicana.com","isPartOf":{"@id":"https:\/\/potenciaradiofonicadominicana.com\/portal\/#website"},"primaryImageOfPage":{"@id":"https:\/\/potenciaradiofonicadominicana.com\/portal\/interenergy-producira-600-megawatts-de-energia-renovable-para-punta-cana\/#primaryimage"},"image":{"@id":"https:\/\/potenciaradiofonicadominicana.com\/portal\/interenergy-producira-600-megawatts-de-energia-renovable-para-punta-cana\/#primaryimage"},"thumbnailUrl":"https:\/\/potenciaradiofonicadominicana.com\/portal\/wp-content\/uploads\/2022\/01\/cepm-a27ce93f-focus-0-0-895-573.jpg","datePublished":"2022-01-20T13:03:47+00:00","breadcrumb":{"@id":"https:\/\/potenciaradiofonicadominicana.com\/portal\/interenergy-producira-600-megawatts-de-energia-renovable-para-punta-cana\/#breadcrumb"},"inLanguage":"es","potentialAction":[{"@type":"ReadAction","target":["https:\/\/potenciaradiofonicadominicana.com\/portal\/interenergy-producira-600-megawatts-de-energia-renovable-para-punta-cana\/"]}]},{"@type":"ImageObject","inLanguage":"es","@id":"https:\/\/potenciaradiofonicadominicana.com\/portal\/interenergy-producira-600-megawatts-de-energia-renovable-para-punta-cana\/#primaryimage","url":"https:\/\/potenciaradiofonicadominicana.com\/portal\/wp-content\/uploads\/2022\/01\/cepm-a27ce93f-focus-0-0-895-573.jpg","contentUrl":"https:\/\/potenciaradiofonicadominicana.com\/portal\/wp-content\/uploads\/2022\/01\/cepm-a27ce93f-focus-0-0-895-573.jpg","width":895,"height":573},{"@type":"BreadcrumbList","@id":"https:\/\/potenciaradiofonicadominicana.com\/portal\/interenergy-producira-600-megawatts-de-energia-renovable-para-punta-cana\/#breadcrumb","itemListElement":[{"@type":"ListItem","position":1,"name":"Portada","item":"https:\/\/potenciaradiofonicadominicana.com\/portal\/"},{"@type":"ListItem","position":2,"name":"InterEnergy producir\u00e1 600 megawatts de energ\u00eda renovable para Punta Cana"}]},{"@type":"WebSite","@id":"https:\/\/potenciaradiofonicadominicana.com\/portal\/#website","url":"https:\/\/potenciaradiofonicadominicana.com\/portal\/","name":"PotenciaRadiofonicaDominicana.com","description":"Peri\u00f3dico Digital","publisher":{"@id":"https:\/\/potenciaradiofonicadominicana.com\/portal\/#organization"},"potentialAction":[{"@type":"SearchAction","target":{"@type":"EntryPoint","urlTemplate":"https:\/\/potenciaradiofonicadominicana.com\/portal\/?s={search_term_string}"},"query-input":{"@type":"PropertyValueSpecification","valueRequired":true,"valueName":"search_term_string"}}],"inLanguage":"es"},{"@type":"Organization","@id":"https:\/\/potenciaradiofonicadominicana.com\/portal\/#organization","name":"PotenciaRadiofonicaDominicana.com","url":"https:\/\/potenciaradiofonicadominicana.com\/portal\/","logo":{"@type":"ImageObject","inLanguage":"es","@id":"https:\/\/potenciaradiofonicadominicana.com\/portal\/#\/schema\/logo\/image\/","url":"https:\/\/potenciaradiofonicadominicana.com\/portal\/wp-content\/uploads\/2022\/01\/descarga.png","contentUrl":"https:\/\/potenciaradiofonicadominicana.com\/portal\/wp-content\/uploads\/2022\/01\/descarga.png","width":300,"height":100,"caption":"PotenciaRadiofonicaDominicana.com"},"image":{"@id":"https:\/\/potenciaradiofonicadominicana.com\/portal\/#\/schema\/logo\/image\/"},"sameAs":["https:\/\/web.facebook.com\/PotenciaRadiofonicaD"]},{"@type":"Person","@id":"https:\/\/potenciaradiofonicadominicana.com\/portal\/#\/schema\/person\/a5cf1fea13877803ee0573ac18b03490","name":"Potencia Radiof\u00f3nica Dominicana","image":{"@type":"ImageObject","inLanguage":"es","@id":"https:\/\/potenciaradiofonicadominicana.com\/portal\/#\/schema\/person\/image\/","url":"https:\/\/secure.gravatar.com\/avatar\/42a55ab9e8ccc656ba34cd791990602a?s=96&d=mm&r=g","contentUrl":"https:\/\/secure.gravatar.com\/avatar\/42a55ab9e8ccc656ba34cd791990602a?s=96&d=mm&r=g","caption":"Potencia Radiof\u00f3nica Dominicana"},"url":"https:\/\/potenciaradiofonicadominicana.com\/portal\/author\/johannyalmanzar\/"}]}},"_links":{"self":[{"href":"https:\/\/potenciaradiofonicadominicana.com\/portal\/wp-json\/wp\/v2\/posts\/113137","targetHints":{"allow":["GET"]}}],"collection":[{"href":"https:\/\/potenciaradiofonicadominicana.com\/portal\/wp-json\/wp\/v2\/posts"}],"about":[{"href":"https:\/\/potenciaradiofonicadominicana.com\/portal\/wp-json\/wp\/v2\/types\/post"}],"author":[{"embeddable":true,"href":"https:\/\/potenciaradiofonicadominicana.com\/portal\/wp-json\/wp\/v2\/users\/2"}],"replies":[{"embeddable":true,"href":"https:\/\/potenciaradiofonicadominicana.com\/portal\/wp-json\/wp\/v2\/comments?post=113137"}],"version-history":[{"count":1,"href":"https:\/\/potenciaradiofonicadominicana.com\/portal\/wp-json\/wp\/v2\/posts\/113137\/revisions"}],"predecessor-version":[{"id":113140,"href":"https:\/\/potenciaradiofonicadominicana.com\/portal\/wp-json\/wp\/v2\/posts\/113137\/revisions\/113140"}],"wp:featuredmedia":[{"embeddable":true,"href":"https:\/\/potenciaradiofonicadominicana.com\/portal\/wp-json\/wp\/v2\/media\/113138"}],"wp:attachment":[{"href":"https:\/\/potenciaradiofonicadominicana.com\/portal\/wp-json\/wp\/v2\/media?parent=113137"}],"wp:term":[{"taxonomy":"category","embeddable":true,"href":"https:\/\/potenciaradiofonicadominicana.com\/portal\/wp-json\/wp\/v2\/categories?post=113137"},{"taxonomy":"post_tag","embeddable":true,"href":"https:\/\/potenciaradiofonicadominicana.com\/portal\/wp-json\/wp\/v2\/tags?post=113137"}],"curies":[{"name":"wp","href":"https:\/\/api.w.org\/{rel}","templated":true}]}}