{"id":112890,"date":"2022-01-18T10:51:08","date_gmt":"2022-01-18T14:51:08","guid":{"rendered":"https:\/\/potenciaradiofonicadominicana.com\/portal\/?p=112890"},"modified":"2022-01-18T10:51:08","modified_gmt":"2022-01-18T14:51:08","slug":"muere-jordan-cashmyer-del-reality-show-de-mtv-embarazada-a-los-16","status":"publish","type":"post","link":"https:\/\/potenciaradiofonicadominicana.com\/portal\/muere-jordan-cashmyer-del-reality-show-de-mtv-embarazada-a-los-16\/","title":{"rendered":"Muere Jordan Cashmyer, del reality show de MTV \u00abEmbarazada a los 16\u00bb"},"content":{"rendered":"<p><a href=\"https:\/\/potenciaradiofonicadominicana.com\/portal\/wp-content\/uploads\/2022\/01\/medium_2022-01-17-1ecec1a1bc.jpg\"><img loading=\"lazy\" decoding=\"async\" class=\"alignnone size-full wp-image-112891\" src=\"https:\/\/potenciaradiofonicadominicana.com\/portal\/wp-content\/uploads\/2022\/01\/medium_2022-01-17-1ecec1a1bc.jpg\" alt=\"\" width=\"700\" height=\"450\" srcset=\"https:\/\/potenciaradiofonicadominicana.com\/portal\/wp-content\/uploads\/2022\/01\/medium_2022-01-17-1ecec1a1bc.jpg 700w, https:\/\/potenciaradiofonicadominicana.com\/portal\/wp-content\/uploads\/2022\/01\/medium_2022-01-17-1ecec1a1bc-300x193.jpg 300w\" sizes=\"auto, (max-width: 700px) 100vw, 700px\" \/><\/a><\/p>\n<p>Jordan Cashmyer, protagonista del reality show \u00abEmbarazada a los 16\u00bb, de la cadena MTV, fue encontrada muerta, informaron sus padres sin dar explicaciones de las causas. Ten\u00eda 26 a\u00f1os de edad.<\/p>\n<p>\u00abAnoche recib\u00ed una llamada que nadie que sea padre quiere recibir. Mi querida primog\u00e9nita, Jordan, ha muerto y ten\u00eda solo 26 a\u00f1os. Nuestros corazones est\u00e1n, de verdad, rotos. Ning\u00fan padre deber\u00eda tener que pasar por la p\u00e9rdida de un hijo. Jam\u00e1s\u00bb, publicaron en Facebook sus padres,\u00a0Jessica y Dennis.<\/p>\n<p>Luego agregaron: \u00abPor favor, no se olviden de nuestra familia en sus pensamientos y rezos mientras atravesamos esta horrible tragedia. Asimismo, comprendan y respeten nuestra privacidad en estos momentos. Por ahora, nos sentimos rodeados del amor y del apoyo de nuestros hijos, de nuestra nieta Lyla y de los dem\u00e1s miembros de la familia\u00bb.<\/p>\n<p>La cadena MTV envi\u00f3 su apoyo a trav\u00e9s de un mensaje de Twitter: \u00abNos ha entristecido profundamente la noticia del fallecimiento de Jordan Cashmyer. Nuestros corazones est\u00e1n con su familia y amigos durante estos dif\u00edciles momentos\u00bb.<\/p>\n<p><strong>La joven, que tuvo una vida dif\u00edcil, particip\u00f3 en la quinta temporada<\/strong>\u00a0del popular programa \u00abEmbarazada a los 16\u00bb, que mostraba la vida de adolescentes ante la inminente llegada de una hija.<\/p>\n<p>Incluso, durante la transmisi\u00f3n televisiva, a la pareja se le vio vivir sin techo y sin empleo, pr\u00e1cticamente como mendigos durante casi todo el embarazo de Jordan.<\/p>\n<p>Tras el final del reality ella termin\u00f3 su relaci\u00f3n con Derek Taylor y ante la muerte de su padre tuvo que ceder los derechos de custodia de su hija, Evie, a la madre de su ex-novio en 2015.<\/p>\n<p>En 2017, varios medios notificaron que Jordan atraves\u00f3 una crisis de adicci\u00f3n a las drogas y alcohol, siendo arrestada por posesi\u00f3n de estupefacientes, lo que fue atribuido a la p\u00e9rdida de su hija.<\/p>\n<p>Adem\u00e1s, la joven comenz\u00f3 a trabajar como bailarina en clubes nocturnos.<\/p>\n<p>El a\u00f1o pasado, 2021, la joven anunci\u00f3 que se hab\u00eda alejado de ese mundo, celebrando un a\u00f1o de sobriedad.<\/p>\n<p>A finales de 2016, otra de las protagonistas de \u00abEmbarazada a los 16\u00bb, Valerie Fairman, tambi\u00e9n fue hallada muerta, dejando hu\u00e9rfana a una ni\u00f1a de siete a\u00f1os. Hab\u00eda tenido problemas con las sustancias ilegales y con la justicia estadounidense.<\/p>\n","protected":false},"excerpt":{"rendered":"<p>Jordan Cashmyer, protagonista del reality show \u00abEmbarazada a los 16\u00bb, de la cadena MTV, fue encontrada muerta, informaron sus padres &#8230;<\/p>\n","protected":false},"author":2,"featured_media":112891,"comment_status":"open","ping_status":"open","sticky":false,"template":"","format":"standard","meta":{"footnotes":""},"categories":[31],"tags":[],"class_list":["post-112890","post","type-post","status-publish","format-standard","has-post-thumbnail","hentry","category-arte-y-espectaculo"],"yoast_head":"<!-- This site is optimized with the Yoast SEO plugin v24.8.1 - https:\/\/yoast.com\/wordpress\/plugins\/seo\/ -->\n<title>Muere Jordan Cashmyer, del reality show de MTV &quot;Embarazada a los 16&quot; - PotenciaRadiofonicaDominicana.com<\/title>\n<meta name=\"robots\" content=\"index, follow, max-snippet:-1, max-image-preview:large, max-video-preview:-1\" \/>\n<link rel=\"canonical\" href=\"https:\/\/potenciaradiofonicadominicana.com\/portal\/muere-jordan-cashmyer-del-reality-show-de-mtv-embarazada-a-los-16\/\" \/>\n<meta property=\"og:locale\" content=\"es_ES\" \/>\n<meta property=\"og:type\" content=\"article\" \/>\n<meta property=\"og:title\" content=\"Muere Jordan Cashmyer, del reality show de MTV &quot;Embarazada a los 16&quot; - PotenciaRadiofonicaDominicana.com\" \/>\n<meta property=\"og:description\" content=\"Jordan Cashmyer, protagonista del reality show \u00abEmbarazada a los 16\u00bb, de la cadena MTV, fue encontrada muerta, informaron sus padres ...\" \/>\n<meta property=\"og:url\" content=\"https:\/\/potenciaradiofonicadominicana.com\/portal\/muere-jordan-cashmyer-del-reality-show-de-mtv-embarazada-a-los-16\/\" \/>\n<meta property=\"og:site_name\" content=\"PotenciaRadiofonicaDominicana.com\" \/>\n<meta property=\"article:publisher\" content=\"https:\/\/web.facebook.com\/PotenciaRadiofonicaD\" \/>\n<meta property=\"article:published_time\" content=\"2022-01-18T14:51:08+00:00\" \/>\n<meta property=\"og:image\" content=\"https:\/\/potenciaradiofonicadominicana.com\/portal\/wp-content\/uploads\/2022\/01\/medium_2022-01-17-1ecec1a1bc.jpg\" \/>\n\t<meta property=\"og:image:width\" content=\"700\" \/>\n\t<meta property=\"og:image:height\" content=\"450\" \/>\n\t<meta property=\"og:image:type\" content=\"image\/jpeg\" \/>\n<meta name=\"author\" content=\"Potencia Radiof\u00f3nica Dominicana\" \/>\n<meta name=\"twitter:card\" content=\"summary_large_image\" \/>\n<meta name=\"twitter:label1\" content=\"Escrito por\" \/>\n\t<meta name=\"twitter:data1\" content=\"Potencia Radiof\u00f3nica Dominicana\" \/>\n\t<meta name=\"twitter:label2\" content=\"Tiempo de lectura\" \/>\n\t<meta name=\"twitter:data2\" content=\"2 minutos\" \/>\n<script type=\"application\/ld+json\" class=\"yoast-schema-graph\">{\"@context\":\"https:\/\/schema.org\",\"@graph\":[{\"@type\":\"Article\",\"@id\":\"https:\/\/potenciaradiofonicadominicana.com\/portal\/muere-jordan-cashmyer-del-reality-show-de-mtv-embarazada-a-los-16\/#article\",\"isPartOf\":{\"@id\":\"https:\/\/potenciaradiofonicadominicana.com\/portal\/muere-jordan-cashmyer-del-reality-show-de-mtv-embarazada-a-los-16\/\"},\"author\":{\"name\":\"Potencia Radiof\u00f3nica Dominicana\",\"@id\":\"https:\/\/potenciaradiofonicadominicana.com\/portal\/#\/schema\/person\/a5cf1fea13877803ee0573ac18b03490\"},\"headline\":\"Muere Jordan Cashmyer, del reality show de MTV \u00abEmbarazada a los 16\u00bb\",\"datePublished\":\"2022-01-18T14:51:08+00:00\",\"mainEntityOfPage\":{\"@id\":\"https:\/\/potenciaradiofonicadominicana.com\/portal\/muere-jordan-cashmyer-del-reality-show-de-mtv-embarazada-a-los-16\/\"},\"wordCount\":401,\"commentCount\":0,\"publisher\":{\"@id\":\"https:\/\/potenciaradiofonicadominicana.com\/portal\/#organization\"},\"image\":{\"@id\":\"https:\/\/potenciaradiofonicadominicana.com\/portal\/muere-jordan-cashmyer-del-reality-show-de-mtv-embarazada-a-los-16\/#primaryimage\"},\"thumbnailUrl\":\"https:\/\/potenciaradiofonicadominicana.com\/portal\/wp-content\/uploads\/2022\/01\/medium_2022-01-17-1ecec1a1bc.jpg\",\"articleSection\":[\"Arte y Espectaculo\"],\"inLanguage\":\"es\",\"potentialAction\":[{\"@type\":\"CommentAction\",\"name\":\"Comment\",\"target\":[\"https:\/\/potenciaradiofonicadominicana.com\/portal\/muere-jordan-cashmyer-del-reality-show-de-mtv-embarazada-a-los-16\/#respond\"]}]},{\"@type\":\"WebPage\",\"@id\":\"https:\/\/potenciaradiofonicadominicana.com\/portal\/muere-jordan-cashmyer-del-reality-show-de-mtv-embarazada-a-los-16\/\",\"url\":\"https:\/\/potenciaradiofonicadominicana.com\/portal\/muere-jordan-cashmyer-del-reality-show-de-mtv-embarazada-a-los-16\/\",\"name\":\"Muere Jordan Cashmyer, del reality show de MTV \\\"Embarazada a los 16\\\" - PotenciaRadiofonicaDominicana.com\",\"isPartOf\":{\"@id\":\"https:\/\/potenciaradiofonicadominicana.com\/portal\/#website\"},\"primaryImageOfPage\":{\"@id\":\"https:\/\/potenciaradiofonicadominicana.com\/portal\/muere-jordan-cashmyer-del-reality-show-de-mtv-embarazada-a-los-16\/#primaryimage\"},\"image\":{\"@id\":\"https:\/\/potenciaradiofonicadominicana.com\/portal\/muere-jordan-cashmyer-del-reality-show-de-mtv-embarazada-a-los-16\/#primaryimage\"},\"thumbnailUrl\":\"https:\/\/potenciaradiofonicadominicana.com\/portal\/wp-content\/uploads\/2022\/01\/medium_2022-01-17-1ecec1a1bc.jpg\",\"datePublished\":\"2022-01-18T14:51:08+00:00\",\"breadcrumb\":{\"@id\":\"https:\/\/potenciaradiofonicadominicana.com\/portal\/muere-jordan-cashmyer-del-reality-show-de-mtv-embarazada-a-los-16\/#breadcrumb\"},\"inLanguage\":\"es\",\"potentialAction\":[{\"@type\":\"ReadAction\",\"target\":[\"https:\/\/potenciaradiofonicadominicana.com\/portal\/muere-jordan-cashmyer-del-reality-show-de-mtv-embarazada-a-los-16\/\"]}]},{\"@type\":\"ImageObject\",\"inLanguage\":\"es\",\"@id\":\"https:\/\/potenciaradiofonicadominicana.com\/portal\/muere-jordan-cashmyer-del-reality-show-de-mtv-embarazada-a-los-16\/#primaryimage\",\"url\":\"https:\/\/potenciaradiofonicadominicana.com\/portal\/wp-content\/uploads\/2022\/01\/medium_2022-01-17-1ecec1a1bc.jpg\",\"contentUrl\":\"https:\/\/potenciaradiofonicadominicana.com\/portal\/wp-content\/uploads\/2022\/01\/medium_2022-01-17-1ecec1a1bc.jpg\",\"width\":700,\"height\":450},{\"@type\":\"BreadcrumbList\",\"@id\":\"https:\/\/potenciaradiofonicadominicana.com\/portal\/muere-jordan-cashmyer-del-reality-show-de-mtv-embarazada-a-los-16\/#breadcrumb\",\"itemListElement\":[{\"@type\":\"ListItem\",\"position\":1,\"name\":\"Portada\",\"item\":\"https:\/\/potenciaradiofonicadominicana.com\/portal\/\"},{\"@type\":\"ListItem\",\"position\":2,\"name\":\"Muere Jordan Cashmyer, del reality show de MTV \u00abEmbarazada a los 16\u00bb\"}]},{\"@type\":\"WebSite\",\"@id\":\"https:\/\/potenciaradiofonicadominicana.com\/portal\/#website\",\"url\":\"https:\/\/potenciaradiofonicadominicana.com\/portal\/\",\"name\":\"PotenciaRadiofonicaDominicana.com\",\"description\":\"Peri\u00f3dico Digital\",\"publisher\":{\"@id\":\"https:\/\/potenciaradiofonicadominicana.com\/portal\/#organization\"},\"potentialAction\":[{\"@type\":\"SearchAction\",\"target\":{\"@type\":\"EntryPoint\",\"urlTemplate\":\"https:\/\/potenciaradiofonicadominicana.com\/portal\/?s={search_term_string}\"},\"query-input\":{\"@type\":\"PropertyValueSpecification\",\"valueRequired\":true,\"valueName\":\"search_term_string\"}}],\"inLanguage\":\"es\"},{\"@type\":\"Organization\",\"@id\":\"https:\/\/potenciaradiofonicadominicana.com\/portal\/#organization\",\"name\":\"PotenciaRadiofonicaDominicana.com\",\"url\":\"https:\/\/potenciaradiofonicadominicana.com\/portal\/\",\"logo\":{\"@type\":\"ImageObject\",\"inLanguage\":\"es\",\"@id\":\"https:\/\/potenciaradiofonicadominicana.com\/portal\/#\/schema\/logo\/image\/\",\"url\":\"https:\/\/potenciaradiofonicadominicana.com\/portal\/wp-content\/uploads\/2022\/01\/descarga.png\",\"contentUrl\":\"https:\/\/potenciaradiofonicadominicana.com\/portal\/wp-content\/uploads\/2022\/01\/descarga.png\",\"width\":300,\"height\":100,\"caption\":\"PotenciaRadiofonicaDominicana.com\"},\"image\":{\"@id\":\"https:\/\/potenciaradiofonicadominicana.com\/portal\/#\/schema\/logo\/image\/\"},\"sameAs\":[\"https:\/\/web.facebook.com\/PotenciaRadiofonicaD\"]},{\"@type\":\"Person\",\"@id\":\"https:\/\/potenciaradiofonicadominicana.com\/portal\/#\/schema\/person\/a5cf1fea13877803ee0573ac18b03490\",\"name\":\"Potencia Radiof\u00f3nica Dominicana\",\"image\":{\"@type\":\"ImageObject\",\"inLanguage\":\"es\",\"@id\":\"https:\/\/potenciaradiofonicadominicana.com\/portal\/#\/schema\/person\/image\/\",\"url\":\"https:\/\/secure.gravatar.com\/avatar\/42a55ab9e8ccc656ba34cd791990602a?s=96&d=mm&r=g\",\"contentUrl\":\"https:\/\/secure.gravatar.com\/avatar\/42a55ab9e8ccc656ba34cd791990602a?s=96&d=mm&r=g\",\"caption\":\"Potencia Radiof\u00f3nica Dominicana\"},\"url\":\"https:\/\/potenciaradiofonicadominicana.com\/portal\/author\/johannyalmanzar\/\"}]}<\/script>\n<!-- \/ Yoast SEO plugin. -->","yoast_head_json":{"title":"Muere Jordan Cashmyer, del reality show de MTV \"Embarazada a los 16\" - PotenciaRadiofonicaDominicana.com","robots":{"index":"index","follow":"follow","max-snippet":"max-snippet:-1","max-image-preview":"max-image-preview:large","max-video-preview":"max-video-preview:-1"},"canonical":"https:\/\/potenciaradiofonicadominicana.com\/portal\/muere-jordan-cashmyer-del-reality-show-de-mtv-embarazada-a-los-16\/","og_locale":"es_ES","og_type":"article","og_title":"Muere Jordan Cashmyer, del reality show de MTV \"Embarazada a los 16\" - PotenciaRadiofonicaDominicana.com","og_description":"Jordan Cashmyer, protagonista del reality show \u00abEmbarazada a los 16\u00bb, de la cadena MTV, fue encontrada muerta, informaron sus padres ...","og_url":"https:\/\/potenciaradiofonicadominicana.com\/portal\/muere-jordan-cashmyer-del-reality-show-de-mtv-embarazada-a-los-16\/","og_site_name":"PotenciaRadiofonicaDominicana.com","article_publisher":"https:\/\/web.facebook.com\/PotenciaRadiofonicaD","article_published_time":"2022-01-18T14:51:08+00:00","og_image":[{"width":700,"height":450,"url":"https:\/\/potenciaradiofonicadominicana.com\/portal\/wp-content\/uploads\/2022\/01\/medium_2022-01-17-1ecec1a1bc.jpg","type":"image\/jpeg"}],"author":"Potencia Radiof\u00f3nica Dominicana","twitter_card":"summary_large_image","twitter_misc":{"Escrito por":"Potencia Radiof\u00f3nica Dominicana","Tiempo de lectura":"2 minutos"},"schema":{"@context":"https:\/\/schema.org","@graph":[{"@type":"Article","@id":"https:\/\/potenciaradiofonicadominicana.com\/portal\/muere-jordan-cashmyer-del-reality-show-de-mtv-embarazada-a-los-16\/#article","isPartOf":{"@id":"https:\/\/potenciaradiofonicadominicana.com\/portal\/muere-jordan-cashmyer-del-reality-show-de-mtv-embarazada-a-los-16\/"},"author":{"name":"Potencia Radiof\u00f3nica Dominicana","@id":"https:\/\/potenciaradiofonicadominicana.com\/portal\/#\/schema\/person\/a5cf1fea13877803ee0573ac18b03490"},"headline":"Muere Jordan Cashmyer, del reality show de MTV \u00abEmbarazada a los 16\u00bb","datePublished":"2022-01-18T14:51:08+00:00","mainEntityOfPage":{"@id":"https:\/\/potenciaradiofonicadominicana.com\/portal\/muere-jordan-cashmyer-del-reality-show-de-mtv-embarazada-a-los-16\/"},"wordCount":401,"commentCount":0,"publisher":{"@id":"https:\/\/potenciaradiofonicadominicana.com\/portal\/#organization"},"image":{"@id":"https:\/\/potenciaradiofonicadominicana.com\/portal\/muere-jordan-cashmyer-del-reality-show-de-mtv-embarazada-a-los-16\/#primaryimage"},"thumbnailUrl":"https:\/\/potenciaradiofonicadominicana.com\/portal\/wp-content\/uploads\/2022\/01\/medium_2022-01-17-1ecec1a1bc.jpg","articleSection":["Arte y Espectaculo"],"inLanguage":"es","potentialAction":[{"@type":"CommentAction","name":"Comment","target":["https:\/\/potenciaradiofonicadominicana.com\/portal\/muere-jordan-cashmyer-del-reality-show-de-mtv-embarazada-a-los-16\/#respond"]}]},{"@type":"WebPage","@id":"https:\/\/potenciaradiofonicadominicana.com\/portal\/muere-jordan-cashmyer-del-reality-show-de-mtv-embarazada-a-los-16\/","url":"https:\/\/potenciaradiofonicadominicana.com\/portal\/muere-jordan-cashmyer-del-reality-show-de-mtv-embarazada-a-los-16\/","name":"Muere Jordan Cashmyer, del reality show de MTV \"Embarazada a los 16\" - PotenciaRadiofonicaDominicana.com","isPartOf":{"@id":"https:\/\/potenciaradiofonicadominicana.com\/portal\/#website"},"primaryImageOfPage":{"@id":"https:\/\/potenciaradiofonicadominicana.com\/portal\/muere-jordan-cashmyer-del-reality-show-de-mtv-embarazada-a-los-16\/#primaryimage"},"image":{"@id":"https:\/\/potenciaradiofonicadominicana.com\/portal\/muere-jordan-cashmyer-del-reality-show-de-mtv-embarazada-a-los-16\/#primaryimage"},"thumbnailUrl":"https:\/\/potenciaradiofonicadominicana.com\/portal\/wp-content\/uploads\/2022\/01\/medium_2022-01-17-1ecec1a1bc.jpg","datePublished":"2022-01-18T14:51:08+00:00","breadcrumb":{"@id":"https:\/\/potenciaradiofonicadominicana.com\/portal\/muere-jordan-cashmyer-del-reality-show-de-mtv-embarazada-a-los-16\/#breadcrumb"},"inLanguage":"es","potentialAction":[{"@type":"ReadAction","target":["https:\/\/potenciaradiofonicadominicana.com\/portal\/muere-jordan-cashmyer-del-reality-show-de-mtv-embarazada-a-los-16\/"]}]},{"@type":"ImageObject","inLanguage":"es","@id":"https:\/\/potenciaradiofonicadominicana.com\/portal\/muere-jordan-cashmyer-del-reality-show-de-mtv-embarazada-a-los-16\/#primaryimage","url":"https:\/\/potenciaradiofonicadominicana.com\/portal\/wp-content\/uploads\/2022\/01\/medium_2022-01-17-1ecec1a1bc.jpg","contentUrl":"https:\/\/potenciaradiofonicadominicana.com\/portal\/wp-content\/uploads\/2022\/01\/medium_2022-01-17-1ecec1a1bc.jpg","width":700,"height":450},{"@type":"BreadcrumbList","@id":"https:\/\/potenciaradiofonicadominicana.com\/portal\/muere-jordan-cashmyer-del-reality-show-de-mtv-embarazada-a-los-16\/#breadcrumb","itemListElement":[{"@type":"ListItem","position":1,"name":"Portada","item":"https:\/\/potenciaradiofonicadominicana.com\/portal\/"},{"@type":"ListItem","position":2,"name":"Muere Jordan Cashmyer, del reality show de MTV \u00abEmbarazada a los 16\u00bb"}]},{"@type":"WebSite","@id":"https:\/\/potenciaradiofonicadominicana.com\/portal\/#website","url":"https:\/\/potenciaradiofonicadominicana.com\/portal\/","name":"PotenciaRadiofonicaDominicana.com","description":"Peri\u00f3dico Digital","publisher":{"@id":"https:\/\/potenciaradiofonicadominicana.com\/portal\/#organization"},"potentialAction":[{"@type":"SearchAction","target":{"@type":"EntryPoint","urlTemplate":"https:\/\/potenciaradiofonicadominicana.com\/portal\/?s={search_term_string}"},"query-input":{"@type":"PropertyValueSpecification","valueRequired":true,"valueName":"search_term_string"}}],"inLanguage":"es"},{"@type":"Organization","@id":"https:\/\/potenciaradiofonicadominicana.com\/portal\/#organization","name":"PotenciaRadiofonicaDominicana.com","url":"https:\/\/potenciaradiofonicadominicana.com\/portal\/","logo":{"@type":"ImageObject","inLanguage":"es","@id":"https:\/\/potenciaradiofonicadominicana.com\/portal\/#\/schema\/logo\/image\/","url":"https:\/\/potenciaradiofonicadominicana.com\/portal\/wp-content\/uploads\/2022\/01\/descarga.png","contentUrl":"https:\/\/potenciaradiofonicadominicana.com\/portal\/wp-content\/uploads\/2022\/01\/descarga.png","width":300,"height":100,"caption":"PotenciaRadiofonicaDominicana.com"},"image":{"@id":"https:\/\/potenciaradiofonicadominicana.com\/portal\/#\/schema\/logo\/image\/"},"sameAs":["https:\/\/web.facebook.com\/PotenciaRadiofonicaD"]},{"@type":"Person","@id":"https:\/\/potenciaradiofonicadominicana.com\/portal\/#\/schema\/person\/a5cf1fea13877803ee0573ac18b03490","name":"Potencia Radiof\u00f3nica Dominicana","image":{"@type":"ImageObject","inLanguage":"es","@id":"https:\/\/potenciaradiofonicadominicana.com\/portal\/#\/schema\/person\/image\/","url":"https:\/\/secure.gravatar.com\/avatar\/42a55ab9e8ccc656ba34cd791990602a?s=96&d=mm&r=g","contentUrl":"https:\/\/secure.gravatar.com\/avatar\/42a55ab9e8ccc656ba34cd791990602a?s=96&d=mm&r=g","caption":"Potencia Radiof\u00f3nica Dominicana"},"url":"https:\/\/potenciaradiofonicadominicana.com\/portal\/author\/johannyalmanzar\/"}]}},"_links":{"self":[{"href":"https:\/\/potenciaradiofonicadominicana.com\/portal\/wp-json\/wp\/v2\/posts\/112890","targetHints":{"allow":["GET"]}}],"collection":[{"href":"https:\/\/potenciaradiofonicadominicana.com\/portal\/wp-json\/wp\/v2\/posts"}],"about":[{"href":"https:\/\/potenciaradiofonicadominicana.com\/portal\/wp-json\/wp\/v2\/types\/post"}],"author":[{"embeddable":true,"href":"https:\/\/potenciaradiofonicadominicana.com\/portal\/wp-json\/wp\/v2\/users\/2"}],"replies":[{"embeddable":true,"href":"https:\/\/potenciaradiofonicadominicana.com\/portal\/wp-json\/wp\/v2\/comments?post=112890"}],"version-history":[{"count":1,"href":"https:\/\/potenciaradiofonicadominicana.com\/portal\/wp-json\/wp\/v2\/posts\/112890\/revisions"}],"predecessor-version":[{"id":112892,"href":"https:\/\/potenciaradiofonicadominicana.com\/portal\/wp-json\/wp\/v2\/posts\/112890\/revisions\/112892"}],"wp:featuredmedia":[{"embeddable":true,"href":"https:\/\/potenciaradiofonicadominicana.com\/portal\/wp-json\/wp\/v2\/media\/112891"}],"wp:attachment":[{"href":"https:\/\/potenciaradiofonicadominicana.com\/portal\/wp-json\/wp\/v2\/media?parent=112890"}],"wp:term":[{"taxonomy":"category","embeddable":true,"href":"https:\/\/potenciaradiofonicadominicana.com\/portal\/wp-json\/wp\/v2\/categories?post=112890"},{"taxonomy":"post_tag","embeddable":true,"href":"https:\/\/potenciaradiofonicadominicana.com\/portal\/wp-json\/wp\/v2\/tags?post=112890"}],"curies":[{"name":"wp","href":"https:\/\/api.w.org\/{rel}","templated":true}]}}